{"id":118596,"date":"2022-07-13T20:36:25","date_gmt":"2022-07-13T18:36:25","guid":{"rendered":"http:\/\/fr.motocrossmag.be\/?p=118596"},"modified":"2022-07-13T20:36:25","modified_gmt":"2022-07-13T18:36:25","slug":"mxgp-a-loket-le-programme-du-week-end","status":"publish","type":"post","link":"https:\/\/fr.motocrossmag.be\/index.php\/2022\/07\/mxgp-a-loket-le-programme-du-week-end\/","title":{"rendered":"MXGP \u00e0 Loket : le programme du week-end"},"content":{"rendered":"<p><strong>C&rsquo;est un week-end particuli\u00e8rement charg\u00e9 que l&rsquo;on s&rsquo;appr\u00eate \u00e0 vivre \u00e0 Loket ces 16 et 17 juillet. Le treizi\u00e8me round de la saison MXGP accueille en effet une fois de plus la finale des championnats europ\u00e9ens 65 et 85cc, en plus des cat\u00e9gories EMX2T et MXE.<\/strong><\/p>\n<p>Situ\u00e9 \u00e0 25 kilom\u00e8tres \u00e0 peine de Prague, le circuit tch\u00e8que est un trac\u00e9 old-school tr\u00e8s appr\u00e9ci\u00e9. Apparu pour la premi\u00e8re fois sur le calendrier mondial en 1995, il accueille ce weekend pour la 25\u00e8me fois de son histoire un GP de motocross.<\/p>\n<p>En 2009, Cl\u00e9ment Desalle avait remport\u00e9 \u00e0 Loket le premier GP de sa carri\u00e8re.<\/p>\n<p style=\"padding-left: 30px;\">\n<p><span style=\"color: #ff0000;\"><b>Timing GP Loket<\/b><\/span><\/p>\n<p><b>SAMEDI 16 JUILLET<\/b><\/p>\n<ul>\n<li>07:20 EMX2t Free Practice<\/li>\n<li>07:45 EMX65 Free Practice<\/li>\n<li>08:10 EMX85 Free Practice<\/li>\n<li>08:40 MXE Time Practice<\/li>\n<li>09:00 EMX2t Qualifying Practice<\/li>\n<li>09:35 EMX65 Qualifying Practice<\/li>\n<li>10:10 EMX85 Qualifying Practice<\/li>\n<li>10:50 MX2 Free Practice<\/li>\n<li>11:20 MXGP Free Practice<\/li>\n<li>12:15 MXE Race 1<\/li>\n<li>12:45 EMX2t Race 1<\/li>\n<li>13:25 MX2 Time Practice<\/li>\n<li>14:00 MXGP Time Practice<\/li>\n<li>14:45 EMX65 Race 1<\/li>\n<li>15:25 EMX85 Race 1<\/li>\n<li>16:25 MX2 Qualifying Race<\/li>\n<li>17:19 MXGP Qualifying Race<\/li>\n<li>17:50 MXE Race 2<\/li>\n<\/ul>\n<p><b>DIMANCHE 17 JUILLET<\/b><\/p>\n<ul>\n<li>08:40 EMX2t Race 2<\/li>\n<li>09:20 MXE Time Practice<\/li>\n<li>09:55 EMX65 Race 2<\/li>\n<li>10:25 MX2 Warm-up<\/li>\n<li>10:45 MXGP Warm-up<\/li>\n<li>11:30 EMX85 Race 2<\/li>\n<li>12:40 MXE Race 1<\/li>\n<li>13:15 MX2 Race 1<\/li>\n<li>14:15 MXGP Race 1<\/li>\n<li>15:40 MXE Race 2<\/li>\n<li>16:10 MX2 Race 2<\/li>\n<li>17:10 MXGP Race 2<\/li>\n<\/ul>\n","protected":false},"excerpt":{"rendered":"<p>C&rsquo;est un week-end particuli\u00e8rement charg\u00e9 que l&rsquo;on s&rsquo;appr\u00eate \u00e0 vivre \u00e0 Loket ces 16 et 17 juillet. Le treizi\u00e8me round de la saison MXGP accueille en effet une fois de [&#8230;]<\/p>\n","protected":false},"author":932,"featured_media":90132,"comment_status":"open","ping_status":"closed","sticky":false,"template":"","format":"standard","meta":{"footnotes":""},"categories":[54,128,44,4,6,5,45,55,65],"tags":[1165,200,947,568],"class_list":["post-118596","post","type-post","status-publish","format-standard","has-post-thumbnail","hentry","category-actualite","category-emx-125-emx2","category-kids","category-motocross","category-mx1mx2","category-news","category-news-kids","category-news-actualite","category-slideshow","tag-emx","tag-loket","tag-motocross","tag-mxgp"],"yoast_head":"<!-- This site is optimized with the Yoast SEO plugin v27.4 - https:\/\/yoast.com\/product\/yoast-seo-wordpress\/ -->\n<title>MXGP \u00e0 Loket : le programme du week-end - Motocross - Enduro - Supermoto | MotocrossMag<\/title>\n<meta name=\"robots\" content=\"index, follow, max-snippet:-1, max-image-preview:large, max-video-preview:-1\" \/>\n<link rel=\"canonical\" href=\"https:\/\/fr.motocrossmag.be\/index.php\/2022\/07\/mxgp-a-loket-le-programme-du-week-end\/\" \/>\n<meta property=\"og:locale\" content=\"fr_FR\" \/>\n<meta property=\"og:type\" content=\"article\" \/>\n<meta property=\"og:title\" content=\"MXGP \u00e0 Loket : le programme du week-end - Motocross - Enduro - Supermoto | MotocrossMag\" \/>\n<meta property=\"og:description\" content=\"C&rsquo;est un week-end particuli\u00e8rement charg\u00e9 que l&rsquo;on s&rsquo;appr\u00eate \u00e0 vivre \u00e0 Loket ces 16 et 17 juillet. Le treizi\u00e8me round de la saison MXGP accueille en effet une fois de [...]\" \/>\n<meta property=\"og:url\" content=\"https:\/\/fr.motocrossmag.be\/index.php\/2022\/07\/mxgp-a-loket-le-programme-du-week-end\/\" \/>\n<meta property=\"og:site_name\" content=\"Motocross - Enduro - Supermoto | MotocrossMag\" \/>\n<meta property=\"article:published_time\" content=\"2022-07-13T18:36:25+00:00\" \/>\n<meta property=\"og:image\" content=\"https:\/\/fr.motocrossmag.be\/wp-content\/uploads\/2019\/06\/EMX85-mxmag-NK1D8369.jpg\" \/>\n\t<meta property=\"og:image:width\" content=\"1000\" \/>\n\t<meta property=\"og:image:height\" content=\"666\" \/>\n\t<meta property=\"og:image:type\" content=\"image\/jpeg\" \/>\n<meta name=\"author\" content=\"oliviere\" \/>\n<meta name=\"twitter:card\" content=\"summary_large_image\" \/>\n<meta name=\"twitter:label1\" content=\"\u00c9crit par\" \/>\n\t<meta name=\"twitter:data1\" content=\"oliviere\" \/>\n\t<meta name=\"twitter:label2\" content=\"Dur\u00e9e de lecture estim\u00e9e\" \/>\n\t<meta name=\"twitter:data2\" content=\"1 minute\" \/>\n<script type=\"application\/ld+json\" class=\"yoast-schema-graph\">{\"@context\":\"https:\\\/\\\/schema.org\",\"@graph\":[{\"@type\":\"Article\",\"@id\":\"https:\\\/\\\/fr.motocrossmag.be\\\/index.php\\\/2022\\\/07\\\/mxgp-a-loket-le-programme-du-week-end\\\/#article\",\"isPartOf\":{\"@id\":\"https:\\\/\\\/fr.motocrossmag.be\\\/index.php\\\/2022\\\/07\\\/mxgp-a-loket-le-programme-du-week-end\\\/\"},\"author\":{\"name\":\"oliviere\",\"@id\":\"https:\\\/\\\/fr.motocrossmag.be\\\/#\\\/schema\\\/person\\\/11b47143d9f755babca2c9110e03235c\"},\"headline\":\"MXGP \u00e0 Loket : le programme du week-end\",\"datePublished\":\"2022-07-13T18:36:25+00:00\",\"mainEntityOfPage\":{\"@id\":\"https:\\\/\\\/fr.motocrossmag.be\\\/index.php\\\/2022\\\/07\\\/mxgp-a-loket-le-programme-du-week-end\\\/\"},\"wordCount\":199,\"commentCount\":0,\"image\":{\"@id\":\"https:\\\/\\\/fr.motocrossmag.be\\\/index.php\\\/2022\\\/07\\\/mxgp-a-loket-le-programme-du-week-end\\\/#primaryimage\"},\"thumbnailUrl\":\"https:\\\/\\\/fr.motocrossmag.be\\\/wp-content\\\/uploads\\\/2019\\\/06\\\/EMX85-mxmag-NK1D8369.jpg\",\"keywords\":[\"EMX\",\"Loket\",\"Motocross\",\"MXGP\"],\"articleSection\":[\"Actualit\u00e9\",\"EMX\",\"Kids\",\"Motocross\",\"Motocross MXGP\",\"News\",\"News\",\"News\",\"Slideshow\"],\"inLanguage\":\"fr-FR\",\"potentialAction\":[{\"@type\":\"CommentAction\",\"name\":\"Comment\",\"target\":[\"https:\\\/\\\/fr.motocrossmag.be\\\/index.php\\\/2022\\\/07\\\/mxgp-a-loket-le-programme-du-week-end\\\/#respond\"]}]},{\"@type\":\"WebPage\",\"@id\":\"https:\\\/\\\/fr.motocrossmag.be\\\/index.php\\\/2022\\\/07\\\/mxgp-a-loket-le-programme-du-week-end\\\/\",\"url\":\"https:\\\/\\\/fr.motocrossmag.be\\\/index.php\\\/2022\\\/07\\\/mxgp-a-loket-le-programme-du-week-end\\\/\",\"name\":\"MXGP \u00e0 Loket : le programme du week-end - Motocross - Enduro - Supermoto | MotocrossMag\",\"isPartOf\":{\"@id\":\"https:\\\/\\\/fr.motocrossmag.be\\\/#website\"},\"primaryImageOfPage\":{\"@id\":\"https:\\\/\\\/fr.motocrossmag.be\\\/index.php\\\/2022\\\/07\\\/mxgp-a-loket-le-programme-du-week-end\\\/#primaryimage\"},\"image\":{\"@id\":\"https:\\\/\\\/fr.motocrossmag.be\\\/index.php\\\/2022\\\/07\\\/mxgp-a-loket-le-programme-du-week-end\\\/#primaryimage\"},\"thumbnailUrl\":\"https:\\\/\\\/fr.motocrossmag.be\\\/wp-content\\\/uploads\\\/2019\\\/06\\\/EMX85-mxmag-NK1D8369.jpg\",\"datePublished\":\"2022-07-13T18:36:25+00:00\",\"author\":{\"@id\":\"https:\\\/\\\/fr.motocrossmag.be\\\/#\\\/schema\\\/person\\\/11b47143d9f755babca2c9110e03235c\"},\"breadcrumb\":{\"@id\":\"https:\\\/\\\/fr.motocrossmag.be\\\/index.php\\\/2022\\\/07\\\/mxgp-a-loket-le-programme-du-week-end\\\/#breadcrumb\"},\"inLanguage\":\"fr-FR\",\"potentialAction\":[{\"@type\":\"ReadAction\",\"target\":[\"https:\\\/\\\/fr.motocrossmag.be\\\/index.php\\\/2022\\\/07\\\/mxgp-a-loket-le-programme-du-week-end\\\/\"]}]},{\"@type\":\"ImageObject\",\"inLanguage\":\"fr-FR\",\"@id\":\"https:\\\/\\\/fr.motocrossmag.be\\\/index.php\\\/2022\\\/07\\\/mxgp-a-loket-le-programme-du-week-end\\\/#primaryimage\",\"url\":\"https:\\\/\\\/fr.motocrossmag.be\\\/wp-content\\\/uploads\\\/2019\\\/06\\\/EMX85-mxmag-NK1D8369.jpg\",\"contentUrl\":\"https:\\\/\\\/fr.motocrossmag.be\\\/wp-content\\\/uploads\\\/2019\\\/06\\\/EMX85-mxmag-NK1D8369.jpg\",\"width\":1000,\"height\":666},{\"@type\":\"BreadcrumbList\",\"@id\":\"https:\\\/\\\/fr.motocrossmag.be\\\/index.php\\\/2022\\\/07\\\/mxgp-a-loket-le-programme-du-week-end\\\/#breadcrumb\",\"itemListElement\":[{\"@type\":\"ListItem\",\"position\":1,\"name\":\"Accueil\",\"item\":\"https:\\\/\\\/fr.motocrossmag.be\\\/\"},{\"@type\":\"ListItem\",\"position\":2,\"name\":\"MXGP \u00e0 Loket : le programme du week-end\"}]},{\"@type\":\"WebSite\",\"@id\":\"https:\\\/\\\/fr.motocrossmag.be\\\/#website\",\"url\":\"https:\\\/\\\/fr.motocrossmag.be\\\/\",\"name\":\"Motocross - Enduro - Supermoto | MotocrossMag\",\"description\":\"L&#039;actualit\u00e9 du motocross, de l&#039;enduro et du Supermoto en ligne!\",\"potentialAction\":[{\"@type\":\"SearchAction\",\"target\":{\"@type\":\"EntryPoint\",\"urlTemplate\":\"https:\\\/\\\/fr.motocrossmag.be\\\/?s={search_term_string}\"},\"query-input\":{\"@type\":\"PropertyValueSpecification\",\"valueRequired\":true,\"valueName\":\"search_term_string\"}}],\"inLanguage\":\"fr-FR\"},{\"@type\":\"Person\",\"@id\":\"https:\\\/\\\/fr.motocrossmag.be\\\/#\\\/schema\\\/person\\\/11b47143d9f755babca2c9110e03235c\",\"name\":\"oliviere\",\"image\":{\"@type\":\"ImageObject\",\"inLanguage\":\"fr-FR\",\"@id\":\"https:\\\/\\\/secure.gravatar.com\\\/avatar\\\/907069e0b81d119452040469e4a7501da1100f54f7f80180ce77bfab718288f6?s=96&d=mm&r=g\",\"url\":\"https:\\\/\\\/secure.gravatar.com\\\/avatar\\\/907069e0b81d119452040469e4a7501da1100f54f7f80180ce77bfab718288f6?s=96&d=mm&r=g\",\"contentUrl\":\"https:\\\/\\\/secure.gravatar.com\\\/avatar\\\/907069e0b81d119452040469e4a7501da1100f54f7f80180ce77bfab718288f6?s=96&d=mm&r=g\",\"caption\":\"oliviere\"},\"sameAs\":[\"http:\\\/\\\/www.motocrossmag.be\"],\"url\":\"https:\\\/\\\/fr.motocrossmag.be\\\/index.php\\\/author\\\/oliviere\\\/\"}]}<\/script>\n<!-- \/ Yoast SEO plugin. -->","yoast_head_json":{"title":"MXGP \u00e0 Loket : le programme du week-end - Motocross - Enduro - Supermoto | MotocrossMag","robots":{"index":"index","follow":"follow","max-snippet":"max-snippet:-1","max-image-preview":"max-image-preview:large","max-video-preview":"max-video-preview:-1"},"canonical":"https:\/\/fr.motocrossmag.be\/index.php\/2022\/07\/mxgp-a-loket-le-programme-du-week-end\/","og_locale":"fr_FR","og_type":"article","og_title":"MXGP \u00e0 Loket : le programme du week-end - Motocross - Enduro - Supermoto | MotocrossMag","og_description":"C&rsquo;est un week-end particuli\u00e8rement charg\u00e9 que l&rsquo;on s&rsquo;appr\u00eate \u00e0 vivre \u00e0 Loket ces 16 et 17 juillet. Le treizi\u00e8me round de la saison MXGP accueille en effet une fois de [...]","og_url":"https:\/\/fr.motocrossmag.be\/index.php\/2022\/07\/mxgp-a-loket-le-programme-du-week-end\/","og_site_name":"Motocross - Enduro - Supermoto | MotocrossMag","article_published_time":"2022-07-13T18:36:25+00:00","og_image":[{"width":1000,"height":666,"url":"https:\/\/fr.motocrossmag.be\/wp-content\/uploads\/2019\/06\/EMX85-mxmag-NK1D8369.jpg","type":"image\/jpeg"}],"author":"oliviere","twitter_card":"summary_large_image","twitter_misc":{"\u00c9crit par":"oliviere","Dur\u00e9e de lecture estim\u00e9e":"1 minute"},"schema":{"@context":"https:\/\/schema.org","@graph":[{"@type":"Article","@id":"https:\/\/fr.motocrossmag.be\/index.php\/2022\/07\/mxgp-a-loket-le-programme-du-week-end\/#article","isPartOf":{"@id":"https:\/\/fr.motocrossmag.be\/index.php\/2022\/07\/mxgp-a-loket-le-programme-du-week-end\/"},"author":{"name":"oliviere","@id":"https:\/\/fr.motocrossmag.be\/#\/schema\/person\/11b47143d9f755babca2c9110e03235c"},"headline":"MXGP \u00e0 Loket : le programme du week-end","datePublished":"2022-07-13T18:36:25+00:00","mainEntityOfPage":{"@id":"https:\/\/fr.motocrossmag.be\/index.php\/2022\/07\/mxgp-a-loket-le-programme-du-week-end\/"},"wordCount":199,"commentCount":0,"image":{"@id":"https:\/\/fr.motocrossmag.be\/index.php\/2022\/07\/mxgp-a-loket-le-programme-du-week-end\/#primaryimage"},"thumbnailUrl":"https:\/\/fr.motocrossmag.be\/wp-content\/uploads\/2019\/06\/EMX85-mxmag-NK1D8369.jpg","keywords":["EMX","Loket","Motocross","MXGP"],"articleSection":["Actualit\u00e9","EMX","Kids","Motocross","Motocross MXGP","News","News","News","Slideshow"],"inLanguage":"fr-FR","potentialAction":[{"@type":"CommentAction","name":"Comment","target":["https:\/\/fr.motocrossmag.be\/index.php\/2022\/07\/mxgp-a-loket-le-programme-du-week-end\/#respond"]}]},{"@type":"WebPage","@id":"https:\/\/fr.motocrossmag.be\/index.php\/2022\/07\/mxgp-a-loket-le-programme-du-week-end\/","url":"https:\/\/fr.motocrossmag.be\/index.php\/2022\/07\/mxgp-a-loket-le-programme-du-week-end\/","name":"MXGP \u00e0 Loket : le programme du week-end - Motocross - Enduro - Supermoto | MotocrossMag","isPartOf":{"@id":"https:\/\/fr.motocrossmag.be\/#website"},"primaryImageOfPage":{"@id":"https:\/\/fr.motocrossmag.be\/index.php\/2022\/07\/mxgp-a-loket-le-programme-du-week-end\/#primaryimage"},"image":{"@id":"https:\/\/fr.motocrossmag.be\/index.php\/2022\/07\/mxgp-a-loket-le-programme-du-week-end\/#primaryimage"},"thumbnailUrl":"https:\/\/fr.motocrossmag.be\/wp-content\/uploads\/2019\/06\/EMX85-mxmag-NK1D8369.jpg","datePublished":"2022-07-13T18:36:25+00:00","author":{"@id":"https:\/\/fr.motocrossmag.be\/#\/schema\/person\/11b47143d9f755babca2c9110e03235c"},"breadcrumb":{"@id":"https:\/\/fr.motocrossmag.be\/index.php\/2022\/07\/mxgp-a-loket-le-programme-du-week-end\/#breadcrumb"},"inLanguage":"fr-FR","potentialAction":[{"@type":"ReadAction","target":["https:\/\/fr.motocrossmag.be\/index.php\/2022\/07\/mxgp-a-loket-le-programme-du-week-end\/"]}]},{"@type":"ImageObject","inLanguage":"fr-FR","@id":"https:\/\/fr.motocrossmag.be\/index.php\/2022\/07\/mxgp-a-loket-le-programme-du-week-end\/#primaryimage","url":"https:\/\/fr.motocrossmag.be\/wp-content\/uploads\/2019\/06\/EMX85-mxmag-NK1D8369.jpg","contentUrl":"https:\/\/fr.motocrossmag.be\/wp-content\/uploads\/2019\/06\/EMX85-mxmag-NK1D8369.jpg","width":1000,"height":666},{"@type":"BreadcrumbList","@id":"https:\/\/fr.motocrossmag.be\/index.php\/2022\/07\/mxgp-a-loket-le-programme-du-week-end\/#breadcrumb","itemListElement":[{"@type":"ListItem","position":1,"name":"Accueil","item":"https:\/\/fr.motocrossmag.be\/"},{"@type":"ListItem","position":2,"name":"MXGP \u00e0 Loket : le programme du week-end"}]},{"@type":"WebSite","@id":"https:\/\/fr.motocrossmag.be\/#website","url":"https:\/\/fr.motocrossmag.be\/","name":"Motocross - Enduro - Supermoto | MotocrossMag","description":"L&#039;actualit\u00e9 du motocross, de l&#039;enduro et du Supermoto en ligne!","potentialAction":[{"@type":"SearchAction","target":{"@type":"EntryPoint","urlTemplate":"https:\/\/fr.motocrossmag.be\/?s={search_term_string}"},"query-input":{"@type":"PropertyValueSpecification","valueRequired":true,"valueName":"search_term_string"}}],"inLanguage":"fr-FR"},{"@type":"Person","@id":"https:\/\/fr.motocrossmag.be\/#\/schema\/person\/11b47143d9f755babca2c9110e03235c","name":"oliviere","image":{"@type":"ImageObject","inLanguage":"fr-FR","@id":"https:\/\/secure.gravatar.com\/avatar\/907069e0b81d119452040469e4a7501da1100f54f7f80180ce77bfab718288f6?s=96&d=mm&r=g","url":"https:\/\/secure.gravatar.com\/avatar\/907069e0b81d119452040469e4a7501da1100f54f7f80180ce77bfab718288f6?s=96&d=mm&r=g","contentUrl":"https:\/\/secure.gravatar.com\/avatar\/907069e0b81d119452040469e4a7501da1100f54f7f80180ce77bfab718288f6?s=96&d=mm&r=g","caption":"oliviere"},"sameAs":["http:\/\/www.motocrossmag.be"],"url":"https:\/\/fr.motocrossmag.be\/index.php\/author\/oliviere\/"}]}},"_links":{"self":[{"href":"https:\/\/fr.motocrossmag.be\/index.php\/wp-json\/wp\/v2\/posts\/118596","targetHints":{"allow":["GET"]}}],"collection":[{"href":"https:\/\/fr.motocrossmag.be\/index.php\/wp-json\/wp\/v2\/posts"}],"about":[{"href":"https:\/\/fr.motocrossmag.be\/index.php\/wp-json\/wp\/v2\/types\/post"}],"author":[{"embeddable":true,"href":"https:\/\/fr.motocrossmag.be\/index.php\/wp-json\/wp\/v2\/users\/932"}],"replies":[{"embeddable":true,"href":"https:\/\/fr.motocrossmag.be\/index.php\/wp-json\/wp\/v2\/comments?post=118596"}],"version-history":[{"count":0,"href":"https:\/\/fr.motocrossmag.be\/index.php\/wp-json\/wp\/v2\/posts\/118596\/revisions"}],"wp:featuredmedia":[{"embeddable":true,"href":"https:\/\/fr.motocrossmag.be\/index.php\/wp-json\/wp\/v2\/media\/90132"}],"wp:attachment":[{"href":"https:\/\/fr.motocrossmag.be\/index.php\/wp-json\/wp\/v2\/media?parent=118596"}],"wp:term":[{"taxonomy":"category","embeddable":true,"href":"https:\/\/fr.motocrossmag.be\/index.php\/wp-json\/wp\/v2\/categories?post=118596"},{"taxonomy":"post_tag","embeddable":true,"href":"https:\/\/fr.motocrossmag.be\/index.php\/wp-json\/wp\/v2\/tags?post=118596"}],"curies":[{"name":"wp","href":"https:\/\/api.w.org\/{rel}","templated":true}]}}