{"id":118597,"date":"2022-07-13T21:03:51","date_gmt":"2022-07-13T19:03:51","guid":{"rendered":"http:\/\/fr.motocrossmag.be\/?p=118597"},"modified":"2022-07-13T21:03:51","modified_gmt":"2022-07-13T19:03:51","slug":"suzuki-annonce-larret-de-toutes-ses-activites-sportives","status":"publish","type":"post","link":"https:\/\/fr.motocrossmag.be\/index.php\/2022\/07\/suzuki-annonce-larret-de-toutes-ses-activites-sportives\/","title":{"rendered":"Suzuki annonce l&rsquo;arr\u00eat de toutes ses activit\u00e9s sportives"},"content":{"rendered":"<p><strong>Depuis son retrait progressif des championnats de motocross et l&rsquo;arr\u00eat brutal de sa collaboration avec l&rsquo;equipe de Stefan Everts en 2018, la situation semble compliqu\u00e9e pour Suzuki. A pr\u00e9sent, la marque annonce l&rsquo;arr\u00eat de tous ses programmes sportifs \u00e0 la fin de cette ann\u00e9e.<\/strong><\/p>\n<p>Si le retrait soudain de Suzuki du championnat MXGP avait surpris beaucoup de monde \u00e0 l&rsquo;\u00e9poque, l&rsquo;annonce au printemps dernier de son retrait du championnat MotoGP avait \u00e9galement fait l&rsquo;effet d&rsquo;une bombe dans le petit monde du championnat motocycliste le plus prestigieux de la plan\u00e8te. A l&rsquo;\u00e9poque, Suzuki n&rsquo;avait pas pris la peine de vraiment justifier cette d\u00e9cision mais beaucoup supposaient que la firme d&rsquo;Hamamatsu entendait r\u00e9duire ses investissements dans la comp\u00e9tition afin de se donner les moyens de se sortir d&rsquo;une \u00e9ventuelle condamnation dans une affaire de logiciels anti-pollution truqu\u00e9s dans laquelle Suzuki est impliqu\u00e9.<\/p>\n<p>A pr\u00e9sent, la marque communique de nouveau, avec plus de d\u00e9tails, et annonce carr\u00e9ment la fin de tous ses programmes sportifs, ce qui inclut le MotoGP mais aussi le championnat du monde d&rsquo;endurance, championnat sur lequel notre compatriote Xavier Sim\u00e9on est engag\u00e9 avec Suzuki.<\/p>\n<p>Dans son communiqu\u00e9, Suzuki \u00e9voque la volont\u00e9 de d\u00e9gager des moyens suppl\u00e9mentaires pour de nouveaux projets, notamment en mati\u00e8re de durabilit\u00e9.<\/p>\n","protected":false},"excerpt":{"rendered":"<p>Depuis son retrait progressif des championnats de motocross et l&rsquo;arr\u00eat brutal de sa collaboration avec l&rsquo;equipe de Stefan Everts en 2018, la situation semble compliqu\u00e9e pour Suzuki. A pr\u00e9sent, la [&#8230;]<\/p>\n","protected":false},"author":932,"featured_media":64204,"comment_status":"open","ping_status":"closed","sticky":false,"template":"","format":"standard","meta":{"footnotes":""},"categories":[54,4,6,5,55,65],"tags":[947,148],"class_list":["post-118597","post","type-post","status-publish","format-standard","has-post-thumbnail","hentry","category-actualite","category-motocross","category-mx1mx2","category-news","category-news-actualite","category-slideshow","tag-motocross","tag-suzuki"],"yoast_head":"<!-- This site is optimized with the Yoast SEO plugin v27.4 - https:\/\/yoast.com\/product\/yoast-seo-wordpress\/ -->\n<title>Suzuki annonce l&#039;arr\u00eat de toutes ses activit\u00e9s sportives - Motocross - Enduro - Supermoto | MotocrossMag<\/title>\n<meta name=\"robots\" content=\"index, follow, max-snippet:-1, max-image-preview:large, max-video-preview:-1\" \/>\n<link rel=\"canonical\" href=\"https:\/\/fr.motocrossmag.be\/index.php\/2022\/07\/suzuki-annonce-larret-de-toutes-ses-activites-sportives\/\" \/>\n<meta property=\"og:locale\" content=\"fr_FR\" \/>\n<meta property=\"og:type\" content=\"article\" \/>\n<meta property=\"og:title\" content=\"Suzuki annonce l&#039;arr\u00eat de toutes ses activit\u00e9s sportives - Motocross - Enduro - Supermoto | MotocrossMag\" \/>\n<meta property=\"og:description\" content=\"Depuis son retrait progressif des championnats de motocross et l&rsquo;arr\u00eat brutal de sa collaboration avec l&rsquo;equipe de Stefan Everts en 2018, la situation semble compliqu\u00e9e pour Suzuki. A pr\u00e9sent, la [...]\" \/>\n<meta property=\"og:url\" content=\"https:\/\/fr.motocrossmag.be\/index.php\/2022\/07\/suzuki-annonce-larret-de-toutes-ses-activites-sportives\/\" \/>\n<meta property=\"og:site_name\" content=\"Motocross - Enduro - Supermoto | MotocrossMag\" \/>\n<meta property=\"article:published_time\" content=\"2022-07-13T19:03:51+00:00\" \/>\n<meta property=\"og:image\" content=\"https:\/\/fr.motocrossmag.be\/wp-content\/uploads\/2017\/09\/Suzuki_USGP_@shotbybavo_DSC_1754-C.jpg\" \/>\n\t<meta property=\"og:image:width\" content=\"1400\" \/>\n\t<meta property=\"og:image:height\" content=\"932\" \/>\n\t<meta property=\"og:image:type\" content=\"image\/jpeg\" \/>\n<meta name=\"author\" content=\"oliviere\" \/>\n<meta name=\"twitter:card\" content=\"summary_large_image\" \/>\n<meta name=\"twitter:label1\" content=\"\u00c9crit par\" \/>\n\t<meta name=\"twitter:data1\" content=\"oliviere\" \/>\n\t<meta name=\"twitter:label2\" content=\"Dur\u00e9e de lecture estim\u00e9e\" \/>\n\t<meta name=\"twitter:data2\" content=\"1 minute\" \/>\n<script type=\"application\/ld+json\" class=\"yoast-schema-graph\">{\"@context\":\"https:\\\/\\\/schema.org\",\"@graph\":[{\"@type\":\"Article\",\"@id\":\"https:\\\/\\\/fr.motocrossmag.be\\\/index.php\\\/2022\\\/07\\\/suzuki-annonce-larret-de-toutes-ses-activites-sportives\\\/#article\",\"isPartOf\":{\"@id\":\"https:\\\/\\\/fr.motocrossmag.be\\\/index.php\\\/2022\\\/07\\\/suzuki-annonce-larret-de-toutes-ses-activites-sportives\\\/\"},\"author\":{\"name\":\"oliviere\",\"@id\":\"https:\\\/\\\/fr.motocrossmag.be\\\/#\\\/schema\\\/person\\\/11b47143d9f755babca2c9110e03235c\"},\"headline\":\"Suzuki annonce l&rsquo;arr\u00eat de toutes ses activit\u00e9s sportives\",\"datePublished\":\"2022-07-13T19:03:51+00:00\",\"mainEntityOfPage\":{\"@id\":\"https:\\\/\\\/fr.motocrossmag.be\\\/index.php\\\/2022\\\/07\\\/suzuki-annonce-larret-de-toutes-ses-activites-sportives\\\/\"},\"wordCount\":242,\"commentCount\":0,\"image\":{\"@id\":\"https:\\\/\\\/fr.motocrossmag.be\\\/index.php\\\/2022\\\/07\\\/suzuki-annonce-larret-de-toutes-ses-activites-sportives\\\/#primaryimage\"},\"thumbnailUrl\":\"https:\\\/\\\/fr.motocrossmag.be\\\/wp-content\\\/uploads\\\/2017\\\/09\\\/Suzuki_USGP_@shotbybavo_DSC_1754-C.jpg\",\"keywords\":[\"Motocross\",\"suzuki\"],\"articleSection\":[\"Actualit\u00e9\",\"Motocross\",\"Motocross MXGP\",\"News\",\"News\",\"Slideshow\"],\"inLanguage\":\"fr-FR\",\"potentialAction\":[{\"@type\":\"CommentAction\",\"name\":\"Comment\",\"target\":[\"https:\\\/\\\/fr.motocrossmag.be\\\/index.php\\\/2022\\\/07\\\/suzuki-annonce-larret-de-toutes-ses-activites-sportives\\\/#respond\"]}]},{\"@type\":\"WebPage\",\"@id\":\"https:\\\/\\\/fr.motocrossmag.be\\\/index.php\\\/2022\\\/07\\\/suzuki-annonce-larret-de-toutes-ses-activites-sportives\\\/\",\"url\":\"https:\\\/\\\/fr.motocrossmag.be\\\/index.php\\\/2022\\\/07\\\/suzuki-annonce-larret-de-toutes-ses-activites-sportives\\\/\",\"name\":\"Suzuki annonce l'arr\u00eat de toutes ses activit\u00e9s sportives - Motocross - Enduro - Supermoto | MotocrossMag\",\"isPartOf\":{\"@id\":\"https:\\\/\\\/fr.motocrossmag.be\\\/#website\"},\"primaryImageOfPage\":{\"@id\":\"https:\\\/\\\/fr.motocrossmag.be\\\/index.php\\\/2022\\\/07\\\/suzuki-annonce-larret-de-toutes-ses-activites-sportives\\\/#primaryimage\"},\"image\":{\"@id\":\"https:\\\/\\\/fr.motocrossmag.be\\\/index.php\\\/2022\\\/07\\\/suzuki-annonce-larret-de-toutes-ses-activites-sportives\\\/#primaryimage\"},\"thumbnailUrl\":\"https:\\\/\\\/fr.motocrossmag.be\\\/wp-content\\\/uploads\\\/2017\\\/09\\\/Suzuki_USGP_@shotbybavo_DSC_1754-C.jpg\",\"datePublished\":\"2022-07-13T19:03:51+00:00\",\"author\":{\"@id\":\"https:\\\/\\\/fr.motocrossmag.be\\\/#\\\/schema\\\/person\\\/11b47143d9f755babca2c9110e03235c\"},\"breadcrumb\":{\"@id\":\"https:\\\/\\\/fr.motocrossmag.be\\\/index.php\\\/2022\\\/07\\\/suzuki-annonce-larret-de-toutes-ses-activites-sportives\\\/#breadcrumb\"},\"inLanguage\":\"fr-FR\",\"potentialAction\":[{\"@type\":\"ReadAction\",\"target\":[\"https:\\\/\\\/fr.motocrossmag.be\\\/index.php\\\/2022\\\/07\\\/suzuki-annonce-larret-de-toutes-ses-activites-sportives\\\/\"]}]},{\"@type\":\"ImageObject\",\"inLanguage\":\"fr-FR\",\"@id\":\"https:\\\/\\\/fr.motocrossmag.be\\\/index.php\\\/2022\\\/07\\\/suzuki-annonce-larret-de-toutes-ses-activites-sportives\\\/#primaryimage\",\"url\":\"https:\\\/\\\/fr.motocrossmag.be\\\/wp-content\\\/uploads\\\/2017\\\/09\\\/Suzuki_USGP_@shotbybavo_DSC_1754-C.jpg\",\"contentUrl\":\"https:\\\/\\\/fr.motocrossmag.be\\\/wp-content\\\/uploads\\\/2017\\\/09\\\/Suzuki_USGP_@shotbybavo_DSC_1754-C.jpg\",\"width\":1400,\"height\":932},{\"@type\":\"BreadcrumbList\",\"@id\":\"https:\\\/\\\/fr.motocrossmag.be\\\/index.php\\\/2022\\\/07\\\/suzuki-annonce-larret-de-toutes-ses-activites-sportives\\\/#breadcrumb\",\"itemListElement\":[{\"@type\":\"ListItem\",\"position\":1,\"name\":\"Accueil\",\"item\":\"https:\\\/\\\/fr.motocrossmag.be\\\/\"},{\"@type\":\"ListItem\",\"position\":2,\"name\":\"Suzuki annonce l&rsquo;arr\u00eat de toutes ses activit\u00e9s sportives\"}]},{\"@type\":\"WebSite\",\"@id\":\"https:\\\/\\\/fr.motocrossmag.be\\\/#website\",\"url\":\"https:\\\/\\\/fr.motocrossmag.be\\\/\",\"name\":\"Motocross - Enduro - Supermoto | MotocrossMag\",\"description\":\"L&#039;actualit\u00e9 du motocross, de l&#039;enduro et du Supermoto en ligne!\",\"potentialAction\":[{\"@type\":\"SearchAction\",\"target\":{\"@type\":\"EntryPoint\",\"urlTemplate\":\"https:\\\/\\\/fr.motocrossmag.be\\\/?s={search_term_string}\"},\"query-input\":{\"@type\":\"PropertyValueSpecification\",\"valueRequired\":true,\"valueName\":\"search_term_string\"}}],\"inLanguage\":\"fr-FR\"},{\"@type\":\"Person\",\"@id\":\"https:\\\/\\\/fr.motocrossmag.be\\\/#\\\/schema\\\/person\\\/11b47143d9f755babca2c9110e03235c\",\"name\":\"oliviere\",\"image\":{\"@type\":\"ImageObject\",\"inLanguage\":\"fr-FR\",\"@id\":\"https:\\\/\\\/secure.gravatar.com\\\/avatar\\\/907069e0b81d119452040469e4a7501da1100f54f7f80180ce77bfab718288f6?s=96&d=mm&r=g\",\"url\":\"https:\\\/\\\/secure.gravatar.com\\\/avatar\\\/907069e0b81d119452040469e4a7501da1100f54f7f80180ce77bfab718288f6?s=96&d=mm&r=g\",\"contentUrl\":\"https:\\\/\\\/secure.gravatar.com\\\/avatar\\\/907069e0b81d119452040469e4a7501da1100f54f7f80180ce77bfab718288f6?s=96&d=mm&r=g\",\"caption\":\"oliviere\"},\"sameAs\":[\"http:\\\/\\\/www.motocrossmag.be\"],\"url\":\"https:\\\/\\\/fr.motocrossmag.be\\\/index.php\\\/author\\\/oliviere\\\/\"}]}<\/script>\n<!-- \/ Yoast SEO plugin. -->","yoast_head_json":{"title":"Suzuki annonce l'arr\u00eat de toutes ses activit\u00e9s sportives - Motocross - Enduro - Supermoto | MotocrossMag","robots":{"index":"index","follow":"follow","max-snippet":"max-snippet:-1","max-image-preview":"max-image-preview:large","max-video-preview":"max-video-preview:-1"},"canonical":"https:\/\/fr.motocrossmag.be\/index.php\/2022\/07\/suzuki-annonce-larret-de-toutes-ses-activites-sportives\/","og_locale":"fr_FR","og_type":"article","og_title":"Suzuki annonce l'arr\u00eat de toutes ses activit\u00e9s sportives - Motocross - Enduro - Supermoto | MotocrossMag","og_description":"Depuis son retrait progressif des championnats de motocross et l&rsquo;arr\u00eat brutal de sa collaboration avec l&rsquo;equipe de Stefan Everts en 2018, la situation semble compliqu\u00e9e pour Suzuki. A pr\u00e9sent, la [...]","og_url":"https:\/\/fr.motocrossmag.be\/index.php\/2022\/07\/suzuki-annonce-larret-de-toutes-ses-activites-sportives\/","og_site_name":"Motocross - Enduro - Supermoto | MotocrossMag","article_published_time":"2022-07-13T19:03:51+00:00","og_image":[{"width":1400,"height":932,"url":"https:\/\/fr.motocrossmag.be\/wp-content\/uploads\/2017\/09\/Suzuki_USGP_@shotbybavo_DSC_1754-C.jpg","type":"image\/jpeg"}],"author":"oliviere","twitter_card":"summary_large_image","twitter_misc":{"\u00c9crit par":"oliviere","Dur\u00e9e de lecture estim\u00e9e":"1 minute"},"schema":{"@context":"https:\/\/schema.org","@graph":[{"@type":"Article","@id":"https:\/\/fr.motocrossmag.be\/index.php\/2022\/07\/suzuki-annonce-larret-de-toutes-ses-activites-sportives\/#article","isPartOf":{"@id":"https:\/\/fr.motocrossmag.be\/index.php\/2022\/07\/suzuki-annonce-larret-de-toutes-ses-activites-sportives\/"},"author":{"name":"oliviere","@id":"https:\/\/fr.motocrossmag.be\/#\/schema\/person\/11b47143d9f755babca2c9110e03235c"},"headline":"Suzuki annonce l&rsquo;arr\u00eat de toutes ses activit\u00e9s sportives","datePublished":"2022-07-13T19:03:51+00:00","mainEntityOfPage":{"@id":"https:\/\/fr.motocrossmag.be\/index.php\/2022\/07\/suzuki-annonce-larret-de-toutes-ses-activites-sportives\/"},"wordCount":242,"commentCount":0,"image":{"@id":"https:\/\/fr.motocrossmag.be\/index.php\/2022\/07\/suzuki-annonce-larret-de-toutes-ses-activites-sportives\/#primaryimage"},"thumbnailUrl":"https:\/\/fr.motocrossmag.be\/wp-content\/uploads\/2017\/09\/Suzuki_USGP_@shotbybavo_DSC_1754-C.jpg","keywords":["Motocross","suzuki"],"articleSection":["Actualit\u00e9","Motocross","Motocross MXGP","News","News","Slideshow"],"inLanguage":"fr-FR","potentialAction":[{"@type":"CommentAction","name":"Comment","target":["https:\/\/fr.motocrossmag.be\/index.php\/2022\/07\/suzuki-annonce-larret-de-toutes-ses-activites-sportives\/#respond"]}]},{"@type":"WebPage","@id":"https:\/\/fr.motocrossmag.be\/index.php\/2022\/07\/suzuki-annonce-larret-de-toutes-ses-activites-sportives\/","url":"https:\/\/fr.motocrossmag.be\/index.php\/2022\/07\/suzuki-annonce-larret-de-toutes-ses-activites-sportives\/","name":"Suzuki annonce l'arr\u00eat de toutes ses activit\u00e9s sportives - Motocross - Enduro - Supermoto | MotocrossMag","isPartOf":{"@id":"https:\/\/fr.motocrossmag.be\/#website"},"primaryImageOfPage":{"@id":"https:\/\/fr.motocrossmag.be\/index.php\/2022\/07\/suzuki-annonce-larret-de-toutes-ses-activites-sportives\/#primaryimage"},"image":{"@id":"https:\/\/fr.motocrossmag.be\/index.php\/2022\/07\/suzuki-annonce-larret-de-toutes-ses-activites-sportives\/#primaryimage"},"thumbnailUrl":"https:\/\/fr.motocrossmag.be\/wp-content\/uploads\/2017\/09\/Suzuki_USGP_@shotbybavo_DSC_1754-C.jpg","datePublished":"2022-07-13T19:03:51+00:00","author":{"@id":"https:\/\/fr.motocrossmag.be\/#\/schema\/person\/11b47143d9f755babca2c9110e03235c"},"breadcrumb":{"@id":"https:\/\/fr.motocrossmag.be\/index.php\/2022\/07\/suzuki-annonce-larret-de-toutes-ses-activites-sportives\/#breadcrumb"},"inLanguage":"fr-FR","potentialAction":[{"@type":"ReadAction","target":["https:\/\/fr.motocrossmag.be\/index.php\/2022\/07\/suzuki-annonce-larret-de-toutes-ses-activites-sportives\/"]}]},{"@type":"ImageObject","inLanguage":"fr-FR","@id":"https:\/\/fr.motocrossmag.be\/index.php\/2022\/07\/suzuki-annonce-larret-de-toutes-ses-activites-sportives\/#primaryimage","url":"https:\/\/fr.motocrossmag.be\/wp-content\/uploads\/2017\/09\/Suzuki_USGP_@shotbybavo_DSC_1754-C.jpg","contentUrl":"https:\/\/fr.motocrossmag.be\/wp-content\/uploads\/2017\/09\/Suzuki_USGP_@shotbybavo_DSC_1754-C.jpg","width":1400,"height":932},{"@type":"BreadcrumbList","@id":"https:\/\/fr.motocrossmag.be\/index.php\/2022\/07\/suzuki-annonce-larret-de-toutes-ses-activites-sportives\/#breadcrumb","itemListElement":[{"@type":"ListItem","position":1,"name":"Accueil","item":"https:\/\/fr.motocrossmag.be\/"},{"@type":"ListItem","position":2,"name":"Suzuki annonce l&rsquo;arr\u00eat de toutes ses activit\u00e9s sportives"}]},{"@type":"WebSite","@id":"https:\/\/fr.motocrossmag.be\/#website","url":"https:\/\/fr.motocrossmag.be\/","name":"Motocross - Enduro - Supermoto | MotocrossMag","description":"L&#039;actualit\u00e9 du motocross, de l&#039;enduro et du Supermoto en ligne!","potentialAction":[{"@type":"SearchAction","target":{"@type":"EntryPoint","urlTemplate":"https:\/\/fr.motocrossmag.be\/?s={search_term_string}"},"query-input":{"@type":"PropertyValueSpecification","valueRequired":true,"valueName":"search_term_string"}}],"inLanguage":"fr-FR"},{"@type":"Person","@id":"https:\/\/fr.motocrossmag.be\/#\/schema\/person\/11b47143d9f755babca2c9110e03235c","name":"oliviere","image":{"@type":"ImageObject","inLanguage":"fr-FR","@id":"https:\/\/secure.gravatar.com\/avatar\/907069e0b81d119452040469e4a7501da1100f54f7f80180ce77bfab718288f6?s=96&d=mm&r=g","url":"https:\/\/secure.gravatar.com\/avatar\/907069e0b81d119452040469e4a7501da1100f54f7f80180ce77bfab718288f6?s=96&d=mm&r=g","contentUrl":"https:\/\/secure.gravatar.com\/avatar\/907069e0b81d119452040469e4a7501da1100f54f7f80180ce77bfab718288f6?s=96&d=mm&r=g","caption":"oliviere"},"sameAs":["http:\/\/www.motocrossmag.be"],"url":"https:\/\/fr.motocrossmag.be\/index.php\/author\/oliviere\/"}]}},"_links":{"self":[{"href":"https:\/\/fr.motocrossmag.be\/index.php\/wp-json\/wp\/v2\/posts\/118597","targetHints":{"allow":["GET"]}}],"collection":[{"href":"https:\/\/fr.motocrossmag.be\/index.php\/wp-json\/wp\/v2\/posts"}],"about":[{"href":"https:\/\/fr.motocrossmag.be\/index.php\/wp-json\/wp\/v2\/types\/post"}],"author":[{"embeddable":true,"href":"https:\/\/fr.motocrossmag.be\/index.php\/wp-json\/wp\/v2\/users\/932"}],"replies":[{"embeddable":true,"href":"https:\/\/fr.motocrossmag.be\/index.php\/wp-json\/wp\/v2\/comments?post=118597"}],"version-history":[{"count":0,"href":"https:\/\/fr.motocrossmag.be\/index.php\/wp-json\/wp\/v2\/posts\/118597\/revisions"}],"wp:featuredmedia":[{"embeddable":true,"href":"https:\/\/fr.motocrossmag.be\/index.php\/wp-json\/wp\/v2\/media\/64204"}],"wp:attachment":[{"href":"https:\/\/fr.motocrossmag.be\/index.php\/wp-json\/wp\/v2\/media?parent=118597"}],"wp:term":[{"taxonomy":"category","embeddable":true,"href":"https:\/\/fr.motocrossmag.be\/index.php\/wp-json\/wp\/v2\/categories?post=118597"},{"taxonomy":"post_tag","embeddable":true,"href":"https:\/\/fr.motocrossmag.be\/index.php\/wp-json\/wp\/v2\/tags?post=118597"}],"curies":[{"name":"wp","href":"https:\/\/api.w.org\/{rel}","templated":true}]}}