{"id":118598,"date":"2022-07-14T18:50:56","date_gmt":"2022-07-14T16:50:56","guid":{"rendered":"http:\/\/fr.motocrossmag.be\/?p=118598"},"modified":"2022-07-14T18:50:56","modified_gmt":"2022-07-14T16:50:56","slug":"un-gp-a-villars-sous-ecot-en-2023","status":"publish","type":"post","link":"https:\/\/fr.motocrossmag.be\/index.php\/2022\/07\/un-gp-a-villars-sous-ecot-en-2023\/","title":{"rendered":"Un GP \u00e0 Villars-sous-Ecot en 2023"},"content":{"rendered":"<p><strong>Le championnat MXGP fera son retour \u00e0 Villars-sous-Ecot la saison prochaine. Le circuit a en effet \u00e9t\u00e9 retenu pour accueillir le GP de France de motocross 2023.<\/strong><\/p>\n<p>La premi\u00e8re fois que Villars a accueilli un GO, c&rsquo;\u00e9tait en 1982, avec un GP 500cc. Andr\u00e9 Malherbe s&rsquo;y \u00e9tait alors impos\u00e9. Par la suite, le championnat du monde est retourn\u00e9 par 5 fois \u00e0 Villars, en 1986, 1998, 2009, 2015 et enfin 2017, le dernier GP ayant donc \u00e9t\u00e9 organis\u00e9 par le club fran\u00e7ais six ans avant de voir revenir la saison prochaine l&rsquo;\u00e9lite du motocross mondial.<\/p>\n<p>&nbsp;<\/p>\n","protected":false},"excerpt":{"rendered":"<p>Le championnat MXGP fera son retour \u00e0 Villars-sous-Ecot la saison prochaine. Le circuit a en effet \u00e9t\u00e9 retenu pour accueillir le GP de France de motocross 2023. La premi\u00e8re fois [&#8230;]<\/p>\n","protected":false},"author":932,"featured_media":34665,"comment_status":"open","ping_status":"closed","sticky":false,"template":"","format":"standard","meta":{"footnotes":""},"categories":[54,57,4,6,5,55,65],"tags":[947,568,522],"class_list":["post-118598","post","type-post","status-publish","format-standard","has-post-thumbnail","hentry","category-actualite","category-calendriers","category-motocross","category-mx1mx2","category-news","category-news-actualite","category-slideshow","tag-motocross","tag-mxgp","tag-villars-sous-ecot"],"yoast_head":"<!-- This site is optimized with the Yoast SEO plugin v27.4 - https:\/\/yoast.com\/product\/yoast-seo-wordpress\/ -->\n<title>Un GP \u00e0 Villars-sous-Ecot en 2023 - Motocross - Enduro - Supermoto | MotocrossMag<\/title>\n<meta name=\"robots\" content=\"index, follow, max-snippet:-1, max-image-preview:large, max-video-preview:-1\" \/>\n<link rel=\"canonical\" href=\"https:\/\/fr.motocrossmag.be\/index.php\/2022\/07\/un-gp-a-villars-sous-ecot-en-2023\/\" \/>\n<meta property=\"og:locale\" content=\"fr_FR\" \/>\n<meta property=\"og:type\" content=\"article\" \/>\n<meta property=\"og:title\" content=\"Un GP \u00e0 Villars-sous-Ecot en 2023 - Motocross - Enduro - Supermoto | MotocrossMag\" \/>\n<meta property=\"og:description\" content=\"Le championnat MXGP fera son retour \u00e0 Villars-sous-Ecot la saison prochaine. Le circuit a en effet \u00e9t\u00e9 retenu pour accueillir le GP de France de motocross 2023. La premi\u00e8re fois [...]\" \/>\n<meta property=\"og:url\" content=\"https:\/\/fr.motocrossmag.be\/index.php\/2022\/07\/un-gp-a-villars-sous-ecot-en-2023\/\" \/>\n<meta property=\"og:site_name\" content=\"Motocross - Enduro - Supermoto | MotocrossMag\" \/>\n<meta property=\"article:published_time\" content=\"2022-07-14T16:50:56+00:00\" \/>\n<meta property=\"og:image\" content=\"https:\/\/fr.motocrossmag.be\/wp-content\/uploads\/2015\/06\/Villars-2015_IMG_1233-copie.jpg\" \/>\n\t<meta property=\"og:image:width\" content=\"900\" \/>\n\t<meta property=\"og:image:height\" content=\"600\" \/>\n\t<meta property=\"og:image:type\" content=\"image\/jpeg\" \/>\n<meta name=\"author\" content=\"oliviere\" \/>\n<meta name=\"twitter:card\" content=\"summary_large_image\" \/>\n<meta name=\"twitter:label1\" content=\"\u00c9crit par\" \/>\n\t<meta name=\"twitter:data1\" content=\"oliviere\" \/>\n<script type=\"application\/ld+json\" class=\"yoast-schema-graph\">{\"@context\":\"https:\\\/\\\/schema.org\",\"@graph\":[{\"@type\":\"Article\",\"@id\":\"https:\\\/\\\/fr.motocrossmag.be\\\/index.php\\\/2022\\\/07\\\/un-gp-a-villars-sous-ecot-en-2023\\\/#article\",\"isPartOf\":{\"@id\":\"https:\\\/\\\/fr.motocrossmag.be\\\/index.php\\\/2022\\\/07\\\/un-gp-a-villars-sous-ecot-en-2023\\\/\"},\"author\":{\"name\":\"oliviere\",\"@id\":\"https:\\\/\\\/fr.motocrossmag.be\\\/#\\\/schema\\\/person\\\/11b47143d9f755babca2c9110e03235c\"},\"headline\":\"Un GP \u00e0 Villars-sous-Ecot en 2023\",\"datePublished\":\"2022-07-14T16:50:56+00:00\",\"mainEntityOfPage\":{\"@id\":\"https:\\\/\\\/fr.motocrossmag.be\\\/index.php\\\/2022\\\/07\\\/un-gp-a-villars-sous-ecot-en-2023\\\/\"},\"wordCount\":95,\"commentCount\":0,\"image\":{\"@id\":\"https:\\\/\\\/fr.motocrossmag.be\\\/index.php\\\/2022\\\/07\\\/un-gp-a-villars-sous-ecot-en-2023\\\/#primaryimage\"},\"thumbnailUrl\":\"https:\\\/\\\/fr.motocrossmag.be\\\/wp-content\\\/uploads\\\/2015\\\/06\\\/Villars-2015_IMG_1233-copie.jpg\",\"keywords\":[\"Motocross\",\"MXGP\",\"villars sous ecot\"],\"articleSection\":[\"Actualit\u00e9\",\"Calendriers\",\"Motocross\",\"Motocross MXGP\",\"News\",\"News\",\"Slideshow\"],\"inLanguage\":\"fr-FR\",\"potentialAction\":[{\"@type\":\"CommentAction\",\"name\":\"Comment\",\"target\":[\"https:\\\/\\\/fr.motocrossmag.be\\\/index.php\\\/2022\\\/07\\\/un-gp-a-villars-sous-ecot-en-2023\\\/#respond\"]}]},{\"@type\":\"WebPage\",\"@id\":\"https:\\\/\\\/fr.motocrossmag.be\\\/index.php\\\/2022\\\/07\\\/un-gp-a-villars-sous-ecot-en-2023\\\/\",\"url\":\"https:\\\/\\\/fr.motocrossmag.be\\\/index.php\\\/2022\\\/07\\\/un-gp-a-villars-sous-ecot-en-2023\\\/\",\"name\":\"Un GP \u00e0 Villars-sous-Ecot en 2023 - Motocross - Enduro - Supermoto | MotocrossMag\",\"isPartOf\":{\"@id\":\"https:\\\/\\\/fr.motocrossmag.be\\\/#website\"},\"primaryImageOfPage\":{\"@id\":\"https:\\\/\\\/fr.motocrossmag.be\\\/index.php\\\/2022\\\/07\\\/un-gp-a-villars-sous-ecot-en-2023\\\/#primaryimage\"},\"image\":{\"@id\":\"https:\\\/\\\/fr.motocrossmag.be\\\/index.php\\\/2022\\\/07\\\/un-gp-a-villars-sous-ecot-en-2023\\\/#primaryimage\"},\"thumbnailUrl\":\"https:\\\/\\\/fr.motocrossmag.be\\\/wp-content\\\/uploads\\\/2015\\\/06\\\/Villars-2015_IMG_1233-copie.jpg\",\"datePublished\":\"2022-07-14T16:50:56+00:00\",\"author\":{\"@id\":\"https:\\\/\\\/fr.motocrossmag.be\\\/#\\\/schema\\\/person\\\/11b47143d9f755babca2c9110e03235c\"},\"breadcrumb\":{\"@id\":\"https:\\\/\\\/fr.motocrossmag.be\\\/index.php\\\/2022\\\/07\\\/un-gp-a-villars-sous-ecot-en-2023\\\/#breadcrumb\"},\"inLanguage\":\"fr-FR\",\"potentialAction\":[{\"@type\":\"ReadAction\",\"target\":[\"https:\\\/\\\/fr.motocrossmag.be\\\/index.php\\\/2022\\\/07\\\/un-gp-a-villars-sous-ecot-en-2023\\\/\"]}]},{\"@type\":\"ImageObject\",\"inLanguage\":\"fr-FR\",\"@id\":\"https:\\\/\\\/fr.motocrossmag.be\\\/index.php\\\/2022\\\/07\\\/un-gp-a-villars-sous-ecot-en-2023\\\/#primaryimage\",\"url\":\"https:\\\/\\\/fr.motocrossmag.be\\\/wp-content\\\/uploads\\\/2015\\\/06\\\/Villars-2015_IMG_1233-copie.jpg\",\"contentUrl\":\"https:\\\/\\\/fr.motocrossmag.be\\\/wp-content\\\/uploads\\\/2015\\\/06\\\/Villars-2015_IMG_1233-copie.jpg\",\"width\":900,\"height\":600},{\"@type\":\"BreadcrumbList\",\"@id\":\"https:\\\/\\\/fr.motocrossmag.be\\\/index.php\\\/2022\\\/07\\\/un-gp-a-villars-sous-ecot-en-2023\\\/#breadcrumb\",\"itemListElement\":[{\"@type\":\"ListItem\",\"position\":1,\"name\":\"Accueil\",\"item\":\"https:\\\/\\\/fr.motocrossmag.be\\\/\"},{\"@type\":\"ListItem\",\"position\":2,\"name\":\"Un GP \u00e0 Villars-sous-Ecot en 2023\"}]},{\"@type\":\"WebSite\",\"@id\":\"https:\\\/\\\/fr.motocrossmag.be\\\/#website\",\"url\":\"https:\\\/\\\/fr.motocrossmag.be\\\/\",\"name\":\"Motocross - Enduro - Supermoto | MotocrossMag\",\"description\":\"L&#039;actualit\u00e9 du motocross, de l&#039;enduro et du Supermoto en ligne!\",\"potentialAction\":[{\"@type\":\"SearchAction\",\"target\":{\"@type\":\"EntryPoint\",\"urlTemplate\":\"https:\\\/\\\/fr.motocrossmag.be\\\/?s={search_term_string}\"},\"query-input\":{\"@type\":\"PropertyValueSpecification\",\"valueRequired\":true,\"valueName\":\"search_term_string\"}}],\"inLanguage\":\"fr-FR\"},{\"@type\":\"Person\",\"@id\":\"https:\\\/\\\/fr.motocrossmag.be\\\/#\\\/schema\\\/person\\\/11b47143d9f755babca2c9110e03235c\",\"name\":\"oliviere\",\"image\":{\"@type\":\"ImageObject\",\"inLanguage\":\"fr-FR\",\"@id\":\"https:\\\/\\\/secure.gravatar.com\\\/avatar\\\/907069e0b81d119452040469e4a7501da1100f54f7f80180ce77bfab718288f6?s=96&d=mm&r=g\",\"url\":\"https:\\\/\\\/secure.gravatar.com\\\/avatar\\\/907069e0b81d119452040469e4a7501da1100f54f7f80180ce77bfab718288f6?s=96&d=mm&r=g\",\"contentUrl\":\"https:\\\/\\\/secure.gravatar.com\\\/avatar\\\/907069e0b81d119452040469e4a7501da1100f54f7f80180ce77bfab718288f6?s=96&d=mm&r=g\",\"caption\":\"oliviere\"},\"sameAs\":[\"http:\\\/\\\/www.motocrossmag.be\"],\"url\":\"https:\\\/\\\/fr.motocrossmag.be\\\/index.php\\\/author\\\/oliviere\\\/\"}]}<\/script>\n<!-- \/ Yoast SEO plugin. -->","yoast_head_json":{"title":"Un GP \u00e0 Villars-sous-Ecot en 2023 - Motocross - Enduro - Supermoto | MotocrossMag","robots":{"index":"index","follow":"follow","max-snippet":"max-snippet:-1","max-image-preview":"max-image-preview:large","max-video-preview":"max-video-preview:-1"},"canonical":"https:\/\/fr.motocrossmag.be\/index.php\/2022\/07\/un-gp-a-villars-sous-ecot-en-2023\/","og_locale":"fr_FR","og_type":"article","og_title":"Un GP \u00e0 Villars-sous-Ecot en 2023 - Motocross - Enduro - Supermoto | MotocrossMag","og_description":"Le championnat MXGP fera son retour \u00e0 Villars-sous-Ecot la saison prochaine. Le circuit a en effet \u00e9t\u00e9 retenu pour accueillir le GP de France de motocross 2023. La premi\u00e8re fois [...]","og_url":"https:\/\/fr.motocrossmag.be\/index.php\/2022\/07\/un-gp-a-villars-sous-ecot-en-2023\/","og_site_name":"Motocross - Enduro - Supermoto | MotocrossMag","article_published_time":"2022-07-14T16:50:56+00:00","og_image":[{"width":900,"height":600,"url":"https:\/\/fr.motocrossmag.be\/wp-content\/uploads\/2015\/06\/Villars-2015_IMG_1233-copie.jpg","type":"image\/jpeg"}],"author":"oliviere","twitter_card":"summary_large_image","twitter_misc":{"\u00c9crit par":"oliviere"},"schema":{"@context":"https:\/\/schema.org","@graph":[{"@type":"Article","@id":"https:\/\/fr.motocrossmag.be\/index.php\/2022\/07\/un-gp-a-villars-sous-ecot-en-2023\/#article","isPartOf":{"@id":"https:\/\/fr.motocrossmag.be\/index.php\/2022\/07\/un-gp-a-villars-sous-ecot-en-2023\/"},"author":{"name":"oliviere","@id":"https:\/\/fr.motocrossmag.be\/#\/schema\/person\/11b47143d9f755babca2c9110e03235c"},"headline":"Un GP \u00e0 Villars-sous-Ecot en 2023","datePublished":"2022-07-14T16:50:56+00:00","mainEntityOfPage":{"@id":"https:\/\/fr.motocrossmag.be\/index.php\/2022\/07\/un-gp-a-villars-sous-ecot-en-2023\/"},"wordCount":95,"commentCount":0,"image":{"@id":"https:\/\/fr.motocrossmag.be\/index.php\/2022\/07\/un-gp-a-villars-sous-ecot-en-2023\/#primaryimage"},"thumbnailUrl":"https:\/\/fr.motocrossmag.be\/wp-content\/uploads\/2015\/06\/Villars-2015_IMG_1233-copie.jpg","keywords":["Motocross","MXGP","villars sous ecot"],"articleSection":["Actualit\u00e9","Calendriers","Motocross","Motocross MXGP","News","News","Slideshow"],"inLanguage":"fr-FR","potentialAction":[{"@type":"CommentAction","name":"Comment","target":["https:\/\/fr.motocrossmag.be\/index.php\/2022\/07\/un-gp-a-villars-sous-ecot-en-2023\/#respond"]}]},{"@type":"WebPage","@id":"https:\/\/fr.motocrossmag.be\/index.php\/2022\/07\/un-gp-a-villars-sous-ecot-en-2023\/","url":"https:\/\/fr.motocrossmag.be\/index.php\/2022\/07\/un-gp-a-villars-sous-ecot-en-2023\/","name":"Un GP \u00e0 Villars-sous-Ecot en 2023 - Motocross - Enduro - Supermoto | MotocrossMag","isPartOf":{"@id":"https:\/\/fr.motocrossmag.be\/#website"},"primaryImageOfPage":{"@id":"https:\/\/fr.motocrossmag.be\/index.php\/2022\/07\/un-gp-a-villars-sous-ecot-en-2023\/#primaryimage"},"image":{"@id":"https:\/\/fr.motocrossmag.be\/index.php\/2022\/07\/un-gp-a-villars-sous-ecot-en-2023\/#primaryimage"},"thumbnailUrl":"https:\/\/fr.motocrossmag.be\/wp-content\/uploads\/2015\/06\/Villars-2015_IMG_1233-copie.jpg","datePublished":"2022-07-14T16:50:56+00:00","author":{"@id":"https:\/\/fr.motocrossmag.be\/#\/schema\/person\/11b47143d9f755babca2c9110e03235c"},"breadcrumb":{"@id":"https:\/\/fr.motocrossmag.be\/index.php\/2022\/07\/un-gp-a-villars-sous-ecot-en-2023\/#breadcrumb"},"inLanguage":"fr-FR","potentialAction":[{"@type":"ReadAction","target":["https:\/\/fr.motocrossmag.be\/index.php\/2022\/07\/un-gp-a-villars-sous-ecot-en-2023\/"]}]},{"@type":"ImageObject","inLanguage":"fr-FR","@id":"https:\/\/fr.motocrossmag.be\/index.php\/2022\/07\/un-gp-a-villars-sous-ecot-en-2023\/#primaryimage","url":"https:\/\/fr.motocrossmag.be\/wp-content\/uploads\/2015\/06\/Villars-2015_IMG_1233-copie.jpg","contentUrl":"https:\/\/fr.motocrossmag.be\/wp-content\/uploads\/2015\/06\/Villars-2015_IMG_1233-copie.jpg","width":900,"height":600},{"@type":"BreadcrumbList","@id":"https:\/\/fr.motocrossmag.be\/index.php\/2022\/07\/un-gp-a-villars-sous-ecot-en-2023\/#breadcrumb","itemListElement":[{"@type":"ListItem","position":1,"name":"Accueil","item":"https:\/\/fr.motocrossmag.be\/"},{"@type":"ListItem","position":2,"name":"Un GP \u00e0 Villars-sous-Ecot en 2023"}]},{"@type":"WebSite","@id":"https:\/\/fr.motocrossmag.be\/#website","url":"https:\/\/fr.motocrossmag.be\/","name":"Motocross - Enduro - Supermoto | MotocrossMag","description":"L&#039;actualit\u00e9 du motocross, de l&#039;enduro et du Supermoto en ligne!","potentialAction":[{"@type":"SearchAction","target":{"@type":"EntryPoint","urlTemplate":"https:\/\/fr.motocrossmag.be\/?s={search_term_string}"},"query-input":{"@type":"PropertyValueSpecification","valueRequired":true,"valueName":"search_term_string"}}],"inLanguage":"fr-FR"},{"@type":"Person","@id":"https:\/\/fr.motocrossmag.be\/#\/schema\/person\/11b47143d9f755babca2c9110e03235c","name":"oliviere","image":{"@type":"ImageObject","inLanguage":"fr-FR","@id":"https:\/\/secure.gravatar.com\/avatar\/907069e0b81d119452040469e4a7501da1100f54f7f80180ce77bfab718288f6?s=96&d=mm&r=g","url":"https:\/\/secure.gravatar.com\/avatar\/907069e0b81d119452040469e4a7501da1100f54f7f80180ce77bfab718288f6?s=96&d=mm&r=g","contentUrl":"https:\/\/secure.gravatar.com\/avatar\/907069e0b81d119452040469e4a7501da1100f54f7f80180ce77bfab718288f6?s=96&d=mm&r=g","caption":"oliviere"},"sameAs":["http:\/\/www.motocrossmag.be"],"url":"https:\/\/fr.motocrossmag.be\/index.php\/author\/oliviere\/"}]}},"_links":{"self":[{"href":"https:\/\/fr.motocrossmag.be\/index.php\/wp-json\/wp\/v2\/posts\/118598","targetHints":{"allow":["GET"]}}],"collection":[{"href":"https:\/\/fr.motocrossmag.be\/index.php\/wp-json\/wp\/v2\/posts"}],"about":[{"href":"https:\/\/fr.motocrossmag.be\/index.php\/wp-json\/wp\/v2\/types\/post"}],"author":[{"embeddable":true,"href":"https:\/\/fr.motocrossmag.be\/index.php\/wp-json\/wp\/v2\/users\/932"}],"replies":[{"embeddable":true,"href":"https:\/\/fr.motocrossmag.be\/index.php\/wp-json\/wp\/v2\/comments?post=118598"}],"version-history":[{"count":0,"href":"https:\/\/fr.motocrossmag.be\/index.php\/wp-json\/wp\/v2\/posts\/118598\/revisions"}],"wp:featuredmedia":[{"embeddable":true,"href":"https:\/\/fr.motocrossmag.be\/index.php\/wp-json\/wp\/v2\/media\/34665"}],"wp:attachment":[{"href":"https:\/\/fr.motocrossmag.be\/index.php\/wp-json\/wp\/v2\/media?parent=118598"}],"wp:term":[{"taxonomy":"category","embeddable":true,"href":"https:\/\/fr.motocrossmag.be\/index.php\/wp-json\/wp\/v2\/categories?post=118598"},{"taxonomy":"post_tag","embeddable":true,"href":"https:\/\/fr.motocrossmag.be\/index.php\/wp-json\/wp\/v2\/tags?post=118598"}],"curies":[{"name":"wp","href":"https:\/\/api.w.org\/{rel}","templated":true}]}}