{"id":118625,"date":"2022-07-15T19:38:37","date_gmt":"2022-07-15T17:38:37","guid":{"rendered":"http:\/\/fr.motocrossmag.be\/?p=118625"},"modified":"2022-07-15T19:38:37","modified_gmt":"2022-07-15T17:38:37","slug":"arnaud-herinne-et-jeremy-coen-en-route-vers-le-titre-sur-le-championnat-des-hauts-de-france","status":"publish","type":"post","link":"https:\/\/fr.motocrossmag.be\/index.php\/2022\/07\/arnaud-herinne-et-jeremy-coen-en-route-vers-le-titre-sur-le-championnat-des-hauts-de-france\/","title":{"rendered":"Arnaud Herinne et Jeremy Coen en route vers le titre sur le championnat des Hauts de France"},"content":{"rendered":"<p><strong>Les Belges ont l&rsquo;habitude de faire bonne figure sur le championnat de motocross des Hauts de France. Cela fut le cas le week-end dernier \u00e0 Rozoy-sur-Serre et l&rsquo;\u00e9preuve de Le Quesnoy ce jeudi 14 juillet, jour de f\u00eate nationale en France, n&rsquo;a pas d\u00e9rog\u00e9 \u00e0 la r\u00e8gle. Alors que 3 \u00e9preuves sont encore \u00e0 disputer, il semble que les titres 450 et 250 devraient ne plus \u00e9chapper \u00e0 nos compatriotes Jeremy Coen et Arnaud Herinne.<\/strong><\/p>\n<p>&nbsp;<\/p>\n<p>En 450, Daymond Martens a largement domin\u00e9 les d\u00e9bats sur le \u00ab\u00a0motocross des remparts\u00a0\u00bb en s\u2019imposant dans les 2 manches. Derri\u00e8re, on assistait \u00e0 une belle bagarre entre les fr\u00e8res Miot et Jeremy Coen, Matt\u00e9o Miot finissant \u00e0 chaque fois devant J\u00e9r\u00e9my et son fr\u00e8re Floriant. Le championnat est toujours domin\u00e9 par J\u00e9r\u00e9my Coen devant un autre Belge en la personne de Ryan Bonnewijn.<\/p>\n<p>En 250, Arnaud Herinne, auteur du meilleur temps aux essais chronos, a laiss\u00e9 \u00e9chapper la victoire dans chacune des manches. Dans la premi\u00e8re, alors qu\u2019il g\u00e9rait son avance sur le second, il glissait de l\u2019avant dans l\u2019avant dernier tour et permettait \u00e0 Declerq de franchir la ligne d\u2019arriv\u00e9e en t\u00eate. En seconde, il dominait encore la course et creusait l\u2019\u00e9cart pour se mettre \u00e0 l\u2019abri d\u2019une nouvelle d\u00e9sillusion. Alors qu\u2019il avait course gagn\u00e9e, un doubl\u00e9 qui ne l\u2019avait pas vu se rabattait sur lui dans un virage \u00e0 2 tours de l\u2019arriv\u00e9e. Le temps de d\u00e9gager les motos, Declerq prenait la t\u00eate. Dans rush final Arnaud reprenait plus de 6\u2019\u2019 en 2 tours \u00e0 Declerq et finissait dans sa roue sur la ligne d\u2019arriv\u00e9e.<\/p>\n<p>Suite au d\u00e9part de Miot en 450, Arnaud Herinne a pris les commandes du championnat 250 avec une confortable avance sur Cl\u00e9ment Claisse. On pourrait donc prochainement c\u00e9l\u00e9brer deux titres dans le clan belge sur le championnat des Hauts de France.<\/p>\n","protected":false},"excerpt":{"rendered":"<p>Les Belges ont l&rsquo;habitude de faire bonne figure sur le championnat de motocross des Hauts de France. Cela fut le cas le week-end dernier \u00e0 Rozoy-sur-Serre et l&rsquo;\u00e9preuve de Le [&#8230;]<\/p>\n","protected":false},"author":932,"featured_media":118626,"comment_status":"open","ping_status":"closed","sticky":false,"template":"","format":"standard","meta":{"footnotes":""},"categories":[54,4,5,55,56,65],"tags":[1512,1511,947],"class_list":["post-118625","post","type-post","status-publish","format-standard","has-post-thumbnail","hentry","category-actualite","category-motocross","category-news","category-news-actualite","category-resultats","category-slideshow","tag-arnaud-herinne","tag-jeremy-coen","tag-motocross"],"yoast_head":"<!-- This site is optimized with the Yoast SEO plugin v27.4 - https:\/\/yoast.com\/product\/yoast-seo-wordpress\/ -->\n<title>Arnaud Herinne et Jeremy Coen en route vers le titre sur le championnat des Hauts de France - Motocross - Enduro - Supermoto | MotocrossMag<\/title>\n<meta name=\"robots\" content=\"index, follow, max-snippet:-1, max-image-preview:large, max-video-preview:-1\" \/>\n<link rel=\"canonical\" href=\"https:\/\/fr.motocrossmag.be\/index.php\/2022\/07\/arnaud-herinne-et-jeremy-coen-en-route-vers-le-titre-sur-le-championnat-des-hauts-de-france\/\" \/>\n<meta property=\"og:locale\" content=\"fr_FR\" \/>\n<meta property=\"og:type\" content=\"article\" \/>\n<meta property=\"og:title\" content=\"Arnaud Herinne et Jeremy Coen en route vers le titre sur le championnat des Hauts de France - Motocross - Enduro - Supermoto | MotocrossMag\" \/>\n<meta property=\"og:description\" content=\"Les Belges ont l&rsquo;habitude de faire bonne figure sur le championnat de motocross des Hauts de France. Cela fut le cas le week-end dernier \u00e0 Rozoy-sur-Serre et l&rsquo;\u00e9preuve de Le [...]\" \/>\n<meta property=\"og:url\" content=\"https:\/\/fr.motocrossmag.be\/index.php\/2022\/07\/arnaud-herinne-et-jeremy-coen-en-route-vers-le-titre-sur-le-championnat-des-hauts-de-france\/\" \/>\n<meta property=\"og:site_name\" content=\"Motocross - Enduro - Supermoto | MotocrossMag\" \/>\n<meta property=\"article:published_time\" content=\"2022-07-15T17:38:37+00:00\" \/>\n<meta property=\"og:image\" content=\"https:\/\/fr.motocrossmag.be\/wp-content\/uploads\/2022\/07\/herinne-hdf.jpg\" \/>\n\t<meta property=\"og:image:width\" content=\"796\" \/>\n\t<meta property=\"og:image:height\" content=\"540\" \/>\n\t<meta property=\"og:image:type\" content=\"image\/jpeg\" \/>\n<meta name=\"author\" content=\"oliviere\" \/>\n<meta name=\"twitter:card\" content=\"summary_large_image\" \/>\n<meta name=\"twitter:label1\" content=\"\u00c9crit par\" \/>\n\t<meta name=\"twitter:data1\" content=\"oliviere\" \/>\n\t<meta name=\"twitter:label2\" content=\"Dur\u00e9e de lecture estim\u00e9e\" \/>\n\t<meta name=\"twitter:data2\" content=\"2 minutes\" \/>\n<script type=\"application\/ld+json\" class=\"yoast-schema-graph\">{\"@context\":\"https:\\\/\\\/schema.org\",\"@graph\":[{\"@type\":\"Article\",\"@id\":\"https:\\\/\\\/fr.motocrossmag.be\\\/index.php\\\/2022\\\/07\\\/arnaud-herinne-et-jeremy-coen-en-route-vers-le-titre-sur-le-championnat-des-hauts-de-france\\\/#article\",\"isPartOf\":{\"@id\":\"https:\\\/\\\/fr.motocrossmag.be\\\/index.php\\\/2022\\\/07\\\/arnaud-herinne-et-jeremy-coen-en-route-vers-le-titre-sur-le-championnat-des-hauts-de-france\\\/\"},\"author\":{\"name\":\"oliviere\",\"@id\":\"https:\\\/\\\/fr.motocrossmag.be\\\/#\\\/schema\\\/person\\\/11b47143d9f755babca2c9110e03235c\"},\"headline\":\"Arnaud Herinne et Jeremy Coen en route vers le titre sur le championnat des Hauts de France\",\"datePublished\":\"2022-07-15T17:38:37+00:00\",\"mainEntityOfPage\":{\"@id\":\"https:\\\/\\\/fr.motocrossmag.be\\\/index.php\\\/2022\\\/07\\\/arnaud-herinne-et-jeremy-coen-en-route-vers-le-titre-sur-le-championnat-des-hauts-de-france\\\/\"},\"wordCount\":341,\"commentCount\":0,\"image\":{\"@id\":\"https:\\\/\\\/fr.motocrossmag.be\\\/index.php\\\/2022\\\/07\\\/arnaud-herinne-et-jeremy-coen-en-route-vers-le-titre-sur-le-championnat-des-hauts-de-france\\\/#primaryimage\"},\"thumbnailUrl\":\"https:\\\/\\\/fr.motocrossmag.be\\\/wp-content\\\/uploads\\\/2022\\\/07\\\/herinne-hdf.jpg\",\"keywords\":[\"arnaud herinne\",\"jeremy coen\",\"Motocross\"],\"articleSection\":[\"Actualit\u00e9\",\"Motocross\",\"News\",\"News\",\"R\u00e9sultats\",\"Slideshow\"],\"inLanguage\":\"fr-FR\",\"potentialAction\":[{\"@type\":\"CommentAction\",\"name\":\"Comment\",\"target\":[\"https:\\\/\\\/fr.motocrossmag.be\\\/index.php\\\/2022\\\/07\\\/arnaud-herinne-et-jeremy-coen-en-route-vers-le-titre-sur-le-championnat-des-hauts-de-france\\\/#respond\"]}]},{\"@type\":\"WebPage\",\"@id\":\"https:\\\/\\\/fr.motocrossmag.be\\\/index.php\\\/2022\\\/07\\\/arnaud-herinne-et-jeremy-coen-en-route-vers-le-titre-sur-le-championnat-des-hauts-de-france\\\/\",\"url\":\"https:\\\/\\\/fr.motocrossmag.be\\\/index.php\\\/2022\\\/07\\\/arnaud-herinne-et-jeremy-coen-en-route-vers-le-titre-sur-le-championnat-des-hauts-de-france\\\/\",\"name\":\"Arnaud Herinne et Jeremy Coen en route vers le titre sur le championnat des Hauts de France - Motocross - Enduro - Supermoto | MotocrossMag\",\"isPartOf\":{\"@id\":\"https:\\\/\\\/fr.motocrossmag.be\\\/#website\"},\"primaryImageOfPage\":{\"@id\":\"https:\\\/\\\/fr.motocrossmag.be\\\/index.php\\\/2022\\\/07\\\/arnaud-herinne-et-jeremy-coen-en-route-vers-le-titre-sur-le-championnat-des-hauts-de-france\\\/#primaryimage\"},\"image\":{\"@id\":\"https:\\\/\\\/fr.motocrossmag.be\\\/index.php\\\/2022\\\/07\\\/arnaud-herinne-et-jeremy-coen-en-route-vers-le-titre-sur-le-championnat-des-hauts-de-france\\\/#primaryimage\"},\"thumbnailUrl\":\"https:\\\/\\\/fr.motocrossmag.be\\\/wp-content\\\/uploads\\\/2022\\\/07\\\/herinne-hdf.jpg\",\"datePublished\":\"2022-07-15T17:38:37+00:00\",\"author\":{\"@id\":\"https:\\\/\\\/fr.motocrossmag.be\\\/#\\\/schema\\\/person\\\/11b47143d9f755babca2c9110e03235c\"},\"breadcrumb\":{\"@id\":\"https:\\\/\\\/fr.motocrossmag.be\\\/index.php\\\/2022\\\/07\\\/arnaud-herinne-et-jeremy-coen-en-route-vers-le-titre-sur-le-championnat-des-hauts-de-france\\\/#breadcrumb\"},\"inLanguage\":\"fr-FR\",\"potentialAction\":[{\"@type\":\"ReadAction\",\"target\":[\"https:\\\/\\\/fr.motocrossmag.be\\\/index.php\\\/2022\\\/07\\\/arnaud-herinne-et-jeremy-coen-en-route-vers-le-titre-sur-le-championnat-des-hauts-de-france\\\/\"]}]},{\"@type\":\"ImageObject\",\"inLanguage\":\"fr-FR\",\"@id\":\"https:\\\/\\\/fr.motocrossmag.be\\\/index.php\\\/2022\\\/07\\\/arnaud-herinne-et-jeremy-coen-en-route-vers-le-titre-sur-le-championnat-des-hauts-de-france\\\/#primaryimage\",\"url\":\"https:\\\/\\\/fr.motocrossmag.be\\\/wp-content\\\/uploads\\\/2022\\\/07\\\/herinne-hdf.jpg\",\"contentUrl\":\"https:\\\/\\\/fr.motocrossmag.be\\\/wp-content\\\/uploads\\\/2022\\\/07\\\/herinne-hdf.jpg\",\"width\":\"796\",\"height\":\"540\"},{\"@type\":\"BreadcrumbList\",\"@id\":\"https:\\\/\\\/fr.motocrossmag.be\\\/index.php\\\/2022\\\/07\\\/arnaud-herinne-et-jeremy-coen-en-route-vers-le-titre-sur-le-championnat-des-hauts-de-france\\\/#breadcrumb\",\"itemListElement\":[{\"@type\":\"ListItem\",\"position\":1,\"name\":\"Accueil\",\"item\":\"https:\\\/\\\/fr.motocrossmag.be\\\/\"},{\"@type\":\"ListItem\",\"position\":2,\"name\":\"Arnaud Herinne et Jeremy Coen en route vers le titre sur le championnat des Hauts de France\"}]},{\"@type\":\"WebSite\",\"@id\":\"https:\\\/\\\/fr.motocrossmag.be\\\/#website\",\"url\":\"https:\\\/\\\/fr.motocrossmag.be\\\/\",\"name\":\"Motocross - Enduro - Supermoto | MotocrossMag\",\"description\":\"L&#039;actualit\u00e9 du motocross, de l&#039;enduro et du Supermoto en ligne!\",\"potentialAction\":[{\"@type\":\"SearchAction\",\"target\":{\"@type\":\"EntryPoint\",\"urlTemplate\":\"https:\\\/\\\/fr.motocrossmag.be\\\/?s={search_term_string}\"},\"query-input\":{\"@type\":\"PropertyValueSpecification\",\"valueRequired\":true,\"valueName\":\"search_term_string\"}}],\"inLanguage\":\"fr-FR\"},{\"@type\":\"Person\",\"@id\":\"https:\\\/\\\/fr.motocrossmag.be\\\/#\\\/schema\\\/person\\\/11b47143d9f755babca2c9110e03235c\",\"name\":\"oliviere\",\"image\":{\"@type\":\"ImageObject\",\"inLanguage\":\"fr-FR\",\"@id\":\"https:\\\/\\\/secure.gravatar.com\\\/avatar\\\/907069e0b81d119452040469e4a7501da1100f54f7f80180ce77bfab718288f6?s=96&d=mm&r=g\",\"url\":\"https:\\\/\\\/secure.gravatar.com\\\/avatar\\\/907069e0b81d119452040469e4a7501da1100f54f7f80180ce77bfab718288f6?s=96&d=mm&r=g\",\"contentUrl\":\"https:\\\/\\\/secure.gravatar.com\\\/avatar\\\/907069e0b81d119452040469e4a7501da1100f54f7f80180ce77bfab718288f6?s=96&d=mm&r=g\",\"caption\":\"oliviere\"},\"sameAs\":[\"http:\\\/\\\/www.motocrossmag.be\"],\"url\":\"https:\\\/\\\/fr.motocrossmag.be\\\/index.php\\\/author\\\/oliviere\\\/\"}]}<\/script>\n<!-- \/ Yoast SEO plugin. -->","yoast_head_json":{"title":"Arnaud Herinne et Jeremy Coen en route vers le titre sur le championnat des Hauts de France - Motocross - Enduro - Supermoto | MotocrossMag","robots":{"index":"index","follow":"follow","max-snippet":"max-snippet:-1","max-image-preview":"max-image-preview:large","max-video-preview":"max-video-preview:-1"},"canonical":"https:\/\/fr.motocrossmag.be\/index.php\/2022\/07\/arnaud-herinne-et-jeremy-coen-en-route-vers-le-titre-sur-le-championnat-des-hauts-de-france\/","og_locale":"fr_FR","og_type":"article","og_title":"Arnaud Herinne et Jeremy Coen en route vers le titre sur le championnat des Hauts de France - Motocross - Enduro - Supermoto | MotocrossMag","og_description":"Les Belges ont l&rsquo;habitude de faire bonne figure sur le championnat de motocross des Hauts de France. Cela fut le cas le week-end dernier \u00e0 Rozoy-sur-Serre et l&rsquo;\u00e9preuve de Le [...]","og_url":"https:\/\/fr.motocrossmag.be\/index.php\/2022\/07\/arnaud-herinne-et-jeremy-coen-en-route-vers-le-titre-sur-le-championnat-des-hauts-de-france\/","og_site_name":"Motocross - Enduro - Supermoto | MotocrossMag","article_published_time":"2022-07-15T17:38:37+00:00","og_image":[{"width":796,"height":540,"url":"https:\/\/fr.motocrossmag.be\/wp-content\/uploads\/2022\/07\/herinne-hdf.jpg","type":"image\/jpeg"}],"author":"oliviere","twitter_card":"summary_large_image","twitter_misc":{"\u00c9crit par":"oliviere","Dur\u00e9e de lecture estim\u00e9e":"2 minutes"},"schema":{"@context":"https:\/\/schema.org","@graph":[{"@type":"Article","@id":"https:\/\/fr.motocrossmag.be\/index.php\/2022\/07\/arnaud-herinne-et-jeremy-coen-en-route-vers-le-titre-sur-le-championnat-des-hauts-de-france\/#article","isPartOf":{"@id":"https:\/\/fr.motocrossmag.be\/index.php\/2022\/07\/arnaud-herinne-et-jeremy-coen-en-route-vers-le-titre-sur-le-championnat-des-hauts-de-france\/"},"author":{"name":"oliviere","@id":"https:\/\/fr.motocrossmag.be\/#\/schema\/person\/11b47143d9f755babca2c9110e03235c"},"headline":"Arnaud Herinne et Jeremy Coen en route vers le titre sur le championnat des Hauts de France","datePublished":"2022-07-15T17:38:37+00:00","mainEntityOfPage":{"@id":"https:\/\/fr.motocrossmag.be\/index.php\/2022\/07\/arnaud-herinne-et-jeremy-coen-en-route-vers-le-titre-sur-le-championnat-des-hauts-de-france\/"},"wordCount":341,"commentCount":0,"image":{"@id":"https:\/\/fr.motocrossmag.be\/index.php\/2022\/07\/arnaud-herinne-et-jeremy-coen-en-route-vers-le-titre-sur-le-championnat-des-hauts-de-france\/#primaryimage"},"thumbnailUrl":"https:\/\/fr.motocrossmag.be\/wp-content\/uploads\/2022\/07\/herinne-hdf.jpg","keywords":["arnaud herinne","jeremy coen","Motocross"],"articleSection":["Actualit\u00e9","Motocross","News","News","R\u00e9sultats","Slideshow"],"inLanguage":"fr-FR","potentialAction":[{"@type":"CommentAction","name":"Comment","target":["https:\/\/fr.motocrossmag.be\/index.php\/2022\/07\/arnaud-herinne-et-jeremy-coen-en-route-vers-le-titre-sur-le-championnat-des-hauts-de-france\/#respond"]}]},{"@type":"WebPage","@id":"https:\/\/fr.motocrossmag.be\/index.php\/2022\/07\/arnaud-herinne-et-jeremy-coen-en-route-vers-le-titre-sur-le-championnat-des-hauts-de-france\/","url":"https:\/\/fr.motocrossmag.be\/index.php\/2022\/07\/arnaud-herinne-et-jeremy-coen-en-route-vers-le-titre-sur-le-championnat-des-hauts-de-france\/","name":"Arnaud Herinne et Jeremy Coen en route vers le titre sur le championnat des Hauts de France - Motocross - Enduro - Supermoto | MotocrossMag","isPartOf":{"@id":"https:\/\/fr.motocrossmag.be\/#website"},"primaryImageOfPage":{"@id":"https:\/\/fr.motocrossmag.be\/index.php\/2022\/07\/arnaud-herinne-et-jeremy-coen-en-route-vers-le-titre-sur-le-championnat-des-hauts-de-france\/#primaryimage"},"image":{"@id":"https:\/\/fr.motocrossmag.be\/index.php\/2022\/07\/arnaud-herinne-et-jeremy-coen-en-route-vers-le-titre-sur-le-championnat-des-hauts-de-france\/#primaryimage"},"thumbnailUrl":"https:\/\/fr.motocrossmag.be\/wp-content\/uploads\/2022\/07\/herinne-hdf.jpg","datePublished":"2022-07-15T17:38:37+00:00","author":{"@id":"https:\/\/fr.motocrossmag.be\/#\/schema\/person\/11b47143d9f755babca2c9110e03235c"},"breadcrumb":{"@id":"https:\/\/fr.motocrossmag.be\/index.php\/2022\/07\/arnaud-herinne-et-jeremy-coen-en-route-vers-le-titre-sur-le-championnat-des-hauts-de-france\/#breadcrumb"},"inLanguage":"fr-FR","potentialAction":[{"@type":"ReadAction","target":["https:\/\/fr.motocrossmag.be\/index.php\/2022\/07\/arnaud-herinne-et-jeremy-coen-en-route-vers-le-titre-sur-le-championnat-des-hauts-de-france\/"]}]},{"@type":"ImageObject","inLanguage":"fr-FR","@id":"https:\/\/fr.motocrossmag.be\/index.php\/2022\/07\/arnaud-herinne-et-jeremy-coen-en-route-vers-le-titre-sur-le-championnat-des-hauts-de-france\/#primaryimage","url":"https:\/\/fr.motocrossmag.be\/wp-content\/uploads\/2022\/07\/herinne-hdf.jpg","contentUrl":"https:\/\/fr.motocrossmag.be\/wp-content\/uploads\/2022\/07\/herinne-hdf.jpg","width":"796","height":"540"},{"@type":"BreadcrumbList","@id":"https:\/\/fr.motocrossmag.be\/index.php\/2022\/07\/arnaud-herinne-et-jeremy-coen-en-route-vers-le-titre-sur-le-championnat-des-hauts-de-france\/#breadcrumb","itemListElement":[{"@type":"ListItem","position":1,"name":"Accueil","item":"https:\/\/fr.motocrossmag.be\/"},{"@type":"ListItem","position":2,"name":"Arnaud Herinne et Jeremy Coen en route vers le titre sur le championnat des Hauts de France"}]},{"@type":"WebSite","@id":"https:\/\/fr.motocrossmag.be\/#website","url":"https:\/\/fr.motocrossmag.be\/","name":"Motocross - Enduro - Supermoto | MotocrossMag","description":"L&#039;actualit\u00e9 du motocross, de l&#039;enduro et du Supermoto en ligne!","potentialAction":[{"@type":"SearchAction","target":{"@type":"EntryPoint","urlTemplate":"https:\/\/fr.motocrossmag.be\/?s={search_term_string}"},"query-input":{"@type":"PropertyValueSpecification","valueRequired":true,"valueName":"search_term_string"}}],"inLanguage":"fr-FR"},{"@type":"Person","@id":"https:\/\/fr.motocrossmag.be\/#\/schema\/person\/11b47143d9f755babca2c9110e03235c","name":"oliviere","image":{"@type":"ImageObject","inLanguage":"fr-FR","@id":"https:\/\/secure.gravatar.com\/avatar\/907069e0b81d119452040469e4a7501da1100f54f7f80180ce77bfab718288f6?s=96&d=mm&r=g","url":"https:\/\/secure.gravatar.com\/avatar\/907069e0b81d119452040469e4a7501da1100f54f7f80180ce77bfab718288f6?s=96&d=mm&r=g","contentUrl":"https:\/\/secure.gravatar.com\/avatar\/907069e0b81d119452040469e4a7501da1100f54f7f80180ce77bfab718288f6?s=96&d=mm&r=g","caption":"oliviere"},"sameAs":["http:\/\/www.motocrossmag.be"],"url":"https:\/\/fr.motocrossmag.be\/index.php\/author\/oliviere\/"}]}},"_links":{"self":[{"href":"https:\/\/fr.motocrossmag.be\/index.php\/wp-json\/wp\/v2\/posts\/118625","targetHints":{"allow":["GET"]}}],"collection":[{"href":"https:\/\/fr.motocrossmag.be\/index.php\/wp-json\/wp\/v2\/posts"}],"about":[{"href":"https:\/\/fr.motocrossmag.be\/index.php\/wp-json\/wp\/v2\/types\/post"}],"author":[{"embeddable":true,"href":"https:\/\/fr.motocrossmag.be\/index.php\/wp-json\/wp\/v2\/users\/932"}],"replies":[{"embeddable":true,"href":"https:\/\/fr.motocrossmag.be\/index.php\/wp-json\/wp\/v2\/comments?post=118625"}],"version-history":[{"count":0,"href":"https:\/\/fr.motocrossmag.be\/index.php\/wp-json\/wp\/v2\/posts\/118625\/revisions"}],"wp:featuredmedia":[{"embeddable":true,"href":"https:\/\/fr.motocrossmag.be\/index.php\/wp-json\/wp\/v2\/media\/118626"}],"wp:attachment":[{"href":"https:\/\/fr.motocrossmag.be\/index.php\/wp-json\/wp\/v2\/media?parent=118625"}],"wp:term":[{"taxonomy":"category","embeddable":true,"href":"https:\/\/fr.motocrossmag.be\/index.php\/wp-json\/wp\/v2\/categories?post=118625"},{"taxonomy":"post_tag","embeddable":true,"href":"https:\/\/fr.motocrossmag.be\/index.php\/wp-json\/wp\/v2\/tags?post=118625"}],"curies":[{"name":"wp","href":"https:\/\/api.w.org\/{rel}","templated":true}]}}