{"id":118628,"date":"2022-07-15T19:56:00","date_gmt":"2022-07-15T17:56:00","guid":{"rendered":"http:\/\/fr.motocrossmag.be\/?p=118628"},"modified":"2022-07-15T19:56:00","modified_gmt":"2022-07-15T17:56:00","slug":"mxgp-a-loket-les-pilotes-engages-2","status":"publish","type":"post","link":"https:\/\/fr.motocrossmag.be\/index.php\/2022\/07\/mxgp-a-loket-les-pilotes-engages-2\/","title":{"rendered":"MXGP \u00e0 Loket : les pilotes engag\u00e9s"},"content":{"rendered":"<p><strong>On n&rsquo;a pas toujours \u00e9t\u00e9 habitu\u00e9 \u00e0 cela mais il y aura du monde ce week-end derri\u00e8re la grille de d\u00e9part du GP de Loket ! Si Sacha Coenen ne figure pas sur les listes FIM, le jeune Belge fera bel et bien ses d\u00e9buts aux c\u00f4t\u00e9s de son fr\u00e8re sur le championnat du monde MX2 ces 16 et 17 juillet. Le Fran\u00e7ais Maxime Graux vivra lui aussi sa premi\u00e8re exp\u00e9rience mondiale \u00e0 Loket.<\/strong><\/p>\n<p>C\u00f4t\u00e9 belge, on note \u00e9galement le retour confirm\u00e9 de Liam Everts, absent du GP d&rsquo;Indon\u00e9sie pour cause de blessure, et la pr\u00e9sence de Florent Lambillon et de Packo Destercq en MX2.<\/p>\n<p><span style=\"color: #800000;\"><strong>Pilotes engag\u00e9s &#8211; Loket<\/strong><\/span><\/p>\n<p><strong>MXGP<br \/>\n<\/strong><br \/>\n3 Febvre Romain Kawasaki FRA FFM Kawasaki Racing Team MXGP<br \/>\n10 Vlaanderen Calvin Yamaha NED KNMV Gebben Van Venrooy Yamaha Racing<br \/>\n12 Jost Simon KTM SVK SMF Osicka MX Team<br \/>\n14 Beaton Jed Kawasaki AUS MA F&amp;H Kawasaki Racing Team<br \/>\n16 Paturel Benoit Honda FRA FFM TEAM SHIP TO CYCLE HONDA SR MOTOBLOUZ<br \/>\n29 Jacobi Henry Honda GER DMSB JM Honda Racing<br \/>\n<strong>32 Van doninck Brent Yamaha BEL FMB Riley Racing<\/strong><br \/>\n41 Jonass Pauls Husqvarna LAT LAMSF Standing Construct Husqvarna Factory Racing Team<br \/>\n43 Evans Mitchell Honda AUS MA Team HRC<br \/>\n46 Pootjes Davy Honda NED KNMV JWR Honda Racing<br \/>\n61 Prado Jorge GASGAS ESP RFME Red Bull GASGAS Factory Racing<br \/>\n70 Fernandez Ruben Honda ESP RFME Honda 114 Motorsports<br \/>\n75 Roosiorg Hardi KTM EST EMF Sahkar Racing<br \/>\n77 Lupino Alessandro Beta ITA FMI BETA-SDMCORSE MX TEAM<br \/>\n87 Brumann Kevin Yamaha SUI FMS iXS hostettler MXGP Team<br \/>\n<strong>89 Van Horebeek Jeremy Beta BEL FMB BETA-SDMCORSE MX TEAM<\/strong><br \/>\n91 Seewer Jeremy Yamaha SUI FMS Monster Energy Yamaha Factory MXGP<br \/>\n92 Guillod Valentin Yamaha SUI FMS iXS hostettler MXGP Team<br \/>\n99 Zaragoza Jorge Honda ESP RFME KMP HONDA RACING<br \/>\n101 Guadagnini Mattia GASGAS ITA FMI Red Bull GASGAS Factory Racing<br \/>\n128 Monticelli Ivo Honda ITA FMI JM Honda Racing<br \/>\n147 Sihvonen Miro Honda FIN SML JWR Honda Racing<br \/>\n151 Kullas Harri Yamaha EST EMF Gebben Van Venrooy Yamaha Racing<br \/>\n152 Petrov Petar Kawasaki BUL BMF ?<br \/>\n161 \u00d6stlund Alvin Yamaha SWE SVEMO JK Racing Yamaha<br \/>\n183 Locurcio Lorenzo KTM VEN FMV JD GUNNEX KTM Racing Team<br \/>\n188 Drdaj Du\u0161an GASGAS CZE ACCR Wild-Card<br \/>\n189 Bogers Brian Husqvarna NED KNMV Standing Construct Husqvarna Factory Racing Team<br \/>\n211 Lapucci Nicholas Fantic ITA FMI Fantic Factory Team Maddii<br \/>\n226 Koch Tom KTM GER DMSB KTM Kosak Team<br \/>\n243 Gajser Tim Honda SLO AMZS Team HRC<br \/>\n259 Coldenhoff Glenn Yamaha NED KNMV Monster Energy Yamaha Factory MXGP<br \/>\n303 Forato Alberto GASGAS ITA FMI SM ACTION RACING TEAM YUASA Battery<br \/>\n377 Krc Martin KTM CZE ACCR Osicka MX Team<br \/>\n426 Mewse Conrad KTM GBR ACU ?<br \/>\n427 Fredriksen Hakon Honda NOR NMF Honda 114 Motorsports<br \/>\n831 Wysocki Tomasz KTM POL PZM JD GUNNEX KTM Racing Team<br \/>\n911 Tixier Jordi KTM FRA FFM 911 Racing-KTM<br \/>\n919 Watson Ben Kawasaki GBR ACU Kawasaki Racing Team MXGP<br \/>\n959 Renaux Maxime Yamaha FRA FFM Monster Energy Yamaha Factory MXGP<\/p>\n<p><strong>MX2<br \/>\n<\/strong><br \/>\n11 Haarup Mikkel Kawasaki DEN DMU Big Van World MTX Kawasaki<br \/>\n22 Facchetti Gianluca KTM ITA FMI Beddini KTM<br \/>\n24 Horgmo Kevin Kawasaki NOR NMF F&amp;H Kawasaki Racing Team<br \/>\n27 Guyon Tom KTM FRA FFM Team VRT<br \/>\n28 Vialle Tom KTM FRA FFM Red Bull KTM Factory Racing<br \/>\n33 Karssemakers Kay KTM NED KNMV Hitachi KTM fuelled by Milwaukee<br \/>\n38 Rubini Stephen Honda FRA FFM TEAM SHIP TO CYCLE HONDA SR MOTOBLOUZ<br \/>\n45 Kohut Tomas KTM SVK SMF Osicka MX Team<br \/>\n51 Oliver Oriol KTM ESP RFME WZ RACING TEAM<br \/>\n53 Lata Valerio KTM ITA FMI MRT Racing Team KTM<br \/>\n55 Dusek Adam GASGAS CZE ACCR Wild-Card<br \/>\n71 Spies Maximilian KTM GER DMSB Schmicker Racing<br \/>\n<strong>72 Everts Liam KTM BEL FMB DIGA PROCROSS KTM RACING<br \/>\n<\/strong>74 de Wolf Kay Husqvarna NED KNMV Nestaan Husqvarna Factory Racing<br \/>\n80 Adamo Andrea GASGAS ITA FMI SM ACTION RACING TEAM YUASA Battery<br \/>\n93 Geerts Jago Yamaha BEL FMB Monster Energy Yamaha Factory MX2 Team<br \/>\n104 Sydow Jeremy KTM GER DMSB Raths Motorsports<br \/>\n122 Mc Lellan Camden KTM RSA KNMV TBS Conversions Racing Team<br \/>\n125 Weckman Emil Honda FIN SML TEAM SHIP TO CYCLE HONDA SR MOTOBLOUZ<br \/>\n<strong>193 Coenen Lucas Husqvarna BEL FMB Jumbo Husqvarna BT Racing Team<\/strong><br \/>\n198 Benistant Thibault Yamaha FRA FFM Monster Energy Yamaha Factory MX2 Team<br \/>\n199 Rathousky Petr KTM CZE ACCR JD GUNNEX KTM Racing Team<br \/>\n224 Teresak Jakub KTM CZE ACCR JD GUNNEX KTM Racing Team<br \/>\n253 Pancar Jan KTM SLO AMZS TEM JP253<br \/>\n256 Smith Magnus Yamaha DEN DMU WIld-Card<br \/>\n261 Talviku Jorgen-Matthias Husqvarna EST EMF ?<br \/>\n300 Ludwig Noah KTM GER DMSB Becker Racing<br \/>\n313 Polak Petr Honda CZE ACCR JM Honda Racing<br \/>\n338 Olsson Filip Husqvarna SWE SVEMO Powerbyjjracingteam<br \/>\n359 Grau Maxime Husqvarna FRA FFM Nestaan Husqvarna Factory Racing<br \/>\n401 Stauffer Marcel KTM AUT AMF WZ RACING TEAM<br \/>\n403 Boegh Damm Bastian KTM DEN DMU WZ RACING TEAM<br \/>\n491 Haberland Paul Honda GER DMSB KMP HONDA RACING<br \/>\n516 Laengenfelder Simon GASGAS GER DMSB Red Bull GASGAS Factory Racing<br \/>\n517 Gifting Isak KTM SWE SVEMO Hitachi KTM fuelled by Milwaukee<br \/>\n<strong>611 Destercq Pako Yamaha BEL FMB \u2013<br \/>\n632 Lambillon Florent Suzuki BEL FMB Everest Racing Team<\/strong><br \/>\n696 Gwerder Mike KTM SUI FMS WZ RACING TEAM<br \/>\n717 Wagenknecht Jan Husqvarna CZE ACCR<br \/>\n912 Rizzi Joel Yamaha GBR ACU Riley Racing<\/p>\n","protected":false},"excerpt":{"rendered":"<p>On n&rsquo;a pas toujours \u00e9t\u00e9 habitu\u00e9 \u00e0 cela mais il y aura du monde ce week-end derri\u00e8re la grille de d\u00e9part du GP de Loket ! Si Sacha Coenen ne [&#8230;]<\/p>\n","protected":false},"author":932,"featured_media":118270,"comment_status":"open","ping_status":"closed","sticky":false,"template":"","format":"standard","meta":{"footnotes":""},"categories":[54,4,6,5,55,65],"tags":[200,947,568],"class_list":["post-118628","post","type-post","status-publish","format-standard","has-post-thumbnail","hentry","category-actualite","category-motocross","category-mx1mx2","category-news","category-news-actualite","category-slideshow","tag-loket","tag-motocross","tag-mxgp"],"yoast_head":"<!-- This site is optimized with the Yoast SEO plugin v27.4 - https:\/\/yoast.com\/product\/yoast-seo-wordpress\/ -->\n<title>MXGP \u00e0 Loket : les pilotes engag\u00e9s - Motocross - Enduro - Supermoto | MotocrossMag<\/title>\n<meta name=\"robots\" content=\"index, follow, max-snippet:-1, max-image-preview:large, max-video-preview:-1\" \/>\n<link rel=\"canonical\" href=\"https:\/\/fr.motocrossmag.be\/index.php\/2022\/07\/mxgp-a-loket-les-pilotes-engages-2\/\" \/>\n<meta property=\"og:locale\" content=\"fr_FR\" \/>\n<meta property=\"og:type\" content=\"article\" \/>\n<meta property=\"og:title\" content=\"MXGP \u00e0 Loket : les pilotes engag\u00e9s - Motocross - Enduro - Supermoto | MotocrossMag\" \/>\n<meta property=\"og:description\" content=\"On n&rsquo;a pas toujours \u00e9t\u00e9 habitu\u00e9 \u00e0 cela mais il y aura du monde ce week-end derri\u00e8re la grille de d\u00e9part du GP de Loket ! Si Sacha Coenen ne [...]\" \/>\n<meta property=\"og:url\" content=\"https:\/\/fr.motocrossmag.be\/index.php\/2022\/07\/mxgp-a-loket-les-pilotes-engages-2\/\" \/>\n<meta property=\"og:site_name\" content=\"Motocross - Enduro - Supermoto | MotocrossMag\" \/>\n<meta property=\"article:published_time\" content=\"2022-07-15T17:56:00+00:00\" \/>\n<meta property=\"og:image\" content=\"https:\/\/fr.motocrossmag.be\/wp-content\/uploads\/2022\/06\/HMF_9157.jpg\" \/>\n\t<meta property=\"og:image:width\" content=\"882\" \/>\n\t<meta property=\"og:image:height\" content=\"600\" \/>\n\t<meta property=\"og:image:type\" content=\"image\/jpeg\" \/>\n<meta name=\"author\" content=\"oliviere\" \/>\n<meta name=\"twitter:card\" content=\"summary_large_image\" \/>\n<meta name=\"twitter:label1\" content=\"\u00c9crit par\" \/>\n\t<meta name=\"twitter:data1\" content=\"oliviere\" \/>\n\t<meta name=\"twitter:label2\" content=\"Dur\u00e9e de lecture estim\u00e9e\" \/>\n\t<meta name=\"twitter:data2\" content=\"4 minutes\" \/>\n<script type=\"application\/ld+json\" class=\"yoast-schema-graph\">{\"@context\":\"https:\\\/\\\/schema.org\",\"@graph\":[{\"@type\":\"Article\",\"@id\":\"https:\\\/\\\/fr.motocrossmag.be\\\/index.php\\\/2022\\\/07\\\/mxgp-a-loket-les-pilotes-engages-2\\\/#article\",\"isPartOf\":{\"@id\":\"https:\\\/\\\/fr.motocrossmag.be\\\/index.php\\\/2022\\\/07\\\/mxgp-a-loket-les-pilotes-engages-2\\\/\"},\"author\":{\"name\":\"oliviere\",\"@id\":\"https:\\\/\\\/fr.motocrossmag.be\\\/#\\\/schema\\\/person\\\/11b47143d9f755babca2c9110e03235c\"},\"headline\":\"MXGP \u00e0 Loket : les pilotes engag\u00e9s\",\"datePublished\":\"2022-07-15T17:56:00+00:00\",\"mainEntityOfPage\":{\"@id\":\"https:\\\/\\\/fr.motocrossmag.be\\\/index.php\\\/2022\\\/07\\\/mxgp-a-loket-les-pilotes-engages-2\\\/\"},\"wordCount\":815,\"commentCount\":0,\"image\":{\"@id\":\"https:\\\/\\\/fr.motocrossmag.be\\\/index.php\\\/2022\\\/07\\\/mxgp-a-loket-les-pilotes-engages-2\\\/#primaryimage\"},\"thumbnailUrl\":\"https:\\\/\\\/fr.motocrossmag.be\\\/wp-content\\\/uploads\\\/2022\\\/06\\\/HMF_9157.jpg\",\"keywords\":[\"Loket\",\"Motocross\",\"MXGP\"],\"articleSection\":[\"Actualit\u00e9\",\"Motocross\",\"Motocross MXGP\",\"News\",\"News\",\"Slideshow\"],\"inLanguage\":\"fr-FR\",\"potentialAction\":[{\"@type\":\"CommentAction\",\"name\":\"Comment\",\"target\":[\"https:\\\/\\\/fr.motocrossmag.be\\\/index.php\\\/2022\\\/07\\\/mxgp-a-loket-les-pilotes-engages-2\\\/#respond\"]}]},{\"@type\":\"WebPage\",\"@id\":\"https:\\\/\\\/fr.motocrossmag.be\\\/index.php\\\/2022\\\/07\\\/mxgp-a-loket-les-pilotes-engages-2\\\/\",\"url\":\"https:\\\/\\\/fr.motocrossmag.be\\\/index.php\\\/2022\\\/07\\\/mxgp-a-loket-les-pilotes-engages-2\\\/\",\"name\":\"MXGP \u00e0 Loket : les pilotes engag\u00e9s - Motocross - Enduro - Supermoto | MotocrossMag\",\"isPartOf\":{\"@id\":\"https:\\\/\\\/fr.motocrossmag.be\\\/#website\"},\"primaryImageOfPage\":{\"@id\":\"https:\\\/\\\/fr.motocrossmag.be\\\/index.php\\\/2022\\\/07\\\/mxgp-a-loket-les-pilotes-engages-2\\\/#primaryimage\"},\"image\":{\"@id\":\"https:\\\/\\\/fr.motocrossmag.be\\\/index.php\\\/2022\\\/07\\\/mxgp-a-loket-les-pilotes-engages-2\\\/#primaryimage\"},\"thumbnailUrl\":\"https:\\\/\\\/fr.motocrossmag.be\\\/wp-content\\\/uploads\\\/2022\\\/06\\\/HMF_9157.jpg\",\"datePublished\":\"2022-07-15T17:56:00+00:00\",\"author\":{\"@id\":\"https:\\\/\\\/fr.motocrossmag.be\\\/#\\\/schema\\\/person\\\/11b47143d9f755babca2c9110e03235c\"},\"breadcrumb\":{\"@id\":\"https:\\\/\\\/fr.motocrossmag.be\\\/index.php\\\/2022\\\/07\\\/mxgp-a-loket-les-pilotes-engages-2\\\/#breadcrumb\"},\"inLanguage\":\"fr-FR\",\"potentialAction\":[{\"@type\":\"ReadAction\",\"target\":[\"https:\\\/\\\/fr.motocrossmag.be\\\/index.php\\\/2022\\\/07\\\/mxgp-a-loket-les-pilotes-engages-2\\\/\"]}]},{\"@type\":\"ImageObject\",\"inLanguage\":\"fr-FR\",\"@id\":\"https:\\\/\\\/fr.motocrossmag.be\\\/index.php\\\/2022\\\/07\\\/mxgp-a-loket-les-pilotes-engages-2\\\/#primaryimage\",\"url\":\"https:\\\/\\\/fr.motocrossmag.be\\\/wp-content\\\/uploads\\\/2022\\\/06\\\/HMF_9157.jpg\",\"contentUrl\":\"https:\\\/\\\/fr.motocrossmag.be\\\/wp-content\\\/uploads\\\/2022\\\/06\\\/HMF_9157.jpg\",\"width\":\"882\",\"height\":\"600\"},{\"@type\":\"BreadcrumbList\",\"@id\":\"https:\\\/\\\/fr.motocrossmag.be\\\/index.php\\\/2022\\\/07\\\/mxgp-a-loket-les-pilotes-engages-2\\\/#breadcrumb\",\"itemListElement\":[{\"@type\":\"ListItem\",\"position\":1,\"name\":\"Accueil\",\"item\":\"https:\\\/\\\/fr.motocrossmag.be\\\/\"},{\"@type\":\"ListItem\",\"position\":2,\"name\":\"MXGP \u00e0 Loket : les pilotes engag\u00e9s\"}]},{\"@type\":\"WebSite\",\"@id\":\"https:\\\/\\\/fr.motocrossmag.be\\\/#website\",\"url\":\"https:\\\/\\\/fr.motocrossmag.be\\\/\",\"name\":\"Motocross - Enduro - Supermoto | MotocrossMag\",\"description\":\"L&#039;actualit\u00e9 du motocross, de l&#039;enduro et du Supermoto en ligne!\",\"potentialAction\":[{\"@type\":\"SearchAction\",\"target\":{\"@type\":\"EntryPoint\",\"urlTemplate\":\"https:\\\/\\\/fr.motocrossmag.be\\\/?s={search_term_string}\"},\"query-input\":{\"@type\":\"PropertyValueSpecification\",\"valueRequired\":true,\"valueName\":\"search_term_string\"}}],\"inLanguage\":\"fr-FR\"},{\"@type\":\"Person\",\"@id\":\"https:\\\/\\\/fr.motocrossmag.be\\\/#\\\/schema\\\/person\\\/11b47143d9f755babca2c9110e03235c\",\"name\":\"oliviere\",\"image\":{\"@type\":\"ImageObject\",\"inLanguage\":\"fr-FR\",\"@id\":\"https:\\\/\\\/secure.gravatar.com\\\/avatar\\\/907069e0b81d119452040469e4a7501da1100f54f7f80180ce77bfab718288f6?s=96&d=mm&r=g\",\"url\":\"https:\\\/\\\/secure.gravatar.com\\\/avatar\\\/907069e0b81d119452040469e4a7501da1100f54f7f80180ce77bfab718288f6?s=96&d=mm&r=g\",\"contentUrl\":\"https:\\\/\\\/secure.gravatar.com\\\/avatar\\\/907069e0b81d119452040469e4a7501da1100f54f7f80180ce77bfab718288f6?s=96&d=mm&r=g\",\"caption\":\"oliviere\"},\"sameAs\":[\"http:\\\/\\\/www.motocrossmag.be\"],\"url\":\"https:\\\/\\\/fr.motocrossmag.be\\\/index.php\\\/author\\\/oliviere\\\/\"}]}<\/script>\n<!-- \/ Yoast SEO plugin. -->","yoast_head_json":{"title":"MXGP \u00e0 Loket : les pilotes engag\u00e9s - Motocross - Enduro - Supermoto | MotocrossMag","robots":{"index":"index","follow":"follow","max-snippet":"max-snippet:-1","max-image-preview":"max-image-preview:large","max-video-preview":"max-video-preview:-1"},"canonical":"https:\/\/fr.motocrossmag.be\/index.php\/2022\/07\/mxgp-a-loket-les-pilotes-engages-2\/","og_locale":"fr_FR","og_type":"article","og_title":"MXGP \u00e0 Loket : les pilotes engag\u00e9s - Motocross - Enduro - Supermoto | MotocrossMag","og_description":"On n&rsquo;a pas toujours \u00e9t\u00e9 habitu\u00e9 \u00e0 cela mais il y aura du monde ce week-end derri\u00e8re la grille de d\u00e9part du GP de Loket ! Si Sacha Coenen ne [...]","og_url":"https:\/\/fr.motocrossmag.be\/index.php\/2022\/07\/mxgp-a-loket-les-pilotes-engages-2\/","og_site_name":"Motocross - Enduro - Supermoto | MotocrossMag","article_published_time":"2022-07-15T17:56:00+00:00","og_image":[{"width":882,"height":600,"url":"https:\/\/fr.motocrossmag.be\/wp-content\/uploads\/2022\/06\/HMF_9157.jpg","type":"image\/jpeg"}],"author":"oliviere","twitter_card":"summary_large_image","twitter_misc":{"\u00c9crit par":"oliviere","Dur\u00e9e de lecture estim\u00e9e":"4 minutes"},"schema":{"@context":"https:\/\/schema.org","@graph":[{"@type":"Article","@id":"https:\/\/fr.motocrossmag.be\/index.php\/2022\/07\/mxgp-a-loket-les-pilotes-engages-2\/#article","isPartOf":{"@id":"https:\/\/fr.motocrossmag.be\/index.php\/2022\/07\/mxgp-a-loket-les-pilotes-engages-2\/"},"author":{"name":"oliviere","@id":"https:\/\/fr.motocrossmag.be\/#\/schema\/person\/11b47143d9f755babca2c9110e03235c"},"headline":"MXGP \u00e0 Loket : les pilotes engag\u00e9s","datePublished":"2022-07-15T17:56:00+00:00","mainEntityOfPage":{"@id":"https:\/\/fr.motocrossmag.be\/index.php\/2022\/07\/mxgp-a-loket-les-pilotes-engages-2\/"},"wordCount":815,"commentCount":0,"image":{"@id":"https:\/\/fr.motocrossmag.be\/index.php\/2022\/07\/mxgp-a-loket-les-pilotes-engages-2\/#primaryimage"},"thumbnailUrl":"https:\/\/fr.motocrossmag.be\/wp-content\/uploads\/2022\/06\/HMF_9157.jpg","keywords":["Loket","Motocross","MXGP"],"articleSection":["Actualit\u00e9","Motocross","Motocross MXGP","News","News","Slideshow"],"inLanguage":"fr-FR","potentialAction":[{"@type":"CommentAction","name":"Comment","target":["https:\/\/fr.motocrossmag.be\/index.php\/2022\/07\/mxgp-a-loket-les-pilotes-engages-2\/#respond"]}]},{"@type":"WebPage","@id":"https:\/\/fr.motocrossmag.be\/index.php\/2022\/07\/mxgp-a-loket-les-pilotes-engages-2\/","url":"https:\/\/fr.motocrossmag.be\/index.php\/2022\/07\/mxgp-a-loket-les-pilotes-engages-2\/","name":"MXGP \u00e0 Loket : les pilotes engag\u00e9s - Motocross - Enduro - Supermoto | MotocrossMag","isPartOf":{"@id":"https:\/\/fr.motocrossmag.be\/#website"},"primaryImageOfPage":{"@id":"https:\/\/fr.motocrossmag.be\/index.php\/2022\/07\/mxgp-a-loket-les-pilotes-engages-2\/#primaryimage"},"image":{"@id":"https:\/\/fr.motocrossmag.be\/index.php\/2022\/07\/mxgp-a-loket-les-pilotes-engages-2\/#primaryimage"},"thumbnailUrl":"https:\/\/fr.motocrossmag.be\/wp-content\/uploads\/2022\/06\/HMF_9157.jpg","datePublished":"2022-07-15T17:56:00+00:00","author":{"@id":"https:\/\/fr.motocrossmag.be\/#\/schema\/person\/11b47143d9f755babca2c9110e03235c"},"breadcrumb":{"@id":"https:\/\/fr.motocrossmag.be\/index.php\/2022\/07\/mxgp-a-loket-les-pilotes-engages-2\/#breadcrumb"},"inLanguage":"fr-FR","potentialAction":[{"@type":"ReadAction","target":["https:\/\/fr.motocrossmag.be\/index.php\/2022\/07\/mxgp-a-loket-les-pilotes-engages-2\/"]}]},{"@type":"ImageObject","inLanguage":"fr-FR","@id":"https:\/\/fr.motocrossmag.be\/index.php\/2022\/07\/mxgp-a-loket-les-pilotes-engages-2\/#primaryimage","url":"https:\/\/fr.motocrossmag.be\/wp-content\/uploads\/2022\/06\/HMF_9157.jpg","contentUrl":"https:\/\/fr.motocrossmag.be\/wp-content\/uploads\/2022\/06\/HMF_9157.jpg","width":"882","height":"600"},{"@type":"BreadcrumbList","@id":"https:\/\/fr.motocrossmag.be\/index.php\/2022\/07\/mxgp-a-loket-les-pilotes-engages-2\/#breadcrumb","itemListElement":[{"@type":"ListItem","position":1,"name":"Accueil","item":"https:\/\/fr.motocrossmag.be\/"},{"@type":"ListItem","position":2,"name":"MXGP \u00e0 Loket : les pilotes engag\u00e9s"}]},{"@type":"WebSite","@id":"https:\/\/fr.motocrossmag.be\/#website","url":"https:\/\/fr.motocrossmag.be\/","name":"Motocross - Enduro - Supermoto | MotocrossMag","description":"L&#039;actualit\u00e9 du motocross, de l&#039;enduro et du Supermoto en ligne!","potentialAction":[{"@type":"SearchAction","target":{"@type":"EntryPoint","urlTemplate":"https:\/\/fr.motocrossmag.be\/?s={search_term_string}"},"query-input":{"@type":"PropertyValueSpecification","valueRequired":true,"valueName":"search_term_string"}}],"inLanguage":"fr-FR"},{"@type":"Person","@id":"https:\/\/fr.motocrossmag.be\/#\/schema\/person\/11b47143d9f755babca2c9110e03235c","name":"oliviere","image":{"@type":"ImageObject","inLanguage":"fr-FR","@id":"https:\/\/secure.gravatar.com\/avatar\/907069e0b81d119452040469e4a7501da1100f54f7f80180ce77bfab718288f6?s=96&d=mm&r=g","url":"https:\/\/secure.gravatar.com\/avatar\/907069e0b81d119452040469e4a7501da1100f54f7f80180ce77bfab718288f6?s=96&d=mm&r=g","contentUrl":"https:\/\/secure.gravatar.com\/avatar\/907069e0b81d119452040469e4a7501da1100f54f7f80180ce77bfab718288f6?s=96&d=mm&r=g","caption":"oliviere"},"sameAs":["http:\/\/www.motocrossmag.be"],"url":"https:\/\/fr.motocrossmag.be\/index.php\/author\/oliviere\/"}]}},"_links":{"self":[{"href":"https:\/\/fr.motocrossmag.be\/index.php\/wp-json\/wp\/v2\/posts\/118628","targetHints":{"allow":["GET"]}}],"collection":[{"href":"https:\/\/fr.motocrossmag.be\/index.php\/wp-json\/wp\/v2\/posts"}],"about":[{"href":"https:\/\/fr.motocrossmag.be\/index.php\/wp-json\/wp\/v2\/types\/post"}],"author":[{"embeddable":true,"href":"https:\/\/fr.motocrossmag.be\/index.php\/wp-json\/wp\/v2\/users\/932"}],"replies":[{"embeddable":true,"href":"https:\/\/fr.motocrossmag.be\/index.php\/wp-json\/wp\/v2\/comments?post=118628"}],"version-history":[{"count":0,"href":"https:\/\/fr.motocrossmag.be\/index.php\/wp-json\/wp\/v2\/posts\/118628\/revisions"}],"wp:featuredmedia":[{"embeddable":true,"href":"https:\/\/fr.motocrossmag.be\/index.php\/wp-json\/wp\/v2\/media\/118270"}],"wp:attachment":[{"href":"https:\/\/fr.motocrossmag.be\/index.php\/wp-json\/wp\/v2\/media?parent=118628"}],"wp:term":[{"taxonomy":"category","embeddable":true,"href":"https:\/\/fr.motocrossmag.be\/index.php\/wp-json\/wp\/v2\/categories?post=118628"},{"taxonomy":"post_tag","embeddable":true,"href":"https:\/\/fr.motocrossmag.be\/index.php\/wp-json\/wp\/v2\/tags?post=118628"}],"curies":[{"name":"wp","href":"https:\/\/api.w.org\/{rel}","templated":true}]}}