{"id":118630,"date":"2022-07-16T18:53:37","date_gmt":"2022-07-16T16:53:37","guid":{"rendered":"http:\/\/fr.motocrossmag.be\/?p=118630"},"modified":"2022-07-16T18:53:37","modified_gmt":"2022-07-16T16:53:37","slug":"thibault-benistant-en-pole-a-loket-jago-geerts-troisieme","status":"publish","type":"post","link":"https:\/\/fr.motocrossmag.be\/index.php\/2022\/07\/thibault-benistant-en-pole-a-loket-jago-geerts-troisieme\/","title":{"rendered":"Thibault Benistant en pole \u00e0 Loket, Jago Geerts troisi\u00e8me"},"content":{"rendered":"<p><strong>Thibault Benistant a bien entam\u00e9 le week-end \u00e0 Loket. Le Fran\u00e7ais a sign\u00e9 ce samedi apr\u00e8s-midi la pole MX2 sur le 13\u00e8me GP de la saison. Il s&rsquo;agit de la seconde fois cette ann\u00e9e que le pilote Yamaha remporte une manche qualificative.\u00a0<\/strong><\/p>\n<p>Pass\u00e9 rapidement en t\u00eate apr\u00e8s \u00eatre sorti derri\u00e8re le leader du championnat Tom Vialle, Benistant s&rsquo;impose devant le convaincant Andrea Adamo et Jago Geerts, parti en 5\u00e8me position et qui prendra le meilleur sur Vialle \u00e0 deux tours de la fin.<\/p>\n<p>Liam Everts signe une belle manche qu&rsquo;il termine \u00e0 la 9\u00e8me place, confirmant ainsi son retour en forme apr\u00e8s sa blessure en Allemagne.<\/p>\n<p>Pour sa premi\u00e8re apparition sur le mondial MX2, Lucas Coenen prend une tr\u00e8s prometteuse 16\u00e8me position juste derri\u00e8re Kevin Horgno. Tr\u00e8s mal parti, son fr\u00e8re Sacha se contente pour sa part de la 32\u00e8me place devant Pako Destercq et Florent Lambillon. Lui aussi sur sa premi\u00e8re participation en MX2, le jeune Fran\u00e7ais Maxime Grau termine sa premi\u00e8re manche qualif \u00e0 la 23\u00e8me place.<\/p>\n<p><strong><span style=\"color: #800000;\">R\u00e9sultats<\/span><br \/>\n<\/strong><br \/>\n1. Thibault Benistant (FRA, Yamaha), 24:41.336; 2. Andrea Adamo (ITA, GASGAS), +0:07.659; <strong>3. Jago Geerts (BEL, Yamaha), +0:08.605<\/strong>; 4. Tom Vialle (FRA, KTM), +0:12.465; 5. Simon Laengenfelder (GER, GASGAS), +0:12.913; 6. Kay de Wolf (NED, Husqvarna), +0:20.803; 7. Jan Pancar (SLO, KTM), +0:26.331; 8. Jeremy Sydow (GER, KTM), +0:29.735; <strong>9. Liam Everts (BEL, KTM), +0:30.60<\/strong>6; 10. Stephen Rubini (FRA, Honda), +0:41.620; 11. Tom Guyon (FRA, KTM), +0:46.692; 12. Camden Mc Lellan (RSA, KTM), +0:47.626; 13. Kay Karssemakers (NED, KTM), +0:48.540; 14. Tomas Kohut (SVK, KTM), +0:51.544; 15. Kevin Horgmo (NOR, Kawasaki), +0:51.880; <strong>16. Lucas Coenen (BEL, Husqvarna), +0:53.832<\/strong>; 17. Marcel Stauffer (AUT, KTM), +0:57.441; 18. Maximilian Spies (GER, KTM), +1:01.100; 19. Noah Ludwig (GER, KTM), +1:06.516; 20. Gianluca Facchetti (ITA, KTM), +1:09.293; 21. Petr Polak (CZE, Honda), +1:10.272; 22. Jan Wagenknecht (CZE, Husqvarna), +1:21.973; 23. Maxime Grau (FRA, Husqvarna), +1:26.586; 24. Paul Haberland (GER, Honda), +1:28.498; 25. Martin Venhoda (CZE, Husqvarna), +1:34.477; 26. Joel Rizzi (GBR, Yamaha), +1:34.779; 27. Adam Dusek (CZE, GASGAS), +1:46.877; 28. Jaroslav Katrinak (SVK, KTM), +1:50.223; 29. Filip Olsson (SWE, Husqvarna), -1 lap(s); 30. Adam Maj (CZE, KTM), -1 lap(s); 31. Tomas Pikart (CZE, KTM), -1 lap(s); <strong>32. Sacha Coenen (BEL, Husqvarna), -1 lap(s); 33. Pako Destercq (BEL, Yamaha), -1 lap(s); 34. Florent Lambillon (BEL, Suzuki), -1 lap(s);<\/strong> 35. Mikkel Haarup (DEN, Kawasaki), -2 lap(s); 36. Jakub Teresak (CZE, KTM), -6 lap(s);<\/p>\n","protected":false},"excerpt":{"rendered":"<p>Thibault Benistant a bien entam\u00e9 le week-end \u00e0 Loket. Le Fran\u00e7ais a sign\u00e9 ce samedi apr\u00e8s-midi la pole MX2 sur le 13\u00e8me GP de la saison. Il s&rsquo;agit de la [&#8230;]<\/p>\n","protected":false},"author":932,"featured_media":118631,"comment_status":"open","ping_status":"closed","sticky":false,"template":"","format":"standard","meta":{"footnotes":""},"categories":[54,4,6,5,55,56,65],"tags":[813,200,1265,1552,947,568,1246],"class_list":["post-118630","post","type-post","status-publish","format-standard","has-post-thumbnail","hentry","category-actualite","category-motocross","category-mx1mx2","category-news","category-news-actualite","category-resultats","category-slideshow","tag-jago-geerts","tag-loket","tag-lucas-coenen","tag-maxime-grau","tag-motocross","tag-mxgp","tag-tom-vialle"],"yoast_head":"<!-- This site is optimized with the Yoast SEO plugin v27.4 - https:\/\/yoast.com\/product\/yoast-seo-wordpress\/ -->\n<title>Thibault Benistant en pole \u00e0 Loket, Jago Geerts troisi\u00e8me - Motocross - Enduro - Supermoto | MotocrossMag<\/title>\n<meta name=\"robots\" content=\"index, follow, max-snippet:-1, max-image-preview:large, max-video-preview:-1\" \/>\n<link rel=\"canonical\" href=\"https:\/\/fr.motocrossmag.be\/index.php\/2022\/07\/thibault-benistant-en-pole-a-loket-jago-geerts-troisieme\/\" \/>\n<meta property=\"og:locale\" content=\"fr_FR\" \/>\n<meta property=\"og:type\" content=\"article\" \/>\n<meta property=\"og:title\" content=\"Thibault Benistant en pole \u00e0 Loket, Jago Geerts troisi\u00e8me - Motocross - Enduro - Supermoto | MotocrossMag\" \/>\n<meta property=\"og:description\" content=\"Thibault Benistant a bien entam\u00e9 le week-end \u00e0 Loket. Le Fran\u00e7ais a sign\u00e9 ce samedi apr\u00e8s-midi la pole MX2 sur le 13\u00e8me GP de la saison. Il s&rsquo;agit de la [...]\" \/>\n<meta property=\"og:url\" content=\"https:\/\/fr.motocrossmag.be\/index.php\/2022\/07\/thibault-benistant-en-pole-a-loket-jago-geerts-troisieme\/\" \/>\n<meta property=\"og:site_name\" content=\"Motocross - Enduro - Supermoto | MotocrossMag\" \/>\n<meta property=\"article:published_time\" content=\"2022-07-16T16:53:37+00:00\" \/>\n<meta property=\"og:image\" content=\"https:\/\/fr.motocrossmag.be\/wp-content\/uploads\/2022\/07\/benistant-mx-qualif.jpeg\" \/>\n\t<meta property=\"og:image:width\" content=\"1000\" \/>\n\t<meta property=\"og:image:height\" content=\"666\" \/>\n\t<meta property=\"og:image:type\" content=\"image\/jpeg\" \/>\n<meta name=\"author\" content=\"oliviere\" \/>\n<meta name=\"twitter:card\" content=\"summary_large_image\" \/>\n<meta name=\"twitter:label1\" content=\"\u00c9crit par\" \/>\n\t<meta name=\"twitter:data1\" content=\"oliviere\" \/>\n\t<meta name=\"twitter:label2\" content=\"Dur\u00e9e de lecture estim\u00e9e\" \/>\n\t<meta name=\"twitter:data2\" content=\"2 minutes\" \/>\n<script type=\"application\/ld+json\" class=\"yoast-schema-graph\">{\"@context\":\"https:\\\/\\\/schema.org\",\"@graph\":[{\"@type\":\"Article\",\"@id\":\"https:\\\/\\\/fr.motocrossmag.be\\\/index.php\\\/2022\\\/07\\\/thibault-benistant-en-pole-a-loket-jago-geerts-troisieme\\\/#article\",\"isPartOf\":{\"@id\":\"https:\\\/\\\/fr.motocrossmag.be\\\/index.php\\\/2022\\\/07\\\/thibault-benistant-en-pole-a-loket-jago-geerts-troisieme\\\/\"},\"author\":{\"name\":\"oliviere\",\"@id\":\"https:\\\/\\\/fr.motocrossmag.be\\\/#\\\/schema\\\/person\\\/11b47143d9f755babca2c9110e03235c\"},\"headline\":\"Thibault Benistant en pole \u00e0 Loket, Jago Geerts troisi\u00e8me\",\"datePublished\":\"2022-07-16T16:53:37+00:00\",\"mainEntityOfPage\":{\"@id\":\"https:\\\/\\\/fr.motocrossmag.be\\\/index.php\\\/2022\\\/07\\\/thibault-benistant-en-pole-a-loket-jago-geerts-troisieme\\\/\"},\"wordCount\":364,\"commentCount\":0,\"image\":{\"@id\":\"https:\\\/\\\/fr.motocrossmag.be\\\/index.php\\\/2022\\\/07\\\/thibault-benistant-en-pole-a-loket-jago-geerts-troisieme\\\/#primaryimage\"},\"thumbnailUrl\":\"https:\\\/\\\/fr.motocrossmag.be\\\/wp-content\\\/uploads\\\/2022\\\/07\\\/benistant-mx-qualif.jpeg\",\"keywords\":[\"Jago Geerts\",\"Loket\",\"lucas coenen\",\"maxime grau\",\"Motocross\",\"MXGP\",\"tom vialle\"],\"articleSection\":[\"Actualit\u00e9\",\"Motocross\",\"Motocross MXGP\",\"News\",\"News\",\"R\u00e9sultats\",\"Slideshow\"],\"inLanguage\":\"fr-FR\",\"potentialAction\":[{\"@type\":\"CommentAction\",\"name\":\"Comment\",\"target\":[\"https:\\\/\\\/fr.motocrossmag.be\\\/index.php\\\/2022\\\/07\\\/thibault-benistant-en-pole-a-loket-jago-geerts-troisieme\\\/#respond\"]}]},{\"@type\":\"WebPage\",\"@id\":\"https:\\\/\\\/fr.motocrossmag.be\\\/index.php\\\/2022\\\/07\\\/thibault-benistant-en-pole-a-loket-jago-geerts-troisieme\\\/\",\"url\":\"https:\\\/\\\/fr.motocrossmag.be\\\/index.php\\\/2022\\\/07\\\/thibault-benistant-en-pole-a-loket-jago-geerts-troisieme\\\/\",\"name\":\"Thibault Benistant en pole \u00e0 Loket, Jago Geerts troisi\u00e8me - Motocross - Enduro - Supermoto | MotocrossMag\",\"isPartOf\":{\"@id\":\"https:\\\/\\\/fr.motocrossmag.be\\\/#website\"},\"primaryImageOfPage\":{\"@id\":\"https:\\\/\\\/fr.motocrossmag.be\\\/index.php\\\/2022\\\/07\\\/thibault-benistant-en-pole-a-loket-jago-geerts-troisieme\\\/#primaryimage\"},\"image\":{\"@id\":\"https:\\\/\\\/fr.motocrossmag.be\\\/index.php\\\/2022\\\/07\\\/thibault-benistant-en-pole-a-loket-jago-geerts-troisieme\\\/#primaryimage\"},\"thumbnailUrl\":\"https:\\\/\\\/fr.motocrossmag.be\\\/wp-content\\\/uploads\\\/2022\\\/07\\\/benistant-mx-qualif.jpeg\",\"datePublished\":\"2022-07-16T16:53:37+00:00\",\"author\":{\"@id\":\"https:\\\/\\\/fr.motocrossmag.be\\\/#\\\/schema\\\/person\\\/11b47143d9f755babca2c9110e03235c\"},\"breadcrumb\":{\"@id\":\"https:\\\/\\\/fr.motocrossmag.be\\\/index.php\\\/2022\\\/07\\\/thibault-benistant-en-pole-a-loket-jago-geerts-troisieme\\\/#breadcrumb\"},\"inLanguage\":\"fr-FR\",\"potentialAction\":[{\"@type\":\"ReadAction\",\"target\":[\"https:\\\/\\\/fr.motocrossmag.be\\\/index.php\\\/2022\\\/07\\\/thibault-benistant-en-pole-a-loket-jago-geerts-troisieme\\\/\"]}]},{\"@type\":\"ImageObject\",\"inLanguage\":\"fr-FR\",\"@id\":\"https:\\\/\\\/fr.motocrossmag.be\\\/index.php\\\/2022\\\/07\\\/thibault-benistant-en-pole-a-loket-jago-geerts-troisieme\\\/#primaryimage\",\"url\":\"https:\\\/\\\/fr.motocrossmag.be\\\/wp-content\\\/uploads\\\/2022\\\/07\\\/benistant-mx-qualif.jpeg\",\"contentUrl\":\"https:\\\/\\\/fr.motocrossmag.be\\\/wp-content\\\/uploads\\\/2022\\\/07\\\/benistant-mx-qualif.jpeg\",\"width\":\"1000\",\"height\":\"666\"},{\"@type\":\"BreadcrumbList\",\"@id\":\"https:\\\/\\\/fr.motocrossmag.be\\\/index.php\\\/2022\\\/07\\\/thibault-benistant-en-pole-a-loket-jago-geerts-troisieme\\\/#breadcrumb\",\"itemListElement\":[{\"@type\":\"ListItem\",\"position\":1,\"name\":\"Accueil\",\"item\":\"https:\\\/\\\/fr.motocrossmag.be\\\/\"},{\"@type\":\"ListItem\",\"position\":2,\"name\":\"Thibault Benistant en pole \u00e0 Loket, Jago Geerts troisi\u00e8me\"}]},{\"@type\":\"WebSite\",\"@id\":\"https:\\\/\\\/fr.motocrossmag.be\\\/#website\",\"url\":\"https:\\\/\\\/fr.motocrossmag.be\\\/\",\"name\":\"Motocross - Enduro - Supermoto | MotocrossMag\",\"description\":\"L&#039;actualit\u00e9 du motocross, de l&#039;enduro et du Supermoto en ligne!\",\"potentialAction\":[{\"@type\":\"SearchAction\",\"target\":{\"@type\":\"EntryPoint\",\"urlTemplate\":\"https:\\\/\\\/fr.motocrossmag.be\\\/?s={search_term_string}\"},\"query-input\":{\"@type\":\"PropertyValueSpecification\",\"valueRequired\":true,\"valueName\":\"search_term_string\"}}],\"inLanguage\":\"fr-FR\"},{\"@type\":\"Person\",\"@id\":\"https:\\\/\\\/fr.motocrossmag.be\\\/#\\\/schema\\\/person\\\/11b47143d9f755babca2c9110e03235c\",\"name\":\"oliviere\",\"image\":{\"@type\":\"ImageObject\",\"inLanguage\":\"fr-FR\",\"@id\":\"https:\\\/\\\/secure.gravatar.com\\\/avatar\\\/907069e0b81d119452040469e4a7501da1100f54f7f80180ce77bfab718288f6?s=96&d=mm&r=g\",\"url\":\"https:\\\/\\\/secure.gravatar.com\\\/avatar\\\/907069e0b81d119452040469e4a7501da1100f54f7f80180ce77bfab718288f6?s=96&d=mm&r=g\",\"contentUrl\":\"https:\\\/\\\/secure.gravatar.com\\\/avatar\\\/907069e0b81d119452040469e4a7501da1100f54f7f80180ce77bfab718288f6?s=96&d=mm&r=g\",\"caption\":\"oliviere\"},\"sameAs\":[\"http:\\\/\\\/www.motocrossmag.be\"],\"url\":\"https:\\\/\\\/fr.motocrossmag.be\\\/index.php\\\/author\\\/oliviere\\\/\"}]}<\/script>\n<!-- \/ Yoast SEO plugin. -->","yoast_head_json":{"title":"Thibault Benistant en pole \u00e0 Loket, Jago Geerts troisi\u00e8me - Motocross - Enduro - Supermoto | MotocrossMag","robots":{"index":"index","follow":"follow","max-snippet":"max-snippet:-1","max-image-preview":"max-image-preview:large","max-video-preview":"max-video-preview:-1"},"canonical":"https:\/\/fr.motocrossmag.be\/index.php\/2022\/07\/thibault-benistant-en-pole-a-loket-jago-geerts-troisieme\/","og_locale":"fr_FR","og_type":"article","og_title":"Thibault Benistant en pole \u00e0 Loket, Jago Geerts troisi\u00e8me - Motocross - Enduro - Supermoto | MotocrossMag","og_description":"Thibault Benistant a bien entam\u00e9 le week-end \u00e0 Loket. Le Fran\u00e7ais a sign\u00e9 ce samedi apr\u00e8s-midi la pole MX2 sur le 13\u00e8me GP de la saison. Il s&rsquo;agit de la [...]","og_url":"https:\/\/fr.motocrossmag.be\/index.php\/2022\/07\/thibault-benistant-en-pole-a-loket-jago-geerts-troisieme\/","og_site_name":"Motocross - Enduro - Supermoto | MotocrossMag","article_published_time":"2022-07-16T16:53:37+00:00","og_image":[{"width":1000,"height":666,"url":"https:\/\/fr.motocrossmag.be\/wp-content\/uploads\/2022\/07\/benistant-mx-qualif.jpeg","type":"image\/jpeg"}],"author":"oliviere","twitter_card":"summary_large_image","twitter_misc":{"\u00c9crit par":"oliviere","Dur\u00e9e de lecture estim\u00e9e":"2 minutes"},"schema":{"@context":"https:\/\/schema.org","@graph":[{"@type":"Article","@id":"https:\/\/fr.motocrossmag.be\/index.php\/2022\/07\/thibault-benistant-en-pole-a-loket-jago-geerts-troisieme\/#article","isPartOf":{"@id":"https:\/\/fr.motocrossmag.be\/index.php\/2022\/07\/thibault-benistant-en-pole-a-loket-jago-geerts-troisieme\/"},"author":{"name":"oliviere","@id":"https:\/\/fr.motocrossmag.be\/#\/schema\/person\/11b47143d9f755babca2c9110e03235c"},"headline":"Thibault Benistant en pole \u00e0 Loket, Jago Geerts troisi\u00e8me","datePublished":"2022-07-16T16:53:37+00:00","mainEntityOfPage":{"@id":"https:\/\/fr.motocrossmag.be\/index.php\/2022\/07\/thibault-benistant-en-pole-a-loket-jago-geerts-troisieme\/"},"wordCount":364,"commentCount":0,"image":{"@id":"https:\/\/fr.motocrossmag.be\/index.php\/2022\/07\/thibault-benistant-en-pole-a-loket-jago-geerts-troisieme\/#primaryimage"},"thumbnailUrl":"https:\/\/fr.motocrossmag.be\/wp-content\/uploads\/2022\/07\/benistant-mx-qualif.jpeg","keywords":["Jago Geerts","Loket","lucas coenen","maxime grau","Motocross","MXGP","tom vialle"],"articleSection":["Actualit\u00e9","Motocross","Motocross MXGP","News","News","R\u00e9sultats","Slideshow"],"inLanguage":"fr-FR","potentialAction":[{"@type":"CommentAction","name":"Comment","target":["https:\/\/fr.motocrossmag.be\/index.php\/2022\/07\/thibault-benistant-en-pole-a-loket-jago-geerts-troisieme\/#respond"]}]},{"@type":"WebPage","@id":"https:\/\/fr.motocrossmag.be\/index.php\/2022\/07\/thibault-benistant-en-pole-a-loket-jago-geerts-troisieme\/","url":"https:\/\/fr.motocrossmag.be\/index.php\/2022\/07\/thibault-benistant-en-pole-a-loket-jago-geerts-troisieme\/","name":"Thibault Benistant en pole \u00e0 Loket, Jago Geerts troisi\u00e8me - Motocross - Enduro - Supermoto | MotocrossMag","isPartOf":{"@id":"https:\/\/fr.motocrossmag.be\/#website"},"primaryImageOfPage":{"@id":"https:\/\/fr.motocrossmag.be\/index.php\/2022\/07\/thibault-benistant-en-pole-a-loket-jago-geerts-troisieme\/#primaryimage"},"image":{"@id":"https:\/\/fr.motocrossmag.be\/index.php\/2022\/07\/thibault-benistant-en-pole-a-loket-jago-geerts-troisieme\/#primaryimage"},"thumbnailUrl":"https:\/\/fr.motocrossmag.be\/wp-content\/uploads\/2022\/07\/benistant-mx-qualif.jpeg","datePublished":"2022-07-16T16:53:37+00:00","author":{"@id":"https:\/\/fr.motocrossmag.be\/#\/schema\/person\/11b47143d9f755babca2c9110e03235c"},"breadcrumb":{"@id":"https:\/\/fr.motocrossmag.be\/index.php\/2022\/07\/thibault-benistant-en-pole-a-loket-jago-geerts-troisieme\/#breadcrumb"},"inLanguage":"fr-FR","potentialAction":[{"@type":"ReadAction","target":["https:\/\/fr.motocrossmag.be\/index.php\/2022\/07\/thibault-benistant-en-pole-a-loket-jago-geerts-troisieme\/"]}]},{"@type":"ImageObject","inLanguage":"fr-FR","@id":"https:\/\/fr.motocrossmag.be\/index.php\/2022\/07\/thibault-benistant-en-pole-a-loket-jago-geerts-troisieme\/#primaryimage","url":"https:\/\/fr.motocrossmag.be\/wp-content\/uploads\/2022\/07\/benistant-mx-qualif.jpeg","contentUrl":"https:\/\/fr.motocrossmag.be\/wp-content\/uploads\/2022\/07\/benistant-mx-qualif.jpeg","width":"1000","height":"666"},{"@type":"BreadcrumbList","@id":"https:\/\/fr.motocrossmag.be\/index.php\/2022\/07\/thibault-benistant-en-pole-a-loket-jago-geerts-troisieme\/#breadcrumb","itemListElement":[{"@type":"ListItem","position":1,"name":"Accueil","item":"https:\/\/fr.motocrossmag.be\/"},{"@type":"ListItem","position":2,"name":"Thibault Benistant en pole \u00e0 Loket, Jago Geerts troisi\u00e8me"}]},{"@type":"WebSite","@id":"https:\/\/fr.motocrossmag.be\/#website","url":"https:\/\/fr.motocrossmag.be\/","name":"Motocross - Enduro - Supermoto | MotocrossMag","description":"L&#039;actualit\u00e9 du motocross, de l&#039;enduro et du Supermoto en ligne!","potentialAction":[{"@type":"SearchAction","target":{"@type":"EntryPoint","urlTemplate":"https:\/\/fr.motocrossmag.be\/?s={search_term_string}"},"query-input":{"@type":"PropertyValueSpecification","valueRequired":true,"valueName":"search_term_string"}}],"inLanguage":"fr-FR"},{"@type":"Person","@id":"https:\/\/fr.motocrossmag.be\/#\/schema\/person\/11b47143d9f755babca2c9110e03235c","name":"oliviere","image":{"@type":"ImageObject","inLanguage":"fr-FR","@id":"https:\/\/secure.gravatar.com\/avatar\/907069e0b81d119452040469e4a7501da1100f54f7f80180ce77bfab718288f6?s=96&d=mm&r=g","url":"https:\/\/secure.gravatar.com\/avatar\/907069e0b81d119452040469e4a7501da1100f54f7f80180ce77bfab718288f6?s=96&d=mm&r=g","contentUrl":"https:\/\/secure.gravatar.com\/avatar\/907069e0b81d119452040469e4a7501da1100f54f7f80180ce77bfab718288f6?s=96&d=mm&r=g","caption":"oliviere"},"sameAs":["http:\/\/www.motocrossmag.be"],"url":"https:\/\/fr.motocrossmag.be\/index.php\/author\/oliviere\/"}]}},"_links":{"self":[{"href":"https:\/\/fr.motocrossmag.be\/index.php\/wp-json\/wp\/v2\/posts\/118630","targetHints":{"allow":["GET"]}}],"collection":[{"href":"https:\/\/fr.motocrossmag.be\/index.php\/wp-json\/wp\/v2\/posts"}],"about":[{"href":"https:\/\/fr.motocrossmag.be\/index.php\/wp-json\/wp\/v2\/types\/post"}],"author":[{"embeddable":true,"href":"https:\/\/fr.motocrossmag.be\/index.php\/wp-json\/wp\/v2\/users\/932"}],"replies":[{"embeddable":true,"href":"https:\/\/fr.motocrossmag.be\/index.php\/wp-json\/wp\/v2\/comments?post=118630"}],"version-history":[{"count":0,"href":"https:\/\/fr.motocrossmag.be\/index.php\/wp-json\/wp\/v2\/posts\/118630\/revisions"}],"wp:featuredmedia":[{"embeddable":true,"href":"https:\/\/fr.motocrossmag.be\/index.php\/wp-json\/wp\/v2\/media\/118631"}],"wp:attachment":[{"href":"https:\/\/fr.motocrossmag.be\/index.php\/wp-json\/wp\/v2\/media?parent=118630"}],"wp:term":[{"taxonomy":"category","embeddable":true,"href":"https:\/\/fr.motocrossmag.be\/index.php\/wp-json\/wp\/v2\/categories?post=118630"},{"taxonomy":"post_tag","embeddable":true,"href":"https:\/\/fr.motocrossmag.be\/index.php\/wp-json\/wp\/v2\/tags?post=118630"}],"curies":[{"name":"wp","href":"https:\/\/api.w.org\/{rel}","templated":true}]}}