{"id":118650,"date":"2022-07-19T21:43:40","date_gmt":"2022-07-19T19:43:40","guid":{"rendered":"http:\/\/fr.motocrossmag.be\/?p=118650"},"modified":"2022-07-19T21:43:40","modified_gmt":"2022-07-19T19:43:40","slug":"mobcross-les-belges-cinquiemes-sur-le-mx50-euronations","status":"publish","type":"post","link":"https:\/\/fr.motocrossmag.be\/index.php\/2022\/07\/mobcross-les-belges-cinquiemes-sur-le-mx50-euronations\/","title":{"rendered":"Mobcross : les Belges cinqui\u00e8mes sur le MX50 Euronations"},"content":{"rendered":"<p><strong>Le deuxi\u00e8me week-end de juillet, ce ne sont pas moins de 80 pilotes mobcross issus de 10 pays qui se sont rendus sur le magnifique circuit sablonneux d\u2019Ottobiano, en Italie, pour se disputer pour la 9\u00e8me fois le titre du MX 50 Euronations.<\/strong><\/p>\n<p>La formule de course est simple : ouverte \u00e0 tous (dans plusieurs cat\u00e9gories techniques), m\u00e9langeant toutes sortes de prototypes 50cc (ch\u00e2ssis motocross + moteur 50cc \u00e0 boite de vitesses ou variateur), les 3 pilotes les plus rapides de chaque nation remportent des points pour \u00e9tablir le classement par Nation.<\/p>\n<p>Au terme de deux manches de qualification pour tous, les finales se jouent dans le plus grand professionnalisme entre les pilotes de diff\u00e9rents niveaux. La Belgique \u00e9tait reprent\u00e9e par Steve Seronval, Benoit Degueldre, Julien Lagamme, Fabrizio Micucci, Julien Lorquet, Vincent Grignard, Scott Menier et Jean-Philippe Louis.<\/p>\n<p><img decoding=\"async\" class=\"lazyload alignnone size-full wp-image-118680\" src=\"http:\/\/fr.motocrossmag.be\/wp-content\/uploads\/2022\/07\/received_446090914050526.jpeg\" data-orig-src=\"http:\/\/fr.motocrossmag.be\/wp-content\/uploads\/2022\/07\/received_446090914050526.jpeg\" alt=\"\" width=\"1000\" height=\"450\" srcset=\"data:image\/svg+xml,%3Csvg%20xmlns%3D%27http%3A%2F%2Fwww.w3.org%2F2000%2Fsvg%27%20width%3D%271000%27%20height%3D%27450%27%20viewBox%3D%270%200%201000%20450%27%3E%3Crect%20width%3D%271000%27%20height%3D%27450%27%20fill-opacity%3D%220%22%2F%3E%3C%2Fsvg%3E\" data-srcset=\"https:\/\/fr.motocrossmag.be\/wp-content\/uploads\/2022\/07\/received_446090914050526-650x293.jpeg 650w, https:\/\/fr.motocrossmag.be\/wp-content\/uploads\/2022\/07\/received_446090914050526-768x346.jpeg 768w, https:\/\/fr.motocrossmag.be\/wp-content\/uploads\/2022\/07\/received_446090914050526.jpeg 1000w\" data-sizes=\"auto\" data-orig-sizes=\"(max-width: 1000px) 100vw, 1000px\" \/><\/p>\n<p>Les deux premi\u00e8res manches qualificatives ont \u00e9t\u00e9 magnifiques, tr\u00e8s disput\u00e9es. La bataille est excitante en t\u00eate entre le r\u00e9gulier Steve Seronval qui fait 1, 2 et 2 , un Wesley Staring 1,1 et 3 parti loin en t\u00eate d\u00e8s le d\u00e9part mais arr\u00eat\u00e9 temporairement, et Romain Pape (FR) qui signe un 7,1 et 1 apr\u00e8s \u00eatre tout juste rentr\u00e9 du championnat Outdoor US.<\/p>\n<p>Au classement g\u00e9n\u00e9ral, ce sont les Catalans qui terminent en t\u00eate devant l\u2019Italie et la France en 3\u00e8 position, un point devant les Pays Bas. Les Belges, victimes d\u2019une chute de deux de leurs pilotes les plus rapides en finale (J.Lagamme et F. Micucci), termine malgr\u00e9 tout \u00e0 la 5\u00e8me place gr\u00e2ce \u00e0 V. Grignard et S. Meunier.<\/p>\n<p>Notons les prestations des Suisses, Autrichiens et Allemands qui n\u2019ont pu aligner qu\u2019un pilote pour cette \u00e9dition. Podium exclusivement n\u00e9erlandais cot\u00e9 Dames. Notre compatriote Jean-Philippe Louis gagne pour sa part la cat\u00e9gorie vintage sur une MTX.<\/p>\n<p>Cot\u00e9 paddocks, les r\u00e9glages, modifications et r\u00e9parations ont occup\u00e9 tout le monde tout le weekend. L\u2019ambiance est hyper conviviale et l&rsquo;entraide omnipr\u00e9sente. Pii\u00e8ces de rechange et conseils s\u2019\u00e9changent entre pilotes et pr\u00e9parateurs de tous les pays ! Par exemple, le moteur de Steve Seronval a \u00e9t\u00e9 enti\u00e8rement d\u00e9mont\u00e9 samedi et remont\u00e9 avec des pi\u00e8ces fournies par l\u2019\u00e9quipe de France. Et le soir c\u2019est d\u00e9tente&#8230; avec par exemple le bar \u00e0 pizza du team italien !<\/p>\n<p>Vivement la prochaine \u00e9dition, dans un autre pays, sous la direction des Max Menardeau (FR) et Jean-Phil Louis (BE)<\/p>\n<p><span style=\"color: #800000;\"><strong>R\u00e9sultats<\/strong><\/span><\/p>\n<p>CLASSEMENT FINAL<\/p>\n<p>1 CAT : 398 pts<br \/>\n2 IT : 390 pts<br \/>\n3 FR : 386 pts<br \/>\n5 NL : 385 pts<br \/>\n6 BE : 369 pts<br \/>\n7 RSM : 253 pts<br \/>\n8 CH : 123 pts<br \/>\n9 A : 75 pts<br \/>\n10 DE : 0 pt<br \/>\n11 PT :0 pt<\/p>\n","protected":false},"excerpt":{"rendered":"<p>Le deuxi\u00e8me week-end de juillet, ce ne sont pas moins de 80 pilotes mobcross issus de 10 pays qui se sont rendus sur le magnifique circuit sablonneux d\u2019Ottobiano, en Italie, [&#8230;]<\/p>\n","protected":false},"author":932,"featured_media":118679,"comment_status":"open","ping_status":"closed","sticky":false,"template":"","format":"standard","meta":{"footnotes":""},"categories":[54,4,5,55,65],"tags":[1928,947,1929],"class_list":["post-118650","post","type-post","status-publish","format-standard","has-post-thumbnail","hentry","category-actualite","category-motocross","category-news","category-news-actualite","category-slideshow","tag-mobcross","tag-motocross","tag-steve-seronval"],"yoast_head":"<!-- This site is optimized with the Yoast SEO plugin v27.4 - https:\/\/yoast.com\/product\/yoast-seo-wordpress\/ -->\n<title>Mobcross : les Belges cinqui\u00e8mes sur le MX50 Euronations - Motocross - Enduro - Supermoto | MotocrossMag<\/title>\n<meta name=\"robots\" content=\"index, follow, max-snippet:-1, max-image-preview:large, max-video-preview:-1\" \/>\n<link rel=\"canonical\" href=\"https:\/\/fr.motocrossmag.be\/index.php\/2022\/07\/mobcross-les-belges-cinquiemes-sur-le-mx50-euronations\/\" \/>\n<meta property=\"og:locale\" content=\"fr_FR\" \/>\n<meta property=\"og:type\" content=\"article\" \/>\n<meta property=\"og:title\" content=\"Mobcross : les Belges cinqui\u00e8mes sur le MX50 Euronations - Motocross - Enduro - Supermoto | MotocrossMag\" \/>\n<meta property=\"og:description\" content=\"Le deuxi\u00e8me week-end de juillet, ce ne sont pas moins de 80 pilotes mobcross issus de 10 pays qui se sont rendus sur le magnifique circuit sablonneux d\u2019Ottobiano, en Italie, [...]\" \/>\n<meta property=\"og:url\" content=\"https:\/\/fr.motocrossmag.be\/index.php\/2022\/07\/mobcross-les-belges-cinquiemes-sur-le-mx50-euronations\/\" \/>\n<meta property=\"og:site_name\" content=\"Motocross - Enduro - Supermoto | MotocrossMag\" \/>\n<meta property=\"article:published_time\" content=\"2022-07-19T19:43:40+00:00\" \/>\n<meta property=\"og:image\" content=\"https:\/\/fr.motocrossmag.be\/wp-content\/uploads\/2022\/07\/received_430614858791731.jpeg\" \/>\n\t<meta property=\"og:image:width\" content=\"1000\" \/>\n\t<meta property=\"og:image:height\" content=\"750\" \/>\n\t<meta property=\"og:image:type\" content=\"image\/jpeg\" \/>\n<meta name=\"author\" content=\"oliviere\" \/>\n<meta name=\"twitter:card\" content=\"summary_large_image\" \/>\n<meta name=\"twitter:label1\" content=\"\u00c9crit par\" \/>\n\t<meta name=\"twitter:data1\" content=\"oliviere\" \/>\n\t<meta name=\"twitter:label2\" content=\"Dur\u00e9e de lecture estim\u00e9e\" \/>\n\t<meta name=\"twitter:data2\" content=\"2 minutes\" \/>\n<script type=\"application\/ld+json\" class=\"yoast-schema-graph\">{\"@context\":\"https:\\\/\\\/schema.org\",\"@graph\":[{\"@type\":\"Article\",\"@id\":\"https:\\\/\\\/fr.motocrossmag.be\\\/index.php\\\/2022\\\/07\\\/mobcross-les-belges-cinquiemes-sur-le-mx50-euronations\\\/#article\",\"isPartOf\":{\"@id\":\"https:\\\/\\\/fr.motocrossmag.be\\\/index.php\\\/2022\\\/07\\\/mobcross-les-belges-cinquiemes-sur-le-mx50-euronations\\\/\"},\"author\":{\"name\":\"oliviere\",\"@id\":\"https:\\\/\\\/fr.motocrossmag.be\\\/#\\\/schema\\\/person\\\/11b47143d9f755babca2c9110e03235c\"},\"headline\":\"Mobcross : les Belges cinqui\u00e8mes sur le MX50 Euronations\",\"datePublished\":\"2022-07-19T19:43:40+00:00\",\"mainEntityOfPage\":{\"@id\":\"https:\\\/\\\/fr.motocrossmag.be\\\/index.php\\\/2022\\\/07\\\/mobcross-les-belges-cinquiemes-sur-le-mx50-euronations\\\/\"},\"wordCount\":442,\"commentCount\":0,\"image\":{\"@id\":\"https:\\\/\\\/fr.motocrossmag.be\\\/index.php\\\/2022\\\/07\\\/mobcross-les-belges-cinquiemes-sur-le-mx50-euronations\\\/#primaryimage\"},\"thumbnailUrl\":\"https:\\\/\\\/fr.motocrossmag.be\\\/wp-content\\\/uploads\\\/2022\\\/07\\\/received_430614858791731.jpeg\",\"keywords\":[\"mobcross\",\"Motocross\",\"steve seronval\"],\"articleSection\":[\"Actualit\u00e9\",\"Motocross\",\"News\",\"News\",\"Slideshow\"],\"inLanguage\":\"fr-FR\",\"potentialAction\":[{\"@type\":\"CommentAction\",\"name\":\"Comment\",\"target\":[\"https:\\\/\\\/fr.motocrossmag.be\\\/index.php\\\/2022\\\/07\\\/mobcross-les-belges-cinquiemes-sur-le-mx50-euronations\\\/#respond\"]}]},{\"@type\":\"WebPage\",\"@id\":\"https:\\\/\\\/fr.motocrossmag.be\\\/index.php\\\/2022\\\/07\\\/mobcross-les-belges-cinquiemes-sur-le-mx50-euronations\\\/\",\"url\":\"https:\\\/\\\/fr.motocrossmag.be\\\/index.php\\\/2022\\\/07\\\/mobcross-les-belges-cinquiemes-sur-le-mx50-euronations\\\/\",\"name\":\"Mobcross : les Belges cinqui\u00e8mes sur le MX50 Euronations - Motocross - Enduro - Supermoto | MotocrossMag\",\"isPartOf\":{\"@id\":\"https:\\\/\\\/fr.motocrossmag.be\\\/#website\"},\"primaryImageOfPage\":{\"@id\":\"https:\\\/\\\/fr.motocrossmag.be\\\/index.php\\\/2022\\\/07\\\/mobcross-les-belges-cinquiemes-sur-le-mx50-euronations\\\/#primaryimage\"},\"image\":{\"@id\":\"https:\\\/\\\/fr.motocrossmag.be\\\/index.php\\\/2022\\\/07\\\/mobcross-les-belges-cinquiemes-sur-le-mx50-euronations\\\/#primaryimage\"},\"thumbnailUrl\":\"https:\\\/\\\/fr.motocrossmag.be\\\/wp-content\\\/uploads\\\/2022\\\/07\\\/received_430614858791731.jpeg\",\"datePublished\":\"2022-07-19T19:43:40+00:00\",\"author\":{\"@id\":\"https:\\\/\\\/fr.motocrossmag.be\\\/#\\\/schema\\\/person\\\/11b47143d9f755babca2c9110e03235c\"},\"breadcrumb\":{\"@id\":\"https:\\\/\\\/fr.motocrossmag.be\\\/index.php\\\/2022\\\/07\\\/mobcross-les-belges-cinquiemes-sur-le-mx50-euronations\\\/#breadcrumb\"},\"inLanguage\":\"fr-FR\",\"potentialAction\":[{\"@type\":\"ReadAction\",\"target\":[\"https:\\\/\\\/fr.motocrossmag.be\\\/index.php\\\/2022\\\/07\\\/mobcross-les-belges-cinquiemes-sur-le-mx50-euronations\\\/\"]}]},{\"@type\":\"ImageObject\",\"inLanguage\":\"fr-FR\",\"@id\":\"https:\\\/\\\/fr.motocrossmag.be\\\/index.php\\\/2022\\\/07\\\/mobcross-les-belges-cinquiemes-sur-le-mx50-euronations\\\/#primaryimage\",\"url\":\"https:\\\/\\\/fr.motocrossmag.be\\\/wp-content\\\/uploads\\\/2022\\\/07\\\/received_430614858791731.jpeg\",\"contentUrl\":\"https:\\\/\\\/fr.motocrossmag.be\\\/wp-content\\\/uploads\\\/2022\\\/07\\\/received_430614858791731.jpeg\",\"width\":\"1000\",\"height\":\"750\"},{\"@type\":\"BreadcrumbList\",\"@id\":\"https:\\\/\\\/fr.motocrossmag.be\\\/index.php\\\/2022\\\/07\\\/mobcross-les-belges-cinquiemes-sur-le-mx50-euronations\\\/#breadcrumb\",\"itemListElement\":[{\"@type\":\"ListItem\",\"position\":1,\"name\":\"Accueil\",\"item\":\"https:\\\/\\\/fr.motocrossmag.be\\\/\"},{\"@type\":\"ListItem\",\"position\":2,\"name\":\"Mobcross : les Belges cinqui\u00e8mes sur le MX50 Euronations\"}]},{\"@type\":\"WebSite\",\"@id\":\"https:\\\/\\\/fr.motocrossmag.be\\\/#website\",\"url\":\"https:\\\/\\\/fr.motocrossmag.be\\\/\",\"name\":\"Motocross - Enduro - Supermoto | MotocrossMag\",\"description\":\"L&#039;actualit\u00e9 du motocross, de l&#039;enduro et du Supermoto en ligne!\",\"potentialAction\":[{\"@type\":\"SearchAction\",\"target\":{\"@type\":\"EntryPoint\",\"urlTemplate\":\"https:\\\/\\\/fr.motocrossmag.be\\\/?s={search_term_string}\"},\"query-input\":{\"@type\":\"PropertyValueSpecification\",\"valueRequired\":true,\"valueName\":\"search_term_string\"}}],\"inLanguage\":\"fr-FR\"},{\"@type\":\"Person\",\"@id\":\"https:\\\/\\\/fr.motocrossmag.be\\\/#\\\/schema\\\/person\\\/11b47143d9f755babca2c9110e03235c\",\"name\":\"oliviere\",\"image\":{\"@type\":\"ImageObject\",\"inLanguage\":\"fr-FR\",\"@id\":\"https:\\\/\\\/secure.gravatar.com\\\/avatar\\\/907069e0b81d119452040469e4a7501da1100f54f7f80180ce77bfab718288f6?s=96&d=mm&r=g\",\"url\":\"https:\\\/\\\/secure.gravatar.com\\\/avatar\\\/907069e0b81d119452040469e4a7501da1100f54f7f80180ce77bfab718288f6?s=96&d=mm&r=g\",\"contentUrl\":\"https:\\\/\\\/secure.gravatar.com\\\/avatar\\\/907069e0b81d119452040469e4a7501da1100f54f7f80180ce77bfab718288f6?s=96&d=mm&r=g\",\"caption\":\"oliviere\"},\"sameAs\":[\"http:\\\/\\\/www.motocrossmag.be\"],\"url\":\"https:\\\/\\\/fr.motocrossmag.be\\\/index.php\\\/author\\\/oliviere\\\/\"}]}<\/script>\n<!-- \/ Yoast SEO plugin. -->","yoast_head_json":{"title":"Mobcross : les Belges cinqui\u00e8mes sur le MX50 Euronations - Motocross - Enduro - Supermoto | MotocrossMag","robots":{"index":"index","follow":"follow","max-snippet":"max-snippet:-1","max-image-preview":"max-image-preview:large","max-video-preview":"max-video-preview:-1"},"canonical":"https:\/\/fr.motocrossmag.be\/index.php\/2022\/07\/mobcross-les-belges-cinquiemes-sur-le-mx50-euronations\/","og_locale":"fr_FR","og_type":"article","og_title":"Mobcross : les Belges cinqui\u00e8mes sur le MX50 Euronations - Motocross - Enduro - Supermoto | MotocrossMag","og_description":"Le deuxi\u00e8me week-end de juillet, ce ne sont pas moins de 80 pilotes mobcross issus de 10 pays qui se sont rendus sur le magnifique circuit sablonneux d\u2019Ottobiano, en Italie, [...]","og_url":"https:\/\/fr.motocrossmag.be\/index.php\/2022\/07\/mobcross-les-belges-cinquiemes-sur-le-mx50-euronations\/","og_site_name":"Motocross - Enduro - Supermoto | MotocrossMag","article_published_time":"2022-07-19T19:43:40+00:00","og_image":[{"width":1000,"height":750,"url":"https:\/\/fr.motocrossmag.be\/wp-content\/uploads\/2022\/07\/received_430614858791731.jpeg","type":"image\/jpeg"}],"author":"oliviere","twitter_card":"summary_large_image","twitter_misc":{"\u00c9crit par":"oliviere","Dur\u00e9e de lecture estim\u00e9e":"2 minutes"},"schema":{"@context":"https:\/\/schema.org","@graph":[{"@type":"Article","@id":"https:\/\/fr.motocrossmag.be\/index.php\/2022\/07\/mobcross-les-belges-cinquiemes-sur-le-mx50-euronations\/#article","isPartOf":{"@id":"https:\/\/fr.motocrossmag.be\/index.php\/2022\/07\/mobcross-les-belges-cinquiemes-sur-le-mx50-euronations\/"},"author":{"name":"oliviere","@id":"https:\/\/fr.motocrossmag.be\/#\/schema\/person\/11b47143d9f755babca2c9110e03235c"},"headline":"Mobcross : les Belges cinqui\u00e8mes sur le MX50 Euronations","datePublished":"2022-07-19T19:43:40+00:00","mainEntityOfPage":{"@id":"https:\/\/fr.motocrossmag.be\/index.php\/2022\/07\/mobcross-les-belges-cinquiemes-sur-le-mx50-euronations\/"},"wordCount":442,"commentCount":0,"image":{"@id":"https:\/\/fr.motocrossmag.be\/index.php\/2022\/07\/mobcross-les-belges-cinquiemes-sur-le-mx50-euronations\/#primaryimage"},"thumbnailUrl":"https:\/\/fr.motocrossmag.be\/wp-content\/uploads\/2022\/07\/received_430614858791731.jpeg","keywords":["mobcross","Motocross","steve seronval"],"articleSection":["Actualit\u00e9","Motocross","News","News","Slideshow"],"inLanguage":"fr-FR","potentialAction":[{"@type":"CommentAction","name":"Comment","target":["https:\/\/fr.motocrossmag.be\/index.php\/2022\/07\/mobcross-les-belges-cinquiemes-sur-le-mx50-euronations\/#respond"]}]},{"@type":"WebPage","@id":"https:\/\/fr.motocrossmag.be\/index.php\/2022\/07\/mobcross-les-belges-cinquiemes-sur-le-mx50-euronations\/","url":"https:\/\/fr.motocrossmag.be\/index.php\/2022\/07\/mobcross-les-belges-cinquiemes-sur-le-mx50-euronations\/","name":"Mobcross : les Belges cinqui\u00e8mes sur le MX50 Euronations - Motocross - Enduro - Supermoto | MotocrossMag","isPartOf":{"@id":"https:\/\/fr.motocrossmag.be\/#website"},"primaryImageOfPage":{"@id":"https:\/\/fr.motocrossmag.be\/index.php\/2022\/07\/mobcross-les-belges-cinquiemes-sur-le-mx50-euronations\/#primaryimage"},"image":{"@id":"https:\/\/fr.motocrossmag.be\/index.php\/2022\/07\/mobcross-les-belges-cinquiemes-sur-le-mx50-euronations\/#primaryimage"},"thumbnailUrl":"https:\/\/fr.motocrossmag.be\/wp-content\/uploads\/2022\/07\/received_430614858791731.jpeg","datePublished":"2022-07-19T19:43:40+00:00","author":{"@id":"https:\/\/fr.motocrossmag.be\/#\/schema\/person\/11b47143d9f755babca2c9110e03235c"},"breadcrumb":{"@id":"https:\/\/fr.motocrossmag.be\/index.php\/2022\/07\/mobcross-les-belges-cinquiemes-sur-le-mx50-euronations\/#breadcrumb"},"inLanguage":"fr-FR","potentialAction":[{"@type":"ReadAction","target":["https:\/\/fr.motocrossmag.be\/index.php\/2022\/07\/mobcross-les-belges-cinquiemes-sur-le-mx50-euronations\/"]}]},{"@type":"ImageObject","inLanguage":"fr-FR","@id":"https:\/\/fr.motocrossmag.be\/index.php\/2022\/07\/mobcross-les-belges-cinquiemes-sur-le-mx50-euronations\/#primaryimage","url":"https:\/\/fr.motocrossmag.be\/wp-content\/uploads\/2022\/07\/received_430614858791731.jpeg","contentUrl":"https:\/\/fr.motocrossmag.be\/wp-content\/uploads\/2022\/07\/received_430614858791731.jpeg","width":"1000","height":"750"},{"@type":"BreadcrumbList","@id":"https:\/\/fr.motocrossmag.be\/index.php\/2022\/07\/mobcross-les-belges-cinquiemes-sur-le-mx50-euronations\/#breadcrumb","itemListElement":[{"@type":"ListItem","position":1,"name":"Accueil","item":"https:\/\/fr.motocrossmag.be\/"},{"@type":"ListItem","position":2,"name":"Mobcross : les Belges cinqui\u00e8mes sur le MX50 Euronations"}]},{"@type":"WebSite","@id":"https:\/\/fr.motocrossmag.be\/#website","url":"https:\/\/fr.motocrossmag.be\/","name":"Motocross - Enduro - Supermoto | MotocrossMag","description":"L&#039;actualit\u00e9 du motocross, de l&#039;enduro et du Supermoto en ligne!","potentialAction":[{"@type":"SearchAction","target":{"@type":"EntryPoint","urlTemplate":"https:\/\/fr.motocrossmag.be\/?s={search_term_string}"},"query-input":{"@type":"PropertyValueSpecification","valueRequired":true,"valueName":"search_term_string"}}],"inLanguage":"fr-FR"},{"@type":"Person","@id":"https:\/\/fr.motocrossmag.be\/#\/schema\/person\/11b47143d9f755babca2c9110e03235c","name":"oliviere","image":{"@type":"ImageObject","inLanguage":"fr-FR","@id":"https:\/\/secure.gravatar.com\/avatar\/907069e0b81d119452040469e4a7501da1100f54f7f80180ce77bfab718288f6?s=96&d=mm&r=g","url":"https:\/\/secure.gravatar.com\/avatar\/907069e0b81d119452040469e4a7501da1100f54f7f80180ce77bfab718288f6?s=96&d=mm&r=g","contentUrl":"https:\/\/secure.gravatar.com\/avatar\/907069e0b81d119452040469e4a7501da1100f54f7f80180ce77bfab718288f6?s=96&d=mm&r=g","caption":"oliviere"},"sameAs":["http:\/\/www.motocrossmag.be"],"url":"https:\/\/fr.motocrossmag.be\/index.php\/author\/oliviere\/"}]}},"_links":{"self":[{"href":"https:\/\/fr.motocrossmag.be\/index.php\/wp-json\/wp\/v2\/posts\/118650","targetHints":{"allow":["GET"]}}],"collection":[{"href":"https:\/\/fr.motocrossmag.be\/index.php\/wp-json\/wp\/v2\/posts"}],"about":[{"href":"https:\/\/fr.motocrossmag.be\/index.php\/wp-json\/wp\/v2\/types\/post"}],"author":[{"embeddable":true,"href":"https:\/\/fr.motocrossmag.be\/index.php\/wp-json\/wp\/v2\/users\/932"}],"replies":[{"embeddable":true,"href":"https:\/\/fr.motocrossmag.be\/index.php\/wp-json\/wp\/v2\/comments?post=118650"}],"version-history":[{"count":0,"href":"https:\/\/fr.motocrossmag.be\/index.php\/wp-json\/wp\/v2\/posts\/118650\/revisions"}],"wp:featuredmedia":[{"embeddable":true,"href":"https:\/\/fr.motocrossmag.be\/index.php\/wp-json\/wp\/v2\/media\/118679"}],"wp:attachment":[{"href":"https:\/\/fr.motocrossmag.be\/index.php\/wp-json\/wp\/v2\/media?parent=118650"}],"wp:term":[{"taxonomy":"category","embeddable":true,"href":"https:\/\/fr.motocrossmag.be\/index.php\/wp-json\/wp\/v2\/categories?post=118650"},{"taxonomy":"post_tag","embeddable":true,"href":"https:\/\/fr.motocrossmag.be\/index.php\/wp-json\/wp\/v2\/tags?post=118650"}],"curies":[{"name":"wp","href":"https:\/\/api.w.org\/{rel}","templated":true}]}}