{"id":118655,"date":"2022-07-17T20:10:20","date_gmt":"2022-07-17T18:10:20","guid":{"rendered":"http:\/\/fr.motocrossmag.be\/?p=118655"},"modified":"2022-07-17T20:10:20","modified_gmt":"2022-07-17T18:10:20","slug":"mx2-jago-geerts-repasse-en-tete","status":"publish","type":"post","link":"https:\/\/fr.motocrossmag.be\/index.php\/2022\/07\/mx2-jago-geerts-repasse-en-tete\/","title":{"rendered":"MX2 : Jago Geerts repasse en t\u00eate !"},"content":{"rendered":"<p><strong>Jago Geerts a sign\u00e9 ce dimanche une victoire importante dans la course au titre mondial MX2. Notre compatriote remporte le 13\u00e8me GP de la saison \u00e0 Loket et reprend par la m\u00eame occasion la plaque rouge de leader du classement provisoire \u00e0 Tom Vialle.<\/strong><\/p>\n<p>Victime d&rsquo;une chute dans le premier virage, Tom Vialle devait remonter du fond du peloton jusqu&rsquo;\u00e0 la 10\u00e8me place en premi\u00e8re manche, pendant que Geerts terminait derri\u00e8re son co\u00e9quipier Benistant et Laengenfelder. Dans la seconde, le Belge signe son premier holeshot de la saison, s&rsquo;installe aux commandes mais finit par partir \u00e0 la faute. Ce dont profite Tom Vialle pour s&#8217;emparer provisoirement de la t\u00eate de la course, jusqu&rsquo;\u00e0 ce que Geerts ne revienne reprendre la t\u00eate de fa\u00e7on imparable face au pilote KTM. Langenfelder et Benistant suivent \u00e0 distance des deux leaders.<\/p>\n<p>Septi\u00e8me puis neuvi\u00e8me dans les manches, Liam Everts revient de blessure avec une 8\u00e8me place alors que Lucas Coenen marque ses premiers points mondiaux en prenant la 19\u00e8me place en seconde manche.<\/p>\n<p>En prenant pas moins de 12 points \u00e0 Vialle, Geerts reprend une nouvelle fois la t\u00eate du classement provisoire MX2. Il compte 8 points d&rsquo;avance au moment d&rsquo;arriver face \u00e0 son public le week-end prochain dans le sable de Lommel qu&rsquo;il appr\u00e9cie tant.<\/p>\n<p>&nbsp;<\/p>\n<p><span style=\"color: #800000;\"><strong>R\u00e9sultats<\/strong><\/span><\/p>\n<p>MANCHE 1<\/p>\n<p>1. Thibault Benistant (FRA, Yamaha), 33:51.558; 2. Simon Laengenfelder (GER, GASGAS), +0:05.407;\u00a0<strong>3. Jago Geerts (BEL, Yamaha), +0:21.636<\/strong>;\u00a04. Kevin Horgmo (NOR, Kawasaki), +0:25.956; 5. Stephen Rubini (FRA, Honda), +0:29.163;\u00a06. Kay de Wolf (NED, Husqvarna), +0:30.290; <strong>7. Liam Everts (BEL, KTM), +0:30.884<\/strong>;\u00a08. Mikkel Haarup (DEN, Kawasaki), +0:31.679; 9. Andrea Adamo (ITA, GASGAS), +0:48.509; 10. Tom Vialle (FRA, KTM), +0:50.857; 11. Tom Guyon (FRA, KTM), +0:54.720; 12. Jeremy Sydow (GER, KTM), +0:58.163; 13. Tomas Kohut (SVK, KTM), +1:02.457; 14. Camden Mc Lellan (RSA, KTM), +1:05.009; 15. Maxime Grau (FRA, Husqvarna), +1:08.450; 16. Jan Pancar (SLO, KTM), +1:09.169; 17. Jakub Teresak (CZE, KTM), +1:20.067; 18. Petr Polak (CZE, Honda), +1:25.397; 19. Maximilian Spies (GER, KTM), +1:26.752;\u00a020. Kay Karssemakers (NED, KTM), +1:29.305;\u00a021. Gianluca Facchetti (ITA, KTM), +1:35.683;\u00a0<strong>22. Lucas Coenen (BEL, Husqvarna), +1:37.357; 23. Sacha Coenen (BEL, Husqvarna), +1:47.660<\/strong>;\u00a024. Adam Dusek (CZE, GASGAS), -1 lap(s); 25. Jan Wagenknecht (CZE, Husqvarna), -1 lap(s); 26. Filip Olsson (SWE, Husqvarna), -1 lap(s); 27. Marcel Stauffer (AUT, KTM), -1 lap(s); 28. Joel Rizzi (GBR, Yamaha), -1 lap(s); 29. Martin Venhoda (CZE, Husqvarna), -1 lap(s); 30. Tomas Pikart (CZE, KTM), -1 lap(s); 31. Adam Maj (CZE, KTM), -1 lap(s); 32. Jaroslav Katrinak (SVK, KTM), -1 lap(s);\u00a0<strong>33. Florent Lambillon (BEL, Suzuki), -2 lap(s)<\/strong>;\u00a034. Paul Haberland (GER, Honda), -4 lap(s);\u00a0<strong>35. Pako Destercq (BEL, Yamaha), -9 lap(s);<\/strong>\u00a036. Noah Ludwig (GER, KTM), -14 lap(s);<\/p>\n<p>MANCHE 2<\/p>\n<p><strong>1. Jago Geerts (BEL, Yamaha), 35:31.638;<\/strong>\u00a02. Tom Vialle (FRA, KTM), +0:02.059; 3. Simon Laengenfelder (GER, GASGAS), +0:31.955; 4. Thibault Benistant (FRA, Yamaha), +0:40.002; 5. Kevin Horgmo (NOR, Kawasaki), +0:44.513; 6. Jan Pancar (SLO, KTM), +1:07.122;\u00a07. Kay de Wolf (NED, Husqvarna), +1:12.212;\u00a08. Mikkel Haarup (DEN, Kawasaki), +1:16.009;\u00a0<strong>9. Liam Everts (BEL, KTM), +1:19.141<\/strong>;\u00a010. Andrea Adamo (ITA, GASGAS), +1:25.350; 11. Tom Guyon (FRA, KTM), +1:27.849; 12. Stephen Rubini (FRA, Honda), +1:30.068; 13. Tomas Kohut (SVK, KTM), +1:31.629; 14. Jeremy Sydow (GER, KTM), +1:33.822; 15. Camden Mc Lellan (RSA, KTM), +1:40.502; 16. Maxime Grau (FRA, Husqvarna), -1 lap(s); 17. Noah Ludwig (GER, KTM), -1 lap(s);\u00a018. Kay Karssemakers (NED, KTM), -1 lap(s); <strong>19. Lucas Coenen (BEL, Husqvarna), -1 lap(s)<\/strong>;\u00a020. Marcel Stauffer (AUT, KTM), -1 lap(s); 21. Maximilian Spies (GER, KTM), -1 lap(s); 22. Jakub Teresak (CZE, KTM), -1 lap(s); 23. Jan Wagenknecht (CZE, Husqvarna), -1 lap(s); 24. Filip Olsson (SWE, Husqvarna), -1 lap(s); 25. Joel Rizzi (GBR, Yamaha), -1 lap(s); 26. Petr Polak (CZE, Honda), -1 lap(s); 27. Adam Maj (CZE, KTM), -1 lap(s); 28. Jaroslav Katrinak (SVK, KTM), -1 lap(s);\u00a0<strong>29. Pako Destercq (BEL, Yamaha), -2 lap(s)<\/strong>; 30. Florent Lambillon (BEL, Suzuki), -2 lap(s);\u00a031. Tomas Pikart (CZE, KTM), -4 lap(s); 32. Paul Haberland (GER, Honda), -7 lap(s); 33. Adam Dusek (CZE, GASGAS), -7 lap(s);\u00a0<strong>34. Sacha Coenen (BEL, Husqvarna), -8 lap(s)<\/strong>;\u00a035. Gianluca Facchetti (ITA, KTM), -11 lap(s); 36. Martin Venhoda (CZE, Husqvarna), -11 lap(s);<\/p>\n<p>CLASSEMENT GENERAL MX2<\/p>\n<p><strong>1. Jago Geerts (BEL, YAM), 45 points;<\/strong>\u00a02. Thibault Benistant (FRA, YAM), 43 p.; 3. Simon Laengenfelder (GER, GAS), 42 p.; 4. Kevin Horgmo (NOR, KAW), 34 p.; 5. Tom Vialle (FRA, KTM), 33 p.;\u00a06. Kay de Wolf (NED, HUS), 29 p.;\u00a07. Mikkel Haarup (DEN, KAW), 26 p.;\u00a0<strong>8. Liam Everts (BEL, KTM), 26 p.;<\/strong>\u00a09. Stephen Rubini (FRA, HON), 25 p.; 10. Andrea Adamo (ITA, GAS), 23 p.; 11. Jan Pancar (SLO, KTM), 20 p.; 12. Tom Guyon (FRA, KTM), 20 p.; 13. Tomas Kohut (SVK, KTM), 16 p.; 14. Jeremy Sydow (GER, KTM), 16 p.; 15. Camden Mc Lellan (RSA, KTM), 13 p.; 16. Maxime Grau (FRA, HUS), 11 p.; 17. Noah Ludwig (GER, KTM), 4 p.;\u00a018. Kay Karssemakers (NED, KTM), 4 p.;\u00a019. Jakub Teresak (CZE, KTM), 4 p.; 20. Petr Polak (CZE, HON), 3 p.;\u00a0<strong>21. Lucas Coenen (BEL, HUS), 2 p.<\/strong>;\u00a022. Maximilian Spies (GER, KTM), 2 p.; 23. Marcel Stauffer (AUT, KTM), 1 p.; 24. Jan Wagenknecht (CZE, HUS), 0 p.; 25. Filip Olsson (SWE, HUS), 0 p.; 26. Joel Rizzi (GBR, YAM), 0 p.; 27. Adam Maj (CZE, KTM), 0 p.; 28. Jaroslav Katrinak (SVK, KTM), 0 p.;\u00a0<strong>29. Pako Destercq (BEL, YAM), 0 p.; 30. Florent Lambillon (BEL, SUZ), 0 p.;<\/strong> 31. Tomas Pikart (CZE, KTM), 0 p.; 32. Paul Haberland (GER, HON), 0 p.; 33. Adam Dusek (CZE, GAS), 0 p.;\u00a0<strong>34. Sacha Coenen (BEL, HUS), 0 p.<\/strong>;\u00a035. Gianluca Facchetti (ITA, KTM), 0 p.; 36. Martin Venhoda (CZE, HUS), 0 p.;<\/p>\n<div>\n<div class=\"centered-text-area\">\n<div class=\"centered-text\">\n<div class=\"ueafc741939a40300f281a66e52630768-content\">CLASSEMENT PROVISOIRE MX2<\/div>\n<\/div>\n<\/div>\n<\/div>\n<p><strong>1. Jago Geerts (BEL, YAM), 543 points;\u00a0<\/strong>2. Tom Vialle (FRA, KTM), 535 p.; 3. Simon Laengenfelder (GER, GAS), 437 p.; 4. Kevin Horgmo (NOR, KAW), 390 p.; 5. Mikkel Haarup (DEN, KAW), 358 p.; 6. Thibault Benistant (FRA, YAM), 347 p.; 7. Andrea Adamo (ITA, GAS), 337 p.; 8. Stephen Rubini (FRA, HON), 302 p.;\u00a09. Kay de Wolf (NED, HUS), 273 p.;\u00a010. Isak Gifting (SWE, KTM), 255 p.; 11. Jan Pancar (SLO, KTM), 182 p.; 12. Mattia Guadagnini (ITA, GAS), 172 p.;\u00a0<strong>13. Liam Everts (BEL, KTM), 171 p.<\/strong>;\u00a014. Hakon Fredriksen (NOR, HON), 125 p.;\u00a015. Kay Karssemakers (NED, KTM), 123 p.;\u00a016. Conrad Mewse (GBR, KTM), 113 p.; 17. Tom Guyon (FRA, KTM), 107 p.; 18. Jeremy Sydow (GER, KTM), 104 p.; 19. Kevin Brumann (SUI, YAM), 82 p.; 20. Petr Polak (CZE, HON), 79 p.;\u00a021. Roan Van De Moosdijk (NED, HUS), 55 p.;\u00a022. Jakub Teresak (CZE, KTM), 55 p.;\u00a023. Rick Elzinga (NED, YAM), 49 p.;\u00a024. Guillem Farres (ESP, KTM), 38 p.; 25. Tomas Kohut (SVK, KTM), 38 p.; 26. Gianluca Facchetti (ITA, KTM), 32 p.; 27. Valerio Lata (ITA, KTM), 26 p.; 28. Filip Olsson (SWE, HUS), 24 p.; 29. Delvintor Alfarizi (INA, HON), 23 p.; 30. Andrea Bonacorsi (ITA, YAM), 21 p.; 31. Bastian Boegh Damm (DEN, KTM), 21 p.; 32. Ananda rigi Aditya (INA, HUS), 19 p.; 33. Pierre Goupillon (FRA, KTM), 19 p.; 34. Diva Ismayana (INA, KAW), 18 p.; 35. Nakami Vidi Makarim (INA, HUS), 18 p.; 36. Dharwin Lingam (MAS, KAW), 17 p.; 37. Pablo Jeremias Pascual (ARG, KTM), 16 p.; 38. Luciano Righi (ARG, HUS), 16 p.; 39. Tim Edberg (SWE, YAM), 14 p.; 40. Jorgen-Matthias Talviku (EST, KTM), 14 p.; 41. Camden Mc Lellan (RSA, KTM), 13 p.; 42. Noah Ludwig (GER, KTM), 13 p.; 43. Fermin Ciccimarra (ARG, YAM), 12 p.; 44. Maxime Grau (FRA, HUS), 11 p.; 45. Marcel Stauffer (AUT, KTM), 11 p.; 46. David Braceras (ESP, KTM), 9 p.; 47. Joel Rizzi (GBR, YAM), 9 p.; 48. Samuel Nilsson (ESP, KTM), 7 p.; 49. Leopold Ambj\u00f6rnson (SWE, HUS), 7 p.; 50. Glen Meier (DEN, KTM), 7 p.;\u00a0<strong>51. Florent Lambillon (BEL, SUZ), 4 p.<\/strong>;\u00a052. Dorian Werl\u00e9 (FRA, KTM), 4 p.; 53. Mike Gwerder (SUI, KTM), 4 p.; 54. Maximilian Spies (GER, KTM), 4 p.; 55. Nico Greutmann (GER, HUS), 3 p.;\u00a0<strong>56. Lucas Coenen (BEL, HUS), 2 p.<\/strong>;\u00a057. Eric Tomas (ESP, YAM), 1 p.;<\/p>\n","protected":false},"excerpt":{"rendered":"<p>Jago Geerts a sign\u00e9 ce dimanche une victoire importante dans la course au titre mondial MX2. Notre compatriote remporte le 13\u00e8me GP de la saison \u00e0 Loket et reprend par [&#8230;]<\/p>\n","protected":false},"author":932,"featured_media":118656,"comment_status":"open","ping_status":"closed","sticky":false,"template":"","format":"standard","meta":{"footnotes":""},"categories":[54,4,6,5,55,56,65],"tags":[813,947,568],"class_list":["post-118655","post","type-post","status-publish","format-standard","has-post-thumbnail","hentry","category-actualite","category-motocross","category-mx1mx2","category-news","category-news-actualite","category-resultats","category-slideshow","tag-jago-geerts","tag-motocross","tag-mxgp"],"yoast_head":"<!-- This site is optimized with the Yoast SEO plugin v27.4 - https:\/\/yoast.com\/product\/yoast-seo-wordpress\/ -->\n<title>MX2 : Jago Geerts repasse en t\u00eate ! - Motocross - Enduro - Supermoto | MotocrossMag<\/title>\n<meta name=\"robots\" content=\"index, follow, max-snippet:-1, max-image-preview:large, max-video-preview:-1\" \/>\n<link rel=\"canonical\" href=\"https:\/\/fr.motocrossmag.be\/index.php\/2022\/07\/mx2-jago-geerts-repasse-en-tete\/\" \/>\n<meta property=\"og:locale\" content=\"fr_FR\" \/>\n<meta property=\"og:type\" content=\"article\" \/>\n<meta property=\"og:title\" content=\"MX2 : Jago Geerts repasse en t\u00eate ! - Motocross - Enduro - Supermoto | MotocrossMag\" \/>\n<meta property=\"og:description\" content=\"Jago Geerts a sign\u00e9 ce dimanche une victoire importante dans la course au titre mondial MX2. Notre compatriote remporte le 13\u00e8me GP de la saison \u00e0 Loket et reprend par [...]\" \/>\n<meta property=\"og:url\" content=\"https:\/\/fr.motocrossmag.be\/index.php\/2022\/07\/mx2-jago-geerts-repasse-en-tete\/\" \/>\n<meta property=\"og:site_name\" content=\"Motocross - Enduro - Supermoto | MotocrossMag\" \/>\n<meta property=\"article:published_time\" content=\"2022-07-17T18:10:20+00:00\" \/>\n<meta property=\"og:image\" content=\"https:\/\/fr.motocrossmag.be\/wp-content\/uploads\/2022\/07\/geerts-ramon.jpeg\" \/>\n\t<meta property=\"og:image:width\" content=\"1000\" \/>\n\t<meta property=\"og:image:height\" content=\"666\" \/>\n\t<meta property=\"og:image:type\" content=\"image\/jpeg\" \/>\n<meta name=\"author\" content=\"oliviere\" \/>\n<meta name=\"twitter:card\" content=\"summary_large_image\" \/>\n<meta name=\"twitter:label1\" content=\"\u00c9crit par\" \/>\n\t<meta name=\"twitter:data1\" content=\"oliviere\" \/>\n\t<meta name=\"twitter:label2\" content=\"Dur\u00e9e de lecture estim\u00e9e\" \/>\n\t<meta name=\"twitter:data2\" content=\"5 minutes\" \/>\n<script type=\"application\/ld+json\" class=\"yoast-schema-graph\">{\"@context\":\"https:\\\/\\\/schema.org\",\"@graph\":[{\"@type\":\"Article\",\"@id\":\"https:\\\/\\\/fr.motocrossmag.be\\\/index.php\\\/2022\\\/07\\\/mx2-jago-geerts-repasse-en-tete\\\/#article\",\"isPartOf\":{\"@id\":\"https:\\\/\\\/fr.motocrossmag.be\\\/index.php\\\/2022\\\/07\\\/mx2-jago-geerts-repasse-en-tete\\\/\"},\"author\":{\"name\":\"oliviere\",\"@id\":\"https:\\\/\\\/fr.motocrossmag.be\\\/#\\\/schema\\\/person\\\/11b47143d9f755babca2c9110e03235c\"},\"headline\":\"MX2 : Jago Geerts repasse en t\u00eate !\",\"datePublished\":\"2022-07-17T18:10:20+00:00\",\"mainEntityOfPage\":{\"@id\":\"https:\\\/\\\/fr.motocrossmag.be\\\/index.php\\\/2022\\\/07\\\/mx2-jago-geerts-repasse-en-tete\\\/\"},\"wordCount\":1109,\"commentCount\":0,\"image\":{\"@id\":\"https:\\\/\\\/fr.motocrossmag.be\\\/index.php\\\/2022\\\/07\\\/mx2-jago-geerts-repasse-en-tete\\\/#primaryimage\"},\"thumbnailUrl\":\"https:\\\/\\\/fr.motocrossmag.be\\\/wp-content\\\/uploads\\\/2022\\\/07\\\/geerts-ramon.jpeg\",\"keywords\":[\"Jago Geerts\",\"Motocross\",\"MXGP\"],\"articleSection\":[\"Actualit\u00e9\",\"Motocross\",\"Motocross MXGP\",\"News\",\"News\",\"R\u00e9sultats\",\"Slideshow\"],\"inLanguage\":\"fr-FR\",\"potentialAction\":[{\"@type\":\"CommentAction\",\"name\":\"Comment\",\"target\":[\"https:\\\/\\\/fr.motocrossmag.be\\\/index.php\\\/2022\\\/07\\\/mx2-jago-geerts-repasse-en-tete\\\/#respond\"]}]},{\"@type\":\"WebPage\",\"@id\":\"https:\\\/\\\/fr.motocrossmag.be\\\/index.php\\\/2022\\\/07\\\/mx2-jago-geerts-repasse-en-tete\\\/\",\"url\":\"https:\\\/\\\/fr.motocrossmag.be\\\/index.php\\\/2022\\\/07\\\/mx2-jago-geerts-repasse-en-tete\\\/\",\"name\":\"MX2 : Jago Geerts repasse en t\u00eate ! - Motocross - Enduro - Supermoto | MotocrossMag\",\"isPartOf\":{\"@id\":\"https:\\\/\\\/fr.motocrossmag.be\\\/#website\"},\"primaryImageOfPage\":{\"@id\":\"https:\\\/\\\/fr.motocrossmag.be\\\/index.php\\\/2022\\\/07\\\/mx2-jago-geerts-repasse-en-tete\\\/#primaryimage\"},\"image\":{\"@id\":\"https:\\\/\\\/fr.motocrossmag.be\\\/index.php\\\/2022\\\/07\\\/mx2-jago-geerts-repasse-en-tete\\\/#primaryimage\"},\"thumbnailUrl\":\"https:\\\/\\\/fr.motocrossmag.be\\\/wp-content\\\/uploads\\\/2022\\\/07\\\/geerts-ramon.jpeg\",\"datePublished\":\"2022-07-17T18:10:20+00:00\",\"author\":{\"@id\":\"https:\\\/\\\/fr.motocrossmag.be\\\/#\\\/schema\\\/person\\\/11b47143d9f755babca2c9110e03235c\"},\"breadcrumb\":{\"@id\":\"https:\\\/\\\/fr.motocrossmag.be\\\/index.php\\\/2022\\\/07\\\/mx2-jago-geerts-repasse-en-tete\\\/#breadcrumb\"},\"inLanguage\":\"fr-FR\",\"potentialAction\":[{\"@type\":\"ReadAction\",\"target\":[\"https:\\\/\\\/fr.motocrossmag.be\\\/index.php\\\/2022\\\/07\\\/mx2-jago-geerts-repasse-en-tete\\\/\"]}]},{\"@type\":\"ImageObject\",\"inLanguage\":\"fr-FR\",\"@id\":\"https:\\\/\\\/fr.motocrossmag.be\\\/index.php\\\/2022\\\/07\\\/mx2-jago-geerts-repasse-en-tete\\\/#primaryimage\",\"url\":\"https:\\\/\\\/fr.motocrossmag.be\\\/wp-content\\\/uploads\\\/2022\\\/07\\\/geerts-ramon.jpeg\",\"contentUrl\":\"https:\\\/\\\/fr.motocrossmag.be\\\/wp-content\\\/uploads\\\/2022\\\/07\\\/geerts-ramon.jpeg\",\"width\":\"1000\",\"height\":\"666\"},{\"@type\":\"BreadcrumbList\",\"@id\":\"https:\\\/\\\/fr.motocrossmag.be\\\/index.php\\\/2022\\\/07\\\/mx2-jago-geerts-repasse-en-tete\\\/#breadcrumb\",\"itemListElement\":[{\"@type\":\"ListItem\",\"position\":1,\"name\":\"Accueil\",\"item\":\"https:\\\/\\\/fr.motocrossmag.be\\\/\"},{\"@type\":\"ListItem\",\"position\":2,\"name\":\"MX2 : Jago Geerts repasse en t\u00eate !\"}]},{\"@type\":\"WebSite\",\"@id\":\"https:\\\/\\\/fr.motocrossmag.be\\\/#website\",\"url\":\"https:\\\/\\\/fr.motocrossmag.be\\\/\",\"name\":\"Motocross - Enduro - Supermoto | MotocrossMag\",\"description\":\"L&#039;actualit\u00e9 du motocross, de l&#039;enduro et du Supermoto en ligne!\",\"potentialAction\":[{\"@type\":\"SearchAction\",\"target\":{\"@type\":\"EntryPoint\",\"urlTemplate\":\"https:\\\/\\\/fr.motocrossmag.be\\\/?s={search_term_string}\"},\"query-input\":{\"@type\":\"PropertyValueSpecification\",\"valueRequired\":true,\"valueName\":\"search_term_string\"}}],\"inLanguage\":\"fr-FR\"},{\"@type\":\"Person\",\"@id\":\"https:\\\/\\\/fr.motocrossmag.be\\\/#\\\/schema\\\/person\\\/11b47143d9f755babca2c9110e03235c\",\"name\":\"oliviere\",\"image\":{\"@type\":\"ImageObject\",\"inLanguage\":\"fr-FR\",\"@id\":\"https:\\\/\\\/secure.gravatar.com\\\/avatar\\\/907069e0b81d119452040469e4a7501da1100f54f7f80180ce77bfab718288f6?s=96&d=mm&r=g\",\"url\":\"https:\\\/\\\/secure.gravatar.com\\\/avatar\\\/907069e0b81d119452040469e4a7501da1100f54f7f80180ce77bfab718288f6?s=96&d=mm&r=g\",\"contentUrl\":\"https:\\\/\\\/secure.gravatar.com\\\/avatar\\\/907069e0b81d119452040469e4a7501da1100f54f7f80180ce77bfab718288f6?s=96&d=mm&r=g\",\"caption\":\"oliviere\"},\"sameAs\":[\"http:\\\/\\\/www.motocrossmag.be\"],\"url\":\"https:\\\/\\\/fr.motocrossmag.be\\\/index.php\\\/author\\\/oliviere\\\/\"}]}<\/script>\n<!-- \/ Yoast SEO plugin. -->","yoast_head_json":{"title":"MX2 : Jago Geerts repasse en t\u00eate ! - Motocross - Enduro - Supermoto | MotocrossMag","robots":{"index":"index","follow":"follow","max-snippet":"max-snippet:-1","max-image-preview":"max-image-preview:large","max-video-preview":"max-video-preview:-1"},"canonical":"https:\/\/fr.motocrossmag.be\/index.php\/2022\/07\/mx2-jago-geerts-repasse-en-tete\/","og_locale":"fr_FR","og_type":"article","og_title":"MX2 : Jago Geerts repasse en t\u00eate ! - Motocross - Enduro - Supermoto | MotocrossMag","og_description":"Jago Geerts a sign\u00e9 ce dimanche une victoire importante dans la course au titre mondial MX2. Notre compatriote remporte le 13\u00e8me GP de la saison \u00e0 Loket et reprend par [...]","og_url":"https:\/\/fr.motocrossmag.be\/index.php\/2022\/07\/mx2-jago-geerts-repasse-en-tete\/","og_site_name":"Motocross - Enduro - Supermoto | MotocrossMag","article_published_time":"2022-07-17T18:10:20+00:00","og_image":[{"width":1000,"height":666,"url":"https:\/\/fr.motocrossmag.be\/wp-content\/uploads\/2022\/07\/geerts-ramon.jpeg","type":"image\/jpeg"}],"author":"oliviere","twitter_card":"summary_large_image","twitter_misc":{"\u00c9crit par":"oliviere","Dur\u00e9e de lecture estim\u00e9e":"5 minutes"},"schema":{"@context":"https:\/\/schema.org","@graph":[{"@type":"Article","@id":"https:\/\/fr.motocrossmag.be\/index.php\/2022\/07\/mx2-jago-geerts-repasse-en-tete\/#article","isPartOf":{"@id":"https:\/\/fr.motocrossmag.be\/index.php\/2022\/07\/mx2-jago-geerts-repasse-en-tete\/"},"author":{"name":"oliviere","@id":"https:\/\/fr.motocrossmag.be\/#\/schema\/person\/11b47143d9f755babca2c9110e03235c"},"headline":"MX2 : Jago Geerts repasse en t\u00eate !","datePublished":"2022-07-17T18:10:20+00:00","mainEntityOfPage":{"@id":"https:\/\/fr.motocrossmag.be\/index.php\/2022\/07\/mx2-jago-geerts-repasse-en-tete\/"},"wordCount":1109,"commentCount":0,"image":{"@id":"https:\/\/fr.motocrossmag.be\/index.php\/2022\/07\/mx2-jago-geerts-repasse-en-tete\/#primaryimage"},"thumbnailUrl":"https:\/\/fr.motocrossmag.be\/wp-content\/uploads\/2022\/07\/geerts-ramon.jpeg","keywords":["Jago Geerts","Motocross","MXGP"],"articleSection":["Actualit\u00e9","Motocross","Motocross MXGP","News","News","R\u00e9sultats","Slideshow"],"inLanguage":"fr-FR","potentialAction":[{"@type":"CommentAction","name":"Comment","target":["https:\/\/fr.motocrossmag.be\/index.php\/2022\/07\/mx2-jago-geerts-repasse-en-tete\/#respond"]}]},{"@type":"WebPage","@id":"https:\/\/fr.motocrossmag.be\/index.php\/2022\/07\/mx2-jago-geerts-repasse-en-tete\/","url":"https:\/\/fr.motocrossmag.be\/index.php\/2022\/07\/mx2-jago-geerts-repasse-en-tete\/","name":"MX2 : Jago Geerts repasse en t\u00eate ! - Motocross - Enduro - Supermoto | MotocrossMag","isPartOf":{"@id":"https:\/\/fr.motocrossmag.be\/#website"},"primaryImageOfPage":{"@id":"https:\/\/fr.motocrossmag.be\/index.php\/2022\/07\/mx2-jago-geerts-repasse-en-tete\/#primaryimage"},"image":{"@id":"https:\/\/fr.motocrossmag.be\/index.php\/2022\/07\/mx2-jago-geerts-repasse-en-tete\/#primaryimage"},"thumbnailUrl":"https:\/\/fr.motocrossmag.be\/wp-content\/uploads\/2022\/07\/geerts-ramon.jpeg","datePublished":"2022-07-17T18:10:20+00:00","author":{"@id":"https:\/\/fr.motocrossmag.be\/#\/schema\/person\/11b47143d9f755babca2c9110e03235c"},"breadcrumb":{"@id":"https:\/\/fr.motocrossmag.be\/index.php\/2022\/07\/mx2-jago-geerts-repasse-en-tete\/#breadcrumb"},"inLanguage":"fr-FR","potentialAction":[{"@type":"ReadAction","target":["https:\/\/fr.motocrossmag.be\/index.php\/2022\/07\/mx2-jago-geerts-repasse-en-tete\/"]}]},{"@type":"ImageObject","inLanguage":"fr-FR","@id":"https:\/\/fr.motocrossmag.be\/index.php\/2022\/07\/mx2-jago-geerts-repasse-en-tete\/#primaryimage","url":"https:\/\/fr.motocrossmag.be\/wp-content\/uploads\/2022\/07\/geerts-ramon.jpeg","contentUrl":"https:\/\/fr.motocrossmag.be\/wp-content\/uploads\/2022\/07\/geerts-ramon.jpeg","width":"1000","height":"666"},{"@type":"BreadcrumbList","@id":"https:\/\/fr.motocrossmag.be\/index.php\/2022\/07\/mx2-jago-geerts-repasse-en-tete\/#breadcrumb","itemListElement":[{"@type":"ListItem","position":1,"name":"Accueil","item":"https:\/\/fr.motocrossmag.be\/"},{"@type":"ListItem","position":2,"name":"MX2 : Jago Geerts repasse en t\u00eate !"}]},{"@type":"WebSite","@id":"https:\/\/fr.motocrossmag.be\/#website","url":"https:\/\/fr.motocrossmag.be\/","name":"Motocross - Enduro - Supermoto | MotocrossMag","description":"L&#039;actualit\u00e9 du motocross, de l&#039;enduro et du Supermoto en ligne!","potentialAction":[{"@type":"SearchAction","target":{"@type":"EntryPoint","urlTemplate":"https:\/\/fr.motocrossmag.be\/?s={search_term_string}"},"query-input":{"@type":"PropertyValueSpecification","valueRequired":true,"valueName":"search_term_string"}}],"inLanguage":"fr-FR"},{"@type":"Person","@id":"https:\/\/fr.motocrossmag.be\/#\/schema\/person\/11b47143d9f755babca2c9110e03235c","name":"oliviere","image":{"@type":"ImageObject","inLanguage":"fr-FR","@id":"https:\/\/secure.gravatar.com\/avatar\/907069e0b81d119452040469e4a7501da1100f54f7f80180ce77bfab718288f6?s=96&d=mm&r=g","url":"https:\/\/secure.gravatar.com\/avatar\/907069e0b81d119452040469e4a7501da1100f54f7f80180ce77bfab718288f6?s=96&d=mm&r=g","contentUrl":"https:\/\/secure.gravatar.com\/avatar\/907069e0b81d119452040469e4a7501da1100f54f7f80180ce77bfab718288f6?s=96&d=mm&r=g","caption":"oliviere"},"sameAs":["http:\/\/www.motocrossmag.be"],"url":"https:\/\/fr.motocrossmag.be\/index.php\/author\/oliviere\/"}]}},"_links":{"self":[{"href":"https:\/\/fr.motocrossmag.be\/index.php\/wp-json\/wp\/v2\/posts\/118655","targetHints":{"allow":["GET"]}}],"collection":[{"href":"https:\/\/fr.motocrossmag.be\/index.php\/wp-json\/wp\/v2\/posts"}],"about":[{"href":"https:\/\/fr.motocrossmag.be\/index.php\/wp-json\/wp\/v2\/types\/post"}],"author":[{"embeddable":true,"href":"https:\/\/fr.motocrossmag.be\/index.php\/wp-json\/wp\/v2\/users\/932"}],"replies":[{"embeddable":true,"href":"https:\/\/fr.motocrossmag.be\/index.php\/wp-json\/wp\/v2\/comments?post=118655"}],"version-history":[{"count":0,"href":"https:\/\/fr.motocrossmag.be\/index.php\/wp-json\/wp\/v2\/posts\/118655\/revisions"}],"wp:featuredmedia":[{"embeddable":true,"href":"https:\/\/fr.motocrossmag.be\/index.php\/wp-json\/wp\/v2\/media\/118656"}],"wp:attachment":[{"href":"https:\/\/fr.motocrossmag.be\/index.php\/wp-json\/wp\/v2\/media?parent=118655"}],"wp:term":[{"taxonomy":"category","embeddable":true,"href":"https:\/\/fr.motocrossmag.be\/index.php\/wp-json\/wp\/v2\/categories?post=118655"},{"taxonomy":"post_tag","embeddable":true,"href":"https:\/\/fr.motocrossmag.be\/index.php\/wp-json\/wp\/v2\/tags?post=118655"}],"curies":[{"name":"wp","href":"https:\/\/api.w.org\/{rel}","templated":true}]}}