{"id":118665,"date":"2022-07-18T18:12:34","date_gmt":"2022-07-18T16:12:34","guid":{"rendered":"http:\/\/fr.motocrossmag.be\/?p=118665"},"modified":"2022-07-18T18:12:58","modified_gmt":"2022-07-18T16:12:58","slug":"jago-geerts-heureux-darriver-a-lommel-avec-la-plaque-rouge","status":"publish","type":"post","link":"https:\/\/fr.motocrossmag.be\/index.php\/2022\/07\/jago-geerts-heureux-darriver-a-lommel-avec-la-plaque-rouge\/","title":{"rendered":"Jago Geerts \u00ab\u00a0heureux d&rsquo;arriver \u00e0 Lommel avec la plaque rouge\u00a0\u00bb"},"content":{"rendered":"<p><strong>Le week-end a \u00e9t\u00e9 faste pour le clan Yamaha \u00e0 Loket. Non seulement, Jago Geerts y a remport\u00e9 son quatri\u00e8me GP de la saison, il est accompagn\u00e9 sur le podium par son co\u00e9quipier fran\u00e7ais Thibault Benistant mais en plus, cerise sur le g\u00e2teau, la Yamaha num\u00e9ro 93 retrouve la plaque rouge. A une semaine de son GP national, voil\u00e0 une victoire qui fait assur\u00e9ment du bien au Limbourgeois alors que seuls six GP sont encore \u00e0 disputer.<\/strong><\/p>\n<p>\u00ab\u00a0Je suis vraiment content de ma journ\u00e9e\u00a0\u00bb, lan\u00e7ait-il, forc\u00e9ment enthousiaste, \u00e0 la fin de la 13\u00e8me journ\u00e9e de championnat. \u00ab\u00a0Lors de la premi\u00e8re course, j&rsquo;ai eu un peu de mal avec la piste, je ne me sentais pas parfaitement \u00e0 l&rsquo;aise. Entre les deux manches, nous avons donc d\u00e9cid\u00e9 d&rsquo;op\u00e9rer un petit changement sur la moto. Une fois n&rsquo;est pas coutume, cela m&rsquo;a permis de partir en t\u00eate. J&rsquo;ai fait une petite erreur dans le premier tour et Tom (Vialle) m&rsquo;a d\u00e9pass\u00e9, mais ensuite je me suis senti fort sur la moto et enfin beaucoup mieux sur la piste. Apr\u00e8s 15 minutes, j&rsquo;ai repris l&rsquo;avantage sur Tom et j&rsquo;ai pouss\u00e9 fort ensuite pour gagner la manche.\u00a0\u00bb<\/p>\n<p><img decoding=\"async\" class=\"lazyload alignnone size-full wp-image-118666\" src=\"http:\/\/fr.motocrossmag.be\/wp-content\/uploads\/2022\/07\/cq5dam.web_.2000.2000-1.jpeg\" data-orig-src=\"http:\/\/fr.motocrossmag.be\/wp-content\/uploads\/2022\/07\/cq5dam.web_.2000.2000-1.jpeg\" alt=\"\" width=\"1000\" height=\"666\" srcset=\"data:image\/svg+xml,%3Csvg%20xmlns%3D%27http%3A%2F%2Fwww.w3.org%2F2000%2Fsvg%27%20width%3D%271000%27%20height%3D%27666%27%20viewBox%3D%270%200%201000%20666%27%3E%3Crect%20width%3D%271000%27%20height%3D%27666%27%20fill-opacity%3D%220%22%2F%3E%3C%2Fsvg%3E\" data-srcset=\"https:\/\/fr.motocrossmag.be\/wp-content\/uploads\/2022\/07\/cq5dam.web_.2000.2000-1-650x433.jpeg 650w, https:\/\/fr.motocrossmag.be\/wp-content\/uploads\/2022\/07\/cq5dam.web_.2000.2000-1-768x511.jpeg 768w, https:\/\/fr.motocrossmag.be\/wp-content\/uploads\/2022\/07\/cq5dam.web_.2000.2000-1.jpeg 1000w\" data-sizes=\"auto\" data-orig-sizes=\"(max-width: 1000px) 100vw, 1000px\" \/><\/p>\n<p>Une victoire en seconde manche qui offrait au Limbourgeois de remporter sa 4\u00e8me victoire cette saison, reprenant au passage la t\u00eate du provisoire MX2. \u00ab\u00a0R\u00e9cup\u00e9rer la t\u00eate du championnat maintenant est super car cela signifie que je serai \u00e0 Lommel le week-end prochain, \u00e0 10 minutes de chez moi, avec la plaque rouge !\u00a0\u00bb<\/p>\n<p>Jago Geerts compte \u00e0 pr\u00e9sent 8 points d&rsquo;avance sur Tom Vialle au classement provisoire. Esp\u00e9rons que le \u00ab\u00a0home GP\u00a0\u00bb du pilote Yamaha lui permette d&rsquo;enfoncer le clou.<\/p>\n","protected":false},"excerpt":{"rendered":"<p>Le week-end a \u00e9t\u00e9 faste pour le clan Yamaha \u00e0 Loket. Non seulement, Jago Geerts y a remport\u00e9 son quatri\u00e8me GP de la saison, il est accompagn\u00e9 sur le podium [&#8230;]<\/p>\n","protected":false},"author":932,"featured_media":118671,"comment_status":"open","ping_status":"closed","sticky":false,"template":"","format":"standard","meta":{"footnotes":""},"categories":[54,58,4,6,5,55,65],"tags":[813,284,947,568],"class_list":["post-118665","post","type-post","status-publish","format-standard","has-post-thumbnail","hentry","category-actualite","category-interviews-actualite","category-motocross","category-mx1mx2","category-news","category-news-actualite","category-slideshow","tag-jago-geerts","tag-lommel","tag-motocross","tag-mxgp"],"yoast_head":"<!-- This site is optimized with the Yoast SEO plugin v27.4 - https:\/\/yoast.com\/product\/yoast-seo-wordpress\/ -->\n<title>Jago Geerts &quot;heureux d&#039;arriver \u00e0 Lommel avec la plaque rouge&quot; - Motocross - Enduro - Supermoto | MotocrossMag<\/title>\n<meta name=\"robots\" content=\"index, follow, max-snippet:-1, max-image-preview:large, max-video-preview:-1\" \/>\n<link rel=\"canonical\" href=\"https:\/\/fr.motocrossmag.be\/index.php\/2022\/07\/jago-geerts-heureux-darriver-a-lommel-avec-la-plaque-rouge\/\" \/>\n<meta property=\"og:locale\" content=\"fr_FR\" \/>\n<meta property=\"og:type\" content=\"article\" \/>\n<meta property=\"og:title\" content=\"Jago Geerts &quot;heureux d&#039;arriver \u00e0 Lommel avec la plaque rouge&quot; - Motocross - Enduro - Supermoto | MotocrossMag\" \/>\n<meta property=\"og:description\" content=\"Le week-end a \u00e9t\u00e9 faste pour le clan Yamaha \u00e0 Loket. Non seulement, Jago Geerts y a remport\u00e9 son quatri\u00e8me GP de la saison, il est accompagn\u00e9 sur le podium [...]\" \/>\n<meta property=\"og:url\" content=\"https:\/\/fr.motocrossmag.be\/index.php\/2022\/07\/jago-geerts-heureux-darriver-a-lommel-avec-la-plaque-rouge\/\" \/>\n<meta property=\"og:site_name\" content=\"Motocross - Enduro - Supermoto | MotocrossMag\" \/>\n<meta property=\"article:published_time\" content=\"2022-07-18T16:12:34+00:00\" \/>\n<meta property=\"article:modified_time\" content=\"2022-07-18T16:12:58+00:00\" \/>\n<meta property=\"og:image\" content=\"https:\/\/fr.motocrossmag.be\/wp-content\/uploads\/2022\/07\/jago-geerts-loket.jpeg\" \/>\n\t<meta property=\"og:image:width\" content=\"1000\" \/>\n\t<meta property=\"og:image:height\" content=\"666\" \/>\n\t<meta property=\"og:image:type\" content=\"image\/jpeg\" \/>\n<meta name=\"author\" content=\"oliviere\" \/>\n<meta name=\"twitter:card\" content=\"summary_large_image\" \/>\n<meta name=\"twitter:label1\" content=\"\u00c9crit par\" \/>\n\t<meta name=\"twitter:data1\" content=\"oliviere\" \/>\n\t<meta name=\"twitter:label2\" content=\"Dur\u00e9e de lecture estim\u00e9e\" \/>\n\t<meta name=\"twitter:data2\" content=\"1 minute\" \/>\n<script type=\"application\/ld+json\" class=\"yoast-schema-graph\">{\"@context\":\"https:\\\/\\\/schema.org\",\"@graph\":[{\"@type\":\"Article\",\"@id\":\"https:\\\/\\\/fr.motocrossmag.be\\\/index.php\\\/2022\\\/07\\\/jago-geerts-heureux-darriver-a-lommel-avec-la-plaque-rouge\\\/#article\",\"isPartOf\":{\"@id\":\"https:\\\/\\\/fr.motocrossmag.be\\\/index.php\\\/2022\\\/07\\\/jago-geerts-heureux-darriver-a-lommel-avec-la-plaque-rouge\\\/\"},\"author\":{\"name\":\"oliviere\",\"@id\":\"https:\\\/\\\/fr.motocrossmag.be\\\/#\\\/schema\\\/person\\\/11b47143d9f755babca2c9110e03235c\"},\"headline\":\"Jago Geerts \u00ab\u00a0heureux d&rsquo;arriver \u00e0 Lommel avec la plaque rouge\u00a0\u00bb\",\"datePublished\":\"2022-07-18T16:12:34+00:00\",\"dateModified\":\"2022-07-18T16:12:58+00:00\",\"mainEntityOfPage\":{\"@id\":\"https:\\\/\\\/fr.motocrossmag.be\\\/index.php\\\/2022\\\/07\\\/jago-geerts-heureux-darriver-a-lommel-avec-la-plaque-rouge\\\/\"},\"wordCount\":306,\"commentCount\":0,\"image\":{\"@id\":\"https:\\\/\\\/fr.motocrossmag.be\\\/index.php\\\/2022\\\/07\\\/jago-geerts-heureux-darriver-a-lommel-avec-la-plaque-rouge\\\/#primaryimage\"},\"thumbnailUrl\":\"https:\\\/\\\/fr.motocrossmag.be\\\/wp-content\\\/uploads\\\/2022\\\/07\\\/jago-geerts-loket.jpeg\",\"keywords\":[\"Jago Geerts\",\"Lommel\",\"Motocross\",\"MXGP\"],\"articleSection\":[\"Actualit\u00e9\",\"Interviews -all\",\"Motocross\",\"Motocross MXGP\",\"News\",\"News\",\"Slideshow\"],\"inLanguage\":\"fr-FR\",\"potentialAction\":[{\"@type\":\"CommentAction\",\"name\":\"Comment\",\"target\":[\"https:\\\/\\\/fr.motocrossmag.be\\\/index.php\\\/2022\\\/07\\\/jago-geerts-heureux-darriver-a-lommel-avec-la-plaque-rouge\\\/#respond\"]}]},{\"@type\":\"WebPage\",\"@id\":\"https:\\\/\\\/fr.motocrossmag.be\\\/index.php\\\/2022\\\/07\\\/jago-geerts-heureux-darriver-a-lommel-avec-la-plaque-rouge\\\/\",\"url\":\"https:\\\/\\\/fr.motocrossmag.be\\\/index.php\\\/2022\\\/07\\\/jago-geerts-heureux-darriver-a-lommel-avec-la-plaque-rouge\\\/\",\"name\":\"Jago Geerts \\\"heureux d'arriver \u00e0 Lommel avec la plaque rouge\\\" - Motocross - Enduro - Supermoto | MotocrossMag\",\"isPartOf\":{\"@id\":\"https:\\\/\\\/fr.motocrossmag.be\\\/#website\"},\"primaryImageOfPage\":{\"@id\":\"https:\\\/\\\/fr.motocrossmag.be\\\/index.php\\\/2022\\\/07\\\/jago-geerts-heureux-darriver-a-lommel-avec-la-plaque-rouge\\\/#primaryimage\"},\"image\":{\"@id\":\"https:\\\/\\\/fr.motocrossmag.be\\\/index.php\\\/2022\\\/07\\\/jago-geerts-heureux-darriver-a-lommel-avec-la-plaque-rouge\\\/#primaryimage\"},\"thumbnailUrl\":\"https:\\\/\\\/fr.motocrossmag.be\\\/wp-content\\\/uploads\\\/2022\\\/07\\\/jago-geerts-loket.jpeg\",\"datePublished\":\"2022-07-18T16:12:34+00:00\",\"dateModified\":\"2022-07-18T16:12:58+00:00\",\"author\":{\"@id\":\"https:\\\/\\\/fr.motocrossmag.be\\\/#\\\/schema\\\/person\\\/11b47143d9f755babca2c9110e03235c\"},\"breadcrumb\":{\"@id\":\"https:\\\/\\\/fr.motocrossmag.be\\\/index.php\\\/2022\\\/07\\\/jago-geerts-heureux-darriver-a-lommel-avec-la-plaque-rouge\\\/#breadcrumb\"},\"inLanguage\":\"fr-FR\",\"potentialAction\":[{\"@type\":\"ReadAction\",\"target\":[\"https:\\\/\\\/fr.motocrossmag.be\\\/index.php\\\/2022\\\/07\\\/jago-geerts-heureux-darriver-a-lommel-avec-la-plaque-rouge\\\/\"]}]},{\"@type\":\"ImageObject\",\"inLanguage\":\"fr-FR\",\"@id\":\"https:\\\/\\\/fr.motocrossmag.be\\\/index.php\\\/2022\\\/07\\\/jago-geerts-heureux-darriver-a-lommel-avec-la-plaque-rouge\\\/#primaryimage\",\"url\":\"https:\\\/\\\/fr.motocrossmag.be\\\/wp-content\\\/uploads\\\/2022\\\/07\\\/jago-geerts-loket.jpeg\",\"contentUrl\":\"https:\\\/\\\/fr.motocrossmag.be\\\/wp-content\\\/uploads\\\/2022\\\/07\\\/jago-geerts-loket.jpeg\",\"width\":\"1000\",\"height\":\"666\"},{\"@type\":\"BreadcrumbList\",\"@id\":\"https:\\\/\\\/fr.motocrossmag.be\\\/index.php\\\/2022\\\/07\\\/jago-geerts-heureux-darriver-a-lommel-avec-la-plaque-rouge\\\/#breadcrumb\",\"itemListElement\":[{\"@type\":\"ListItem\",\"position\":1,\"name\":\"Accueil\",\"item\":\"https:\\\/\\\/fr.motocrossmag.be\\\/\"},{\"@type\":\"ListItem\",\"position\":2,\"name\":\"Jago Geerts \u00ab\u00a0heureux d&rsquo;arriver \u00e0 Lommel avec la plaque rouge\u00a0\u00bb\"}]},{\"@type\":\"WebSite\",\"@id\":\"https:\\\/\\\/fr.motocrossmag.be\\\/#website\",\"url\":\"https:\\\/\\\/fr.motocrossmag.be\\\/\",\"name\":\"Motocross - Enduro - Supermoto | MotocrossMag\",\"description\":\"L&#039;actualit\u00e9 du motocross, de l&#039;enduro et du Supermoto en ligne!\",\"potentialAction\":[{\"@type\":\"SearchAction\",\"target\":{\"@type\":\"EntryPoint\",\"urlTemplate\":\"https:\\\/\\\/fr.motocrossmag.be\\\/?s={search_term_string}\"},\"query-input\":{\"@type\":\"PropertyValueSpecification\",\"valueRequired\":true,\"valueName\":\"search_term_string\"}}],\"inLanguage\":\"fr-FR\"},{\"@type\":\"Person\",\"@id\":\"https:\\\/\\\/fr.motocrossmag.be\\\/#\\\/schema\\\/person\\\/11b47143d9f755babca2c9110e03235c\",\"name\":\"oliviere\",\"image\":{\"@type\":\"ImageObject\",\"inLanguage\":\"fr-FR\",\"@id\":\"https:\\\/\\\/secure.gravatar.com\\\/avatar\\\/907069e0b81d119452040469e4a7501da1100f54f7f80180ce77bfab718288f6?s=96&d=mm&r=g\",\"url\":\"https:\\\/\\\/secure.gravatar.com\\\/avatar\\\/907069e0b81d119452040469e4a7501da1100f54f7f80180ce77bfab718288f6?s=96&d=mm&r=g\",\"contentUrl\":\"https:\\\/\\\/secure.gravatar.com\\\/avatar\\\/907069e0b81d119452040469e4a7501da1100f54f7f80180ce77bfab718288f6?s=96&d=mm&r=g\",\"caption\":\"oliviere\"},\"sameAs\":[\"http:\\\/\\\/www.motocrossmag.be\"],\"url\":\"https:\\\/\\\/fr.motocrossmag.be\\\/index.php\\\/author\\\/oliviere\\\/\"}]}<\/script>\n<!-- \/ Yoast SEO plugin. -->","yoast_head_json":{"title":"Jago Geerts \"heureux d'arriver \u00e0 Lommel avec la plaque rouge\" - Motocross - Enduro - Supermoto | MotocrossMag","robots":{"index":"index","follow":"follow","max-snippet":"max-snippet:-1","max-image-preview":"max-image-preview:large","max-video-preview":"max-video-preview:-1"},"canonical":"https:\/\/fr.motocrossmag.be\/index.php\/2022\/07\/jago-geerts-heureux-darriver-a-lommel-avec-la-plaque-rouge\/","og_locale":"fr_FR","og_type":"article","og_title":"Jago Geerts \"heureux d'arriver \u00e0 Lommel avec la plaque rouge\" - Motocross - Enduro - Supermoto | MotocrossMag","og_description":"Le week-end a \u00e9t\u00e9 faste pour le clan Yamaha \u00e0 Loket. Non seulement, Jago Geerts y a remport\u00e9 son quatri\u00e8me GP de la saison, il est accompagn\u00e9 sur le podium [...]","og_url":"https:\/\/fr.motocrossmag.be\/index.php\/2022\/07\/jago-geerts-heureux-darriver-a-lommel-avec-la-plaque-rouge\/","og_site_name":"Motocross - Enduro - Supermoto | MotocrossMag","article_published_time":"2022-07-18T16:12:34+00:00","article_modified_time":"2022-07-18T16:12:58+00:00","og_image":[{"width":1000,"height":666,"url":"https:\/\/fr.motocrossmag.be\/wp-content\/uploads\/2022\/07\/jago-geerts-loket.jpeg","type":"image\/jpeg"}],"author":"oliviere","twitter_card":"summary_large_image","twitter_misc":{"\u00c9crit par":"oliviere","Dur\u00e9e de lecture estim\u00e9e":"1 minute"},"schema":{"@context":"https:\/\/schema.org","@graph":[{"@type":"Article","@id":"https:\/\/fr.motocrossmag.be\/index.php\/2022\/07\/jago-geerts-heureux-darriver-a-lommel-avec-la-plaque-rouge\/#article","isPartOf":{"@id":"https:\/\/fr.motocrossmag.be\/index.php\/2022\/07\/jago-geerts-heureux-darriver-a-lommel-avec-la-plaque-rouge\/"},"author":{"name":"oliviere","@id":"https:\/\/fr.motocrossmag.be\/#\/schema\/person\/11b47143d9f755babca2c9110e03235c"},"headline":"Jago Geerts \u00ab\u00a0heureux d&rsquo;arriver \u00e0 Lommel avec la plaque rouge\u00a0\u00bb","datePublished":"2022-07-18T16:12:34+00:00","dateModified":"2022-07-18T16:12:58+00:00","mainEntityOfPage":{"@id":"https:\/\/fr.motocrossmag.be\/index.php\/2022\/07\/jago-geerts-heureux-darriver-a-lommel-avec-la-plaque-rouge\/"},"wordCount":306,"commentCount":0,"image":{"@id":"https:\/\/fr.motocrossmag.be\/index.php\/2022\/07\/jago-geerts-heureux-darriver-a-lommel-avec-la-plaque-rouge\/#primaryimage"},"thumbnailUrl":"https:\/\/fr.motocrossmag.be\/wp-content\/uploads\/2022\/07\/jago-geerts-loket.jpeg","keywords":["Jago Geerts","Lommel","Motocross","MXGP"],"articleSection":["Actualit\u00e9","Interviews -all","Motocross","Motocross MXGP","News","News","Slideshow"],"inLanguage":"fr-FR","potentialAction":[{"@type":"CommentAction","name":"Comment","target":["https:\/\/fr.motocrossmag.be\/index.php\/2022\/07\/jago-geerts-heureux-darriver-a-lommel-avec-la-plaque-rouge\/#respond"]}]},{"@type":"WebPage","@id":"https:\/\/fr.motocrossmag.be\/index.php\/2022\/07\/jago-geerts-heureux-darriver-a-lommel-avec-la-plaque-rouge\/","url":"https:\/\/fr.motocrossmag.be\/index.php\/2022\/07\/jago-geerts-heureux-darriver-a-lommel-avec-la-plaque-rouge\/","name":"Jago Geerts \"heureux d'arriver \u00e0 Lommel avec la plaque rouge\" - Motocross - Enduro - Supermoto | MotocrossMag","isPartOf":{"@id":"https:\/\/fr.motocrossmag.be\/#website"},"primaryImageOfPage":{"@id":"https:\/\/fr.motocrossmag.be\/index.php\/2022\/07\/jago-geerts-heureux-darriver-a-lommel-avec-la-plaque-rouge\/#primaryimage"},"image":{"@id":"https:\/\/fr.motocrossmag.be\/index.php\/2022\/07\/jago-geerts-heureux-darriver-a-lommel-avec-la-plaque-rouge\/#primaryimage"},"thumbnailUrl":"https:\/\/fr.motocrossmag.be\/wp-content\/uploads\/2022\/07\/jago-geerts-loket.jpeg","datePublished":"2022-07-18T16:12:34+00:00","dateModified":"2022-07-18T16:12:58+00:00","author":{"@id":"https:\/\/fr.motocrossmag.be\/#\/schema\/person\/11b47143d9f755babca2c9110e03235c"},"breadcrumb":{"@id":"https:\/\/fr.motocrossmag.be\/index.php\/2022\/07\/jago-geerts-heureux-darriver-a-lommel-avec-la-plaque-rouge\/#breadcrumb"},"inLanguage":"fr-FR","potentialAction":[{"@type":"ReadAction","target":["https:\/\/fr.motocrossmag.be\/index.php\/2022\/07\/jago-geerts-heureux-darriver-a-lommel-avec-la-plaque-rouge\/"]}]},{"@type":"ImageObject","inLanguage":"fr-FR","@id":"https:\/\/fr.motocrossmag.be\/index.php\/2022\/07\/jago-geerts-heureux-darriver-a-lommel-avec-la-plaque-rouge\/#primaryimage","url":"https:\/\/fr.motocrossmag.be\/wp-content\/uploads\/2022\/07\/jago-geerts-loket.jpeg","contentUrl":"https:\/\/fr.motocrossmag.be\/wp-content\/uploads\/2022\/07\/jago-geerts-loket.jpeg","width":"1000","height":"666"},{"@type":"BreadcrumbList","@id":"https:\/\/fr.motocrossmag.be\/index.php\/2022\/07\/jago-geerts-heureux-darriver-a-lommel-avec-la-plaque-rouge\/#breadcrumb","itemListElement":[{"@type":"ListItem","position":1,"name":"Accueil","item":"https:\/\/fr.motocrossmag.be\/"},{"@type":"ListItem","position":2,"name":"Jago Geerts \u00ab\u00a0heureux d&rsquo;arriver \u00e0 Lommel avec la plaque rouge\u00a0\u00bb"}]},{"@type":"WebSite","@id":"https:\/\/fr.motocrossmag.be\/#website","url":"https:\/\/fr.motocrossmag.be\/","name":"Motocross - Enduro - Supermoto | MotocrossMag","description":"L&#039;actualit\u00e9 du motocross, de l&#039;enduro et du Supermoto en ligne!","potentialAction":[{"@type":"SearchAction","target":{"@type":"EntryPoint","urlTemplate":"https:\/\/fr.motocrossmag.be\/?s={search_term_string}"},"query-input":{"@type":"PropertyValueSpecification","valueRequired":true,"valueName":"search_term_string"}}],"inLanguage":"fr-FR"},{"@type":"Person","@id":"https:\/\/fr.motocrossmag.be\/#\/schema\/person\/11b47143d9f755babca2c9110e03235c","name":"oliviere","image":{"@type":"ImageObject","inLanguage":"fr-FR","@id":"https:\/\/secure.gravatar.com\/avatar\/907069e0b81d119452040469e4a7501da1100f54f7f80180ce77bfab718288f6?s=96&d=mm&r=g","url":"https:\/\/secure.gravatar.com\/avatar\/907069e0b81d119452040469e4a7501da1100f54f7f80180ce77bfab718288f6?s=96&d=mm&r=g","contentUrl":"https:\/\/secure.gravatar.com\/avatar\/907069e0b81d119452040469e4a7501da1100f54f7f80180ce77bfab718288f6?s=96&d=mm&r=g","caption":"oliviere"},"sameAs":["http:\/\/www.motocrossmag.be"],"url":"https:\/\/fr.motocrossmag.be\/index.php\/author\/oliviere\/"}]}},"_links":{"self":[{"href":"https:\/\/fr.motocrossmag.be\/index.php\/wp-json\/wp\/v2\/posts\/118665","targetHints":{"allow":["GET"]}}],"collection":[{"href":"https:\/\/fr.motocrossmag.be\/index.php\/wp-json\/wp\/v2\/posts"}],"about":[{"href":"https:\/\/fr.motocrossmag.be\/index.php\/wp-json\/wp\/v2\/types\/post"}],"author":[{"embeddable":true,"href":"https:\/\/fr.motocrossmag.be\/index.php\/wp-json\/wp\/v2\/users\/932"}],"replies":[{"embeddable":true,"href":"https:\/\/fr.motocrossmag.be\/index.php\/wp-json\/wp\/v2\/comments?post=118665"}],"version-history":[{"count":0,"href":"https:\/\/fr.motocrossmag.be\/index.php\/wp-json\/wp\/v2\/posts\/118665\/revisions"}],"wp:featuredmedia":[{"embeddable":true,"href":"https:\/\/fr.motocrossmag.be\/index.php\/wp-json\/wp\/v2\/media\/118671"}],"wp:attachment":[{"href":"https:\/\/fr.motocrossmag.be\/index.php\/wp-json\/wp\/v2\/media?parent=118665"}],"wp:term":[{"taxonomy":"category","embeddable":true,"href":"https:\/\/fr.motocrossmag.be\/index.php\/wp-json\/wp\/v2\/categories?post=118665"},{"taxonomy":"post_tag","embeddable":true,"href":"https:\/\/fr.motocrossmag.be\/index.php\/wp-json\/wp\/v2\/tags?post=118665"}],"curies":[{"name":"wp","href":"https:\/\/api.w.org\/{rel}","templated":true}]}}