{"id":118670,"date":"2022-07-25T17:37:46","date_gmt":"2022-07-25T15:37:46","guid":{"rendered":"http:\/\/fr.motocrossmag.be\/?p=118670"},"modified":"2022-07-25T18:23:45","modified_gmt":"2022-07-25T16:23:45","slug":"jeremy-van-horebeek-annonce-la-fin-de-sa-carriere","status":"publish","type":"post","link":"https:\/\/fr.motocrossmag.be\/index.php\/2022\/07\/jeremy-van-horebeek-annonce-la-fin-de-sa-carriere\/","title":{"rendered":"J\u00e9r\u00e9my Van Horebeek annonce la fin de sa carri\u00e8re"},"content":{"rendered":"<p><strong>J\u00e9r\u00e9my Van Horebeek a confirm\u00e9 ce week-end \u00e0 Lommel que la saison 2022 serait sa derni\u00e8re saison sur le championnat du monde MXGP. A nouveau s\u00e9lectionn\u00e9 pour repr\u00e9senter la Belgique lors du Motocross des Nations \u00e0 RedBud (USA) les 24 et 25 septembre prochains, \u00ab\u00a0The Jerre\u00a0\u00bb disputera donc la toute derni\u00e8re course \u00e0 ce niveau de sa carri\u00e8re \u00e0 cette occasion.<br \/>\n<\/strong><\/p>\n<p>De la carri\u00e8re de Van Horebeek, on retiendra \u00e9videmment les nombreux titres nationaux, en Belgique, en Italie ou en France mais surtout un titre de vice-champion du monde MXGP en 2014, quand Antonio Cairoli r\u00e9gnait en ma\u00eetre sur la cat\u00e9gorie reine du motocross mondial. Le Belge roulait alors pour le team officiel Yamaha Rinaldi.<\/p>\n","protected":false},"excerpt":{"rendered":"<p>J\u00e9r\u00e9my Van Horebeek a confirm\u00e9 ce week-end \u00e0 Lommel que la saison 2022 serait sa derni\u00e8re saison sur le championnat du monde MXGP. A nouveau s\u00e9lectionn\u00e9 pour repr\u00e9senter la Belgique [&#8230;]<\/p>\n","protected":false},"author":932,"featured_media":105979,"comment_status":"open","ping_status":"closed","sticky":false,"template":"","format":"standard","meta":{"footnotes":""},"categories":[54,4,29,6,5,55,65],"tags":[78,947,568],"class_list":["post-118670","post","type-post","status-publish","format-standard","has-post-thumbnail","hentry","category-actualite","category-motocross","category-fmb","category-mx1mx2","category-news","category-news-actualite","category-slideshow","tag-jeremy-van-horebeek","tag-motocross","tag-mxgp"],"yoast_head":"<!-- This site is optimized with the Yoast SEO plugin v27.4 - https:\/\/yoast.com\/product\/yoast-seo-wordpress\/ -->\n<title>J\u00e9r\u00e9my Van Horebeek annonce la fin de sa carri\u00e8re - Motocross - Enduro - Supermoto | MotocrossMag<\/title>\n<meta name=\"robots\" content=\"index, follow, max-snippet:-1, max-image-preview:large, max-video-preview:-1\" \/>\n<link rel=\"canonical\" href=\"https:\/\/fr.motocrossmag.be\/index.php\/2022\/07\/jeremy-van-horebeek-annonce-la-fin-de-sa-carriere\/\" \/>\n<meta property=\"og:locale\" content=\"fr_FR\" \/>\n<meta property=\"og:type\" content=\"article\" \/>\n<meta property=\"og:title\" content=\"J\u00e9r\u00e9my Van Horebeek annonce la fin de sa carri\u00e8re - Motocross - Enduro - Supermoto | MotocrossMag\" \/>\n<meta property=\"og:description\" content=\"J\u00e9r\u00e9my Van Horebeek a confirm\u00e9 ce week-end \u00e0 Lommel que la saison 2022 serait sa derni\u00e8re saison sur le championnat du monde MXGP. A nouveau s\u00e9lectionn\u00e9 pour repr\u00e9senter la Belgique [...]\" \/>\n<meta property=\"og:url\" content=\"https:\/\/fr.motocrossmag.be\/index.php\/2022\/07\/jeremy-van-horebeek-annonce-la-fin-de-sa-carriere\/\" \/>\n<meta property=\"og:site_name\" content=\"Motocross - Enduro - Supermoto | MotocrossMag\" \/>\n<meta property=\"article:published_time\" content=\"2022-07-25T15:37:46+00:00\" \/>\n<meta property=\"article:modified_time\" content=\"2022-07-25T16:23:45+00:00\" \/>\n<meta property=\"og:image\" content=\"https:\/\/fr.motocrossmag.be\/wp-content\/uploads\/2020\/09\/van-horebeek-champion-elite-honda.jpg\" \/>\n\t<meta property=\"og:image:width\" content=\"902\" \/>\n\t<meta property=\"og:image:height\" content=\"600\" \/>\n\t<meta property=\"og:image:type\" content=\"image\/jpeg\" \/>\n<meta name=\"author\" content=\"oliviere\" \/>\n<meta name=\"twitter:card\" content=\"summary_large_image\" \/>\n<meta name=\"twitter:label1\" content=\"\u00c9crit par\" \/>\n\t<meta name=\"twitter:data1\" content=\"oliviere\" \/>\n\t<meta name=\"twitter:label2\" content=\"Dur\u00e9e de lecture estim\u00e9e\" \/>\n\t<meta name=\"twitter:data2\" content=\"1 minute\" \/>\n<script type=\"application\/ld+json\" class=\"yoast-schema-graph\">{\"@context\":\"https:\\\/\\\/schema.org\",\"@graph\":[{\"@type\":\"Article\",\"@id\":\"https:\\\/\\\/fr.motocrossmag.be\\\/index.php\\\/2022\\\/07\\\/jeremy-van-horebeek-annonce-la-fin-de-sa-carriere\\\/#article\",\"isPartOf\":{\"@id\":\"https:\\\/\\\/fr.motocrossmag.be\\\/index.php\\\/2022\\\/07\\\/jeremy-van-horebeek-annonce-la-fin-de-sa-carriere\\\/\"},\"author\":{\"name\":\"oliviere\",\"@id\":\"https:\\\/\\\/fr.motocrossmag.be\\\/#\\\/schema\\\/person\\\/11b47143d9f755babca2c9110e03235c\"},\"headline\":\"J\u00e9r\u00e9my Van Horebeek annonce la fin de sa carri\u00e8re\",\"datePublished\":\"2022-07-25T15:37:46+00:00\",\"dateModified\":\"2022-07-25T16:23:45+00:00\",\"mainEntityOfPage\":{\"@id\":\"https:\\\/\\\/fr.motocrossmag.be\\\/index.php\\\/2022\\\/07\\\/jeremy-van-horebeek-annonce-la-fin-de-sa-carriere\\\/\"},\"wordCount\":130,\"commentCount\":0,\"image\":{\"@id\":\"https:\\\/\\\/fr.motocrossmag.be\\\/index.php\\\/2022\\\/07\\\/jeremy-van-horebeek-annonce-la-fin-de-sa-carriere\\\/#primaryimage\"},\"thumbnailUrl\":\"https:\\\/\\\/fr.motocrossmag.be\\\/wp-content\\\/uploads\\\/2020\\\/09\\\/van-horebeek-champion-elite-honda.jpg\",\"keywords\":[\"Jeremy Van Horebeek\",\"Motocross\",\"MXGP\"],\"articleSection\":[\"Actualit\u00e9\",\"Motocross\",\"Motocross FMB\",\"Motocross MXGP\",\"News\",\"News\",\"Slideshow\"],\"inLanguage\":\"fr-FR\",\"potentialAction\":[{\"@type\":\"CommentAction\",\"name\":\"Comment\",\"target\":[\"https:\\\/\\\/fr.motocrossmag.be\\\/index.php\\\/2022\\\/07\\\/jeremy-van-horebeek-annonce-la-fin-de-sa-carriere\\\/#respond\"]}]},{\"@type\":\"WebPage\",\"@id\":\"https:\\\/\\\/fr.motocrossmag.be\\\/index.php\\\/2022\\\/07\\\/jeremy-van-horebeek-annonce-la-fin-de-sa-carriere\\\/\",\"url\":\"https:\\\/\\\/fr.motocrossmag.be\\\/index.php\\\/2022\\\/07\\\/jeremy-van-horebeek-annonce-la-fin-de-sa-carriere\\\/\",\"name\":\"J\u00e9r\u00e9my Van Horebeek annonce la fin de sa carri\u00e8re - Motocross - Enduro - Supermoto | MotocrossMag\",\"isPartOf\":{\"@id\":\"https:\\\/\\\/fr.motocrossmag.be\\\/#website\"},\"primaryImageOfPage\":{\"@id\":\"https:\\\/\\\/fr.motocrossmag.be\\\/index.php\\\/2022\\\/07\\\/jeremy-van-horebeek-annonce-la-fin-de-sa-carriere\\\/#primaryimage\"},\"image\":{\"@id\":\"https:\\\/\\\/fr.motocrossmag.be\\\/index.php\\\/2022\\\/07\\\/jeremy-van-horebeek-annonce-la-fin-de-sa-carriere\\\/#primaryimage\"},\"thumbnailUrl\":\"https:\\\/\\\/fr.motocrossmag.be\\\/wp-content\\\/uploads\\\/2020\\\/09\\\/van-horebeek-champion-elite-honda.jpg\",\"datePublished\":\"2022-07-25T15:37:46+00:00\",\"dateModified\":\"2022-07-25T16:23:45+00:00\",\"author\":{\"@id\":\"https:\\\/\\\/fr.motocrossmag.be\\\/#\\\/schema\\\/person\\\/11b47143d9f755babca2c9110e03235c\"},\"breadcrumb\":{\"@id\":\"https:\\\/\\\/fr.motocrossmag.be\\\/index.php\\\/2022\\\/07\\\/jeremy-van-horebeek-annonce-la-fin-de-sa-carriere\\\/#breadcrumb\"},\"inLanguage\":\"fr-FR\",\"potentialAction\":[{\"@type\":\"ReadAction\",\"target\":[\"https:\\\/\\\/fr.motocrossmag.be\\\/index.php\\\/2022\\\/07\\\/jeremy-van-horebeek-annonce-la-fin-de-sa-carriere\\\/\"]}]},{\"@type\":\"ImageObject\",\"inLanguage\":\"fr-FR\",\"@id\":\"https:\\\/\\\/fr.motocrossmag.be\\\/index.php\\\/2022\\\/07\\\/jeremy-van-horebeek-annonce-la-fin-de-sa-carriere\\\/#primaryimage\",\"url\":\"https:\\\/\\\/fr.motocrossmag.be\\\/wp-content\\\/uploads\\\/2020\\\/09\\\/van-horebeek-champion-elite-honda.jpg\",\"contentUrl\":\"https:\\\/\\\/fr.motocrossmag.be\\\/wp-content\\\/uploads\\\/2020\\\/09\\\/van-horebeek-champion-elite-honda.jpg\",\"width\":902,\"height\":600},{\"@type\":\"BreadcrumbList\",\"@id\":\"https:\\\/\\\/fr.motocrossmag.be\\\/index.php\\\/2022\\\/07\\\/jeremy-van-horebeek-annonce-la-fin-de-sa-carriere\\\/#breadcrumb\",\"itemListElement\":[{\"@type\":\"ListItem\",\"position\":1,\"name\":\"Accueil\",\"item\":\"https:\\\/\\\/fr.motocrossmag.be\\\/\"},{\"@type\":\"ListItem\",\"position\":2,\"name\":\"J\u00e9r\u00e9my Van Horebeek annonce la fin de sa carri\u00e8re\"}]},{\"@type\":\"WebSite\",\"@id\":\"https:\\\/\\\/fr.motocrossmag.be\\\/#website\",\"url\":\"https:\\\/\\\/fr.motocrossmag.be\\\/\",\"name\":\"Motocross - Enduro - Supermoto | MotocrossMag\",\"description\":\"L&#039;actualit\u00e9 du motocross, de l&#039;enduro et du Supermoto en ligne!\",\"potentialAction\":[{\"@type\":\"SearchAction\",\"target\":{\"@type\":\"EntryPoint\",\"urlTemplate\":\"https:\\\/\\\/fr.motocrossmag.be\\\/?s={search_term_string}\"},\"query-input\":{\"@type\":\"PropertyValueSpecification\",\"valueRequired\":true,\"valueName\":\"search_term_string\"}}],\"inLanguage\":\"fr-FR\"},{\"@type\":\"Person\",\"@id\":\"https:\\\/\\\/fr.motocrossmag.be\\\/#\\\/schema\\\/person\\\/11b47143d9f755babca2c9110e03235c\",\"name\":\"oliviere\",\"image\":{\"@type\":\"ImageObject\",\"inLanguage\":\"fr-FR\",\"@id\":\"https:\\\/\\\/secure.gravatar.com\\\/avatar\\\/907069e0b81d119452040469e4a7501da1100f54f7f80180ce77bfab718288f6?s=96&d=mm&r=g\",\"url\":\"https:\\\/\\\/secure.gravatar.com\\\/avatar\\\/907069e0b81d119452040469e4a7501da1100f54f7f80180ce77bfab718288f6?s=96&d=mm&r=g\",\"contentUrl\":\"https:\\\/\\\/secure.gravatar.com\\\/avatar\\\/907069e0b81d119452040469e4a7501da1100f54f7f80180ce77bfab718288f6?s=96&d=mm&r=g\",\"caption\":\"oliviere\"},\"sameAs\":[\"http:\\\/\\\/www.motocrossmag.be\"],\"url\":\"https:\\\/\\\/fr.motocrossmag.be\\\/index.php\\\/author\\\/oliviere\\\/\"}]}<\/script>\n<!-- \/ Yoast SEO plugin. -->","yoast_head_json":{"title":"J\u00e9r\u00e9my Van Horebeek annonce la fin de sa carri\u00e8re - Motocross - Enduro - Supermoto | MotocrossMag","robots":{"index":"index","follow":"follow","max-snippet":"max-snippet:-1","max-image-preview":"max-image-preview:large","max-video-preview":"max-video-preview:-1"},"canonical":"https:\/\/fr.motocrossmag.be\/index.php\/2022\/07\/jeremy-van-horebeek-annonce-la-fin-de-sa-carriere\/","og_locale":"fr_FR","og_type":"article","og_title":"J\u00e9r\u00e9my Van Horebeek annonce la fin de sa carri\u00e8re - Motocross - Enduro - Supermoto | MotocrossMag","og_description":"J\u00e9r\u00e9my Van Horebeek a confirm\u00e9 ce week-end \u00e0 Lommel que la saison 2022 serait sa derni\u00e8re saison sur le championnat du monde MXGP. A nouveau s\u00e9lectionn\u00e9 pour repr\u00e9senter la Belgique [...]","og_url":"https:\/\/fr.motocrossmag.be\/index.php\/2022\/07\/jeremy-van-horebeek-annonce-la-fin-de-sa-carriere\/","og_site_name":"Motocross - Enduro - Supermoto | MotocrossMag","article_published_time":"2022-07-25T15:37:46+00:00","article_modified_time":"2022-07-25T16:23:45+00:00","og_image":[{"width":902,"height":600,"url":"https:\/\/fr.motocrossmag.be\/wp-content\/uploads\/2020\/09\/van-horebeek-champion-elite-honda.jpg","type":"image\/jpeg"}],"author":"oliviere","twitter_card":"summary_large_image","twitter_misc":{"\u00c9crit par":"oliviere","Dur\u00e9e de lecture estim\u00e9e":"1 minute"},"schema":{"@context":"https:\/\/schema.org","@graph":[{"@type":"Article","@id":"https:\/\/fr.motocrossmag.be\/index.php\/2022\/07\/jeremy-van-horebeek-annonce-la-fin-de-sa-carriere\/#article","isPartOf":{"@id":"https:\/\/fr.motocrossmag.be\/index.php\/2022\/07\/jeremy-van-horebeek-annonce-la-fin-de-sa-carriere\/"},"author":{"name":"oliviere","@id":"https:\/\/fr.motocrossmag.be\/#\/schema\/person\/11b47143d9f755babca2c9110e03235c"},"headline":"J\u00e9r\u00e9my Van Horebeek annonce la fin de sa carri\u00e8re","datePublished":"2022-07-25T15:37:46+00:00","dateModified":"2022-07-25T16:23:45+00:00","mainEntityOfPage":{"@id":"https:\/\/fr.motocrossmag.be\/index.php\/2022\/07\/jeremy-van-horebeek-annonce-la-fin-de-sa-carriere\/"},"wordCount":130,"commentCount":0,"image":{"@id":"https:\/\/fr.motocrossmag.be\/index.php\/2022\/07\/jeremy-van-horebeek-annonce-la-fin-de-sa-carriere\/#primaryimage"},"thumbnailUrl":"https:\/\/fr.motocrossmag.be\/wp-content\/uploads\/2020\/09\/van-horebeek-champion-elite-honda.jpg","keywords":["Jeremy Van Horebeek","Motocross","MXGP"],"articleSection":["Actualit\u00e9","Motocross","Motocross FMB","Motocross MXGP","News","News","Slideshow"],"inLanguage":"fr-FR","potentialAction":[{"@type":"CommentAction","name":"Comment","target":["https:\/\/fr.motocrossmag.be\/index.php\/2022\/07\/jeremy-van-horebeek-annonce-la-fin-de-sa-carriere\/#respond"]}]},{"@type":"WebPage","@id":"https:\/\/fr.motocrossmag.be\/index.php\/2022\/07\/jeremy-van-horebeek-annonce-la-fin-de-sa-carriere\/","url":"https:\/\/fr.motocrossmag.be\/index.php\/2022\/07\/jeremy-van-horebeek-annonce-la-fin-de-sa-carriere\/","name":"J\u00e9r\u00e9my Van Horebeek annonce la fin de sa carri\u00e8re - Motocross - Enduro - Supermoto | MotocrossMag","isPartOf":{"@id":"https:\/\/fr.motocrossmag.be\/#website"},"primaryImageOfPage":{"@id":"https:\/\/fr.motocrossmag.be\/index.php\/2022\/07\/jeremy-van-horebeek-annonce-la-fin-de-sa-carriere\/#primaryimage"},"image":{"@id":"https:\/\/fr.motocrossmag.be\/index.php\/2022\/07\/jeremy-van-horebeek-annonce-la-fin-de-sa-carriere\/#primaryimage"},"thumbnailUrl":"https:\/\/fr.motocrossmag.be\/wp-content\/uploads\/2020\/09\/van-horebeek-champion-elite-honda.jpg","datePublished":"2022-07-25T15:37:46+00:00","dateModified":"2022-07-25T16:23:45+00:00","author":{"@id":"https:\/\/fr.motocrossmag.be\/#\/schema\/person\/11b47143d9f755babca2c9110e03235c"},"breadcrumb":{"@id":"https:\/\/fr.motocrossmag.be\/index.php\/2022\/07\/jeremy-van-horebeek-annonce-la-fin-de-sa-carriere\/#breadcrumb"},"inLanguage":"fr-FR","potentialAction":[{"@type":"ReadAction","target":["https:\/\/fr.motocrossmag.be\/index.php\/2022\/07\/jeremy-van-horebeek-annonce-la-fin-de-sa-carriere\/"]}]},{"@type":"ImageObject","inLanguage":"fr-FR","@id":"https:\/\/fr.motocrossmag.be\/index.php\/2022\/07\/jeremy-van-horebeek-annonce-la-fin-de-sa-carriere\/#primaryimage","url":"https:\/\/fr.motocrossmag.be\/wp-content\/uploads\/2020\/09\/van-horebeek-champion-elite-honda.jpg","contentUrl":"https:\/\/fr.motocrossmag.be\/wp-content\/uploads\/2020\/09\/van-horebeek-champion-elite-honda.jpg","width":902,"height":600},{"@type":"BreadcrumbList","@id":"https:\/\/fr.motocrossmag.be\/index.php\/2022\/07\/jeremy-van-horebeek-annonce-la-fin-de-sa-carriere\/#breadcrumb","itemListElement":[{"@type":"ListItem","position":1,"name":"Accueil","item":"https:\/\/fr.motocrossmag.be\/"},{"@type":"ListItem","position":2,"name":"J\u00e9r\u00e9my Van Horebeek annonce la fin de sa carri\u00e8re"}]},{"@type":"WebSite","@id":"https:\/\/fr.motocrossmag.be\/#website","url":"https:\/\/fr.motocrossmag.be\/","name":"Motocross - Enduro - Supermoto | MotocrossMag","description":"L&#039;actualit\u00e9 du motocross, de l&#039;enduro et du Supermoto en ligne!","potentialAction":[{"@type":"SearchAction","target":{"@type":"EntryPoint","urlTemplate":"https:\/\/fr.motocrossmag.be\/?s={search_term_string}"},"query-input":{"@type":"PropertyValueSpecification","valueRequired":true,"valueName":"search_term_string"}}],"inLanguage":"fr-FR"},{"@type":"Person","@id":"https:\/\/fr.motocrossmag.be\/#\/schema\/person\/11b47143d9f755babca2c9110e03235c","name":"oliviere","image":{"@type":"ImageObject","inLanguage":"fr-FR","@id":"https:\/\/secure.gravatar.com\/avatar\/907069e0b81d119452040469e4a7501da1100f54f7f80180ce77bfab718288f6?s=96&d=mm&r=g","url":"https:\/\/secure.gravatar.com\/avatar\/907069e0b81d119452040469e4a7501da1100f54f7f80180ce77bfab718288f6?s=96&d=mm&r=g","contentUrl":"https:\/\/secure.gravatar.com\/avatar\/907069e0b81d119452040469e4a7501da1100f54f7f80180ce77bfab718288f6?s=96&d=mm&r=g","caption":"oliviere"},"sameAs":["http:\/\/www.motocrossmag.be"],"url":"https:\/\/fr.motocrossmag.be\/index.php\/author\/oliviere\/"}]}},"_links":{"self":[{"href":"https:\/\/fr.motocrossmag.be\/index.php\/wp-json\/wp\/v2\/posts\/118670","targetHints":{"allow":["GET"]}}],"collection":[{"href":"https:\/\/fr.motocrossmag.be\/index.php\/wp-json\/wp\/v2\/posts"}],"about":[{"href":"https:\/\/fr.motocrossmag.be\/index.php\/wp-json\/wp\/v2\/types\/post"}],"author":[{"embeddable":true,"href":"https:\/\/fr.motocrossmag.be\/index.php\/wp-json\/wp\/v2\/users\/932"}],"replies":[{"embeddable":true,"href":"https:\/\/fr.motocrossmag.be\/index.php\/wp-json\/wp\/v2\/comments?post=118670"}],"version-history":[{"count":1,"href":"https:\/\/fr.motocrossmag.be\/index.php\/wp-json\/wp\/v2\/posts\/118670\/revisions"}],"predecessor-version":[{"id":119027,"href":"https:\/\/fr.motocrossmag.be\/index.php\/wp-json\/wp\/v2\/posts\/118670\/revisions\/119027"}],"wp:featuredmedia":[{"embeddable":true,"href":"https:\/\/fr.motocrossmag.be\/index.php\/wp-json\/wp\/v2\/media\/105979"}],"wp:attachment":[{"href":"https:\/\/fr.motocrossmag.be\/index.php\/wp-json\/wp\/v2\/media?parent=118670"}],"wp:term":[{"taxonomy":"category","embeddable":true,"href":"https:\/\/fr.motocrossmag.be\/index.php\/wp-json\/wp\/v2\/categories?post=118670"},{"taxonomy":"post_tag","embeddable":true,"href":"https:\/\/fr.motocrossmag.be\/index.php\/wp-json\/wp\/v2\/tags?post=118670"}],"curies":[{"name":"wp","href":"https:\/\/api.w.org\/{rel}","templated":true}]}}