{"id":118678,"date":"2022-07-19T21:15:52","date_gmt":"2022-07-19T19:15:52","guid":{"rendered":"http:\/\/fr.motocrossmag.be\/?p=118678"},"modified":"2022-07-19T21:15:52","modified_gmt":"2022-07-19T19:15:52","slug":"deux-equipes-pour-porter-les-couleurs-belges-sur-le-supermoto-des-nations-a-mettet","status":"publish","type":"post","link":"https:\/\/fr.motocrossmag.be\/index.php\/2022\/07\/deux-equipes-pour-porter-les-couleurs-belges-sur-le-supermoto-des-nations-a-mettet\/","title":{"rendered":"Deux \u00e9quipes pour porter les couleurs belges sur le Supermoto des Nations \u00e0 Mettet"},"content":{"rendered":"<p><strong>Les prochaines semaines placeront la Belgique sous le feu des projecteurs dans le petit monde de la moto. Ce week-end, les stars du championnat MXGP seront en effet en action \u00e0 Lommel. Une semaine plus tard, les 30 et 31 juillet, ce sont les pilotes de Supermoto les plus rapides du monde qui se battront sur la piste de Mettet pour le titre mondial par \u00e9quipes nationales. Pour la premi\u00e8re fois, la Belgique et le circuit Jules Tacheny en particulier, accueilleront le Supermoto des Nations.<\/strong><\/p>\n<p>Pour l&rsquo;occasion, le manager f\u00e9d\u00e9ral Chriss Franc a inscrit deux \u00e9quipes pour repr\u00e9senter la Belgique. Une \u00e9quipe qui aura la lourde t\u00e2che de tenter de rouler aux avant-postes face aux pilotes les plus rapides de la discipline, une autre compos\u00e9e de trois jeunes pilotes particuli\u00e8rement prometteurs.<\/p>\n<p>La premi\u00e8re \u00e9quipe sera compos\u00e9e de trois de nos meilleurs repr\u00e9sentants actuels dans la discipline, \u00e0 savoir Romain Kaivers, Kevin Viellevoye et Nicolas Decaigny. L&rsquo;\u00e9quipe junior sera pour sa part compos\u00e9e de Loucas Capone, Nicolas Vandommele et Romeo Fiorentino.<\/p>\n<p>Le Supermoto des Nations \u00e0 Mettet, c&rsquo;est l&rsquo;occasion unique ces 30 et 31 juillet d&rsquo;applaudir nos meilleurs Belges sur un \u00e9v\u00e9nement international de premier ordre, organis\u00e9 par un club qui sait y faire en mati\u00e8re de Supermoto&#8230;<\/p>\n<p>Plus d&rsquo;infos : <a href=\"https:\/\/www.circuit-mettet.be\/supermoto-des-nations\/\" target=\"_blank\" rel=\"noopener\">www.circuit-mettet.be\/supermoto-des-nations<\/a><\/p>\n","protected":false},"excerpt":{"rendered":"<p>Les prochaines semaines placeront la Belgique sous le feu des projecteurs dans le petit monde de la moto. Ce week-end, les stars du championnat MXGP seront en effet en action [&#8230;]<\/p>\n","protected":false},"author":932,"featured_media":112579,"comment_status":"open","ping_status":"closed","sticky":false,"template":"","format":"standard","meta":{"footnotes":""},"categories":[54,57,40,42,43,55,65,38],"tags":[1815,1294,1816,1703,974,1927],"class_list":["post-118678","post","type-post","status-publish","format-standard","has-post-thumbnail","hentry","category-actualite","category-calendriers","category-fmb-supermoto","category-mondial-supermoto","category-news-supermoto","category-news-actualite","category-slideshow","category-supermoto","tag-kevin-viellevoye","tag-mettet","tag-romain-kaivers","tag-romeo-fiorentino","tag-supermoto","tag-supermoto-des-nations"],"yoast_head":"<!-- This site is optimized with the Yoast SEO plugin v27.4 - https:\/\/yoast.com\/product\/yoast-seo-wordpress\/ -->\n<title>Deux \u00e9quipes pour porter les couleurs belges sur le Supermoto des Nations \u00e0 Mettet - Motocross - Enduro - Supermoto | MotocrossMag<\/title>\n<meta name=\"robots\" content=\"index, follow, max-snippet:-1, max-image-preview:large, max-video-preview:-1\" \/>\n<link rel=\"canonical\" href=\"https:\/\/fr.motocrossmag.be\/index.php\/2022\/07\/deux-equipes-pour-porter-les-couleurs-belges-sur-le-supermoto-des-nations-a-mettet\/\" \/>\n<meta property=\"og:locale\" content=\"fr_FR\" \/>\n<meta property=\"og:type\" content=\"article\" \/>\n<meta property=\"og:title\" content=\"Deux \u00e9quipes pour porter les couleurs belges sur le Supermoto des Nations \u00e0 Mettet - Motocross - Enduro - Supermoto | MotocrossMag\" \/>\n<meta property=\"og:description\" content=\"Les prochaines semaines placeront la Belgique sous le feu des projecteurs dans le petit monde de la moto. Ce week-end, les stars du championnat MXGP seront en effet en action [...]\" \/>\n<meta property=\"og:url\" content=\"https:\/\/fr.motocrossmag.be\/index.php\/2022\/07\/deux-equipes-pour-porter-les-couleurs-belges-sur-le-supermoto-des-nations-a-mettet\/\" \/>\n<meta property=\"og:site_name\" content=\"Motocross - Enduro - Supermoto | MotocrossMag\" \/>\n<meta property=\"article:published_time\" content=\"2022-07-19T19:15:52+00:00\" \/>\n<meta property=\"og:image\" content=\"https:\/\/fr.motocrossmag.be\/wp-content\/uploads\/2021\/09\/supermoto-battice-vieillevoye-kaivers.jpg\" \/>\n\t<meta property=\"og:image:width\" content=\"1000\" \/>\n\t<meta property=\"og:image:height\" content=\"667\" \/>\n\t<meta property=\"og:image:type\" content=\"image\/jpeg\" \/>\n<meta name=\"author\" content=\"oliviere\" \/>\n<meta name=\"twitter:card\" content=\"summary_large_image\" \/>\n<meta name=\"twitter:label1\" content=\"\u00c9crit par\" \/>\n\t<meta name=\"twitter:data1\" content=\"oliviere\" \/>\n\t<meta name=\"twitter:label2\" content=\"Dur\u00e9e de lecture estim\u00e9e\" \/>\n\t<meta name=\"twitter:data2\" content=\"1 minute\" \/>\n<script type=\"application\/ld+json\" class=\"yoast-schema-graph\">{\"@context\":\"https:\\\/\\\/schema.org\",\"@graph\":[{\"@type\":\"Article\",\"@id\":\"https:\\\/\\\/fr.motocrossmag.be\\\/index.php\\\/2022\\\/07\\\/deux-equipes-pour-porter-les-couleurs-belges-sur-le-supermoto-des-nations-a-mettet\\\/#article\",\"isPartOf\":{\"@id\":\"https:\\\/\\\/fr.motocrossmag.be\\\/index.php\\\/2022\\\/07\\\/deux-equipes-pour-porter-les-couleurs-belges-sur-le-supermoto-des-nations-a-mettet\\\/\"},\"author\":{\"name\":\"oliviere\",\"@id\":\"https:\\\/\\\/fr.motocrossmag.be\\\/#\\\/schema\\\/person\\\/11b47143d9f755babca2c9110e03235c\"},\"headline\":\"Deux \u00e9quipes pour porter les couleurs belges sur le Supermoto des Nations \u00e0 Mettet\",\"datePublished\":\"2022-07-19T19:15:52+00:00\",\"mainEntityOfPage\":{\"@id\":\"https:\\\/\\\/fr.motocrossmag.be\\\/index.php\\\/2022\\\/07\\\/deux-equipes-pour-porter-les-couleurs-belges-sur-le-supermoto-des-nations-a-mettet\\\/\"},\"wordCount\":238,\"commentCount\":0,\"image\":{\"@id\":\"https:\\\/\\\/fr.motocrossmag.be\\\/index.php\\\/2022\\\/07\\\/deux-equipes-pour-porter-les-couleurs-belges-sur-le-supermoto-des-nations-a-mettet\\\/#primaryimage\"},\"thumbnailUrl\":\"https:\\\/\\\/fr.motocrossmag.be\\\/wp-content\\\/uploads\\\/2021\\\/09\\\/supermoto-battice-vieillevoye-kaivers.jpg\",\"keywords\":[\"kevin viellevoye\",\"mettet\",\"romain kaivers\",\"rom\u00e9o fiorentino\",\"Supermoto\",\"supermoto des nations\"],\"articleSection\":[\"Actualit\u00e9\",\"Calendriers\",\"FMB\",\"International\",\"News\",\"News\",\"Slideshow\",\"Supermoto\"],\"inLanguage\":\"fr-FR\",\"potentialAction\":[{\"@type\":\"CommentAction\",\"name\":\"Comment\",\"target\":[\"https:\\\/\\\/fr.motocrossmag.be\\\/index.php\\\/2022\\\/07\\\/deux-equipes-pour-porter-les-couleurs-belges-sur-le-supermoto-des-nations-a-mettet\\\/#respond\"]}]},{\"@type\":\"WebPage\",\"@id\":\"https:\\\/\\\/fr.motocrossmag.be\\\/index.php\\\/2022\\\/07\\\/deux-equipes-pour-porter-les-couleurs-belges-sur-le-supermoto-des-nations-a-mettet\\\/\",\"url\":\"https:\\\/\\\/fr.motocrossmag.be\\\/index.php\\\/2022\\\/07\\\/deux-equipes-pour-porter-les-couleurs-belges-sur-le-supermoto-des-nations-a-mettet\\\/\",\"name\":\"Deux \u00e9quipes pour porter les couleurs belges sur le Supermoto des Nations \u00e0 Mettet - Motocross - Enduro - Supermoto | MotocrossMag\",\"isPartOf\":{\"@id\":\"https:\\\/\\\/fr.motocrossmag.be\\\/#website\"},\"primaryImageOfPage\":{\"@id\":\"https:\\\/\\\/fr.motocrossmag.be\\\/index.php\\\/2022\\\/07\\\/deux-equipes-pour-porter-les-couleurs-belges-sur-le-supermoto-des-nations-a-mettet\\\/#primaryimage\"},\"image\":{\"@id\":\"https:\\\/\\\/fr.motocrossmag.be\\\/index.php\\\/2022\\\/07\\\/deux-equipes-pour-porter-les-couleurs-belges-sur-le-supermoto-des-nations-a-mettet\\\/#primaryimage\"},\"thumbnailUrl\":\"https:\\\/\\\/fr.motocrossmag.be\\\/wp-content\\\/uploads\\\/2021\\\/09\\\/supermoto-battice-vieillevoye-kaivers.jpg\",\"datePublished\":\"2022-07-19T19:15:52+00:00\",\"author\":{\"@id\":\"https:\\\/\\\/fr.motocrossmag.be\\\/#\\\/schema\\\/person\\\/11b47143d9f755babca2c9110e03235c\"},\"breadcrumb\":{\"@id\":\"https:\\\/\\\/fr.motocrossmag.be\\\/index.php\\\/2022\\\/07\\\/deux-equipes-pour-porter-les-couleurs-belges-sur-le-supermoto-des-nations-a-mettet\\\/#breadcrumb\"},\"inLanguage\":\"fr-FR\",\"potentialAction\":[{\"@type\":\"ReadAction\",\"target\":[\"https:\\\/\\\/fr.motocrossmag.be\\\/index.php\\\/2022\\\/07\\\/deux-equipes-pour-porter-les-couleurs-belges-sur-le-supermoto-des-nations-a-mettet\\\/\"]}]},{\"@type\":\"ImageObject\",\"inLanguage\":\"fr-FR\",\"@id\":\"https:\\\/\\\/fr.motocrossmag.be\\\/index.php\\\/2022\\\/07\\\/deux-equipes-pour-porter-les-couleurs-belges-sur-le-supermoto-des-nations-a-mettet\\\/#primaryimage\",\"url\":\"https:\\\/\\\/fr.motocrossmag.be\\\/wp-content\\\/uploads\\\/2021\\\/09\\\/supermoto-battice-vieillevoye-kaivers.jpg\",\"contentUrl\":\"https:\\\/\\\/fr.motocrossmag.be\\\/wp-content\\\/uploads\\\/2021\\\/09\\\/supermoto-battice-vieillevoye-kaivers.jpg\",\"width\":1000,\"height\":667},{\"@type\":\"BreadcrumbList\",\"@id\":\"https:\\\/\\\/fr.motocrossmag.be\\\/index.php\\\/2022\\\/07\\\/deux-equipes-pour-porter-les-couleurs-belges-sur-le-supermoto-des-nations-a-mettet\\\/#breadcrumb\",\"itemListElement\":[{\"@type\":\"ListItem\",\"position\":1,\"name\":\"Accueil\",\"item\":\"https:\\\/\\\/fr.motocrossmag.be\\\/\"},{\"@type\":\"ListItem\",\"position\":2,\"name\":\"Deux \u00e9quipes pour porter les couleurs belges sur le Supermoto des Nations \u00e0 Mettet\"}]},{\"@type\":\"WebSite\",\"@id\":\"https:\\\/\\\/fr.motocrossmag.be\\\/#website\",\"url\":\"https:\\\/\\\/fr.motocrossmag.be\\\/\",\"name\":\"Motocross - Enduro - Supermoto | MotocrossMag\",\"description\":\"L&#039;actualit\u00e9 du motocross, de l&#039;enduro et du Supermoto en ligne!\",\"potentialAction\":[{\"@type\":\"SearchAction\",\"target\":{\"@type\":\"EntryPoint\",\"urlTemplate\":\"https:\\\/\\\/fr.motocrossmag.be\\\/?s={search_term_string}\"},\"query-input\":{\"@type\":\"PropertyValueSpecification\",\"valueRequired\":true,\"valueName\":\"search_term_string\"}}],\"inLanguage\":\"fr-FR\"},{\"@type\":\"Person\",\"@id\":\"https:\\\/\\\/fr.motocrossmag.be\\\/#\\\/schema\\\/person\\\/11b47143d9f755babca2c9110e03235c\",\"name\":\"oliviere\",\"image\":{\"@type\":\"ImageObject\",\"inLanguage\":\"fr-FR\",\"@id\":\"https:\\\/\\\/secure.gravatar.com\\\/avatar\\\/907069e0b81d119452040469e4a7501da1100f54f7f80180ce77bfab718288f6?s=96&d=mm&r=g\",\"url\":\"https:\\\/\\\/secure.gravatar.com\\\/avatar\\\/907069e0b81d119452040469e4a7501da1100f54f7f80180ce77bfab718288f6?s=96&d=mm&r=g\",\"contentUrl\":\"https:\\\/\\\/secure.gravatar.com\\\/avatar\\\/907069e0b81d119452040469e4a7501da1100f54f7f80180ce77bfab718288f6?s=96&d=mm&r=g\",\"caption\":\"oliviere\"},\"sameAs\":[\"http:\\\/\\\/www.motocrossmag.be\"],\"url\":\"https:\\\/\\\/fr.motocrossmag.be\\\/index.php\\\/author\\\/oliviere\\\/\"}]}<\/script>\n<!-- \/ Yoast SEO plugin. -->","yoast_head_json":{"title":"Deux \u00e9quipes pour porter les couleurs belges sur le Supermoto des Nations \u00e0 Mettet - Motocross - Enduro - Supermoto | MotocrossMag","robots":{"index":"index","follow":"follow","max-snippet":"max-snippet:-1","max-image-preview":"max-image-preview:large","max-video-preview":"max-video-preview:-1"},"canonical":"https:\/\/fr.motocrossmag.be\/index.php\/2022\/07\/deux-equipes-pour-porter-les-couleurs-belges-sur-le-supermoto-des-nations-a-mettet\/","og_locale":"fr_FR","og_type":"article","og_title":"Deux \u00e9quipes pour porter les couleurs belges sur le Supermoto des Nations \u00e0 Mettet - Motocross - Enduro - Supermoto | MotocrossMag","og_description":"Les prochaines semaines placeront la Belgique sous le feu des projecteurs dans le petit monde de la moto. Ce week-end, les stars du championnat MXGP seront en effet en action [...]","og_url":"https:\/\/fr.motocrossmag.be\/index.php\/2022\/07\/deux-equipes-pour-porter-les-couleurs-belges-sur-le-supermoto-des-nations-a-mettet\/","og_site_name":"Motocross - Enduro - Supermoto | MotocrossMag","article_published_time":"2022-07-19T19:15:52+00:00","og_image":[{"width":1000,"height":667,"url":"https:\/\/fr.motocrossmag.be\/wp-content\/uploads\/2021\/09\/supermoto-battice-vieillevoye-kaivers.jpg","type":"image\/jpeg"}],"author":"oliviere","twitter_card":"summary_large_image","twitter_misc":{"\u00c9crit par":"oliviere","Dur\u00e9e de lecture estim\u00e9e":"1 minute"},"schema":{"@context":"https:\/\/schema.org","@graph":[{"@type":"Article","@id":"https:\/\/fr.motocrossmag.be\/index.php\/2022\/07\/deux-equipes-pour-porter-les-couleurs-belges-sur-le-supermoto-des-nations-a-mettet\/#article","isPartOf":{"@id":"https:\/\/fr.motocrossmag.be\/index.php\/2022\/07\/deux-equipes-pour-porter-les-couleurs-belges-sur-le-supermoto-des-nations-a-mettet\/"},"author":{"name":"oliviere","@id":"https:\/\/fr.motocrossmag.be\/#\/schema\/person\/11b47143d9f755babca2c9110e03235c"},"headline":"Deux \u00e9quipes pour porter les couleurs belges sur le Supermoto des Nations \u00e0 Mettet","datePublished":"2022-07-19T19:15:52+00:00","mainEntityOfPage":{"@id":"https:\/\/fr.motocrossmag.be\/index.php\/2022\/07\/deux-equipes-pour-porter-les-couleurs-belges-sur-le-supermoto-des-nations-a-mettet\/"},"wordCount":238,"commentCount":0,"image":{"@id":"https:\/\/fr.motocrossmag.be\/index.php\/2022\/07\/deux-equipes-pour-porter-les-couleurs-belges-sur-le-supermoto-des-nations-a-mettet\/#primaryimage"},"thumbnailUrl":"https:\/\/fr.motocrossmag.be\/wp-content\/uploads\/2021\/09\/supermoto-battice-vieillevoye-kaivers.jpg","keywords":["kevin viellevoye","mettet","romain kaivers","rom\u00e9o fiorentino","Supermoto","supermoto des nations"],"articleSection":["Actualit\u00e9","Calendriers","FMB","International","News","News","Slideshow","Supermoto"],"inLanguage":"fr-FR","potentialAction":[{"@type":"CommentAction","name":"Comment","target":["https:\/\/fr.motocrossmag.be\/index.php\/2022\/07\/deux-equipes-pour-porter-les-couleurs-belges-sur-le-supermoto-des-nations-a-mettet\/#respond"]}]},{"@type":"WebPage","@id":"https:\/\/fr.motocrossmag.be\/index.php\/2022\/07\/deux-equipes-pour-porter-les-couleurs-belges-sur-le-supermoto-des-nations-a-mettet\/","url":"https:\/\/fr.motocrossmag.be\/index.php\/2022\/07\/deux-equipes-pour-porter-les-couleurs-belges-sur-le-supermoto-des-nations-a-mettet\/","name":"Deux \u00e9quipes pour porter les couleurs belges sur le Supermoto des Nations \u00e0 Mettet - Motocross - Enduro - Supermoto | MotocrossMag","isPartOf":{"@id":"https:\/\/fr.motocrossmag.be\/#website"},"primaryImageOfPage":{"@id":"https:\/\/fr.motocrossmag.be\/index.php\/2022\/07\/deux-equipes-pour-porter-les-couleurs-belges-sur-le-supermoto-des-nations-a-mettet\/#primaryimage"},"image":{"@id":"https:\/\/fr.motocrossmag.be\/index.php\/2022\/07\/deux-equipes-pour-porter-les-couleurs-belges-sur-le-supermoto-des-nations-a-mettet\/#primaryimage"},"thumbnailUrl":"https:\/\/fr.motocrossmag.be\/wp-content\/uploads\/2021\/09\/supermoto-battice-vieillevoye-kaivers.jpg","datePublished":"2022-07-19T19:15:52+00:00","author":{"@id":"https:\/\/fr.motocrossmag.be\/#\/schema\/person\/11b47143d9f755babca2c9110e03235c"},"breadcrumb":{"@id":"https:\/\/fr.motocrossmag.be\/index.php\/2022\/07\/deux-equipes-pour-porter-les-couleurs-belges-sur-le-supermoto-des-nations-a-mettet\/#breadcrumb"},"inLanguage":"fr-FR","potentialAction":[{"@type":"ReadAction","target":["https:\/\/fr.motocrossmag.be\/index.php\/2022\/07\/deux-equipes-pour-porter-les-couleurs-belges-sur-le-supermoto-des-nations-a-mettet\/"]}]},{"@type":"ImageObject","inLanguage":"fr-FR","@id":"https:\/\/fr.motocrossmag.be\/index.php\/2022\/07\/deux-equipes-pour-porter-les-couleurs-belges-sur-le-supermoto-des-nations-a-mettet\/#primaryimage","url":"https:\/\/fr.motocrossmag.be\/wp-content\/uploads\/2021\/09\/supermoto-battice-vieillevoye-kaivers.jpg","contentUrl":"https:\/\/fr.motocrossmag.be\/wp-content\/uploads\/2021\/09\/supermoto-battice-vieillevoye-kaivers.jpg","width":1000,"height":667},{"@type":"BreadcrumbList","@id":"https:\/\/fr.motocrossmag.be\/index.php\/2022\/07\/deux-equipes-pour-porter-les-couleurs-belges-sur-le-supermoto-des-nations-a-mettet\/#breadcrumb","itemListElement":[{"@type":"ListItem","position":1,"name":"Accueil","item":"https:\/\/fr.motocrossmag.be\/"},{"@type":"ListItem","position":2,"name":"Deux \u00e9quipes pour porter les couleurs belges sur le Supermoto des Nations \u00e0 Mettet"}]},{"@type":"WebSite","@id":"https:\/\/fr.motocrossmag.be\/#website","url":"https:\/\/fr.motocrossmag.be\/","name":"Motocross - Enduro - Supermoto | MotocrossMag","description":"L&#039;actualit\u00e9 du motocross, de l&#039;enduro et du Supermoto en ligne!","potentialAction":[{"@type":"SearchAction","target":{"@type":"EntryPoint","urlTemplate":"https:\/\/fr.motocrossmag.be\/?s={search_term_string}"},"query-input":{"@type":"PropertyValueSpecification","valueRequired":true,"valueName":"search_term_string"}}],"inLanguage":"fr-FR"},{"@type":"Person","@id":"https:\/\/fr.motocrossmag.be\/#\/schema\/person\/11b47143d9f755babca2c9110e03235c","name":"oliviere","image":{"@type":"ImageObject","inLanguage":"fr-FR","@id":"https:\/\/secure.gravatar.com\/avatar\/907069e0b81d119452040469e4a7501da1100f54f7f80180ce77bfab718288f6?s=96&d=mm&r=g","url":"https:\/\/secure.gravatar.com\/avatar\/907069e0b81d119452040469e4a7501da1100f54f7f80180ce77bfab718288f6?s=96&d=mm&r=g","contentUrl":"https:\/\/secure.gravatar.com\/avatar\/907069e0b81d119452040469e4a7501da1100f54f7f80180ce77bfab718288f6?s=96&d=mm&r=g","caption":"oliviere"},"sameAs":["http:\/\/www.motocrossmag.be"],"url":"https:\/\/fr.motocrossmag.be\/index.php\/author\/oliviere\/"}]}},"_links":{"self":[{"href":"https:\/\/fr.motocrossmag.be\/index.php\/wp-json\/wp\/v2\/posts\/118678","targetHints":{"allow":["GET"]}}],"collection":[{"href":"https:\/\/fr.motocrossmag.be\/index.php\/wp-json\/wp\/v2\/posts"}],"about":[{"href":"https:\/\/fr.motocrossmag.be\/index.php\/wp-json\/wp\/v2\/types\/post"}],"author":[{"embeddable":true,"href":"https:\/\/fr.motocrossmag.be\/index.php\/wp-json\/wp\/v2\/users\/932"}],"replies":[{"embeddable":true,"href":"https:\/\/fr.motocrossmag.be\/index.php\/wp-json\/wp\/v2\/comments?post=118678"}],"version-history":[{"count":0,"href":"https:\/\/fr.motocrossmag.be\/index.php\/wp-json\/wp\/v2\/posts\/118678\/revisions"}],"wp:featuredmedia":[{"embeddable":true,"href":"https:\/\/fr.motocrossmag.be\/index.php\/wp-json\/wp\/v2\/media\/112579"}],"wp:attachment":[{"href":"https:\/\/fr.motocrossmag.be\/index.php\/wp-json\/wp\/v2\/media?parent=118678"}],"wp:term":[{"taxonomy":"category","embeddable":true,"href":"https:\/\/fr.motocrossmag.be\/index.php\/wp-json\/wp\/v2\/categories?post=118678"},{"taxonomy":"post_tag","embeddable":true,"href":"https:\/\/fr.motocrossmag.be\/index.php\/wp-json\/wp\/v2\/tags?post=118678"}],"curies":[{"name":"wp","href":"https:\/\/api.w.org\/{rel}","templated":true}]}}