{"id":118854,"date":"2022-07-23T18:08:47","date_gmt":"2022-07-23T16:08:47","guid":{"rendered":"http:\/\/fr.motocrossmag.be\/?p=118854"},"modified":"2022-07-23T18:09:13","modified_gmt":"2022-07-23T16:09:13","slug":"lommel-jago-geerts-3eme-de-la-manche-qualificative-mx2","status":"publish","type":"post","link":"https:\/\/fr.motocrossmag.be\/index.php\/2022\/07\/lommel-jago-geerts-3eme-de-la-manche-qualificative-mx2\/","title":{"rendered":"Lommel : Jago Geerts 3\u00e8me de la manche qualificative MX2"},"content":{"rendered":"<p><strong>Jago Geerts a termin\u00e9 \u00e0 la 3\u00e8me place la manche qualificative MX2 du GP de Belgique ce samedi \u00e0 Lommel.<\/strong><\/p>\n<p>A la maison dans le sable limbourgeois, le leader du classement provisoire suit Kay De Wolf et son co\u00e9quipier chez Yamaha Thibault B\u00e9nistant.<\/p>\n<p>Mal parti, Liam Everts est revenu jusqu&rsquo;en huiti\u00e8me position.<\/p>\n<p>Tom Vialle a pour sa part chute dans le premier tour de course. Sa KTM endommag\u00e9e, le Fran\u00e7ais, contre qui Geerts joue le titre mondial cette ann\u00e9e, a \u00e9t\u00e9 contraint d&rsquo;abandonner.<\/p>\n<p>&nbsp;<\/p>\n<p><span style=\"color: #800000;\"><strong>R\u00e9sultats<\/strong><\/span><\/p>\n<p>1. Kay de Wolf (NED, Husqvarna), 25:41.951;\u00a02. Thibault Benistant (FRA, Yamaha), +0:08.784;\u00a03. Jago Geerts (BEL, Yamaha), +0:18.625; 4. Roan Van De Moosdijk (NED, Husqvarna), +0:33.560;\u00a05. Andrea Adamo (ITA, GASGAS), +0:42.325; 6. Mikkel Haarup (DEN, Kawasaki), +0:43.172; 7. Simon Laengenfelder (GER, GASGAS), +0:48.640; 8. Liam Everts (BEL, KTM), +1:02.935; 9. Tom Guyon (FRA, KTM), +1:03.792; 10. Kevin Horgmo (NOR, Kawasaki), +1:13.937; 11. Stephen Rubini (FRA, Honda), +1:23.693; 12. Albin Gerhardsson (SWE, Husqvarna), +1:24.679;\u00a013. Kay Karssemakers (NED, KTM), +1:43.114;\u00a014. Jorgen-Matthias Talviku (EST, Husqvarna), +1:44.696; 15. Petr Polak (CZE, Honda), +1:46.723; 16. Jakub Teresak (CZE, KTM), +1:47.452; 17. Joel Rizzi (GBR, Yamaha), +1:48.267; 18. Filip Olsson (SWE, Husqvarna), +1:48.932; 19. Jan Pancar (SLO, KTM), +1:50.161; 20. James Carpenter (GBR, KTM), +1:54.742; 21. Noah Ludwig (GER, KTM), +1:56.372;\u00a022. Kjell Verbruggen (NED, Kawasaki), +2:07.465;\u00a023. Marcel Stauffer (AUT, KTM), -1 lap(s); 24. Leopold Ambj\u00f6rnson (SWE, Husqvarna), -1 lap(s); 25. Adam Collings (GBR, KTM), -1 lap(s); 26. Jeremy Sydow (GER, KTM), -3 lap(s); 27. Christopher Mills (GBR, KTM), -7 lap(s); 28. Tom Vialle (FRA, KTM), -12 lap(s); 29. Paul Haberland (GER, Honda), -12 lap(s)<\/p>\n","protected":false},"excerpt":{"rendered":"<p>Jago Geerts a termin\u00e9 \u00e0 la 3\u00e8me place la manche qualificative MX2 du GP de Belgique ce samedi \u00e0 Lommel. A la maison dans le sable limbourgeois, le leader du [&#8230;]<\/p>\n","protected":false},"author":932,"featured_media":118361,"comment_status":"open","ping_status":"closed","sticky":false,"template":"","format":"standard","meta":{"footnotes":""},"categories":[54,4,6,5,55,56,65],"tags":[813,1491,1247,284,947,568,1246],"class_list":["post-118854","post","type-post","status-publish","format-standard","has-post-thumbnail","hentry","category-actualite","category-motocross","category-mx1mx2","category-news","category-news-actualite","category-resultats","category-slideshow","tag-jago-geerts","tag-kay-de-wolf","tag-liam-everts","tag-lommel","tag-motocross","tag-mxgp","tag-tom-vialle"],"yoast_head":"<!-- This site is optimized with the Yoast SEO plugin v27.4 - https:\/\/yoast.com\/product\/yoast-seo-wordpress\/ -->\n<title>Lommel : Jago Geerts 3\u00e8me de la manche qualificative MX2 - Motocross - Enduro - Supermoto | MotocrossMag<\/title>\n<meta name=\"robots\" content=\"index, follow, max-snippet:-1, max-image-preview:large, max-video-preview:-1\" \/>\n<link rel=\"canonical\" href=\"https:\/\/fr.motocrossmag.be\/index.php\/2022\/07\/lommel-jago-geerts-3eme-de-la-manche-qualificative-mx2\/\" \/>\n<meta property=\"og:locale\" content=\"fr_FR\" \/>\n<meta property=\"og:type\" content=\"article\" \/>\n<meta property=\"og:title\" content=\"Lommel : Jago Geerts 3\u00e8me de la manche qualificative MX2 - Motocross - Enduro - Supermoto | MotocrossMag\" \/>\n<meta property=\"og:description\" content=\"Jago Geerts a termin\u00e9 \u00e0 la 3\u00e8me place la manche qualificative MX2 du GP de Belgique ce samedi \u00e0 Lommel. A la maison dans le sable limbourgeois, le leader du [...]\" \/>\n<meta property=\"og:url\" content=\"https:\/\/fr.motocrossmag.be\/index.php\/2022\/07\/lommel-jago-geerts-3eme-de-la-manche-qualificative-mx2\/\" \/>\n<meta property=\"og:site_name\" content=\"Motocross - Enduro - Supermoto | MotocrossMag\" \/>\n<meta property=\"article:published_time\" content=\"2022-07-23T16:08:47+00:00\" \/>\n<meta property=\"article:modified_time\" content=\"2022-07-23T16:09:13+00:00\" \/>\n<meta property=\"og:image\" content=\"https:\/\/fr.motocrossmag.be\/wp-content\/uploads\/2022\/06\/GEERTS-SAT-MOTOCROSS-GP-12-IND-2022.jpg\" \/>\n\t<meta property=\"og:image:width\" content=\"1000\" \/>\n\t<meta property=\"og:image:height\" content=\"666\" \/>\n\t<meta property=\"og:image:type\" content=\"image\/jpeg\" \/>\n<meta name=\"author\" content=\"oliviere\" \/>\n<meta name=\"twitter:card\" content=\"summary_large_image\" \/>\n<meta name=\"twitter:label1\" content=\"\u00c9crit par\" \/>\n\t<meta name=\"twitter:data1\" content=\"oliviere\" \/>\n\t<meta name=\"twitter:label2\" content=\"Dur\u00e9e de lecture estim\u00e9e\" \/>\n\t<meta name=\"twitter:data2\" content=\"1 minute\" \/>\n<script type=\"application\/ld+json\" class=\"yoast-schema-graph\">{\"@context\":\"https:\\\/\\\/schema.org\",\"@graph\":[{\"@type\":\"Article\",\"@id\":\"https:\\\/\\\/fr.motocrossmag.be\\\/index.php\\\/2022\\\/07\\\/lommel-jago-geerts-3eme-de-la-manche-qualificative-mx2\\\/#article\",\"isPartOf\":{\"@id\":\"https:\\\/\\\/fr.motocrossmag.be\\\/index.php\\\/2022\\\/07\\\/lommel-jago-geerts-3eme-de-la-manche-qualificative-mx2\\\/\"},\"author\":{\"name\":\"oliviere\",\"@id\":\"https:\\\/\\\/fr.motocrossmag.be\\\/#\\\/schema\\\/person\\\/11b47143d9f755babca2c9110e03235c\"},\"headline\":\"Lommel : Jago Geerts 3\u00e8me de la manche qualificative MX2\",\"datePublished\":\"2022-07-23T16:08:47+00:00\",\"dateModified\":\"2022-07-23T16:09:13+00:00\",\"mainEntityOfPage\":{\"@id\":\"https:\\\/\\\/fr.motocrossmag.be\\\/index.php\\\/2022\\\/07\\\/lommel-jago-geerts-3eme-de-la-manche-qualificative-mx2\\\/\"},\"wordCount\":242,\"commentCount\":0,\"image\":{\"@id\":\"https:\\\/\\\/fr.motocrossmag.be\\\/index.php\\\/2022\\\/07\\\/lommel-jago-geerts-3eme-de-la-manche-qualificative-mx2\\\/#primaryimage\"},\"thumbnailUrl\":\"https:\\\/\\\/fr.motocrossmag.be\\\/wp-content\\\/uploads\\\/2022\\\/06\\\/GEERTS-SAT-MOTOCROSS-GP-12-IND-2022.jpg\",\"keywords\":[\"Jago Geerts\",\"kay de wolf\",\"liam everts\",\"Lommel\",\"Motocross\",\"MXGP\",\"tom vialle\"],\"articleSection\":[\"Actualit\u00e9\",\"Motocross\",\"Motocross MXGP\",\"News\",\"News\",\"R\u00e9sultats\",\"Slideshow\"],\"inLanguage\":\"fr-FR\",\"potentialAction\":[{\"@type\":\"CommentAction\",\"name\":\"Comment\",\"target\":[\"https:\\\/\\\/fr.motocrossmag.be\\\/index.php\\\/2022\\\/07\\\/lommel-jago-geerts-3eme-de-la-manche-qualificative-mx2\\\/#respond\"]}]},{\"@type\":\"WebPage\",\"@id\":\"https:\\\/\\\/fr.motocrossmag.be\\\/index.php\\\/2022\\\/07\\\/lommel-jago-geerts-3eme-de-la-manche-qualificative-mx2\\\/\",\"url\":\"https:\\\/\\\/fr.motocrossmag.be\\\/index.php\\\/2022\\\/07\\\/lommel-jago-geerts-3eme-de-la-manche-qualificative-mx2\\\/\",\"name\":\"Lommel : Jago Geerts 3\u00e8me de la manche qualificative MX2 - Motocross - Enduro - Supermoto | MotocrossMag\",\"isPartOf\":{\"@id\":\"https:\\\/\\\/fr.motocrossmag.be\\\/#website\"},\"primaryImageOfPage\":{\"@id\":\"https:\\\/\\\/fr.motocrossmag.be\\\/index.php\\\/2022\\\/07\\\/lommel-jago-geerts-3eme-de-la-manche-qualificative-mx2\\\/#primaryimage\"},\"image\":{\"@id\":\"https:\\\/\\\/fr.motocrossmag.be\\\/index.php\\\/2022\\\/07\\\/lommel-jago-geerts-3eme-de-la-manche-qualificative-mx2\\\/#primaryimage\"},\"thumbnailUrl\":\"https:\\\/\\\/fr.motocrossmag.be\\\/wp-content\\\/uploads\\\/2022\\\/06\\\/GEERTS-SAT-MOTOCROSS-GP-12-IND-2022.jpg\",\"datePublished\":\"2022-07-23T16:08:47+00:00\",\"dateModified\":\"2022-07-23T16:09:13+00:00\",\"author\":{\"@id\":\"https:\\\/\\\/fr.motocrossmag.be\\\/#\\\/schema\\\/person\\\/11b47143d9f755babca2c9110e03235c\"},\"breadcrumb\":{\"@id\":\"https:\\\/\\\/fr.motocrossmag.be\\\/index.php\\\/2022\\\/07\\\/lommel-jago-geerts-3eme-de-la-manche-qualificative-mx2\\\/#breadcrumb\"},\"inLanguage\":\"fr-FR\",\"potentialAction\":[{\"@type\":\"ReadAction\",\"target\":[\"https:\\\/\\\/fr.motocrossmag.be\\\/index.php\\\/2022\\\/07\\\/lommel-jago-geerts-3eme-de-la-manche-qualificative-mx2\\\/\"]}]},{\"@type\":\"ImageObject\",\"inLanguage\":\"fr-FR\",\"@id\":\"https:\\\/\\\/fr.motocrossmag.be\\\/index.php\\\/2022\\\/07\\\/lommel-jago-geerts-3eme-de-la-manche-qualificative-mx2\\\/#primaryimage\",\"url\":\"https:\\\/\\\/fr.motocrossmag.be\\\/wp-content\\\/uploads\\\/2022\\\/06\\\/GEERTS-SAT-MOTOCROSS-GP-12-IND-2022.jpg\",\"contentUrl\":\"https:\\\/\\\/fr.motocrossmag.be\\\/wp-content\\\/uploads\\\/2022\\\/06\\\/GEERTS-SAT-MOTOCROSS-GP-12-IND-2022.jpg\",\"width\":\"1000\",\"height\":\"666\"},{\"@type\":\"BreadcrumbList\",\"@id\":\"https:\\\/\\\/fr.motocrossmag.be\\\/index.php\\\/2022\\\/07\\\/lommel-jago-geerts-3eme-de-la-manche-qualificative-mx2\\\/#breadcrumb\",\"itemListElement\":[{\"@type\":\"ListItem\",\"position\":1,\"name\":\"Accueil\",\"item\":\"https:\\\/\\\/fr.motocrossmag.be\\\/\"},{\"@type\":\"ListItem\",\"position\":2,\"name\":\"Lommel : Jago Geerts 3\u00e8me de la manche qualificative MX2\"}]},{\"@type\":\"WebSite\",\"@id\":\"https:\\\/\\\/fr.motocrossmag.be\\\/#website\",\"url\":\"https:\\\/\\\/fr.motocrossmag.be\\\/\",\"name\":\"Motocross - Enduro - Supermoto | MotocrossMag\",\"description\":\"L&#039;actualit\u00e9 du motocross, de l&#039;enduro et du Supermoto en ligne!\",\"potentialAction\":[{\"@type\":\"SearchAction\",\"target\":{\"@type\":\"EntryPoint\",\"urlTemplate\":\"https:\\\/\\\/fr.motocrossmag.be\\\/?s={search_term_string}\"},\"query-input\":{\"@type\":\"PropertyValueSpecification\",\"valueRequired\":true,\"valueName\":\"search_term_string\"}}],\"inLanguage\":\"fr-FR\"},{\"@type\":\"Person\",\"@id\":\"https:\\\/\\\/fr.motocrossmag.be\\\/#\\\/schema\\\/person\\\/11b47143d9f755babca2c9110e03235c\",\"name\":\"oliviere\",\"image\":{\"@type\":\"ImageObject\",\"inLanguage\":\"fr-FR\",\"@id\":\"https:\\\/\\\/secure.gravatar.com\\\/avatar\\\/907069e0b81d119452040469e4a7501da1100f54f7f80180ce77bfab718288f6?s=96&d=mm&r=g\",\"url\":\"https:\\\/\\\/secure.gravatar.com\\\/avatar\\\/907069e0b81d119452040469e4a7501da1100f54f7f80180ce77bfab718288f6?s=96&d=mm&r=g\",\"contentUrl\":\"https:\\\/\\\/secure.gravatar.com\\\/avatar\\\/907069e0b81d119452040469e4a7501da1100f54f7f80180ce77bfab718288f6?s=96&d=mm&r=g\",\"caption\":\"oliviere\"},\"sameAs\":[\"http:\\\/\\\/www.motocrossmag.be\"],\"url\":\"https:\\\/\\\/fr.motocrossmag.be\\\/index.php\\\/author\\\/oliviere\\\/\"}]}<\/script>\n<!-- \/ Yoast SEO plugin. -->","yoast_head_json":{"title":"Lommel : Jago Geerts 3\u00e8me de la manche qualificative MX2 - Motocross - Enduro - Supermoto | MotocrossMag","robots":{"index":"index","follow":"follow","max-snippet":"max-snippet:-1","max-image-preview":"max-image-preview:large","max-video-preview":"max-video-preview:-1"},"canonical":"https:\/\/fr.motocrossmag.be\/index.php\/2022\/07\/lommel-jago-geerts-3eme-de-la-manche-qualificative-mx2\/","og_locale":"fr_FR","og_type":"article","og_title":"Lommel : Jago Geerts 3\u00e8me de la manche qualificative MX2 - Motocross - Enduro - Supermoto | MotocrossMag","og_description":"Jago Geerts a termin\u00e9 \u00e0 la 3\u00e8me place la manche qualificative MX2 du GP de Belgique ce samedi \u00e0 Lommel. A la maison dans le sable limbourgeois, le leader du [...]","og_url":"https:\/\/fr.motocrossmag.be\/index.php\/2022\/07\/lommel-jago-geerts-3eme-de-la-manche-qualificative-mx2\/","og_site_name":"Motocross - Enduro - Supermoto | MotocrossMag","article_published_time":"2022-07-23T16:08:47+00:00","article_modified_time":"2022-07-23T16:09:13+00:00","og_image":[{"width":1000,"height":666,"url":"https:\/\/fr.motocrossmag.be\/wp-content\/uploads\/2022\/06\/GEERTS-SAT-MOTOCROSS-GP-12-IND-2022.jpg","type":"image\/jpeg"}],"author":"oliviere","twitter_card":"summary_large_image","twitter_misc":{"\u00c9crit par":"oliviere","Dur\u00e9e de lecture estim\u00e9e":"1 minute"},"schema":{"@context":"https:\/\/schema.org","@graph":[{"@type":"Article","@id":"https:\/\/fr.motocrossmag.be\/index.php\/2022\/07\/lommel-jago-geerts-3eme-de-la-manche-qualificative-mx2\/#article","isPartOf":{"@id":"https:\/\/fr.motocrossmag.be\/index.php\/2022\/07\/lommel-jago-geerts-3eme-de-la-manche-qualificative-mx2\/"},"author":{"name":"oliviere","@id":"https:\/\/fr.motocrossmag.be\/#\/schema\/person\/11b47143d9f755babca2c9110e03235c"},"headline":"Lommel : Jago Geerts 3\u00e8me de la manche qualificative MX2","datePublished":"2022-07-23T16:08:47+00:00","dateModified":"2022-07-23T16:09:13+00:00","mainEntityOfPage":{"@id":"https:\/\/fr.motocrossmag.be\/index.php\/2022\/07\/lommel-jago-geerts-3eme-de-la-manche-qualificative-mx2\/"},"wordCount":242,"commentCount":0,"image":{"@id":"https:\/\/fr.motocrossmag.be\/index.php\/2022\/07\/lommel-jago-geerts-3eme-de-la-manche-qualificative-mx2\/#primaryimage"},"thumbnailUrl":"https:\/\/fr.motocrossmag.be\/wp-content\/uploads\/2022\/06\/GEERTS-SAT-MOTOCROSS-GP-12-IND-2022.jpg","keywords":["Jago Geerts","kay de wolf","liam everts","Lommel","Motocross","MXGP","tom vialle"],"articleSection":["Actualit\u00e9","Motocross","Motocross MXGP","News","News","R\u00e9sultats","Slideshow"],"inLanguage":"fr-FR","potentialAction":[{"@type":"CommentAction","name":"Comment","target":["https:\/\/fr.motocrossmag.be\/index.php\/2022\/07\/lommel-jago-geerts-3eme-de-la-manche-qualificative-mx2\/#respond"]}]},{"@type":"WebPage","@id":"https:\/\/fr.motocrossmag.be\/index.php\/2022\/07\/lommel-jago-geerts-3eme-de-la-manche-qualificative-mx2\/","url":"https:\/\/fr.motocrossmag.be\/index.php\/2022\/07\/lommel-jago-geerts-3eme-de-la-manche-qualificative-mx2\/","name":"Lommel : Jago Geerts 3\u00e8me de la manche qualificative MX2 - Motocross - Enduro - Supermoto | MotocrossMag","isPartOf":{"@id":"https:\/\/fr.motocrossmag.be\/#website"},"primaryImageOfPage":{"@id":"https:\/\/fr.motocrossmag.be\/index.php\/2022\/07\/lommel-jago-geerts-3eme-de-la-manche-qualificative-mx2\/#primaryimage"},"image":{"@id":"https:\/\/fr.motocrossmag.be\/index.php\/2022\/07\/lommel-jago-geerts-3eme-de-la-manche-qualificative-mx2\/#primaryimage"},"thumbnailUrl":"https:\/\/fr.motocrossmag.be\/wp-content\/uploads\/2022\/06\/GEERTS-SAT-MOTOCROSS-GP-12-IND-2022.jpg","datePublished":"2022-07-23T16:08:47+00:00","dateModified":"2022-07-23T16:09:13+00:00","author":{"@id":"https:\/\/fr.motocrossmag.be\/#\/schema\/person\/11b47143d9f755babca2c9110e03235c"},"breadcrumb":{"@id":"https:\/\/fr.motocrossmag.be\/index.php\/2022\/07\/lommel-jago-geerts-3eme-de-la-manche-qualificative-mx2\/#breadcrumb"},"inLanguage":"fr-FR","potentialAction":[{"@type":"ReadAction","target":["https:\/\/fr.motocrossmag.be\/index.php\/2022\/07\/lommel-jago-geerts-3eme-de-la-manche-qualificative-mx2\/"]}]},{"@type":"ImageObject","inLanguage":"fr-FR","@id":"https:\/\/fr.motocrossmag.be\/index.php\/2022\/07\/lommel-jago-geerts-3eme-de-la-manche-qualificative-mx2\/#primaryimage","url":"https:\/\/fr.motocrossmag.be\/wp-content\/uploads\/2022\/06\/GEERTS-SAT-MOTOCROSS-GP-12-IND-2022.jpg","contentUrl":"https:\/\/fr.motocrossmag.be\/wp-content\/uploads\/2022\/06\/GEERTS-SAT-MOTOCROSS-GP-12-IND-2022.jpg","width":"1000","height":"666"},{"@type":"BreadcrumbList","@id":"https:\/\/fr.motocrossmag.be\/index.php\/2022\/07\/lommel-jago-geerts-3eme-de-la-manche-qualificative-mx2\/#breadcrumb","itemListElement":[{"@type":"ListItem","position":1,"name":"Accueil","item":"https:\/\/fr.motocrossmag.be\/"},{"@type":"ListItem","position":2,"name":"Lommel : Jago Geerts 3\u00e8me de la manche qualificative MX2"}]},{"@type":"WebSite","@id":"https:\/\/fr.motocrossmag.be\/#website","url":"https:\/\/fr.motocrossmag.be\/","name":"Motocross - Enduro - Supermoto | MotocrossMag","description":"L&#039;actualit\u00e9 du motocross, de l&#039;enduro et du Supermoto en ligne!","potentialAction":[{"@type":"SearchAction","target":{"@type":"EntryPoint","urlTemplate":"https:\/\/fr.motocrossmag.be\/?s={search_term_string}"},"query-input":{"@type":"PropertyValueSpecification","valueRequired":true,"valueName":"search_term_string"}}],"inLanguage":"fr-FR"},{"@type":"Person","@id":"https:\/\/fr.motocrossmag.be\/#\/schema\/person\/11b47143d9f755babca2c9110e03235c","name":"oliviere","image":{"@type":"ImageObject","inLanguage":"fr-FR","@id":"https:\/\/secure.gravatar.com\/avatar\/907069e0b81d119452040469e4a7501da1100f54f7f80180ce77bfab718288f6?s=96&d=mm&r=g","url":"https:\/\/secure.gravatar.com\/avatar\/907069e0b81d119452040469e4a7501da1100f54f7f80180ce77bfab718288f6?s=96&d=mm&r=g","contentUrl":"https:\/\/secure.gravatar.com\/avatar\/907069e0b81d119452040469e4a7501da1100f54f7f80180ce77bfab718288f6?s=96&d=mm&r=g","caption":"oliviere"},"sameAs":["http:\/\/www.motocrossmag.be"],"url":"https:\/\/fr.motocrossmag.be\/index.php\/author\/oliviere\/"}]}},"_links":{"self":[{"href":"https:\/\/fr.motocrossmag.be\/index.php\/wp-json\/wp\/v2\/posts\/118854","targetHints":{"allow":["GET"]}}],"collection":[{"href":"https:\/\/fr.motocrossmag.be\/index.php\/wp-json\/wp\/v2\/posts"}],"about":[{"href":"https:\/\/fr.motocrossmag.be\/index.php\/wp-json\/wp\/v2\/types\/post"}],"author":[{"embeddable":true,"href":"https:\/\/fr.motocrossmag.be\/index.php\/wp-json\/wp\/v2\/users\/932"}],"replies":[{"embeddable":true,"href":"https:\/\/fr.motocrossmag.be\/index.php\/wp-json\/wp\/v2\/comments?post=118854"}],"version-history":[{"count":1,"href":"https:\/\/fr.motocrossmag.be\/index.php\/wp-json\/wp\/v2\/posts\/118854\/revisions"}],"predecessor-version":[{"id":118856,"href":"https:\/\/fr.motocrossmag.be\/index.php\/wp-json\/wp\/v2\/posts\/118854\/revisions\/118856"}],"wp:featuredmedia":[{"embeddable":true,"href":"https:\/\/fr.motocrossmag.be\/index.php\/wp-json\/wp\/v2\/media\/118361"}],"wp:attachment":[{"href":"https:\/\/fr.motocrossmag.be\/index.php\/wp-json\/wp\/v2\/media?parent=118854"}],"wp:term":[{"taxonomy":"category","embeddable":true,"href":"https:\/\/fr.motocrossmag.be\/index.php\/wp-json\/wp\/v2\/categories?post=118854"},{"taxonomy":"post_tag","embeddable":true,"href":"https:\/\/fr.motocrossmag.be\/index.php\/wp-json\/wp\/v2\/tags?post=118854"}],"curies":[{"name":"wp","href":"https:\/\/api.w.org\/{rel}","templated":true}]}}