{"id":118855,"date":"2022-07-23T19:12:33","date_gmt":"2022-07-23T17:12:33","guid":{"rendered":"http:\/\/fr.motocrossmag.be\/?p=118855"},"modified":"2022-07-23T19:12:33","modified_gmt":"2022-07-23T17:12:33","slug":"jeremy-seewer-prend-la-pole-a-lommel","status":"publish","type":"post","link":"https:\/\/fr.motocrossmag.be\/index.php\/2022\/07\/jeremy-seewer-prend-la-pole-a-lommel\/","title":{"rendered":"Jeremy Seewer prend la pole \u00e0 Lommel"},"content":{"rendered":"<p><strong>Jeremy Seewer est l&rsquo;homme en forme cet \u00e9t\u00e9 sur le championnat du monde MXGP. Une semaine apr\u00e8s avoir remport\u00e9 le GP de Loket, le Suisse vient de prendre la pole ce samedi du round belge.<\/strong><\/p>\n<p>Le Suisse devance Tim Gajser alors que Jorge Prado suit \u00e0 20 secondes en troisi\u00e8me position. Les sp\u00e9cialistes du sable Calvin Vlaanderen et Glenn Coldenhoff compl\u00e8tent le top-5.<\/p>\n<p>Brent Van Doninck prend la septi\u00e8me place derri\u00e8re Romain Febvre et devant Maxime R\u00e9naux. Cyril Genot place sa Honda au 18\u00e8me rang.<\/p>\n<p><span style=\"color: #800000;\"><strong>R\u00e9sultats<\/strong><\/span><\/p>\n<p>1. Jeremy Seewer (SUI, Yamaha), 25:22.933; 2. Tim Gajser (SLO, Honda), +0:05.405; 3. Jorge Prado (ESP, GASGAS), +0:20.582; 4. Calvin Vlaanderen (NED, Yamaha), +0:21.627; 5. Glenn Coldenhoff (NED, Yamaha), +0:23.619; 6. Romain Febvre (FRA, Kawasaki), +0:34.006; 7. Brent Van doninck (BEL, Yamaha), +0:40.168; 8. Maxime Renaux (FRA, Yamaha), +0:45.039; 9. Brian Bogers (NED, Husqvarna), +0:49.728; 10. Jed Beaton (AUS, Kawasaki), +0:59.088; 11. Mattia Guadagnini (ITA, GASGAS), +0:59.781; 12. Ben Watson (GBR, Kawasaki), +1:03.355; 13. Conrad Mewse (GBR, KTM), +1:05.226; 14. Henry Jacobi (GER, Honda), +1:07.122; 15. Kevin Brumann (SUI, Yamaha), +1:21.974; 16. Benoit Paturel (FRA, Honda), +1:22.901; 17. Alvin \u00d6stlund (SWE, Yamaha), +1:25.385; 18. Cyril Genot (BEL, Honda), +1:31.304; 19. Alberto Forato (ITA, GASGAS), +1:36.572; 20. Sven Van der Mierden (NED, GASGAS), +1:41.066; 21. Ivo Monticelli (ITA, Honda), +1:42.231; 22. Tom Koch (GER, KTM), +1:44.570; 23. Josh Gilbert (GBR, Husqvarna), +1:54.960; 24. Hardi Roosiorg (EST, KTM), +1:58.482; 25. Petar Petrov (BUL, Kawasaki), -1 lap(s); 26. Jere Haavisto (FIN, KTM), -1 lap(s); 27. Mitchell Evans (AUS, Honda), -1 lap(s); 28. Davy Pootjes (NED, Honda), -7 lap(s); 29. Harri Kullas (EST, Yamaha), -8 lap(s); 30. Twan Van Essen (NED, Honda), -12 lap(s);<del datetime=\"2022-07-23T16:55:35+00:00\"><\/del><\/p>\n","protected":false},"excerpt":{"rendered":"<p>Jeremy Seewer est l&rsquo;homme en forme cet \u00e9t\u00e9 sur le championnat du monde MXGP. Une semaine apr\u00e8s avoir remport\u00e9 le GP de Loket, le Suisse vient de prendre la pole [&#8230;]<\/p>\n","protected":false},"author":932,"featured_media":118857,"comment_status":"open","ping_status":"closed","sticky":false,"template":"","format":"standard","meta":{"footnotes":""},"categories":[54,4,6,5,55,56,65],"tags":[906,1361,434,78,284,947,568,456,780],"class_list":["post-118855","post","type-post","status-publish","format-standard","has-post-thumbnail","hentry","category-actualite","category-motocross","category-mx1mx2","category-news","category-news-actualite","category-resultats","category-slideshow","tag-brent-van-doninck","tag-cyril-genot","tag-jeremy-seewer","tag-jeremy-van-horebeek","tag-lommel","tag-motocross","tag-mxgp","tag-romain-febvre","tag-tim-gajser"],"yoast_head":"<!-- This site is optimized with the Yoast SEO plugin v27.4 - https:\/\/yoast.com\/product\/yoast-seo-wordpress\/ -->\n<title>Jeremy Seewer prend la pole \u00e0 Lommel - Motocross - Enduro - Supermoto | MotocrossMag<\/title>\n<meta name=\"robots\" content=\"index, follow, max-snippet:-1, max-image-preview:large, max-video-preview:-1\" \/>\n<link rel=\"canonical\" href=\"https:\/\/fr.motocrossmag.be\/index.php\/2022\/07\/jeremy-seewer-prend-la-pole-a-lommel\/\" \/>\n<meta property=\"og:locale\" content=\"fr_FR\" \/>\n<meta property=\"og:type\" content=\"article\" \/>\n<meta property=\"og:title\" content=\"Jeremy Seewer prend la pole \u00e0 Lommel - Motocross - Enduro - Supermoto | MotocrossMag\" \/>\n<meta property=\"og:description\" content=\"Jeremy Seewer est l&rsquo;homme en forme cet \u00e9t\u00e9 sur le championnat du monde MXGP. Une semaine apr\u00e8s avoir remport\u00e9 le GP de Loket, le Suisse vient de prendre la pole [...]\" \/>\n<meta property=\"og:url\" content=\"https:\/\/fr.motocrossmag.be\/index.php\/2022\/07\/jeremy-seewer-prend-la-pole-a-lommel\/\" \/>\n<meta property=\"og:site_name\" content=\"Motocross - Enduro - Supermoto | MotocrossMag\" \/>\n<meta property=\"article:published_time\" content=\"2022-07-23T17:12:33+00:00\" \/>\n<meta property=\"og:image\" content=\"https:\/\/fr.motocrossmag.be\/wp-content\/uploads\/2022\/07\/cq5dam.web_.2000.2000.jpeg\" \/>\n\t<meta property=\"og:image:width\" content=\"900\" \/>\n\t<meta property=\"og:image:height\" content=\"600\" \/>\n\t<meta property=\"og:image:type\" content=\"image\/jpeg\" \/>\n<meta name=\"author\" content=\"oliviere\" \/>\n<meta name=\"twitter:card\" content=\"summary_large_image\" \/>\n<meta name=\"twitter:label1\" content=\"\u00c9crit par\" \/>\n\t<meta name=\"twitter:data1\" content=\"oliviere\" \/>\n\t<meta name=\"twitter:label2\" content=\"Dur\u00e9e de lecture estim\u00e9e\" \/>\n\t<meta name=\"twitter:data2\" content=\"1 minute\" \/>\n<script type=\"application\/ld+json\" class=\"yoast-schema-graph\">{\"@context\":\"https:\\\/\\\/schema.org\",\"@graph\":[{\"@type\":\"Article\",\"@id\":\"https:\\\/\\\/fr.motocrossmag.be\\\/index.php\\\/2022\\\/07\\\/jeremy-seewer-prend-la-pole-a-lommel\\\/#article\",\"isPartOf\":{\"@id\":\"https:\\\/\\\/fr.motocrossmag.be\\\/index.php\\\/2022\\\/07\\\/jeremy-seewer-prend-la-pole-a-lommel\\\/\"},\"author\":{\"name\":\"oliviere\",\"@id\":\"https:\\\/\\\/fr.motocrossmag.be\\\/#\\\/schema\\\/person\\\/11b47143d9f755babca2c9110e03235c\"},\"headline\":\"Jeremy Seewer prend la pole \u00e0 Lommel\",\"datePublished\":\"2022-07-23T17:12:33+00:00\",\"mainEntityOfPage\":{\"@id\":\"https:\\\/\\\/fr.motocrossmag.be\\\/index.php\\\/2022\\\/07\\\/jeremy-seewer-prend-la-pole-a-lommel\\\/\"},\"wordCount\":241,\"commentCount\":0,\"image\":{\"@id\":\"https:\\\/\\\/fr.motocrossmag.be\\\/index.php\\\/2022\\\/07\\\/jeremy-seewer-prend-la-pole-a-lommel\\\/#primaryimage\"},\"thumbnailUrl\":\"https:\\\/\\\/fr.motocrossmag.be\\\/wp-content\\\/uploads\\\/2022\\\/07\\\/cq5dam.web_.2000.2000.jpeg\",\"keywords\":[\"Brent Van Doninck\",\"cyril genot\",\"jeremy seewer\",\"Jeremy Van Horebeek\",\"Lommel\",\"Motocross\",\"MXGP\",\"romain febvre\",\"tim gajser\"],\"articleSection\":[\"Actualit\u00e9\",\"Motocross\",\"Motocross MXGP\",\"News\",\"News\",\"R\u00e9sultats\",\"Slideshow\"],\"inLanguage\":\"fr-FR\",\"potentialAction\":[{\"@type\":\"CommentAction\",\"name\":\"Comment\",\"target\":[\"https:\\\/\\\/fr.motocrossmag.be\\\/index.php\\\/2022\\\/07\\\/jeremy-seewer-prend-la-pole-a-lommel\\\/#respond\"]}]},{\"@type\":\"WebPage\",\"@id\":\"https:\\\/\\\/fr.motocrossmag.be\\\/index.php\\\/2022\\\/07\\\/jeremy-seewer-prend-la-pole-a-lommel\\\/\",\"url\":\"https:\\\/\\\/fr.motocrossmag.be\\\/index.php\\\/2022\\\/07\\\/jeremy-seewer-prend-la-pole-a-lommel\\\/\",\"name\":\"Jeremy Seewer prend la pole \u00e0 Lommel - Motocross - Enduro - Supermoto | MotocrossMag\",\"isPartOf\":{\"@id\":\"https:\\\/\\\/fr.motocrossmag.be\\\/#website\"},\"primaryImageOfPage\":{\"@id\":\"https:\\\/\\\/fr.motocrossmag.be\\\/index.php\\\/2022\\\/07\\\/jeremy-seewer-prend-la-pole-a-lommel\\\/#primaryimage\"},\"image\":{\"@id\":\"https:\\\/\\\/fr.motocrossmag.be\\\/index.php\\\/2022\\\/07\\\/jeremy-seewer-prend-la-pole-a-lommel\\\/#primaryimage\"},\"thumbnailUrl\":\"https:\\\/\\\/fr.motocrossmag.be\\\/wp-content\\\/uploads\\\/2022\\\/07\\\/cq5dam.web_.2000.2000.jpeg\",\"datePublished\":\"2022-07-23T17:12:33+00:00\",\"author\":{\"@id\":\"https:\\\/\\\/fr.motocrossmag.be\\\/#\\\/schema\\\/person\\\/11b47143d9f755babca2c9110e03235c\"},\"breadcrumb\":{\"@id\":\"https:\\\/\\\/fr.motocrossmag.be\\\/index.php\\\/2022\\\/07\\\/jeremy-seewer-prend-la-pole-a-lommel\\\/#breadcrumb\"},\"inLanguage\":\"fr-FR\",\"potentialAction\":[{\"@type\":\"ReadAction\",\"target\":[\"https:\\\/\\\/fr.motocrossmag.be\\\/index.php\\\/2022\\\/07\\\/jeremy-seewer-prend-la-pole-a-lommel\\\/\"]}]},{\"@type\":\"ImageObject\",\"inLanguage\":\"fr-FR\",\"@id\":\"https:\\\/\\\/fr.motocrossmag.be\\\/index.php\\\/2022\\\/07\\\/jeremy-seewer-prend-la-pole-a-lommel\\\/#primaryimage\",\"url\":\"https:\\\/\\\/fr.motocrossmag.be\\\/wp-content\\\/uploads\\\/2022\\\/07\\\/cq5dam.web_.2000.2000.jpeg\",\"contentUrl\":\"https:\\\/\\\/fr.motocrossmag.be\\\/wp-content\\\/uploads\\\/2022\\\/07\\\/cq5dam.web_.2000.2000.jpeg\",\"width\":\"900\",\"height\":\"600\"},{\"@type\":\"BreadcrumbList\",\"@id\":\"https:\\\/\\\/fr.motocrossmag.be\\\/index.php\\\/2022\\\/07\\\/jeremy-seewer-prend-la-pole-a-lommel\\\/#breadcrumb\",\"itemListElement\":[{\"@type\":\"ListItem\",\"position\":1,\"name\":\"Accueil\",\"item\":\"https:\\\/\\\/fr.motocrossmag.be\\\/\"},{\"@type\":\"ListItem\",\"position\":2,\"name\":\"Jeremy Seewer prend la pole \u00e0 Lommel\"}]},{\"@type\":\"WebSite\",\"@id\":\"https:\\\/\\\/fr.motocrossmag.be\\\/#website\",\"url\":\"https:\\\/\\\/fr.motocrossmag.be\\\/\",\"name\":\"Motocross - Enduro - Supermoto | MotocrossMag\",\"description\":\"L&#039;actualit\u00e9 du motocross, de l&#039;enduro et du Supermoto en ligne!\",\"potentialAction\":[{\"@type\":\"SearchAction\",\"target\":{\"@type\":\"EntryPoint\",\"urlTemplate\":\"https:\\\/\\\/fr.motocrossmag.be\\\/?s={search_term_string}\"},\"query-input\":{\"@type\":\"PropertyValueSpecification\",\"valueRequired\":true,\"valueName\":\"search_term_string\"}}],\"inLanguage\":\"fr-FR\"},{\"@type\":\"Person\",\"@id\":\"https:\\\/\\\/fr.motocrossmag.be\\\/#\\\/schema\\\/person\\\/11b47143d9f755babca2c9110e03235c\",\"name\":\"oliviere\",\"image\":{\"@type\":\"ImageObject\",\"inLanguage\":\"fr-FR\",\"@id\":\"https:\\\/\\\/secure.gravatar.com\\\/avatar\\\/907069e0b81d119452040469e4a7501da1100f54f7f80180ce77bfab718288f6?s=96&d=mm&r=g\",\"url\":\"https:\\\/\\\/secure.gravatar.com\\\/avatar\\\/907069e0b81d119452040469e4a7501da1100f54f7f80180ce77bfab718288f6?s=96&d=mm&r=g\",\"contentUrl\":\"https:\\\/\\\/secure.gravatar.com\\\/avatar\\\/907069e0b81d119452040469e4a7501da1100f54f7f80180ce77bfab718288f6?s=96&d=mm&r=g\",\"caption\":\"oliviere\"},\"sameAs\":[\"http:\\\/\\\/www.motocrossmag.be\"],\"url\":\"https:\\\/\\\/fr.motocrossmag.be\\\/index.php\\\/author\\\/oliviere\\\/\"}]}<\/script>\n<!-- \/ Yoast SEO plugin. -->","yoast_head_json":{"title":"Jeremy Seewer prend la pole \u00e0 Lommel - Motocross - Enduro - Supermoto | MotocrossMag","robots":{"index":"index","follow":"follow","max-snippet":"max-snippet:-1","max-image-preview":"max-image-preview:large","max-video-preview":"max-video-preview:-1"},"canonical":"https:\/\/fr.motocrossmag.be\/index.php\/2022\/07\/jeremy-seewer-prend-la-pole-a-lommel\/","og_locale":"fr_FR","og_type":"article","og_title":"Jeremy Seewer prend la pole \u00e0 Lommel - Motocross - Enduro - Supermoto | MotocrossMag","og_description":"Jeremy Seewer est l&rsquo;homme en forme cet \u00e9t\u00e9 sur le championnat du monde MXGP. Une semaine apr\u00e8s avoir remport\u00e9 le GP de Loket, le Suisse vient de prendre la pole [...]","og_url":"https:\/\/fr.motocrossmag.be\/index.php\/2022\/07\/jeremy-seewer-prend-la-pole-a-lommel\/","og_site_name":"Motocross - Enduro - Supermoto | MotocrossMag","article_published_time":"2022-07-23T17:12:33+00:00","og_image":[{"width":900,"height":600,"url":"https:\/\/fr.motocrossmag.be\/wp-content\/uploads\/2022\/07\/cq5dam.web_.2000.2000.jpeg","type":"image\/jpeg"}],"author":"oliviere","twitter_card":"summary_large_image","twitter_misc":{"\u00c9crit par":"oliviere","Dur\u00e9e de lecture estim\u00e9e":"1 minute"},"schema":{"@context":"https:\/\/schema.org","@graph":[{"@type":"Article","@id":"https:\/\/fr.motocrossmag.be\/index.php\/2022\/07\/jeremy-seewer-prend-la-pole-a-lommel\/#article","isPartOf":{"@id":"https:\/\/fr.motocrossmag.be\/index.php\/2022\/07\/jeremy-seewer-prend-la-pole-a-lommel\/"},"author":{"name":"oliviere","@id":"https:\/\/fr.motocrossmag.be\/#\/schema\/person\/11b47143d9f755babca2c9110e03235c"},"headline":"Jeremy Seewer prend la pole \u00e0 Lommel","datePublished":"2022-07-23T17:12:33+00:00","mainEntityOfPage":{"@id":"https:\/\/fr.motocrossmag.be\/index.php\/2022\/07\/jeremy-seewer-prend-la-pole-a-lommel\/"},"wordCount":241,"commentCount":0,"image":{"@id":"https:\/\/fr.motocrossmag.be\/index.php\/2022\/07\/jeremy-seewer-prend-la-pole-a-lommel\/#primaryimage"},"thumbnailUrl":"https:\/\/fr.motocrossmag.be\/wp-content\/uploads\/2022\/07\/cq5dam.web_.2000.2000.jpeg","keywords":["Brent Van Doninck","cyril genot","jeremy seewer","Jeremy Van Horebeek","Lommel","Motocross","MXGP","romain febvre","tim gajser"],"articleSection":["Actualit\u00e9","Motocross","Motocross MXGP","News","News","R\u00e9sultats","Slideshow"],"inLanguage":"fr-FR","potentialAction":[{"@type":"CommentAction","name":"Comment","target":["https:\/\/fr.motocrossmag.be\/index.php\/2022\/07\/jeremy-seewer-prend-la-pole-a-lommel\/#respond"]}]},{"@type":"WebPage","@id":"https:\/\/fr.motocrossmag.be\/index.php\/2022\/07\/jeremy-seewer-prend-la-pole-a-lommel\/","url":"https:\/\/fr.motocrossmag.be\/index.php\/2022\/07\/jeremy-seewer-prend-la-pole-a-lommel\/","name":"Jeremy Seewer prend la pole \u00e0 Lommel - Motocross - Enduro - Supermoto | MotocrossMag","isPartOf":{"@id":"https:\/\/fr.motocrossmag.be\/#website"},"primaryImageOfPage":{"@id":"https:\/\/fr.motocrossmag.be\/index.php\/2022\/07\/jeremy-seewer-prend-la-pole-a-lommel\/#primaryimage"},"image":{"@id":"https:\/\/fr.motocrossmag.be\/index.php\/2022\/07\/jeremy-seewer-prend-la-pole-a-lommel\/#primaryimage"},"thumbnailUrl":"https:\/\/fr.motocrossmag.be\/wp-content\/uploads\/2022\/07\/cq5dam.web_.2000.2000.jpeg","datePublished":"2022-07-23T17:12:33+00:00","author":{"@id":"https:\/\/fr.motocrossmag.be\/#\/schema\/person\/11b47143d9f755babca2c9110e03235c"},"breadcrumb":{"@id":"https:\/\/fr.motocrossmag.be\/index.php\/2022\/07\/jeremy-seewer-prend-la-pole-a-lommel\/#breadcrumb"},"inLanguage":"fr-FR","potentialAction":[{"@type":"ReadAction","target":["https:\/\/fr.motocrossmag.be\/index.php\/2022\/07\/jeremy-seewer-prend-la-pole-a-lommel\/"]}]},{"@type":"ImageObject","inLanguage":"fr-FR","@id":"https:\/\/fr.motocrossmag.be\/index.php\/2022\/07\/jeremy-seewer-prend-la-pole-a-lommel\/#primaryimage","url":"https:\/\/fr.motocrossmag.be\/wp-content\/uploads\/2022\/07\/cq5dam.web_.2000.2000.jpeg","contentUrl":"https:\/\/fr.motocrossmag.be\/wp-content\/uploads\/2022\/07\/cq5dam.web_.2000.2000.jpeg","width":"900","height":"600"},{"@type":"BreadcrumbList","@id":"https:\/\/fr.motocrossmag.be\/index.php\/2022\/07\/jeremy-seewer-prend-la-pole-a-lommel\/#breadcrumb","itemListElement":[{"@type":"ListItem","position":1,"name":"Accueil","item":"https:\/\/fr.motocrossmag.be\/"},{"@type":"ListItem","position":2,"name":"Jeremy Seewer prend la pole \u00e0 Lommel"}]},{"@type":"WebSite","@id":"https:\/\/fr.motocrossmag.be\/#website","url":"https:\/\/fr.motocrossmag.be\/","name":"Motocross - Enduro - Supermoto | MotocrossMag","description":"L&#039;actualit\u00e9 du motocross, de l&#039;enduro et du Supermoto en ligne!","potentialAction":[{"@type":"SearchAction","target":{"@type":"EntryPoint","urlTemplate":"https:\/\/fr.motocrossmag.be\/?s={search_term_string}"},"query-input":{"@type":"PropertyValueSpecification","valueRequired":true,"valueName":"search_term_string"}}],"inLanguage":"fr-FR"},{"@type":"Person","@id":"https:\/\/fr.motocrossmag.be\/#\/schema\/person\/11b47143d9f755babca2c9110e03235c","name":"oliviere","image":{"@type":"ImageObject","inLanguage":"fr-FR","@id":"https:\/\/secure.gravatar.com\/avatar\/907069e0b81d119452040469e4a7501da1100f54f7f80180ce77bfab718288f6?s=96&d=mm&r=g","url":"https:\/\/secure.gravatar.com\/avatar\/907069e0b81d119452040469e4a7501da1100f54f7f80180ce77bfab718288f6?s=96&d=mm&r=g","contentUrl":"https:\/\/secure.gravatar.com\/avatar\/907069e0b81d119452040469e4a7501da1100f54f7f80180ce77bfab718288f6?s=96&d=mm&r=g","caption":"oliviere"},"sameAs":["http:\/\/www.motocrossmag.be"],"url":"https:\/\/fr.motocrossmag.be\/index.php\/author\/oliviere\/"}]}},"_links":{"self":[{"href":"https:\/\/fr.motocrossmag.be\/index.php\/wp-json\/wp\/v2\/posts\/118855","targetHints":{"allow":["GET"]}}],"collection":[{"href":"https:\/\/fr.motocrossmag.be\/index.php\/wp-json\/wp\/v2\/posts"}],"about":[{"href":"https:\/\/fr.motocrossmag.be\/index.php\/wp-json\/wp\/v2\/types\/post"}],"author":[{"embeddable":true,"href":"https:\/\/fr.motocrossmag.be\/index.php\/wp-json\/wp\/v2\/users\/932"}],"replies":[{"embeddable":true,"href":"https:\/\/fr.motocrossmag.be\/index.php\/wp-json\/wp\/v2\/comments?post=118855"}],"version-history":[{"count":0,"href":"https:\/\/fr.motocrossmag.be\/index.php\/wp-json\/wp\/v2\/posts\/118855\/revisions"}],"wp:featuredmedia":[{"embeddable":true,"href":"https:\/\/fr.motocrossmag.be\/index.php\/wp-json\/wp\/v2\/media\/118857"}],"wp:attachment":[{"href":"https:\/\/fr.motocrossmag.be\/index.php\/wp-json\/wp\/v2\/media?parent=118855"}],"wp:term":[{"taxonomy":"category","embeddable":true,"href":"https:\/\/fr.motocrossmag.be\/index.php\/wp-json\/wp\/v2\/categories?post=118855"},{"taxonomy":"post_tag","embeddable":true,"href":"https:\/\/fr.motocrossmag.be\/index.php\/wp-json\/wp\/v2\/tags?post=118855"}],"curies":[{"name":"wp","href":"https:\/\/api.w.org\/{rel}","templated":true}]}}