{"id":118858,"date":"2022-07-23T19:50:16","date_gmt":"2022-07-23T17:50:16","guid":{"rendered":"http:\/\/fr.motocrossmag.be\/?p=118858"},"modified":"2022-07-23T19:51:37","modified_gmt":"2022-07-23T17:51:37","slug":"emx250-lucas-coenen-offre-une-premiere-victoire-au-public-belge","status":"publish","type":"post","link":"https:\/\/fr.motocrossmag.be\/index.php\/2022\/07\/emx250-lucas-coenen-offre-une-premiere-victoire-au-public-belge\/","title":{"rendered":"EMX250 : Lucas Coenen offre une premi\u00e8re victoire au public belge"},"content":{"rendered":"<p><strong>Lucas Coenen a remport\u00e9 ce samedi sa premi\u00e8re victoire de manche sur le championnat d&rsquo;Europe EMX250 \u00e0 Lommel.<\/strong><\/p>\n<p>Le Belge a offert \u00e0 son public une premi\u00e8re victoire ce week-end en remportant un duel tr\u00e8s intense avec l&rsquo;Italien Andrea Bonacorsi.<\/p>\n<p>Le d\u00e9sormais solide leader du classement provisoire Rick Elzinga termin\u00e9 3\u00e8me derri\u00e8re les deux hommes alors que Quentin Prugnieres et Sacha Coenen compl\u00e8tent le top-5 de cette premi\u00e8re manche EMX250.<\/p>\n<p>Wesly Dieudonn\u00e9 prend une belle 12\u00e8me place.<\/p>\n<p>La seconde manche EMX250 sera disput\u00e9e demain.<\/p>\n<p><span style=\"color: #800000;\"><strong>R\u00e9sultats<\/strong><\/span><\/p>\n<p>MANCHE 1<\/p>\n<p>1. Lucas Coenen <span style=\"color: #800000;\">(BEL,<\/span> Husqvarna), 31:18.320; 2. Andrea Bonacorsi (ITA, Yamaha), +0:00.549; 3. Rick Elzinga (NED, Yamaha), +0:35.461; 4. Quentin Marc Prugnieres (FRA, Kawasaki), +0:37.486; 5. Sacha Coenen (BEL, Husqvarna), +0:39.349; 6. Cornelius Toendel (NOR, Fantic), +0:42.797; 7. Camden Mc Lellan (RSA, KTM), +0:48.501; 8. Dave Kooiker (NED, Yamaha), +0:52.221; 9. Maximilian Spies (GER, KTM), +1:03.173; 10. Oriol Oliver (ESP, KTM), +1:12.625; 11. Eddie Wade (ESP, Kawasaki), +1:19.469; 12. Wesly Dieudonne (BEL, KTM), +1:20.953; 13. Meico Vettik (EST, KTM), +1:25.476; 14. Cato Nickel (GER, KTM), +1:35.262; 15. Federico Tuani (ITA, GASGAS), +1:39.985; 16. Scotty Verhaeghe (FRA, KTM), +1:43.573; 17. Scott Smulders (NED, Husqvarna), +1:46.700; 18. Jens Walvoort (NED, KTM), +1:47.841; 19. Marcel Conijn (NED, KTM), +1:50.110; 20. Sander Agard-Michelsen (NOR, Yamaha), +1:51.424; 21. Pietro Razzini (ITA, Husqvarna), +1:53.062; 22. Noel Nilsson (SWE, Husqvarna), +2:06.893; 23. Robert Fobbe (NED, Husqvarna), +2:31.672; 24. Bradley Mesters (NED, Kawasaki), -1 lap(s); 25. Tom Grimshaw (GBR, GASGAS), -1 lap(s); 26. Valerio Lata (ITA, KTM), -1 lap(s); 27. Arvid L\u00fcning (SWE, GASGAS), -1 lap(s); 28. Andrea Rossi (ITA, Husqvarna), -1 lap(s); 29. Brent Aerden (BEL, Husqvarna), -1 lap(s); 30. Mathias Kjorstad (NOR, Yamaha), -1 lap(s); 31. Kjeld Stuurman (NED, GASGAS), -1 lap(s); 32. Xavier Cazal (FRA, KTM), -1 lap(s); 33. Eric Tomas (ESP, Yamaha), -1 lap(s); 34. Maxime Grau (FRA, Husqvarna), -1 lap(s); 35. Jaap Janssen (NED, KTM), -1 lap(s); 36. Victor Voxen Kleemann (DEN, KTM), -1 lap(s); 37. Raul Sanchez (ESP, GASGAS), -2 lap(s); 38. Guillem Farres (ESP, KTM), -4 lap(s); 39. Haakon Osterhagen (NOR, Fantic), -6 lap(s); 40. Yago Martinez (ESP, KTM), -6 lap(s);<\/p>\n","protected":false},"excerpt":{"rendered":"<p>Lucas Coenen a remport\u00e9 ce samedi sa premi\u00e8re victoire de manche sur le championnat d&rsquo;Europe EMX250 \u00e0 Lommel. Le Belge a offert \u00e0 son public une premi\u00e8re victoire ce week-end [&#8230;]<\/p>\n","protected":false},"author":932,"featured_media":118859,"comment_status":"open","ping_status":"closed","sticky":false,"template":"","format":"standard","meta":{"footnotes":""},"categories":[54,128,4,5,55,56,65],"tags":[562,284,1265,947],"class_list":["post-118858","post","type-post","status-publish","format-standard","has-post-thumbnail","hentry","category-actualite","category-emx-125-emx2","category-motocross","category-news","category-news-actualite","category-resultats","category-slideshow","tag-emx250","tag-lommel","tag-lucas-coenen","tag-motocross"],"yoast_head":"<!-- This site is optimized with the Yoast SEO plugin v27.4 - https:\/\/yoast.com\/product\/yoast-seo-wordpress\/ -->\n<title>EMX250 : Lucas Coenen offre une premi\u00e8re victoire au public belge - Motocross - Enduro - Supermoto | MotocrossMag<\/title>\n<meta name=\"robots\" content=\"index, follow, max-snippet:-1, max-image-preview:large, max-video-preview:-1\" \/>\n<link rel=\"canonical\" href=\"https:\/\/fr.motocrossmag.be\/index.php\/2022\/07\/emx250-lucas-coenen-offre-une-premiere-victoire-au-public-belge\/\" \/>\n<meta property=\"og:locale\" content=\"fr_FR\" \/>\n<meta property=\"og:type\" content=\"article\" \/>\n<meta property=\"og:title\" content=\"EMX250 : Lucas Coenen offre une premi\u00e8re victoire au public belge - Motocross - Enduro - Supermoto | MotocrossMag\" \/>\n<meta property=\"og:description\" content=\"Lucas Coenen a remport\u00e9 ce samedi sa premi\u00e8re victoire de manche sur le championnat d&rsquo;Europe EMX250 \u00e0 Lommel. Le Belge a offert \u00e0 son public une premi\u00e8re victoire ce week-end [...]\" \/>\n<meta property=\"og:url\" content=\"https:\/\/fr.motocrossmag.be\/index.php\/2022\/07\/emx250-lucas-coenen-offre-une-premiere-victoire-au-public-belge\/\" \/>\n<meta property=\"og:site_name\" content=\"Motocross - Enduro - Supermoto | MotocrossMag\" \/>\n<meta property=\"article:published_time\" content=\"2022-07-23T17:50:16+00:00\" \/>\n<meta property=\"article:modified_time\" content=\"2022-07-23T17:51:37+00:00\" \/>\n<meta property=\"og:image\" content=\"https:\/\/fr.motocrossmag.be\/wp-content\/uploads\/2022\/07\/EMX250-NF-NK_08232.jpg\" \/>\n\t<meta property=\"og:image:width\" content=\"900\" \/>\n\t<meta property=\"og:image:height\" content=\"600\" \/>\n\t<meta property=\"og:image:type\" content=\"image\/jpeg\" \/>\n<meta name=\"author\" content=\"oliviere\" \/>\n<meta name=\"twitter:card\" content=\"summary_large_image\" \/>\n<meta name=\"twitter:label1\" content=\"\u00c9crit par\" \/>\n\t<meta name=\"twitter:data1\" content=\"oliviere\" \/>\n\t<meta name=\"twitter:label2\" content=\"Dur\u00e9e de lecture estim\u00e9e\" \/>\n\t<meta name=\"twitter:data2\" content=\"2 minutes\" \/>\n<script type=\"application\/ld+json\" class=\"yoast-schema-graph\">{\"@context\":\"https:\\\/\\\/schema.org\",\"@graph\":[{\"@type\":\"Article\",\"@id\":\"https:\\\/\\\/fr.motocrossmag.be\\\/index.php\\\/2022\\\/07\\\/emx250-lucas-coenen-offre-une-premiere-victoire-au-public-belge\\\/#article\",\"isPartOf\":{\"@id\":\"https:\\\/\\\/fr.motocrossmag.be\\\/index.php\\\/2022\\\/07\\\/emx250-lucas-coenen-offre-une-premiere-victoire-au-public-belge\\\/\"},\"author\":{\"name\":\"oliviere\",\"@id\":\"https:\\\/\\\/fr.motocrossmag.be\\\/#\\\/schema\\\/person\\\/11b47143d9f755babca2c9110e03235c\"},\"headline\":\"EMX250 : Lucas Coenen offre une premi\u00e8re victoire au public belge\",\"datePublished\":\"2022-07-23T17:50:16+00:00\",\"dateModified\":\"2022-07-23T17:51:37+00:00\",\"mainEntityOfPage\":{\"@id\":\"https:\\\/\\\/fr.motocrossmag.be\\\/index.php\\\/2022\\\/07\\\/emx250-lucas-coenen-offre-une-premiere-victoire-au-public-belge\\\/\"},\"wordCount\":321,\"commentCount\":0,\"image\":{\"@id\":\"https:\\\/\\\/fr.motocrossmag.be\\\/index.php\\\/2022\\\/07\\\/emx250-lucas-coenen-offre-une-premiere-victoire-au-public-belge\\\/#primaryimage\"},\"thumbnailUrl\":\"https:\\\/\\\/fr.motocrossmag.be\\\/wp-content\\\/uploads\\\/2022\\\/07\\\/EMX250-NF-NK_08232.jpg\",\"keywords\":[\"emx250\",\"Lommel\",\"lucas coenen\",\"Motocross\"],\"articleSection\":[\"Actualit\u00e9\",\"EMX\",\"Motocross\",\"News\",\"News\",\"R\u00e9sultats\",\"Slideshow\"],\"inLanguage\":\"fr-FR\",\"potentialAction\":[{\"@type\":\"CommentAction\",\"name\":\"Comment\",\"target\":[\"https:\\\/\\\/fr.motocrossmag.be\\\/index.php\\\/2022\\\/07\\\/emx250-lucas-coenen-offre-une-premiere-victoire-au-public-belge\\\/#respond\"]}]},{\"@type\":\"WebPage\",\"@id\":\"https:\\\/\\\/fr.motocrossmag.be\\\/index.php\\\/2022\\\/07\\\/emx250-lucas-coenen-offre-une-premiere-victoire-au-public-belge\\\/\",\"url\":\"https:\\\/\\\/fr.motocrossmag.be\\\/index.php\\\/2022\\\/07\\\/emx250-lucas-coenen-offre-une-premiere-victoire-au-public-belge\\\/\",\"name\":\"EMX250 : Lucas Coenen offre une premi\u00e8re victoire au public belge - Motocross - Enduro - Supermoto | MotocrossMag\",\"isPartOf\":{\"@id\":\"https:\\\/\\\/fr.motocrossmag.be\\\/#website\"},\"primaryImageOfPage\":{\"@id\":\"https:\\\/\\\/fr.motocrossmag.be\\\/index.php\\\/2022\\\/07\\\/emx250-lucas-coenen-offre-une-premiere-victoire-au-public-belge\\\/#primaryimage\"},\"image\":{\"@id\":\"https:\\\/\\\/fr.motocrossmag.be\\\/index.php\\\/2022\\\/07\\\/emx250-lucas-coenen-offre-une-premiere-victoire-au-public-belge\\\/#primaryimage\"},\"thumbnailUrl\":\"https:\\\/\\\/fr.motocrossmag.be\\\/wp-content\\\/uploads\\\/2022\\\/07\\\/EMX250-NF-NK_08232.jpg\",\"datePublished\":\"2022-07-23T17:50:16+00:00\",\"dateModified\":\"2022-07-23T17:51:37+00:00\",\"author\":{\"@id\":\"https:\\\/\\\/fr.motocrossmag.be\\\/#\\\/schema\\\/person\\\/11b47143d9f755babca2c9110e03235c\"},\"breadcrumb\":{\"@id\":\"https:\\\/\\\/fr.motocrossmag.be\\\/index.php\\\/2022\\\/07\\\/emx250-lucas-coenen-offre-une-premiere-victoire-au-public-belge\\\/#breadcrumb\"},\"inLanguage\":\"fr-FR\",\"potentialAction\":[{\"@type\":\"ReadAction\",\"target\":[\"https:\\\/\\\/fr.motocrossmag.be\\\/index.php\\\/2022\\\/07\\\/emx250-lucas-coenen-offre-une-premiere-victoire-au-public-belge\\\/\"]}]},{\"@type\":\"ImageObject\",\"inLanguage\":\"fr-FR\",\"@id\":\"https:\\\/\\\/fr.motocrossmag.be\\\/index.php\\\/2022\\\/07\\\/emx250-lucas-coenen-offre-une-premiere-victoire-au-public-belge\\\/#primaryimage\",\"url\":\"https:\\\/\\\/fr.motocrossmag.be\\\/wp-content\\\/uploads\\\/2022\\\/07\\\/EMX250-NF-NK_08232.jpg\",\"contentUrl\":\"https:\\\/\\\/fr.motocrossmag.be\\\/wp-content\\\/uploads\\\/2022\\\/07\\\/EMX250-NF-NK_08232.jpg\",\"width\":\"900\",\"height\":\"600\"},{\"@type\":\"BreadcrumbList\",\"@id\":\"https:\\\/\\\/fr.motocrossmag.be\\\/index.php\\\/2022\\\/07\\\/emx250-lucas-coenen-offre-une-premiere-victoire-au-public-belge\\\/#breadcrumb\",\"itemListElement\":[{\"@type\":\"ListItem\",\"position\":1,\"name\":\"Accueil\",\"item\":\"https:\\\/\\\/fr.motocrossmag.be\\\/\"},{\"@type\":\"ListItem\",\"position\":2,\"name\":\"EMX250 : Lucas Coenen offre une premi\u00e8re victoire au public belge\"}]},{\"@type\":\"WebSite\",\"@id\":\"https:\\\/\\\/fr.motocrossmag.be\\\/#website\",\"url\":\"https:\\\/\\\/fr.motocrossmag.be\\\/\",\"name\":\"Motocross - Enduro - Supermoto | MotocrossMag\",\"description\":\"L&#039;actualit\u00e9 du motocross, de l&#039;enduro et du Supermoto en ligne!\",\"potentialAction\":[{\"@type\":\"SearchAction\",\"target\":{\"@type\":\"EntryPoint\",\"urlTemplate\":\"https:\\\/\\\/fr.motocrossmag.be\\\/?s={search_term_string}\"},\"query-input\":{\"@type\":\"PropertyValueSpecification\",\"valueRequired\":true,\"valueName\":\"search_term_string\"}}],\"inLanguage\":\"fr-FR\"},{\"@type\":\"Person\",\"@id\":\"https:\\\/\\\/fr.motocrossmag.be\\\/#\\\/schema\\\/person\\\/11b47143d9f755babca2c9110e03235c\",\"name\":\"oliviere\",\"image\":{\"@type\":\"ImageObject\",\"inLanguage\":\"fr-FR\",\"@id\":\"https:\\\/\\\/secure.gravatar.com\\\/avatar\\\/907069e0b81d119452040469e4a7501da1100f54f7f80180ce77bfab718288f6?s=96&d=mm&r=g\",\"url\":\"https:\\\/\\\/secure.gravatar.com\\\/avatar\\\/907069e0b81d119452040469e4a7501da1100f54f7f80180ce77bfab718288f6?s=96&d=mm&r=g\",\"contentUrl\":\"https:\\\/\\\/secure.gravatar.com\\\/avatar\\\/907069e0b81d119452040469e4a7501da1100f54f7f80180ce77bfab718288f6?s=96&d=mm&r=g\",\"caption\":\"oliviere\"},\"sameAs\":[\"http:\\\/\\\/www.motocrossmag.be\"],\"url\":\"https:\\\/\\\/fr.motocrossmag.be\\\/index.php\\\/author\\\/oliviere\\\/\"}]}<\/script>\n<!-- \/ Yoast SEO plugin. -->","yoast_head_json":{"title":"EMX250 : Lucas Coenen offre une premi\u00e8re victoire au public belge - Motocross - Enduro - Supermoto | MotocrossMag","robots":{"index":"index","follow":"follow","max-snippet":"max-snippet:-1","max-image-preview":"max-image-preview:large","max-video-preview":"max-video-preview:-1"},"canonical":"https:\/\/fr.motocrossmag.be\/index.php\/2022\/07\/emx250-lucas-coenen-offre-une-premiere-victoire-au-public-belge\/","og_locale":"fr_FR","og_type":"article","og_title":"EMX250 : Lucas Coenen offre une premi\u00e8re victoire au public belge - Motocross - Enduro - Supermoto | MotocrossMag","og_description":"Lucas Coenen a remport\u00e9 ce samedi sa premi\u00e8re victoire de manche sur le championnat d&rsquo;Europe EMX250 \u00e0 Lommel. Le Belge a offert \u00e0 son public une premi\u00e8re victoire ce week-end [...]","og_url":"https:\/\/fr.motocrossmag.be\/index.php\/2022\/07\/emx250-lucas-coenen-offre-une-premiere-victoire-au-public-belge\/","og_site_name":"Motocross - Enduro - Supermoto | MotocrossMag","article_published_time":"2022-07-23T17:50:16+00:00","article_modified_time":"2022-07-23T17:51:37+00:00","og_image":[{"width":900,"height":600,"url":"https:\/\/fr.motocrossmag.be\/wp-content\/uploads\/2022\/07\/EMX250-NF-NK_08232.jpg","type":"image\/jpeg"}],"author":"oliviere","twitter_card":"summary_large_image","twitter_misc":{"\u00c9crit par":"oliviere","Dur\u00e9e de lecture estim\u00e9e":"2 minutes"},"schema":{"@context":"https:\/\/schema.org","@graph":[{"@type":"Article","@id":"https:\/\/fr.motocrossmag.be\/index.php\/2022\/07\/emx250-lucas-coenen-offre-une-premiere-victoire-au-public-belge\/#article","isPartOf":{"@id":"https:\/\/fr.motocrossmag.be\/index.php\/2022\/07\/emx250-lucas-coenen-offre-une-premiere-victoire-au-public-belge\/"},"author":{"name":"oliviere","@id":"https:\/\/fr.motocrossmag.be\/#\/schema\/person\/11b47143d9f755babca2c9110e03235c"},"headline":"EMX250 : Lucas Coenen offre une premi\u00e8re victoire au public belge","datePublished":"2022-07-23T17:50:16+00:00","dateModified":"2022-07-23T17:51:37+00:00","mainEntityOfPage":{"@id":"https:\/\/fr.motocrossmag.be\/index.php\/2022\/07\/emx250-lucas-coenen-offre-une-premiere-victoire-au-public-belge\/"},"wordCount":321,"commentCount":0,"image":{"@id":"https:\/\/fr.motocrossmag.be\/index.php\/2022\/07\/emx250-lucas-coenen-offre-une-premiere-victoire-au-public-belge\/#primaryimage"},"thumbnailUrl":"https:\/\/fr.motocrossmag.be\/wp-content\/uploads\/2022\/07\/EMX250-NF-NK_08232.jpg","keywords":["emx250","Lommel","lucas coenen","Motocross"],"articleSection":["Actualit\u00e9","EMX","Motocross","News","News","R\u00e9sultats","Slideshow"],"inLanguage":"fr-FR","potentialAction":[{"@type":"CommentAction","name":"Comment","target":["https:\/\/fr.motocrossmag.be\/index.php\/2022\/07\/emx250-lucas-coenen-offre-une-premiere-victoire-au-public-belge\/#respond"]}]},{"@type":"WebPage","@id":"https:\/\/fr.motocrossmag.be\/index.php\/2022\/07\/emx250-lucas-coenen-offre-une-premiere-victoire-au-public-belge\/","url":"https:\/\/fr.motocrossmag.be\/index.php\/2022\/07\/emx250-lucas-coenen-offre-une-premiere-victoire-au-public-belge\/","name":"EMX250 : Lucas Coenen offre une premi\u00e8re victoire au public belge - Motocross - Enduro - Supermoto | MotocrossMag","isPartOf":{"@id":"https:\/\/fr.motocrossmag.be\/#website"},"primaryImageOfPage":{"@id":"https:\/\/fr.motocrossmag.be\/index.php\/2022\/07\/emx250-lucas-coenen-offre-une-premiere-victoire-au-public-belge\/#primaryimage"},"image":{"@id":"https:\/\/fr.motocrossmag.be\/index.php\/2022\/07\/emx250-lucas-coenen-offre-une-premiere-victoire-au-public-belge\/#primaryimage"},"thumbnailUrl":"https:\/\/fr.motocrossmag.be\/wp-content\/uploads\/2022\/07\/EMX250-NF-NK_08232.jpg","datePublished":"2022-07-23T17:50:16+00:00","dateModified":"2022-07-23T17:51:37+00:00","author":{"@id":"https:\/\/fr.motocrossmag.be\/#\/schema\/person\/11b47143d9f755babca2c9110e03235c"},"breadcrumb":{"@id":"https:\/\/fr.motocrossmag.be\/index.php\/2022\/07\/emx250-lucas-coenen-offre-une-premiere-victoire-au-public-belge\/#breadcrumb"},"inLanguage":"fr-FR","potentialAction":[{"@type":"ReadAction","target":["https:\/\/fr.motocrossmag.be\/index.php\/2022\/07\/emx250-lucas-coenen-offre-une-premiere-victoire-au-public-belge\/"]}]},{"@type":"ImageObject","inLanguage":"fr-FR","@id":"https:\/\/fr.motocrossmag.be\/index.php\/2022\/07\/emx250-lucas-coenen-offre-une-premiere-victoire-au-public-belge\/#primaryimage","url":"https:\/\/fr.motocrossmag.be\/wp-content\/uploads\/2022\/07\/EMX250-NF-NK_08232.jpg","contentUrl":"https:\/\/fr.motocrossmag.be\/wp-content\/uploads\/2022\/07\/EMX250-NF-NK_08232.jpg","width":"900","height":"600"},{"@type":"BreadcrumbList","@id":"https:\/\/fr.motocrossmag.be\/index.php\/2022\/07\/emx250-lucas-coenen-offre-une-premiere-victoire-au-public-belge\/#breadcrumb","itemListElement":[{"@type":"ListItem","position":1,"name":"Accueil","item":"https:\/\/fr.motocrossmag.be\/"},{"@type":"ListItem","position":2,"name":"EMX250 : Lucas Coenen offre une premi\u00e8re victoire au public belge"}]},{"@type":"WebSite","@id":"https:\/\/fr.motocrossmag.be\/#website","url":"https:\/\/fr.motocrossmag.be\/","name":"Motocross - Enduro - Supermoto | MotocrossMag","description":"L&#039;actualit\u00e9 du motocross, de l&#039;enduro et du Supermoto en ligne!","potentialAction":[{"@type":"SearchAction","target":{"@type":"EntryPoint","urlTemplate":"https:\/\/fr.motocrossmag.be\/?s={search_term_string}"},"query-input":{"@type":"PropertyValueSpecification","valueRequired":true,"valueName":"search_term_string"}}],"inLanguage":"fr-FR"},{"@type":"Person","@id":"https:\/\/fr.motocrossmag.be\/#\/schema\/person\/11b47143d9f755babca2c9110e03235c","name":"oliviere","image":{"@type":"ImageObject","inLanguage":"fr-FR","@id":"https:\/\/secure.gravatar.com\/avatar\/907069e0b81d119452040469e4a7501da1100f54f7f80180ce77bfab718288f6?s=96&d=mm&r=g","url":"https:\/\/secure.gravatar.com\/avatar\/907069e0b81d119452040469e4a7501da1100f54f7f80180ce77bfab718288f6?s=96&d=mm&r=g","contentUrl":"https:\/\/secure.gravatar.com\/avatar\/907069e0b81d119452040469e4a7501da1100f54f7f80180ce77bfab718288f6?s=96&d=mm&r=g","caption":"oliviere"},"sameAs":["http:\/\/www.motocrossmag.be"],"url":"https:\/\/fr.motocrossmag.be\/index.php\/author\/oliviere\/"}]}},"_links":{"self":[{"href":"https:\/\/fr.motocrossmag.be\/index.php\/wp-json\/wp\/v2\/posts\/118858","targetHints":{"allow":["GET"]}}],"collection":[{"href":"https:\/\/fr.motocrossmag.be\/index.php\/wp-json\/wp\/v2\/posts"}],"about":[{"href":"https:\/\/fr.motocrossmag.be\/index.php\/wp-json\/wp\/v2\/types\/post"}],"author":[{"embeddable":true,"href":"https:\/\/fr.motocrossmag.be\/index.php\/wp-json\/wp\/v2\/users\/932"}],"replies":[{"embeddable":true,"href":"https:\/\/fr.motocrossmag.be\/index.php\/wp-json\/wp\/v2\/comments?post=118858"}],"version-history":[{"count":0,"href":"https:\/\/fr.motocrossmag.be\/index.php\/wp-json\/wp\/v2\/posts\/118858\/revisions"}],"wp:featuredmedia":[{"embeddable":true,"href":"https:\/\/fr.motocrossmag.be\/index.php\/wp-json\/wp\/v2\/media\/118859"}],"wp:attachment":[{"href":"https:\/\/fr.motocrossmag.be\/index.php\/wp-json\/wp\/v2\/media?parent=118858"}],"wp:term":[{"taxonomy":"category","embeddable":true,"href":"https:\/\/fr.motocrossmag.be\/index.php\/wp-json\/wp\/v2\/categories?post=118858"},{"taxonomy":"post_tag","embeddable":true,"href":"https:\/\/fr.motocrossmag.be\/index.php\/wp-json\/wp\/v2\/tags?post=118858"}],"curies":[{"name":"wp","href":"https:\/\/api.w.org\/{rel}","templated":true}]}}