{"id":118865,"date":"2022-07-24T07:44:43","date_gmt":"2022-07-24T05:44:43","guid":{"rendered":"http:\/\/fr.motocrossmag.be\/?p=118865"},"modified":"2022-07-24T07:44:43","modified_gmt":"2022-07-24T05:44:43","slug":"liam-everts-recoit-un-guidon-factory-pour-2023","status":"publish","type":"post","link":"https:\/\/fr.motocrossmag.be\/index.php\/2022\/07\/liam-everts-recoit-un-guidon-factory-pour-2023\/","title":{"rendered":"Liam Everts re\u00e7oit un guidon \u00ab\u00a0Factory\u00a0\u00bb pour 2023"},"content":{"rendered":"<p><strong>Cela semblait \u00e9vident depuis un certain temps et c&rsquo;est d\u00e9sormais officiel : Liam Everts deviendra la saison prochaine pilote officiel KTM. Le Limbourgeois rejoint le prestigieux team Red Bull KTM Factory Racing qui fait rouler les machines \u00ab\u00a0factory\u00a0\u00bb de la marque autrichienne sur les championnats du monde en MX2 et MXGP.<\/strong><\/p>\n<p>Liam Everts rejoindra dans la structure manag\u00e9e par Dirk Geubel et Jo\u00ebl Smets le champion MXGP en titre Jeffrey Herlings. Andrea Adamo, qui roule aujourd&rsquo;hui sur GasGas, compl\u00e8tera l&rsquo;\u00e9quipe. En route vers les USA, <a href=\"http:\/\/fr.motocrossmag.be\/index.php\/2022\/07\/tom-vialle-senvole-pour-les-usa\/\">Tom Vialle quitte pour sa part le team autrichien \u00e0 la fin de cette ann\u00e9e<\/a>.<\/p>\n<p>Cette saison, Liam Everts dispute sa premi\u00e8re saison mondiale avec le support de KTM au travers du team semi-officiel allemand Diga Pro Cross KTM.<\/p>\n<p><strong>\u00a0<\/strong><\/p>\n","protected":false},"excerpt":{"rendered":"<p>Cela semblait \u00e9vident depuis un certain temps et c&rsquo;est d\u00e9sormais officiel : Liam Everts deviendra la saison prochaine pilote officiel KTM. Le Limbourgeois rejoint le prestigieux team Red Bull KTM [&#8230;]<\/p>\n","protected":false},"author":932,"featured_media":117928,"comment_status":"open","ping_status":"closed","sticky":false,"template":"","format":"standard","meta":{"footnotes":""},"categories":[54,4,6,5,55,65],"tags":[79,1247,947,568],"class_list":["post-118865","post","type-post","status-publish","format-standard","has-post-thumbnail","hentry","category-actualite","category-motocross","category-mx1mx2","category-news","category-news-actualite","category-slideshow","tag-ktm","tag-liam-everts","tag-motocross","tag-mxgp"],"yoast_head":"<!-- This site is optimized with the Yoast SEO plugin v27.4 - https:\/\/yoast.com\/product\/yoast-seo-wordpress\/ -->\n<title>Liam Everts re\u00e7oit un guidon &quot;Factory&quot; pour 2023 - Motocross - Enduro - Supermoto | MotocrossMag<\/title>\n<meta name=\"robots\" content=\"index, follow, max-snippet:-1, max-image-preview:large, max-video-preview:-1\" \/>\n<link rel=\"canonical\" href=\"https:\/\/fr.motocrossmag.be\/index.php\/2022\/07\/liam-everts-recoit-un-guidon-factory-pour-2023\/\" \/>\n<meta property=\"og:locale\" content=\"fr_FR\" \/>\n<meta property=\"og:type\" content=\"article\" \/>\n<meta property=\"og:title\" content=\"Liam Everts re\u00e7oit un guidon &quot;Factory&quot; pour 2023 - Motocross - Enduro - Supermoto | MotocrossMag\" \/>\n<meta property=\"og:description\" content=\"Cela semblait \u00e9vident depuis un certain temps et c&rsquo;est d\u00e9sormais officiel : Liam Everts deviendra la saison prochaine pilote officiel KTM. Le Limbourgeois rejoint le prestigieux team Red Bull KTM [...]\" \/>\n<meta property=\"og:url\" content=\"https:\/\/fr.motocrossmag.be\/index.php\/2022\/07\/liam-everts-recoit-un-guidon-factory-pour-2023\/\" \/>\n<meta property=\"og:site_name\" content=\"Motocross - Enduro - Supermoto | MotocrossMag\" \/>\n<meta property=\"article:published_time\" content=\"2022-07-24T05:44:43+00:00\" \/>\n<meta property=\"og:image\" content=\"https:\/\/fr.motocrossmag.be\/wp-content\/uploads\/2022\/05\/448926_Everts_MXGP_2022_R09_AH9I3675_9th-Rd-MXGP-2022-_-Arroyomolinos-_ESP_.jpg\" \/>\n\t<meta property=\"og:image:width\" content=\"1000\" \/>\n\t<meta property=\"og:image:height\" content=\"666\" \/>\n\t<meta property=\"og:image:type\" content=\"image\/jpeg\" \/>\n<meta name=\"author\" content=\"oliviere\" \/>\n<meta name=\"twitter:card\" content=\"summary_large_image\" \/>\n<meta name=\"twitter:label1\" content=\"\u00c9crit par\" \/>\n\t<meta name=\"twitter:data1\" content=\"oliviere\" \/>\n\t<meta name=\"twitter:label2\" content=\"Dur\u00e9e de lecture estim\u00e9e\" \/>\n\t<meta name=\"twitter:data2\" content=\"1 minute\" \/>\n<script type=\"application\/ld+json\" class=\"yoast-schema-graph\">{\"@context\":\"https:\\\/\\\/schema.org\",\"@graph\":[{\"@type\":\"Article\",\"@id\":\"https:\\\/\\\/fr.motocrossmag.be\\\/index.php\\\/2022\\\/07\\\/liam-everts-recoit-un-guidon-factory-pour-2023\\\/#article\",\"isPartOf\":{\"@id\":\"https:\\\/\\\/fr.motocrossmag.be\\\/index.php\\\/2022\\\/07\\\/liam-everts-recoit-un-guidon-factory-pour-2023\\\/\"},\"author\":{\"name\":\"oliviere\",\"@id\":\"https:\\\/\\\/fr.motocrossmag.be\\\/#\\\/schema\\\/person\\\/11b47143d9f755babca2c9110e03235c\"},\"headline\":\"Liam Everts re\u00e7oit un guidon \u00ab\u00a0Factory\u00a0\u00bb pour 2023\",\"datePublished\":\"2022-07-24T05:44:43+00:00\",\"mainEntityOfPage\":{\"@id\":\"https:\\\/\\\/fr.motocrossmag.be\\\/index.php\\\/2022\\\/07\\\/liam-everts-recoit-un-guidon-factory-pour-2023\\\/\"},\"wordCount\":139,\"commentCount\":0,\"image\":{\"@id\":\"https:\\\/\\\/fr.motocrossmag.be\\\/index.php\\\/2022\\\/07\\\/liam-everts-recoit-un-guidon-factory-pour-2023\\\/#primaryimage\"},\"thumbnailUrl\":\"https:\\\/\\\/fr.motocrossmag.be\\\/wp-content\\\/uploads\\\/2022\\\/05\\\/448926_Everts_MXGP_2022_R09_AH9I3675_9th-Rd-MXGP-2022-_-Arroyomolinos-_ESP_.jpg\",\"keywords\":[\"KTM\",\"liam everts\",\"Motocross\",\"MXGP\"],\"articleSection\":[\"Actualit\u00e9\",\"Motocross\",\"Motocross MXGP\",\"News\",\"News\",\"Slideshow\"],\"inLanguage\":\"fr-FR\",\"potentialAction\":[{\"@type\":\"CommentAction\",\"name\":\"Comment\",\"target\":[\"https:\\\/\\\/fr.motocrossmag.be\\\/index.php\\\/2022\\\/07\\\/liam-everts-recoit-un-guidon-factory-pour-2023\\\/#respond\"]}]},{\"@type\":\"WebPage\",\"@id\":\"https:\\\/\\\/fr.motocrossmag.be\\\/index.php\\\/2022\\\/07\\\/liam-everts-recoit-un-guidon-factory-pour-2023\\\/\",\"url\":\"https:\\\/\\\/fr.motocrossmag.be\\\/index.php\\\/2022\\\/07\\\/liam-everts-recoit-un-guidon-factory-pour-2023\\\/\",\"name\":\"Liam Everts re\u00e7oit un guidon \\\"Factory\\\" pour 2023 - Motocross - Enduro - Supermoto | MotocrossMag\",\"isPartOf\":{\"@id\":\"https:\\\/\\\/fr.motocrossmag.be\\\/#website\"},\"primaryImageOfPage\":{\"@id\":\"https:\\\/\\\/fr.motocrossmag.be\\\/index.php\\\/2022\\\/07\\\/liam-everts-recoit-un-guidon-factory-pour-2023\\\/#primaryimage\"},\"image\":{\"@id\":\"https:\\\/\\\/fr.motocrossmag.be\\\/index.php\\\/2022\\\/07\\\/liam-everts-recoit-un-guidon-factory-pour-2023\\\/#primaryimage\"},\"thumbnailUrl\":\"https:\\\/\\\/fr.motocrossmag.be\\\/wp-content\\\/uploads\\\/2022\\\/05\\\/448926_Everts_MXGP_2022_R09_AH9I3675_9th-Rd-MXGP-2022-_-Arroyomolinos-_ESP_.jpg\",\"datePublished\":\"2022-07-24T05:44:43+00:00\",\"author\":{\"@id\":\"https:\\\/\\\/fr.motocrossmag.be\\\/#\\\/schema\\\/person\\\/11b47143d9f755babca2c9110e03235c\"},\"breadcrumb\":{\"@id\":\"https:\\\/\\\/fr.motocrossmag.be\\\/index.php\\\/2022\\\/07\\\/liam-everts-recoit-un-guidon-factory-pour-2023\\\/#breadcrumb\"},\"inLanguage\":\"fr-FR\",\"potentialAction\":[{\"@type\":\"ReadAction\",\"target\":[\"https:\\\/\\\/fr.motocrossmag.be\\\/index.php\\\/2022\\\/07\\\/liam-everts-recoit-un-guidon-factory-pour-2023\\\/\"]}]},{\"@type\":\"ImageObject\",\"inLanguage\":\"fr-FR\",\"@id\":\"https:\\\/\\\/fr.motocrossmag.be\\\/index.php\\\/2022\\\/07\\\/liam-everts-recoit-un-guidon-factory-pour-2023\\\/#primaryimage\",\"url\":\"https:\\\/\\\/fr.motocrossmag.be\\\/wp-content\\\/uploads\\\/2022\\\/05\\\/448926_Everts_MXGP_2022_R09_AH9I3675_9th-Rd-MXGP-2022-_-Arroyomolinos-_ESP_.jpg\",\"contentUrl\":\"https:\\\/\\\/fr.motocrossmag.be\\\/wp-content\\\/uploads\\\/2022\\\/05\\\/448926_Everts_MXGP_2022_R09_AH9I3675_9th-Rd-MXGP-2022-_-Arroyomolinos-_ESP_.jpg\",\"width\":\"1000\",\"height\":\"666\"},{\"@type\":\"BreadcrumbList\",\"@id\":\"https:\\\/\\\/fr.motocrossmag.be\\\/index.php\\\/2022\\\/07\\\/liam-everts-recoit-un-guidon-factory-pour-2023\\\/#breadcrumb\",\"itemListElement\":[{\"@type\":\"ListItem\",\"position\":1,\"name\":\"Accueil\",\"item\":\"https:\\\/\\\/fr.motocrossmag.be\\\/\"},{\"@type\":\"ListItem\",\"position\":2,\"name\":\"Liam Everts re\u00e7oit un guidon \u00ab\u00a0Factory\u00a0\u00bb pour 2023\"}]},{\"@type\":\"WebSite\",\"@id\":\"https:\\\/\\\/fr.motocrossmag.be\\\/#website\",\"url\":\"https:\\\/\\\/fr.motocrossmag.be\\\/\",\"name\":\"Motocross - Enduro - Supermoto | MotocrossMag\",\"description\":\"L&#039;actualit\u00e9 du motocross, de l&#039;enduro et du Supermoto en ligne!\",\"potentialAction\":[{\"@type\":\"SearchAction\",\"target\":{\"@type\":\"EntryPoint\",\"urlTemplate\":\"https:\\\/\\\/fr.motocrossmag.be\\\/?s={search_term_string}\"},\"query-input\":{\"@type\":\"PropertyValueSpecification\",\"valueRequired\":true,\"valueName\":\"search_term_string\"}}],\"inLanguage\":\"fr-FR\"},{\"@type\":\"Person\",\"@id\":\"https:\\\/\\\/fr.motocrossmag.be\\\/#\\\/schema\\\/person\\\/11b47143d9f755babca2c9110e03235c\",\"name\":\"oliviere\",\"image\":{\"@type\":\"ImageObject\",\"inLanguage\":\"fr-FR\",\"@id\":\"https:\\\/\\\/secure.gravatar.com\\\/avatar\\\/907069e0b81d119452040469e4a7501da1100f54f7f80180ce77bfab718288f6?s=96&d=mm&r=g\",\"url\":\"https:\\\/\\\/secure.gravatar.com\\\/avatar\\\/907069e0b81d119452040469e4a7501da1100f54f7f80180ce77bfab718288f6?s=96&d=mm&r=g\",\"contentUrl\":\"https:\\\/\\\/secure.gravatar.com\\\/avatar\\\/907069e0b81d119452040469e4a7501da1100f54f7f80180ce77bfab718288f6?s=96&d=mm&r=g\",\"caption\":\"oliviere\"},\"sameAs\":[\"http:\\\/\\\/www.motocrossmag.be\"],\"url\":\"https:\\\/\\\/fr.motocrossmag.be\\\/index.php\\\/author\\\/oliviere\\\/\"}]}<\/script>\n<!-- \/ Yoast SEO plugin. -->","yoast_head_json":{"title":"Liam Everts re\u00e7oit un guidon \"Factory\" pour 2023 - Motocross - Enduro - Supermoto | MotocrossMag","robots":{"index":"index","follow":"follow","max-snippet":"max-snippet:-1","max-image-preview":"max-image-preview:large","max-video-preview":"max-video-preview:-1"},"canonical":"https:\/\/fr.motocrossmag.be\/index.php\/2022\/07\/liam-everts-recoit-un-guidon-factory-pour-2023\/","og_locale":"fr_FR","og_type":"article","og_title":"Liam Everts re\u00e7oit un guidon \"Factory\" pour 2023 - Motocross - Enduro - Supermoto | MotocrossMag","og_description":"Cela semblait \u00e9vident depuis un certain temps et c&rsquo;est d\u00e9sormais officiel : Liam Everts deviendra la saison prochaine pilote officiel KTM. Le Limbourgeois rejoint le prestigieux team Red Bull KTM [...]","og_url":"https:\/\/fr.motocrossmag.be\/index.php\/2022\/07\/liam-everts-recoit-un-guidon-factory-pour-2023\/","og_site_name":"Motocross - Enduro - Supermoto | MotocrossMag","article_published_time":"2022-07-24T05:44:43+00:00","og_image":[{"width":1000,"height":666,"url":"https:\/\/fr.motocrossmag.be\/wp-content\/uploads\/2022\/05\/448926_Everts_MXGP_2022_R09_AH9I3675_9th-Rd-MXGP-2022-_-Arroyomolinos-_ESP_.jpg","type":"image\/jpeg"}],"author":"oliviere","twitter_card":"summary_large_image","twitter_misc":{"\u00c9crit par":"oliviere","Dur\u00e9e de lecture estim\u00e9e":"1 minute"},"schema":{"@context":"https:\/\/schema.org","@graph":[{"@type":"Article","@id":"https:\/\/fr.motocrossmag.be\/index.php\/2022\/07\/liam-everts-recoit-un-guidon-factory-pour-2023\/#article","isPartOf":{"@id":"https:\/\/fr.motocrossmag.be\/index.php\/2022\/07\/liam-everts-recoit-un-guidon-factory-pour-2023\/"},"author":{"name":"oliviere","@id":"https:\/\/fr.motocrossmag.be\/#\/schema\/person\/11b47143d9f755babca2c9110e03235c"},"headline":"Liam Everts re\u00e7oit un guidon \u00ab\u00a0Factory\u00a0\u00bb pour 2023","datePublished":"2022-07-24T05:44:43+00:00","mainEntityOfPage":{"@id":"https:\/\/fr.motocrossmag.be\/index.php\/2022\/07\/liam-everts-recoit-un-guidon-factory-pour-2023\/"},"wordCount":139,"commentCount":0,"image":{"@id":"https:\/\/fr.motocrossmag.be\/index.php\/2022\/07\/liam-everts-recoit-un-guidon-factory-pour-2023\/#primaryimage"},"thumbnailUrl":"https:\/\/fr.motocrossmag.be\/wp-content\/uploads\/2022\/05\/448926_Everts_MXGP_2022_R09_AH9I3675_9th-Rd-MXGP-2022-_-Arroyomolinos-_ESP_.jpg","keywords":["KTM","liam everts","Motocross","MXGP"],"articleSection":["Actualit\u00e9","Motocross","Motocross MXGP","News","News","Slideshow"],"inLanguage":"fr-FR","potentialAction":[{"@type":"CommentAction","name":"Comment","target":["https:\/\/fr.motocrossmag.be\/index.php\/2022\/07\/liam-everts-recoit-un-guidon-factory-pour-2023\/#respond"]}]},{"@type":"WebPage","@id":"https:\/\/fr.motocrossmag.be\/index.php\/2022\/07\/liam-everts-recoit-un-guidon-factory-pour-2023\/","url":"https:\/\/fr.motocrossmag.be\/index.php\/2022\/07\/liam-everts-recoit-un-guidon-factory-pour-2023\/","name":"Liam Everts re\u00e7oit un guidon \"Factory\" pour 2023 - Motocross - Enduro - Supermoto | MotocrossMag","isPartOf":{"@id":"https:\/\/fr.motocrossmag.be\/#website"},"primaryImageOfPage":{"@id":"https:\/\/fr.motocrossmag.be\/index.php\/2022\/07\/liam-everts-recoit-un-guidon-factory-pour-2023\/#primaryimage"},"image":{"@id":"https:\/\/fr.motocrossmag.be\/index.php\/2022\/07\/liam-everts-recoit-un-guidon-factory-pour-2023\/#primaryimage"},"thumbnailUrl":"https:\/\/fr.motocrossmag.be\/wp-content\/uploads\/2022\/05\/448926_Everts_MXGP_2022_R09_AH9I3675_9th-Rd-MXGP-2022-_-Arroyomolinos-_ESP_.jpg","datePublished":"2022-07-24T05:44:43+00:00","author":{"@id":"https:\/\/fr.motocrossmag.be\/#\/schema\/person\/11b47143d9f755babca2c9110e03235c"},"breadcrumb":{"@id":"https:\/\/fr.motocrossmag.be\/index.php\/2022\/07\/liam-everts-recoit-un-guidon-factory-pour-2023\/#breadcrumb"},"inLanguage":"fr-FR","potentialAction":[{"@type":"ReadAction","target":["https:\/\/fr.motocrossmag.be\/index.php\/2022\/07\/liam-everts-recoit-un-guidon-factory-pour-2023\/"]}]},{"@type":"ImageObject","inLanguage":"fr-FR","@id":"https:\/\/fr.motocrossmag.be\/index.php\/2022\/07\/liam-everts-recoit-un-guidon-factory-pour-2023\/#primaryimage","url":"https:\/\/fr.motocrossmag.be\/wp-content\/uploads\/2022\/05\/448926_Everts_MXGP_2022_R09_AH9I3675_9th-Rd-MXGP-2022-_-Arroyomolinos-_ESP_.jpg","contentUrl":"https:\/\/fr.motocrossmag.be\/wp-content\/uploads\/2022\/05\/448926_Everts_MXGP_2022_R09_AH9I3675_9th-Rd-MXGP-2022-_-Arroyomolinos-_ESP_.jpg","width":"1000","height":"666"},{"@type":"BreadcrumbList","@id":"https:\/\/fr.motocrossmag.be\/index.php\/2022\/07\/liam-everts-recoit-un-guidon-factory-pour-2023\/#breadcrumb","itemListElement":[{"@type":"ListItem","position":1,"name":"Accueil","item":"https:\/\/fr.motocrossmag.be\/"},{"@type":"ListItem","position":2,"name":"Liam Everts re\u00e7oit un guidon \u00ab\u00a0Factory\u00a0\u00bb pour 2023"}]},{"@type":"WebSite","@id":"https:\/\/fr.motocrossmag.be\/#website","url":"https:\/\/fr.motocrossmag.be\/","name":"Motocross - Enduro - Supermoto | MotocrossMag","description":"L&#039;actualit\u00e9 du motocross, de l&#039;enduro et du Supermoto en ligne!","potentialAction":[{"@type":"SearchAction","target":{"@type":"EntryPoint","urlTemplate":"https:\/\/fr.motocrossmag.be\/?s={search_term_string}"},"query-input":{"@type":"PropertyValueSpecification","valueRequired":true,"valueName":"search_term_string"}}],"inLanguage":"fr-FR"},{"@type":"Person","@id":"https:\/\/fr.motocrossmag.be\/#\/schema\/person\/11b47143d9f755babca2c9110e03235c","name":"oliviere","image":{"@type":"ImageObject","inLanguage":"fr-FR","@id":"https:\/\/secure.gravatar.com\/avatar\/907069e0b81d119452040469e4a7501da1100f54f7f80180ce77bfab718288f6?s=96&d=mm&r=g","url":"https:\/\/secure.gravatar.com\/avatar\/907069e0b81d119452040469e4a7501da1100f54f7f80180ce77bfab718288f6?s=96&d=mm&r=g","contentUrl":"https:\/\/secure.gravatar.com\/avatar\/907069e0b81d119452040469e4a7501da1100f54f7f80180ce77bfab718288f6?s=96&d=mm&r=g","caption":"oliviere"},"sameAs":["http:\/\/www.motocrossmag.be"],"url":"https:\/\/fr.motocrossmag.be\/index.php\/author\/oliviere\/"}]}},"_links":{"self":[{"href":"https:\/\/fr.motocrossmag.be\/index.php\/wp-json\/wp\/v2\/posts\/118865","targetHints":{"allow":["GET"]}}],"collection":[{"href":"https:\/\/fr.motocrossmag.be\/index.php\/wp-json\/wp\/v2\/posts"}],"about":[{"href":"https:\/\/fr.motocrossmag.be\/index.php\/wp-json\/wp\/v2\/types\/post"}],"author":[{"embeddable":true,"href":"https:\/\/fr.motocrossmag.be\/index.php\/wp-json\/wp\/v2\/users\/932"}],"replies":[{"embeddable":true,"href":"https:\/\/fr.motocrossmag.be\/index.php\/wp-json\/wp\/v2\/comments?post=118865"}],"version-history":[{"count":0,"href":"https:\/\/fr.motocrossmag.be\/index.php\/wp-json\/wp\/v2\/posts\/118865\/revisions"}],"wp:featuredmedia":[{"embeddable":true,"href":"https:\/\/fr.motocrossmag.be\/index.php\/wp-json\/wp\/v2\/media\/117928"}],"wp:attachment":[{"href":"https:\/\/fr.motocrossmag.be\/index.php\/wp-json\/wp\/v2\/media?parent=118865"}],"wp:term":[{"taxonomy":"category","embeddable":true,"href":"https:\/\/fr.motocrossmag.be\/index.php\/wp-json\/wp\/v2\/categories?post=118865"},{"taxonomy":"post_tag","embeddable":true,"href":"https:\/\/fr.motocrossmag.be\/index.php\/wp-json\/wp\/v2\/tags?post=118865"}],"curies":[{"name":"wp","href":"https:\/\/api.w.org\/{rel}","templated":true}]}}