{"id":118869,"date":"2022-07-24T15:01:57","date_gmt":"2022-07-24T13:01:57","guid":{"rendered":"http:\/\/fr.motocrossmag.be\/?p=118869"},"modified":"2022-07-24T15:01:57","modified_gmt":"2022-07-24T13:01:57","slug":"emx250-lucas-coenen-survole-la-concurrence-a-lommel","status":"publish","type":"post","link":"https:\/\/fr.motocrossmag.be\/index.php\/2022\/07\/emx250-lucas-coenen-survole-la-concurrence-a-lommel\/","title":{"rendered":"EMX250 : Lucas Coenen survole la concurrence \u00e0 Lommel"},"content":{"rendered":"<p><strong>Auteur d&rsquo;une tr\u00e8s belle manche ce samedi \u00e0 Lommel qui lui avait permis de remporter sa premi\u00e8re course sur le championnat d&rsquo;Europe EMX250, Lucas Coenen a remis le couvert dans la deuxi\u00e8me manche disput\u00e9e ce dimanche dans le sable limbourgeois.<\/strong><\/p>\n<p>Tr\u00e8s vite pass\u00e9 en t\u00eate de la course, le Belge va imprimer un rythme que personne ne pourra soutenir. Il franchira la ligne d&rsquo;arriv\u00e9e avec plus de 37 secondes d&rsquo;avance sur l&rsquo;Espagnol Guillem Farres et 4 secondes de plus que le leader du classement provisoire Rick Elzinga.<\/p>\n<p>Bien parti lui aussi, son fr\u00e8re jumeau Sacha disparait de la course apr\u00e8s quelques tours.<\/p>\n<p>Un superbe doubl\u00e9 donc pour Lucas Coenen \u00e0 Lommel, face \u00e0 son public, qui lui offre sa premi\u00e8re victoire sur le championnat et lui permet de d\u00e9border Andrea Bonacorsi au provisoire pour venir s&rsquo;installer \u00e0 la 3\u00e8me place derri\u00e8re Elzinga et Toendel. Trois \u00e9preuves sont encore \u00e0 disputer sur le championnat EMX250 en Su\u00e8de, en Finlande puis en France entre le 7 et le 21 ao\u00fbt.<\/p>\n<p><span style=\"color: #800000;\"><strong>R\u00e9sultats<\/strong><\/span><\/p>\n<p>MANCHE 1<\/p>\n<p><strong>1. Lucas Coenen (BEL, Husqvarna), 31:18.320<\/strong>;\u00a02. Andrea Bonacorsi (ITA, Yamaha), +0:00.549;\u00a03. Rick Elzinga (NED, Yamaha), +0:35.461;\u00a04. Quentin Marc Prugnieres (FRA, Kawasaki), +0:37.486;\u00a0<strong>5. Sacha Coenen (BEL, Husqvarna), +0:39.349<\/strong>;\u00a06. Cornelius Toendel (NOR, Fantic), +0:42.797; 7. Camden Mc Lellan (RSA, KTM), +0:48.501;\u00a08. Dave Kooiker (NED, Yamaha), +0:52.221;\u00a09. Maximilian Spies (GER, KTM), +1:03.173; 10. Oriol Oliver (ESP, KTM), +1:12.625; 11. Eddie Wade (ESP, Kawasaki), +1:19.469;\u00a0<strong>12. Wesly Dieudonne (BEL, KTM), +1:20.953<\/strong>;\u00a013. Meico Vettik (EST, KTM), +1:25.476; 14. Cato Nickel (GER, KTM), +1:35.262; 15. Federico Tuani (ITA, GASGAS), +1:39.985; 16. Scotty Verhaeghe (FRA, KTM), +1:43.573; 17. Scott Smulders (NED, Husqvarna), +1:46.700; 18. Jens Walvoort (NED, KTM), +1:47.841; 19. Marcel Conijn (NED, KTM), +1:50.110;\u00a020. Sander Agard-Michelsen (NOR, Yamaha), +1:51.424; 21. Pietro Razzini (ITA, Husqvarna), +1:53.062; 22. Noel Nilsson (SWE, Husqvarna), +2:06.893;\u00a023. Robert Fobbe (NED, Husqvarna), +2:31.672; 24. Bradley Mesters (NED, Kawasaki), -1 lap(s);\u00a025. Tom Grimshaw (GBR, GASGAS), -1 lap(s); 26. Valerio Lata (ITA, KTM), -1 lap(s); 27. Arvid L\u00fcning (SWE, GASGAS), -1 lap(s); 28. Andrea Rossi (ITA, Husqvarna), -1 lap(s);\u00a0<strong>29. Brent Aerden (BEL, Husqvarna), -1 lap(s)<\/strong>;\u00a030. Mathias Kjorstad (NOR, Yamaha), -1 lap(s);\u00a031. Kjeld Stuurman (NED, GASGAS), -1 lap(s);\u00a032. Xavier Cazal (FRA, KTM), -1 lap(s); 33. Eric Tomas (ESP, Yamaha), -1 lap(s); 34. Maxime Grau (FRA, Husqvarna), -1 lap(s);\u00a035. Jaap Janssen (NED, KTM), -1 lap(s);\u00a036. Victor Voxen Kleemann (DEN, KTM), -1 lap(s); 37. Raul Sanchez (ESP, GASGAS), -2 lap(s); 38. Guillem Farres (ESP, KTM), -4 lap(s); 39. Haakon Osterhagen (NOR, Fantic), -6 lap(s); 40. Yago Martinez (ESP, KTM), -6 lap(s);<\/p>\n<p>MANCHE 2<\/p>\n<p><strong>1. Lucas Coenen (BEL, Husqvarna), 31:14.422<\/strong>;\u00a02. Guillem Farres (ESP, KTM), +0:37.187; 3. Rick Elzinga (NED, Yamaha), +0:41.599; 4. Andrea Bonacorsi (ITA, Yamaha), +0:46.828; 5. Camden Mc Lellan (RSA, KTM), +0:48.490; 6. Cornelius Toendel (NOR, Fantic), +1:17.210; 7. Maximilian Spies (GER, KTM), +1:27.554; 8. Meico Vettik (EST, KTM), +1:41.991; 9. Sander Agard-Michelsen (NOR, Yamaha), +1:44.665; 10. Federico Tuani (ITA, GASGAS), +1:50.121; 11. Eddie Wade (ESP, Kawasaki), +1:55.136;\u00a012. Marcel Conijn (NED, KTM), +1:56.929;\u00a013. Scotty Verhaeghe (FRA, KTM), +2:03.833; 14. Haakon Osterhagen (NOR, Fantic), +2:10.385; 15. Noel Nilsson (SWE, Husqvarna), +2:13.108; 16. Andrea Rossi (ITA, Husqvarna), +2:18.721;\u00a017. Jens Walvoort (NED, KTM), +2:23.723; 18. Kjeld Stuurman (NED, GASGAS), -1 lap(s);\u00a019. Cato Nickel (GER, KTM), -1 lap(s); 20. Yago Martinez (ESP, KTM), -1 lap(s);\u00a021. Bradley Mesters (NED, Kawasaki), -1 lap(s);\u00a022. Maxime Grau (FRA, Husqvarna), -1 lap(s); 23. Oriol Oliver (ESP, KTM), -1 lap(s); 24. Tom Grimshaw (GBR, GASGAS), -1 lap(s); 25. Valerio Lata (ITA, KTM), -1 lap(s); 26. Arvid L\u00fcning (SWE, GASGAS), -1 lap(s);\u00a027. Scott Smulders (NED, Husqvarna), -1 lap(s);\u00a028. Eric Tomas (ESP, Yamaha), -1 lap(s); 29. Xavier Cazal (FRA, KTM), -1 lap(s);\u00a0<strong>30. Brent Aerden (BEL, Husqvarna), -1 lap(s);\u00a0<\/strong>31. Victor Voxen Kleemann (DEN, KTM), -1 lap(s);\u00a032. Dave Kooiker (NED, Yamaha), -1 lap(s);\u00a033. Mathias Kjorstad (NOR, Yamaha), -1 lap(s); 34. Quentin Marc Prugnieres (FRA, Kawasaki), -8 lap(s);\u00a035. Jaap Janssen (NED, KTM), -8 lap(s); <strong>36. Sacha Coenen (BEL, Husqvarna), -9 lap(s)<\/strong>;\u00a037. Pietro Razzini (ITA, Husqvarna), -9 lap(s);\u00a038. Robert Fobbe (NED, Husqvarna), -10 lap(s);\u00a039. Raul Sanchez (ESP, GASGAS), -10 lap(s); <strong>40. Wesly Dieudonne (BEL, KTM), -14 lap(s);<\/strong><\/p>\n<p>CLASSEMENT GENERAL EMX250<\/p>\n<p><strong>1. Lucas Coenen (BEL, HUS), 50 points;<\/strong> 2. Rick Elzinga (NED, YAM), 40 p.;\u00a03. Andrea Bonacorsi (ITA, YAM), 40 p.; 4. Camden Mc Lellan (RSA, KTM), 30 p.; 5. Cornelius Toendel (NOR, FAN), 30 p.; 6. Maximilian Spies (GER, KTM), 26 p.; 7. Guillem Farres (ESP, KTM), 22 p.; 8. Meico Vettik (EST, KTM), 21 p.; 9. Eddie Wade (ESP, KAW), 20 p.; 10. Quentin Marc Prugnieres (FRA, KAW), 18 p.; 11. Federico Tuani (ITA, GAS), 17 p.;\u00a0<strong>12. Sacha Coenen (BEL, HUS), 16 p.;<\/strong>\u00a013. Sander Agard-Michelsen (NOR, YAM), 13 p.; 14. Scotty Verhaeghe (FRA, KTM), 13 p.;\u00a015. Dave Kooiker (NED, YAM), 13 p.; 16. Marcel Conijn (NED, KTM), 11 p.;\u00a017. Oriol Oliver (ESP, KTM), 11 p.; 18. Cato Nickel (GER, KTM), 9 p.;\u00a0<strong>19. Wesly Dieudonne (BEL, KTM), 9 p.<\/strong>;\u00a020. Haakon Osterhagen (NOR, FAN), 7 p.;\u00a021. Jens Walvoort (NED, KTM), 7 p.;\u00a022. Noel Nilsson (SWE, HUS), 6 p.; 23. Andrea Rossi (ITA, HUS), 5 p.;\u00a024. Scott Smulders (NED, HUS), 4 p.; 25. Kjeld Stuurman (NED, GAS), 3 p.;\u00a026. Yago Martinez (ESP, KTM), 1 p.;\u00a027. Bradley Mesters (NED, KAW), 0 p.;\u00a028. Maxime Grau (FRA, HUS), 0 p.; 29. Tom Grimshaw (GBR, GAS), 0 p.; 30. Valerio Lata (ITA, KTM), 0 p.; 31. Arvid L\u00fcning (SWE, GAS), 0 p.; 32. Eric Tomas (ESP, YAM), 0 p.; 33. Xavier Cazal (FRA, KTM), 0 p.; <strong>34. Brent Aerden (BEL, HUS), 0 p.<\/strong>; 35. Victor Voxen Kleemann (DEN, KTM), 0 p.; 36. Mathias Kjorstad (NOR, YAM), 0 p.; 37. Jaap Janssen (NED, KTM), 0 p.; 38. Pietro Razzini (ITA, HUS), 0 p.; 39. Robert Fobbe (NED, HUS), 0 p.; 40. Raul Sanchez (ESP, GAS), 0 p.;<\/p>\n<div><\/div>\n<p>CLASSEMENT PROVISOIRE EMX250<\/p>\n<p>1. Rick Elzinga (NED, YAM), 281 points;\u00a02. Cornelius Toendel (NOR, FAN), 251 p.;\u00a0<strong>3. Lucas Coenen (BEL, HUS), 208 p.<\/strong>;\u00a04. Andrea Bonacorsi (ITA, YAM), 206 p.; 5. Camden Mc Lellan (RSA, KTM), 189 p.; 6. Quentin Marc Prugnieres (FRA, KAW), 163 p.; 7. Haakon Osterhagen (NOR, FAN), 158 p.; 8. David Braceras (ESP, KTM), 147 p.; 9. Maximilian Spies (GER, KTM), 126 p.; 10. Jorgen-Matthias Talviku (EST, KTM), 113 p.; 11. Mike Gwerder (SUI, KTM), 102 p.; 12. Eddie Wade (ESP, KAW), 95 p.; 13. Yago Martinez (ESP, KTM), 91 p.; 14. Meico Vettik (EST, KTM), 89 p.;\u00a015. Dave Kooiker (NED, YAM), 89 p.;\u00a016. Oriol Oliver (ESP, KTM), 73 p.; 17. Marcel Stauffer (AUT, KTM), 60 p.; 18. Paolo Lugana (ITA, KTM), 56 p.; 19. Guillem Farres (ESP, KTM), 50 p.; 20. Scotty Verhaeghe (FRA, KTM), 50 p.; 21. Lorenzo Ciabatti (ITA, KTM), 49 p.; 22. Federico Tuani (ITA, GAS), 46 p.;\u00a0<strong>23. Sacha Coenen (BEL, HUS), 44 p.<\/strong>;\u00a024. Maxime Grau (FRA, HUS), 42 p.; 25. Gerard Congost (ESP, KTM), 40 p.;\u00a0<strong>26. Wesly Dieudonne (BEL, KTM), 30 p.<\/strong>;\u00a027. Andrea Rossi (ITA, HUS), 30 p.;\u00a028. Cas Valk (NED, FAN), 29 p.; 29. Raf Meuwissen (NED, KTM), 28 p.;\u00a030. Marcel Conijn (NED, KTM), 21 p.; 31. Max Palsson (SWE, KTM), 21 p.; 32. Sander Agard-Michelsen (NOR, YAM), 18 p.; 33. Emilio Scuteri (ITA, TM), 13 p.; 34. Joel Rizzi (GBR, YAM), 10 p.; 35. Cato Nickel (GER, KTM), 9 p.; 36. Magnus Smith (DEN, YAM), 9 p.;\u00a037. Jens Walvoort (NED, KTM), 8 p.;\u00a038. Arvid L\u00fcning (SWE, GAS), 7 p.; 39. Jan Wagenknecht (CZE, HUS), 7 p.; 40. Noel Nilsson (SWE, HUS), 6 p.;\u00a041. Scott Smulders (NED, HUS), 4 p.;\u00a042. Mairis Pumpurs (LAT, YAM), 4 p.; 43. Valerio Lata (ITA, KTM), 3 p.;\u00a044. Kjeld Stuurman (NED, GAS), 3 p.;\u00a045. Francesco Bassi (ITA, KTM), 3 p.; 46. Pietro Razzini (ITA, HUS), 3 p.; 47. Tom Grimshaw (GBR, GAS), 3 p.; 48. Mario Tamai (ITA, GAS), 2 p.; 49. Eugenio Barbaglia (ITA, KTM), 1 p.; 50. James Carpenter (GBR, KTM), 1 p.; 51. Andrea Viano (ITA, HUS), 1 p.; 52. Tommaso Sarasso (ITA, KTM), 1 p.; 53. Luca Ruffini (ITA, GAS), 1 p.;<\/p>\n","protected":false},"excerpt":{"rendered":"<p>Auteur d&rsquo;une tr\u00e8s belle manche ce samedi \u00e0 Lommel qui lui avait permis de remporter sa premi\u00e8re course sur le championnat d&rsquo;Europe EMX250, Lucas Coenen a remis le couvert dans [&#8230;]<\/p>\n","protected":false},"author":932,"featured_media":118870,"comment_status":"open","ping_status":"closed","sticky":false,"template":"","format":"standard","meta":{"footnotes":""},"categories":[54,128,4,5,55,56,65],"tags":[562,284,1265,947],"class_list":["post-118869","post","type-post","status-publish","format-standard","has-post-thumbnail","hentry","category-actualite","category-emx-125-emx2","category-motocross","category-news","category-news-actualite","category-resultats","category-slideshow","tag-emx250","tag-lommel","tag-lucas-coenen","tag-motocross"],"yoast_head":"<!-- This site is optimized with the Yoast SEO plugin v27.4 - https:\/\/yoast.com\/product\/yoast-seo-wordpress\/ -->\n<title>EMX250 : Lucas Coenen survole la concurrence \u00e0 Lommel - Motocross - Enduro - Supermoto | MotocrossMag<\/title>\n<meta name=\"robots\" content=\"index, follow, max-snippet:-1, max-image-preview:large, max-video-preview:-1\" \/>\n<link rel=\"canonical\" href=\"https:\/\/fr.motocrossmag.be\/index.php\/2022\/07\/emx250-lucas-coenen-survole-la-concurrence-a-lommel\/\" \/>\n<meta property=\"og:locale\" content=\"fr_FR\" \/>\n<meta property=\"og:type\" content=\"article\" \/>\n<meta property=\"og:title\" content=\"EMX250 : Lucas Coenen survole la concurrence \u00e0 Lommel - Motocross - Enduro - Supermoto | MotocrossMag\" \/>\n<meta property=\"og:description\" content=\"Auteur d&rsquo;une tr\u00e8s belle manche ce samedi \u00e0 Lommel qui lui avait permis de remporter sa premi\u00e8re course sur le championnat d&rsquo;Europe EMX250, Lucas Coenen a remis le couvert dans [...]\" \/>\n<meta property=\"og:url\" content=\"https:\/\/fr.motocrossmag.be\/index.php\/2022\/07\/emx250-lucas-coenen-survole-la-concurrence-a-lommel\/\" \/>\n<meta property=\"og:site_name\" content=\"Motocross - Enduro - Supermoto | MotocrossMag\" \/>\n<meta property=\"article:published_time\" content=\"2022-07-24T13:01:57+00:00\" \/>\n<meta property=\"og:image\" content=\"https:\/\/fr.motocrossmag.be\/wp-content\/uploads\/2022\/07\/EMX250-NF-NK_06467.jpg\" \/>\n\t<meta property=\"og:image:width\" content=\"900\" \/>\n\t<meta property=\"og:image:height\" content=\"600\" \/>\n\t<meta property=\"og:image:type\" content=\"image\/jpeg\" \/>\n<meta name=\"author\" content=\"oliviere\" \/>\n<meta name=\"twitter:card\" content=\"summary_large_image\" \/>\n<meta name=\"twitter:label1\" content=\"\u00c9crit par\" \/>\n\t<meta name=\"twitter:data1\" content=\"oliviere\" \/>\n\t<meta name=\"twitter:label2\" content=\"Dur\u00e9e de lecture estim\u00e9e\" \/>\n\t<meta name=\"twitter:data2\" content=\"6 minutes\" \/>\n<script type=\"application\/ld+json\" class=\"yoast-schema-graph\">{\"@context\":\"https:\\\/\\\/schema.org\",\"@graph\":[{\"@type\":\"Article\",\"@id\":\"https:\\\/\\\/fr.motocrossmag.be\\\/index.php\\\/2022\\\/07\\\/emx250-lucas-coenen-survole-la-concurrence-a-lommel\\\/#article\",\"isPartOf\":{\"@id\":\"https:\\\/\\\/fr.motocrossmag.be\\\/index.php\\\/2022\\\/07\\\/emx250-lucas-coenen-survole-la-concurrence-a-lommel\\\/\"},\"author\":{\"name\":\"oliviere\",\"@id\":\"https:\\\/\\\/fr.motocrossmag.be\\\/#\\\/schema\\\/person\\\/11b47143d9f755babca2c9110e03235c\"},\"headline\":\"EMX250 : Lucas Coenen survole la concurrence \u00e0 Lommel\",\"datePublished\":\"2022-07-24T13:01:57+00:00\",\"mainEntityOfPage\":{\"@id\":\"https:\\\/\\\/fr.motocrossmag.be\\\/index.php\\\/2022\\\/07\\\/emx250-lucas-coenen-survole-la-concurrence-a-lommel\\\/\"},\"wordCount\":1116,\"commentCount\":0,\"image\":{\"@id\":\"https:\\\/\\\/fr.motocrossmag.be\\\/index.php\\\/2022\\\/07\\\/emx250-lucas-coenen-survole-la-concurrence-a-lommel\\\/#primaryimage\"},\"thumbnailUrl\":\"https:\\\/\\\/fr.motocrossmag.be\\\/wp-content\\\/uploads\\\/2022\\\/07\\\/EMX250-NF-NK_06467.jpg\",\"keywords\":[\"emx250\",\"Lommel\",\"lucas coenen\",\"Motocross\"],\"articleSection\":[\"Actualit\u00e9\",\"EMX\",\"Motocross\",\"News\",\"News\",\"R\u00e9sultats\",\"Slideshow\"],\"inLanguage\":\"fr-FR\",\"potentialAction\":[{\"@type\":\"CommentAction\",\"name\":\"Comment\",\"target\":[\"https:\\\/\\\/fr.motocrossmag.be\\\/index.php\\\/2022\\\/07\\\/emx250-lucas-coenen-survole-la-concurrence-a-lommel\\\/#respond\"]}]},{\"@type\":\"WebPage\",\"@id\":\"https:\\\/\\\/fr.motocrossmag.be\\\/index.php\\\/2022\\\/07\\\/emx250-lucas-coenen-survole-la-concurrence-a-lommel\\\/\",\"url\":\"https:\\\/\\\/fr.motocrossmag.be\\\/index.php\\\/2022\\\/07\\\/emx250-lucas-coenen-survole-la-concurrence-a-lommel\\\/\",\"name\":\"EMX250 : Lucas Coenen survole la concurrence \u00e0 Lommel - Motocross - Enduro - Supermoto | MotocrossMag\",\"isPartOf\":{\"@id\":\"https:\\\/\\\/fr.motocrossmag.be\\\/#website\"},\"primaryImageOfPage\":{\"@id\":\"https:\\\/\\\/fr.motocrossmag.be\\\/index.php\\\/2022\\\/07\\\/emx250-lucas-coenen-survole-la-concurrence-a-lommel\\\/#primaryimage\"},\"image\":{\"@id\":\"https:\\\/\\\/fr.motocrossmag.be\\\/index.php\\\/2022\\\/07\\\/emx250-lucas-coenen-survole-la-concurrence-a-lommel\\\/#primaryimage\"},\"thumbnailUrl\":\"https:\\\/\\\/fr.motocrossmag.be\\\/wp-content\\\/uploads\\\/2022\\\/07\\\/EMX250-NF-NK_06467.jpg\",\"datePublished\":\"2022-07-24T13:01:57+00:00\",\"author\":{\"@id\":\"https:\\\/\\\/fr.motocrossmag.be\\\/#\\\/schema\\\/person\\\/11b47143d9f755babca2c9110e03235c\"},\"breadcrumb\":{\"@id\":\"https:\\\/\\\/fr.motocrossmag.be\\\/index.php\\\/2022\\\/07\\\/emx250-lucas-coenen-survole-la-concurrence-a-lommel\\\/#breadcrumb\"},\"inLanguage\":\"fr-FR\",\"potentialAction\":[{\"@type\":\"ReadAction\",\"target\":[\"https:\\\/\\\/fr.motocrossmag.be\\\/index.php\\\/2022\\\/07\\\/emx250-lucas-coenen-survole-la-concurrence-a-lommel\\\/\"]}]},{\"@type\":\"ImageObject\",\"inLanguage\":\"fr-FR\",\"@id\":\"https:\\\/\\\/fr.motocrossmag.be\\\/index.php\\\/2022\\\/07\\\/emx250-lucas-coenen-survole-la-concurrence-a-lommel\\\/#primaryimage\",\"url\":\"https:\\\/\\\/fr.motocrossmag.be\\\/wp-content\\\/uploads\\\/2022\\\/07\\\/EMX250-NF-NK_06467.jpg\",\"contentUrl\":\"https:\\\/\\\/fr.motocrossmag.be\\\/wp-content\\\/uploads\\\/2022\\\/07\\\/EMX250-NF-NK_06467.jpg\",\"width\":\"900\",\"height\":\"600\"},{\"@type\":\"BreadcrumbList\",\"@id\":\"https:\\\/\\\/fr.motocrossmag.be\\\/index.php\\\/2022\\\/07\\\/emx250-lucas-coenen-survole-la-concurrence-a-lommel\\\/#breadcrumb\",\"itemListElement\":[{\"@type\":\"ListItem\",\"position\":1,\"name\":\"Accueil\",\"item\":\"https:\\\/\\\/fr.motocrossmag.be\\\/\"},{\"@type\":\"ListItem\",\"position\":2,\"name\":\"EMX250 : Lucas Coenen survole la concurrence \u00e0 Lommel\"}]},{\"@type\":\"WebSite\",\"@id\":\"https:\\\/\\\/fr.motocrossmag.be\\\/#website\",\"url\":\"https:\\\/\\\/fr.motocrossmag.be\\\/\",\"name\":\"Motocross - Enduro - Supermoto | MotocrossMag\",\"description\":\"L&#039;actualit\u00e9 du motocross, de l&#039;enduro et du Supermoto en ligne!\",\"potentialAction\":[{\"@type\":\"SearchAction\",\"target\":{\"@type\":\"EntryPoint\",\"urlTemplate\":\"https:\\\/\\\/fr.motocrossmag.be\\\/?s={search_term_string}\"},\"query-input\":{\"@type\":\"PropertyValueSpecification\",\"valueRequired\":true,\"valueName\":\"search_term_string\"}}],\"inLanguage\":\"fr-FR\"},{\"@type\":\"Person\",\"@id\":\"https:\\\/\\\/fr.motocrossmag.be\\\/#\\\/schema\\\/person\\\/11b47143d9f755babca2c9110e03235c\",\"name\":\"oliviere\",\"image\":{\"@type\":\"ImageObject\",\"inLanguage\":\"fr-FR\",\"@id\":\"https:\\\/\\\/secure.gravatar.com\\\/avatar\\\/907069e0b81d119452040469e4a7501da1100f54f7f80180ce77bfab718288f6?s=96&d=mm&r=g\",\"url\":\"https:\\\/\\\/secure.gravatar.com\\\/avatar\\\/907069e0b81d119452040469e4a7501da1100f54f7f80180ce77bfab718288f6?s=96&d=mm&r=g\",\"contentUrl\":\"https:\\\/\\\/secure.gravatar.com\\\/avatar\\\/907069e0b81d119452040469e4a7501da1100f54f7f80180ce77bfab718288f6?s=96&d=mm&r=g\",\"caption\":\"oliviere\"},\"sameAs\":[\"http:\\\/\\\/www.motocrossmag.be\"],\"url\":\"https:\\\/\\\/fr.motocrossmag.be\\\/index.php\\\/author\\\/oliviere\\\/\"}]}<\/script>\n<!-- \/ Yoast SEO plugin. -->","yoast_head_json":{"title":"EMX250 : Lucas Coenen survole la concurrence \u00e0 Lommel - Motocross - Enduro - Supermoto | MotocrossMag","robots":{"index":"index","follow":"follow","max-snippet":"max-snippet:-1","max-image-preview":"max-image-preview:large","max-video-preview":"max-video-preview:-1"},"canonical":"https:\/\/fr.motocrossmag.be\/index.php\/2022\/07\/emx250-lucas-coenen-survole-la-concurrence-a-lommel\/","og_locale":"fr_FR","og_type":"article","og_title":"EMX250 : Lucas Coenen survole la concurrence \u00e0 Lommel - Motocross - Enduro - Supermoto | MotocrossMag","og_description":"Auteur d&rsquo;une tr\u00e8s belle manche ce samedi \u00e0 Lommel qui lui avait permis de remporter sa premi\u00e8re course sur le championnat d&rsquo;Europe EMX250, Lucas Coenen a remis le couvert dans [...]","og_url":"https:\/\/fr.motocrossmag.be\/index.php\/2022\/07\/emx250-lucas-coenen-survole-la-concurrence-a-lommel\/","og_site_name":"Motocross - Enduro - Supermoto | MotocrossMag","article_published_time":"2022-07-24T13:01:57+00:00","og_image":[{"width":900,"height":600,"url":"https:\/\/fr.motocrossmag.be\/wp-content\/uploads\/2022\/07\/EMX250-NF-NK_06467.jpg","type":"image\/jpeg"}],"author":"oliviere","twitter_card":"summary_large_image","twitter_misc":{"\u00c9crit par":"oliviere","Dur\u00e9e de lecture estim\u00e9e":"6 minutes"},"schema":{"@context":"https:\/\/schema.org","@graph":[{"@type":"Article","@id":"https:\/\/fr.motocrossmag.be\/index.php\/2022\/07\/emx250-lucas-coenen-survole-la-concurrence-a-lommel\/#article","isPartOf":{"@id":"https:\/\/fr.motocrossmag.be\/index.php\/2022\/07\/emx250-lucas-coenen-survole-la-concurrence-a-lommel\/"},"author":{"name":"oliviere","@id":"https:\/\/fr.motocrossmag.be\/#\/schema\/person\/11b47143d9f755babca2c9110e03235c"},"headline":"EMX250 : Lucas Coenen survole la concurrence \u00e0 Lommel","datePublished":"2022-07-24T13:01:57+00:00","mainEntityOfPage":{"@id":"https:\/\/fr.motocrossmag.be\/index.php\/2022\/07\/emx250-lucas-coenen-survole-la-concurrence-a-lommel\/"},"wordCount":1116,"commentCount":0,"image":{"@id":"https:\/\/fr.motocrossmag.be\/index.php\/2022\/07\/emx250-lucas-coenen-survole-la-concurrence-a-lommel\/#primaryimage"},"thumbnailUrl":"https:\/\/fr.motocrossmag.be\/wp-content\/uploads\/2022\/07\/EMX250-NF-NK_06467.jpg","keywords":["emx250","Lommel","lucas coenen","Motocross"],"articleSection":["Actualit\u00e9","EMX","Motocross","News","News","R\u00e9sultats","Slideshow"],"inLanguage":"fr-FR","potentialAction":[{"@type":"CommentAction","name":"Comment","target":["https:\/\/fr.motocrossmag.be\/index.php\/2022\/07\/emx250-lucas-coenen-survole-la-concurrence-a-lommel\/#respond"]}]},{"@type":"WebPage","@id":"https:\/\/fr.motocrossmag.be\/index.php\/2022\/07\/emx250-lucas-coenen-survole-la-concurrence-a-lommel\/","url":"https:\/\/fr.motocrossmag.be\/index.php\/2022\/07\/emx250-lucas-coenen-survole-la-concurrence-a-lommel\/","name":"EMX250 : Lucas Coenen survole la concurrence \u00e0 Lommel - Motocross - Enduro - Supermoto | MotocrossMag","isPartOf":{"@id":"https:\/\/fr.motocrossmag.be\/#website"},"primaryImageOfPage":{"@id":"https:\/\/fr.motocrossmag.be\/index.php\/2022\/07\/emx250-lucas-coenen-survole-la-concurrence-a-lommel\/#primaryimage"},"image":{"@id":"https:\/\/fr.motocrossmag.be\/index.php\/2022\/07\/emx250-lucas-coenen-survole-la-concurrence-a-lommel\/#primaryimage"},"thumbnailUrl":"https:\/\/fr.motocrossmag.be\/wp-content\/uploads\/2022\/07\/EMX250-NF-NK_06467.jpg","datePublished":"2022-07-24T13:01:57+00:00","author":{"@id":"https:\/\/fr.motocrossmag.be\/#\/schema\/person\/11b47143d9f755babca2c9110e03235c"},"breadcrumb":{"@id":"https:\/\/fr.motocrossmag.be\/index.php\/2022\/07\/emx250-lucas-coenen-survole-la-concurrence-a-lommel\/#breadcrumb"},"inLanguage":"fr-FR","potentialAction":[{"@type":"ReadAction","target":["https:\/\/fr.motocrossmag.be\/index.php\/2022\/07\/emx250-lucas-coenen-survole-la-concurrence-a-lommel\/"]}]},{"@type":"ImageObject","inLanguage":"fr-FR","@id":"https:\/\/fr.motocrossmag.be\/index.php\/2022\/07\/emx250-lucas-coenen-survole-la-concurrence-a-lommel\/#primaryimage","url":"https:\/\/fr.motocrossmag.be\/wp-content\/uploads\/2022\/07\/EMX250-NF-NK_06467.jpg","contentUrl":"https:\/\/fr.motocrossmag.be\/wp-content\/uploads\/2022\/07\/EMX250-NF-NK_06467.jpg","width":"900","height":"600"},{"@type":"BreadcrumbList","@id":"https:\/\/fr.motocrossmag.be\/index.php\/2022\/07\/emx250-lucas-coenen-survole-la-concurrence-a-lommel\/#breadcrumb","itemListElement":[{"@type":"ListItem","position":1,"name":"Accueil","item":"https:\/\/fr.motocrossmag.be\/"},{"@type":"ListItem","position":2,"name":"EMX250 : Lucas Coenen survole la concurrence \u00e0 Lommel"}]},{"@type":"WebSite","@id":"https:\/\/fr.motocrossmag.be\/#website","url":"https:\/\/fr.motocrossmag.be\/","name":"Motocross - Enduro - Supermoto | MotocrossMag","description":"L&#039;actualit\u00e9 du motocross, de l&#039;enduro et du Supermoto en ligne!","potentialAction":[{"@type":"SearchAction","target":{"@type":"EntryPoint","urlTemplate":"https:\/\/fr.motocrossmag.be\/?s={search_term_string}"},"query-input":{"@type":"PropertyValueSpecification","valueRequired":true,"valueName":"search_term_string"}}],"inLanguage":"fr-FR"},{"@type":"Person","@id":"https:\/\/fr.motocrossmag.be\/#\/schema\/person\/11b47143d9f755babca2c9110e03235c","name":"oliviere","image":{"@type":"ImageObject","inLanguage":"fr-FR","@id":"https:\/\/secure.gravatar.com\/avatar\/907069e0b81d119452040469e4a7501da1100f54f7f80180ce77bfab718288f6?s=96&d=mm&r=g","url":"https:\/\/secure.gravatar.com\/avatar\/907069e0b81d119452040469e4a7501da1100f54f7f80180ce77bfab718288f6?s=96&d=mm&r=g","contentUrl":"https:\/\/secure.gravatar.com\/avatar\/907069e0b81d119452040469e4a7501da1100f54f7f80180ce77bfab718288f6?s=96&d=mm&r=g","caption":"oliviere"},"sameAs":["http:\/\/www.motocrossmag.be"],"url":"https:\/\/fr.motocrossmag.be\/index.php\/author\/oliviere\/"}]}},"_links":{"self":[{"href":"https:\/\/fr.motocrossmag.be\/index.php\/wp-json\/wp\/v2\/posts\/118869","targetHints":{"allow":["GET"]}}],"collection":[{"href":"https:\/\/fr.motocrossmag.be\/index.php\/wp-json\/wp\/v2\/posts"}],"about":[{"href":"https:\/\/fr.motocrossmag.be\/index.php\/wp-json\/wp\/v2\/types\/post"}],"author":[{"embeddable":true,"href":"https:\/\/fr.motocrossmag.be\/index.php\/wp-json\/wp\/v2\/users\/932"}],"replies":[{"embeddable":true,"href":"https:\/\/fr.motocrossmag.be\/index.php\/wp-json\/wp\/v2\/comments?post=118869"}],"version-history":[{"count":0,"href":"https:\/\/fr.motocrossmag.be\/index.php\/wp-json\/wp\/v2\/posts\/118869\/revisions"}],"wp:featuredmedia":[{"embeddable":true,"href":"https:\/\/fr.motocrossmag.be\/index.php\/wp-json\/wp\/v2\/media\/118870"}],"wp:attachment":[{"href":"https:\/\/fr.motocrossmag.be\/index.php\/wp-json\/wp\/v2\/media?parent=118869"}],"wp:term":[{"taxonomy":"category","embeddable":true,"href":"https:\/\/fr.motocrossmag.be\/index.php\/wp-json\/wp\/v2\/categories?post=118869"},{"taxonomy":"post_tag","embeddable":true,"href":"https:\/\/fr.motocrossmag.be\/index.php\/wp-json\/wp\/v2\/tags?post=118869"}],"curies":[{"name":"wp","href":"https:\/\/api.w.org\/{rel}","templated":true}]}}