{"id":118871,"date":"2022-07-24T18:50:39","date_gmt":"2022-07-24T16:50:39","guid":{"rendered":"http:\/\/fr.motocrossmag.be\/?p=118871"},"modified":"2022-07-24T18:50:39","modified_gmt":"2022-07-24T16:50:39","slug":"jago-geerts-triomphe-devant-son-public-a-lommel","status":"publish","type":"post","link":"https:\/\/fr.motocrossmag.be\/index.php\/2022\/07\/jago-geerts-triomphe-devant-son-public-a-lommel\/","title":{"rendered":"Jago Geerts triomphe devant son public \u00e0 Lommel"},"content":{"rendered":"<p><strong>Dans la foul\u00e9e d&rsquo;une victoire \u00e0 Loket le week-end dernier qui lui avait permis d&rsquo;arriver devant son public \u00e0 Lommel en t\u00eate du championnat, Jago Geerts a enfonc\u00e9 le clou ce dimanche. Second de la premi\u00e8re manche, il a remport\u00e9 la seconde pour remporter le GP de Belgique devant Kay De Wolf (1+2) et Tom Vialle (7+4).<\/strong><\/p>\n<p>Geerts fait la bonne op\u00e9ration au championnat. Arrive avec 8 points d&rsquo;avance sur Vialle, il en prend 15 de plus au pilote KTM pour porter son avantage \u00e0 23 unit\u00e9s au moment d&rsquo;aborder une phase cruciale du championnat.<\/p>\n<p>Il reste en effet 4 \u00e9preuves \u00e0 disputer, dont 3 se d\u00e9rouleront entre le 14 et le 21 ao\u00fbt. Prochain rendez-vous les 13 et 14 ao\u00fbt \u00e0 Uddevalla, en Su\u00e8de.<\/p>\n<p><span style=\"color: #800000;\"><strong>R\u00e9sultats<\/strong><\/span><\/p>\n<p>MANCHE 1<\/p>\n<p>1. Kay de Wolf (NED, Husqvarna), 34:52.109; 2. Jago Geerts (BEL, Yamaha), +0:06.133;\u00a03. Simon Laengenfelder (GER, GASGAS), +0:39.854; 4. Thibault Benistant (FRA, Yamaha), +0:50.306;\u00a05. Liam Everts (BEL, KTM), +0:58.046; 6. Roan Van De Moosdijk (NED, Husqvarna), +1:14.378;\u00a07. Tom Vialle (FRA, KTM), +1:40.931; 8. Andrea Adamo (ITA, GASGAS), +2:20.540; 9. Stephen Rubini (FRA, Honda), -1 lap(s); 10. Jakub Teresak (CZE, KTM), -1 lap(s); 11. Joel Rizzi (GBR, Yamaha), -1 lap(s); 12. Filip Olsson (SWE, Husqvarna), -1 lap(s); 13. Jan Pancar (SLO, KTM), -1 lap(s); 14. Marcel Stauffer (AUT, KTM), -1 lap(s);\u00a015. Kjell Verbruggen (NED, Kawasaki), -1 lap(s);\u00a016. Noah Ludwig (GER, KTM), -1 lap(s); 17. Christopher Mills (GBR, KTM), -1 lap(s); 18. James Carpenter (GBR, KTM), -1 lap(s); 19. Adam Collings (GBR, KTM), -1 lap(s); 20. Leopold Ambj\u00f6rnson (SWE, Husqvarna), -1 lap(s); 21. Jorgen-Matthias Talviku (EST, Husqvarna), -6 lap(s); 22. Tom Guyon (FRA, KTM), -7 lap(s); 23. Kevin Horgmo (NOR, Kawasaki), -8 lap(s); 24. Albin Gerhardsson (SWE, Husqvarna), -9 lap(s); 25. Mikkel Haarup (DEN, Kawasaki), -11 lap(s); 26. Petr Polak (CZE, Honda), -11 lap(s); 27. Jeremy Sydow (GER, KTM), -15 lap(s);\u00a028. Kay Karssemakers (NED, KTM), -16 lap(s);<\/p>\n<p>MANCHE 2<\/p>\n<p>1. Jago Geerts (BEL, Yamaha), 34:49.079; 2. Kay de Wolf (NED, Husqvarna), +0:14.849;\u00a03. Kevin Horgmo (NOR, Kawasaki), +0:16.758; 4. Tom Vialle (FRA, KTM), +0:26.139;\u00a05. Roan Van De Moosdijk (NED, Husqvarna), +0:53.942;\u00a06. Andrea Adamo (ITA, GASGAS), +1:36.156;\u00a07. Liam Everts (BEL, KTM), +1:51.697;\u00a08. Thibault Benistant (FRA, Yamaha), +2:01.649; 9. Simon Laengenfelder (GER, GASGAS), +2:05.070;\u00a010. Kay Karssemakers (NED, KTM), +2:08.245;\u00a011. Jan Pancar (SLO, KTM), +2:21.569; 12. Jorgen-Matthias Talviku (EST, Husqvarna), -1 lap(s); 13. Albin Gerhardsson (SWE, Husqvarna), -1 lap(s); 14. Stephen Rubini (FRA, Honda), -1 lap(s); 15. Jakub Teresak (CZE, KTM), -1 lap(s); 16. Petr Polak (CZE, Honda), -1 lap(s); 17. James Carpenter (GBR, KTM), -1 lap(s); 18. Leopold Ambj\u00f6rnson (SWE, Husqvarna), -1 lap(s);\u00a019. Kjell Verbruggen (NED, Kawasaki), -1 lap(s);\u00a020. Noah Ludwig (GER, KTM), -1 lap(s); 21. Adam Collings (GBR, KTM), -1 lap(s); 22. Joel Rizzi (GBR, Yamaha), -2 lap(s); 23. Christopher Mills (GBR, KTM), -2 lap(s); 24. Filip Olsson (SWE, Husqvarna), -9 lap(s); 25. Mikkel Haarup (DEN, Kawasaki), -11 lap(s); 26. Marcel Stauffer (AUT, KTM), -14 lap(s);<\/p>\n<p>CLASSEMENT GNERAL MX2<\/p>\n<p>1. Jago Geerts (BEL, YAM), 47 points; 2. Kay de Wolf (NED, HUS), 47 p.; 3. Tom Vialle (FRA, KTM), 32 p.; 4. Simon Laengenfelder (GER, GAS), 32 p.;\u00a05. Roan Van De Moosdijk (NED, HUS), 31 p.; 6. Thibault Benistant (FRA, YAM), 31 p.;\u00a07. Liam Everts (BEL, KTM), 30 p.;\u00a08. Andrea Adamo (ITA, GAS), 28 p.; 9. Kevin Horgmo (NOR, KAW), 20 p.; 10. Stephen Rubini (FRA, HON), 19 p.; 11. Jan Pancar (SLO, KTM), 18 p.; 12. Jakub Teresak (CZE, KTM), 17 p.;\u00a013. Kay Karssemakers (NED, KTM), 11 p.;\u00a014. Joel Rizzi (GBR, YAM), 10 p.; 15. Jorgen-Matthias Talviku (EST, HUS), 9 p.; 16. Filip Olsson (SWE, HUS), 9 p.; 17. Albin Gerhardsson (SWE, HUS), 8 p.;\u00a018. Kjell Verbruggen (NED, KAW), 8 p.;\u00a019. James Carpenter (GBR, KTM), 7 p.; 20. Marcel Stauffer (AUT, KTM), 7 p.; 21. Noah Ludwig (GER, KTM), 6 p.; 22. Petr Polak (CZE, HON), 5 p.; 23. Leopold Ambj\u00f6rnson (SWE, HUS), 4 p.; 24. Christopher Mills (GBR, KTM), 4 p.; 25. Adam Collings (GBR, KTM), 2 p.; 26. Mikkel Haarup (DEN, KAW), 0 p.; 27. Tom Guyon (FRA, KTM), 0 p.; 28. Jeremy Sydow (GER, KTM), 0 p.;<\/p>\n<p>CLASSEMENT PROVISOIRE MX2<\/p>\n<p>1. Jago Geerts (BEL, YAM), 590 points; 2. Tom Vialle (FRA, KTM), 567 p.; 3. Simon Laengenfelder (GER, GAS), 469 p.; 4. Kevin Horgmo (NOR, KAW), 410 p.; 5. Thibault Benistant (FRA, YAM), 378 p.; 6. Andrea Adamo (ITA, GAS), 365 p.; 7. Mikkel Haarup (DEN, KAW), 358 p.; 8. Stephen Rubini (FRA, HON), 321 p.;\u00a09. Kay de Wolf (NED, HUS), 320 p.;\u00a010. Isak Gifting (SWE, KTM), 255 p.;\u00a011. Liam Everts (BEL, KTM), 201 p.;\u00a012. Jan Pancar (SLO, KTM), 200 p.; 13. Mattia Guadagnini (ITA, GAS), 172 p.;\u00a014. Kay Karssemakers (NED, KTM), 134 p.;\u00a015. Hakon Fredriksen (NOR, HON), 125 p.; 16. Conrad Mewse (GBR, KTM), 113 p.; 17. Tom Guyon (FRA, KTM), 107 p.; 18. Jeremy Sydow (GER, KTM), 104 p.;\u00a019. Roan Van De Moosdijk (NED, HUS), 86 p.;\u00a020. Petr Polak (CZE, HON), 84 p.; 21. Kevin Brumann (SUI, YAM), 82 p.; 22. Jakub Teresak (CZE, KTM), 72 p.;\u00a023. Rick Elzinga (NED, YAM), 49 p.;\u00a024. Guillem Farres (ESP, KTM), 38 p.; 25. Tomas Kohut (SVK, KTM), 38 p.; 26. Filip Olsson (SWE, HUS), 33 p.; 27. Gianluca Facchetti (ITA, KTM), 32 p.; 28. Valerio Lata (ITA, KTM), 26 p.; 29. Delvintor Alfarizi (INA, HON), 23 p.; 30. Jorgen-Matthias Talviku (EST, HUS), 23 p.; 31. Andrea Bonacorsi (ITA, YAM), 21 p.; 32. Bastian Boegh Damm (DEN, KTM), 21 p.; 33. Ananda rigi Aditya (INA, HUS), 19 p.; 34. Joel Rizzi (GBR, YAM), 19 p.; 35. Pierre Goupillon (FRA, KTM), 19 p.; 36. Noah Ludwig (GER, KTM), 19 p.; 37. Diva Ismayana (INA, KAW), 18 p.; 38. Nakami Vidi Makarim (INA, HUS), 18 p.; 39. Marcel Stauffer (AUT, KTM), 18 p.; 40. Dharwin Lingam (MAS, KAW), 17 p.; 41. Pablo Jeremias Pascual (ARG, KTM), 16 p.; 42. Luciano Righi (ARG, HUS), 16 p.; 43. Tim Edberg (SWE, YAM), 14 p.; 44. Camden Mc Lellan (RSA, KTM), 13 p.; 45. Fermin Ciccimarra (ARG, YAM), 12 p.; 46. Maxime Grau (FRA, HUS), 11 p.; 47. Leopold Ambj\u00f6rnson (SWE, HUS), 11 p.; 48. David Braceras (ESP, KTM), 9 p.; 49. Albin Gerhardsson (SWE, HUS), 8 p.;\u00a050. Kjell Verbruggen (NED, KAW), 8 p.;\u00a051. James Carpenter (GBR, KTM), 7 p.; 52. Samuel Nilsson (ESP, KTM), 7 p.; 53. Glen Meier (DEN, KTM), 7 p.; 54. Christopher Mills (GBR, KTM), 4 p.;\u00a055. Florent Lambillon (BEL, SUZ), 4 p.;\u00a056. Dorian Werl\u00e9 (FRA, KTM), 4 p.; 57. Mike Gwerder (SUI, KTM), 4 p.; 58. Maximilian Spies (GER, KTM), 4 p.; 59. Nico Greutmann (GER, HUS), 3 p.; 60. Adam Collings (GBR, KTM), 2 p.;\u00a061. Lucas Coenen (BEL, HUS), 2 p.;\u00a062. Eric Tomas (ESP, YAM), 1 p.;<\/p>\n","protected":false},"excerpt":{"rendered":"<p>Dans la foul\u00e9e d&rsquo;une victoire \u00e0 Loket le week-end dernier qui lui avait permis d&rsquo;arriver devant son public \u00e0 Lommel en t\u00eate du championnat, Jago Geerts a enfonc\u00e9 le clou [&#8230;]<\/p>\n","protected":false},"author":932,"featured_media":118872,"comment_status":"open","ping_status":"closed","sticky":false,"template":"","format":"standard","meta":{"footnotes":""},"categories":[54,4,6,5,55,56,65],"tags":[813,284,947,568,1246],"class_list":["post-118871","post","type-post","status-publish","format-standard","has-post-thumbnail","hentry","category-actualite","category-motocross","category-mx1mx2","category-news","category-news-actualite","category-resultats","category-slideshow","tag-jago-geerts","tag-lommel","tag-motocross","tag-mxgp","tag-tom-vialle"],"yoast_head":"<!-- This site is optimized with the Yoast SEO plugin v27.4 - https:\/\/yoast.com\/product\/yoast-seo-wordpress\/ -->\n<title>Jago Geerts triomphe devant son public \u00e0 Lommel - Motocross - Enduro - Supermoto | MotocrossMag<\/title>\n<meta name=\"robots\" content=\"index, follow, max-snippet:-1, max-image-preview:large, max-video-preview:-1\" \/>\n<link rel=\"canonical\" href=\"https:\/\/fr.motocrossmag.be\/index.php\/2022\/07\/jago-geerts-triomphe-devant-son-public-a-lommel\/\" \/>\n<meta property=\"og:locale\" content=\"fr_FR\" \/>\n<meta property=\"og:type\" content=\"article\" \/>\n<meta property=\"og:title\" content=\"Jago Geerts triomphe devant son public \u00e0 Lommel - Motocross - Enduro - Supermoto | MotocrossMag\" \/>\n<meta property=\"og:description\" content=\"Dans la foul\u00e9e d&rsquo;une victoire \u00e0 Loket le week-end dernier qui lui avait permis d&rsquo;arriver devant son public \u00e0 Lommel en t\u00eate du championnat, Jago Geerts a enfonc\u00e9 le clou [...]\" \/>\n<meta property=\"og:url\" content=\"https:\/\/fr.motocrossmag.be\/index.php\/2022\/07\/jago-geerts-triomphe-devant-son-public-a-lommel\/\" \/>\n<meta property=\"og:site_name\" content=\"Motocross - Enduro - Supermoto | MotocrossMag\" \/>\n<meta property=\"article:published_time\" content=\"2022-07-24T16:50:39+00:00\" \/>\n<meta property=\"og:image\" content=\"https:\/\/fr.motocrossmag.be\/wp-content\/uploads\/2022\/07\/GEERTS-SAT-MOTOCROSS-GP-14-FLA-20221.jpg\" \/>\n\t<meta property=\"og:image:width\" content=\"1000\" \/>\n\t<meta property=\"og:image:height\" content=\"666\" \/>\n\t<meta property=\"og:image:type\" content=\"image\/jpeg\" \/>\n<meta name=\"author\" content=\"oliviere\" \/>\n<meta name=\"twitter:card\" content=\"summary_large_image\" \/>\n<meta name=\"twitter:label1\" content=\"\u00c9crit par\" \/>\n\t<meta name=\"twitter:data1\" content=\"oliviere\" \/>\n\t<meta name=\"twitter:label2\" content=\"Dur\u00e9e de lecture estim\u00e9e\" \/>\n\t<meta name=\"twitter:data2\" content=\"5 minutes\" \/>\n<script type=\"application\/ld+json\" class=\"yoast-schema-graph\">{\"@context\":\"https:\\\/\\\/schema.org\",\"@graph\":[{\"@type\":\"Article\",\"@id\":\"https:\\\/\\\/fr.motocrossmag.be\\\/index.php\\\/2022\\\/07\\\/jago-geerts-triomphe-devant-son-public-a-lommel\\\/#article\",\"isPartOf\":{\"@id\":\"https:\\\/\\\/fr.motocrossmag.be\\\/index.php\\\/2022\\\/07\\\/jago-geerts-triomphe-devant-son-public-a-lommel\\\/\"},\"author\":{\"name\":\"oliviere\",\"@id\":\"https:\\\/\\\/fr.motocrossmag.be\\\/#\\\/schema\\\/person\\\/11b47143d9f755babca2c9110e03235c\"},\"headline\":\"Jago Geerts triomphe devant son public \u00e0 Lommel\",\"datePublished\":\"2022-07-24T16:50:39+00:00\",\"mainEntityOfPage\":{\"@id\":\"https:\\\/\\\/fr.motocrossmag.be\\\/index.php\\\/2022\\\/07\\\/jago-geerts-triomphe-devant-son-public-a-lommel\\\/\"},\"wordCount\":931,\"commentCount\":0,\"image\":{\"@id\":\"https:\\\/\\\/fr.motocrossmag.be\\\/index.php\\\/2022\\\/07\\\/jago-geerts-triomphe-devant-son-public-a-lommel\\\/#primaryimage\"},\"thumbnailUrl\":\"https:\\\/\\\/fr.motocrossmag.be\\\/wp-content\\\/uploads\\\/2022\\\/07\\\/GEERTS-SAT-MOTOCROSS-GP-14-FLA-20221.jpg\",\"keywords\":[\"Jago Geerts\",\"Lommel\",\"Motocross\",\"MXGP\",\"tom vialle\"],\"articleSection\":[\"Actualit\u00e9\",\"Motocross\",\"Motocross MXGP\",\"News\",\"News\",\"R\u00e9sultats\",\"Slideshow\"],\"inLanguage\":\"fr-FR\",\"potentialAction\":[{\"@type\":\"CommentAction\",\"name\":\"Comment\",\"target\":[\"https:\\\/\\\/fr.motocrossmag.be\\\/index.php\\\/2022\\\/07\\\/jago-geerts-triomphe-devant-son-public-a-lommel\\\/#respond\"]}]},{\"@type\":\"WebPage\",\"@id\":\"https:\\\/\\\/fr.motocrossmag.be\\\/index.php\\\/2022\\\/07\\\/jago-geerts-triomphe-devant-son-public-a-lommel\\\/\",\"url\":\"https:\\\/\\\/fr.motocrossmag.be\\\/index.php\\\/2022\\\/07\\\/jago-geerts-triomphe-devant-son-public-a-lommel\\\/\",\"name\":\"Jago Geerts triomphe devant son public \u00e0 Lommel - Motocross - Enduro - Supermoto | MotocrossMag\",\"isPartOf\":{\"@id\":\"https:\\\/\\\/fr.motocrossmag.be\\\/#website\"},\"primaryImageOfPage\":{\"@id\":\"https:\\\/\\\/fr.motocrossmag.be\\\/index.php\\\/2022\\\/07\\\/jago-geerts-triomphe-devant-son-public-a-lommel\\\/#primaryimage\"},\"image\":{\"@id\":\"https:\\\/\\\/fr.motocrossmag.be\\\/index.php\\\/2022\\\/07\\\/jago-geerts-triomphe-devant-son-public-a-lommel\\\/#primaryimage\"},\"thumbnailUrl\":\"https:\\\/\\\/fr.motocrossmag.be\\\/wp-content\\\/uploads\\\/2022\\\/07\\\/GEERTS-SAT-MOTOCROSS-GP-14-FLA-20221.jpg\",\"datePublished\":\"2022-07-24T16:50:39+00:00\",\"author\":{\"@id\":\"https:\\\/\\\/fr.motocrossmag.be\\\/#\\\/schema\\\/person\\\/11b47143d9f755babca2c9110e03235c\"},\"breadcrumb\":{\"@id\":\"https:\\\/\\\/fr.motocrossmag.be\\\/index.php\\\/2022\\\/07\\\/jago-geerts-triomphe-devant-son-public-a-lommel\\\/#breadcrumb\"},\"inLanguage\":\"fr-FR\",\"potentialAction\":[{\"@type\":\"ReadAction\",\"target\":[\"https:\\\/\\\/fr.motocrossmag.be\\\/index.php\\\/2022\\\/07\\\/jago-geerts-triomphe-devant-son-public-a-lommel\\\/\"]}]},{\"@type\":\"ImageObject\",\"inLanguage\":\"fr-FR\",\"@id\":\"https:\\\/\\\/fr.motocrossmag.be\\\/index.php\\\/2022\\\/07\\\/jago-geerts-triomphe-devant-son-public-a-lommel\\\/#primaryimage\",\"url\":\"https:\\\/\\\/fr.motocrossmag.be\\\/wp-content\\\/uploads\\\/2022\\\/07\\\/GEERTS-SAT-MOTOCROSS-GP-14-FLA-20221.jpg\",\"contentUrl\":\"https:\\\/\\\/fr.motocrossmag.be\\\/wp-content\\\/uploads\\\/2022\\\/07\\\/GEERTS-SAT-MOTOCROSS-GP-14-FLA-20221.jpg\",\"width\":\"1000\",\"height\":\"666\"},{\"@type\":\"BreadcrumbList\",\"@id\":\"https:\\\/\\\/fr.motocrossmag.be\\\/index.php\\\/2022\\\/07\\\/jago-geerts-triomphe-devant-son-public-a-lommel\\\/#breadcrumb\",\"itemListElement\":[{\"@type\":\"ListItem\",\"position\":1,\"name\":\"Accueil\",\"item\":\"https:\\\/\\\/fr.motocrossmag.be\\\/\"},{\"@type\":\"ListItem\",\"position\":2,\"name\":\"Jago Geerts triomphe devant son public \u00e0 Lommel\"}]},{\"@type\":\"WebSite\",\"@id\":\"https:\\\/\\\/fr.motocrossmag.be\\\/#website\",\"url\":\"https:\\\/\\\/fr.motocrossmag.be\\\/\",\"name\":\"Motocross - Enduro - Supermoto | MotocrossMag\",\"description\":\"L&#039;actualit\u00e9 du motocross, de l&#039;enduro et du Supermoto en ligne!\",\"potentialAction\":[{\"@type\":\"SearchAction\",\"target\":{\"@type\":\"EntryPoint\",\"urlTemplate\":\"https:\\\/\\\/fr.motocrossmag.be\\\/?s={search_term_string}\"},\"query-input\":{\"@type\":\"PropertyValueSpecification\",\"valueRequired\":true,\"valueName\":\"search_term_string\"}}],\"inLanguage\":\"fr-FR\"},{\"@type\":\"Person\",\"@id\":\"https:\\\/\\\/fr.motocrossmag.be\\\/#\\\/schema\\\/person\\\/11b47143d9f755babca2c9110e03235c\",\"name\":\"oliviere\",\"image\":{\"@type\":\"ImageObject\",\"inLanguage\":\"fr-FR\",\"@id\":\"https:\\\/\\\/secure.gravatar.com\\\/avatar\\\/907069e0b81d119452040469e4a7501da1100f54f7f80180ce77bfab718288f6?s=96&d=mm&r=g\",\"url\":\"https:\\\/\\\/secure.gravatar.com\\\/avatar\\\/907069e0b81d119452040469e4a7501da1100f54f7f80180ce77bfab718288f6?s=96&d=mm&r=g\",\"contentUrl\":\"https:\\\/\\\/secure.gravatar.com\\\/avatar\\\/907069e0b81d119452040469e4a7501da1100f54f7f80180ce77bfab718288f6?s=96&d=mm&r=g\",\"caption\":\"oliviere\"},\"sameAs\":[\"http:\\\/\\\/www.motocrossmag.be\"],\"url\":\"https:\\\/\\\/fr.motocrossmag.be\\\/index.php\\\/author\\\/oliviere\\\/\"}]}<\/script>\n<!-- \/ Yoast SEO plugin. -->","yoast_head_json":{"title":"Jago Geerts triomphe devant son public \u00e0 Lommel - Motocross - Enduro - Supermoto | MotocrossMag","robots":{"index":"index","follow":"follow","max-snippet":"max-snippet:-1","max-image-preview":"max-image-preview:large","max-video-preview":"max-video-preview:-1"},"canonical":"https:\/\/fr.motocrossmag.be\/index.php\/2022\/07\/jago-geerts-triomphe-devant-son-public-a-lommel\/","og_locale":"fr_FR","og_type":"article","og_title":"Jago Geerts triomphe devant son public \u00e0 Lommel - Motocross - Enduro - Supermoto | MotocrossMag","og_description":"Dans la foul\u00e9e d&rsquo;une victoire \u00e0 Loket le week-end dernier qui lui avait permis d&rsquo;arriver devant son public \u00e0 Lommel en t\u00eate du championnat, Jago Geerts a enfonc\u00e9 le clou [...]","og_url":"https:\/\/fr.motocrossmag.be\/index.php\/2022\/07\/jago-geerts-triomphe-devant-son-public-a-lommel\/","og_site_name":"Motocross - Enduro - Supermoto | MotocrossMag","article_published_time":"2022-07-24T16:50:39+00:00","og_image":[{"width":1000,"height":666,"url":"https:\/\/fr.motocrossmag.be\/wp-content\/uploads\/2022\/07\/GEERTS-SAT-MOTOCROSS-GP-14-FLA-20221.jpg","type":"image\/jpeg"}],"author":"oliviere","twitter_card":"summary_large_image","twitter_misc":{"\u00c9crit par":"oliviere","Dur\u00e9e de lecture estim\u00e9e":"5 minutes"},"schema":{"@context":"https:\/\/schema.org","@graph":[{"@type":"Article","@id":"https:\/\/fr.motocrossmag.be\/index.php\/2022\/07\/jago-geerts-triomphe-devant-son-public-a-lommel\/#article","isPartOf":{"@id":"https:\/\/fr.motocrossmag.be\/index.php\/2022\/07\/jago-geerts-triomphe-devant-son-public-a-lommel\/"},"author":{"name":"oliviere","@id":"https:\/\/fr.motocrossmag.be\/#\/schema\/person\/11b47143d9f755babca2c9110e03235c"},"headline":"Jago Geerts triomphe devant son public \u00e0 Lommel","datePublished":"2022-07-24T16:50:39+00:00","mainEntityOfPage":{"@id":"https:\/\/fr.motocrossmag.be\/index.php\/2022\/07\/jago-geerts-triomphe-devant-son-public-a-lommel\/"},"wordCount":931,"commentCount":0,"image":{"@id":"https:\/\/fr.motocrossmag.be\/index.php\/2022\/07\/jago-geerts-triomphe-devant-son-public-a-lommel\/#primaryimage"},"thumbnailUrl":"https:\/\/fr.motocrossmag.be\/wp-content\/uploads\/2022\/07\/GEERTS-SAT-MOTOCROSS-GP-14-FLA-20221.jpg","keywords":["Jago Geerts","Lommel","Motocross","MXGP","tom vialle"],"articleSection":["Actualit\u00e9","Motocross","Motocross MXGP","News","News","R\u00e9sultats","Slideshow"],"inLanguage":"fr-FR","potentialAction":[{"@type":"CommentAction","name":"Comment","target":["https:\/\/fr.motocrossmag.be\/index.php\/2022\/07\/jago-geerts-triomphe-devant-son-public-a-lommel\/#respond"]}]},{"@type":"WebPage","@id":"https:\/\/fr.motocrossmag.be\/index.php\/2022\/07\/jago-geerts-triomphe-devant-son-public-a-lommel\/","url":"https:\/\/fr.motocrossmag.be\/index.php\/2022\/07\/jago-geerts-triomphe-devant-son-public-a-lommel\/","name":"Jago Geerts triomphe devant son public \u00e0 Lommel - Motocross - Enduro - Supermoto | MotocrossMag","isPartOf":{"@id":"https:\/\/fr.motocrossmag.be\/#website"},"primaryImageOfPage":{"@id":"https:\/\/fr.motocrossmag.be\/index.php\/2022\/07\/jago-geerts-triomphe-devant-son-public-a-lommel\/#primaryimage"},"image":{"@id":"https:\/\/fr.motocrossmag.be\/index.php\/2022\/07\/jago-geerts-triomphe-devant-son-public-a-lommel\/#primaryimage"},"thumbnailUrl":"https:\/\/fr.motocrossmag.be\/wp-content\/uploads\/2022\/07\/GEERTS-SAT-MOTOCROSS-GP-14-FLA-20221.jpg","datePublished":"2022-07-24T16:50:39+00:00","author":{"@id":"https:\/\/fr.motocrossmag.be\/#\/schema\/person\/11b47143d9f755babca2c9110e03235c"},"breadcrumb":{"@id":"https:\/\/fr.motocrossmag.be\/index.php\/2022\/07\/jago-geerts-triomphe-devant-son-public-a-lommel\/#breadcrumb"},"inLanguage":"fr-FR","potentialAction":[{"@type":"ReadAction","target":["https:\/\/fr.motocrossmag.be\/index.php\/2022\/07\/jago-geerts-triomphe-devant-son-public-a-lommel\/"]}]},{"@type":"ImageObject","inLanguage":"fr-FR","@id":"https:\/\/fr.motocrossmag.be\/index.php\/2022\/07\/jago-geerts-triomphe-devant-son-public-a-lommel\/#primaryimage","url":"https:\/\/fr.motocrossmag.be\/wp-content\/uploads\/2022\/07\/GEERTS-SAT-MOTOCROSS-GP-14-FLA-20221.jpg","contentUrl":"https:\/\/fr.motocrossmag.be\/wp-content\/uploads\/2022\/07\/GEERTS-SAT-MOTOCROSS-GP-14-FLA-20221.jpg","width":"1000","height":"666"},{"@type":"BreadcrumbList","@id":"https:\/\/fr.motocrossmag.be\/index.php\/2022\/07\/jago-geerts-triomphe-devant-son-public-a-lommel\/#breadcrumb","itemListElement":[{"@type":"ListItem","position":1,"name":"Accueil","item":"https:\/\/fr.motocrossmag.be\/"},{"@type":"ListItem","position":2,"name":"Jago Geerts triomphe devant son public \u00e0 Lommel"}]},{"@type":"WebSite","@id":"https:\/\/fr.motocrossmag.be\/#website","url":"https:\/\/fr.motocrossmag.be\/","name":"Motocross - Enduro - Supermoto | MotocrossMag","description":"L&#039;actualit\u00e9 du motocross, de l&#039;enduro et du Supermoto en ligne!","potentialAction":[{"@type":"SearchAction","target":{"@type":"EntryPoint","urlTemplate":"https:\/\/fr.motocrossmag.be\/?s={search_term_string}"},"query-input":{"@type":"PropertyValueSpecification","valueRequired":true,"valueName":"search_term_string"}}],"inLanguage":"fr-FR"},{"@type":"Person","@id":"https:\/\/fr.motocrossmag.be\/#\/schema\/person\/11b47143d9f755babca2c9110e03235c","name":"oliviere","image":{"@type":"ImageObject","inLanguage":"fr-FR","@id":"https:\/\/secure.gravatar.com\/avatar\/907069e0b81d119452040469e4a7501da1100f54f7f80180ce77bfab718288f6?s=96&d=mm&r=g","url":"https:\/\/secure.gravatar.com\/avatar\/907069e0b81d119452040469e4a7501da1100f54f7f80180ce77bfab718288f6?s=96&d=mm&r=g","contentUrl":"https:\/\/secure.gravatar.com\/avatar\/907069e0b81d119452040469e4a7501da1100f54f7f80180ce77bfab718288f6?s=96&d=mm&r=g","caption":"oliviere"},"sameAs":["http:\/\/www.motocrossmag.be"],"url":"https:\/\/fr.motocrossmag.be\/index.php\/author\/oliviere\/"}]}},"_links":{"self":[{"href":"https:\/\/fr.motocrossmag.be\/index.php\/wp-json\/wp\/v2\/posts\/118871","targetHints":{"allow":["GET"]}}],"collection":[{"href":"https:\/\/fr.motocrossmag.be\/index.php\/wp-json\/wp\/v2\/posts"}],"about":[{"href":"https:\/\/fr.motocrossmag.be\/index.php\/wp-json\/wp\/v2\/types\/post"}],"author":[{"embeddable":true,"href":"https:\/\/fr.motocrossmag.be\/index.php\/wp-json\/wp\/v2\/users\/932"}],"replies":[{"embeddable":true,"href":"https:\/\/fr.motocrossmag.be\/index.php\/wp-json\/wp\/v2\/comments?post=118871"}],"version-history":[{"count":0,"href":"https:\/\/fr.motocrossmag.be\/index.php\/wp-json\/wp\/v2\/posts\/118871\/revisions"}],"wp:featuredmedia":[{"embeddable":true,"href":"https:\/\/fr.motocrossmag.be\/index.php\/wp-json\/wp\/v2\/media\/118872"}],"wp:attachment":[{"href":"https:\/\/fr.motocrossmag.be\/index.php\/wp-json\/wp\/v2\/media?parent=118871"}],"wp:term":[{"taxonomy":"category","embeddable":true,"href":"https:\/\/fr.motocrossmag.be\/index.php\/wp-json\/wp\/v2\/categories?post=118871"},{"taxonomy":"post_tag","embeddable":true,"href":"https:\/\/fr.motocrossmag.be\/index.php\/wp-json\/wp\/v2\/tags?post=118871"}],"curies":[{"name":"wp","href":"https:\/\/api.w.org\/{rel}","templated":true}]}}