{"id":119028,"date":"2022-07-25T18:44:14","date_gmt":"2022-07-25T16:44:14","guid":{"rendered":"http:\/\/fr.motocrossmag.be\/?p=119028"},"modified":"2022-07-28T06:05:28","modified_gmt":"2022-07-28T04:05:28","slug":"jago-geert-lommel-etait-une-course-importante-dans-la-course-au-titre","status":"publish","type":"post","link":"https:\/\/fr.motocrossmag.be\/index.php\/2022\/07\/jago-geert-lommel-etait-une-course-importante-dans-la-course-au-titre\/","title":{"rendered":"Jago Geerts : \u00ab\u00a0Lommel \u00e9tait une course importante dans la course au titre\u00a0\u00bb"},"content":{"rendered":"<p><strong>On avait le coeur \u00e0 la f\u00eate ce week-end \u00e0 Lommel dans le clan du team officiel Yamaha MX2, manag\u00e9 par Hans Corvers. Non seulement, notre compatriote f\u00eatait 25 ans de collaboration avec les Bleus mais il a aussi pu se r\u00e9jouir de la victoire de son prot\u00e9g\u00e9 Jago Geerts qui a par la m\u00eame occasion confort\u00e9 sensiblement son leadership au classement provisoire MX2. Arriv\u00e9 \u00e0 Lommel avec 8 points d&rsquo;avance sur Tom Vialle, le Belge en repart avec 15 de plus, soit 23 unit\u00e9s. Un avantage qui devient confortable alors que seuls quatre GP sont encore \u00e0 disputer.<\/strong><\/p>\n<p>\u00ab\u00a0Lommel, c&rsquo;est toujours une course difficile\u00a0\u00bb, r\u00e9agit Jago Geerts au soir de son succ\u00e8s face \u00e0 son public. \u00ab\u00a0Et ce week-end n&rsquo;a pas fait exception \u00e0 la r\u00e8gle, cela n&rsquo;a vraiment pas \u00e9t\u00e9 facile. Mais c&rsquo;\u00e9tait un super week-end pour moi. J&rsquo;ai pu partir par deux fois en t\u00eate, ce qui m&rsquo;a rendu la t\u00e2che plus facile. Dans la premi\u00e8re manche, Day De Wolf \u00e9tait vraiment tr\u00e8s rapide et j&rsquo;ai pr\u00e9f\u00e9r\u00e9 me contenter de la seconde place. Dans la deuxi\u00e8me manche, je me sentais vraiment bien et j&rsquo;ai pu imprimer mon propre rythme \u00e0 la course, me concentrer sur mon pilotage. Je savais que la course serait longue. Cette course \u00e9tait vraiment importante dans le cadre de la course au titre. Prendre des points d&rsquo;avance suppl\u00e9mentaires \u00e0 ce moment de la saison \u00e9tait mon objectif, je l&rsquo;ai atteint et je suis donc tr\u00e8s heureux de cela.\u00a0\u00bb<\/p>\n","protected":false},"excerpt":{"rendered":"<p>On avait le coeur \u00e0 la f\u00eate ce week-end \u00e0 Lommel dans le clan du team officiel Yamaha MX2, manag\u00e9 par Hans Corvers. Non seulement, notre compatriote f\u00eatait 25 ans [&#8230;]<\/p>\n","protected":false},"author":932,"featured_media":118919,"comment_status":"open","ping_status":"closed","sticky":false,"template":"","format":"standard","meta":{"footnotes":""},"categories":[54,58,4,6,5,55,65],"tags":[813,284,947,568],"class_list":["post-119028","post","type-post","status-publish","format-standard","has-post-thumbnail","hentry","category-actualite","category-interviews-actualite","category-motocross","category-mx1mx2","category-news","category-news-actualite","category-slideshow","tag-jago-geerts","tag-lommel","tag-motocross","tag-mxgp"],"yoast_head":"<!-- This site is optimized with the Yoast SEO plugin v27.4 - https:\/\/yoast.com\/product\/yoast-seo-wordpress\/ -->\n<title>Jago Geerts : &quot;Lommel \u00e9tait une course importante dans la course au titre&quot; - Motocross - Enduro - Supermoto | MotocrossMag<\/title>\n<meta name=\"robots\" content=\"index, follow, max-snippet:-1, max-image-preview:large, max-video-preview:-1\" \/>\n<link rel=\"canonical\" href=\"https:\/\/fr.motocrossmag.be\/index.php\/2022\/07\/jago-geert-lommel-etait-une-course-importante-dans-la-course-au-titre\/\" \/>\n<meta property=\"og:locale\" content=\"fr_FR\" \/>\n<meta property=\"og:type\" content=\"article\" \/>\n<meta property=\"og:title\" content=\"Jago Geerts : &quot;Lommel \u00e9tait une course importante dans la course au titre&quot; - Motocross - Enduro - Supermoto | MotocrossMag\" \/>\n<meta property=\"og:description\" content=\"On avait le coeur \u00e0 la f\u00eate ce week-end \u00e0 Lommel dans le clan du team officiel Yamaha MX2, manag\u00e9 par Hans Corvers. Non seulement, notre compatriote f\u00eatait 25 ans [...]\" \/>\n<meta property=\"og:url\" content=\"https:\/\/fr.motocrossmag.be\/index.php\/2022\/07\/jago-geert-lommel-etait-une-course-importante-dans-la-course-au-titre\/\" \/>\n<meta property=\"og:site_name\" content=\"Motocross - Enduro - Supermoto | MotocrossMag\" \/>\n<meta property=\"article:published_time\" content=\"2022-07-25T16:44:14+00:00\" \/>\n<meta property=\"article:modified_time\" content=\"2022-07-28T04:05:28+00:00\" \/>\n<meta property=\"og:image\" content=\"https:\/\/fr.motocrossmag.be\/wp-content\/uploads\/2022\/07\/Lommel-43.jpg\" \/>\n\t<meta property=\"og:image:width\" content=\"1000\" \/>\n\t<meta property=\"og:image:height\" content=\"666\" \/>\n\t<meta property=\"og:image:type\" content=\"image\/jpeg\" \/>\n<meta name=\"author\" content=\"oliviere\" \/>\n<meta name=\"twitter:card\" content=\"summary_large_image\" \/>\n<meta name=\"twitter:label1\" content=\"\u00c9crit par\" \/>\n\t<meta name=\"twitter:data1\" content=\"oliviere\" \/>\n\t<meta name=\"twitter:label2\" content=\"Dur\u00e9e de lecture estim\u00e9e\" \/>\n\t<meta name=\"twitter:data2\" content=\"1 minute\" \/>\n<script type=\"application\/ld+json\" class=\"yoast-schema-graph\">{\"@context\":\"https:\\\/\\\/schema.org\",\"@graph\":[{\"@type\":\"Article\",\"@id\":\"https:\\\/\\\/fr.motocrossmag.be\\\/index.php\\\/2022\\\/07\\\/jago-geert-lommel-etait-une-course-importante-dans-la-course-au-titre\\\/#article\",\"isPartOf\":{\"@id\":\"https:\\\/\\\/fr.motocrossmag.be\\\/index.php\\\/2022\\\/07\\\/jago-geert-lommel-etait-une-course-importante-dans-la-course-au-titre\\\/\"},\"author\":{\"name\":\"oliviere\",\"@id\":\"https:\\\/\\\/fr.motocrossmag.be\\\/#\\\/schema\\\/person\\\/11b47143d9f755babca2c9110e03235c\"},\"headline\":\"Jago Geerts : \u00ab\u00a0Lommel \u00e9tait une course importante dans la course au titre\u00a0\u00bb\",\"datePublished\":\"2022-07-25T16:44:14+00:00\",\"dateModified\":\"2022-07-28T04:05:28+00:00\",\"mainEntityOfPage\":{\"@id\":\"https:\\\/\\\/fr.motocrossmag.be\\\/index.php\\\/2022\\\/07\\\/jago-geert-lommel-etait-une-course-importante-dans-la-course-au-titre\\\/\"},\"wordCount\":274,\"commentCount\":0,\"image\":{\"@id\":\"https:\\\/\\\/fr.motocrossmag.be\\\/index.php\\\/2022\\\/07\\\/jago-geert-lommel-etait-une-course-importante-dans-la-course-au-titre\\\/#primaryimage\"},\"thumbnailUrl\":\"https:\\\/\\\/fr.motocrossmag.be\\\/wp-content\\\/uploads\\\/2022\\\/07\\\/Lommel-43.jpg\",\"keywords\":[\"Jago Geerts\",\"Lommel\",\"Motocross\",\"MXGP\"],\"articleSection\":[\"Actualit\u00e9\",\"Interviews -all\",\"Motocross\",\"Motocross MXGP\",\"News\",\"News\",\"Slideshow\"],\"inLanguage\":\"fr-FR\",\"potentialAction\":[{\"@type\":\"CommentAction\",\"name\":\"Comment\",\"target\":[\"https:\\\/\\\/fr.motocrossmag.be\\\/index.php\\\/2022\\\/07\\\/jago-geert-lommel-etait-une-course-importante-dans-la-course-au-titre\\\/#respond\"]}]},{\"@type\":\"WebPage\",\"@id\":\"https:\\\/\\\/fr.motocrossmag.be\\\/index.php\\\/2022\\\/07\\\/jago-geert-lommel-etait-une-course-importante-dans-la-course-au-titre\\\/\",\"url\":\"https:\\\/\\\/fr.motocrossmag.be\\\/index.php\\\/2022\\\/07\\\/jago-geert-lommel-etait-une-course-importante-dans-la-course-au-titre\\\/\",\"name\":\"Jago Geerts : \\\"Lommel \u00e9tait une course importante dans la course au titre\\\" - Motocross - Enduro - Supermoto | MotocrossMag\",\"isPartOf\":{\"@id\":\"https:\\\/\\\/fr.motocrossmag.be\\\/#website\"},\"primaryImageOfPage\":{\"@id\":\"https:\\\/\\\/fr.motocrossmag.be\\\/index.php\\\/2022\\\/07\\\/jago-geert-lommel-etait-une-course-importante-dans-la-course-au-titre\\\/#primaryimage\"},\"image\":{\"@id\":\"https:\\\/\\\/fr.motocrossmag.be\\\/index.php\\\/2022\\\/07\\\/jago-geert-lommel-etait-une-course-importante-dans-la-course-au-titre\\\/#primaryimage\"},\"thumbnailUrl\":\"https:\\\/\\\/fr.motocrossmag.be\\\/wp-content\\\/uploads\\\/2022\\\/07\\\/Lommel-43.jpg\",\"datePublished\":\"2022-07-25T16:44:14+00:00\",\"dateModified\":\"2022-07-28T04:05:28+00:00\",\"author\":{\"@id\":\"https:\\\/\\\/fr.motocrossmag.be\\\/#\\\/schema\\\/person\\\/11b47143d9f755babca2c9110e03235c\"},\"breadcrumb\":{\"@id\":\"https:\\\/\\\/fr.motocrossmag.be\\\/index.php\\\/2022\\\/07\\\/jago-geert-lommel-etait-une-course-importante-dans-la-course-au-titre\\\/#breadcrumb\"},\"inLanguage\":\"fr-FR\",\"potentialAction\":[{\"@type\":\"ReadAction\",\"target\":[\"https:\\\/\\\/fr.motocrossmag.be\\\/index.php\\\/2022\\\/07\\\/jago-geert-lommel-etait-une-course-importante-dans-la-course-au-titre\\\/\"]}]},{\"@type\":\"ImageObject\",\"inLanguage\":\"fr-FR\",\"@id\":\"https:\\\/\\\/fr.motocrossmag.be\\\/index.php\\\/2022\\\/07\\\/jago-geert-lommel-etait-une-course-importante-dans-la-course-au-titre\\\/#primaryimage\",\"url\":\"https:\\\/\\\/fr.motocrossmag.be\\\/wp-content\\\/uploads\\\/2022\\\/07\\\/Lommel-43.jpg\",\"contentUrl\":\"https:\\\/\\\/fr.motocrossmag.be\\\/wp-content\\\/uploads\\\/2022\\\/07\\\/Lommel-43.jpg\",\"width\":\"1000\",\"height\":\"666\"},{\"@type\":\"BreadcrumbList\",\"@id\":\"https:\\\/\\\/fr.motocrossmag.be\\\/index.php\\\/2022\\\/07\\\/jago-geert-lommel-etait-une-course-importante-dans-la-course-au-titre\\\/#breadcrumb\",\"itemListElement\":[{\"@type\":\"ListItem\",\"position\":1,\"name\":\"Accueil\",\"item\":\"https:\\\/\\\/fr.motocrossmag.be\\\/\"},{\"@type\":\"ListItem\",\"position\":2,\"name\":\"Jago Geerts : \u00ab\u00a0Lommel \u00e9tait une course importante dans la course au titre\u00a0\u00bb\"}]},{\"@type\":\"WebSite\",\"@id\":\"https:\\\/\\\/fr.motocrossmag.be\\\/#website\",\"url\":\"https:\\\/\\\/fr.motocrossmag.be\\\/\",\"name\":\"Motocross - Enduro - Supermoto | MotocrossMag\",\"description\":\"L&#039;actualit\u00e9 du motocross, de l&#039;enduro et du Supermoto en ligne!\",\"potentialAction\":[{\"@type\":\"SearchAction\",\"target\":{\"@type\":\"EntryPoint\",\"urlTemplate\":\"https:\\\/\\\/fr.motocrossmag.be\\\/?s={search_term_string}\"},\"query-input\":{\"@type\":\"PropertyValueSpecification\",\"valueRequired\":true,\"valueName\":\"search_term_string\"}}],\"inLanguage\":\"fr-FR\"},{\"@type\":\"Person\",\"@id\":\"https:\\\/\\\/fr.motocrossmag.be\\\/#\\\/schema\\\/person\\\/11b47143d9f755babca2c9110e03235c\",\"name\":\"oliviere\",\"image\":{\"@type\":\"ImageObject\",\"inLanguage\":\"fr-FR\",\"@id\":\"https:\\\/\\\/secure.gravatar.com\\\/avatar\\\/907069e0b81d119452040469e4a7501da1100f54f7f80180ce77bfab718288f6?s=96&d=mm&r=g\",\"url\":\"https:\\\/\\\/secure.gravatar.com\\\/avatar\\\/907069e0b81d119452040469e4a7501da1100f54f7f80180ce77bfab718288f6?s=96&d=mm&r=g\",\"contentUrl\":\"https:\\\/\\\/secure.gravatar.com\\\/avatar\\\/907069e0b81d119452040469e4a7501da1100f54f7f80180ce77bfab718288f6?s=96&d=mm&r=g\",\"caption\":\"oliviere\"},\"sameAs\":[\"http:\\\/\\\/www.motocrossmag.be\"],\"url\":\"https:\\\/\\\/fr.motocrossmag.be\\\/index.php\\\/author\\\/oliviere\\\/\"}]}<\/script>\n<!-- \/ Yoast SEO plugin. -->","yoast_head_json":{"title":"Jago Geerts : \"Lommel \u00e9tait une course importante dans la course au titre\" - Motocross - Enduro - Supermoto | MotocrossMag","robots":{"index":"index","follow":"follow","max-snippet":"max-snippet:-1","max-image-preview":"max-image-preview:large","max-video-preview":"max-video-preview:-1"},"canonical":"https:\/\/fr.motocrossmag.be\/index.php\/2022\/07\/jago-geert-lommel-etait-une-course-importante-dans-la-course-au-titre\/","og_locale":"fr_FR","og_type":"article","og_title":"Jago Geerts : \"Lommel \u00e9tait une course importante dans la course au titre\" - Motocross - Enduro - Supermoto | MotocrossMag","og_description":"On avait le coeur \u00e0 la f\u00eate ce week-end \u00e0 Lommel dans le clan du team officiel Yamaha MX2, manag\u00e9 par Hans Corvers. Non seulement, notre compatriote f\u00eatait 25 ans [...]","og_url":"https:\/\/fr.motocrossmag.be\/index.php\/2022\/07\/jago-geert-lommel-etait-une-course-importante-dans-la-course-au-titre\/","og_site_name":"Motocross - Enduro - Supermoto | MotocrossMag","article_published_time":"2022-07-25T16:44:14+00:00","article_modified_time":"2022-07-28T04:05:28+00:00","og_image":[{"width":1000,"height":666,"url":"https:\/\/fr.motocrossmag.be\/wp-content\/uploads\/2022\/07\/Lommel-43.jpg","type":"image\/jpeg"}],"author":"oliviere","twitter_card":"summary_large_image","twitter_misc":{"\u00c9crit par":"oliviere","Dur\u00e9e de lecture estim\u00e9e":"1 minute"},"schema":{"@context":"https:\/\/schema.org","@graph":[{"@type":"Article","@id":"https:\/\/fr.motocrossmag.be\/index.php\/2022\/07\/jago-geert-lommel-etait-une-course-importante-dans-la-course-au-titre\/#article","isPartOf":{"@id":"https:\/\/fr.motocrossmag.be\/index.php\/2022\/07\/jago-geert-lommel-etait-une-course-importante-dans-la-course-au-titre\/"},"author":{"name":"oliviere","@id":"https:\/\/fr.motocrossmag.be\/#\/schema\/person\/11b47143d9f755babca2c9110e03235c"},"headline":"Jago Geerts : \u00ab\u00a0Lommel \u00e9tait une course importante dans la course au titre\u00a0\u00bb","datePublished":"2022-07-25T16:44:14+00:00","dateModified":"2022-07-28T04:05:28+00:00","mainEntityOfPage":{"@id":"https:\/\/fr.motocrossmag.be\/index.php\/2022\/07\/jago-geert-lommel-etait-une-course-importante-dans-la-course-au-titre\/"},"wordCount":274,"commentCount":0,"image":{"@id":"https:\/\/fr.motocrossmag.be\/index.php\/2022\/07\/jago-geert-lommel-etait-une-course-importante-dans-la-course-au-titre\/#primaryimage"},"thumbnailUrl":"https:\/\/fr.motocrossmag.be\/wp-content\/uploads\/2022\/07\/Lommel-43.jpg","keywords":["Jago Geerts","Lommel","Motocross","MXGP"],"articleSection":["Actualit\u00e9","Interviews -all","Motocross","Motocross MXGP","News","News","Slideshow"],"inLanguage":"fr-FR","potentialAction":[{"@type":"CommentAction","name":"Comment","target":["https:\/\/fr.motocrossmag.be\/index.php\/2022\/07\/jago-geert-lommel-etait-une-course-importante-dans-la-course-au-titre\/#respond"]}]},{"@type":"WebPage","@id":"https:\/\/fr.motocrossmag.be\/index.php\/2022\/07\/jago-geert-lommel-etait-une-course-importante-dans-la-course-au-titre\/","url":"https:\/\/fr.motocrossmag.be\/index.php\/2022\/07\/jago-geert-lommel-etait-une-course-importante-dans-la-course-au-titre\/","name":"Jago Geerts : \"Lommel \u00e9tait une course importante dans la course au titre\" - Motocross - Enduro - Supermoto | MotocrossMag","isPartOf":{"@id":"https:\/\/fr.motocrossmag.be\/#website"},"primaryImageOfPage":{"@id":"https:\/\/fr.motocrossmag.be\/index.php\/2022\/07\/jago-geert-lommel-etait-une-course-importante-dans-la-course-au-titre\/#primaryimage"},"image":{"@id":"https:\/\/fr.motocrossmag.be\/index.php\/2022\/07\/jago-geert-lommel-etait-une-course-importante-dans-la-course-au-titre\/#primaryimage"},"thumbnailUrl":"https:\/\/fr.motocrossmag.be\/wp-content\/uploads\/2022\/07\/Lommel-43.jpg","datePublished":"2022-07-25T16:44:14+00:00","dateModified":"2022-07-28T04:05:28+00:00","author":{"@id":"https:\/\/fr.motocrossmag.be\/#\/schema\/person\/11b47143d9f755babca2c9110e03235c"},"breadcrumb":{"@id":"https:\/\/fr.motocrossmag.be\/index.php\/2022\/07\/jago-geert-lommel-etait-une-course-importante-dans-la-course-au-titre\/#breadcrumb"},"inLanguage":"fr-FR","potentialAction":[{"@type":"ReadAction","target":["https:\/\/fr.motocrossmag.be\/index.php\/2022\/07\/jago-geert-lommel-etait-une-course-importante-dans-la-course-au-titre\/"]}]},{"@type":"ImageObject","inLanguage":"fr-FR","@id":"https:\/\/fr.motocrossmag.be\/index.php\/2022\/07\/jago-geert-lommel-etait-une-course-importante-dans-la-course-au-titre\/#primaryimage","url":"https:\/\/fr.motocrossmag.be\/wp-content\/uploads\/2022\/07\/Lommel-43.jpg","contentUrl":"https:\/\/fr.motocrossmag.be\/wp-content\/uploads\/2022\/07\/Lommel-43.jpg","width":"1000","height":"666"},{"@type":"BreadcrumbList","@id":"https:\/\/fr.motocrossmag.be\/index.php\/2022\/07\/jago-geert-lommel-etait-une-course-importante-dans-la-course-au-titre\/#breadcrumb","itemListElement":[{"@type":"ListItem","position":1,"name":"Accueil","item":"https:\/\/fr.motocrossmag.be\/"},{"@type":"ListItem","position":2,"name":"Jago Geerts : \u00ab\u00a0Lommel \u00e9tait une course importante dans la course au titre\u00a0\u00bb"}]},{"@type":"WebSite","@id":"https:\/\/fr.motocrossmag.be\/#website","url":"https:\/\/fr.motocrossmag.be\/","name":"Motocross - Enduro - Supermoto | MotocrossMag","description":"L&#039;actualit\u00e9 du motocross, de l&#039;enduro et du Supermoto en ligne!","potentialAction":[{"@type":"SearchAction","target":{"@type":"EntryPoint","urlTemplate":"https:\/\/fr.motocrossmag.be\/?s={search_term_string}"},"query-input":{"@type":"PropertyValueSpecification","valueRequired":true,"valueName":"search_term_string"}}],"inLanguage":"fr-FR"},{"@type":"Person","@id":"https:\/\/fr.motocrossmag.be\/#\/schema\/person\/11b47143d9f755babca2c9110e03235c","name":"oliviere","image":{"@type":"ImageObject","inLanguage":"fr-FR","@id":"https:\/\/secure.gravatar.com\/avatar\/907069e0b81d119452040469e4a7501da1100f54f7f80180ce77bfab718288f6?s=96&d=mm&r=g","url":"https:\/\/secure.gravatar.com\/avatar\/907069e0b81d119452040469e4a7501da1100f54f7f80180ce77bfab718288f6?s=96&d=mm&r=g","contentUrl":"https:\/\/secure.gravatar.com\/avatar\/907069e0b81d119452040469e4a7501da1100f54f7f80180ce77bfab718288f6?s=96&d=mm&r=g","caption":"oliviere"},"sameAs":["http:\/\/www.motocrossmag.be"],"url":"https:\/\/fr.motocrossmag.be\/index.php\/author\/oliviere\/"}]}},"_links":{"self":[{"href":"https:\/\/fr.motocrossmag.be\/index.php\/wp-json\/wp\/v2\/posts\/119028","targetHints":{"allow":["GET"]}}],"collection":[{"href":"https:\/\/fr.motocrossmag.be\/index.php\/wp-json\/wp\/v2\/posts"}],"about":[{"href":"https:\/\/fr.motocrossmag.be\/index.php\/wp-json\/wp\/v2\/types\/post"}],"author":[{"embeddable":true,"href":"https:\/\/fr.motocrossmag.be\/index.php\/wp-json\/wp\/v2\/users\/932"}],"replies":[{"embeddable":true,"href":"https:\/\/fr.motocrossmag.be\/index.php\/wp-json\/wp\/v2\/comments?post=119028"}],"version-history":[{"count":0,"href":"https:\/\/fr.motocrossmag.be\/index.php\/wp-json\/wp\/v2\/posts\/119028\/revisions"}],"wp:featuredmedia":[{"embeddable":true,"href":"https:\/\/fr.motocrossmag.be\/index.php\/wp-json\/wp\/v2\/media\/118919"}],"wp:attachment":[{"href":"https:\/\/fr.motocrossmag.be\/index.php\/wp-json\/wp\/v2\/media?parent=119028"}],"wp:term":[{"taxonomy":"category","embeddable":true,"href":"https:\/\/fr.motocrossmag.be\/index.php\/wp-json\/wp\/v2\/categories?post=119028"},{"taxonomy":"post_tag","embeddable":true,"href":"https:\/\/fr.motocrossmag.be\/index.php\/wp-json\/wp\/v2\/tags?post=119028"}],"curies":[{"name":"wp","href":"https:\/\/api.w.org\/{rel}","templated":true}]}}