{"id":119200,"date":"2022-07-31T07:23:01","date_gmt":"2022-07-31T05:23:01","guid":{"rendered":"http:\/\/fr.motocrossmag.be\/?p=119200"},"modified":"2022-07-31T07:52:53","modified_gmt":"2022-07-31T05:52:53","slug":"namur-on-a-celebre-le-75eme-anniversaire-du-motocross-de-la-citadelle","status":"publish","type":"post","link":"https:\/\/fr.motocrossmag.be\/index.php\/2022\/07\/namur-on-a-celebre-le-75eme-anniversaire-du-motocross-de-la-citadelle\/","title":{"rendered":"Namur : on a c\u00e9l\u00e9br\u00e9 le 75\u00e8me anniversaire du motocross de la citadelle"},"content":{"rendered":"<p><strong>Ce samedi, on a c\u00e9l\u00e9br\u00e9 en pr\u00e9sence d&rsquo;anciens champions, comme Jo\u00ebl Smets, Jacky Martens ou Roger De Coster, et de repr\u00e9sentants politiques namurois les 75 ans de la premi\u00e8re organisation d&rsquo;un motocross sur la citadelle de Namur. De 1947 \u00e0 2007, la capitale wallonne a accueilli une \u00e9preuve du championnat du monde de motocross et restera dans l&rsquo;histoire de la discipline comme le lieu sans doute le plus embl\u00e9matique du motocross mondial.<\/strong><\/p>\n<p>Ce dimanche, Namur reste au centre de l&rsquo;attention des passionn\u00e9s du motocross \u00e0 l&rsquo;ancienne puisque \u00e0 quelques encablures du centre ville se dispute l&rsquo;\u00e9dition 2022 de Namur Legend.<\/p>\n<p>Photos : Ludo Vanwiddingen &amp; Manu Jacques<\/p>\n<div class=\"rgg-container\" data-rgg-id=\"1\">    <div class=\"rgg-imagegrid captions-title captions-effect-none \" data-rgg-id=\"1\">\n                    <a data-rel=\"iLightbox[postimages]\" data-title=\"DSC_0008-min\" data-caption=\"\" href=\"https:\/\/fr.motocrossmag.be\/wp-content\/uploads\/2022\/07\/DSC_0008-min.jpg\" data-rel=\"rgg\" rel=\"rgg\" title=\"\" class=\"rgg-disabled size-medium rgg-img\" data-src=\"https:\/\/fr.motocrossmag.be\/wp-content\/uploads\/2022\/07\/DSC_0008-min-650x432.jpg\" data-ratio=\"1.5046296296296\" data-height=\"432\" data-width=\"650\" aria-label=\"\">\n                            <\/a>\n                    <a data-rel=\"iLightbox[postimages]\" data-title=\"S\u00e9lection Namur Legend 30072022 17\" data-caption=\"\" href=\"https:\/\/fr.motocrossmag.be\/wp-content\/uploads\/2022\/07\/S\u00e9lection-Namur-Legend-30072022-17.jpg\" data-rel=\"rgg\" rel=\"rgg\" title=\"\" class=\"rgg-disabled size-medium rgg-img\" data-src=\"https:\/\/fr.motocrossmag.be\/wp-content\/uploads\/2022\/07\/S\u00e9lection-Namur-Legend-30072022-17-650x435.jpg\" data-ratio=\"1.4942528735632\" data-height=\"435\" data-width=\"650\" aria-label=\"\">\n                            <\/a>\n                    <a data-rel=\"iLightbox[postimages]\" data-title=\"S\u00e9lection Namur Legend 30072022 13\" data-caption=\"\" href=\"https:\/\/fr.motocrossmag.be\/wp-content\/uploads\/2022\/07\/S\u00e9lection-Namur-Legend-30072022-13.jpg\" data-rel=\"rgg\" rel=\"rgg\" title=\"\" class=\"rgg-disabled size-medium rgg-img\" data-src=\"https:\/\/fr.motocrossmag.be\/wp-content\/uploads\/2022\/07\/S\u00e9lection-Namur-Legend-30072022-13-650x435.jpg\" data-ratio=\"1.4942528735632\" data-height=\"435\" data-width=\"650\" aria-label=\"\">\n                            <\/a>\n                    <a data-rel=\"iLightbox[postimages]\" data-title=\"S\u00e9lection Namur Legend 30072022 45\" data-caption=\"\" href=\"https:\/\/fr.motocrossmag.be\/wp-content\/uploads\/2022\/07\/S\u00e9lection-Namur-Legend-30072022-45.jpg\" data-rel=\"rgg\" rel=\"rgg\" title=\"\" class=\"rgg-disabled size-medium rgg-img\" data-src=\"https:\/\/fr.motocrossmag.be\/wp-content\/uploads\/2022\/07\/S\u00e9lection-Namur-Legend-30072022-45-650x435.jpg\" data-ratio=\"1.4942528735632\" data-height=\"435\" data-width=\"650\" aria-label=\"\">\n                            <\/a>\n                    <a data-rel=\"iLightbox[postimages]\" data-title=\"S\u00e9lection Namur Legend 30072022 51\" data-caption=\"\" href=\"https:\/\/fr.motocrossmag.be\/wp-content\/uploads\/2022\/07\/S\u00e9lection-Namur-Legend-30072022-51.jpg\" data-rel=\"rgg\" rel=\"rgg\" title=\"\" class=\"rgg-disabled size-medium rgg-img\" data-src=\"https:\/\/fr.motocrossmag.be\/wp-content\/uploads\/2022\/07\/S\u00e9lection-Namur-Legend-30072022-51-650x435.jpg\" data-ratio=\"1.4942528735632\" data-height=\"435\" data-width=\"650\" aria-label=\"\">\n                            <\/a>\n                    <a data-rel=\"iLightbox[postimages]\" data-title=\"DSC_0156\" data-caption=\"\" href=\"https:\/\/fr.motocrossmag.be\/wp-content\/uploads\/2022\/07\/DSC_0156.jpg\" data-rel=\"rgg\" rel=\"rgg\" title=\"\" class=\"rgg-disabled size-medium rgg-img\" data-src=\"https:\/\/fr.motocrossmag.be\/wp-content\/uploads\/2022\/07\/DSC_0156-650x432.jpg\" data-ratio=\"1.5046296296296\" data-height=\"432\" data-width=\"650\" aria-label=\"\">\n                            <\/a>\n                    <a data-rel=\"iLightbox[postimages]\" data-title=\"S\u00e9lection Namur Legend 30072022 36\" data-caption=\"\" href=\"https:\/\/fr.motocrossmag.be\/wp-content\/uploads\/2022\/07\/S\u00e9lection-Namur-Legend-30072022-36.jpg\" data-rel=\"rgg\" rel=\"rgg\" title=\"\" class=\"rgg-disabled size-medium rgg-img\" data-src=\"https:\/\/fr.motocrossmag.be\/wp-content\/uploads\/2022\/07\/S\u00e9lection-Namur-Legend-30072022-36-650x435.jpg\" data-ratio=\"1.4942528735632\" data-height=\"435\" data-width=\"650\" aria-label=\"\">\n                            <\/a>\n                    <a data-rel=\"iLightbox[postimages]\" data-title=\"S\u00e9lection Namur Legend 30072022 43\" data-caption=\"\" href=\"https:\/\/fr.motocrossmag.be\/wp-content\/uploads\/2022\/07\/S\u00e9lection-Namur-Legend-30072022-43.jpg\" data-rel=\"rgg\" rel=\"rgg\" title=\"\" class=\"rgg-disabled size-medium rgg-img\" data-src=\"https:\/\/fr.motocrossmag.be\/wp-content\/uploads\/2022\/07\/S\u00e9lection-Namur-Legend-30072022-43-650x435.jpg\" data-ratio=\"1.4942528735632\" data-height=\"435\" data-width=\"650\" aria-label=\"\">\n                            <\/a>\n                    <a data-rel=\"iLightbox[postimages]\" data-title=\"DSC_0165\" data-caption=\"\" href=\"https:\/\/fr.motocrossmag.be\/wp-content\/uploads\/2022\/07\/DSC_0165-1.jpg\" data-rel=\"rgg\" rel=\"rgg\" title=\"\" class=\"rgg-disabled size-medium rgg-img\" data-src=\"https:\/\/fr.motocrossmag.be\/wp-content\/uploads\/2022\/07\/DSC_0165-1-650x432.jpg\" data-ratio=\"1.5046296296296\" data-height=\"432\" data-width=\"650\" aria-label=\"\">\n                            <\/a>\n                    <a data-rel=\"iLightbox[postimages]\" data-title=\"DSC_0176\" data-caption=\"\" href=\"https:\/\/fr.motocrossmag.be\/wp-content\/uploads\/2022\/07\/DSC_0176.jpg\" data-rel=\"rgg\" rel=\"rgg\" title=\"\" class=\"rgg-disabled size-medium rgg-img\" data-src=\"https:\/\/fr.motocrossmag.be\/wp-content\/uploads\/2022\/07\/DSC_0176-650x432.jpg\" data-ratio=\"1.5046296296296\" data-height=\"432\" data-width=\"650\" aria-label=\"\">\n                            <\/a>\n                    <a data-rel=\"iLightbox[postimages]\" data-title=\"DSC_0010-min\" data-caption=\"\" href=\"https:\/\/fr.motocrossmag.be\/wp-content\/uploads\/2022\/07\/DSC_0010-min.jpg\" data-rel=\"rgg\" rel=\"rgg\" title=\"\" class=\"rgg-disabled size-medium rgg-img\" data-src=\"https:\/\/fr.motocrossmag.be\/wp-content\/uploads\/2022\/07\/DSC_0010-min-650x432.jpg\" data-ratio=\"1.5046296296296\" data-height=\"432\" data-width=\"650\" aria-label=\"\">\n                            <\/a>\n                    <a data-rel=\"iLightbox[postimages]\" data-title=\"DSC_0011-min\" data-caption=\"\" href=\"https:\/\/fr.motocrossmag.be\/wp-content\/uploads\/2022\/07\/DSC_0011-min.jpg\" data-rel=\"rgg\" rel=\"rgg\" title=\"\" class=\"rgg-disabled size-medium rgg-img\" data-src=\"https:\/\/fr.motocrossmag.be\/wp-content\/uploads\/2022\/07\/DSC_0011-min-650x432.jpg\" data-ratio=\"1.5046296296296\" data-height=\"432\" data-width=\"650\" aria-label=\"\">\n                            <\/a>\n                    <a data-rel=\"iLightbox[postimages]\" data-title=\"DSC_0012-min\" data-caption=\"\" href=\"https:\/\/fr.motocrossmag.be\/wp-content\/uploads\/2022\/07\/DSC_0012-min.jpg\" data-rel=\"rgg\" rel=\"rgg\" title=\"\" class=\"rgg-disabled size-medium rgg-img\" data-src=\"https:\/\/fr.motocrossmag.be\/wp-content\/uploads\/2022\/07\/DSC_0012-min-650x432.jpg\" data-ratio=\"1.5046296296296\" data-height=\"432\" data-width=\"650\" aria-label=\"\">\n                            <\/a>\n                    <a data-rel=\"iLightbox[postimages]\" data-title=\"DSC_0013-min\" data-caption=\"\" href=\"https:\/\/fr.motocrossmag.be\/wp-content\/uploads\/2022\/07\/DSC_0013-min.jpg\" data-rel=\"rgg\" rel=\"rgg\" title=\"\" class=\"rgg-disabled size-medium rgg-img\" data-src=\"https:\/\/fr.motocrossmag.be\/wp-content\/uploads\/2022\/07\/DSC_0013-min-650x432.jpg\" data-ratio=\"1.5046296296296\" data-height=\"432\" data-width=\"650\" aria-label=\"\">\n                            <\/a>\n                    <a data-rel=\"iLightbox[postimages]\" data-title=\"DSC_0014-min\" data-caption=\"\" href=\"https:\/\/fr.motocrossmag.be\/wp-content\/uploads\/2022\/07\/DSC_0014-min.jpg\" data-rel=\"rgg\" rel=\"rgg\" title=\"\" class=\"rgg-disabled size-medium rgg-img\" data-src=\"https:\/\/fr.motocrossmag.be\/wp-content\/uploads\/2022\/07\/DSC_0014-min-650x432.jpg\" data-ratio=\"1.5046296296296\" data-height=\"432\" data-width=\"650\" aria-label=\"\">\n                            <\/a>\n                    <a data-rel=\"iLightbox[postimages]\" data-title=\"DSC_0015-min\" data-caption=\"\" href=\"https:\/\/fr.motocrossmag.be\/wp-content\/uploads\/2022\/07\/DSC_0015-min.jpg\" data-rel=\"rgg\" rel=\"rgg\" title=\"\" class=\"rgg-disabled size-medium rgg-img\" data-src=\"https:\/\/fr.motocrossmag.be\/wp-content\/uploads\/2022\/07\/DSC_0015-min-650x432.jpg\" data-ratio=\"1.5046296296296\" data-height=\"432\" data-width=\"650\" aria-label=\"\">\n                            <\/a>\n                    <a data-rel=\"iLightbox[postimages]\" data-title=\"DSC_0016-min\" data-caption=\"\" href=\"https:\/\/fr.motocrossmag.be\/wp-content\/uploads\/2022\/07\/DSC_0016-min.jpg\" data-rel=\"rgg\" rel=\"rgg\" title=\"\" class=\"rgg-disabled size-medium rgg-img\" data-src=\"https:\/\/fr.motocrossmag.be\/wp-content\/uploads\/2022\/07\/DSC_0016-min-650x432.jpg\" data-ratio=\"1.5046296296296\" data-height=\"432\" data-width=\"650\" aria-label=\"\">\n                            <\/a>\n                    <a data-rel=\"iLightbox[postimages]\" data-title=\"DSC_0162\" data-caption=\"\" href=\"https:\/\/fr.motocrossmag.be\/wp-content\/uploads\/2022\/07\/DSC_0162.jpg\" data-rel=\"rgg\" rel=\"rgg\" title=\"\" class=\"rgg-disabled size-medium rgg-img\" data-src=\"https:\/\/fr.motocrossmag.be\/wp-content\/uploads\/2022\/07\/DSC_0162-650x432.jpg\" data-ratio=\"1.5046296296296\" data-height=\"432\" data-width=\"650\" aria-label=\"\">\n                            <\/a>\n                    <a data-rel=\"iLightbox[postimages]\" data-title=\"DSC_0017-min\" data-caption=\"\" href=\"https:\/\/fr.motocrossmag.be\/wp-content\/uploads\/2022\/07\/DSC_0017-min.jpg\" data-rel=\"rgg\" rel=\"rgg\" title=\"\" class=\"rgg-disabled size-medium rgg-img\" data-src=\"https:\/\/fr.motocrossmag.be\/wp-content\/uploads\/2022\/07\/DSC_0017-min-650x432.jpg\" data-ratio=\"1.5046296296296\" data-height=\"432\" data-width=\"650\" aria-label=\"\">\n                            <\/a>\n                    <a data-rel=\"iLightbox[postimages]\" data-title=\"DSC_0018-min\" data-caption=\"\" href=\"https:\/\/fr.motocrossmag.be\/wp-content\/uploads\/2022\/07\/DSC_0018-min.jpg\" data-rel=\"rgg\" rel=\"rgg\" title=\"\" class=\"rgg-disabled size-medium rgg-img\" data-src=\"https:\/\/fr.motocrossmag.be\/wp-content\/uploads\/2022\/07\/DSC_0018-min-650x432.jpg\" data-ratio=\"1.5046296296296\" data-height=\"432\" data-width=\"650\" aria-label=\"\">\n                            <\/a>\n                    <a data-rel=\"iLightbox[postimages]\" data-title=\"DSC_0020-min\" data-caption=\"\" href=\"https:\/\/fr.motocrossmag.be\/wp-content\/uploads\/2022\/07\/DSC_0020-min.jpg\" data-rel=\"rgg\" rel=\"rgg\" title=\"\" class=\"rgg-disabled size-medium rgg-img\" data-src=\"https:\/\/fr.motocrossmag.be\/wp-content\/uploads\/2022\/07\/DSC_0020-min-650x432.jpg\" data-ratio=\"1.5046296296296\" data-height=\"432\" data-width=\"650\" aria-label=\"\">\n                            <\/a>\n                    <a data-rel=\"iLightbox[postimages]\" data-title=\"DSC_0021-min\" data-caption=\"\" href=\"https:\/\/fr.motocrossmag.be\/wp-content\/uploads\/2022\/07\/DSC_0021-min.jpg\" data-rel=\"rgg\" rel=\"rgg\" title=\"\" class=\"rgg-disabled size-medium rgg-img\" data-src=\"https:\/\/fr.motocrossmag.be\/wp-content\/uploads\/2022\/07\/DSC_0021-min-650x432.jpg\" data-ratio=\"1.5046296296296\" data-height=\"432\" data-width=\"650\" aria-label=\"\">\n                            <\/a>\n                    <a data-rel=\"iLightbox[postimages]\" data-title=\"DSC_0022-min\" data-caption=\"\" href=\"https:\/\/fr.motocrossmag.be\/wp-content\/uploads\/2022\/07\/DSC_0022-min.jpg\" data-rel=\"rgg\" rel=\"rgg\" title=\"\" class=\"rgg-disabled size-medium rgg-img\" data-src=\"https:\/\/fr.motocrossmag.be\/wp-content\/uploads\/2022\/07\/DSC_0022-min-650x432.jpg\" data-ratio=\"1.5046296296296\" data-height=\"432\" data-width=\"650\" aria-label=\"\">\n                            <\/a>\n                    <a data-rel=\"iLightbox[postimages]\" data-title=\"DSC_0023-min\" data-caption=\"\" href=\"https:\/\/fr.motocrossmag.be\/wp-content\/uploads\/2022\/07\/DSC_0023-min.jpg\" data-rel=\"rgg\" rel=\"rgg\" title=\"\" class=\"rgg-disabled size-medium rgg-img\" data-src=\"https:\/\/fr.motocrossmag.be\/wp-content\/uploads\/2022\/07\/DSC_0023-min-650x432.jpg\" data-ratio=\"1.5046296296296\" data-height=\"432\" data-width=\"650\" aria-label=\"\">\n                            <\/a>\n                    <a data-rel=\"iLightbox[postimages]\" data-title=\"DSC_0024-min\" data-caption=\"\" href=\"https:\/\/fr.motocrossmag.be\/wp-content\/uploads\/2022\/07\/DSC_0024-min.jpg\" data-rel=\"rgg\" rel=\"rgg\" title=\"\" class=\"rgg-disabled size-medium rgg-img\" data-src=\"https:\/\/fr.motocrossmag.be\/wp-content\/uploads\/2022\/07\/DSC_0024-min-650x432.jpg\" data-ratio=\"1.5046296296296\" data-height=\"432\" data-width=\"650\" aria-label=\"\">\n                            <\/a>\n                    <a data-rel=\"iLightbox[postimages]\" data-title=\"DSC_0025-min\" data-caption=\"\" href=\"https:\/\/fr.motocrossmag.be\/wp-content\/uploads\/2022\/07\/DSC_0025-min.jpg\" data-rel=\"rgg\" rel=\"rgg\" title=\"\" class=\"rgg-disabled size-medium rgg-img\" data-src=\"https:\/\/fr.motocrossmag.be\/wp-content\/uploads\/2022\/07\/DSC_0025-min-650x432.jpg\" data-ratio=\"1.5046296296296\" data-height=\"432\" data-width=\"650\" aria-label=\"\">\n                            <\/a>\n                    <a data-rel=\"iLightbox[postimages]\" data-title=\"DSC_0026-min\" data-caption=\"\" href=\"https:\/\/fr.motocrossmag.be\/wp-content\/uploads\/2022\/07\/DSC_0026-min.jpg\" data-rel=\"rgg\" rel=\"rgg\" title=\"\" class=\"rgg-disabled size-medium rgg-img\" data-src=\"https:\/\/fr.motocrossmag.be\/wp-content\/uploads\/2022\/07\/DSC_0026-min-650x432.jpg\" data-ratio=\"1.5046296296296\" data-height=\"432\" data-width=\"650\" aria-label=\"\">\n                            <\/a>\n                    <a data-rel=\"iLightbox[postimages]\" data-title=\"DSC_0027-min\" data-caption=\"\" href=\"https:\/\/fr.motocrossmag.be\/wp-content\/uploads\/2022\/07\/DSC_0027-min.jpg\" data-rel=\"rgg\" rel=\"rgg\" title=\"\" class=\"rgg-disabled size-medium rgg-img\" data-src=\"https:\/\/fr.motocrossmag.be\/wp-content\/uploads\/2022\/07\/DSC_0027-min-650x432.jpg\" data-ratio=\"1.5046296296296\" data-height=\"432\" data-width=\"650\" aria-label=\"\">\n                            <\/a>\n                    <a data-rel=\"iLightbox[postimages]\" data-title=\"DSC_0028-min\" data-caption=\"\" href=\"https:\/\/fr.motocrossmag.be\/wp-content\/uploads\/2022\/07\/DSC_0028-min.jpg\" data-rel=\"rgg\" rel=\"rgg\" title=\"\" class=\"rgg-disabled size-medium rgg-img\" data-src=\"https:\/\/fr.motocrossmag.be\/wp-content\/uploads\/2022\/07\/DSC_0028-min-650x432.jpg\" data-ratio=\"1.5046296296296\" data-height=\"432\" data-width=\"650\" aria-label=\"\">\n                            <\/a>\n                    <a data-rel=\"iLightbox[postimages]\" data-title=\"DSC_0029-min\" data-caption=\"\" href=\"https:\/\/fr.motocrossmag.be\/wp-content\/uploads\/2022\/07\/DSC_0029-min.jpg\" data-rel=\"rgg\" rel=\"rgg\" title=\"\" class=\"rgg-disabled size-medium rgg-img\" data-src=\"https:\/\/fr.motocrossmag.be\/wp-content\/uploads\/2022\/07\/DSC_0029-min-650x432.jpg\" data-ratio=\"1.5046296296296\" data-height=\"432\" data-width=\"650\" aria-label=\"\">\n                            <\/a>\n                    <a data-rel=\"iLightbox[postimages]\" data-title=\"DSC_0030-min\" data-caption=\"\" href=\"https:\/\/fr.motocrossmag.be\/wp-content\/uploads\/2022\/07\/DSC_0030-min.jpg\" data-rel=\"rgg\" rel=\"rgg\" title=\"\" class=\"rgg-disabled size-medium rgg-img\" data-src=\"https:\/\/fr.motocrossmag.be\/wp-content\/uploads\/2022\/07\/DSC_0030-min-650x432.jpg\" data-ratio=\"1.5046296296296\" data-height=\"432\" data-width=\"650\" aria-label=\"\">\n                            <\/a>\n                    <a data-rel=\"iLightbox[postimages]\" data-title=\"DSC_0031-min\" data-caption=\"\" href=\"https:\/\/fr.motocrossmag.be\/wp-content\/uploads\/2022\/07\/DSC_0031-min.jpg\" data-rel=\"rgg\" rel=\"rgg\" title=\"\" class=\"rgg-disabled size-medium rgg-img\" data-src=\"https:\/\/fr.motocrossmag.be\/wp-content\/uploads\/2022\/07\/DSC_0031-min-650x432.jpg\" data-ratio=\"1.5046296296296\" data-height=\"432\" data-width=\"650\" aria-label=\"\">\n                            <\/a>\n                    <a data-rel=\"iLightbox[postimages]\" data-title=\"DSC_0032-min\" data-caption=\"\" href=\"https:\/\/fr.motocrossmag.be\/wp-content\/uploads\/2022\/07\/DSC_0032-min.jpg\" data-rel=\"rgg\" rel=\"rgg\" title=\"\" class=\"rgg-disabled size-medium rgg-img\" data-src=\"https:\/\/fr.motocrossmag.be\/wp-content\/uploads\/2022\/07\/DSC_0032-min-650x432.jpg\" data-ratio=\"1.5046296296296\" data-height=\"432\" data-width=\"650\" aria-label=\"\">\n                            <\/a>\n                    <a data-rel=\"iLightbox[postimages]\" data-title=\"DSC_0033-min\" data-caption=\"\" href=\"https:\/\/fr.motocrossmag.be\/wp-content\/uploads\/2022\/07\/DSC_0033-min.jpg\" data-rel=\"rgg\" rel=\"rgg\" title=\"\" class=\"rgg-disabled size-medium rgg-img\" data-src=\"https:\/\/fr.motocrossmag.be\/wp-content\/uploads\/2022\/07\/DSC_0033-min-650x432.jpg\" data-ratio=\"1.5046296296296\" data-height=\"432\" data-width=\"650\" aria-label=\"\">\n                            <\/a>\n                    <a data-rel=\"iLightbox[postimages]\" data-title=\"DSC_0034-min\" data-caption=\"\" href=\"https:\/\/fr.motocrossmag.be\/wp-content\/uploads\/2022\/07\/DSC_0034-min.jpg\" data-rel=\"rgg\" rel=\"rgg\" title=\"\" class=\"rgg-disabled size-medium rgg-img\" data-src=\"https:\/\/fr.motocrossmag.be\/wp-content\/uploads\/2022\/07\/DSC_0034-min-650x432.jpg\" data-ratio=\"1.5046296296296\" data-height=\"432\" data-width=\"650\" aria-label=\"\">\n                            <\/a>\n                    <a data-rel=\"iLightbox[postimages]\" data-title=\"DSC_0035-min\" data-caption=\"\" href=\"https:\/\/fr.motocrossmag.be\/wp-content\/uploads\/2022\/07\/DSC_0035-min.jpg\" data-rel=\"rgg\" rel=\"rgg\" title=\"\" class=\"rgg-disabled size-medium rgg-img\" data-src=\"https:\/\/fr.motocrossmag.be\/wp-content\/uploads\/2022\/07\/DSC_0035-min-650x432.jpg\" data-ratio=\"1.5046296296296\" data-height=\"432\" data-width=\"650\" aria-label=\"\">\n                            <\/a>\n                    <a data-rel=\"iLightbox[postimages]\" data-title=\"DSC_0036-min\" data-caption=\"\" href=\"https:\/\/fr.motocrossmag.be\/wp-content\/uploads\/2022\/07\/DSC_0036-min.jpg\" data-rel=\"rgg\" rel=\"rgg\" title=\"\" class=\"rgg-disabled size-medium rgg-img\" data-src=\"https:\/\/fr.motocrossmag.be\/wp-content\/uploads\/2022\/07\/DSC_0036-min-650x432.jpg\" data-ratio=\"1.5046296296296\" data-height=\"432\" data-width=\"650\" aria-label=\"\">\n                            <\/a>\n                    <a data-rel=\"iLightbox[postimages]\" data-title=\"DSC_0037-min\" data-caption=\"\" href=\"https:\/\/fr.motocrossmag.be\/wp-content\/uploads\/2022\/07\/DSC_0037-min.jpg\" data-rel=\"rgg\" rel=\"rgg\" title=\"\" class=\"rgg-disabled size-medium rgg-img\" data-src=\"https:\/\/fr.motocrossmag.be\/wp-content\/uploads\/2022\/07\/DSC_0037-min-650x432.jpg\" data-ratio=\"1.5046296296296\" data-height=\"432\" data-width=\"650\" aria-label=\"\">\n                            <\/a>\n                    <a data-rel=\"iLightbox[postimages]\" data-title=\"DSC_0038-min\" data-caption=\"\" href=\"https:\/\/fr.motocrossmag.be\/wp-content\/uploads\/2022\/07\/DSC_0038-min.jpg\" data-rel=\"rgg\" rel=\"rgg\" title=\"\" class=\"rgg-disabled size-medium rgg-img\" data-src=\"https:\/\/fr.motocrossmag.be\/wp-content\/uploads\/2022\/07\/DSC_0038-min-650x432.jpg\" data-ratio=\"1.5046296296296\" data-height=\"432\" data-width=\"650\" aria-label=\"\">\n                            <\/a>\n                    <a data-rel=\"iLightbox[postimages]\" data-title=\"DSC_0039-min\" data-caption=\"\" href=\"https:\/\/fr.motocrossmag.be\/wp-content\/uploads\/2022\/07\/DSC_0039-min.jpg\" data-rel=\"rgg\" rel=\"rgg\" title=\"\" class=\"rgg-disabled size-medium rgg-img\" data-src=\"https:\/\/fr.motocrossmag.be\/wp-content\/uploads\/2022\/07\/DSC_0039-min-650x432.jpg\" data-ratio=\"1.5046296296296\" data-height=\"432\" data-width=\"650\" aria-label=\"\">\n                            <\/a>\n                    <a data-rel=\"iLightbox[postimages]\" data-title=\"DSC_0040-min\" data-caption=\"\" href=\"https:\/\/fr.motocrossmag.be\/wp-content\/uploads\/2022\/07\/DSC_0040-min.jpg\" data-rel=\"rgg\" rel=\"rgg\" title=\"\" class=\"rgg-disabled size-medium rgg-img\" data-src=\"https:\/\/fr.motocrossmag.be\/wp-content\/uploads\/2022\/07\/DSC_0040-min-650x432.jpg\" data-ratio=\"1.5046296296296\" data-height=\"432\" data-width=\"650\" aria-label=\"\">\n                            <\/a>\n                    <a data-rel=\"iLightbox[postimages]\" data-title=\"DSC_0041-min\" data-caption=\"\" href=\"https:\/\/fr.motocrossmag.be\/wp-content\/uploads\/2022\/07\/DSC_0041-min.jpg\" data-rel=\"rgg\" rel=\"rgg\" title=\"\" class=\"rgg-disabled size-medium rgg-img\" data-src=\"https:\/\/fr.motocrossmag.be\/wp-content\/uploads\/2022\/07\/DSC_0041-min-650x432.jpg\" data-ratio=\"1.5046296296296\" data-height=\"432\" data-width=\"650\" aria-label=\"\">\n                            <\/a>\n                    <a data-rel=\"iLightbox[postimages]\" data-title=\"DSC_0042-min\" data-caption=\"\" href=\"https:\/\/fr.motocrossmag.be\/wp-content\/uploads\/2022\/07\/DSC_0042-min.jpg\" data-rel=\"rgg\" rel=\"rgg\" title=\"\" class=\"rgg-disabled size-medium rgg-img\" data-src=\"https:\/\/fr.motocrossmag.be\/wp-content\/uploads\/2022\/07\/DSC_0042-min-650x432.jpg\" data-ratio=\"1.5046296296296\" data-height=\"432\" data-width=\"650\" aria-label=\"\">\n                            <\/a>\n                    <a data-rel=\"iLightbox[postimages]\" data-title=\"DSC_0043-min\" data-caption=\"\" href=\"https:\/\/fr.motocrossmag.be\/wp-content\/uploads\/2022\/07\/DSC_0043-min.jpg\" data-rel=\"rgg\" rel=\"rgg\" title=\"\" class=\"rgg-disabled size-medium rgg-img\" data-src=\"https:\/\/fr.motocrossmag.be\/wp-content\/uploads\/2022\/07\/DSC_0043-min-650x432.jpg\" data-ratio=\"1.5046296296296\" data-height=\"432\" data-width=\"650\" aria-label=\"\">\n                            <\/a>\n                    <a data-rel=\"iLightbox[postimages]\" data-title=\"DSC_0044-min\" data-caption=\"\" href=\"https:\/\/fr.motocrossmag.be\/wp-content\/uploads\/2022\/07\/DSC_0044-min.jpg\" data-rel=\"rgg\" rel=\"rgg\" title=\"\" class=\"rgg-disabled size-medium rgg-img\" data-src=\"https:\/\/fr.motocrossmag.be\/wp-content\/uploads\/2022\/07\/DSC_0044-min-650x432.jpg\" data-ratio=\"1.5046296296296\" data-height=\"432\" data-width=\"650\" aria-label=\"\">\n                            <\/a>\n                    <a data-rel=\"iLightbox[postimages]\" data-title=\"DSC_0045-min\" data-caption=\"\" href=\"https:\/\/fr.motocrossmag.be\/wp-content\/uploads\/2022\/07\/DSC_0045-min.jpg\" data-rel=\"rgg\" rel=\"rgg\" title=\"\" class=\"rgg-disabled size-medium rgg-img\" data-src=\"https:\/\/fr.motocrossmag.be\/wp-content\/uploads\/2022\/07\/DSC_0045-min-650x432.jpg\" data-ratio=\"1.5046296296296\" data-height=\"432\" data-width=\"650\" aria-label=\"\">\n                            <\/a>\n                    <a data-rel=\"iLightbox[postimages]\" data-title=\"DSC_0046-min\" data-caption=\"\" href=\"https:\/\/fr.motocrossmag.be\/wp-content\/uploads\/2022\/07\/DSC_0046-min.jpg\" data-rel=\"rgg\" rel=\"rgg\" title=\"\" class=\"rgg-disabled size-medium rgg-img\" data-src=\"https:\/\/fr.motocrossmag.be\/wp-content\/uploads\/2022\/07\/DSC_0046-min-650x432.jpg\" data-ratio=\"1.5046296296296\" data-height=\"432\" data-width=\"650\" aria-label=\"\">\n                            <\/a>\n                    <a data-rel=\"iLightbox[postimages]\" data-title=\"DSC_0072-min\" data-caption=\"\" href=\"https:\/\/fr.motocrossmag.be\/wp-content\/uploads\/2022\/07\/DSC_0072-min.jpg\" data-rel=\"rgg\" rel=\"rgg\" title=\"\" class=\"rgg-disabled size-medium rgg-img\" data-src=\"https:\/\/fr.motocrossmag.be\/wp-content\/uploads\/2022\/07\/DSC_0072-min-650x432.jpg\" data-ratio=\"1.5046296296296\" data-height=\"432\" data-width=\"650\" aria-label=\"\">\n                            <\/a>\n                    <a data-rel=\"iLightbox[postimages]\" data-title=\"DSC_0073-min\" data-caption=\"\" href=\"https:\/\/fr.motocrossmag.be\/wp-content\/uploads\/2022\/07\/DSC_0073-min.jpg\" data-rel=\"rgg\" rel=\"rgg\" title=\"\" class=\"rgg-disabled size-medium rgg-img\" data-src=\"https:\/\/fr.motocrossmag.be\/wp-content\/uploads\/2022\/07\/DSC_0073-min-650x432.jpg\" data-ratio=\"1.5046296296296\" data-height=\"432\" data-width=\"650\" aria-label=\"\">\n                            <\/a>\n                    <a data-rel=\"iLightbox[postimages]\" data-title=\"DSC_0074-min\" data-caption=\"\" href=\"https:\/\/fr.motocrossmag.be\/wp-content\/uploads\/2022\/07\/DSC_0074-min.jpg\" data-rel=\"rgg\" rel=\"rgg\" title=\"\" class=\"rgg-disabled size-medium rgg-img\" data-src=\"https:\/\/fr.motocrossmag.be\/wp-content\/uploads\/2022\/07\/DSC_0074-min-650x432.jpg\" data-ratio=\"1.5046296296296\" data-height=\"432\" data-width=\"650\" aria-label=\"\">\n                            <\/a>\n                    <a data-rel=\"iLightbox[postimages]\" data-title=\"DSC_0075-min\" data-caption=\"\" href=\"https:\/\/fr.motocrossmag.be\/wp-content\/uploads\/2022\/07\/DSC_0075-min.jpg\" data-rel=\"rgg\" rel=\"rgg\" title=\"\" class=\"rgg-disabled size-medium rgg-img\" data-src=\"https:\/\/fr.motocrossmag.be\/wp-content\/uploads\/2022\/07\/DSC_0075-min-650x432.jpg\" data-ratio=\"1.5046296296296\" data-height=\"432\" data-width=\"650\" aria-label=\"\">\n                            <\/a>\n                    <a data-rel=\"iLightbox[postimages]\" data-title=\"DSC_0076-min\" data-caption=\"\" href=\"https:\/\/fr.motocrossmag.be\/wp-content\/uploads\/2022\/07\/DSC_0076-min.jpg\" data-rel=\"rgg\" rel=\"rgg\" title=\"\" class=\"rgg-disabled size-medium rgg-img\" data-src=\"https:\/\/fr.motocrossmag.be\/wp-content\/uploads\/2022\/07\/DSC_0076-min-650x432.jpg\" data-ratio=\"1.5046296296296\" data-height=\"432\" data-width=\"650\" aria-label=\"\">\n                            <\/a>\n                    <a data-rel=\"iLightbox[postimages]\" data-title=\"DSC_0077-min\" data-caption=\"\" href=\"https:\/\/fr.motocrossmag.be\/wp-content\/uploads\/2022\/07\/DSC_0077-min.jpg\" data-rel=\"rgg\" rel=\"rgg\" title=\"\" class=\"rgg-disabled size-medium rgg-img\" data-src=\"https:\/\/fr.motocrossmag.be\/wp-content\/uploads\/2022\/07\/DSC_0077-min-650x432.jpg\" data-ratio=\"1.5046296296296\" data-height=\"432\" data-width=\"650\" aria-label=\"\">\n                            <\/a>\n                    <a data-rel=\"iLightbox[postimages]\" data-title=\"DSC_0078-min\" data-caption=\"\" href=\"https:\/\/fr.motocrossmag.be\/wp-content\/uploads\/2022\/07\/DSC_0078-min.jpg\" data-rel=\"rgg\" rel=\"rgg\" title=\"\" class=\"rgg-disabled size-medium rgg-img\" data-src=\"https:\/\/fr.motocrossmag.be\/wp-content\/uploads\/2022\/07\/DSC_0078-min-650x432.jpg\" data-ratio=\"1.5046296296296\" data-height=\"432\" data-width=\"650\" aria-label=\"\">\n                            <\/a>\n                    <a data-rel=\"iLightbox[postimages]\" data-title=\"DSC_0079-min\" data-caption=\"\" href=\"https:\/\/fr.motocrossmag.be\/wp-content\/uploads\/2022\/07\/DSC_0079-min.jpg\" data-rel=\"rgg\" rel=\"rgg\" title=\"\" class=\"rgg-disabled size-medium rgg-img\" data-src=\"https:\/\/fr.motocrossmag.be\/wp-content\/uploads\/2022\/07\/DSC_0079-min-650x432.jpg\" data-ratio=\"1.5046296296296\" data-height=\"432\" data-width=\"650\" aria-label=\"\">\n                            <\/a>\n                    <a data-rel=\"iLightbox[postimages]\" data-title=\"DSC_0080-min\" data-caption=\"\" href=\"https:\/\/fr.motocrossmag.be\/wp-content\/uploads\/2022\/07\/DSC_0080-min.jpg\" data-rel=\"rgg\" rel=\"rgg\" title=\"\" class=\"rgg-disabled size-medium rgg-img\" data-src=\"https:\/\/fr.motocrossmag.be\/wp-content\/uploads\/2022\/07\/DSC_0080-min-650x432.jpg\" data-ratio=\"1.5046296296296\" data-height=\"432\" data-width=\"650\" aria-label=\"\">\n                            <\/a>\n                    <a data-rel=\"iLightbox[postimages]\" data-title=\"DSC_0081-min\" data-caption=\"\" href=\"https:\/\/fr.motocrossmag.be\/wp-content\/uploads\/2022\/07\/DSC_0081-min.jpg\" data-rel=\"rgg\" rel=\"rgg\" title=\"\" class=\"rgg-disabled size-medium rgg-img\" data-src=\"https:\/\/fr.motocrossmag.be\/wp-content\/uploads\/2022\/07\/DSC_0081-min-650x432.jpg\" data-ratio=\"1.5046296296296\" data-height=\"432\" data-width=\"650\" aria-label=\"\">\n                            <\/a>\n                    <a data-rel=\"iLightbox[postimages]\" data-title=\"DSC_0082-min\" data-caption=\"\" href=\"https:\/\/fr.motocrossmag.be\/wp-content\/uploads\/2022\/07\/DSC_0082-min.jpg\" data-rel=\"rgg\" rel=\"rgg\" title=\"\" class=\"rgg-disabled size-medium rgg-img\" data-src=\"https:\/\/fr.motocrossmag.be\/wp-content\/uploads\/2022\/07\/DSC_0082-min-650x432.jpg\" data-ratio=\"1.5046296296296\" data-height=\"432\" data-width=\"650\" aria-label=\"\">\n                            <\/a>\n                    <a data-rel=\"iLightbox[postimages]\" data-title=\"DSC_0083-min\" data-caption=\"\" href=\"https:\/\/fr.motocrossmag.be\/wp-content\/uploads\/2022\/07\/DSC_0083-min.jpg\" data-rel=\"rgg\" rel=\"rgg\" title=\"\" class=\"rgg-disabled size-medium rgg-img\" data-src=\"https:\/\/fr.motocrossmag.be\/wp-content\/uploads\/2022\/07\/DSC_0083-min-650x432.jpg\" data-ratio=\"1.5046296296296\" data-height=\"432\" data-width=\"650\" aria-label=\"\">\n                            <\/a>\n                    <a data-rel=\"iLightbox[postimages]\" data-title=\"DSC_0084-min\" data-caption=\"\" href=\"https:\/\/fr.motocrossmag.be\/wp-content\/uploads\/2022\/07\/DSC_0084-min.jpg\" data-rel=\"rgg\" rel=\"rgg\" title=\"\" class=\"rgg-disabled size-medium rgg-img\" data-src=\"https:\/\/fr.motocrossmag.be\/wp-content\/uploads\/2022\/07\/DSC_0084-min-650x432.jpg\" data-ratio=\"1.5046296296296\" data-height=\"432\" data-width=\"650\" aria-label=\"\">\n                            <\/a>\n                    <a data-rel=\"iLightbox[postimages]\" data-title=\"DSC_0085-min\" data-caption=\"\" href=\"https:\/\/fr.motocrossmag.be\/wp-content\/uploads\/2022\/07\/DSC_0085-min.jpg\" data-rel=\"rgg\" rel=\"rgg\" title=\"\" class=\"rgg-disabled size-medium rgg-img\" data-src=\"https:\/\/fr.motocrossmag.be\/wp-content\/uploads\/2022\/07\/DSC_0085-min-650x432.jpg\" data-ratio=\"1.5046296296296\" data-height=\"432\" data-width=\"650\" aria-label=\"\">\n                            <\/a>\n                    <a data-rel=\"iLightbox[postimages]\" data-title=\"DSC_0086-min\" data-caption=\"\" href=\"https:\/\/fr.motocrossmag.be\/wp-content\/uploads\/2022\/07\/DSC_0086-min.jpg\" data-rel=\"rgg\" rel=\"rgg\" title=\"\" class=\"rgg-disabled size-medium rgg-img\" data-src=\"https:\/\/fr.motocrossmag.be\/wp-content\/uploads\/2022\/07\/DSC_0086-min-650x432.jpg\" data-ratio=\"1.5046296296296\" data-height=\"432\" data-width=\"650\" aria-label=\"\">\n                            <\/a>\n                    <a data-rel=\"iLightbox[postimages]\" data-title=\"DSC_0089-min\" data-caption=\"\" href=\"https:\/\/fr.motocrossmag.be\/wp-content\/uploads\/2022\/07\/DSC_0089-min.jpg\" data-rel=\"rgg\" rel=\"rgg\" title=\"\" class=\"rgg-disabled size-medium rgg-img\" data-src=\"https:\/\/fr.motocrossmag.be\/wp-content\/uploads\/2022\/07\/DSC_0089-min-650x432.jpg\" data-ratio=\"1.5046296296296\" data-height=\"432\" data-width=\"650\" aria-label=\"\">\n                            <\/a>\n                    <a data-rel=\"iLightbox[postimages]\" data-title=\"DSC_0093-min\" data-caption=\"\" href=\"https:\/\/fr.motocrossmag.be\/wp-content\/uploads\/2022\/07\/DSC_0093-min.jpg\" data-rel=\"rgg\" rel=\"rgg\" title=\"\" class=\"rgg-disabled size-medium rgg-img\" data-src=\"https:\/\/fr.motocrossmag.be\/wp-content\/uploads\/2022\/07\/DSC_0093-min-650x432.jpg\" data-ratio=\"1.5046296296296\" data-height=\"432\" data-width=\"650\" aria-label=\"\">\n                            <\/a>\n                    <a data-rel=\"iLightbox[postimages]\" data-title=\"DSC_0094-min\" data-caption=\"\" href=\"https:\/\/fr.motocrossmag.be\/wp-content\/uploads\/2022\/07\/DSC_0094-min.jpg\" data-rel=\"rgg\" rel=\"rgg\" title=\"\" class=\"rgg-disabled size-medium rgg-img\" data-src=\"https:\/\/fr.motocrossmag.be\/wp-content\/uploads\/2022\/07\/DSC_0094-min-650x432.jpg\" data-ratio=\"1.5046296296296\" data-height=\"432\" data-width=\"650\" aria-label=\"\">\n                            <\/a>\n                    <a data-rel=\"iLightbox[postimages]\" data-title=\"DSC_0095-min\" data-caption=\"\" href=\"https:\/\/fr.motocrossmag.be\/wp-content\/uploads\/2022\/07\/DSC_0095-min.jpg\" data-rel=\"rgg\" rel=\"rgg\" title=\"\" class=\"rgg-disabled size-medium rgg-img\" data-src=\"https:\/\/fr.motocrossmag.be\/wp-content\/uploads\/2022\/07\/DSC_0095-min-650x432.jpg\" data-ratio=\"1.5046296296296\" data-height=\"432\" data-width=\"650\" aria-label=\"\">\n                            <\/a>\n                    <a data-rel=\"iLightbox[postimages]\" data-title=\"DSC_0096-min\" data-caption=\"\" href=\"https:\/\/fr.motocrossmag.be\/wp-content\/uploads\/2022\/07\/DSC_0096-min.jpg\" data-rel=\"rgg\" rel=\"rgg\" title=\"\" class=\"rgg-disabled size-medium rgg-img\" data-src=\"https:\/\/fr.motocrossmag.be\/wp-content\/uploads\/2022\/07\/DSC_0096-min-650x432.jpg\" data-ratio=\"1.5046296296296\" data-height=\"432\" data-width=\"650\" aria-label=\"\">\n                            <\/a>\n                    <a data-rel=\"iLightbox[postimages]\" data-title=\"DSC_0097-min\" data-caption=\"\" href=\"https:\/\/fr.motocrossmag.be\/wp-content\/uploads\/2022\/07\/DSC_0097-min.jpg\" data-rel=\"rgg\" rel=\"rgg\" title=\"\" class=\"rgg-disabled size-medium rgg-img\" data-src=\"https:\/\/fr.motocrossmag.be\/wp-content\/uploads\/2022\/07\/DSC_0097-min-650x432.jpg\" data-ratio=\"1.5046296296296\" data-height=\"432\" data-width=\"650\" aria-label=\"\">\n                            <\/a>\n                    <a data-rel=\"iLightbox[postimages]\" data-title=\"DSC_0147\" data-caption=\"\" href=\"https:\/\/fr.motocrossmag.be\/wp-content\/uploads\/2022\/07\/DSC_0147.jpg\" data-rel=\"rgg\" rel=\"rgg\" title=\"\" class=\"rgg-disabled size-medium rgg-img\" data-src=\"https:\/\/fr.motocrossmag.be\/wp-content\/uploads\/2022\/07\/DSC_0147-650x432.jpg\" data-ratio=\"1.5046296296296\" data-height=\"432\" data-width=\"650\" aria-label=\"\">\n                            <\/a>\n                    <a data-rel=\"iLightbox[postimages]\" data-title=\"DSC_0149\" data-caption=\"\" href=\"https:\/\/fr.motocrossmag.be\/wp-content\/uploads\/2022\/07\/DSC_0149.jpg\" data-rel=\"rgg\" rel=\"rgg\" title=\"\" class=\"rgg-disabled size-medium rgg-img\" data-src=\"https:\/\/fr.motocrossmag.be\/wp-content\/uploads\/2022\/07\/DSC_0149-650x432.jpg\" data-ratio=\"1.5046296296296\" data-height=\"432\" data-width=\"650\" aria-label=\"\">\n                            <\/a>\n                    <a data-rel=\"iLightbox[postimages]\" data-title=\"DSC_0165\" data-caption=\"\" href=\"https:\/\/fr.motocrossmag.be\/wp-content\/uploads\/2022\/07\/DSC_0165.jpg\" data-rel=\"rgg\" rel=\"rgg\" title=\"\" class=\"rgg-disabled size-medium rgg-img\" data-src=\"https:\/\/fr.motocrossmag.be\/wp-content\/uploads\/2022\/07\/DSC_0165-650x432.jpg\" data-ratio=\"1.5046296296296\" data-height=\"432\" data-width=\"650\" aria-label=\"\">\n                            <\/a>\n                    <a data-rel=\"iLightbox[postimages]\" data-title=\"DSC_0103\" data-caption=\"\" href=\"https:\/\/fr.motocrossmag.be\/wp-content\/uploads\/2022\/07\/DSC_0103.jpg\" data-rel=\"rgg\" rel=\"rgg\" title=\"\" class=\"rgg-disabled size-medium rgg-img\" data-src=\"https:\/\/fr.motocrossmag.be\/wp-content\/uploads\/2022\/07\/DSC_0103-650x432.jpg\" data-ratio=\"1.5046296296296\" data-height=\"432\" data-width=\"650\" aria-label=\"\">\n                            <\/a>\n                    <a data-rel=\"iLightbox[postimages]\" data-title=\"DSC_0105\" data-caption=\"\" href=\"https:\/\/fr.motocrossmag.be\/wp-content\/uploads\/2022\/07\/DSC_0105.jpg\" data-rel=\"rgg\" rel=\"rgg\" title=\"\" class=\"rgg-disabled size-medium rgg-img\" data-src=\"https:\/\/fr.motocrossmag.be\/wp-content\/uploads\/2022\/07\/DSC_0105-650x432.jpg\" data-ratio=\"1.5046296296296\" data-height=\"432\" data-width=\"650\" aria-label=\"\">\n                            <\/a>\n                    <a data-rel=\"iLightbox[postimages]\" data-title=\"DSC_0111\" data-caption=\"\" href=\"https:\/\/fr.motocrossmag.be\/wp-content\/uploads\/2022\/07\/DSC_0111.jpg\" data-rel=\"rgg\" rel=\"rgg\" title=\"\" class=\"rgg-disabled size-medium rgg-img\" data-src=\"https:\/\/fr.motocrossmag.be\/wp-content\/uploads\/2022\/07\/DSC_0111-650x432.jpg\" data-ratio=\"1.5046296296296\" data-height=\"432\" data-width=\"650\" aria-label=\"\">\n                            <\/a>\n                    <a data-rel=\"iLightbox[postimages]\" data-title=\"DSC_0113\" data-caption=\"\" href=\"https:\/\/fr.motocrossmag.be\/wp-content\/uploads\/2022\/07\/DSC_0113.jpg\" data-rel=\"rgg\" rel=\"rgg\" title=\"\" class=\"rgg-disabled size-medium rgg-img\" data-src=\"https:\/\/fr.motocrossmag.be\/wp-content\/uploads\/2022\/07\/DSC_0113-650x432.jpg\" data-ratio=\"1.5046296296296\" data-height=\"432\" data-width=\"650\" aria-label=\"\">\n                            <\/a>\n                    <a data-rel=\"iLightbox[postimages]\" data-title=\"DSC_0161\" data-caption=\"\" href=\"https:\/\/fr.motocrossmag.be\/wp-content\/uploads\/2022\/07\/DSC_0161.jpg\" data-rel=\"rgg\" rel=\"rgg\" title=\"\" class=\"rgg-disabled size-medium rgg-img\" data-src=\"https:\/\/fr.motocrossmag.be\/wp-content\/uploads\/2022\/07\/DSC_0161-650x432.jpg\" data-ratio=\"1.5046296296296\" data-height=\"432\" data-width=\"650\" aria-label=\"\">\n                            <\/a>\n                    <a data-rel=\"iLightbox[postimages]\" data-title=\"S\u00e9lection Namur Legend 30072022 52\" data-caption=\"\" href=\"https:\/\/fr.motocrossmag.be\/wp-content\/uploads\/2022\/07\/S\u00e9lection-Namur-Legend-30072022-52.jpg\" data-rel=\"rgg\" rel=\"rgg\" title=\"\" class=\"rgg-disabled size-medium rgg-img\" data-src=\"https:\/\/fr.motocrossmag.be\/wp-content\/uploads\/2022\/07\/S\u00e9lection-Namur-Legend-30072022-52-650x435.jpg\" data-ratio=\"1.4942528735632\" data-height=\"435\" data-width=\"650\" aria-label=\"\">\n                            <\/a>\n                    <a data-rel=\"iLightbox[postimages]\" data-title=\"S\u00e9lection Namur Legend 30072022 50\" data-caption=\"\" href=\"https:\/\/fr.motocrossmag.be\/wp-content\/uploads\/2022\/07\/S\u00e9lection-Namur-Legend-30072022-50.jpg\" data-rel=\"rgg\" rel=\"rgg\" title=\"\" class=\"rgg-disabled size-medium rgg-img\" data-src=\"https:\/\/fr.motocrossmag.be\/wp-content\/uploads\/2022\/07\/S\u00e9lection-Namur-Legend-30072022-50-650x435.jpg\" data-ratio=\"1.4942528735632\" data-height=\"435\" data-width=\"650\" aria-label=\"\">\n                            <\/a>\n                    <a data-rel=\"iLightbox[postimages]\" data-title=\"S\u00e9lection Namur Legend 30072022 44\" data-caption=\"\" href=\"https:\/\/fr.motocrossmag.be\/wp-content\/uploads\/2022\/07\/S\u00e9lection-Namur-Legend-30072022-44.jpg\" data-rel=\"rgg\" rel=\"rgg\" title=\"\" class=\"rgg-disabled size-medium rgg-img\" data-src=\"https:\/\/fr.motocrossmag.be\/wp-content\/uploads\/2022\/07\/S\u00e9lection-Namur-Legend-30072022-44-650x435.jpg\" data-ratio=\"1.4942528735632\" data-height=\"435\" data-width=\"650\" aria-label=\"\">\n                            <\/a>\n                    <a data-rel=\"iLightbox[postimages]\" data-title=\"S\u00e9lection Namur Legend 30072022 40\" data-caption=\"\" href=\"https:\/\/fr.motocrossmag.be\/wp-content\/uploads\/2022\/07\/S\u00e9lection-Namur-Legend-30072022-40.jpg\" data-rel=\"rgg\" rel=\"rgg\" title=\"\" class=\"rgg-disabled size-medium rgg-img\" data-src=\"https:\/\/fr.motocrossmag.be\/wp-content\/uploads\/2022\/07\/S\u00e9lection-Namur-Legend-30072022-40-650x435.jpg\" data-ratio=\"1.4942528735632\" data-height=\"435\" data-width=\"650\" aria-label=\"\">\n                            <\/a>\n                    <a data-rel=\"iLightbox[postimages]\" data-title=\"S\u00e9lection Namur Legend 30072022 39\" data-caption=\"\" href=\"https:\/\/fr.motocrossmag.be\/wp-content\/uploads\/2022\/07\/S\u00e9lection-Namur-Legend-30072022-39.jpg\" data-rel=\"rgg\" rel=\"rgg\" title=\"\" class=\"rgg-disabled size-medium rgg-img\" data-src=\"https:\/\/fr.motocrossmag.be\/wp-content\/uploads\/2022\/07\/S\u00e9lection-Namur-Legend-30072022-39-650x435.jpg\" data-ratio=\"1.4942528735632\" data-height=\"435\" data-width=\"650\" aria-label=\"\">\n                            <\/a>\n                    <a data-rel=\"iLightbox[postimages]\" data-title=\"S\u00e9lection Namur Legend 30072022 34\" data-caption=\"\" href=\"https:\/\/fr.motocrossmag.be\/wp-content\/uploads\/2022\/07\/S\u00e9lection-Namur-Legend-30072022-34.jpg\" data-rel=\"rgg\" rel=\"rgg\" title=\"\" class=\"rgg-disabled size-medium rgg-img\" data-src=\"https:\/\/fr.motocrossmag.be\/wp-content\/uploads\/2022\/07\/S\u00e9lection-Namur-Legend-30072022-34-650x435.jpg\" data-ratio=\"1.4942528735632\" data-height=\"435\" data-width=\"650\" aria-label=\"\">\n                            <\/a>\n                    <a data-rel=\"iLightbox[postimages]\" data-title=\"S\u00e9lection Namur Legend 30072022 32\" data-caption=\"\" href=\"https:\/\/fr.motocrossmag.be\/wp-content\/uploads\/2022\/07\/S\u00e9lection-Namur-Legend-30072022-32.jpg\" data-rel=\"rgg\" rel=\"rgg\" title=\"\" class=\"rgg-disabled size-medium rgg-img\" data-src=\"https:\/\/fr.motocrossmag.be\/wp-content\/uploads\/2022\/07\/S\u00e9lection-Namur-Legend-30072022-32-650x435.jpg\" data-ratio=\"1.4942528735632\" data-height=\"435\" data-width=\"650\" aria-label=\"\">\n                            <\/a>\n                    <a data-rel=\"iLightbox[postimages]\" data-title=\"S\u00e9lection Namur Legend 30072022 31\" data-caption=\"\" href=\"https:\/\/fr.motocrossmag.be\/wp-content\/uploads\/2022\/07\/S\u00e9lection-Namur-Legend-30072022-31.jpg\" data-rel=\"rgg\" rel=\"rgg\" title=\"\" class=\"rgg-disabled size-medium rgg-img\" data-src=\"https:\/\/fr.motocrossmag.be\/wp-content\/uploads\/2022\/07\/S\u00e9lection-Namur-Legend-30072022-31-650x435.jpg\" data-ratio=\"1.4942528735632\" data-height=\"435\" data-width=\"650\" aria-label=\"\">\n                            <\/a>\n                    <a data-rel=\"iLightbox[postimages]\" data-title=\"S\u00e9lection Namur Legend 30072022 27\" data-caption=\"\" href=\"https:\/\/fr.motocrossmag.be\/wp-content\/uploads\/2022\/07\/S\u00e9lection-Namur-Legend-30072022-27.jpg\" data-rel=\"rgg\" rel=\"rgg\" title=\"\" class=\"rgg-disabled size-medium rgg-img\" data-src=\"https:\/\/fr.motocrossmag.be\/wp-content\/uploads\/2022\/07\/S\u00e9lection-Namur-Legend-30072022-27-650x435.jpg\" data-ratio=\"1.4942528735632\" data-height=\"435\" data-width=\"650\" aria-label=\"\">\n                            <\/a>\n                    <a data-rel=\"iLightbox[postimages]\" data-title=\"S\u00e9lection Namur Legend 30072022 26\" data-caption=\"\" href=\"https:\/\/fr.motocrossmag.be\/wp-content\/uploads\/2022\/07\/S\u00e9lection-Namur-Legend-30072022-26.jpg\" data-rel=\"rgg\" rel=\"rgg\" title=\"\" class=\"rgg-disabled size-medium rgg-img\" data-src=\"https:\/\/fr.motocrossmag.be\/wp-content\/uploads\/2022\/07\/S\u00e9lection-Namur-Legend-30072022-26-650x435.jpg\" data-ratio=\"1.4942528735632\" data-height=\"435\" data-width=\"650\" aria-label=\"\">\n                            <\/a>\n                    <a data-rel=\"iLightbox[postimages]\" data-title=\"S\u00e9lection Namur Legend 30072022 25\" data-caption=\"\" href=\"https:\/\/fr.motocrossmag.be\/wp-content\/uploads\/2022\/07\/S\u00e9lection-Namur-Legend-30072022-25.jpg\" data-rel=\"rgg\" rel=\"rgg\" title=\"\" class=\"rgg-disabled size-medium rgg-img\" data-src=\"https:\/\/fr.motocrossmag.be\/wp-content\/uploads\/2022\/07\/S\u00e9lection-Namur-Legend-30072022-25-650x435.jpg\" data-ratio=\"1.4942528735632\" data-height=\"435\" data-width=\"650\" aria-label=\"\">\n                            <\/a>\n                    <a data-rel=\"iLightbox[postimages]\" data-title=\"S\u00e9lection Namur Legend 30072022 24\" data-caption=\"\" href=\"https:\/\/fr.motocrossmag.be\/wp-content\/uploads\/2022\/07\/S\u00e9lection-Namur-Legend-30072022-24.jpg\" data-rel=\"rgg\" rel=\"rgg\" title=\"\" class=\"rgg-disabled size-medium rgg-img\" data-src=\"https:\/\/fr.motocrossmag.be\/wp-content\/uploads\/2022\/07\/S\u00e9lection-Namur-Legend-30072022-24-650x435.jpg\" data-ratio=\"1.4942528735632\" data-height=\"435\" data-width=\"650\" aria-label=\"\">\n                            <\/a>\n                    <a data-rel=\"iLightbox[postimages]\" data-title=\"S\u00e9lection Namur Legend 30072022 23\" data-caption=\"\" href=\"https:\/\/fr.motocrossmag.be\/wp-content\/uploads\/2022\/07\/S\u00e9lection-Namur-Legend-30072022-23.jpg\" data-rel=\"rgg\" rel=\"rgg\" title=\"\" class=\"rgg-disabled size-medium rgg-img\" data-src=\"https:\/\/fr.motocrossmag.be\/wp-content\/uploads\/2022\/07\/S\u00e9lection-Namur-Legend-30072022-23-650x435.jpg\" data-ratio=\"1.4942528735632\" data-height=\"435\" data-width=\"650\" aria-label=\"\">\n                            <\/a>\n                    <a data-rel=\"iLightbox[postimages]\" data-title=\"S\u00e9lection Namur Legend 30072022 21\" data-caption=\"\" href=\"https:\/\/fr.motocrossmag.be\/wp-content\/uploads\/2022\/07\/S\u00e9lection-Namur-Legend-30072022-21.jpg\" data-rel=\"rgg\" rel=\"rgg\" title=\"\" class=\"rgg-disabled size-medium rgg-img\" data-src=\"https:\/\/fr.motocrossmag.be\/wp-content\/uploads\/2022\/07\/S\u00e9lection-Namur-Legend-30072022-21-650x435.jpg\" data-ratio=\"1.4942528735632\" data-height=\"435\" data-width=\"650\" aria-label=\"\">\n                            <\/a>\n                    <a data-rel=\"iLightbox[postimages]\" data-title=\"S\u00e9lection Namur Legend 30072022 19\" data-caption=\"\" href=\"https:\/\/fr.motocrossmag.be\/wp-content\/uploads\/2022\/07\/S\u00e9lection-Namur-Legend-30072022-19.jpg\" data-rel=\"rgg\" rel=\"rgg\" title=\"\" class=\"rgg-disabled size-medium rgg-img\" data-src=\"https:\/\/fr.motocrossmag.be\/wp-content\/uploads\/2022\/07\/S\u00e9lection-Namur-Legend-30072022-19-650x435.jpg\" data-ratio=\"1.4942528735632\" data-height=\"435\" data-width=\"650\" aria-label=\"\">\n                            <\/a>\n                    <a data-rel=\"iLightbox[postimages]\" data-title=\"S\u00e9lection Namur Legend 30072022 16\" data-caption=\"\" href=\"https:\/\/fr.motocrossmag.be\/wp-content\/uploads\/2022\/07\/S\u00e9lection-Namur-Legend-30072022-16.jpg\" data-rel=\"rgg\" rel=\"rgg\" title=\"\" class=\"rgg-disabled size-medium rgg-img\" data-src=\"https:\/\/fr.motocrossmag.be\/wp-content\/uploads\/2022\/07\/S\u00e9lection-Namur-Legend-30072022-16-650x435.jpg\" data-ratio=\"1.4942528735632\" data-height=\"435\" data-width=\"650\" aria-label=\"\">\n                            <\/a>\n                    <a data-rel=\"iLightbox[postimages]\" data-title=\"S\u00e9lection Namur Legend 30072022 15\" data-caption=\"\" href=\"https:\/\/fr.motocrossmag.be\/wp-content\/uploads\/2022\/07\/S\u00e9lection-Namur-Legend-30072022-15.jpg\" data-rel=\"rgg\" rel=\"rgg\" title=\"\" class=\"rgg-disabled size-medium rgg-img\" data-src=\"https:\/\/fr.motocrossmag.be\/wp-content\/uploads\/2022\/07\/S\u00e9lection-Namur-Legend-30072022-15-650x435.jpg\" data-ratio=\"1.4942528735632\" data-height=\"435\" data-width=\"650\" aria-label=\"\">\n                            <\/a>\n                    <a data-rel=\"iLightbox[postimages]\" data-title=\"S\u00e9lection Namur Legend 30072022 14\" data-caption=\"\" href=\"https:\/\/fr.motocrossmag.be\/wp-content\/uploads\/2022\/07\/S\u00e9lection-Namur-Legend-30072022-14.jpg\" data-rel=\"rgg\" rel=\"rgg\" title=\"\" class=\"rgg-disabled size-medium rgg-img\" data-src=\"https:\/\/fr.motocrossmag.be\/wp-content\/uploads\/2022\/07\/S\u00e9lection-Namur-Legend-30072022-14-650x435.jpg\" data-ratio=\"1.4942528735632\" data-height=\"435\" data-width=\"650\" aria-label=\"\">\n                            <\/a>\n                    <a data-rel=\"iLightbox[postimages]\" data-title=\"S\u00e9lection Namur Legend 30072022 12\" data-caption=\"\" href=\"https:\/\/fr.motocrossmag.be\/wp-content\/uploads\/2022\/07\/S\u00e9lection-Namur-Legend-30072022-12.jpg\" data-rel=\"rgg\" rel=\"rgg\" title=\"\" class=\"rgg-disabled size-medium rgg-img\" data-src=\"https:\/\/fr.motocrossmag.be\/wp-content\/uploads\/2022\/07\/S\u00e9lection-Namur-Legend-30072022-12-650x435.jpg\" data-ratio=\"1.4942528735632\" data-height=\"435\" data-width=\"650\" aria-label=\"\">\n                            <\/a>\n                    <a data-rel=\"iLightbox[postimages]\" data-title=\"S\u00e9lection Namur Legend 30072022 11\" data-caption=\"\" href=\"https:\/\/fr.motocrossmag.be\/wp-content\/uploads\/2022\/07\/S\u00e9lection-Namur-Legend-30072022-11.jpg\" data-rel=\"rgg\" rel=\"rgg\" title=\"\" class=\"rgg-disabled size-medium rgg-img\" data-src=\"https:\/\/fr.motocrossmag.be\/wp-content\/uploads\/2022\/07\/S\u00e9lection-Namur-Legend-30072022-11-650x435.jpg\" data-ratio=\"1.4942528735632\" data-height=\"435\" data-width=\"650\" aria-label=\"\">\n                            <\/a>\n                    <a data-rel=\"iLightbox[postimages]\" data-title=\"S\u00e9lection Namur Legend 30072022 10\" data-caption=\"\" href=\"https:\/\/fr.motocrossmag.be\/wp-content\/uploads\/2022\/07\/S\u00e9lection-Namur-Legend-30072022-10.jpg\" data-rel=\"rgg\" rel=\"rgg\" title=\"\" class=\"rgg-disabled size-medium rgg-img\" data-src=\"https:\/\/fr.motocrossmag.be\/wp-content\/uploads\/2022\/07\/S\u00e9lection-Namur-Legend-30072022-10-650x435.jpg\" data-ratio=\"1.4942528735632\" data-height=\"435\" data-width=\"650\" aria-label=\"\">\n                            <\/a>\n                    <a data-rel=\"iLightbox[postimages]\" data-title=\"S\u00e9lection Namur Legend 30072022 09\" data-caption=\"\" href=\"https:\/\/fr.motocrossmag.be\/wp-content\/uploads\/2022\/07\/S\u00e9lection-Namur-Legend-30072022-09.jpg\" data-rel=\"rgg\" rel=\"rgg\" title=\"\" class=\"rgg-disabled size-medium rgg-img\" data-src=\"https:\/\/fr.motocrossmag.be\/wp-content\/uploads\/2022\/07\/S\u00e9lection-Namur-Legend-30072022-09-650x435.jpg\" data-ratio=\"1.4942528735632\" data-height=\"435\" data-width=\"650\" aria-label=\"\">\n                            <\/a>\n                    <a data-rel=\"iLightbox[postimages]\" data-title=\"S\u00e9lection Namur Legend 30072022 08\" data-caption=\"\" href=\"https:\/\/fr.motocrossmag.be\/wp-content\/uploads\/2022\/07\/S\u00e9lection-Namur-Legend-30072022-08.jpg\" data-rel=\"rgg\" rel=\"rgg\" title=\"\" class=\"rgg-disabled size-medium rgg-img\" data-src=\"https:\/\/fr.motocrossmag.be\/wp-content\/uploads\/2022\/07\/S\u00e9lection-Namur-Legend-30072022-08-650x435.jpg\" data-ratio=\"1.4942528735632\" data-height=\"435\" data-width=\"650\" aria-label=\"\">\n                            <\/a>\n                    <a data-rel=\"iLightbox[postimages]\" data-title=\"S\u00e9lection Namur Legend 30072022 07\" data-caption=\"\" href=\"https:\/\/fr.motocrossmag.be\/wp-content\/uploads\/2022\/07\/S\u00e9lection-Namur-Legend-30072022-07.jpg\" data-rel=\"rgg\" rel=\"rgg\" title=\"\" class=\"rgg-disabled size-medium rgg-img\" data-src=\"https:\/\/fr.motocrossmag.be\/wp-content\/uploads\/2022\/07\/S\u00e9lection-Namur-Legend-30072022-07-650x435.jpg\" data-ratio=\"1.4942528735632\" data-height=\"435\" data-width=\"650\" aria-label=\"\">\n                            <\/a>\n                    <a data-rel=\"iLightbox[postimages]\" data-title=\"S\u00e9lection Namur Legend 30072022 06\" data-caption=\"\" href=\"https:\/\/fr.motocrossmag.be\/wp-content\/uploads\/2022\/07\/S\u00e9lection-Namur-Legend-30072022-06.jpg\" data-rel=\"rgg\" rel=\"rgg\" title=\"\" class=\"rgg-disabled size-medium rgg-img\" data-src=\"https:\/\/fr.motocrossmag.be\/wp-content\/uploads\/2022\/07\/S\u00e9lection-Namur-Legend-30072022-06-650x435.jpg\" data-ratio=\"1.4942528735632\" data-height=\"435\" data-width=\"650\" aria-label=\"\">\n                            <\/a>\n                    <a data-rel=\"iLightbox[postimages]\" data-title=\"S\u00e9lection Namur Legend 30072022 05\" data-caption=\"\" href=\"https:\/\/fr.motocrossmag.be\/wp-content\/uploads\/2022\/07\/S\u00e9lection-Namur-Legend-30072022-05.jpg\" data-rel=\"rgg\" rel=\"rgg\" title=\"\" class=\"rgg-disabled size-medium rgg-img\" data-src=\"https:\/\/fr.motocrossmag.be\/wp-content\/uploads\/2022\/07\/S\u00e9lection-Namur-Legend-30072022-05-650x435.jpg\" data-ratio=\"1.4942528735632\" data-height=\"435\" data-width=\"650\" aria-label=\"\">\n                            <\/a>\n                    <a data-rel=\"iLightbox[postimages]\" data-title=\"S\u00e9lection Namur Legend 30072022 04\" data-caption=\"\" href=\"https:\/\/fr.motocrossmag.be\/wp-content\/uploads\/2022\/07\/S\u00e9lection-Namur-Legend-30072022-04.jpg\" data-rel=\"rgg\" rel=\"rgg\" title=\"\" class=\"rgg-disabled size-medium rgg-img\" data-src=\"https:\/\/fr.motocrossmag.be\/wp-content\/uploads\/2022\/07\/S\u00e9lection-Namur-Legend-30072022-04-650x435.jpg\" data-ratio=\"1.4942528735632\" data-height=\"435\" data-width=\"650\" aria-label=\"\">\n                            <\/a>\n                    <a data-rel=\"iLightbox[postimages]\" data-title=\"S\u00e9lection Namur Legend 30072022 03\" data-caption=\"\" href=\"https:\/\/fr.motocrossmag.be\/wp-content\/uploads\/2022\/07\/S\u00e9lection-Namur-Legend-30072022-03.jpg\" data-rel=\"rgg\" rel=\"rgg\" title=\"\" class=\"rgg-disabled size-medium rgg-img\" data-src=\"https:\/\/fr.motocrossmag.be\/wp-content\/uploads\/2022\/07\/S\u00e9lection-Namur-Legend-30072022-03-650x435.jpg\" data-ratio=\"1.4942528735632\" data-height=\"435\" data-width=\"650\" aria-label=\"\">\n                            <\/a>\n                    <a data-rel=\"iLightbox[postimages]\" data-title=\"S\u00e9lection Namur Legend 30072022 02\" data-caption=\"\" href=\"https:\/\/fr.motocrossmag.be\/wp-content\/uploads\/2022\/07\/S\u00e9lection-Namur-Legend-30072022-02.jpg\" data-rel=\"rgg\" rel=\"rgg\" title=\"\" class=\"rgg-disabled size-medium rgg-img\" data-src=\"https:\/\/fr.motocrossmag.be\/wp-content\/uploads\/2022\/07\/S\u00e9lection-Namur-Legend-30072022-02-650x435.jpg\" data-ratio=\"1.4942528735632\" data-height=\"435\" data-width=\"650\" aria-label=\"\">\n                            <\/a>\n                    <a data-rel=\"iLightbox[postimages]\" data-title=\"S\u00e9lection Namur Legend 30072022 01\" data-caption=\"\" href=\"https:\/\/fr.motocrossmag.be\/wp-content\/uploads\/2022\/07\/S\u00e9lection-Namur-Legend-30072022-01.jpg\" data-rel=\"rgg\" rel=\"rgg\" title=\"\" class=\"rgg-disabled size-medium rgg-img\" data-src=\"https:\/\/fr.motocrossmag.be\/wp-content\/uploads\/2022\/07\/S\u00e9lection-Namur-Legend-30072022-01-650x435.jpg\" data-ratio=\"1.4942528735632\" data-height=\"435\" data-width=\"650\" aria-label=\"\">\n                            <\/a>\n            <\/div>\n<\/div>\n<p>&nbsp;<\/p>\n<p>&nbsp;<\/p>\n","protected":false},"excerpt":{"rendered":"<p>Ce samedi, on a c\u00e9l\u00e9br\u00e9 en pr\u00e9sence d&rsquo;anciens champions, comme Jo\u00ebl Smets, Jacky Martens ou Roger De Coster, et de repr\u00e9sentants politiques namurois les 75 ans de la premi\u00e8re organisation [&#8230;]<\/p>\n","protected":false},"author":932,"featured_media":119329,"comment_status":"open","ping_status":"closed","sticky":false,"template":"","format":"standard","meta":{"footnotes":""},"categories":[54,4,5,55,65,992],"tags":[947,1315,1174],"class_list":["post-119200","post","type-post","status-publish","format-standard","has-post-thumbnail","hentry","category-actualite","category-motocross","category-news","category-news-actualite","category-slideshow","category-vintage","tag-motocross","tag-namur","tag-vintage"],"yoast_head":"<!-- This site is optimized with the Yoast SEO plugin v27.4 - https:\/\/yoast.com\/product\/yoast-seo-wordpress\/ -->\n<title>Namur : on a c\u00e9l\u00e9br\u00e9 le 75\u00e8me anniversaire du motocross de la citadelle - Motocross - Enduro - Supermoto | MotocrossMag<\/title>\n<meta name=\"robots\" content=\"index, follow, max-snippet:-1, max-image-preview:large, max-video-preview:-1\" \/>\n<link rel=\"canonical\" href=\"https:\/\/fr.motocrossmag.be\/index.php\/2022\/07\/namur-on-a-celebre-le-75eme-anniversaire-du-motocross-de-la-citadelle\/\" \/>\n<meta property=\"og:locale\" content=\"fr_FR\" \/>\n<meta property=\"og:type\" content=\"article\" \/>\n<meta property=\"og:title\" content=\"Namur : on a c\u00e9l\u00e9br\u00e9 le 75\u00e8me anniversaire du motocross de la citadelle - Motocross - Enduro - Supermoto | MotocrossMag\" \/>\n<meta property=\"og:description\" content=\"Ce samedi, on a c\u00e9l\u00e9br\u00e9 en pr\u00e9sence d&rsquo;anciens champions, comme Jo\u00ebl Smets, Jacky Martens ou Roger De Coster, et de repr\u00e9sentants politiques namurois les 75 ans de la premi\u00e8re organisation [...]\" \/>\n<meta property=\"og:url\" content=\"https:\/\/fr.motocrossmag.be\/index.php\/2022\/07\/namur-on-a-celebre-le-75eme-anniversaire-du-motocross-de-la-citadelle\/\" \/>\n<meta property=\"og:site_name\" content=\"Motocross - Enduro - Supermoto | MotocrossMag\" \/>\n<meta property=\"article:published_time\" content=\"2022-07-31T05:23:01+00:00\" \/>\n<meta property=\"article:modified_time\" content=\"2022-07-31T05:52:53+00:00\" \/>\n<meta property=\"og:image\" content=\"https:\/\/fr.motocrossmag.be\/wp-content\/uploads\/2022\/07\/S\u00e9lection-Namur-Legend-30072022-52.jpg\" \/>\n\t<meta property=\"og:image:width\" content=\"1000\" \/>\n\t<meta property=\"og:image:height\" content=\"669\" \/>\n\t<meta property=\"og:image:type\" content=\"image\/jpeg\" \/>\n<meta name=\"author\" content=\"oliviere\" \/>\n<meta name=\"twitter:card\" content=\"summary_large_image\" \/>\n<meta name=\"twitter:label1\" content=\"\u00c9crit par\" \/>\n\t<meta name=\"twitter:data1\" content=\"oliviere\" \/>\n\t<meta name=\"twitter:label2\" content=\"Dur\u00e9e de lecture estim\u00e9e\" \/>\n\t<meta name=\"twitter:data2\" content=\"1 minute\" \/>\n<script type=\"application\/ld+json\" class=\"yoast-schema-graph\">{\"@context\":\"https:\\\/\\\/schema.org\",\"@graph\":[{\"@type\":\"Article\",\"@id\":\"https:\\\/\\\/fr.motocrossmag.be\\\/index.php\\\/2022\\\/07\\\/namur-on-a-celebre-le-75eme-anniversaire-du-motocross-de-la-citadelle\\\/#article\",\"isPartOf\":{\"@id\":\"https:\\\/\\\/fr.motocrossmag.be\\\/index.php\\\/2022\\\/07\\\/namur-on-a-celebre-le-75eme-anniversaire-du-motocross-de-la-citadelle\\\/\"},\"author\":{\"name\":\"oliviere\",\"@id\":\"https:\\\/\\\/fr.motocrossmag.be\\\/#\\\/schema\\\/person\\\/11b47143d9f755babca2c9110e03235c\"},\"headline\":\"Namur : on a c\u00e9l\u00e9br\u00e9 le 75\u00e8me anniversaire du motocross de la citadelle\",\"datePublished\":\"2022-07-31T05:23:01+00:00\",\"dateModified\":\"2022-07-31T05:52:53+00:00\",\"mainEntityOfPage\":{\"@id\":\"https:\\\/\\\/fr.motocrossmag.be\\\/index.php\\\/2022\\\/07\\\/namur-on-a-celebre-le-75eme-anniversaire-du-motocross-de-la-citadelle\\\/\"},\"wordCount\":131,\"commentCount\":0,\"image\":{\"@id\":\"https:\\\/\\\/fr.motocrossmag.be\\\/index.php\\\/2022\\\/07\\\/namur-on-a-celebre-le-75eme-anniversaire-du-motocross-de-la-citadelle\\\/#primaryimage\"},\"thumbnailUrl\":\"https:\\\/\\\/fr.motocrossmag.be\\\/wp-content\\\/uploads\\\/2022\\\/07\\\/S\u00e9lection-Namur-Legend-30072022-52.jpg\",\"keywords\":[\"Motocross\",\"namur\",\"vintage\"],\"articleSection\":[\"Actualit\u00e9\",\"Motocross\",\"News\",\"News\",\"Slideshow\",\"Vintage\"],\"inLanguage\":\"fr-FR\",\"potentialAction\":[{\"@type\":\"CommentAction\",\"name\":\"Comment\",\"target\":[\"https:\\\/\\\/fr.motocrossmag.be\\\/index.php\\\/2022\\\/07\\\/namur-on-a-celebre-le-75eme-anniversaire-du-motocross-de-la-citadelle\\\/#respond\"]}]},{\"@type\":\"WebPage\",\"@id\":\"https:\\\/\\\/fr.motocrossmag.be\\\/index.php\\\/2022\\\/07\\\/namur-on-a-celebre-le-75eme-anniversaire-du-motocross-de-la-citadelle\\\/\",\"url\":\"https:\\\/\\\/fr.motocrossmag.be\\\/index.php\\\/2022\\\/07\\\/namur-on-a-celebre-le-75eme-anniversaire-du-motocross-de-la-citadelle\\\/\",\"name\":\"Namur : on a c\u00e9l\u00e9br\u00e9 le 75\u00e8me anniversaire du motocross de la citadelle - Motocross - Enduro - Supermoto | MotocrossMag\",\"isPartOf\":{\"@id\":\"https:\\\/\\\/fr.motocrossmag.be\\\/#website\"},\"primaryImageOfPage\":{\"@id\":\"https:\\\/\\\/fr.motocrossmag.be\\\/index.php\\\/2022\\\/07\\\/namur-on-a-celebre-le-75eme-anniversaire-du-motocross-de-la-citadelle\\\/#primaryimage\"},\"image\":{\"@id\":\"https:\\\/\\\/fr.motocrossmag.be\\\/index.php\\\/2022\\\/07\\\/namur-on-a-celebre-le-75eme-anniversaire-du-motocross-de-la-citadelle\\\/#primaryimage\"},\"thumbnailUrl\":\"https:\\\/\\\/fr.motocrossmag.be\\\/wp-content\\\/uploads\\\/2022\\\/07\\\/S\u00e9lection-Namur-Legend-30072022-52.jpg\",\"datePublished\":\"2022-07-31T05:23:01+00:00\",\"dateModified\":\"2022-07-31T05:52:53+00:00\",\"author\":{\"@id\":\"https:\\\/\\\/fr.motocrossmag.be\\\/#\\\/schema\\\/person\\\/11b47143d9f755babca2c9110e03235c\"},\"breadcrumb\":{\"@id\":\"https:\\\/\\\/fr.motocrossmag.be\\\/index.php\\\/2022\\\/07\\\/namur-on-a-celebre-le-75eme-anniversaire-du-motocross-de-la-citadelle\\\/#breadcrumb\"},\"inLanguage\":\"fr-FR\",\"potentialAction\":[{\"@type\":\"ReadAction\",\"target\":[\"https:\\\/\\\/fr.motocrossmag.be\\\/index.php\\\/2022\\\/07\\\/namur-on-a-celebre-le-75eme-anniversaire-du-motocross-de-la-citadelle\\\/\"]}]},{\"@type\":\"ImageObject\",\"inLanguage\":\"fr-FR\",\"@id\":\"https:\\\/\\\/fr.motocrossmag.be\\\/index.php\\\/2022\\\/07\\\/namur-on-a-celebre-le-75eme-anniversaire-du-motocross-de-la-citadelle\\\/#primaryimage\",\"url\":\"https:\\\/\\\/fr.motocrossmag.be\\\/wp-content\\\/uploads\\\/2022\\\/07\\\/S\u00e9lection-Namur-Legend-30072022-52.jpg\",\"contentUrl\":\"https:\\\/\\\/fr.motocrossmag.be\\\/wp-content\\\/uploads\\\/2022\\\/07\\\/S\u00e9lection-Namur-Legend-30072022-52.jpg\",\"width\":\"1000\",\"height\":\"669\"},{\"@type\":\"BreadcrumbList\",\"@id\":\"https:\\\/\\\/fr.motocrossmag.be\\\/index.php\\\/2022\\\/07\\\/namur-on-a-celebre-le-75eme-anniversaire-du-motocross-de-la-citadelle\\\/#breadcrumb\",\"itemListElement\":[{\"@type\":\"ListItem\",\"position\":1,\"name\":\"Accueil\",\"item\":\"https:\\\/\\\/fr.motocrossmag.be\\\/\"},{\"@type\":\"ListItem\",\"position\":2,\"name\":\"Namur : on a c\u00e9l\u00e9br\u00e9 le 75\u00e8me anniversaire du motocross de la citadelle\"}]},{\"@type\":\"WebSite\",\"@id\":\"https:\\\/\\\/fr.motocrossmag.be\\\/#website\",\"url\":\"https:\\\/\\\/fr.motocrossmag.be\\\/\",\"name\":\"Motocross - Enduro - Supermoto | MotocrossMag\",\"description\":\"L&#039;actualit\u00e9 du motocross, de l&#039;enduro et du Supermoto en ligne!\",\"potentialAction\":[{\"@type\":\"SearchAction\",\"target\":{\"@type\":\"EntryPoint\",\"urlTemplate\":\"https:\\\/\\\/fr.motocrossmag.be\\\/?s={search_term_string}\"},\"query-input\":{\"@type\":\"PropertyValueSpecification\",\"valueRequired\":true,\"valueName\":\"search_term_string\"}}],\"inLanguage\":\"fr-FR\"},{\"@type\":\"Person\",\"@id\":\"https:\\\/\\\/fr.motocrossmag.be\\\/#\\\/schema\\\/person\\\/11b47143d9f755babca2c9110e03235c\",\"name\":\"oliviere\",\"image\":{\"@type\":\"ImageObject\",\"inLanguage\":\"fr-FR\",\"@id\":\"https:\\\/\\\/secure.gravatar.com\\\/avatar\\\/907069e0b81d119452040469e4a7501da1100f54f7f80180ce77bfab718288f6?s=96&d=mm&r=g\",\"url\":\"https:\\\/\\\/secure.gravatar.com\\\/avatar\\\/907069e0b81d119452040469e4a7501da1100f54f7f80180ce77bfab718288f6?s=96&d=mm&r=g\",\"contentUrl\":\"https:\\\/\\\/secure.gravatar.com\\\/avatar\\\/907069e0b81d119452040469e4a7501da1100f54f7f80180ce77bfab718288f6?s=96&d=mm&r=g\",\"caption\":\"oliviere\"},\"sameAs\":[\"http:\\\/\\\/www.motocrossmag.be\"],\"url\":\"https:\\\/\\\/fr.motocrossmag.be\\\/index.php\\\/author\\\/oliviere\\\/\"}]}<\/script>\n<!-- \/ Yoast SEO plugin. -->","yoast_head_json":{"title":"Namur : on a c\u00e9l\u00e9br\u00e9 le 75\u00e8me anniversaire du motocross de la citadelle - Motocross - Enduro - Supermoto | MotocrossMag","robots":{"index":"index","follow":"follow","max-snippet":"max-snippet:-1","max-image-preview":"max-image-preview:large","max-video-preview":"max-video-preview:-1"},"canonical":"https:\/\/fr.motocrossmag.be\/index.php\/2022\/07\/namur-on-a-celebre-le-75eme-anniversaire-du-motocross-de-la-citadelle\/","og_locale":"fr_FR","og_type":"article","og_title":"Namur : on a c\u00e9l\u00e9br\u00e9 le 75\u00e8me anniversaire du motocross de la citadelle - Motocross - Enduro - Supermoto | MotocrossMag","og_description":"Ce samedi, on a c\u00e9l\u00e9br\u00e9 en pr\u00e9sence d&rsquo;anciens champions, comme Jo\u00ebl Smets, Jacky Martens ou Roger De Coster, et de repr\u00e9sentants politiques namurois les 75 ans de la premi\u00e8re organisation [...]","og_url":"https:\/\/fr.motocrossmag.be\/index.php\/2022\/07\/namur-on-a-celebre-le-75eme-anniversaire-du-motocross-de-la-citadelle\/","og_site_name":"Motocross - Enduro - Supermoto | MotocrossMag","article_published_time":"2022-07-31T05:23:01+00:00","article_modified_time":"2022-07-31T05:52:53+00:00","og_image":[{"width":1000,"height":669,"url":"https:\/\/fr.motocrossmag.be\/wp-content\/uploads\/2022\/07\/S\u00e9lection-Namur-Legend-30072022-52.jpg","type":"image\/jpeg"}],"author":"oliviere","twitter_card":"summary_large_image","twitter_misc":{"\u00c9crit par":"oliviere","Dur\u00e9e de lecture estim\u00e9e":"1 minute"},"schema":{"@context":"https:\/\/schema.org","@graph":[{"@type":"Article","@id":"https:\/\/fr.motocrossmag.be\/index.php\/2022\/07\/namur-on-a-celebre-le-75eme-anniversaire-du-motocross-de-la-citadelle\/#article","isPartOf":{"@id":"https:\/\/fr.motocrossmag.be\/index.php\/2022\/07\/namur-on-a-celebre-le-75eme-anniversaire-du-motocross-de-la-citadelle\/"},"author":{"name":"oliviere","@id":"https:\/\/fr.motocrossmag.be\/#\/schema\/person\/11b47143d9f755babca2c9110e03235c"},"headline":"Namur : on a c\u00e9l\u00e9br\u00e9 le 75\u00e8me anniversaire du motocross de la citadelle","datePublished":"2022-07-31T05:23:01+00:00","dateModified":"2022-07-31T05:52:53+00:00","mainEntityOfPage":{"@id":"https:\/\/fr.motocrossmag.be\/index.php\/2022\/07\/namur-on-a-celebre-le-75eme-anniversaire-du-motocross-de-la-citadelle\/"},"wordCount":131,"commentCount":0,"image":{"@id":"https:\/\/fr.motocrossmag.be\/index.php\/2022\/07\/namur-on-a-celebre-le-75eme-anniversaire-du-motocross-de-la-citadelle\/#primaryimage"},"thumbnailUrl":"https:\/\/fr.motocrossmag.be\/wp-content\/uploads\/2022\/07\/S\u00e9lection-Namur-Legend-30072022-52.jpg","keywords":["Motocross","namur","vintage"],"articleSection":["Actualit\u00e9","Motocross","News","News","Slideshow","Vintage"],"inLanguage":"fr-FR","potentialAction":[{"@type":"CommentAction","name":"Comment","target":["https:\/\/fr.motocrossmag.be\/index.php\/2022\/07\/namur-on-a-celebre-le-75eme-anniversaire-du-motocross-de-la-citadelle\/#respond"]}]},{"@type":"WebPage","@id":"https:\/\/fr.motocrossmag.be\/index.php\/2022\/07\/namur-on-a-celebre-le-75eme-anniversaire-du-motocross-de-la-citadelle\/","url":"https:\/\/fr.motocrossmag.be\/index.php\/2022\/07\/namur-on-a-celebre-le-75eme-anniversaire-du-motocross-de-la-citadelle\/","name":"Namur : on a c\u00e9l\u00e9br\u00e9 le 75\u00e8me anniversaire du motocross de la citadelle - Motocross - Enduro - Supermoto | MotocrossMag","isPartOf":{"@id":"https:\/\/fr.motocrossmag.be\/#website"},"primaryImageOfPage":{"@id":"https:\/\/fr.motocrossmag.be\/index.php\/2022\/07\/namur-on-a-celebre-le-75eme-anniversaire-du-motocross-de-la-citadelle\/#primaryimage"},"image":{"@id":"https:\/\/fr.motocrossmag.be\/index.php\/2022\/07\/namur-on-a-celebre-le-75eme-anniversaire-du-motocross-de-la-citadelle\/#primaryimage"},"thumbnailUrl":"https:\/\/fr.motocrossmag.be\/wp-content\/uploads\/2022\/07\/S\u00e9lection-Namur-Legend-30072022-52.jpg","datePublished":"2022-07-31T05:23:01+00:00","dateModified":"2022-07-31T05:52:53+00:00","author":{"@id":"https:\/\/fr.motocrossmag.be\/#\/schema\/person\/11b47143d9f755babca2c9110e03235c"},"breadcrumb":{"@id":"https:\/\/fr.motocrossmag.be\/index.php\/2022\/07\/namur-on-a-celebre-le-75eme-anniversaire-du-motocross-de-la-citadelle\/#breadcrumb"},"inLanguage":"fr-FR","potentialAction":[{"@type":"ReadAction","target":["https:\/\/fr.motocrossmag.be\/index.php\/2022\/07\/namur-on-a-celebre-le-75eme-anniversaire-du-motocross-de-la-citadelle\/"]}]},{"@type":"ImageObject","inLanguage":"fr-FR","@id":"https:\/\/fr.motocrossmag.be\/index.php\/2022\/07\/namur-on-a-celebre-le-75eme-anniversaire-du-motocross-de-la-citadelle\/#primaryimage","url":"https:\/\/fr.motocrossmag.be\/wp-content\/uploads\/2022\/07\/S\u00e9lection-Namur-Legend-30072022-52.jpg","contentUrl":"https:\/\/fr.motocrossmag.be\/wp-content\/uploads\/2022\/07\/S\u00e9lection-Namur-Legend-30072022-52.jpg","width":"1000","height":"669"},{"@type":"BreadcrumbList","@id":"https:\/\/fr.motocrossmag.be\/index.php\/2022\/07\/namur-on-a-celebre-le-75eme-anniversaire-du-motocross-de-la-citadelle\/#breadcrumb","itemListElement":[{"@type":"ListItem","position":1,"name":"Accueil","item":"https:\/\/fr.motocrossmag.be\/"},{"@type":"ListItem","position":2,"name":"Namur : on a c\u00e9l\u00e9br\u00e9 le 75\u00e8me anniversaire du motocross de la citadelle"}]},{"@type":"WebSite","@id":"https:\/\/fr.motocrossmag.be\/#website","url":"https:\/\/fr.motocrossmag.be\/","name":"Motocross - Enduro - Supermoto | MotocrossMag","description":"L&#039;actualit\u00e9 du motocross, de l&#039;enduro et du Supermoto en ligne!","potentialAction":[{"@type":"SearchAction","target":{"@type":"EntryPoint","urlTemplate":"https:\/\/fr.motocrossmag.be\/?s={search_term_string}"},"query-input":{"@type":"PropertyValueSpecification","valueRequired":true,"valueName":"search_term_string"}}],"inLanguage":"fr-FR"},{"@type":"Person","@id":"https:\/\/fr.motocrossmag.be\/#\/schema\/person\/11b47143d9f755babca2c9110e03235c","name":"oliviere","image":{"@type":"ImageObject","inLanguage":"fr-FR","@id":"https:\/\/secure.gravatar.com\/avatar\/907069e0b81d119452040469e4a7501da1100f54f7f80180ce77bfab718288f6?s=96&d=mm&r=g","url":"https:\/\/secure.gravatar.com\/avatar\/907069e0b81d119452040469e4a7501da1100f54f7f80180ce77bfab718288f6?s=96&d=mm&r=g","contentUrl":"https:\/\/secure.gravatar.com\/avatar\/907069e0b81d119452040469e4a7501da1100f54f7f80180ce77bfab718288f6?s=96&d=mm&r=g","caption":"oliviere"},"sameAs":["http:\/\/www.motocrossmag.be"],"url":"https:\/\/fr.motocrossmag.be\/index.php\/author\/oliviere\/"}]}},"_links":{"self":[{"href":"https:\/\/fr.motocrossmag.be\/index.php\/wp-json\/wp\/v2\/posts\/119200","targetHints":{"allow":["GET"]}}],"collection":[{"href":"https:\/\/fr.motocrossmag.be\/index.php\/wp-json\/wp\/v2\/posts"}],"about":[{"href":"https:\/\/fr.motocrossmag.be\/index.php\/wp-json\/wp\/v2\/types\/post"}],"author":[{"embeddable":true,"href":"https:\/\/fr.motocrossmag.be\/index.php\/wp-json\/wp\/v2\/users\/932"}],"replies":[{"embeddable":true,"href":"https:\/\/fr.motocrossmag.be\/index.php\/wp-json\/wp\/v2\/comments?post=119200"}],"version-history":[{"count":1,"href":"https:\/\/fr.motocrossmag.be\/index.php\/wp-json\/wp\/v2\/posts\/119200\/revisions"}],"predecessor-version":[{"id":119293,"href":"https:\/\/fr.motocrossmag.be\/index.php\/wp-json\/wp\/v2\/posts\/119200\/revisions\/119293"}],"wp:featuredmedia":[{"embeddable":true,"href":"https:\/\/fr.motocrossmag.be\/index.php\/wp-json\/wp\/v2\/media\/119329"}],"wp:attachment":[{"href":"https:\/\/fr.motocrossmag.be\/index.php\/wp-json\/wp\/v2\/media?parent=119200"}],"wp:term":[{"taxonomy":"category","embeddable":true,"href":"https:\/\/fr.motocrossmag.be\/index.php\/wp-json\/wp\/v2\/categories?post=119200"},{"taxonomy":"post_tag","embeddable":true,"href":"https:\/\/fr.motocrossmag.be\/index.php\/wp-json\/wp\/v2\/tags?post=119200"}],"curies":[{"name":"wp","href":"https:\/\/api.w.org\/{rel}","templated":true}]}}