{"id":119330,"date":"2022-07-31T19:55:20","date_gmt":"2022-07-31T17:55:20","guid":{"rendered":"http:\/\/fr.motocrossmag.be\/?p=119330"},"modified":"2022-07-31T19:56:55","modified_gmt":"2022-07-31T17:56:55","slug":"supermoto-la-france-rafle-la-mise-a-mettet","status":"publish","type":"post","link":"https:\/\/fr.motocrossmag.be\/index.php\/2022\/07\/supermoto-la-france-rafle-la-mise-a-mettet\/","title":{"rendered":"Supermoto : la France rafle la mise \u00e0 Mettet"},"content":{"rendered":"<p><strong>Pour la premi\u00e8re fois en seize \u00e9ditions, le Supermoto des Nations s&rsquo;est disput\u00e9 en Belgique. Ce week-end, c&rsquo;est sur le circuit Jules Tacheny \u00e0 Mettet que les meilleurs pilotes de la discipline se sont affront\u00e9s par \u00e9quipes nationales. Vainqueurs \u00e0 dix reprises sur les quinze \u00e9ditions pr\u00e9c\u00e9dentes, les tenants du titre ont fait coup double \u00e0 Mettet. L&rsquo;\u00e9quipe de France remporte en effet son 11\u00e8me succ\u00e8s sur ce championnat du monde par \u00e9quipe alors que l&rsquo;\u00e9quipe junior engag\u00e9e par la f\u00e9d\u00e9 fran\u00e7aise remporte sa cat\u00e9gorie tout en prenant une impressionnante deuxi\u00e8me place au classement g\u00e9n\u00e9ral. On peut donc parler d&rsquo;un doubl\u00e9 fran\u00e7ais ce dimanche \u00e0 Mettet.<\/strong><\/p>\n<p>Sous le soleil et face \u00e0 un public venu les supporter face aux meilleurs sp\u00e9cialistes du Supermoto, les pilotes belges ont montr\u00e9 de belles choses \u00e0 Mettet ce week-end.\u00a0<span class=\"d2edcug0 hpfvmrgz qv66sw1b c1et5uql lr9zc1uh a8c37x1j fe6kdd0r mau55g9w c8b282yb keod5gw0 nxhoafnm aigsh9s9 d3f4x2em iv3no6db jq4qci2q a3bd9o3v b1v8xokw oo9gr5id\" dir=\"auto\">Rom\u00e9o Fiorentino, Loucas Capone et Nicolas Vandommele sont m\u00eame mont\u00e9s sur la troisi\u00e8me marche du podium Junior derri\u00e8re les \u00e9quipes de France et d&rsquo;Espagne. Une jolie performance pour nos trois espoirs du Supermoto belge !<\/span><\/p>\n<p><img decoding=\"async\" class=\"lazyload alignnone size-full wp-image-119331\" src=\"http:\/\/fr.motocrossmag.be\/wp-content\/uploads\/2022\/07\/podium-junior-supermoto-nations.jpg\" data-orig-src=\"http:\/\/fr.motocrossmag.be\/wp-content\/uploads\/2022\/07\/podium-junior-supermoto-nations.jpg\" alt=\"\" width=\"1000\" height=\"666\" srcset=\"data:image\/svg+xml,%3Csvg%20xmlns%3D%27http%3A%2F%2Fwww.w3.org%2F2000%2Fsvg%27%20width%3D%271000%27%20height%3D%27666%27%20viewBox%3D%270%200%201000%20666%27%3E%3Crect%20width%3D%271000%27%20height%3D%27666%27%20fill-opacity%3D%220%22%2F%3E%3C%2Fsvg%3E\" data-srcset=\"https:\/\/fr.motocrossmag.be\/wp-content\/uploads\/2022\/07\/podium-junior-supermoto-nations-650x433.jpg 650w, https:\/\/fr.motocrossmag.be\/wp-content\/uploads\/2022\/07\/podium-junior-supermoto-nations-768x511.jpg 768w, https:\/\/fr.motocrossmag.be\/wp-content\/uploads\/2022\/07\/podium-junior-supermoto-nations.jpg 1000w\" data-sizes=\"auto\" data-orig-sizes=\"(max-width: 1000px) 100vw, 1000px\" \/><\/p>\n<p>Notre \u00e9quipe Senior s&rsquo;offre quant \u00e0 elle un top-5 au classement g\u00e9n\u00e9ral. Si se sont le Fran\u00e7ais Thomas Chareyre et l&rsquo;Allemand Marc-Reiner Schmidt qui se sont impos\u00e9s dans les manches, avec une victoire pour Chareyre et deux pour Schmidt, Romain Kaivers s&rsquo;est illustr\u00e9 face au gratin mondial avec une 4\u00e8me puis une 5\u00e8me places. Le pilote TM hisse v\u00e9ritablement l&rsquo;\u00e9quipe belge parmi ce top-5 qu&rsquo;elle partage avec les deux \u00e9quipes fran\u00e7aises, l&rsquo;Italie et l&rsquo;Allemagne.<\/p>\n<p>Son co\u00e9quipier Kevin Viellevoye \u00e9tait point\u00e9 24\u00e8me \u00e0 la fin du premier tour dans sa premi\u00e8re manche et remontera ensuite en quelques tours jusqu&rsquo;\u00e0 la 17\u00e8me place pour conserver ce rang jusqu&rsquo;au drapeau \u00e0 damiers. Sa seconde course sera plus sereine avec un d\u00e9part dans le top-10 et une belle 8\u00e8me place \u00e0 l&rsquo;arriv\u00e9e. Nicolas Decaigny prend pour sa part une 17\u00e8me et une 18\u00e8me places.<\/p>\n<p><span style=\"color: #800000;\"><strong>R\u00e9sultats<\/strong><\/span><\/p>\n<p><span class=\"d2edcug0 hpfvmrgz qv66sw1b c1et5uql lr9zc1uh a8c37x1j fe6kdd0r mau55g9w c8b282yb keod5gw0 nxhoafnm aigsh9s9 d3f4x2em iv3no6db jq4qci2q a3bd9o3v b1v8xokw oo9gr5id\" dir=\"auto\">1.France 13 points; 2. France JR 26 points; 3. Italie 31 points; 4. Allemagne 33 points; <strong>5. Belgique 51 points<\/strong>; 6.Espagne JR 54 points; 7.Suisse 60 points; <strong>8 Belgique JR 60 points<\/strong>; 9. Grande-Bretagne 73 points; 10 Su\u00e8de 75 points;&#8230;<\/span><\/p>\n<p>&nbsp;<\/p>\n<a href=\"https:\/\/www.supermotos1gp.com\/results-2022\/\" class=\"su-button su-button-style-flat\" style=\"color:#FFFFFF;background-color:#e52e17;border-color:#b82513;border-radius:9px\" target=\"_blank\" rel=\"noopener noreferrer\"><span style=\"color:#FFFFFF;padding:8px 24px;font-size:18px;line-height:27px;border-color:#ed6d5d;border-radius:9px;text-shadow:none\"><i class=\"sui sui-trophy\" style=\"font-size:18px;color:#FFFFFF\"><\/i> Voir les r\u00e9sultats complets <\/span><\/a>\n","protected":false},"excerpt":{"rendered":"<p>Pour la premi\u00e8re fois en seize \u00e9ditions, le Supermoto des Nations s&rsquo;est disput\u00e9 en Belgique. Ce week-end, c&rsquo;est sur le circuit Jules Tacheny \u00e0 Mettet que les meilleurs pilotes de [&#8230;]<\/p>\n","protected":false},"author":932,"featured_media":119332,"comment_status":"open","ping_status":"closed","sticky":false,"template":"","format":"standard","meta":{"footnotes":""},"categories":[54,42,43,55,56,65,38],"tags":[1815,1294,1816,1703,974],"class_list":["post-119330","post","type-post","status-publish","format-standard","has-post-thumbnail","hentry","category-actualite","category-mondial-supermoto","category-news-supermoto","category-news-actualite","category-resultats","category-slideshow","category-supermoto","tag-kevin-viellevoye","tag-mettet","tag-romain-kaivers","tag-romeo-fiorentino","tag-supermoto"],"yoast_head":"<!-- This site is optimized with the Yoast SEO plugin v27.4 - https:\/\/yoast.com\/product\/yoast-seo-wordpress\/ -->\n<title>Supermoto : la France rafle la mise \u00e0 Mettet - Motocross - Enduro - Supermoto | MotocrossMag<\/title>\n<meta name=\"robots\" content=\"index, follow, max-snippet:-1, max-image-preview:large, max-video-preview:-1\" \/>\n<link rel=\"canonical\" href=\"https:\/\/fr.motocrossmag.be\/index.php\/2022\/07\/supermoto-la-france-rafle-la-mise-a-mettet\/\" \/>\n<meta property=\"og:locale\" content=\"fr_FR\" \/>\n<meta property=\"og:type\" content=\"article\" \/>\n<meta property=\"og:title\" content=\"Supermoto : la France rafle la mise \u00e0 Mettet - Motocross - Enduro - Supermoto | MotocrossMag\" \/>\n<meta property=\"og:description\" content=\"Pour la premi\u00e8re fois en seize \u00e9ditions, le Supermoto des Nations s&rsquo;est disput\u00e9 en Belgique. Ce week-end, c&rsquo;est sur le circuit Jules Tacheny \u00e0 Mettet que les meilleurs pilotes de [...]\" \/>\n<meta property=\"og:url\" content=\"https:\/\/fr.motocrossmag.be\/index.php\/2022\/07\/supermoto-la-france-rafle-la-mise-a-mettet\/\" \/>\n<meta property=\"og:site_name\" content=\"Motocross - Enduro - Supermoto | MotocrossMag\" \/>\n<meta property=\"article:published_time\" content=\"2022-07-31T17:55:20+00:00\" \/>\n<meta property=\"article:modified_time\" content=\"2022-07-31T17:56:55+00:00\" \/>\n<meta property=\"og:image\" content=\"https:\/\/fr.motocrossmag.be\/wp-content\/uploads\/2022\/07\/france-supermoto-nations.jpg\" \/>\n\t<meta property=\"og:image:width\" content=\"1000\" \/>\n\t<meta property=\"og:image:height\" content=\"666\" \/>\n\t<meta property=\"og:image:type\" content=\"image\/jpeg\" \/>\n<meta name=\"author\" content=\"oliviere\" \/>\n<meta name=\"twitter:card\" content=\"summary_large_image\" \/>\n<meta name=\"twitter:label1\" content=\"\u00c9crit par\" \/>\n\t<meta name=\"twitter:data1\" content=\"oliviere\" \/>\n\t<meta name=\"twitter:label2\" content=\"Dur\u00e9e de lecture estim\u00e9e\" \/>\n\t<meta name=\"twitter:data2\" content=\"2 minutes\" \/>\n<script type=\"application\/ld+json\" class=\"yoast-schema-graph\">{\"@context\":\"https:\\\/\\\/schema.org\",\"@graph\":[{\"@type\":\"Article\",\"@id\":\"https:\\\/\\\/fr.motocrossmag.be\\\/index.php\\\/2022\\\/07\\\/supermoto-la-france-rafle-la-mise-a-mettet\\\/#article\",\"isPartOf\":{\"@id\":\"https:\\\/\\\/fr.motocrossmag.be\\\/index.php\\\/2022\\\/07\\\/supermoto-la-france-rafle-la-mise-a-mettet\\\/\"},\"author\":{\"name\":\"oliviere\",\"@id\":\"https:\\\/\\\/fr.motocrossmag.be\\\/#\\\/schema\\\/person\\\/11b47143d9f755babca2c9110e03235c\"},\"headline\":\"Supermoto : la France rafle la mise \u00e0 Mettet\",\"datePublished\":\"2022-07-31T17:55:20+00:00\",\"dateModified\":\"2022-07-31T17:56:55+00:00\",\"mainEntityOfPage\":{\"@id\":\"https:\\\/\\\/fr.motocrossmag.be\\\/index.php\\\/2022\\\/07\\\/supermoto-la-france-rafle-la-mise-a-mettet\\\/\"},\"wordCount\":404,\"commentCount\":0,\"image\":{\"@id\":\"https:\\\/\\\/fr.motocrossmag.be\\\/index.php\\\/2022\\\/07\\\/supermoto-la-france-rafle-la-mise-a-mettet\\\/#primaryimage\"},\"thumbnailUrl\":\"https:\\\/\\\/fr.motocrossmag.be\\\/wp-content\\\/uploads\\\/2022\\\/07\\\/france-supermoto-nations.jpg\",\"keywords\":[\"kevin viellevoye\",\"mettet\",\"romain kaivers\",\"rom\u00e9o fiorentino\",\"Supermoto\"],\"articleSection\":[\"Actualit\u00e9\",\"International\",\"News\",\"News\",\"R\u00e9sultats\",\"Slideshow\",\"Supermoto\"],\"inLanguage\":\"fr-FR\",\"potentialAction\":[{\"@type\":\"CommentAction\",\"name\":\"Comment\",\"target\":[\"https:\\\/\\\/fr.motocrossmag.be\\\/index.php\\\/2022\\\/07\\\/supermoto-la-france-rafle-la-mise-a-mettet\\\/#respond\"]}]},{\"@type\":\"WebPage\",\"@id\":\"https:\\\/\\\/fr.motocrossmag.be\\\/index.php\\\/2022\\\/07\\\/supermoto-la-france-rafle-la-mise-a-mettet\\\/\",\"url\":\"https:\\\/\\\/fr.motocrossmag.be\\\/index.php\\\/2022\\\/07\\\/supermoto-la-france-rafle-la-mise-a-mettet\\\/\",\"name\":\"Supermoto : la France rafle la mise \u00e0 Mettet - Motocross - Enduro - Supermoto | MotocrossMag\",\"isPartOf\":{\"@id\":\"https:\\\/\\\/fr.motocrossmag.be\\\/#website\"},\"primaryImageOfPage\":{\"@id\":\"https:\\\/\\\/fr.motocrossmag.be\\\/index.php\\\/2022\\\/07\\\/supermoto-la-france-rafle-la-mise-a-mettet\\\/#primaryimage\"},\"image\":{\"@id\":\"https:\\\/\\\/fr.motocrossmag.be\\\/index.php\\\/2022\\\/07\\\/supermoto-la-france-rafle-la-mise-a-mettet\\\/#primaryimage\"},\"thumbnailUrl\":\"https:\\\/\\\/fr.motocrossmag.be\\\/wp-content\\\/uploads\\\/2022\\\/07\\\/france-supermoto-nations.jpg\",\"datePublished\":\"2022-07-31T17:55:20+00:00\",\"dateModified\":\"2022-07-31T17:56:55+00:00\",\"author\":{\"@id\":\"https:\\\/\\\/fr.motocrossmag.be\\\/#\\\/schema\\\/person\\\/11b47143d9f755babca2c9110e03235c\"},\"breadcrumb\":{\"@id\":\"https:\\\/\\\/fr.motocrossmag.be\\\/index.php\\\/2022\\\/07\\\/supermoto-la-france-rafle-la-mise-a-mettet\\\/#breadcrumb\"},\"inLanguage\":\"fr-FR\",\"potentialAction\":[{\"@type\":\"ReadAction\",\"target\":[\"https:\\\/\\\/fr.motocrossmag.be\\\/index.php\\\/2022\\\/07\\\/supermoto-la-france-rafle-la-mise-a-mettet\\\/\"]}]},{\"@type\":\"ImageObject\",\"inLanguage\":\"fr-FR\",\"@id\":\"https:\\\/\\\/fr.motocrossmag.be\\\/index.php\\\/2022\\\/07\\\/supermoto-la-france-rafle-la-mise-a-mettet\\\/#primaryimage\",\"url\":\"https:\\\/\\\/fr.motocrossmag.be\\\/wp-content\\\/uploads\\\/2022\\\/07\\\/france-supermoto-nations.jpg\",\"contentUrl\":\"https:\\\/\\\/fr.motocrossmag.be\\\/wp-content\\\/uploads\\\/2022\\\/07\\\/france-supermoto-nations.jpg\",\"width\":\"1000\",\"height\":\"666\"},{\"@type\":\"BreadcrumbList\",\"@id\":\"https:\\\/\\\/fr.motocrossmag.be\\\/index.php\\\/2022\\\/07\\\/supermoto-la-france-rafle-la-mise-a-mettet\\\/#breadcrumb\",\"itemListElement\":[{\"@type\":\"ListItem\",\"position\":1,\"name\":\"Accueil\",\"item\":\"https:\\\/\\\/fr.motocrossmag.be\\\/\"},{\"@type\":\"ListItem\",\"position\":2,\"name\":\"Supermoto : la France rafle la mise \u00e0 Mettet\"}]},{\"@type\":\"WebSite\",\"@id\":\"https:\\\/\\\/fr.motocrossmag.be\\\/#website\",\"url\":\"https:\\\/\\\/fr.motocrossmag.be\\\/\",\"name\":\"Motocross - Enduro - Supermoto | MotocrossMag\",\"description\":\"L&#039;actualit\u00e9 du motocross, de l&#039;enduro et du Supermoto en ligne!\",\"potentialAction\":[{\"@type\":\"SearchAction\",\"target\":{\"@type\":\"EntryPoint\",\"urlTemplate\":\"https:\\\/\\\/fr.motocrossmag.be\\\/?s={search_term_string}\"},\"query-input\":{\"@type\":\"PropertyValueSpecification\",\"valueRequired\":true,\"valueName\":\"search_term_string\"}}],\"inLanguage\":\"fr-FR\"},{\"@type\":\"Person\",\"@id\":\"https:\\\/\\\/fr.motocrossmag.be\\\/#\\\/schema\\\/person\\\/11b47143d9f755babca2c9110e03235c\",\"name\":\"oliviere\",\"image\":{\"@type\":\"ImageObject\",\"inLanguage\":\"fr-FR\",\"@id\":\"https:\\\/\\\/secure.gravatar.com\\\/avatar\\\/907069e0b81d119452040469e4a7501da1100f54f7f80180ce77bfab718288f6?s=96&d=mm&r=g\",\"url\":\"https:\\\/\\\/secure.gravatar.com\\\/avatar\\\/907069e0b81d119452040469e4a7501da1100f54f7f80180ce77bfab718288f6?s=96&d=mm&r=g\",\"contentUrl\":\"https:\\\/\\\/secure.gravatar.com\\\/avatar\\\/907069e0b81d119452040469e4a7501da1100f54f7f80180ce77bfab718288f6?s=96&d=mm&r=g\",\"caption\":\"oliviere\"},\"sameAs\":[\"http:\\\/\\\/www.motocrossmag.be\"],\"url\":\"https:\\\/\\\/fr.motocrossmag.be\\\/index.php\\\/author\\\/oliviere\\\/\"}]}<\/script>\n<!-- \/ Yoast SEO plugin. -->","yoast_head_json":{"title":"Supermoto : la France rafle la mise \u00e0 Mettet - Motocross - Enduro - Supermoto | MotocrossMag","robots":{"index":"index","follow":"follow","max-snippet":"max-snippet:-1","max-image-preview":"max-image-preview:large","max-video-preview":"max-video-preview:-1"},"canonical":"https:\/\/fr.motocrossmag.be\/index.php\/2022\/07\/supermoto-la-france-rafle-la-mise-a-mettet\/","og_locale":"fr_FR","og_type":"article","og_title":"Supermoto : la France rafle la mise \u00e0 Mettet - Motocross - Enduro - Supermoto | MotocrossMag","og_description":"Pour la premi\u00e8re fois en seize \u00e9ditions, le Supermoto des Nations s&rsquo;est disput\u00e9 en Belgique. Ce week-end, c&rsquo;est sur le circuit Jules Tacheny \u00e0 Mettet que les meilleurs pilotes de [...]","og_url":"https:\/\/fr.motocrossmag.be\/index.php\/2022\/07\/supermoto-la-france-rafle-la-mise-a-mettet\/","og_site_name":"Motocross - Enduro - Supermoto | MotocrossMag","article_published_time":"2022-07-31T17:55:20+00:00","article_modified_time":"2022-07-31T17:56:55+00:00","og_image":[{"width":1000,"height":666,"url":"https:\/\/fr.motocrossmag.be\/wp-content\/uploads\/2022\/07\/france-supermoto-nations.jpg","type":"image\/jpeg"}],"author":"oliviere","twitter_card":"summary_large_image","twitter_misc":{"\u00c9crit par":"oliviere","Dur\u00e9e de lecture estim\u00e9e":"2 minutes"},"schema":{"@context":"https:\/\/schema.org","@graph":[{"@type":"Article","@id":"https:\/\/fr.motocrossmag.be\/index.php\/2022\/07\/supermoto-la-france-rafle-la-mise-a-mettet\/#article","isPartOf":{"@id":"https:\/\/fr.motocrossmag.be\/index.php\/2022\/07\/supermoto-la-france-rafle-la-mise-a-mettet\/"},"author":{"name":"oliviere","@id":"https:\/\/fr.motocrossmag.be\/#\/schema\/person\/11b47143d9f755babca2c9110e03235c"},"headline":"Supermoto : la France rafle la mise \u00e0 Mettet","datePublished":"2022-07-31T17:55:20+00:00","dateModified":"2022-07-31T17:56:55+00:00","mainEntityOfPage":{"@id":"https:\/\/fr.motocrossmag.be\/index.php\/2022\/07\/supermoto-la-france-rafle-la-mise-a-mettet\/"},"wordCount":404,"commentCount":0,"image":{"@id":"https:\/\/fr.motocrossmag.be\/index.php\/2022\/07\/supermoto-la-france-rafle-la-mise-a-mettet\/#primaryimage"},"thumbnailUrl":"https:\/\/fr.motocrossmag.be\/wp-content\/uploads\/2022\/07\/france-supermoto-nations.jpg","keywords":["kevin viellevoye","mettet","romain kaivers","rom\u00e9o fiorentino","Supermoto"],"articleSection":["Actualit\u00e9","International","News","News","R\u00e9sultats","Slideshow","Supermoto"],"inLanguage":"fr-FR","potentialAction":[{"@type":"CommentAction","name":"Comment","target":["https:\/\/fr.motocrossmag.be\/index.php\/2022\/07\/supermoto-la-france-rafle-la-mise-a-mettet\/#respond"]}]},{"@type":"WebPage","@id":"https:\/\/fr.motocrossmag.be\/index.php\/2022\/07\/supermoto-la-france-rafle-la-mise-a-mettet\/","url":"https:\/\/fr.motocrossmag.be\/index.php\/2022\/07\/supermoto-la-france-rafle-la-mise-a-mettet\/","name":"Supermoto : la France rafle la mise \u00e0 Mettet - Motocross - Enduro - Supermoto | MotocrossMag","isPartOf":{"@id":"https:\/\/fr.motocrossmag.be\/#website"},"primaryImageOfPage":{"@id":"https:\/\/fr.motocrossmag.be\/index.php\/2022\/07\/supermoto-la-france-rafle-la-mise-a-mettet\/#primaryimage"},"image":{"@id":"https:\/\/fr.motocrossmag.be\/index.php\/2022\/07\/supermoto-la-france-rafle-la-mise-a-mettet\/#primaryimage"},"thumbnailUrl":"https:\/\/fr.motocrossmag.be\/wp-content\/uploads\/2022\/07\/france-supermoto-nations.jpg","datePublished":"2022-07-31T17:55:20+00:00","dateModified":"2022-07-31T17:56:55+00:00","author":{"@id":"https:\/\/fr.motocrossmag.be\/#\/schema\/person\/11b47143d9f755babca2c9110e03235c"},"breadcrumb":{"@id":"https:\/\/fr.motocrossmag.be\/index.php\/2022\/07\/supermoto-la-france-rafle-la-mise-a-mettet\/#breadcrumb"},"inLanguage":"fr-FR","potentialAction":[{"@type":"ReadAction","target":["https:\/\/fr.motocrossmag.be\/index.php\/2022\/07\/supermoto-la-france-rafle-la-mise-a-mettet\/"]}]},{"@type":"ImageObject","inLanguage":"fr-FR","@id":"https:\/\/fr.motocrossmag.be\/index.php\/2022\/07\/supermoto-la-france-rafle-la-mise-a-mettet\/#primaryimage","url":"https:\/\/fr.motocrossmag.be\/wp-content\/uploads\/2022\/07\/france-supermoto-nations.jpg","contentUrl":"https:\/\/fr.motocrossmag.be\/wp-content\/uploads\/2022\/07\/france-supermoto-nations.jpg","width":"1000","height":"666"},{"@type":"BreadcrumbList","@id":"https:\/\/fr.motocrossmag.be\/index.php\/2022\/07\/supermoto-la-france-rafle-la-mise-a-mettet\/#breadcrumb","itemListElement":[{"@type":"ListItem","position":1,"name":"Accueil","item":"https:\/\/fr.motocrossmag.be\/"},{"@type":"ListItem","position":2,"name":"Supermoto : la France rafle la mise \u00e0 Mettet"}]},{"@type":"WebSite","@id":"https:\/\/fr.motocrossmag.be\/#website","url":"https:\/\/fr.motocrossmag.be\/","name":"Motocross - Enduro - Supermoto | MotocrossMag","description":"L&#039;actualit\u00e9 du motocross, de l&#039;enduro et du Supermoto en ligne!","potentialAction":[{"@type":"SearchAction","target":{"@type":"EntryPoint","urlTemplate":"https:\/\/fr.motocrossmag.be\/?s={search_term_string}"},"query-input":{"@type":"PropertyValueSpecification","valueRequired":true,"valueName":"search_term_string"}}],"inLanguage":"fr-FR"},{"@type":"Person","@id":"https:\/\/fr.motocrossmag.be\/#\/schema\/person\/11b47143d9f755babca2c9110e03235c","name":"oliviere","image":{"@type":"ImageObject","inLanguage":"fr-FR","@id":"https:\/\/secure.gravatar.com\/avatar\/907069e0b81d119452040469e4a7501da1100f54f7f80180ce77bfab718288f6?s=96&d=mm&r=g","url":"https:\/\/secure.gravatar.com\/avatar\/907069e0b81d119452040469e4a7501da1100f54f7f80180ce77bfab718288f6?s=96&d=mm&r=g","contentUrl":"https:\/\/secure.gravatar.com\/avatar\/907069e0b81d119452040469e4a7501da1100f54f7f80180ce77bfab718288f6?s=96&d=mm&r=g","caption":"oliviere"},"sameAs":["http:\/\/www.motocrossmag.be"],"url":"https:\/\/fr.motocrossmag.be\/index.php\/author\/oliviere\/"}]}},"_links":{"self":[{"href":"https:\/\/fr.motocrossmag.be\/index.php\/wp-json\/wp\/v2\/posts\/119330","targetHints":{"allow":["GET"]}}],"collection":[{"href":"https:\/\/fr.motocrossmag.be\/index.php\/wp-json\/wp\/v2\/posts"}],"about":[{"href":"https:\/\/fr.motocrossmag.be\/index.php\/wp-json\/wp\/v2\/types\/post"}],"author":[{"embeddable":true,"href":"https:\/\/fr.motocrossmag.be\/index.php\/wp-json\/wp\/v2\/users\/932"}],"replies":[{"embeddable":true,"href":"https:\/\/fr.motocrossmag.be\/index.php\/wp-json\/wp\/v2\/comments?post=119330"}],"version-history":[{"count":0,"href":"https:\/\/fr.motocrossmag.be\/index.php\/wp-json\/wp\/v2\/posts\/119330\/revisions"}],"wp:featuredmedia":[{"embeddable":true,"href":"https:\/\/fr.motocrossmag.be\/index.php\/wp-json\/wp\/v2\/media\/119332"}],"wp:attachment":[{"href":"https:\/\/fr.motocrossmag.be\/index.php\/wp-json\/wp\/v2\/media?parent=119330"}],"wp:term":[{"taxonomy":"category","embeddable":true,"href":"https:\/\/fr.motocrossmag.be\/index.php\/wp-json\/wp\/v2\/categories?post=119330"},{"taxonomy":"post_tag","embeddable":true,"href":"https:\/\/fr.motocrossmag.be\/index.php\/wp-json\/wp\/v2\/tags?post=119330"}],"curies":[{"name":"wp","href":"https:\/\/api.w.org\/{rel}","templated":true}]}}