{"id":119463,"date":"2022-08-03T19:14:18","date_gmt":"2022-08-03T17:14:18","guid":{"rendered":"http:\/\/fr.motocrossmag.be\/?p=119463"},"modified":"2022-08-03T19:14:18","modified_gmt":"2022-08-03T17:14:18","slug":"lucas-et-sacha-coenen-objectif-mondial-mx2-des-2023","status":"publish","type":"post","link":"https:\/\/fr.motocrossmag.be\/index.php\/2022\/08\/lucas-et-sacha-coenen-objectif-mondial-mx2-des-2023\/","title":{"rendered":"Lucas et Sacha Coenen : objectif mondial MX2 d\u00e8s 2023 !"},"content":{"rendered":"<p><strong>Comme on le pressentait, les fr\u00e8res Coenen devraient monter sans attendre sur le mondial MX2. Apr\u00e8s une seule saison en EMX250, les jumeaux bruxellois comptent bien faire leur entr\u00e9e d\u00e8s 2023 dans la cour des grands. Tous les deux confirment leur intention de disputer leur premi\u00e8re saison MX2 l&rsquo;ann\u00e9e prochaine.<\/strong><\/p>\n<p>Arriv\u00e9s par la grande porte du championnat EMX125 sur l&rsquo;EMX250, les fr\u00e8res belges n&rsquo;ont pas l&rsquo;intention d&rsquo;y faire de vieux os. Ils confient en effet avoir l&rsquo;intention de faire leur entr\u00e9e d\u00e8s 2023 sur le championnat du monde MX2. L&rsquo;\u00e9quipe (ou les \u00e9quipes ?) reste(nt) cependant \u00e0 confirmer.<\/p>\n<p><img decoding=\"async\" class=\"lazyload alignnone size-full wp-image-118309\" src=\"http:\/\/fr.motocrossmag.be\/wp-content\/uploads\/2022\/06\/lucasc-coenen-elite-france.jpg\" data-orig-src=\"http:\/\/fr.motocrossmag.be\/wp-content\/uploads\/2022\/06\/lucasc-coenen-elite-france.jpg\" alt=\"\" width=\"1000\" height=\"666\" srcset=\"data:image\/svg+xml,%3Csvg%20xmlns%3D%27http%3A%2F%2Fwww.w3.org%2F2000%2Fsvg%27%20width%3D%271000%27%20height%3D%27666%27%20viewBox%3D%270%200%201000%20666%27%3E%3Crect%20width%3D%271000%27%20height%3D%27666%27%20fill-opacity%3D%220%22%2F%3E%3C%2Fsvg%3E\" data-srcset=\"https:\/\/fr.motocrossmag.be\/wp-content\/uploads\/2022\/06\/lucasc-coenen-elite-france-650x433.jpg 650w, https:\/\/fr.motocrossmag.be\/wp-content\/uploads\/2022\/06\/lucasc-coenen-elite-france-768x511.jpg 768w, https:\/\/fr.motocrossmag.be\/wp-content\/uploads\/2022\/06\/lucasc-coenen-elite-france.jpg 1000w\" data-sizes=\"auto\" data-orig-sizes=\"(max-width: 1000px) 100vw, 1000px\" \/><\/p>\n<p>Mais l&rsquo;intention et la vitesse n\u00e9cessaire sont bien l\u00e0, comme l&rsquo;a d\u00e9montr\u00e9 leur r\u00e9cente apparition dans la cat\u00e9gorie \u00e0 l&rsquo;occasion du GP de Loket. \u00ab\u00a0On avait d\u00e9cid\u00e9 de rouler \u00e0 Loket pour apprendre\u00a0\u00bb, explique Lucas \u00e0 notre coll\u00e8gue Andy McKinstry. \u00ab\u00a0Les r\u00e9sultats n&rsquo;ont pas vraiment au rendez-vous mais peu importe, on a pu voir que la vitesse \u00e9tait l\u00e0. D\u00e9finitivement donc, l&rsquo;intention est de rouler en MX2 la saison prochaine\u00a0\u00bb, confirme celui qui occupe actuellement le 3\u00e8me rang du provisoire EMX250, l&rsquo;anti-chambre du MX2.<\/p>\n<p>\u00ab\u00a0Ce que je veux faire la saison prochaine, c&rsquo;est le mondial MX2\u00a0\u00bb, annonce \u00e9galement son fr\u00e8re Sacha. \u00ab\u00a0J&rsquo;aime le MX2 car les courses se d\u00e9roulent sur deux journ\u00e9es. On a donc l&rsquo;occasion d&rsquo;\u00eatre davantage en action sur la piste, qui plus est aux c\u00f4t\u00e9s des meilleurs du monde. On est impatient de voir ce que cela peut donner&#8230;\u00a0\u00bb Nous aussi !<\/p>\n<p>&nbsp;<\/p>\n","protected":false},"excerpt":{"rendered":"<p>Comme on le pressentait, les fr\u00e8res Coenen devraient monter sans attendre sur le mondial MX2. Apr\u00e8s une seule saison en EMX250, les jumeaux bruxellois comptent bien faire leur entr\u00e9e d\u00e8s [&#8230;]<\/p>\n","protected":false},"author":932,"featured_media":114546,"comment_status":"open","ping_status":"closed","sticky":false,"template":"","format":"standard","meta":{"footnotes":""},"categories":[54,44,6,5,45,55,65],"tags":[1265,947,568,1471],"class_list":["post-119463","post","type-post","status-publish","format-standard","has-post-thumbnail","hentry","category-actualite","category-kids","category-mx1mx2","category-news","category-news-kids","category-news-actualite","category-slideshow","tag-lucas-coenen","tag-motocross","tag-mxgp","tag-sacha-coenen"],"yoast_head":"<!-- This site is optimized with the Yoast SEO plugin v27.4 - https:\/\/yoast.com\/product\/yoast-seo-wordpress\/ -->\n<title>Lucas et Sacha Coenen : objectif mondial MX2 d\u00e8s 2023 ! - Motocross - Enduro - Supermoto | MotocrossMag<\/title>\n<meta name=\"robots\" content=\"index, follow, max-snippet:-1, max-image-preview:large, max-video-preview:-1\" \/>\n<link rel=\"canonical\" href=\"https:\/\/fr.motocrossmag.be\/index.php\/2022\/08\/lucas-et-sacha-coenen-objectif-mondial-mx2-des-2023\/\" \/>\n<meta property=\"og:locale\" content=\"fr_FR\" \/>\n<meta property=\"og:type\" content=\"article\" \/>\n<meta property=\"og:title\" content=\"Lucas et Sacha Coenen : objectif mondial MX2 d\u00e8s 2023 ! - Motocross - Enduro - Supermoto | MotocrossMag\" \/>\n<meta property=\"og:description\" content=\"Comme on le pressentait, les fr\u00e8res Coenen devraient monter sans attendre sur le mondial MX2. Apr\u00e8s une seule saison en EMX250, les jumeaux bruxellois comptent bien faire leur entr\u00e9e d\u00e8s [...]\" \/>\n<meta property=\"og:url\" content=\"https:\/\/fr.motocrossmag.be\/index.php\/2022\/08\/lucas-et-sacha-coenen-objectif-mondial-mx2-des-2023\/\" \/>\n<meta property=\"og:site_name\" content=\"Motocross - Enduro - Supermoto | MotocrossMag\" \/>\n<meta property=\"article:published_time\" content=\"2022-08-03T17:14:18+00:00\" \/>\n<meta property=\"og:image\" content=\"https:\/\/fr.motocrossmag.be\/wp-content\/uploads\/2022\/01\/Coenen_BT.jpg\" \/>\n\t<meta property=\"og:image:width\" content=\"1000\" \/>\n\t<meta property=\"og:image:height\" content=\"666\" \/>\n\t<meta property=\"og:image:type\" content=\"image\/jpeg\" \/>\n<meta name=\"author\" content=\"oliviere\" \/>\n<meta name=\"twitter:card\" content=\"summary_large_image\" \/>\n<meta name=\"twitter:label1\" content=\"\u00c9crit par\" \/>\n\t<meta name=\"twitter:data1\" content=\"oliviere\" \/>\n\t<meta name=\"twitter:label2\" content=\"Dur\u00e9e de lecture estim\u00e9e\" \/>\n\t<meta name=\"twitter:data2\" content=\"1 minute\" \/>\n<script type=\"application\/ld+json\" class=\"yoast-schema-graph\">{\"@context\":\"https:\\\/\\\/schema.org\",\"@graph\":[{\"@type\":\"Article\",\"@id\":\"https:\\\/\\\/fr.motocrossmag.be\\\/index.php\\\/2022\\\/08\\\/lucas-et-sacha-coenen-objectif-mondial-mx2-des-2023\\\/#article\",\"isPartOf\":{\"@id\":\"https:\\\/\\\/fr.motocrossmag.be\\\/index.php\\\/2022\\\/08\\\/lucas-et-sacha-coenen-objectif-mondial-mx2-des-2023\\\/\"},\"author\":{\"name\":\"oliviere\",\"@id\":\"https:\\\/\\\/fr.motocrossmag.be\\\/#\\\/schema\\\/person\\\/11b47143d9f755babca2c9110e03235c\"},\"headline\":\"Lucas et Sacha Coenen : objectif mondial MX2 d\u00e8s 2023 !\",\"datePublished\":\"2022-08-03T17:14:18+00:00\",\"mainEntityOfPage\":{\"@id\":\"https:\\\/\\\/fr.motocrossmag.be\\\/index.php\\\/2022\\\/08\\\/lucas-et-sacha-coenen-objectif-mondial-mx2-des-2023\\\/\"},\"wordCount\":286,\"commentCount\":0,\"image\":{\"@id\":\"https:\\\/\\\/fr.motocrossmag.be\\\/index.php\\\/2022\\\/08\\\/lucas-et-sacha-coenen-objectif-mondial-mx2-des-2023\\\/#primaryimage\"},\"thumbnailUrl\":\"https:\\\/\\\/fr.motocrossmag.be\\\/wp-content\\\/uploads\\\/2022\\\/01\\\/Coenen_BT.jpg\",\"keywords\":[\"lucas coenen\",\"Motocross\",\"MXGP\",\"sacha coenen\"],\"articleSection\":[\"Actualit\u00e9\",\"Kids\",\"Motocross MXGP\",\"News\",\"News\",\"News\",\"Slideshow\"],\"inLanguage\":\"fr-FR\",\"potentialAction\":[{\"@type\":\"CommentAction\",\"name\":\"Comment\",\"target\":[\"https:\\\/\\\/fr.motocrossmag.be\\\/index.php\\\/2022\\\/08\\\/lucas-et-sacha-coenen-objectif-mondial-mx2-des-2023\\\/#respond\"]}]},{\"@type\":\"WebPage\",\"@id\":\"https:\\\/\\\/fr.motocrossmag.be\\\/index.php\\\/2022\\\/08\\\/lucas-et-sacha-coenen-objectif-mondial-mx2-des-2023\\\/\",\"url\":\"https:\\\/\\\/fr.motocrossmag.be\\\/index.php\\\/2022\\\/08\\\/lucas-et-sacha-coenen-objectif-mondial-mx2-des-2023\\\/\",\"name\":\"Lucas et Sacha Coenen : objectif mondial MX2 d\u00e8s 2023 ! - Motocross - Enduro - Supermoto | MotocrossMag\",\"isPartOf\":{\"@id\":\"https:\\\/\\\/fr.motocrossmag.be\\\/#website\"},\"primaryImageOfPage\":{\"@id\":\"https:\\\/\\\/fr.motocrossmag.be\\\/index.php\\\/2022\\\/08\\\/lucas-et-sacha-coenen-objectif-mondial-mx2-des-2023\\\/#primaryimage\"},\"image\":{\"@id\":\"https:\\\/\\\/fr.motocrossmag.be\\\/index.php\\\/2022\\\/08\\\/lucas-et-sacha-coenen-objectif-mondial-mx2-des-2023\\\/#primaryimage\"},\"thumbnailUrl\":\"https:\\\/\\\/fr.motocrossmag.be\\\/wp-content\\\/uploads\\\/2022\\\/01\\\/Coenen_BT.jpg\",\"datePublished\":\"2022-08-03T17:14:18+00:00\",\"author\":{\"@id\":\"https:\\\/\\\/fr.motocrossmag.be\\\/#\\\/schema\\\/person\\\/11b47143d9f755babca2c9110e03235c\"},\"breadcrumb\":{\"@id\":\"https:\\\/\\\/fr.motocrossmag.be\\\/index.php\\\/2022\\\/08\\\/lucas-et-sacha-coenen-objectif-mondial-mx2-des-2023\\\/#breadcrumb\"},\"inLanguage\":\"fr-FR\",\"potentialAction\":[{\"@type\":\"ReadAction\",\"target\":[\"https:\\\/\\\/fr.motocrossmag.be\\\/index.php\\\/2022\\\/08\\\/lucas-et-sacha-coenen-objectif-mondial-mx2-des-2023\\\/\"]}]},{\"@type\":\"ImageObject\",\"inLanguage\":\"fr-FR\",\"@id\":\"https:\\\/\\\/fr.motocrossmag.be\\\/index.php\\\/2022\\\/08\\\/lucas-et-sacha-coenen-objectif-mondial-mx2-des-2023\\\/#primaryimage\",\"url\":\"https:\\\/\\\/fr.motocrossmag.be\\\/wp-content\\\/uploads\\\/2022\\\/01\\\/Coenen_BT.jpg\",\"contentUrl\":\"https:\\\/\\\/fr.motocrossmag.be\\\/wp-content\\\/uploads\\\/2022\\\/01\\\/Coenen_BT.jpg\",\"width\":\"1000\",\"height\":\"666\"},{\"@type\":\"BreadcrumbList\",\"@id\":\"https:\\\/\\\/fr.motocrossmag.be\\\/index.php\\\/2022\\\/08\\\/lucas-et-sacha-coenen-objectif-mondial-mx2-des-2023\\\/#breadcrumb\",\"itemListElement\":[{\"@type\":\"ListItem\",\"position\":1,\"name\":\"Accueil\",\"item\":\"https:\\\/\\\/fr.motocrossmag.be\\\/\"},{\"@type\":\"ListItem\",\"position\":2,\"name\":\"Lucas et Sacha Coenen : objectif mondial MX2 d\u00e8s 2023 !\"}]},{\"@type\":\"WebSite\",\"@id\":\"https:\\\/\\\/fr.motocrossmag.be\\\/#website\",\"url\":\"https:\\\/\\\/fr.motocrossmag.be\\\/\",\"name\":\"Motocross - Enduro - Supermoto | MotocrossMag\",\"description\":\"L&#039;actualit\u00e9 du motocross, de l&#039;enduro et du Supermoto en ligne!\",\"potentialAction\":[{\"@type\":\"SearchAction\",\"target\":{\"@type\":\"EntryPoint\",\"urlTemplate\":\"https:\\\/\\\/fr.motocrossmag.be\\\/?s={search_term_string}\"},\"query-input\":{\"@type\":\"PropertyValueSpecification\",\"valueRequired\":true,\"valueName\":\"search_term_string\"}}],\"inLanguage\":\"fr-FR\"},{\"@type\":\"Person\",\"@id\":\"https:\\\/\\\/fr.motocrossmag.be\\\/#\\\/schema\\\/person\\\/11b47143d9f755babca2c9110e03235c\",\"name\":\"oliviere\",\"image\":{\"@type\":\"ImageObject\",\"inLanguage\":\"fr-FR\",\"@id\":\"https:\\\/\\\/secure.gravatar.com\\\/avatar\\\/907069e0b81d119452040469e4a7501da1100f54f7f80180ce77bfab718288f6?s=96&d=mm&r=g\",\"url\":\"https:\\\/\\\/secure.gravatar.com\\\/avatar\\\/907069e0b81d119452040469e4a7501da1100f54f7f80180ce77bfab718288f6?s=96&d=mm&r=g\",\"contentUrl\":\"https:\\\/\\\/secure.gravatar.com\\\/avatar\\\/907069e0b81d119452040469e4a7501da1100f54f7f80180ce77bfab718288f6?s=96&d=mm&r=g\",\"caption\":\"oliviere\"},\"sameAs\":[\"http:\\\/\\\/www.motocrossmag.be\"],\"url\":\"https:\\\/\\\/fr.motocrossmag.be\\\/index.php\\\/author\\\/oliviere\\\/\"}]}<\/script>\n<!-- \/ Yoast SEO plugin. -->","yoast_head_json":{"title":"Lucas et Sacha Coenen : objectif mondial MX2 d\u00e8s 2023 ! - Motocross - Enduro - Supermoto | MotocrossMag","robots":{"index":"index","follow":"follow","max-snippet":"max-snippet:-1","max-image-preview":"max-image-preview:large","max-video-preview":"max-video-preview:-1"},"canonical":"https:\/\/fr.motocrossmag.be\/index.php\/2022\/08\/lucas-et-sacha-coenen-objectif-mondial-mx2-des-2023\/","og_locale":"fr_FR","og_type":"article","og_title":"Lucas et Sacha Coenen : objectif mondial MX2 d\u00e8s 2023 ! - Motocross - Enduro - Supermoto | MotocrossMag","og_description":"Comme on le pressentait, les fr\u00e8res Coenen devraient monter sans attendre sur le mondial MX2. Apr\u00e8s une seule saison en EMX250, les jumeaux bruxellois comptent bien faire leur entr\u00e9e d\u00e8s [...]","og_url":"https:\/\/fr.motocrossmag.be\/index.php\/2022\/08\/lucas-et-sacha-coenen-objectif-mondial-mx2-des-2023\/","og_site_name":"Motocross - Enduro - Supermoto | MotocrossMag","article_published_time":"2022-08-03T17:14:18+00:00","og_image":[{"width":1000,"height":666,"url":"https:\/\/fr.motocrossmag.be\/wp-content\/uploads\/2022\/01\/Coenen_BT.jpg","type":"image\/jpeg"}],"author":"oliviere","twitter_card":"summary_large_image","twitter_misc":{"\u00c9crit par":"oliviere","Dur\u00e9e de lecture estim\u00e9e":"1 minute"},"schema":{"@context":"https:\/\/schema.org","@graph":[{"@type":"Article","@id":"https:\/\/fr.motocrossmag.be\/index.php\/2022\/08\/lucas-et-sacha-coenen-objectif-mondial-mx2-des-2023\/#article","isPartOf":{"@id":"https:\/\/fr.motocrossmag.be\/index.php\/2022\/08\/lucas-et-sacha-coenen-objectif-mondial-mx2-des-2023\/"},"author":{"name":"oliviere","@id":"https:\/\/fr.motocrossmag.be\/#\/schema\/person\/11b47143d9f755babca2c9110e03235c"},"headline":"Lucas et Sacha Coenen : objectif mondial MX2 d\u00e8s 2023 !","datePublished":"2022-08-03T17:14:18+00:00","mainEntityOfPage":{"@id":"https:\/\/fr.motocrossmag.be\/index.php\/2022\/08\/lucas-et-sacha-coenen-objectif-mondial-mx2-des-2023\/"},"wordCount":286,"commentCount":0,"image":{"@id":"https:\/\/fr.motocrossmag.be\/index.php\/2022\/08\/lucas-et-sacha-coenen-objectif-mondial-mx2-des-2023\/#primaryimage"},"thumbnailUrl":"https:\/\/fr.motocrossmag.be\/wp-content\/uploads\/2022\/01\/Coenen_BT.jpg","keywords":["lucas coenen","Motocross","MXGP","sacha coenen"],"articleSection":["Actualit\u00e9","Kids","Motocross MXGP","News","News","News","Slideshow"],"inLanguage":"fr-FR","potentialAction":[{"@type":"CommentAction","name":"Comment","target":["https:\/\/fr.motocrossmag.be\/index.php\/2022\/08\/lucas-et-sacha-coenen-objectif-mondial-mx2-des-2023\/#respond"]}]},{"@type":"WebPage","@id":"https:\/\/fr.motocrossmag.be\/index.php\/2022\/08\/lucas-et-sacha-coenen-objectif-mondial-mx2-des-2023\/","url":"https:\/\/fr.motocrossmag.be\/index.php\/2022\/08\/lucas-et-sacha-coenen-objectif-mondial-mx2-des-2023\/","name":"Lucas et Sacha Coenen : objectif mondial MX2 d\u00e8s 2023 ! - Motocross - Enduro - Supermoto | MotocrossMag","isPartOf":{"@id":"https:\/\/fr.motocrossmag.be\/#website"},"primaryImageOfPage":{"@id":"https:\/\/fr.motocrossmag.be\/index.php\/2022\/08\/lucas-et-sacha-coenen-objectif-mondial-mx2-des-2023\/#primaryimage"},"image":{"@id":"https:\/\/fr.motocrossmag.be\/index.php\/2022\/08\/lucas-et-sacha-coenen-objectif-mondial-mx2-des-2023\/#primaryimage"},"thumbnailUrl":"https:\/\/fr.motocrossmag.be\/wp-content\/uploads\/2022\/01\/Coenen_BT.jpg","datePublished":"2022-08-03T17:14:18+00:00","author":{"@id":"https:\/\/fr.motocrossmag.be\/#\/schema\/person\/11b47143d9f755babca2c9110e03235c"},"breadcrumb":{"@id":"https:\/\/fr.motocrossmag.be\/index.php\/2022\/08\/lucas-et-sacha-coenen-objectif-mondial-mx2-des-2023\/#breadcrumb"},"inLanguage":"fr-FR","potentialAction":[{"@type":"ReadAction","target":["https:\/\/fr.motocrossmag.be\/index.php\/2022\/08\/lucas-et-sacha-coenen-objectif-mondial-mx2-des-2023\/"]}]},{"@type":"ImageObject","inLanguage":"fr-FR","@id":"https:\/\/fr.motocrossmag.be\/index.php\/2022\/08\/lucas-et-sacha-coenen-objectif-mondial-mx2-des-2023\/#primaryimage","url":"https:\/\/fr.motocrossmag.be\/wp-content\/uploads\/2022\/01\/Coenen_BT.jpg","contentUrl":"https:\/\/fr.motocrossmag.be\/wp-content\/uploads\/2022\/01\/Coenen_BT.jpg","width":"1000","height":"666"},{"@type":"BreadcrumbList","@id":"https:\/\/fr.motocrossmag.be\/index.php\/2022\/08\/lucas-et-sacha-coenen-objectif-mondial-mx2-des-2023\/#breadcrumb","itemListElement":[{"@type":"ListItem","position":1,"name":"Accueil","item":"https:\/\/fr.motocrossmag.be\/"},{"@type":"ListItem","position":2,"name":"Lucas et Sacha Coenen : objectif mondial MX2 d\u00e8s 2023 !"}]},{"@type":"WebSite","@id":"https:\/\/fr.motocrossmag.be\/#website","url":"https:\/\/fr.motocrossmag.be\/","name":"Motocross - Enduro - Supermoto | MotocrossMag","description":"L&#039;actualit\u00e9 du motocross, de l&#039;enduro et du Supermoto en ligne!","potentialAction":[{"@type":"SearchAction","target":{"@type":"EntryPoint","urlTemplate":"https:\/\/fr.motocrossmag.be\/?s={search_term_string}"},"query-input":{"@type":"PropertyValueSpecification","valueRequired":true,"valueName":"search_term_string"}}],"inLanguage":"fr-FR"},{"@type":"Person","@id":"https:\/\/fr.motocrossmag.be\/#\/schema\/person\/11b47143d9f755babca2c9110e03235c","name":"oliviere","image":{"@type":"ImageObject","inLanguage":"fr-FR","@id":"https:\/\/secure.gravatar.com\/avatar\/907069e0b81d119452040469e4a7501da1100f54f7f80180ce77bfab718288f6?s=96&d=mm&r=g","url":"https:\/\/secure.gravatar.com\/avatar\/907069e0b81d119452040469e4a7501da1100f54f7f80180ce77bfab718288f6?s=96&d=mm&r=g","contentUrl":"https:\/\/secure.gravatar.com\/avatar\/907069e0b81d119452040469e4a7501da1100f54f7f80180ce77bfab718288f6?s=96&d=mm&r=g","caption":"oliviere"},"sameAs":["http:\/\/www.motocrossmag.be"],"url":"https:\/\/fr.motocrossmag.be\/index.php\/author\/oliviere\/"}]}},"_links":{"self":[{"href":"https:\/\/fr.motocrossmag.be\/index.php\/wp-json\/wp\/v2\/posts\/119463","targetHints":{"allow":["GET"]}}],"collection":[{"href":"https:\/\/fr.motocrossmag.be\/index.php\/wp-json\/wp\/v2\/posts"}],"about":[{"href":"https:\/\/fr.motocrossmag.be\/index.php\/wp-json\/wp\/v2\/types\/post"}],"author":[{"embeddable":true,"href":"https:\/\/fr.motocrossmag.be\/index.php\/wp-json\/wp\/v2\/users\/932"}],"replies":[{"embeddable":true,"href":"https:\/\/fr.motocrossmag.be\/index.php\/wp-json\/wp\/v2\/comments?post=119463"}],"version-history":[{"count":0,"href":"https:\/\/fr.motocrossmag.be\/index.php\/wp-json\/wp\/v2\/posts\/119463\/revisions"}],"wp:featuredmedia":[{"embeddable":true,"href":"https:\/\/fr.motocrossmag.be\/index.php\/wp-json\/wp\/v2\/media\/114546"}],"wp:attachment":[{"href":"https:\/\/fr.motocrossmag.be\/index.php\/wp-json\/wp\/v2\/media?parent=119463"}],"wp:term":[{"taxonomy":"category","embeddable":true,"href":"https:\/\/fr.motocrossmag.be\/index.php\/wp-json\/wp\/v2\/categories?post=119463"},{"taxonomy":"post_tag","embeddable":true,"href":"https:\/\/fr.motocrossmag.be\/index.php\/wp-json\/wp\/v2\/tags?post=119463"}],"curies":[{"name":"wp","href":"https:\/\/api.w.org\/{rel}","templated":true}]}}