{"id":119514,"date":"2022-08-05T19:13:33","date_gmt":"2022-08-05T17:13:33","guid":{"rendered":"http:\/\/fr.motocrossmag.be\/?p=119514"},"modified":"2022-08-05T19:13:33","modified_gmt":"2022-08-05T17:13:33","slug":"mxgp-a-uddevalla-les-pilotes-engages","status":"publish","type":"post","link":"https:\/\/fr.motocrossmag.be\/index.php\/2022\/08\/mxgp-a-uddevalla-les-pilotes-engages\/","title":{"rendered":"MXGP \u00e0 Uddevalla : les pilotes engag\u00e9s"},"content":{"rendered":"<p><strong>Apr\u00e8s un week-end de pause de la foul\u00e9e du GP de Lommel, on entre dans la derni\u00e8re ligne droite de la saison 2022. Le 15\u00e8me GP de la saison ce week-end marque en effet l&rsquo;entr\u00e9e dans une s\u00e9rie de 3 GP cons\u00e9cutifs (Uddevalla, Hyvink\u00e4\u00e4 et Saint-Jean-d&rsquo;Ang\u00e9ly) qui seront d\u00e9terminant dans la course aux titres mondiaux, en particulier en MX2 o\u00f9 notre compatriote Jago Geerts doit encore asseoir sa position de leader du championnat face \u00e0 Tom Vialle. <\/strong><\/p>\n<p>Apr\u00e8s cette s\u00e9rie de 3 GP, seule la finale en Turquie restera \u00e0 disputer les 3 et 4 septembre.<\/p>\n<p>Ci-dessous, la liste des pilotes engag\u00e9s sur le GP de Su\u00e8de \u00e0 Uddevalla ce week-end.<\/p>\n<p><span style=\"color: #ff0000;\"><strong>Pilotes engag\u00e9s &#8211; MXGP Uddevalla<\/strong><\/span><\/p>\n<p><strong>MXGP<br \/>\n<\/strong><br \/>\n3 Febvre Romain Kawasaki FRA FFM Kawasaki Racing Team MXGP<br \/>\n10 Vlaanderen Calvin Yamaha NED KNMV Gebben Van Venrooy Yamaha Racing<br \/>\n14 Beaton Jed Kawasaki AUS MA F&amp;H Kawasaki Racing Team<br \/>\n16 Paturel Benoit Honda FRA FFM TEAM SHIP TO CYCLE HONDA SR MOTOBLOUZ<br \/>\n29 Jacobi Henry Honda GER DMSB JM Honda Racing<br \/>\n30 Hjortmarker Eddie KTM SWE SVEMO Wild-Card<br \/>\n<strong>32 Van doninck Brent Yamaha BEL FMB Riley Racing<\/strong><br \/>\n41 Jonass Pauls Husqvarna LAT LAMSF Standing Construct Husqvarna Factory Racing Team<br \/>\n43 Evans Mitchell Honda AUS MA Team HRC<br \/>\n46 Pootjes Davy Honda NED KNMV JWR Honda Racing<br \/>\n61 Prado Jorge GASGAS ESP RFME Red Bull GASGAS Factory Racing<br \/>\n70 Fernandez Ruben Honda ESP RFME Honda 114 Motorsports<br \/>\n75 Roosiorg Hardi KTM EST EMF Sahkar Racing<br \/>\n87 Brumann Kevin Yamaha SUI FMS iXS hostettler MXGP Team<br \/>\n<strong>89 Van Horebeek Jeremy Beta BEL FMB BETA-SDMCORSE MX TEAM<\/strong><br \/>\n91 Seewer Jeremy Yamaha SUI FMS Monster Energy Yamaha Factory MXGP<br \/>\n92 Guillod Valentin Yamaha SUI FMS iXS hostettler MXGP Team<br \/>\n99 Zaragoza Jorge Honda ESP RFME KMP HONDA RACING<br \/>\n101 Guadagnini Mattia GASGAS ITA FMI Red Bull GASGAS Factory Racing<br \/>\n107 Jonrup Emil KTM SWE SVEMO Wild-Card<br \/>\n128 Monticelli Ivo Honda ITA FMI JM Honda Racing<br \/>\n142 Haavisto Jere KTM FIN SML Wild-Card<br \/>\n147 Sihvonen Miro Honda FIN SML JWR Honda Racing<br \/>\n151 Kullas Harri Yamaha EST EMF Gebben Van Venrooy Yamaha Racing<br \/>\n161 \u00d6stlund Alvin Yamaha SWE SVEMO JK Racing Yamaha<br \/>\n183 Locurcio Lorenzo KTM VEN FMV JD GUNNEX KTM Racing Team<br \/>\n189 Bogers Brian Husqvarna NED KNMV Standing Construct Husqvarna Factory Racing Team<br \/>\n226 Koch Tom KTM GER DMSB KTM Kosak Team<br \/>\n243 Gajser Tim Honda SLO AMZS Team HRC<br \/>\n248 Berggren Emil Husqvarna SWE SVEMO Wild-Card<br \/>\n259 Coldenhoff Glenn Yamaha NED KNMV Monster Energy Yamaha Factory MXGP<br \/>\n297 Gole Anton Husqvarna SWE SVEMO Motostar.se<br \/>\n303 Forato Alberto GASGAS ITA FMI SM ACTION RACING TEAM YUASA Battery<br \/>\n426 Mewse Conrad KTM GBR ACU DIGA PROCROSS KTM RACING<br \/>\n667 Nordstr\u00f6m Graaf Anton Yamaha SWE SVEMO Wild-Card<br \/>\n692 Karlsson Danne Husqvarna SWE SVEMO Wild-Card<br \/>\n911 Tixier Jordi KTM FRA FFM 911 Racing Team-KTM<br \/>\n919 Watson Ben Kawasaki GBR ACU Kawasaki Racing Team MXGP<br \/>\n959 Renaux Maxime Yamaha FRA FFM Monster Energy Yamaha Factory MXGP<\/p>\n<p><strong>MX2<br \/>\n<\/strong><br \/>\n11 Haarup Mikkel Kawasaki DEN DMU Big Van World MTX Kawasaki<br \/>\n22 Facchetti Gianluca KTM ITA FMI = AFGEMELD<br \/>\n24 Horgmo Kevin Kawasaki NOR NMF F&amp;H Kawasaki Racing Team<br \/>\n27 Guyon Tom KTM FRA FFM Team VRT<br \/>\n28 Vialle Tom KTM FRA FFM Red Bull KTM Factory Racing<br \/>\n33 Karssemakers Kay KTM NED KNMV Team KTM UK Hitachi<br \/>\n38 Rubini Stephen Honda FRA FFM TEAM SHIP TO CYCLE HONDA SR MOTOBLOUZ<br \/>\n39 Van De Moosdijk Roan Husqvarna NED KNMV Nestaan Husqvarna Factory Racing<br \/>\n52 Gerhardsson Albin Husqvarna SWE SVEMO Wild-Card<br \/>\n<strong>72 Everts Liam KTM BEL FMB DIGA PROCROSS KTM RACING<\/strong><br \/>\n74 de Wolf Kay Husqvarna NED KNMV Nestaan Husqvarna Factory Racing<br \/>\n80 Adamo Andrea GASGAS ITA FMI SM ACTION RACING TEAM YUASA Battery<br \/>\n<strong>93 Geerts Jago Yamaha BEL FMB Monster Energy Yamaha Factory MX2 Team<\/strong><br \/>\n104 Sydow Jeremy KTM GER DMSB Raths Motorsports<br \/>\n180 Ambj\u00f6rnson Leopold Husqvarna SWE SVEMO Wild-Card<br \/>\n198 Benistant Thibault Yamaha FRA FFM Monster Energy Yamaha Factory MX2 Team<br \/>\n224 Teresak Jakub KTM CZE ACCR JD GUNNEX KTM Racing Team<br \/>\n242 Verbruggen Kjell Kawasaki NED KNMV Laurense Motors-DCN-HNR<br \/>\n253 Pancar Jan KTM SLO AMZS TEM JP253<br \/>\n300 Ludwig Noah KTM GER DMSB Becker Racing<br \/>\n313 Polak Petr Honda CZE ACCR JM Honda Racing<br \/>\n338 Olsson Filip Husqvarna SWE SVEMO Powerbyjjracingteam<br \/>\n401 Stauffer Marcel KTM AUT AMF WZ RACING TEAM<br \/>\n491 Haberland Paul Honda GER DMSB KMP HONDA RACING<br \/>\n516 Laengenfelder Simon GASGAS GER DMSB Red Bull GASGAS Factory Racing<br \/>\n579 Bruce Bobby GASGAS GBR ACU ASA Uninted-GasGas<br \/>\n912 Rizzi Joel Yamaha GBR ACU Riley Racing<\/p>\n","protected":false},"excerpt":{"rendered":"<p>Apr\u00e8s un week-end de pause de la foul\u00e9e du GP de Lommel, on entre dans la derni\u00e8re ligne droite de la saison 2022. Le 15\u00e8me GP de la saison ce [&#8230;]<\/p>\n","protected":false},"author":932,"featured_media":94719,"comment_status":"open","ping_status":"closed","sticky":false,"template":"","format":"standard","meta":{"footnotes":""},"categories":[54,4,6,5,55,65],"tags":[947,568,175],"class_list":["post-119514","post","type-post","status-publish","format-standard","has-post-thumbnail","hentry","category-actualite","category-motocross","category-mx1mx2","category-news","category-news-actualite","category-slideshow","tag-motocross","tag-mxgp","tag-uddevalla"],"yoast_head":"<!-- This site is optimized with the Yoast SEO plugin v27.4 - https:\/\/yoast.com\/product\/yoast-seo-wordpress\/ -->\n<title>MXGP \u00e0 Uddevalla : les pilotes engag\u00e9s - Motocross - Enduro - Supermoto | MotocrossMag<\/title>\n<meta name=\"robots\" content=\"index, follow, max-snippet:-1, max-image-preview:large, max-video-preview:-1\" \/>\n<link rel=\"canonical\" href=\"https:\/\/fr.motocrossmag.be\/index.php\/2022\/08\/mxgp-a-uddevalla-les-pilotes-engages\/\" \/>\n<meta property=\"og:locale\" content=\"fr_FR\" \/>\n<meta property=\"og:type\" content=\"article\" \/>\n<meta property=\"og:title\" content=\"MXGP \u00e0 Uddevalla : les pilotes engag\u00e9s - Motocross - Enduro - Supermoto | MotocrossMag\" \/>\n<meta property=\"og:description\" content=\"Apr\u00e8s un week-end de pause de la foul\u00e9e du GP de Lommel, on entre dans la derni\u00e8re ligne droite de la saison 2022. Le 15\u00e8me GP de la saison ce [...]\" \/>\n<meta property=\"og:url\" content=\"https:\/\/fr.motocrossmag.be\/index.php\/2022\/08\/mxgp-a-uddevalla-les-pilotes-engages\/\" \/>\n<meta property=\"og:site_name\" content=\"Motocross - Enduro - Supermoto | MotocrossMag\" \/>\n<meta property=\"article:published_time\" content=\"2022-08-05T17:13:33+00:00\" \/>\n<meta property=\"og:image\" content=\"https:\/\/fr.motocrossmag.be\/wp-content\/uploads\/2019\/08\/gajser-uddevalla.jpg\" \/>\n\t<meta property=\"og:image:width\" content=\"800\" \/>\n\t<meta property=\"og:image:height\" content=\"533\" \/>\n\t<meta property=\"og:image:type\" content=\"image\/jpeg\" \/>\n<meta name=\"author\" content=\"oliviere\" \/>\n<meta name=\"twitter:card\" content=\"summary_large_image\" \/>\n<meta name=\"twitter:label1\" content=\"\u00c9crit par\" \/>\n\t<meta name=\"twitter:data1\" content=\"oliviere\" \/>\n\t<meta name=\"twitter:label2\" content=\"Dur\u00e9e de lecture estim\u00e9e\" \/>\n\t<meta name=\"twitter:data2\" content=\"3 minutes\" \/>\n<script type=\"application\/ld+json\" class=\"yoast-schema-graph\">{\"@context\":\"https:\\\/\\\/schema.org\",\"@graph\":[{\"@type\":\"Article\",\"@id\":\"https:\\\/\\\/fr.motocrossmag.be\\\/index.php\\\/2022\\\/08\\\/mxgp-a-uddevalla-les-pilotes-engages\\\/#article\",\"isPartOf\":{\"@id\":\"https:\\\/\\\/fr.motocrossmag.be\\\/index.php\\\/2022\\\/08\\\/mxgp-a-uddevalla-les-pilotes-engages\\\/\"},\"author\":{\"name\":\"oliviere\",\"@id\":\"https:\\\/\\\/fr.motocrossmag.be\\\/#\\\/schema\\\/person\\\/11b47143d9f755babca2c9110e03235c\"},\"headline\":\"MXGP \u00e0 Uddevalla : les pilotes engag\u00e9s\",\"datePublished\":\"2022-08-05T17:13:33+00:00\",\"mainEntityOfPage\":{\"@id\":\"https:\\\/\\\/fr.motocrossmag.be\\\/index.php\\\/2022\\\/08\\\/mxgp-a-uddevalla-les-pilotes-engages\\\/\"},\"wordCount\":698,\"commentCount\":0,\"image\":{\"@id\":\"https:\\\/\\\/fr.motocrossmag.be\\\/index.php\\\/2022\\\/08\\\/mxgp-a-uddevalla-les-pilotes-engages\\\/#primaryimage\"},\"thumbnailUrl\":\"https:\\\/\\\/fr.motocrossmag.be\\\/wp-content\\\/uploads\\\/2019\\\/08\\\/gajser-uddevalla.jpg\",\"keywords\":[\"Motocross\",\"MXGP\",\"Uddevalla\"],\"articleSection\":[\"Actualit\u00e9\",\"Motocross\",\"Motocross MXGP\",\"News\",\"News\",\"Slideshow\"],\"inLanguage\":\"fr-FR\",\"potentialAction\":[{\"@type\":\"CommentAction\",\"name\":\"Comment\",\"target\":[\"https:\\\/\\\/fr.motocrossmag.be\\\/index.php\\\/2022\\\/08\\\/mxgp-a-uddevalla-les-pilotes-engages\\\/#respond\"]}]},{\"@type\":\"WebPage\",\"@id\":\"https:\\\/\\\/fr.motocrossmag.be\\\/index.php\\\/2022\\\/08\\\/mxgp-a-uddevalla-les-pilotes-engages\\\/\",\"url\":\"https:\\\/\\\/fr.motocrossmag.be\\\/index.php\\\/2022\\\/08\\\/mxgp-a-uddevalla-les-pilotes-engages\\\/\",\"name\":\"MXGP \u00e0 Uddevalla : les pilotes engag\u00e9s - Motocross - Enduro - Supermoto | MotocrossMag\",\"isPartOf\":{\"@id\":\"https:\\\/\\\/fr.motocrossmag.be\\\/#website\"},\"primaryImageOfPage\":{\"@id\":\"https:\\\/\\\/fr.motocrossmag.be\\\/index.php\\\/2022\\\/08\\\/mxgp-a-uddevalla-les-pilotes-engages\\\/#primaryimage\"},\"image\":{\"@id\":\"https:\\\/\\\/fr.motocrossmag.be\\\/index.php\\\/2022\\\/08\\\/mxgp-a-uddevalla-les-pilotes-engages\\\/#primaryimage\"},\"thumbnailUrl\":\"https:\\\/\\\/fr.motocrossmag.be\\\/wp-content\\\/uploads\\\/2019\\\/08\\\/gajser-uddevalla.jpg\",\"datePublished\":\"2022-08-05T17:13:33+00:00\",\"author\":{\"@id\":\"https:\\\/\\\/fr.motocrossmag.be\\\/#\\\/schema\\\/person\\\/11b47143d9f755babca2c9110e03235c\"},\"breadcrumb\":{\"@id\":\"https:\\\/\\\/fr.motocrossmag.be\\\/index.php\\\/2022\\\/08\\\/mxgp-a-uddevalla-les-pilotes-engages\\\/#breadcrumb\"},\"inLanguage\":\"fr-FR\",\"potentialAction\":[{\"@type\":\"ReadAction\",\"target\":[\"https:\\\/\\\/fr.motocrossmag.be\\\/index.php\\\/2022\\\/08\\\/mxgp-a-uddevalla-les-pilotes-engages\\\/\"]}]},{\"@type\":\"ImageObject\",\"inLanguage\":\"fr-FR\",\"@id\":\"https:\\\/\\\/fr.motocrossmag.be\\\/index.php\\\/2022\\\/08\\\/mxgp-a-uddevalla-les-pilotes-engages\\\/#primaryimage\",\"url\":\"https:\\\/\\\/fr.motocrossmag.be\\\/wp-content\\\/uploads\\\/2019\\\/08\\\/gajser-uddevalla.jpg\",\"contentUrl\":\"https:\\\/\\\/fr.motocrossmag.be\\\/wp-content\\\/uploads\\\/2019\\\/08\\\/gajser-uddevalla.jpg\",\"width\":800,\"height\":533},{\"@type\":\"BreadcrumbList\",\"@id\":\"https:\\\/\\\/fr.motocrossmag.be\\\/index.php\\\/2022\\\/08\\\/mxgp-a-uddevalla-les-pilotes-engages\\\/#breadcrumb\",\"itemListElement\":[{\"@type\":\"ListItem\",\"position\":1,\"name\":\"Accueil\",\"item\":\"https:\\\/\\\/fr.motocrossmag.be\\\/\"},{\"@type\":\"ListItem\",\"position\":2,\"name\":\"MXGP \u00e0 Uddevalla : les pilotes engag\u00e9s\"}]},{\"@type\":\"WebSite\",\"@id\":\"https:\\\/\\\/fr.motocrossmag.be\\\/#website\",\"url\":\"https:\\\/\\\/fr.motocrossmag.be\\\/\",\"name\":\"Motocross - Enduro - Supermoto | MotocrossMag\",\"description\":\"L&#039;actualit\u00e9 du motocross, de l&#039;enduro et du Supermoto en ligne!\",\"potentialAction\":[{\"@type\":\"SearchAction\",\"target\":{\"@type\":\"EntryPoint\",\"urlTemplate\":\"https:\\\/\\\/fr.motocrossmag.be\\\/?s={search_term_string}\"},\"query-input\":{\"@type\":\"PropertyValueSpecification\",\"valueRequired\":true,\"valueName\":\"search_term_string\"}}],\"inLanguage\":\"fr-FR\"},{\"@type\":\"Person\",\"@id\":\"https:\\\/\\\/fr.motocrossmag.be\\\/#\\\/schema\\\/person\\\/11b47143d9f755babca2c9110e03235c\",\"name\":\"oliviere\",\"image\":{\"@type\":\"ImageObject\",\"inLanguage\":\"fr-FR\",\"@id\":\"https:\\\/\\\/secure.gravatar.com\\\/avatar\\\/907069e0b81d119452040469e4a7501da1100f54f7f80180ce77bfab718288f6?s=96&d=mm&r=g\",\"url\":\"https:\\\/\\\/secure.gravatar.com\\\/avatar\\\/907069e0b81d119452040469e4a7501da1100f54f7f80180ce77bfab718288f6?s=96&d=mm&r=g\",\"contentUrl\":\"https:\\\/\\\/secure.gravatar.com\\\/avatar\\\/907069e0b81d119452040469e4a7501da1100f54f7f80180ce77bfab718288f6?s=96&d=mm&r=g\",\"caption\":\"oliviere\"},\"sameAs\":[\"http:\\\/\\\/www.motocrossmag.be\"],\"url\":\"https:\\\/\\\/fr.motocrossmag.be\\\/index.php\\\/author\\\/oliviere\\\/\"}]}<\/script>\n<!-- \/ Yoast SEO plugin. -->","yoast_head_json":{"title":"MXGP \u00e0 Uddevalla : les pilotes engag\u00e9s - Motocross - Enduro - Supermoto | MotocrossMag","robots":{"index":"index","follow":"follow","max-snippet":"max-snippet:-1","max-image-preview":"max-image-preview:large","max-video-preview":"max-video-preview:-1"},"canonical":"https:\/\/fr.motocrossmag.be\/index.php\/2022\/08\/mxgp-a-uddevalla-les-pilotes-engages\/","og_locale":"fr_FR","og_type":"article","og_title":"MXGP \u00e0 Uddevalla : les pilotes engag\u00e9s - Motocross - Enduro - Supermoto | MotocrossMag","og_description":"Apr\u00e8s un week-end de pause de la foul\u00e9e du GP de Lommel, on entre dans la derni\u00e8re ligne droite de la saison 2022. Le 15\u00e8me GP de la saison ce [...]","og_url":"https:\/\/fr.motocrossmag.be\/index.php\/2022\/08\/mxgp-a-uddevalla-les-pilotes-engages\/","og_site_name":"Motocross - Enduro - Supermoto | MotocrossMag","article_published_time":"2022-08-05T17:13:33+00:00","og_image":[{"width":800,"height":533,"url":"https:\/\/fr.motocrossmag.be\/wp-content\/uploads\/2019\/08\/gajser-uddevalla.jpg","type":"image\/jpeg"}],"author":"oliviere","twitter_card":"summary_large_image","twitter_misc":{"\u00c9crit par":"oliviere","Dur\u00e9e de lecture estim\u00e9e":"3 minutes"},"schema":{"@context":"https:\/\/schema.org","@graph":[{"@type":"Article","@id":"https:\/\/fr.motocrossmag.be\/index.php\/2022\/08\/mxgp-a-uddevalla-les-pilotes-engages\/#article","isPartOf":{"@id":"https:\/\/fr.motocrossmag.be\/index.php\/2022\/08\/mxgp-a-uddevalla-les-pilotes-engages\/"},"author":{"name":"oliviere","@id":"https:\/\/fr.motocrossmag.be\/#\/schema\/person\/11b47143d9f755babca2c9110e03235c"},"headline":"MXGP \u00e0 Uddevalla : les pilotes engag\u00e9s","datePublished":"2022-08-05T17:13:33+00:00","mainEntityOfPage":{"@id":"https:\/\/fr.motocrossmag.be\/index.php\/2022\/08\/mxgp-a-uddevalla-les-pilotes-engages\/"},"wordCount":698,"commentCount":0,"image":{"@id":"https:\/\/fr.motocrossmag.be\/index.php\/2022\/08\/mxgp-a-uddevalla-les-pilotes-engages\/#primaryimage"},"thumbnailUrl":"https:\/\/fr.motocrossmag.be\/wp-content\/uploads\/2019\/08\/gajser-uddevalla.jpg","keywords":["Motocross","MXGP","Uddevalla"],"articleSection":["Actualit\u00e9","Motocross","Motocross MXGP","News","News","Slideshow"],"inLanguage":"fr-FR","potentialAction":[{"@type":"CommentAction","name":"Comment","target":["https:\/\/fr.motocrossmag.be\/index.php\/2022\/08\/mxgp-a-uddevalla-les-pilotes-engages\/#respond"]}]},{"@type":"WebPage","@id":"https:\/\/fr.motocrossmag.be\/index.php\/2022\/08\/mxgp-a-uddevalla-les-pilotes-engages\/","url":"https:\/\/fr.motocrossmag.be\/index.php\/2022\/08\/mxgp-a-uddevalla-les-pilotes-engages\/","name":"MXGP \u00e0 Uddevalla : les pilotes engag\u00e9s - Motocross - Enduro - Supermoto | MotocrossMag","isPartOf":{"@id":"https:\/\/fr.motocrossmag.be\/#website"},"primaryImageOfPage":{"@id":"https:\/\/fr.motocrossmag.be\/index.php\/2022\/08\/mxgp-a-uddevalla-les-pilotes-engages\/#primaryimage"},"image":{"@id":"https:\/\/fr.motocrossmag.be\/index.php\/2022\/08\/mxgp-a-uddevalla-les-pilotes-engages\/#primaryimage"},"thumbnailUrl":"https:\/\/fr.motocrossmag.be\/wp-content\/uploads\/2019\/08\/gajser-uddevalla.jpg","datePublished":"2022-08-05T17:13:33+00:00","author":{"@id":"https:\/\/fr.motocrossmag.be\/#\/schema\/person\/11b47143d9f755babca2c9110e03235c"},"breadcrumb":{"@id":"https:\/\/fr.motocrossmag.be\/index.php\/2022\/08\/mxgp-a-uddevalla-les-pilotes-engages\/#breadcrumb"},"inLanguage":"fr-FR","potentialAction":[{"@type":"ReadAction","target":["https:\/\/fr.motocrossmag.be\/index.php\/2022\/08\/mxgp-a-uddevalla-les-pilotes-engages\/"]}]},{"@type":"ImageObject","inLanguage":"fr-FR","@id":"https:\/\/fr.motocrossmag.be\/index.php\/2022\/08\/mxgp-a-uddevalla-les-pilotes-engages\/#primaryimage","url":"https:\/\/fr.motocrossmag.be\/wp-content\/uploads\/2019\/08\/gajser-uddevalla.jpg","contentUrl":"https:\/\/fr.motocrossmag.be\/wp-content\/uploads\/2019\/08\/gajser-uddevalla.jpg","width":800,"height":533},{"@type":"BreadcrumbList","@id":"https:\/\/fr.motocrossmag.be\/index.php\/2022\/08\/mxgp-a-uddevalla-les-pilotes-engages\/#breadcrumb","itemListElement":[{"@type":"ListItem","position":1,"name":"Accueil","item":"https:\/\/fr.motocrossmag.be\/"},{"@type":"ListItem","position":2,"name":"MXGP \u00e0 Uddevalla : les pilotes engag\u00e9s"}]},{"@type":"WebSite","@id":"https:\/\/fr.motocrossmag.be\/#website","url":"https:\/\/fr.motocrossmag.be\/","name":"Motocross - Enduro - Supermoto | MotocrossMag","description":"L&#039;actualit\u00e9 du motocross, de l&#039;enduro et du Supermoto en ligne!","potentialAction":[{"@type":"SearchAction","target":{"@type":"EntryPoint","urlTemplate":"https:\/\/fr.motocrossmag.be\/?s={search_term_string}"},"query-input":{"@type":"PropertyValueSpecification","valueRequired":true,"valueName":"search_term_string"}}],"inLanguage":"fr-FR"},{"@type":"Person","@id":"https:\/\/fr.motocrossmag.be\/#\/schema\/person\/11b47143d9f755babca2c9110e03235c","name":"oliviere","image":{"@type":"ImageObject","inLanguage":"fr-FR","@id":"https:\/\/secure.gravatar.com\/avatar\/907069e0b81d119452040469e4a7501da1100f54f7f80180ce77bfab718288f6?s=96&d=mm&r=g","url":"https:\/\/secure.gravatar.com\/avatar\/907069e0b81d119452040469e4a7501da1100f54f7f80180ce77bfab718288f6?s=96&d=mm&r=g","contentUrl":"https:\/\/secure.gravatar.com\/avatar\/907069e0b81d119452040469e4a7501da1100f54f7f80180ce77bfab718288f6?s=96&d=mm&r=g","caption":"oliviere"},"sameAs":["http:\/\/www.motocrossmag.be"],"url":"https:\/\/fr.motocrossmag.be\/index.php\/author\/oliviere\/"}]}},"_links":{"self":[{"href":"https:\/\/fr.motocrossmag.be\/index.php\/wp-json\/wp\/v2\/posts\/119514","targetHints":{"allow":["GET"]}}],"collection":[{"href":"https:\/\/fr.motocrossmag.be\/index.php\/wp-json\/wp\/v2\/posts"}],"about":[{"href":"https:\/\/fr.motocrossmag.be\/index.php\/wp-json\/wp\/v2\/types\/post"}],"author":[{"embeddable":true,"href":"https:\/\/fr.motocrossmag.be\/index.php\/wp-json\/wp\/v2\/users\/932"}],"replies":[{"embeddable":true,"href":"https:\/\/fr.motocrossmag.be\/index.php\/wp-json\/wp\/v2\/comments?post=119514"}],"version-history":[{"count":0,"href":"https:\/\/fr.motocrossmag.be\/index.php\/wp-json\/wp\/v2\/posts\/119514\/revisions"}],"wp:featuredmedia":[{"embeddable":true,"href":"https:\/\/fr.motocrossmag.be\/index.php\/wp-json\/wp\/v2\/media\/94719"}],"wp:attachment":[{"href":"https:\/\/fr.motocrossmag.be\/index.php\/wp-json\/wp\/v2\/media?parent=119514"}],"wp:term":[{"taxonomy":"category","embeddable":true,"href":"https:\/\/fr.motocrossmag.be\/index.php\/wp-json\/wp\/v2\/categories?post=119514"},{"taxonomy":"post_tag","embeddable":true,"href":"https:\/\/fr.motocrossmag.be\/index.php\/wp-json\/wp\/v2\/tags?post=119514"}],"curies":[{"name":"wp","href":"https:\/\/api.w.org\/{rel}","templated":true}]}}