{"id":119521,"date":"2022-08-06T12:37:20","date_gmt":"2022-08-06T10:37:20","guid":{"rendered":"http:\/\/fr.motocrossmag.be\/?p=119521"},"modified":"2022-08-06T12:40:12","modified_gmt":"2022-08-06T10:40:12","slug":"paris-2022-la-piste-devoilee","status":"publish","type":"post","link":"https:\/\/fr.motocrossmag.be\/index.php\/2022\/08\/paris-2022-la-piste-devoilee\/","title":{"rendered":"Paris 2022\u00a0: la piste d\u00e9voil\u00e9e\u00a0!"},"content":{"rendered":"<p><strong>Les organisateurs du Supercross de Paris, les 12 et 13 novembre prochains, viennent de d\u00e9voiler la configuration de la piste sur laquelle s&rsquo;affronteront les pilotes engag\u00e9s sur le SX le plus attendu du calendrier europ\u00e9en.<\/strong><\/p>\n<p>Vous \u00eates nombreux \u00e0 vouloir r\u00e9server vos places pour le prochain Supercross de Paris et vous avez raison, tant cette \u00e9dition propose d\u2019ores-et-d\u00e9j\u00e0 un plateau exceptionnel de champions SX pass\u00e9s, pr\u00e9sents et (probablement) \u00e0 venir avec Cooper WEBB, Eli TOMAC et les fr\u00e8res Jett et Hunter LAWRENCE\u00a0! Mais o\u00f9 se positionner au mieux pour ne rien perdre des courses endiabl\u00e9es et du Freestyle Show qui s\u2019annonce lui aussi exceptionnel\u00a0? La piste 2022 est l\u00e0, sous vos yeux, \u00e0 vous de jouer\u2026<\/p>\n<p><img decoding=\"async\" class=\"lazyload alignnone size-medium wp-image-119522\" src=\"http:\/\/fr.motocrossmag.be\/wp-content\/uploads\/2022\/08\/SX22_IMG-4s-650x459.jpg\" data-orig-src=\"http:\/\/fr.motocrossmag.be\/wp-content\/uploads\/2022\/08\/SX22_IMG-4s-650x459.jpg\" alt=\"\" width=\"650\" height=\"459\" srcset=\"data:image\/svg+xml,%3Csvg%20xmlns%3D%27http%3A%2F%2Fwww.w3.org%2F2000%2Fsvg%27%20width%3D%27650%27%20height%3D%27459%27%20viewBox%3D%270%200%20650%20459%27%3E%3Crect%20width%3D%27650%27%20height%3D%27459%27%20fill-opacity%3D%220%22%2F%3E%3C%2Fsvg%3E\" data-srcset=\"https:\/\/fr.motocrossmag.be\/wp-content\/uploads\/2022\/08\/SX22_IMG-4s-650x459.jpg 650w, https:\/\/fr.motocrossmag.be\/wp-content\/uploads\/2022\/08\/SX22_IMG-4s-768x542.jpg 768w, https:\/\/fr.motocrossmag.be\/wp-content\/uploads\/2022\/08\/SX22_IMG-4s.jpg 1000w\" data-sizes=\"auto\" data-orig-sizes=\"(max-width: 650px) 100vw, 650px\" \/><\/p>\n<p>La premi\u00e8re chose qui bien s\u00fbr saute aux yeux en d\u00e9couvrant ce trac\u00e9 2022 est le fait qu\u2019il marque le retour \u00e0 une piste de SX \u00ab\u00a0classique\u00a0\u00bb. En effet, les circonstances tr\u00e8s exceptionnelles de l\u2019\u00e9dition 2021 \u00ab\u00a0covid\u00a0\u00bb, avec un plateau beaucoup plus ax\u00e9 sur des pilotes de GP, terminant tout juste leur saison et n\u2019ayant ni l\u2019entra\u00eenement ni le mat\u00e9riel sp\u00e9cifiques requis par le Supercross, avait entra\u00een\u00e9 une simplification des obstacles. Explications de C\u00e9dric Lucas, auteur de ce dessin 2022 in\u00e9dit, sous l\u2019\u00e9gide de JLFO\u2026<\/p>\n<div class=\"rgg-container\" data-rgg-id=\"1\">    <div class=\"rgg-imagegrid captions-title captions-effect-none \" data-rgg-id=\"1\">\n                    <a data-rel=\"iLightbox[postimages]\" data-title=\"SX22_IMG 3s\" data-caption=\"\" href=\"https:\/\/fr.motocrossmag.be\/wp-content\/uploads\/2022\/08\/SX22_IMG-3s.jpg\" data-rel=\"rgg\" rel=\"rgg\" title=\"\" class=\"rgg-disabled size-medium rgg-img\" data-src=\"https:\/\/fr.motocrossmag.be\/wp-content\/uploads\/2022\/08\/SX22_IMG-3s-650x459.jpg\" data-ratio=\"1.4161220043573\" data-height=\"459\" data-width=\"650\" aria-label=\"\">\n                            <\/a>\n                    <a data-rel=\"iLightbox[postimages]\" data-title=\"SX22_IMG 1As\" data-caption=\"\" href=\"https:\/\/fr.motocrossmag.be\/wp-content\/uploads\/2022\/08\/SX22_IMG-1As.jpg\" data-rel=\"rgg\" rel=\"rgg\" title=\"\" class=\"rgg-disabled size-medium rgg-img\" data-src=\"https:\/\/fr.motocrossmag.be\/wp-content\/uploads\/2022\/08\/SX22_IMG-1As-650x459.jpg\" data-ratio=\"1.4161220043573\" data-height=\"459\" data-width=\"650\" aria-label=\"\">\n                            <\/a>\n                    <a data-rel=\"iLightbox[postimages]\" data-title=\"SX22_IMG 2s\" data-caption=\"\" href=\"https:\/\/fr.motocrossmag.be\/wp-content\/uploads\/2022\/08\/SX22_IMG-2s.jpg\" data-rel=\"rgg\" rel=\"rgg\" title=\"\" class=\"rgg-disabled size-medium rgg-img\" data-src=\"https:\/\/fr.motocrossmag.be\/wp-content\/uploads\/2022\/08\/SX22_IMG-2s-650x459.jpg\" data-ratio=\"1.4161220043573\" data-height=\"459\" data-width=\"650\" aria-label=\"\">\n                            <\/a>\n                    <a data-rel=\"iLightbox[postimages]\" data-title=\"SX22_IMG 4s\" data-caption=\"\" href=\"https:\/\/fr.motocrossmag.be\/wp-content\/uploads\/2022\/08\/SX22_IMG-4s.jpg\" data-rel=\"rgg\" rel=\"rgg\" title=\"\" class=\"rgg-disabled size-medium rgg-img\" data-src=\"https:\/\/fr.motocrossmag.be\/wp-content\/uploads\/2022\/08\/SX22_IMG-4s-650x459.jpg\" data-ratio=\"1.4161220043573\" data-height=\"459\" data-width=\"650\" aria-label=\"\">\n                            <\/a>\n            <\/div>\n<\/div>\n<p>\u00ab\u00a0L\u2019an dernier, effectivement, tout s\u2019\u00e9tait tellement fait \u00e0 l\u2019arrache et dans la pression qu\u2019on avait d\u00fb se montrer pragmatiques et renoncer aux whoops, qui sont clairement la s\u00e9rie d\u2019obstacles la plus sp\u00e9cifique au SX et qui demande le plus d\u2019entra\u00eenement aux pilotes\u00a0\u00bb, explique l\u2019artiste du Bobcat\u2026.<\/p>\n<p>\u00ab\u00a0Cette ann\u00e9e, vu le plateau de folie que Larivi\u00e8re Organisation nous propose, bien s\u00fbr, ce sera le grand retour des whoops, une bonne s\u00e9rie d\u2019une douzaine d\u2019unit\u00e9s, \u00e0 l\u2019ancienne, une ligne droite enti\u00e8re qui permettra \u00e0 des Tomac ou Lawrence de nous faire quelques tours de leur magie\u00a0!\u00a0A son extr\u00e9mit\u00e9, une \u00e9pingle \u00e0 180 degr\u00e9s, la meilleure configuration pour qu\u2019on assiste \u00e0 du gros block pass\u2026\u00bb<\/p>\n<p>\u00ab\u00a0Bien s\u00fbr les whoops ne seront pas les seuls atouts de cette piste 2022. Le long d\u00e9part central de 80m o\u00f9 les chevaux vont parler, trois lignes droites d\u2019encha\u00eenements techniques pour r\u00e9galer les meilleurs, un gros triple dans la largeur, juste devant la tribune du fond, le positionnement du Freestyle visible au plus pr\u00e8s par un maximum de spectateurs\u2026 De toute fa\u00e7on, ce qu\u2019il y a de g\u00e9nial \u00e0 l\u2019Arena Paris-La D\u00e9fense c\u2019est qu\u2019on dispose \u00e0 la fois d\u2019une piste au standard US et de tribunes \u00e0 dimension humaine, de sorte qu\u2019o\u00f9 que l\u2019on soit plac\u00e9, on n\u2019est jamais loin de l\u2019action\u00a0! C\u2019est un plaisir de concevoir une piste en sachant qu\u2019elle profitera \u00e0 tous. Vivement les 12 et 13 novembre que les stars d\u00e9couvrent cette piste, on fera tout pour qu\u2019elle leur plaise et produise le meilleur show possible\u00a0!\u00a0\u00bb<\/p>\n<p><strong>Billetterie<\/strong><br \/>\nBillets \u00e0 partir de 51\u20ac<br \/>\nTarifs enfant sur le dimanche<br \/>\nTarifs Groupes &amp; CE<br \/>\nToutes les places donnent acc\u00e8s aux essais<\/p>\n<p><strong>Horaires<\/strong><br \/>\nSamedi 12 novembre 2022 \u00e0 19h00\u00a0(nouvel horaire)<br \/>\nDimanche 13 novembre \u00e0 15h00<\/p>\n<p>Toutes les informations sur\u00a0:\u00a0<a href=\"http:\/\/www.supercrossparis.com\" target=\"_blank\" rel=\"noopener\">www.supercrossparis.com<\/a><\/p>\n","protected":false},"excerpt":{"rendered":"<p>Les organisateurs du Supercross de Paris, les 12 et 13 novembre prochains, viennent de d\u00e9voiler la configuration de la piste sur laquelle s&rsquo;affronteront les pilotes engag\u00e9s sur le SX le [&#8230;]<\/p>\n","protected":false},"author":932,"featured_media":119523,"comment_status":"open","ping_status":"closed","sticky":false,"template":"","format":"standard","meta":{"footnotes":""},"categories":[54,57,4,5,55,65],"tags":[348,116],"class_list":["post-119521","post","type-post","status-publish","format-standard","has-post-thumbnail","hentry","category-actualite","category-calendriers","category-motocross","category-news","category-news-actualite","category-slideshow","tag-paris","tag-supercross"],"yoast_head":"<!-- This site is optimized with the Yoast SEO plugin v27.4 - https:\/\/yoast.com\/product\/yoast-seo-wordpress\/ -->\n<title>Paris 2022\u00a0: la piste d\u00e9voil\u00e9e\u00a0! - Motocross - Enduro - Supermoto | MotocrossMag<\/title>\n<meta name=\"robots\" content=\"index, follow, max-snippet:-1, max-image-preview:large, max-video-preview:-1\" \/>\n<link rel=\"canonical\" href=\"https:\/\/fr.motocrossmag.be\/index.php\/2022\/08\/paris-2022-la-piste-devoilee\/\" \/>\n<meta property=\"og:locale\" content=\"fr_FR\" \/>\n<meta property=\"og:type\" content=\"article\" \/>\n<meta property=\"og:title\" content=\"Paris 2022\u00a0: la piste d\u00e9voil\u00e9e\u00a0! - Motocross - Enduro - Supermoto | MotocrossMag\" \/>\n<meta property=\"og:description\" content=\"Les organisateurs du Supercross de Paris, les 12 et 13 novembre prochains, viennent de d\u00e9voiler la configuration de la piste sur laquelle s&rsquo;affronteront les pilotes engag\u00e9s sur le SX le [...]\" \/>\n<meta property=\"og:url\" content=\"https:\/\/fr.motocrossmag.be\/index.php\/2022\/08\/paris-2022-la-piste-devoilee\/\" \/>\n<meta property=\"og:site_name\" content=\"Motocross - Enduro - Supermoto | MotocrossMag\" \/>\n<meta property=\"article:published_time\" content=\"2022-08-06T10:37:20+00:00\" \/>\n<meta property=\"article:modified_time\" content=\"2022-08-06T10:40:12+00:00\" \/>\n<meta property=\"og:image\" content=\"https:\/\/fr.motocrossmag.be\/wp-content\/uploads\/2022\/08\/SX22_IMG-2s.jpg\" \/>\n\t<meta property=\"og:image:width\" content=\"1000\" \/>\n\t<meta property=\"og:image:height\" content=\"706\" \/>\n\t<meta property=\"og:image:type\" content=\"image\/jpeg\" \/>\n<meta name=\"author\" content=\"oliviere\" \/>\n<meta name=\"twitter:card\" content=\"summary_large_image\" \/>\n<meta name=\"twitter:label1\" content=\"\u00c9crit par\" \/>\n\t<meta name=\"twitter:data1\" content=\"oliviere\" \/>\n\t<meta name=\"twitter:label2\" content=\"Dur\u00e9e de lecture estim\u00e9e\" \/>\n\t<meta name=\"twitter:data2\" content=\"3 minutes\" \/>\n<script type=\"application\/ld+json\" class=\"yoast-schema-graph\">{\"@context\":\"https:\\\/\\\/schema.org\",\"@graph\":[{\"@type\":\"Article\",\"@id\":\"https:\\\/\\\/fr.motocrossmag.be\\\/index.php\\\/2022\\\/08\\\/paris-2022-la-piste-devoilee\\\/#article\",\"isPartOf\":{\"@id\":\"https:\\\/\\\/fr.motocrossmag.be\\\/index.php\\\/2022\\\/08\\\/paris-2022-la-piste-devoilee\\\/\"},\"author\":{\"name\":\"oliviere\",\"@id\":\"https:\\\/\\\/fr.motocrossmag.be\\\/#\\\/schema\\\/person\\\/11b47143d9f755babca2c9110e03235c\"},\"headline\":\"Paris 2022\u00a0: la piste d\u00e9voil\u00e9e\u00a0!\",\"datePublished\":\"2022-08-06T10:37:20+00:00\",\"dateModified\":\"2022-08-06T10:40:12+00:00\",\"mainEntityOfPage\":{\"@id\":\"https:\\\/\\\/fr.motocrossmag.be\\\/index.php\\\/2022\\\/08\\\/paris-2022-la-piste-devoilee\\\/\"},\"wordCount\":547,\"commentCount\":0,\"image\":{\"@id\":\"https:\\\/\\\/fr.motocrossmag.be\\\/index.php\\\/2022\\\/08\\\/paris-2022-la-piste-devoilee\\\/#primaryimage\"},\"thumbnailUrl\":\"https:\\\/\\\/fr.motocrossmag.be\\\/wp-content\\\/uploads\\\/2022\\\/08\\\/SX22_IMG-2s.jpg\",\"keywords\":[\"paris\",\"Supercross\"],\"articleSection\":[\"Actualit\u00e9\",\"Calendriers\",\"Motocross\",\"News\",\"News\",\"Slideshow\"],\"inLanguage\":\"fr-FR\",\"potentialAction\":[{\"@type\":\"CommentAction\",\"name\":\"Comment\",\"target\":[\"https:\\\/\\\/fr.motocrossmag.be\\\/index.php\\\/2022\\\/08\\\/paris-2022-la-piste-devoilee\\\/#respond\"]}]},{\"@type\":\"WebPage\",\"@id\":\"https:\\\/\\\/fr.motocrossmag.be\\\/index.php\\\/2022\\\/08\\\/paris-2022-la-piste-devoilee\\\/\",\"url\":\"https:\\\/\\\/fr.motocrossmag.be\\\/index.php\\\/2022\\\/08\\\/paris-2022-la-piste-devoilee\\\/\",\"name\":\"Paris 2022\u00a0: la piste d\u00e9voil\u00e9e\u00a0! - Motocross - Enduro - Supermoto | MotocrossMag\",\"isPartOf\":{\"@id\":\"https:\\\/\\\/fr.motocrossmag.be\\\/#website\"},\"primaryImageOfPage\":{\"@id\":\"https:\\\/\\\/fr.motocrossmag.be\\\/index.php\\\/2022\\\/08\\\/paris-2022-la-piste-devoilee\\\/#primaryimage\"},\"image\":{\"@id\":\"https:\\\/\\\/fr.motocrossmag.be\\\/index.php\\\/2022\\\/08\\\/paris-2022-la-piste-devoilee\\\/#primaryimage\"},\"thumbnailUrl\":\"https:\\\/\\\/fr.motocrossmag.be\\\/wp-content\\\/uploads\\\/2022\\\/08\\\/SX22_IMG-2s.jpg\",\"datePublished\":\"2022-08-06T10:37:20+00:00\",\"dateModified\":\"2022-08-06T10:40:12+00:00\",\"author\":{\"@id\":\"https:\\\/\\\/fr.motocrossmag.be\\\/#\\\/schema\\\/person\\\/11b47143d9f755babca2c9110e03235c\"},\"breadcrumb\":{\"@id\":\"https:\\\/\\\/fr.motocrossmag.be\\\/index.php\\\/2022\\\/08\\\/paris-2022-la-piste-devoilee\\\/#breadcrumb\"},\"inLanguage\":\"fr-FR\",\"potentialAction\":[{\"@type\":\"ReadAction\",\"target\":[\"https:\\\/\\\/fr.motocrossmag.be\\\/index.php\\\/2022\\\/08\\\/paris-2022-la-piste-devoilee\\\/\"]}]},{\"@type\":\"ImageObject\",\"inLanguage\":\"fr-FR\",\"@id\":\"https:\\\/\\\/fr.motocrossmag.be\\\/index.php\\\/2022\\\/08\\\/paris-2022-la-piste-devoilee\\\/#primaryimage\",\"url\":\"https:\\\/\\\/fr.motocrossmag.be\\\/wp-content\\\/uploads\\\/2022\\\/08\\\/SX22_IMG-2s.jpg\",\"contentUrl\":\"https:\\\/\\\/fr.motocrossmag.be\\\/wp-content\\\/uploads\\\/2022\\\/08\\\/SX22_IMG-2s.jpg\",\"width\":\"1000\",\"height\":\"706\"},{\"@type\":\"BreadcrumbList\",\"@id\":\"https:\\\/\\\/fr.motocrossmag.be\\\/index.php\\\/2022\\\/08\\\/paris-2022-la-piste-devoilee\\\/#breadcrumb\",\"itemListElement\":[{\"@type\":\"ListItem\",\"position\":1,\"name\":\"Accueil\",\"item\":\"https:\\\/\\\/fr.motocrossmag.be\\\/\"},{\"@type\":\"ListItem\",\"position\":2,\"name\":\"Paris 2022\u00a0: la piste d\u00e9voil\u00e9e\u00a0!\"}]},{\"@type\":\"WebSite\",\"@id\":\"https:\\\/\\\/fr.motocrossmag.be\\\/#website\",\"url\":\"https:\\\/\\\/fr.motocrossmag.be\\\/\",\"name\":\"Motocross - Enduro - Supermoto | MotocrossMag\",\"description\":\"L&#039;actualit\u00e9 du motocross, de l&#039;enduro et du Supermoto en ligne!\",\"potentialAction\":[{\"@type\":\"SearchAction\",\"target\":{\"@type\":\"EntryPoint\",\"urlTemplate\":\"https:\\\/\\\/fr.motocrossmag.be\\\/?s={search_term_string}\"},\"query-input\":{\"@type\":\"PropertyValueSpecification\",\"valueRequired\":true,\"valueName\":\"search_term_string\"}}],\"inLanguage\":\"fr-FR\"},{\"@type\":\"Person\",\"@id\":\"https:\\\/\\\/fr.motocrossmag.be\\\/#\\\/schema\\\/person\\\/11b47143d9f755babca2c9110e03235c\",\"name\":\"oliviere\",\"image\":{\"@type\":\"ImageObject\",\"inLanguage\":\"fr-FR\",\"@id\":\"https:\\\/\\\/secure.gravatar.com\\\/avatar\\\/907069e0b81d119452040469e4a7501da1100f54f7f80180ce77bfab718288f6?s=96&d=mm&r=g\",\"url\":\"https:\\\/\\\/secure.gravatar.com\\\/avatar\\\/907069e0b81d119452040469e4a7501da1100f54f7f80180ce77bfab718288f6?s=96&d=mm&r=g\",\"contentUrl\":\"https:\\\/\\\/secure.gravatar.com\\\/avatar\\\/907069e0b81d119452040469e4a7501da1100f54f7f80180ce77bfab718288f6?s=96&d=mm&r=g\",\"caption\":\"oliviere\"},\"sameAs\":[\"http:\\\/\\\/www.motocrossmag.be\"],\"url\":\"https:\\\/\\\/fr.motocrossmag.be\\\/index.php\\\/author\\\/oliviere\\\/\"}]}<\/script>\n<!-- \/ Yoast SEO plugin. -->","yoast_head_json":{"title":"Paris 2022\u00a0: la piste d\u00e9voil\u00e9e\u00a0! - Motocross - Enduro - Supermoto | MotocrossMag","robots":{"index":"index","follow":"follow","max-snippet":"max-snippet:-1","max-image-preview":"max-image-preview:large","max-video-preview":"max-video-preview:-1"},"canonical":"https:\/\/fr.motocrossmag.be\/index.php\/2022\/08\/paris-2022-la-piste-devoilee\/","og_locale":"fr_FR","og_type":"article","og_title":"Paris 2022\u00a0: la piste d\u00e9voil\u00e9e\u00a0! - Motocross - Enduro - Supermoto | MotocrossMag","og_description":"Les organisateurs du Supercross de Paris, les 12 et 13 novembre prochains, viennent de d\u00e9voiler la configuration de la piste sur laquelle s&rsquo;affronteront les pilotes engag\u00e9s sur le SX le [...]","og_url":"https:\/\/fr.motocrossmag.be\/index.php\/2022\/08\/paris-2022-la-piste-devoilee\/","og_site_name":"Motocross - Enduro - Supermoto | MotocrossMag","article_published_time":"2022-08-06T10:37:20+00:00","article_modified_time":"2022-08-06T10:40:12+00:00","og_image":[{"width":1000,"height":706,"url":"https:\/\/fr.motocrossmag.be\/wp-content\/uploads\/2022\/08\/SX22_IMG-2s.jpg","type":"image\/jpeg"}],"author":"oliviere","twitter_card":"summary_large_image","twitter_misc":{"\u00c9crit par":"oliviere","Dur\u00e9e de lecture estim\u00e9e":"3 minutes"},"schema":{"@context":"https:\/\/schema.org","@graph":[{"@type":"Article","@id":"https:\/\/fr.motocrossmag.be\/index.php\/2022\/08\/paris-2022-la-piste-devoilee\/#article","isPartOf":{"@id":"https:\/\/fr.motocrossmag.be\/index.php\/2022\/08\/paris-2022-la-piste-devoilee\/"},"author":{"name":"oliviere","@id":"https:\/\/fr.motocrossmag.be\/#\/schema\/person\/11b47143d9f755babca2c9110e03235c"},"headline":"Paris 2022\u00a0: la piste d\u00e9voil\u00e9e\u00a0!","datePublished":"2022-08-06T10:37:20+00:00","dateModified":"2022-08-06T10:40:12+00:00","mainEntityOfPage":{"@id":"https:\/\/fr.motocrossmag.be\/index.php\/2022\/08\/paris-2022-la-piste-devoilee\/"},"wordCount":547,"commentCount":0,"image":{"@id":"https:\/\/fr.motocrossmag.be\/index.php\/2022\/08\/paris-2022-la-piste-devoilee\/#primaryimage"},"thumbnailUrl":"https:\/\/fr.motocrossmag.be\/wp-content\/uploads\/2022\/08\/SX22_IMG-2s.jpg","keywords":["paris","Supercross"],"articleSection":["Actualit\u00e9","Calendriers","Motocross","News","News","Slideshow"],"inLanguage":"fr-FR","potentialAction":[{"@type":"CommentAction","name":"Comment","target":["https:\/\/fr.motocrossmag.be\/index.php\/2022\/08\/paris-2022-la-piste-devoilee\/#respond"]}]},{"@type":"WebPage","@id":"https:\/\/fr.motocrossmag.be\/index.php\/2022\/08\/paris-2022-la-piste-devoilee\/","url":"https:\/\/fr.motocrossmag.be\/index.php\/2022\/08\/paris-2022-la-piste-devoilee\/","name":"Paris 2022\u00a0: la piste d\u00e9voil\u00e9e\u00a0! - Motocross - Enduro - Supermoto | MotocrossMag","isPartOf":{"@id":"https:\/\/fr.motocrossmag.be\/#website"},"primaryImageOfPage":{"@id":"https:\/\/fr.motocrossmag.be\/index.php\/2022\/08\/paris-2022-la-piste-devoilee\/#primaryimage"},"image":{"@id":"https:\/\/fr.motocrossmag.be\/index.php\/2022\/08\/paris-2022-la-piste-devoilee\/#primaryimage"},"thumbnailUrl":"https:\/\/fr.motocrossmag.be\/wp-content\/uploads\/2022\/08\/SX22_IMG-2s.jpg","datePublished":"2022-08-06T10:37:20+00:00","dateModified":"2022-08-06T10:40:12+00:00","author":{"@id":"https:\/\/fr.motocrossmag.be\/#\/schema\/person\/11b47143d9f755babca2c9110e03235c"},"breadcrumb":{"@id":"https:\/\/fr.motocrossmag.be\/index.php\/2022\/08\/paris-2022-la-piste-devoilee\/#breadcrumb"},"inLanguage":"fr-FR","potentialAction":[{"@type":"ReadAction","target":["https:\/\/fr.motocrossmag.be\/index.php\/2022\/08\/paris-2022-la-piste-devoilee\/"]}]},{"@type":"ImageObject","inLanguage":"fr-FR","@id":"https:\/\/fr.motocrossmag.be\/index.php\/2022\/08\/paris-2022-la-piste-devoilee\/#primaryimage","url":"https:\/\/fr.motocrossmag.be\/wp-content\/uploads\/2022\/08\/SX22_IMG-2s.jpg","contentUrl":"https:\/\/fr.motocrossmag.be\/wp-content\/uploads\/2022\/08\/SX22_IMG-2s.jpg","width":"1000","height":"706"},{"@type":"BreadcrumbList","@id":"https:\/\/fr.motocrossmag.be\/index.php\/2022\/08\/paris-2022-la-piste-devoilee\/#breadcrumb","itemListElement":[{"@type":"ListItem","position":1,"name":"Accueil","item":"https:\/\/fr.motocrossmag.be\/"},{"@type":"ListItem","position":2,"name":"Paris 2022\u00a0: la piste d\u00e9voil\u00e9e\u00a0!"}]},{"@type":"WebSite","@id":"https:\/\/fr.motocrossmag.be\/#website","url":"https:\/\/fr.motocrossmag.be\/","name":"Motocross - Enduro - Supermoto | MotocrossMag","description":"L&#039;actualit\u00e9 du motocross, de l&#039;enduro et du Supermoto en ligne!","potentialAction":[{"@type":"SearchAction","target":{"@type":"EntryPoint","urlTemplate":"https:\/\/fr.motocrossmag.be\/?s={search_term_string}"},"query-input":{"@type":"PropertyValueSpecification","valueRequired":true,"valueName":"search_term_string"}}],"inLanguage":"fr-FR"},{"@type":"Person","@id":"https:\/\/fr.motocrossmag.be\/#\/schema\/person\/11b47143d9f755babca2c9110e03235c","name":"oliviere","image":{"@type":"ImageObject","inLanguage":"fr-FR","@id":"https:\/\/secure.gravatar.com\/avatar\/907069e0b81d119452040469e4a7501da1100f54f7f80180ce77bfab718288f6?s=96&d=mm&r=g","url":"https:\/\/secure.gravatar.com\/avatar\/907069e0b81d119452040469e4a7501da1100f54f7f80180ce77bfab718288f6?s=96&d=mm&r=g","contentUrl":"https:\/\/secure.gravatar.com\/avatar\/907069e0b81d119452040469e4a7501da1100f54f7f80180ce77bfab718288f6?s=96&d=mm&r=g","caption":"oliviere"},"sameAs":["http:\/\/www.motocrossmag.be"],"url":"https:\/\/fr.motocrossmag.be\/index.php\/author\/oliviere\/"}]}},"_links":{"self":[{"href":"https:\/\/fr.motocrossmag.be\/index.php\/wp-json\/wp\/v2\/posts\/119521","targetHints":{"allow":["GET"]}}],"collection":[{"href":"https:\/\/fr.motocrossmag.be\/index.php\/wp-json\/wp\/v2\/posts"}],"about":[{"href":"https:\/\/fr.motocrossmag.be\/index.php\/wp-json\/wp\/v2\/types\/post"}],"author":[{"embeddable":true,"href":"https:\/\/fr.motocrossmag.be\/index.php\/wp-json\/wp\/v2\/users\/932"}],"replies":[{"embeddable":true,"href":"https:\/\/fr.motocrossmag.be\/index.php\/wp-json\/wp\/v2\/comments?post=119521"}],"version-history":[{"count":1,"href":"https:\/\/fr.motocrossmag.be\/index.php\/wp-json\/wp\/v2\/posts\/119521\/revisions"}],"predecessor-version":[{"id":119526,"href":"https:\/\/fr.motocrossmag.be\/index.php\/wp-json\/wp\/v2\/posts\/119521\/revisions\/119526"}],"wp:featuredmedia":[{"embeddable":true,"href":"https:\/\/fr.motocrossmag.be\/index.php\/wp-json\/wp\/v2\/media\/119523"}],"wp:attachment":[{"href":"https:\/\/fr.motocrossmag.be\/index.php\/wp-json\/wp\/v2\/media?parent=119521"}],"wp:term":[{"taxonomy":"category","embeddable":true,"href":"https:\/\/fr.motocrossmag.be\/index.php\/wp-json\/wp\/v2\/categories?post=119521"},{"taxonomy":"post_tag","embeddable":true,"href":"https:\/\/fr.motocrossmag.be\/index.php\/wp-json\/wp\/v2\/tags?post=119521"}],"curies":[{"name":"wp","href":"https:\/\/api.w.org\/{rel}","templated":true}]}}