{"id":119530,"date":"2022-08-06T18:09:20","date_gmt":"2022-08-06T16:09:20","guid":{"rendered":"http:\/\/fr.motocrossmag.be\/?p=119530"},"modified":"2022-08-06T18:19:11","modified_gmt":"2022-08-06T16:19:11","slug":"jago-geerts-remporte-la-manche-qualificative-mx2-en-suede","status":"publish","type":"post","link":"https:\/\/fr.motocrossmag.be\/index.php\/2022\/08\/jago-geerts-remporte-la-manche-qualificative-mx2-en-suede\/","title":{"rendered":"Jago Geerts remporte la manche qualificative MX2 en Su\u00e8de"},"content":{"rendered":"<p><strong>Jago Geerts a men\u00e9 de bout en bout ce samedi la manche qualificative MX2 du GP de Su\u00e8de. Sur la piste d&rsquo;Uddevalla, le Belge a franchi la ligne d&rsquo;arriv\u00e9e avec plus de 5 secondes d&rsquo;avance sur son rival dans la course au titre Tom Vialle. Celui-ci avait pris la seconde place \u00e0 3 tours de l&rsquo;arriv\u00e9e seulement, occup\u00e9e jusque l\u00e0 par le Slov\u00e8ne Jan Pancar. L&rsquo;Allemand Simon Laengenfelder compl\u00e8te le podium. Il s&rsquo;agit de la 6\u00e8me pole cette saison pour Geerts.<br \/>\n<\/strong><\/p>\n<p>De son c\u00f4t\u00e9, Liam Everts est vite revenu de la 14\u00e8me \u00e0 la 10\u00e8me position pour ne plus quitter le top-10 jusqu&rsquo;au drapeau \u00e0 damiers. Il termine derri\u00e8re Thibault Benistant.<\/p>\n<p>Demain, Jago Geerts tentera d&rsquo;asseoir encore davantage sa position actuelle de leader du classement provisoire MX2, o\u00f9 il compte en arrivant \u00e0 Uddevalla 23 points d&rsquo;avance sur Tom Vialle.<\/p>\n<p><span style=\"color: #800000;\"><strong>R\u00e9sultats<\/strong><\/span><\/p>\n<p><strong>1. Jago Geerts (BEL, Yamaha), 24:26.979<\/strong>; 2. Tom Vialle (FRA, KTM), +0:05.334; 3. Simon Laengenfelder (GER, GASGAS), +0:07.311; 4. Mikkel Haarup (DEN, Kawasaki), +0:08.341; 5. Jan Pancar (SLO, KTM), +0:11.534; 6. Kevin Horgmo (NOR, Kawasaki), +0:14.180; 7. Roan Van De Moosdijk (NED, Husqvarna), +0:19.867; 8. Andrea Adamo (ITA, GASGAS), +0:26.232; 9. Thibault Benistant (FRA, Yamaha), +0:35.578; <strong>10. Liam Everts (BEL, KTM), +0:36.685<\/strong>; 11. Kay Karssemakers (NED, KTM), +0:51.675; 12. Kay de Wolf (NED, Husqvarna), +0:52.777; 13. Joel Rizzi (GBR, Yamaha), +1:05.917; 14. Marcel Stauffer (AUT, KTM), +1:09.587; 15. Albin Gerhardsson (SWE, Husqvarna), +1:10.331; 16. Tom Guyon (FRA, KTM), +1:13.096; 17. Filip Olsson (SWE, Husqvarna), +1:19.034; 18. Bobby Bruce (GBR, GASGAS), +1:21.327; 19. Leopold Ambj\u00f6rnson (SWE, Husqvarna), +1:23.580; 20. Jakub Teresak (CZE, KTM), +1:24.050; 21. Kjell Verbruggen (NED, Kawasaki), +1:29.192; 22. Twan Van Essen (NED, Honda), -1 lap(s); 23. Stephen Rubini (FRA, Honda), -12 lap(s);<\/p>\n","protected":false},"excerpt":{"rendered":"<p>Jago Geerts a men\u00e9 de bout en bout ce samedi la manche qualificative MX2 du GP de Su\u00e8de. Sur la piste d&rsquo;Uddevalla, le Belge a franchi la ligne d&rsquo;arriv\u00e9e avec [&#8230;]<\/p>\n","protected":false},"author":932,"featured_media":119539,"comment_status":"open","ping_status":"closed","sticky":false,"template":"","format":"standard","meta":{"footnotes":""},"categories":[54,4,6,5,55,56,65],"tags":[813,1247,947,568,1246],"class_list":["post-119530","post","type-post","status-publish","format-standard","has-post-thumbnail","hentry","category-actualite","category-motocross","category-mx1mx2","category-news","category-news-actualite","category-resultats","category-slideshow","tag-jago-geerts","tag-liam-everts","tag-motocross","tag-mxgp","tag-tom-vialle"],"yoast_head":"<!-- This site is optimized with the Yoast SEO plugin v27.4 - https:\/\/yoast.com\/product\/yoast-seo-wordpress\/ -->\n<title>Jago Geerts remporte la manche qualificative MX2 en Su\u00e8de - Motocross - Enduro - Supermoto | MotocrossMag<\/title>\n<meta name=\"robots\" content=\"index, follow, max-snippet:-1, max-image-preview:large, max-video-preview:-1\" \/>\n<link rel=\"canonical\" href=\"https:\/\/fr.motocrossmag.be\/index.php\/2022\/08\/jago-geerts-remporte-la-manche-qualificative-mx2-en-suede\/\" \/>\n<meta property=\"og:locale\" content=\"fr_FR\" \/>\n<meta property=\"og:type\" content=\"article\" \/>\n<meta property=\"og:title\" content=\"Jago Geerts remporte la manche qualificative MX2 en Su\u00e8de - Motocross - Enduro - Supermoto | MotocrossMag\" \/>\n<meta property=\"og:description\" content=\"Jago Geerts a men\u00e9 de bout en bout ce samedi la manche qualificative MX2 du GP de Su\u00e8de. Sur la piste d&rsquo;Uddevalla, le Belge a franchi la ligne d&rsquo;arriv\u00e9e avec [...]\" \/>\n<meta property=\"og:url\" content=\"https:\/\/fr.motocrossmag.be\/index.php\/2022\/08\/jago-geerts-remporte-la-manche-qualificative-mx2-en-suede\/\" \/>\n<meta property=\"og:site_name\" content=\"Motocross - Enduro - Supermoto | MotocrossMag\" \/>\n<meta property=\"article:published_time\" content=\"2022-08-06T16:09:20+00:00\" \/>\n<meta property=\"article:modified_time\" content=\"2022-08-06T16:19:11+00:00\" \/>\n<meta property=\"og:image\" content=\"https:\/\/fr.motocrossmag.be\/wp-content\/uploads\/2022\/08\/HMF_3374.jpeg\" \/>\n\t<meta property=\"og:image:width\" content=\"1000\" \/>\n\t<meta property=\"og:image:height\" content=\"680\" \/>\n\t<meta property=\"og:image:type\" content=\"image\/jpeg\" \/>\n<meta name=\"author\" content=\"oliviere\" \/>\n<meta name=\"twitter:card\" content=\"summary_large_image\" \/>\n<meta name=\"twitter:label1\" content=\"\u00c9crit par\" \/>\n\t<meta name=\"twitter:data1\" content=\"oliviere\" \/>\n\t<meta name=\"twitter:label2\" content=\"Dur\u00e9e de lecture estim\u00e9e\" \/>\n\t<meta name=\"twitter:data2\" content=\"1 minute\" \/>\n<script type=\"application\/ld+json\" class=\"yoast-schema-graph\">{\"@context\":\"https:\\\/\\\/schema.org\",\"@graph\":[{\"@type\":\"Article\",\"@id\":\"https:\\\/\\\/fr.motocrossmag.be\\\/index.php\\\/2022\\\/08\\\/jago-geerts-remporte-la-manche-qualificative-mx2-en-suede\\\/#article\",\"isPartOf\":{\"@id\":\"https:\\\/\\\/fr.motocrossmag.be\\\/index.php\\\/2022\\\/08\\\/jago-geerts-remporte-la-manche-qualificative-mx2-en-suede\\\/\"},\"author\":{\"name\":\"oliviere\",\"@id\":\"https:\\\/\\\/fr.motocrossmag.be\\\/#\\\/schema\\\/person\\\/11b47143d9f755babca2c9110e03235c\"},\"headline\":\"Jago Geerts remporte la manche qualificative MX2 en Su\u00e8de\",\"datePublished\":\"2022-08-06T16:09:20+00:00\",\"dateModified\":\"2022-08-06T16:19:11+00:00\",\"mainEntityOfPage\":{\"@id\":\"https:\\\/\\\/fr.motocrossmag.be\\\/index.php\\\/2022\\\/08\\\/jago-geerts-remporte-la-manche-qualificative-mx2-en-suede\\\/\"},\"wordCount\":265,\"commentCount\":0,\"image\":{\"@id\":\"https:\\\/\\\/fr.motocrossmag.be\\\/index.php\\\/2022\\\/08\\\/jago-geerts-remporte-la-manche-qualificative-mx2-en-suede\\\/#primaryimage\"},\"thumbnailUrl\":\"https:\\\/\\\/fr.motocrossmag.be\\\/wp-content\\\/uploads\\\/2022\\\/08\\\/HMF_3374.jpeg\",\"keywords\":[\"Jago Geerts\",\"liam everts\",\"Motocross\",\"MXGP\",\"tom vialle\"],\"articleSection\":[\"Actualit\u00e9\",\"Motocross\",\"Motocross MXGP\",\"News\",\"News\",\"R\u00e9sultats\",\"Slideshow\"],\"inLanguage\":\"fr-FR\",\"potentialAction\":[{\"@type\":\"CommentAction\",\"name\":\"Comment\",\"target\":[\"https:\\\/\\\/fr.motocrossmag.be\\\/index.php\\\/2022\\\/08\\\/jago-geerts-remporte-la-manche-qualificative-mx2-en-suede\\\/#respond\"]}]},{\"@type\":\"WebPage\",\"@id\":\"https:\\\/\\\/fr.motocrossmag.be\\\/index.php\\\/2022\\\/08\\\/jago-geerts-remporte-la-manche-qualificative-mx2-en-suede\\\/\",\"url\":\"https:\\\/\\\/fr.motocrossmag.be\\\/index.php\\\/2022\\\/08\\\/jago-geerts-remporte-la-manche-qualificative-mx2-en-suede\\\/\",\"name\":\"Jago Geerts remporte la manche qualificative MX2 en Su\u00e8de - Motocross - Enduro - Supermoto | MotocrossMag\",\"isPartOf\":{\"@id\":\"https:\\\/\\\/fr.motocrossmag.be\\\/#website\"},\"primaryImageOfPage\":{\"@id\":\"https:\\\/\\\/fr.motocrossmag.be\\\/index.php\\\/2022\\\/08\\\/jago-geerts-remporte-la-manche-qualificative-mx2-en-suede\\\/#primaryimage\"},\"image\":{\"@id\":\"https:\\\/\\\/fr.motocrossmag.be\\\/index.php\\\/2022\\\/08\\\/jago-geerts-remporte-la-manche-qualificative-mx2-en-suede\\\/#primaryimage\"},\"thumbnailUrl\":\"https:\\\/\\\/fr.motocrossmag.be\\\/wp-content\\\/uploads\\\/2022\\\/08\\\/HMF_3374.jpeg\",\"datePublished\":\"2022-08-06T16:09:20+00:00\",\"dateModified\":\"2022-08-06T16:19:11+00:00\",\"author\":{\"@id\":\"https:\\\/\\\/fr.motocrossmag.be\\\/#\\\/schema\\\/person\\\/11b47143d9f755babca2c9110e03235c\"},\"breadcrumb\":{\"@id\":\"https:\\\/\\\/fr.motocrossmag.be\\\/index.php\\\/2022\\\/08\\\/jago-geerts-remporte-la-manche-qualificative-mx2-en-suede\\\/#breadcrumb\"},\"inLanguage\":\"fr-FR\",\"potentialAction\":[{\"@type\":\"ReadAction\",\"target\":[\"https:\\\/\\\/fr.motocrossmag.be\\\/index.php\\\/2022\\\/08\\\/jago-geerts-remporte-la-manche-qualificative-mx2-en-suede\\\/\"]}]},{\"@type\":\"ImageObject\",\"inLanguage\":\"fr-FR\",\"@id\":\"https:\\\/\\\/fr.motocrossmag.be\\\/index.php\\\/2022\\\/08\\\/jago-geerts-remporte-la-manche-qualificative-mx2-en-suede\\\/#primaryimage\",\"url\":\"https:\\\/\\\/fr.motocrossmag.be\\\/wp-content\\\/uploads\\\/2022\\\/08\\\/HMF_3374.jpeg\",\"contentUrl\":\"https:\\\/\\\/fr.motocrossmag.be\\\/wp-content\\\/uploads\\\/2022\\\/08\\\/HMF_3374.jpeg\",\"width\":\"1000\",\"height\":\"680\"},{\"@type\":\"BreadcrumbList\",\"@id\":\"https:\\\/\\\/fr.motocrossmag.be\\\/index.php\\\/2022\\\/08\\\/jago-geerts-remporte-la-manche-qualificative-mx2-en-suede\\\/#breadcrumb\",\"itemListElement\":[{\"@type\":\"ListItem\",\"position\":1,\"name\":\"Accueil\",\"item\":\"https:\\\/\\\/fr.motocrossmag.be\\\/\"},{\"@type\":\"ListItem\",\"position\":2,\"name\":\"Jago Geerts remporte la manche qualificative MX2 en Su\u00e8de\"}]},{\"@type\":\"WebSite\",\"@id\":\"https:\\\/\\\/fr.motocrossmag.be\\\/#website\",\"url\":\"https:\\\/\\\/fr.motocrossmag.be\\\/\",\"name\":\"Motocross - Enduro - Supermoto | MotocrossMag\",\"description\":\"L&#039;actualit\u00e9 du motocross, de l&#039;enduro et du Supermoto en ligne!\",\"potentialAction\":[{\"@type\":\"SearchAction\",\"target\":{\"@type\":\"EntryPoint\",\"urlTemplate\":\"https:\\\/\\\/fr.motocrossmag.be\\\/?s={search_term_string}\"},\"query-input\":{\"@type\":\"PropertyValueSpecification\",\"valueRequired\":true,\"valueName\":\"search_term_string\"}}],\"inLanguage\":\"fr-FR\"},{\"@type\":\"Person\",\"@id\":\"https:\\\/\\\/fr.motocrossmag.be\\\/#\\\/schema\\\/person\\\/11b47143d9f755babca2c9110e03235c\",\"name\":\"oliviere\",\"image\":{\"@type\":\"ImageObject\",\"inLanguage\":\"fr-FR\",\"@id\":\"https:\\\/\\\/secure.gravatar.com\\\/avatar\\\/907069e0b81d119452040469e4a7501da1100f54f7f80180ce77bfab718288f6?s=96&d=mm&r=g\",\"url\":\"https:\\\/\\\/secure.gravatar.com\\\/avatar\\\/907069e0b81d119452040469e4a7501da1100f54f7f80180ce77bfab718288f6?s=96&d=mm&r=g\",\"contentUrl\":\"https:\\\/\\\/secure.gravatar.com\\\/avatar\\\/907069e0b81d119452040469e4a7501da1100f54f7f80180ce77bfab718288f6?s=96&d=mm&r=g\",\"caption\":\"oliviere\"},\"sameAs\":[\"http:\\\/\\\/www.motocrossmag.be\"],\"url\":\"https:\\\/\\\/fr.motocrossmag.be\\\/index.php\\\/author\\\/oliviere\\\/\"}]}<\/script>\n<!-- \/ Yoast SEO plugin. -->","yoast_head_json":{"title":"Jago Geerts remporte la manche qualificative MX2 en Su\u00e8de - Motocross - Enduro - Supermoto | MotocrossMag","robots":{"index":"index","follow":"follow","max-snippet":"max-snippet:-1","max-image-preview":"max-image-preview:large","max-video-preview":"max-video-preview:-1"},"canonical":"https:\/\/fr.motocrossmag.be\/index.php\/2022\/08\/jago-geerts-remporte-la-manche-qualificative-mx2-en-suede\/","og_locale":"fr_FR","og_type":"article","og_title":"Jago Geerts remporte la manche qualificative MX2 en Su\u00e8de - Motocross - Enduro - Supermoto | MotocrossMag","og_description":"Jago Geerts a men\u00e9 de bout en bout ce samedi la manche qualificative MX2 du GP de Su\u00e8de. Sur la piste d&rsquo;Uddevalla, le Belge a franchi la ligne d&rsquo;arriv\u00e9e avec [...]","og_url":"https:\/\/fr.motocrossmag.be\/index.php\/2022\/08\/jago-geerts-remporte-la-manche-qualificative-mx2-en-suede\/","og_site_name":"Motocross - Enduro - Supermoto | MotocrossMag","article_published_time":"2022-08-06T16:09:20+00:00","article_modified_time":"2022-08-06T16:19:11+00:00","og_image":[{"width":1000,"height":680,"url":"https:\/\/fr.motocrossmag.be\/wp-content\/uploads\/2022\/08\/HMF_3374.jpeg","type":"image\/jpeg"}],"author":"oliviere","twitter_card":"summary_large_image","twitter_misc":{"\u00c9crit par":"oliviere","Dur\u00e9e de lecture estim\u00e9e":"1 minute"},"schema":{"@context":"https:\/\/schema.org","@graph":[{"@type":"Article","@id":"https:\/\/fr.motocrossmag.be\/index.php\/2022\/08\/jago-geerts-remporte-la-manche-qualificative-mx2-en-suede\/#article","isPartOf":{"@id":"https:\/\/fr.motocrossmag.be\/index.php\/2022\/08\/jago-geerts-remporte-la-manche-qualificative-mx2-en-suede\/"},"author":{"name":"oliviere","@id":"https:\/\/fr.motocrossmag.be\/#\/schema\/person\/11b47143d9f755babca2c9110e03235c"},"headline":"Jago Geerts remporte la manche qualificative MX2 en Su\u00e8de","datePublished":"2022-08-06T16:09:20+00:00","dateModified":"2022-08-06T16:19:11+00:00","mainEntityOfPage":{"@id":"https:\/\/fr.motocrossmag.be\/index.php\/2022\/08\/jago-geerts-remporte-la-manche-qualificative-mx2-en-suede\/"},"wordCount":265,"commentCount":0,"image":{"@id":"https:\/\/fr.motocrossmag.be\/index.php\/2022\/08\/jago-geerts-remporte-la-manche-qualificative-mx2-en-suede\/#primaryimage"},"thumbnailUrl":"https:\/\/fr.motocrossmag.be\/wp-content\/uploads\/2022\/08\/HMF_3374.jpeg","keywords":["Jago Geerts","liam everts","Motocross","MXGP","tom vialle"],"articleSection":["Actualit\u00e9","Motocross","Motocross MXGP","News","News","R\u00e9sultats","Slideshow"],"inLanguage":"fr-FR","potentialAction":[{"@type":"CommentAction","name":"Comment","target":["https:\/\/fr.motocrossmag.be\/index.php\/2022\/08\/jago-geerts-remporte-la-manche-qualificative-mx2-en-suede\/#respond"]}]},{"@type":"WebPage","@id":"https:\/\/fr.motocrossmag.be\/index.php\/2022\/08\/jago-geerts-remporte-la-manche-qualificative-mx2-en-suede\/","url":"https:\/\/fr.motocrossmag.be\/index.php\/2022\/08\/jago-geerts-remporte-la-manche-qualificative-mx2-en-suede\/","name":"Jago Geerts remporte la manche qualificative MX2 en Su\u00e8de - Motocross - Enduro - Supermoto | MotocrossMag","isPartOf":{"@id":"https:\/\/fr.motocrossmag.be\/#website"},"primaryImageOfPage":{"@id":"https:\/\/fr.motocrossmag.be\/index.php\/2022\/08\/jago-geerts-remporte-la-manche-qualificative-mx2-en-suede\/#primaryimage"},"image":{"@id":"https:\/\/fr.motocrossmag.be\/index.php\/2022\/08\/jago-geerts-remporte-la-manche-qualificative-mx2-en-suede\/#primaryimage"},"thumbnailUrl":"https:\/\/fr.motocrossmag.be\/wp-content\/uploads\/2022\/08\/HMF_3374.jpeg","datePublished":"2022-08-06T16:09:20+00:00","dateModified":"2022-08-06T16:19:11+00:00","author":{"@id":"https:\/\/fr.motocrossmag.be\/#\/schema\/person\/11b47143d9f755babca2c9110e03235c"},"breadcrumb":{"@id":"https:\/\/fr.motocrossmag.be\/index.php\/2022\/08\/jago-geerts-remporte-la-manche-qualificative-mx2-en-suede\/#breadcrumb"},"inLanguage":"fr-FR","potentialAction":[{"@type":"ReadAction","target":["https:\/\/fr.motocrossmag.be\/index.php\/2022\/08\/jago-geerts-remporte-la-manche-qualificative-mx2-en-suede\/"]}]},{"@type":"ImageObject","inLanguage":"fr-FR","@id":"https:\/\/fr.motocrossmag.be\/index.php\/2022\/08\/jago-geerts-remporte-la-manche-qualificative-mx2-en-suede\/#primaryimage","url":"https:\/\/fr.motocrossmag.be\/wp-content\/uploads\/2022\/08\/HMF_3374.jpeg","contentUrl":"https:\/\/fr.motocrossmag.be\/wp-content\/uploads\/2022\/08\/HMF_3374.jpeg","width":"1000","height":"680"},{"@type":"BreadcrumbList","@id":"https:\/\/fr.motocrossmag.be\/index.php\/2022\/08\/jago-geerts-remporte-la-manche-qualificative-mx2-en-suede\/#breadcrumb","itemListElement":[{"@type":"ListItem","position":1,"name":"Accueil","item":"https:\/\/fr.motocrossmag.be\/"},{"@type":"ListItem","position":2,"name":"Jago Geerts remporte la manche qualificative MX2 en Su\u00e8de"}]},{"@type":"WebSite","@id":"https:\/\/fr.motocrossmag.be\/#website","url":"https:\/\/fr.motocrossmag.be\/","name":"Motocross - Enduro - Supermoto | MotocrossMag","description":"L&#039;actualit\u00e9 du motocross, de l&#039;enduro et du Supermoto en ligne!","potentialAction":[{"@type":"SearchAction","target":{"@type":"EntryPoint","urlTemplate":"https:\/\/fr.motocrossmag.be\/?s={search_term_string}"},"query-input":{"@type":"PropertyValueSpecification","valueRequired":true,"valueName":"search_term_string"}}],"inLanguage":"fr-FR"},{"@type":"Person","@id":"https:\/\/fr.motocrossmag.be\/#\/schema\/person\/11b47143d9f755babca2c9110e03235c","name":"oliviere","image":{"@type":"ImageObject","inLanguage":"fr-FR","@id":"https:\/\/secure.gravatar.com\/avatar\/907069e0b81d119452040469e4a7501da1100f54f7f80180ce77bfab718288f6?s=96&d=mm&r=g","url":"https:\/\/secure.gravatar.com\/avatar\/907069e0b81d119452040469e4a7501da1100f54f7f80180ce77bfab718288f6?s=96&d=mm&r=g","contentUrl":"https:\/\/secure.gravatar.com\/avatar\/907069e0b81d119452040469e4a7501da1100f54f7f80180ce77bfab718288f6?s=96&d=mm&r=g","caption":"oliviere"},"sameAs":["http:\/\/www.motocrossmag.be"],"url":"https:\/\/fr.motocrossmag.be\/index.php\/author\/oliviere\/"}]}},"_links":{"self":[{"href":"https:\/\/fr.motocrossmag.be\/index.php\/wp-json\/wp\/v2\/posts\/119530","targetHints":{"allow":["GET"]}}],"collection":[{"href":"https:\/\/fr.motocrossmag.be\/index.php\/wp-json\/wp\/v2\/posts"}],"about":[{"href":"https:\/\/fr.motocrossmag.be\/index.php\/wp-json\/wp\/v2\/types\/post"}],"author":[{"embeddable":true,"href":"https:\/\/fr.motocrossmag.be\/index.php\/wp-json\/wp\/v2\/users\/932"}],"replies":[{"embeddable":true,"href":"https:\/\/fr.motocrossmag.be\/index.php\/wp-json\/wp\/v2\/comments?post=119530"}],"version-history":[{"count":1,"href":"https:\/\/fr.motocrossmag.be\/index.php\/wp-json\/wp\/v2\/posts\/119530\/revisions"}],"predecessor-version":[{"id":119532,"href":"https:\/\/fr.motocrossmag.be\/index.php\/wp-json\/wp\/v2\/posts\/119530\/revisions\/119532"}],"wp:featuredmedia":[{"embeddable":true,"href":"https:\/\/fr.motocrossmag.be\/index.php\/wp-json\/wp\/v2\/media\/119539"}],"wp:attachment":[{"href":"https:\/\/fr.motocrossmag.be\/index.php\/wp-json\/wp\/v2\/media?parent=119530"}],"wp:term":[{"taxonomy":"category","embeddable":true,"href":"https:\/\/fr.motocrossmag.be\/index.php\/wp-json\/wp\/v2\/categories?post=119530"},{"taxonomy":"post_tag","embeddable":true,"href":"https:\/\/fr.motocrossmag.be\/index.php\/wp-json\/wp\/v2\/tags?post=119530"}],"curies":[{"name":"wp","href":"https:\/\/api.w.org\/{rel}","templated":true}]}}