{"id":119533,"date":"2022-08-06T17:38:50","date_gmt":"2022-08-06T15:38:50","guid":{"rendered":"http:\/\/fr.motocrossmag.be\/?p=119533"},"modified":"2022-08-06T18:18:34","modified_gmt":"2022-08-06T16:18:34","slug":"mxgp-en-suede-mitch-evans-precede-tim-gajser-dans-la-manche-qualificative","status":"publish","type":"post","link":"https:\/\/fr.motocrossmag.be\/index.php\/2022\/08\/mxgp-en-suede-mitch-evans-precede-tim-gajser-dans-la-manche-qualificative\/","title":{"rendered":"MXGP en Su\u00e8de : Mitch Evans pr\u00e9c\u00e8de Tim Gajser dans la manche qualificative"},"content":{"rendered":"<p><strong>Mitch Evans a men\u00e9 de bout en bout ce samedi de la manche qualificative du GP de Su\u00e8de, 15\u00e8me round de la saison MXGP.<\/strong><\/p>\n<p>Sur la piste d&rsquo;Uddevalla, le solide leader du classement provisoire MXGP Tim Gajser a d\u00fb laisser son co\u00e9quipier au sein du team Honda HRC Mitch Evans filer vers la victoire dans la manche qualif du GP su\u00e9dois. L&rsquo;Australien signe sa premi\u00e8re pole de la saison.<\/p>\n<p>Calvin Vlaanderen compl\u00e8te le top-3 devant Romain Febvre, Jorge Prado, Jeremy Seewer, Glenn Coldenhoff, Maxime Renaux, Valentin Guillod et Ruben Fernandez, de retour de blessure.<\/p>\n<p>Jeremy Van Horebeek termine 11\u00e8me, Brent Van Doninck 14\u00e8me.<\/p>\n<p><span style=\"color: #800000;\"><strong>R\u00e9sultats<\/strong><\/span><\/p>\n<p>1. Mitchell Evans (AUS, Honda), 24:21.440; 2. Tim Gajser (SLO, Honda), +0:02.474; 3. Calvin Vlaanderen (NED, Yamaha), +0:10.162; 4. Romain Febvre (FRA, Kawasaki), +0:12.011; 5. Jorge Prado (ESP, GASGAS), +0:14.438; 6. Jeremy Seewer (SUI, Yamaha), +0:15.562; 7. Glenn Coldenhoff (NED, Yamaha), +0:24.244; 8. Maxime Renaux (FRA, Yamaha), +0:24.560; 9. Valentin Guillod (SUI, Yamaha), +0:29.775; 10. Ruben Fernandez (ESP, Honda), +0:33.026; <strong>11. Jeremy Van Horebeek (BEL, Beta), +0:34.093<\/strong>; 12. Alberto Forato (ITA, GASGAS), +0:34.655; 13. Brian Bogers (NED, Husqvarna), +0:37.565; <strong>14. Brent Van doninck (BEL, Yamaha), +0:41.575<\/strong>; 15. Henry Jacobi (GER, Honda), +0:46.865; 16. Jordi Tixier (FRA, KTM), +0:49.194; 17. Ben Watson (GBR, Kawasaki), +0:51.078; 18. Mattia Guadagnini (ITA, GASGAS), +0:52.842; 19. Alvin \u00d6stlund (SWE, Yamaha), +0:55.836; 20. Tom Koch (GER, KTM), +0:58.073; 21. Danne Karlsson (SWE, Husqvarna), +1:04.695; 22. Pauls Jonass (LAT, Husqvarna), +1:09.540; 23. Jed Beaton (AUS, Kawasaki), +1:12.551; 24. Jere Haavisto (FIN, KTM), +1:17.066; 25. Benoit Paturel (FRA, Honda), +1:21.645; 26. Conrad Mewse (GBR, KTM), +1:23.348; 27. Anton Nordstr\u00f6m Graaf (SWE, Yamaha), +1:29.718; 28. Ivo Monticelli (ITA, Honda), +1:32.616; 29. Hardi Roosiorg (EST, KTM), +1:33.060; 30. Kevin Brumann (SUI, Yamaha), +1:33.271; 31. Eddie Hjortmarker (SWE, KTM), +1:37.476; 32. Emil Berggren (SWE, Husqvarna), +1:37.987; 33. Emil Jonrup (SWE, KTM), +2:09.422; 34. Davy Pootjes (NED, Honda), -6 lap(s);<\/p>\n","protected":false},"excerpt":{"rendered":"<p>Mitch Evans a men\u00e9 de bout en bout ce samedi de la manche qualificative du GP de Su\u00e8de, 15\u00e8me round de la saison MXGP. Sur la piste d&rsquo;Uddevalla, le solide [&#8230;]<\/p>\n","protected":false},"author":932,"featured_media":119540,"comment_status":"open","ping_status":"closed","sticky":false,"template":"","format":"standard","meta":{"footnotes":""},"categories":[54,4,6,5,55,56,65],"tags":[906,78,1041,947,568,780,175],"class_list":["post-119533","post","type-post","status-publish","format-standard","has-post-thumbnail","hentry","category-actualite","category-motocross","category-mx1mx2","category-news","category-news-actualite","category-resultats","category-slideshow","tag-brent-van-doninck","tag-jeremy-van-horebeek","tag-maxime-renaux","tag-motocross","tag-mxgp","tag-tim-gajser","tag-uddevalla"],"yoast_head":"<!-- This site is optimized with the Yoast SEO plugin v27.4 - https:\/\/yoast.com\/product\/yoast-seo-wordpress\/ -->\n<title>MXGP en Su\u00e8de : Mitch Evans pr\u00e9c\u00e8de Tim Gajser dans la manche qualificative - Motocross - Enduro - Supermoto | MotocrossMag<\/title>\n<meta name=\"robots\" content=\"index, follow, max-snippet:-1, max-image-preview:large, max-video-preview:-1\" \/>\n<link rel=\"canonical\" href=\"https:\/\/fr.motocrossmag.be\/index.php\/2022\/08\/mxgp-en-suede-mitch-evans-precede-tim-gajser-dans-la-manche-qualificative\/\" \/>\n<meta property=\"og:locale\" content=\"fr_FR\" \/>\n<meta property=\"og:type\" content=\"article\" \/>\n<meta property=\"og:title\" content=\"MXGP en Su\u00e8de : Mitch Evans pr\u00e9c\u00e8de Tim Gajser dans la manche qualificative - Motocross - Enduro - Supermoto | MotocrossMag\" \/>\n<meta property=\"og:description\" content=\"Mitch Evans a men\u00e9 de bout en bout ce samedi de la manche qualificative du GP de Su\u00e8de, 15\u00e8me round de la saison MXGP. Sur la piste d&rsquo;Uddevalla, le solide [...]\" \/>\n<meta property=\"og:url\" content=\"https:\/\/fr.motocrossmag.be\/index.php\/2022\/08\/mxgp-en-suede-mitch-evans-precede-tim-gajser-dans-la-manche-qualificative\/\" \/>\n<meta property=\"og:site_name\" content=\"Motocross - Enduro - Supermoto | MotocrossMag\" \/>\n<meta property=\"article:published_time\" content=\"2022-08-06T15:38:50+00:00\" \/>\n<meta property=\"article:modified_time\" content=\"2022-08-06T16:18:34+00:00\" \/>\n<meta property=\"og:image\" content=\"https:\/\/fr.motocrossmag.be\/wp-content\/uploads\/2022\/08\/HMF_4760.jpeg\" \/>\n\t<meta property=\"og:image:width\" content=\"1000\" \/>\n\t<meta property=\"og:image:height\" content=\"680\" \/>\n\t<meta property=\"og:image:type\" content=\"image\/jpeg\" \/>\n<meta name=\"author\" content=\"oliviere\" \/>\n<meta name=\"twitter:card\" content=\"summary_large_image\" \/>\n<meta name=\"twitter:label1\" content=\"\u00c9crit par\" \/>\n\t<meta name=\"twitter:data1\" content=\"oliviere\" \/>\n\t<meta name=\"twitter:label2\" content=\"Dur\u00e9e de lecture estim\u00e9e\" \/>\n\t<meta name=\"twitter:data2\" content=\"1 minute\" \/>\n<script type=\"application\/ld+json\" class=\"yoast-schema-graph\">{\"@context\":\"https:\\\/\\\/schema.org\",\"@graph\":[{\"@type\":\"Article\",\"@id\":\"https:\\\/\\\/fr.motocrossmag.be\\\/index.php\\\/2022\\\/08\\\/mxgp-en-suede-mitch-evans-precede-tim-gajser-dans-la-manche-qualificative\\\/#article\",\"isPartOf\":{\"@id\":\"https:\\\/\\\/fr.motocrossmag.be\\\/index.php\\\/2022\\\/08\\\/mxgp-en-suede-mitch-evans-precede-tim-gajser-dans-la-manche-qualificative\\\/\"},\"author\":{\"name\":\"oliviere\",\"@id\":\"https:\\\/\\\/fr.motocrossmag.be\\\/#\\\/schema\\\/person\\\/11b47143d9f755babca2c9110e03235c\"},\"headline\":\"MXGP en Su\u00e8de : Mitch Evans pr\u00e9c\u00e8de Tim Gajser dans la manche qualificative\",\"datePublished\":\"2022-08-06T15:38:50+00:00\",\"dateModified\":\"2022-08-06T16:18:34+00:00\",\"mainEntityOfPage\":{\"@id\":\"https:\\\/\\\/fr.motocrossmag.be\\\/index.php\\\/2022\\\/08\\\/mxgp-en-suede-mitch-evans-precede-tim-gajser-dans-la-manche-qualificative\\\/\"},\"wordCount\":270,\"commentCount\":0,\"image\":{\"@id\":\"https:\\\/\\\/fr.motocrossmag.be\\\/index.php\\\/2022\\\/08\\\/mxgp-en-suede-mitch-evans-precede-tim-gajser-dans-la-manche-qualificative\\\/#primaryimage\"},\"thumbnailUrl\":\"https:\\\/\\\/fr.motocrossmag.be\\\/wp-content\\\/uploads\\\/2022\\\/08\\\/HMF_4760.jpeg\",\"keywords\":[\"Brent Van Doninck\",\"Jeremy Van Horebeek\",\"maxime renaux\",\"Motocross\",\"MXGP\",\"tim gajser\",\"Uddevalla\"],\"articleSection\":[\"Actualit\u00e9\",\"Motocross\",\"Motocross MXGP\",\"News\",\"News\",\"R\u00e9sultats\",\"Slideshow\"],\"inLanguage\":\"fr-FR\",\"potentialAction\":[{\"@type\":\"CommentAction\",\"name\":\"Comment\",\"target\":[\"https:\\\/\\\/fr.motocrossmag.be\\\/index.php\\\/2022\\\/08\\\/mxgp-en-suede-mitch-evans-precede-tim-gajser-dans-la-manche-qualificative\\\/#respond\"]}]},{\"@type\":\"WebPage\",\"@id\":\"https:\\\/\\\/fr.motocrossmag.be\\\/index.php\\\/2022\\\/08\\\/mxgp-en-suede-mitch-evans-precede-tim-gajser-dans-la-manche-qualificative\\\/\",\"url\":\"https:\\\/\\\/fr.motocrossmag.be\\\/index.php\\\/2022\\\/08\\\/mxgp-en-suede-mitch-evans-precede-tim-gajser-dans-la-manche-qualificative\\\/\",\"name\":\"MXGP en Su\u00e8de : Mitch Evans pr\u00e9c\u00e8de Tim Gajser dans la manche qualificative - Motocross - Enduro - Supermoto | MotocrossMag\",\"isPartOf\":{\"@id\":\"https:\\\/\\\/fr.motocrossmag.be\\\/#website\"},\"primaryImageOfPage\":{\"@id\":\"https:\\\/\\\/fr.motocrossmag.be\\\/index.php\\\/2022\\\/08\\\/mxgp-en-suede-mitch-evans-precede-tim-gajser-dans-la-manche-qualificative\\\/#primaryimage\"},\"image\":{\"@id\":\"https:\\\/\\\/fr.motocrossmag.be\\\/index.php\\\/2022\\\/08\\\/mxgp-en-suede-mitch-evans-precede-tim-gajser-dans-la-manche-qualificative\\\/#primaryimage\"},\"thumbnailUrl\":\"https:\\\/\\\/fr.motocrossmag.be\\\/wp-content\\\/uploads\\\/2022\\\/08\\\/HMF_4760.jpeg\",\"datePublished\":\"2022-08-06T15:38:50+00:00\",\"dateModified\":\"2022-08-06T16:18:34+00:00\",\"author\":{\"@id\":\"https:\\\/\\\/fr.motocrossmag.be\\\/#\\\/schema\\\/person\\\/11b47143d9f755babca2c9110e03235c\"},\"breadcrumb\":{\"@id\":\"https:\\\/\\\/fr.motocrossmag.be\\\/index.php\\\/2022\\\/08\\\/mxgp-en-suede-mitch-evans-precede-tim-gajser-dans-la-manche-qualificative\\\/#breadcrumb\"},\"inLanguage\":\"fr-FR\",\"potentialAction\":[{\"@type\":\"ReadAction\",\"target\":[\"https:\\\/\\\/fr.motocrossmag.be\\\/index.php\\\/2022\\\/08\\\/mxgp-en-suede-mitch-evans-precede-tim-gajser-dans-la-manche-qualificative\\\/\"]}]},{\"@type\":\"ImageObject\",\"inLanguage\":\"fr-FR\",\"@id\":\"https:\\\/\\\/fr.motocrossmag.be\\\/index.php\\\/2022\\\/08\\\/mxgp-en-suede-mitch-evans-precede-tim-gajser-dans-la-manche-qualificative\\\/#primaryimage\",\"url\":\"https:\\\/\\\/fr.motocrossmag.be\\\/wp-content\\\/uploads\\\/2022\\\/08\\\/HMF_4760.jpeg\",\"contentUrl\":\"https:\\\/\\\/fr.motocrossmag.be\\\/wp-content\\\/uploads\\\/2022\\\/08\\\/HMF_4760.jpeg\",\"width\":\"1000\",\"height\":\"680\"},{\"@type\":\"BreadcrumbList\",\"@id\":\"https:\\\/\\\/fr.motocrossmag.be\\\/index.php\\\/2022\\\/08\\\/mxgp-en-suede-mitch-evans-precede-tim-gajser-dans-la-manche-qualificative\\\/#breadcrumb\",\"itemListElement\":[{\"@type\":\"ListItem\",\"position\":1,\"name\":\"Accueil\",\"item\":\"https:\\\/\\\/fr.motocrossmag.be\\\/\"},{\"@type\":\"ListItem\",\"position\":2,\"name\":\"MXGP en Su\u00e8de : Mitch Evans pr\u00e9c\u00e8de Tim Gajser dans la manche qualificative\"}]},{\"@type\":\"WebSite\",\"@id\":\"https:\\\/\\\/fr.motocrossmag.be\\\/#website\",\"url\":\"https:\\\/\\\/fr.motocrossmag.be\\\/\",\"name\":\"Motocross - Enduro - Supermoto | MotocrossMag\",\"description\":\"L&#039;actualit\u00e9 du motocross, de l&#039;enduro et du Supermoto en ligne!\",\"potentialAction\":[{\"@type\":\"SearchAction\",\"target\":{\"@type\":\"EntryPoint\",\"urlTemplate\":\"https:\\\/\\\/fr.motocrossmag.be\\\/?s={search_term_string}\"},\"query-input\":{\"@type\":\"PropertyValueSpecification\",\"valueRequired\":true,\"valueName\":\"search_term_string\"}}],\"inLanguage\":\"fr-FR\"},{\"@type\":\"Person\",\"@id\":\"https:\\\/\\\/fr.motocrossmag.be\\\/#\\\/schema\\\/person\\\/11b47143d9f755babca2c9110e03235c\",\"name\":\"oliviere\",\"image\":{\"@type\":\"ImageObject\",\"inLanguage\":\"fr-FR\",\"@id\":\"https:\\\/\\\/secure.gravatar.com\\\/avatar\\\/907069e0b81d119452040469e4a7501da1100f54f7f80180ce77bfab718288f6?s=96&d=mm&r=g\",\"url\":\"https:\\\/\\\/secure.gravatar.com\\\/avatar\\\/907069e0b81d119452040469e4a7501da1100f54f7f80180ce77bfab718288f6?s=96&d=mm&r=g\",\"contentUrl\":\"https:\\\/\\\/secure.gravatar.com\\\/avatar\\\/907069e0b81d119452040469e4a7501da1100f54f7f80180ce77bfab718288f6?s=96&d=mm&r=g\",\"caption\":\"oliviere\"},\"sameAs\":[\"http:\\\/\\\/www.motocrossmag.be\"],\"url\":\"https:\\\/\\\/fr.motocrossmag.be\\\/index.php\\\/author\\\/oliviere\\\/\"}]}<\/script>\n<!-- \/ Yoast SEO plugin. -->","yoast_head_json":{"title":"MXGP en Su\u00e8de : Mitch Evans pr\u00e9c\u00e8de Tim Gajser dans la manche qualificative - Motocross - Enduro - Supermoto | MotocrossMag","robots":{"index":"index","follow":"follow","max-snippet":"max-snippet:-1","max-image-preview":"max-image-preview:large","max-video-preview":"max-video-preview:-1"},"canonical":"https:\/\/fr.motocrossmag.be\/index.php\/2022\/08\/mxgp-en-suede-mitch-evans-precede-tim-gajser-dans-la-manche-qualificative\/","og_locale":"fr_FR","og_type":"article","og_title":"MXGP en Su\u00e8de : Mitch Evans pr\u00e9c\u00e8de Tim Gajser dans la manche qualificative - Motocross - Enduro - Supermoto | MotocrossMag","og_description":"Mitch Evans a men\u00e9 de bout en bout ce samedi de la manche qualificative du GP de Su\u00e8de, 15\u00e8me round de la saison MXGP. Sur la piste d&rsquo;Uddevalla, le solide [...]","og_url":"https:\/\/fr.motocrossmag.be\/index.php\/2022\/08\/mxgp-en-suede-mitch-evans-precede-tim-gajser-dans-la-manche-qualificative\/","og_site_name":"Motocross - Enduro - Supermoto | MotocrossMag","article_published_time":"2022-08-06T15:38:50+00:00","article_modified_time":"2022-08-06T16:18:34+00:00","og_image":[{"width":1000,"height":680,"url":"https:\/\/fr.motocrossmag.be\/wp-content\/uploads\/2022\/08\/HMF_4760.jpeg","type":"image\/jpeg"}],"author":"oliviere","twitter_card":"summary_large_image","twitter_misc":{"\u00c9crit par":"oliviere","Dur\u00e9e de lecture estim\u00e9e":"1 minute"},"schema":{"@context":"https:\/\/schema.org","@graph":[{"@type":"Article","@id":"https:\/\/fr.motocrossmag.be\/index.php\/2022\/08\/mxgp-en-suede-mitch-evans-precede-tim-gajser-dans-la-manche-qualificative\/#article","isPartOf":{"@id":"https:\/\/fr.motocrossmag.be\/index.php\/2022\/08\/mxgp-en-suede-mitch-evans-precede-tim-gajser-dans-la-manche-qualificative\/"},"author":{"name":"oliviere","@id":"https:\/\/fr.motocrossmag.be\/#\/schema\/person\/11b47143d9f755babca2c9110e03235c"},"headline":"MXGP en Su\u00e8de : Mitch Evans pr\u00e9c\u00e8de Tim Gajser dans la manche qualificative","datePublished":"2022-08-06T15:38:50+00:00","dateModified":"2022-08-06T16:18:34+00:00","mainEntityOfPage":{"@id":"https:\/\/fr.motocrossmag.be\/index.php\/2022\/08\/mxgp-en-suede-mitch-evans-precede-tim-gajser-dans-la-manche-qualificative\/"},"wordCount":270,"commentCount":0,"image":{"@id":"https:\/\/fr.motocrossmag.be\/index.php\/2022\/08\/mxgp-en-suede-mitch-evans-precede-tim-gajser-dans-la-manche-qualificative\/#primaryimage"},"thumbnailUrl":"https:\/\/fr.motocrossmag.be\/wp-content\/uploads\/2022\/08\/HMF_4760.jpeg","keywords":["Brent Van Doninck","Jeremy Van Horebeek","maxime renaux","Motocross","MXGP","tim gajser","Uddevalla"],"articleSection":["Actualit\u00e9","Motocross","Motocross MXGP","News","News","R\u00e9sultats","Slideshow"],"inLanguage":"fr-FR","potentialAction":[{"@type":"CommentAction","name":"Comment","target":["https:\/\/fr.motocrossmag.be\/index.php\/2022\/08\/mxgp-en-suede-mitch-evans-precede-tim-gajser-dans-la-manche-qualificative\/#respond"]}]},{"@type":"WebPage","@id":"https:\/\/fr.motocrossmag.be\/index.php\/2022\/08\/mxgp-en-suede-mitch-evans-precede-tim-gajser-dans-la-manche-qualificative\/","url":"https:\/\/fr.motocrossmag.be\/index.php\/2022\/08\/mxgp-en-suede-mitch-evans-precede-tim-gajser-dans-la-manche-qualificative\/","name":"MXGP en Su\u00e8de : Mitch Evans pr\u00e9c\u00e8de Tim Gajser dans la manche qualificative - Motocross - Enduro - Supermoto | MotocrossMag","isPartOf":{"@id":"https:\/\/fr.motocrossmag.be\/#website"},"primaryImageOfPage":{"@id":"https:\/\/fr.motocrossmag.be\/index.php\/2022\/08\/mxgp-en-suede-mitch-evans-precede-tim-gajser-dans-la-manche-qualificative\/#primaryimage"},"image":{"@id":"https:\/\/fr.motocrossmag.be\/index.php\/2022\/08\/mxgp-en-suede-mitch-evans-precede-tim-gajser-dans-la-manche-qualificative\/#primaryimage"},"thumbnailUrl":"https:\/\/fr.motocrossmag.be\/wp-content\/uploads\/2022\/08\/HMF_4760.jpeg","datePublished":"2022-08-06T15:38:50+00:00","dateModified":"2022-08-06T16:18:34+00:00","author":{"@id":"https:\/\/fr.motocrossmag.be\/#\/schema\/person\/11b47143d9f755babca2c9110e03235c"},"breadcrumb":{"@id":"https:\/\/fr.motocrossmag.be\/index.php\/2022\/08\/mxgp-en-suede-mitch-evans-precede-tim-gajser-dans-la-manche-qualificative\/#breadcrumb"},"inLanguage":"fr-FR","potentialAction":[{"@type":"ReadAction","target":["https:\/\/fr.motocrossmag.be\/index.php\/2022\/08\/mxgp-en-suede-mitch-evans-precede-tim-gajser-dans-la-manche-qualificative\/"]}]},{"@type":"ImageObject","inLanguage":"fr-FR","@id":"https:\/\/fr.motocrossmag.be\/index.php\/2022\/08\/mxgp-en-suede-mitch-evans-precede-tim-gajser-dans-la-manche-qualificative\/#primaryimage","url":"https:\/\/fr.motocrossmag.be\/wp-content\/uploads\/2022\/08\/HMF_4760.jpeg","contentUrl":"https:\/\/fr.motocrossmag.be\/wp-content\/uploads\/2022\/08\/HMF_4760.jpeg","width":"1000","height":"680"},{"@type":"BreadcrumbList","@id":"https:\/\/fr.motocrossmag.be\/index.php\/2022\/08\/mxgp-en-suede-mitch-evans-precede-tim-gajser-dans-la-manche-qualificative\/#breadcrumb","itemListElement":[{"@type":"ListItem","position":1,"name":"Accueil","item":"https:\/\/fr.motocrossmag.be\/"},{"@type":"ListItem","position":2,"name":"MXGP en Su\u00e8de : Mitch Evans pr\u00e9c\u00e8de Tim Gajser dans la manche qualificative"}]},{"@type":"WebSite","@id":"https:\/\/fr.motocrossmag.be\/#website","url":"https:\/\/fr.motocrossmag.be\/","name":"Motocross - Enduro - Supermoto | MotocrossMag","description":"L&#039;actualit\u00e9 du motocross, de l&#039;enduro et du Supermoto en ligne!","potentialAction":[{"@type":"SearchAction","target":{"@type":"EntryPoint","urlTemplate":"https:\/\/fr.motocrossmag.be\/?s={search_term_string}"},"query-input":{"@type":"PropertyValueSpecification","valueRequired":true,"valueName":"search_term_string"}}],"inLanguage":"fr-FR"},{"@type":"Person","@id":"https:\/\/fr.motocrossmag.be\/#\/schema\/person\/11b47143d9f755babca2c9110e03235c","name":"oliviere","image":{"@type":"ImageObject","inLanguage":"fr-FR","@id":"https:\/\/secure.gravatar.com\/avatar\/907069e0b81d119452040469e4a7501da1100f54f7f80180ce77bfab718288f6?s=96&d=mm&r=g","url":"https:\/\/secure.gravatar.com\/avatar\/907069e0b81d119452040469e4a7501da1100f54f7f80180ce77bfab718288f6?s=96&d=mm&r=g","contentUrl":"https:\/\/secure.gravatar.com\/avatar\/907069e0b81d119452040469e4a7501da1100f54f7f80180ce77bfab718288f6?s=96&d=mm&r=g","caption":"oliviere"},"sameAs":["http:\/\/www.motocrossmag.be"],"url":"https:\/\/fr.motocrossmag.be\/index.php\/author\/oliviere\/"}]}},"_links":{"self":[{"href":"https:\/\/fr.motocrossmag.be\/index.php\/wp-json\/wp\/v2\/posts\/119533","targetHints":{"allow":["GET"]}}],"collection":[{"href":"https:\/\/fr.motocrossmag.be\/index.php\/wp-json\/wp\/v2\/posts"}],"about":[{"href":"https:\/\/fr.motocrossmag.be\/index.php\/wp-json\/wp\/v2\/types\/post"}],"author":[{"embeddable":true,"href":"https:\/\/fr.motocrossmag.be\/index.php\/wp-json\/wp\/v2\/users\/932"}],"replies":[{"embeddable":true,"href":"https:\/\/fr.motocrossmag.be\/index.php\/wp-json\/wp\/v2\/comments?post=119533"}],"version-history":[{"count":1,"href":"https:\/\/fr.motocrossmag.be\/index.php\/wp-json\/wp\/v2\/posts\/119533\/revisions"}],"predecessor-version":[{"id":119538,"href":"https:\/\/fr.motocrossmag.be\/index.php\/wp-json\/wp\/v2\/posts\/119533\/revisions\/119538"}],"wp:featuredmedia":[{"embeddable":true,"href":"https:\/\/fr.motocrossmag.be\/index.php\/wp-json\/wp\/v2\/media\/119540"}],"wp:attachment":[{"href":"https:\/\/fr.motocrossmag.be\/index.php\/wp-json\/wp\/v2\/media?parent=119533"}],"wp:term":[{"taxonomy":"category","embeddable":true,"href":"https:\/\/fr.motocrossmag.be\/index.php\/wp-json\/wp\/v2\/categories?post=119533"},{"taxonomy":"post_tag","embeddable":true,"href":"https:\/\/fr.motocrossmag.be\/index.php\/wp-json\/wp\/v2\/tags?post=119533"}],"curies":[{"name":"wp","href":"https:\/\/api.w.org\/{rel}","templated":true}]}}