{"id":119535,"date":"2022-08-06T15:29:00","date_gmt":"2022-08-06T13:29:00","guid":{"rendered":"http:\/\/fr.motocrossmag.be\/?p=119535"},"modified":"2022-08-06T17:29:20","modified_gmt":"2022-08-06T15:29:20","slug":"emx125emx250-en-suede-les-classements-des-premieres-manches","status":"publish","type":"post","link":"https:\/\/fr.motocrossmag.be\/index.php\/2022\/08\/emx125emx250-en-suede-les-classements-des-premieres-manches\/","title":{"rendered":"EMX125\/EMX250 en Su\u00e8de : les classements des premi\u00e8res manches"},"content":{"rendered":"<p><strong>Les pilotes EMX125 et EMX250 sont en action ce week-end sur la piste d&rsquo;Uddevalla, dans le cadre du GP de Su\u00e8de de motocross. Les premi\u00e8res manches disput\u00e9es ce samedi ont sacr\u00e9 Haakon Osterhagen en EMX250 et Ivano Van Erp en EMX125.<\/strong><\/p>\n<p>Seulement 9\u00e8me de la manche 250cc, Rick Elzinga fait malgr\u00e9 tout une bonne op\u00e9ration au championnat puisque son rival Cornelius Toendel a \u00e9t\u00e9 contraint \u00e0 l&rsquo;abandon alors qu&rsquo;il se battait pour la 3\u00e8me place. M\u00eame bilan pour Lucas Coenen rapidement \u00e9limin\u00e9 de la course alors qu&rsquo;il \u00e9tait en mesure de prendre la t\u00eate du peloton. Son fr\u00e8re Sacha termine pour sa part au 6\u00e8me rang.<\/p><div class=\"gwckw6a95c5327505b\" ><!-- \/91277017\/Inline-articles-mobile -->\n<div style=\"margin:auto; text-align:center !important\">\n<div id='div-gpt-ad-1784982661365-0' style='min-width: 250px; min-height: 75px;'>\n  <script>\n    googletag.cmd.push(function() { googletag.display('div-gpt-ad-1784982661365-0'); });\n  <\/script>\n<\/div><\/div><\/div><style type=\"text\/css\">\r\n.gwckw6a95c5327505b {\r\nmargin-bottom:30px;margin-top:20px\r\n}\r\n@media screen and (min-width: 1201px) {\r\n.gwckw6a95c5327505b {\r\ndisplay: block;\r\n}\r\n}\r\n@media screen and (min-width: 993px) and (max-width: 1200px) {\r\n.gwckw6a95c5327505b {\r\ndisplay: block;\r\n}\r\n}\r\n@media screen and (min-width: 769px) and (max-width: 992px) {\r\n.gwckw6a95c5327505b {\r\ndisplay: block;\r\n}\r\n}\r\n@media screen and (min-width: 768px) and (max-width: 768px) {\r\n.gwckw6a95c5327505b {\r\ndisplay: block;\r\n}\r\n}\r\n@media screen and (max-width: 767px) {\r\n.gwckw6a95c5327505b {\r\ndisplay: block;\r\n}\r\n}\r\n<\/style>\r\n\n<p>En 125cc, le leader du provisoire Cas Valk termine \u00e0 la 5\u00e8me place.<\/p>\n<p>Les deuxi\u00e8mes manches se disputeront demain dimanche.<\/p>\n<p><span style=\"color: #800000;\"><strong>R\u00e9sultats<\/strong><\/span><\/p><div class=\"fvuvd6a95c5327506f\" ><!-- \/91277017\/articles-inline-2 -->\n<div style=\"margin: 20px auto; text-align:center !important\">\n<div id='div-gpt-ad-1785021530385-0' style='min-width: 300px; min-height: 75px;'>\n  <script>\n    googletag.cmd.push(function() { googletag.display('div-gpt-ad-1785021530385-0'); });\n  <\/script>\n<\/div><\/div><\/div><style type=\"text\/css\">\r\n@media screen and (min-width: 1201px) {\r\n.fvuvd6a95c5327506f {\r\ndisplay: block;\r\n}\r\n}\r\n@media screen and (min-width: 993px) and (max-width: 1200px) {\r\n.fvuvd6a95c5327506f {\r\ndisplay: block;\r\n}\r\n}\r\n@media screen and (min-width: 769px) and (max-width: 992px) {\r\n.fvuvd6a95c5327506f {\r\ndisplay: block;\r\n}\r\n}\r\n@media screen and (min-width: 768px) and (max-width: 768px) {\r\n.fvuvd6a95c5327506f {\r\ndisplay: block;\r\n}\r\n}\r\n@media screen and (max-width: 767px) {\r\n.fvuvd6a95c5327506f {\r\ndisplay: block;\r\n}\r\n}\r\n<\/style>\r\n\n<p><strong>EMX250<\/strong><\/p>\n<p>MANCHE 1<\/p>\n<p>1. Haakon Osterhagen (NOR, Fantic), 30:42.835; 2. Quentin Marc Prugnieres (FRA, Kawasaki), +0:05.654; 3. Camden Mc Lellan (RSA, KTM), +0:05.870; 4. Yago Martinez (ESP, KTM), +0:16.771; 5. David Braceras (ESP, KTM), +0:18.931; <strong>6. Sacha Coenen (BEL, Husqvarna), +0:19.717;<\/strong> 7. Maximilian Spies (GER, KTM), +0:21.820; 8. Magnus Smith (DEN, Yamaha), +0:30.560; 9. Rick Elzinga (NED, Yamaha), +0:35.940; 10. Cato Nickel (GER, KTM), +0:38.243; 11. Scotty Verhaeghe (FRA, KTM), +0:40.279; 12. Rasmus Hakansson (SWE, Husqvarna), +0:41.341; 13. Dave Kooiker (NED, Yamaha), +0:41.912; 14. Arvid L\u00fcning (SWE, GASGAS), +0:48.320; 15. Meico Vettik (EST, KTM), +1:04.779; 16. Jeff Oxelmark (SWE, GASGAS), +1:08.010; 17. Samuel Nilsson (ESP, Husqvarna), +1:11.250; 18. Marcus Gredinger (SWE, Husqvarna), +1:17.828; 19. Viking Lindstrom (SWE, Kawasaki), +1:19.231; 20. Justin Trache (GER, Yamaha), +1:22.666; 21. Sander Agard-Michelsen (NOR, Yamaha), +1:25.293; 22. Luca Ruffini (ITA, GASGAS), +1:30.181; 23. Raul Sanchez (ESP, GASGAS), +1:38.188; 24. Alfons Stensson (SWE, KTM), +1:39.307; 25. Marcel Conijn (NED, KTM), +1:41.179; 26. Jens Walvoort (NED, KTM), +1:48.286; 27. Robert Fobbe (NED, GASGAS), +1:54.546; 28. Noel Nilsson (SWE, Husqvarna), +1:54.860; 29. Jesper Gangfors (SWE, Yamaha), +2:16.965; 30. Saad Soulimani (FRA, KTM), -1 lap(s); 31. Lorenzo Ciabatti (ITA, KTM), -1 lap(s); 32. Xavier Cazal (FRA, KTM), -1 lap(s); 33. Fynn-Niklas Tornau (GER, Husqvarna), -1 lap(s); 34. Martin Holm (SWE, GASGAS), -1 lap(s); 35. Federico Tuani (ITA, GASGAS), -2 lap(s); 36. Victor Voxen Kleemann (DEN, KTM), -5 lap(s); 37. Cornelius Toendel (NOR, Fantic), -13 lap(s); <strong>38. Lucas Coenen (BEL, Husqvarna), -14 lap(s);<\/strong> 39. Andrea Bonacorsi (ITA, Yamaha), -16 lap(s); 40. Maxime Grau (FRA, Husqvarna), -16 lap(s);<\/p>\n<p><strong>EMX125<\/strong><\/p>\n<p>MANCHE 1<\/p>\n<p>1. Ivano Van Erp (NED, Yamaha), 29:45.856; 2. Ferruccio Zanchi (ITA, Yamaha), +0:06.599; 3. Laban Alm (SWE, Husqvarna), +0:09.060; 4. Janis Martins Reisulis (LAT, KTM), +0:12.469; 5. Cas Valk (NED, Fantic), +0:13.687; 6. Mads Fredsoe (DEN, KTM), +0:16.737; 7. Alexis Fueri (FRA, Fantic), +0:19.193; 8. Francisco Garcia (ESP, GASGAS), +0:19.258; 9. Linus Persson (SWE, KTM), +0:27.738; 10. Vitezslav Marek (CZE, KTM), +0:38.685; 11. Maximilian Werner (GER, KTM), +0:42.690; 12. Marc-Antoine Rossi (FRA, KTM), +0:48.571; 13. Eric Rakow (GER, KTM), +0:52.553; 14. Maximilian Ernecker (AUT, GASGAS), +0:57.617; 15. Julius Mikula (CZE, KTM), +0:59.480; 16. Adrien Petit (FRA, Yamaha), +1:00.203; 17. August Frisk (SWE, KTM), +1:05.249; 18. Nicolai Skovbjerg (DEN, Yamaha), +1:06.086; 19. Hugo Forsgren (SWE, Yamaha), +1:13.898; 20. Edgar Canet (ESP, GASGAS), +1:29.689; 21. Roberts Lusis (LAT, KTM), +1:30.660; 22. Matteo Luigi Russi (ITA, KTM), +1:31.052; 23. Eliel Lehtinen (FIN, KTM), +1:37.785; 24. Ofir Casey Tzemach (ISR, KTM), +1:47.072; 25. Elias Auclair (NOR, Yamaha), +1:49.834; 26. Alfons Lindstr\u00f6m (SWE, KTM), +1:49.851; 27. Sebastian Leok (EST, Husqvarna), +1:58.012; 28. Liam Akerlund (SWE, Yamaha), +1:58.909; 29. Adrian Bolviken (NOR, Yamaha), -1 lap(s); 30. Patrick Valbjorn (NOR, GASGAS), -1 lap(s); 31. Henry Obenland (GER, KTM), -1 lap(s); 32. Filip Larsson (SWE, Husqvarna), -1 lap(s); 33. Marius Nordb\u00f8 (NOR, KTM), -1 lap(s); 34. Cole McCullough (GBR, KTM), -1 lap(s); 35. Leander Thunshelle (NOR, Yamaha), -1 lap(s); 36. Richard Paat (EST, KTM), -1 lap(s); 37. Olle Martensson (SWE, Yamaha), -10 lap(s); 38. Jaka Peklaj (SLO, Husqvarna), -11 lap(s); 39. Noel Zanocz (HUN, KTM), -12 lap(s); 40. Karlis Alberts Reisulis (LAT, Yamaha), -13 lap(s);<\/p>\n","protected":false},"excerpt":{"rendered":"<p>Les pilotes EMX125 et EMX250 sont en action ce week-end sur la piste d&rsquo;Uddevalla, dans le cadre du GP de Su\u00e8de de motocross. Les premi\u00e8res manches disput\u00e9es ce samedi ont sacr\u00e9 Haakon Osterhagen en EMX250 et Ivano Van Erp en EMX125. Seulement 9\u00e8me de la manche 250cc, Rick Elzinga fait malgr\u00e9 tout une bonne op\u00e9ration [&hellip;]<\/p>\n","protected":false},"author":932,"featured_media":119536,"comment_status":"open","ping_status":"closed","sticky":false,"template":"","format":"standard","meta":{"tdm_status":"","tdm_grid_status":"","footnotes":""},"categories":[54,128,4,5,55,56,65],"tags":[1165,1265,947,1471],"class_list":["post-119535","post","type-post","status-publish","format-standard","has-post-thumbnail","category-actualite","category-emx-125-emx2","category-motocross","category-news","category-news-actualite","category-resultats","category-slideshow","tag-emx","tag-lucas-coenen","tag-motocross","tag-sacha-coenen"],"yoast_head":"<!-- This site is optimized with the Yoast SEO plugin v28.3 - https:\/\/yoast.com\/product\/yoast-seo-wordpress\/ -->\n<title>EMX125\/EMX250 en Su\u00e8de : les classements des premi\u00e8res manches - Motocross - Enduro - Supermoto | MotocrossMag<\/title>\n<meta name=\"robots\" content=\"index, follow, max-snippet:-1, max-image-preview:large, max-video-preview:-1\" \/>\n<link rel=\"canonical\" href=\"https:\/\/fr.motocrossmag.be\/index.php\/2022\/08\/emx125emx250-en-suede-les-classements-des-premieres-manches\/\" \/>\n<meta property=\"og:locale\" content=\"fr_FR\" \/>\n<meta property=\"og:type\" content=\"article\" \/>\n<meta property=\"og:title\" content=\"EMX125\/EMX250 en Su\u00e8de : les classements des premi\u00e8res manches - Motocross - Enduro - Supermoto | MotocrossMag\" \/>\n<meta property=\"og:description\" content=\"Les pilotes EMX125 et EMX250 sont en action ce week-end sur la piste d&rsquo;Uddevalla, dans le cadre du GP de Su\u00e8de de motocross. Les premi\u00e8res manches disput\u00e9es ce samedi ont sacr\u00e9 Haakon Osterhagen en EMX250 et Ivano Van Erp en EMX125. Seulement 9\u00e8me de la manche 250cc, Rick Elzinga fait malgr\u00e9 tout une bonne op\u00e9ration [&hellip;]\" \/>\n<meta property=\"og:url\" content=\"https:\/\/fr.motocrossmag.be\/index.php\/2022\/08\/emx125emx250-en-suede-les-classements-des-premieres-manches\/\" \/>\n<meta property=\"og:site_name\" content=\"Motocross - Enduro - Supermoto | MotocrossMag\" \/>\n<meta property=\"article:published_time\" content=\"2022-08-06T13:29:00+00:00\" \/>\n<meta property=\"article:modified_time\" content=\"2022-08-06T15:29:20+00:00\" \/>\n<meta property=\"og:image\" content=\"https:\/\/fr.motocrossmag.be\/wp-content\/uploads\/2022\/08\/van-erp-emx125.jpg\" \/>\n\t<meta property=\"og:image:width\" content=\"900\" \/>\n\t<meta property=\"og:image:height\" content=\"600\" \/>\n\t<meta property=\"og:image:type\" content=\"image\/jpeg\" \/>\n<meta name=\"author\" content=\"oliviere\" \/>\n<meta name=\"twitter:card\" content=\"summary_large_image\" \/>\n<meta name=\"twitter:label1\" content=\"\u00c9crit par\" \/>\n\t<meta name=\"twitter:data1\" content=\"oliviere\" \/>\n\t<meta name=\"twitter:label2\" content=\"Dur\u00e9e de lecture estim\u00e9e\" \/>\n\t<meta name=\"twitter:data2\" content=\"3 minutes\" \/>\n<script type=\"application\/ld+json\" class=\"yoast-schema-graph\">{\"@context\":\"https:\\\/\\\/schema.org\",\"@graph\":[{\"@type\":\"Article\",\"@id\":\"https:\\\/\\\/fr.motocrossmag.be\\\/index.php\\\/2022\\\/08\\\/emx125emx250-en-suede-les-classements-des-premieres-manches\\\/#article\",\"isPartOf\":{\"@id\":\"https:\\\/\\\/fr.motocrossmag.be\\\/index.php\\\/2022\\\/08\\\/emx125emx250-en-suede-les-classements-des-premieres-manches\\\/\"},\"author\":{\"name\":\"oliviere\",\"@id\":\"https:\\\/\\\/fr.motocrossmag.be\\\/#\\\/schema\\\/person\\\/11b47143d9f755babca2c9110e03235c\"},\"headline\":\"EMX125\\\/EMX250 en Su\u00e8de : les classements des premi\u00e8res manches\",\"datePublished\":\"2022-08-06T13:29:00+00:00\",\"dateModified\":\"2022-08-06T15:29:20+00:00\",\"mainEntityOfPage\":{\"@id\":\"https:\\\/\\\/fr.motocrossmag.be\\\/index.php\\\/2022\\\/08\\\/emx125emx250-en-suede-les-classements-des-premieres-manches\\\/\"},\"wordCount\":552,\"commentCount\":0,\"image\":{\"@id\":\"https:\\\/\\\/fr.motocrossmag.be\\\/index.php\\\/2022\\\/08\\\/emx125emx250-en-suede-les-classements-des-premieres-manches\\\/#primaryimage\"},\"thumbnailUrl\":\"https:\\\/\\\/fr.motocrossmag.be\\\/wp-content\\\/uploads\\\/2022\\\/08\\\/van-erp-emx125.jpg\",\"keywords\":[\"EMX\",\"lucas coenen\",\"Motocross\",\"sacha coenen\"],\"articleSection\":[\"Actualit\u00e9\",\"EMX\",\"Motocross\",\"News\",\"News\",\"R\u00e9sultats\",\"Slideshow\"],\"inLanguage\":\"fr-FR\",\"potentialAction\":[{\"@type\":\"CommentAction\",\"name\":\"Comment\",\"target\":[\"https:\\\/\\\/fr.motocrossmag.be\\\/index.php\\\/2022\\\/08\\\/emx125emx250-en-suede-les-classements-des-premieres-manches\\\/#respond\"]}]},{\"@type\":\"WebPage\",\"@id\":\"https:\\\/\\\/fr.motocrossmag.be\\\/index.php\\\/2022\\\/08\\\/emx125emx250-en-suede-les-classements-des-premieres-manches\\\/\",\"url\":\"https:\\\/\\\/fr.motocrossmag.be\\\/index.php\\\/2022\\\/08\\\/emx125emx250-en-suede-les-classements-des-premieres-manches\\\/\",\"name\":\"EMX125\\\/EMX250 en Su\u00e8de : les classements des premi\u00e8res manches - Motocross - Enduro - Supermoto | MotocrossMag\",\"isPartOf\":{\"@id\":\"https:\\\/\\\/fr.motocrossmag.be\\\/#website\"},\"primaryImageOfPage\":{\"@id\":\"https:\\\/\\\/fr.motocrossmag.be\\\/index.php\\\/2022\\\/08\\\/emx125emx250-en-suede-les-classements-des-premieres-manches\\\/#primaryimage\"},\"image\":{\"@id\":\"https:\\\/\\\/fr.motocrossmag.be\\\/index.php\\\/2022\\\/08\\\/emx125emx250-en-suede-les-classements-des-premieres-manches\\\/#primaryimage\"},\"thumbnailUrl\":\"https:\\\/\\\/fr.motocrossmag.be\\\/wp-content\\\/uploads\\\/2022\\\/08\\\/van-erp-emx125.jpg\",\"datePublished\":\"2022-08-06T13:29:00+00:00\",\"dateModified\":\"2022-08-06T15:29:20+00:00\",\"author\":{\"@id\":\"https:\\\/\\\/fr.motocrossmag.be\\\/#\\\/schema\\\/person\\\/11b47143d9f755babca2c9110e03235c\"},\"breadcrumb\":{\"@id\":\"https:\\\/\\\/fr.motocrossmag.be\\\/index.php\\\/2022\\\/08\\\/emx125emx250-en-suede-les-classements-des-premieres-manches\\\/#breadcrumb\"},\"inLanguage\":\"fr-FR\",\"potentialAction\":[{\"@type\":\"ReadAction\",\"target\":[\"https:\\\/\\\/fr.motocrossmag.be\\\/index.php\\\/2022\\\/08\\\/emx125emx250-en-suede-les-classements-des-premieres-manches\\\/\"]}]},{\"@type\":\"ImageObject\",\"inLanguage\":\"fr-FR\",\"@id\":\"https:\\\/\\\/fr.motocrossmag.be\\\/index.php\\\/2022\\\/08\\\/emx125emx250-en-suede-les-classements-des-premieres-manches\\\/#primaryimage\",\"url\":\"https:\\\/\\\/fr.motocrossmag.be\\\/wp-content\\\/uploads\\\/2022\\\/08\\\/van-erp-emx125.jpg\",\"contentUrl\":\"https:\\\/\\\/fr.motocrossmag.be\\\/wp-content\\\/uploads\\\/2022\\\/08\\\/van-erp-emx125.jpg\",\"width\":\"900\",\"height\":\"600\"},{\"@type\":\"BreadcrumbList\",\"@id\":\"https:\\\/\\\/fr.motocrossmag.be\\\/index.php\\\/2022\\\/08\\\/emx125emx250-en-suede-les-classements-des-premieres-manches\\\/#breadcrumb\",\"itemListElement\":[{\"@type\":\"ListItem\",\"position\":1,\"name\":\"Accueil\",\"item\":\"https:\\\/\\\/fr.motocrossmag.be\\\/\"},{\"@type\":\"ListItem\",\"position\":2,\"name\":\"EMX125\\\/EMX250 en Su\u00e8de : les classements des premi\u00e8res manches\"}]},{\"@type\":\"WebSite\",\"@id\":\"https:\\\/\\\/fr.motocrossmag.be\\\/#website\",\"url\":\"https:\\\/\\\/fr.motocrossmag.be\\\/\",\"name\":\"Motocross - Enduro - Supermoto | MotocrossMag\",\"description\":\"L&#039;actualit\u00e9 du motocross, de l&#039;enduro et du Supermoto en ligne!\",\"potentialAction\":[{\"@type\":\"SearchAction\",\"target\":{\"@type\":\"EntryPoint\",\"urlTemplate\":\"https:\\\/\\\/fr.motocrossmag.be\\\/?s={search_term_string}\"},\"query-input\":{\"@type\":\"PropertyValueSpecification\",\"valueRequired\":true,\"valueName\":\"search_term_string\"}}],\"inLanguage\":\"fr-FR\"},{\"@type\":\"Person\",\"@id\":\"https:\\\/\\\/fr.motocrossmag.be\\\/#\\\/schema\\\/person\\\/11b47143d9f755babca2c9110e03235c\",\"name\":\"oliviere\",\"image\":{\"@type\":\"ImageObject\",\"inLanguage\":\"fr-FR\",\"@id\":\"https:\\\/\\\/secure.gravatar.com\\\/avatar\\\/907069e0b81d119452040469e4a7501da1100f54f7f80180ce77bfab718288f6?s=96&d=mm&r=g\",\"url\":\"https:\\\/\\\/secure.gravatar.com\\\/avatar\\\/907069e0b81d119452040469e4a7501da1100f54f7f80180ce77bfab718288f6?s=96&d=mm&r=g\",\"contentUrl\":\"https:\\\/\\\/secure.gravatar.com\\\/avatar\\\/907069e0b81d119452040469e4a7501da1100f54f7f80180ce77bfab718288f6?s=96&d=mm&r=g\",\"caption\":\"oliviere\"},\"sameAs\":[\"http:\\\/\\\/www.motocrossmag.be\"],\"url\":\"https:\\\/\\\/fr.motocrossmag.be\\\/index.php\\\/author\\\/oliviere\\\/\"}]}<\/script>\n<!-- \/ Yoast SEO plugin. -->","yoast_head_json":{"title":"EMX125\/EMX250 en Su\u00e8de : les classements des premi\u00e8res manches - Motocross - Enduro - Supermoto | MotocrossMag","robots":{"index":"index","follow":"follow","max-snippet":"max-snippet:-1","max-image-preview":"max-image-preview:large","max-video-preview":"max-video-preview:-1"},"canonical":"https:\/\/fr.motocrossmag.be\/index.php\/2022\/08\/emx125emx250-en-suede-les-classements-des-premieres-manches\/","og_locale":"fr_FR","og_type":"article","og_title":"EMX125\/EMX250 en Su\u00e8de : les classements des premi\u00e8res manches - Motocross - Enduro - Supermoto | MotocrossMag","og_description":"Les pilotes EMX125 et EMX250 sont en action ce week-end sur la piste d&rsquo;Uddevalla, dans le cadre du GP de Su\u00e8de de motocross. Les premi\u00e8res manches disput\u00e9es ce samedi ont sacr\u00e9 Haakon Osterhagen en EMX250 et Ivano Van Erp en EMX125. Seulement 9\u00e8me de la manche 250cc, Rick Elzinga fait malgr\u00e9 tout une bonne op\u00e9ration [&hellip;]","og_url":"https:\/\/fr.motocrossmag.be\/index.php\/2022\/08\/emx125emx250-en-suede-les-classements-des-premieres-manches\/","og_site_name":"Motocross - Enduro - Supermoto | MotocrossMag","article_published_time":"2022-08-06T13:29:00+00:00","article_modified_time":"2022-08-06T15:29:20+00:00","og_image":[{"width":900,"height":600,"url":"https:\/\/fr.motocrossmag.be\/wp-content\/uploads\/2022\/08\/van-erp-emx125.jpg","type":"image\/jpeg"}],"author":"oliviere","twitter_card":"summary_large_image","twitter_misc":{"\u00c9crit par":"oliviere","Dur\u00e9e de lecture estim\u00e9e":"3 minutes"},"schema":{"@context":"https:\/\/schema.org","@graph":[{"@type":"Article","@id":"https:\/\/fr.motocrossmag.be\/index.php\/2022\/08\/emx125emx250-en-suede-les-classements-des-premieres-manches\/#article","isPartOf":{"@id":"https:\/\/fr.motocrossmag.be\/index.php\/2022\/08\/emx125emx250-en-suede-les-classements-des-premieres-manches\/"},"author":{"name":"oliviere","@id":"https:\/\/fr.motocrossmag.be\/#\/schema\/person\/11b47143d9f755babca2c9110e03235c"},"headline":"EMX125\/EMX250 en Su\u00e8de : les classements des premi\u00e8res manches","datePublished":"2022-08-06T13:29:00+00:00","dateModified":"2022-08-06T15:29:20+00:00","mainEntityOfPage":{"@id":"https:\/\/fr.motocrossmag.be\/index.php\/2022\/08\/emx125emx250-en-suede-les-classements-des-premieres-manches\/"},"wordCount":552,"commentCount":0,"image":{"@id":"https:\/\/fr.motocrossmag.be\/index.php\/2022\/08\/emx125emx250-en-suede-les-classements-des-premieres-manches\/#primaryimage"},"thumbnailUrl":"https:\/\/fr.motocrossmag.be\/wp-content\/uploads\/2022\/08\/van-erp-emx125.jpg","keywords":["EMX","lucas coenen","Motocross","sacha coenen"],"articleSection":["Actualit\u00e9","EMX","Motocross","News","News","R\u00e9sultats","Slideshow"],"inLanguage":"fr-FR","potentialAction":[{"@type":"CommentAction","name":"Comment","target":["https:\/\/fr.motocrossmag.be\/index.php\/2022\/08\/emx125emx250-en-suede-les-classements-des-premieres-manches\/#respond"]}]},{"@type":"WebPage","@id":"https:\/\/fr.motocrossmag.be\/index.php\/2022\/08\/emx125emx250-en-suede-les-classements-des-premieres-manches\/","url":"https:\/\/fr.motocrossmag.be\/index.php\/2022\/08\/emx125emx250-en-suede-les-classements-des-premieres-manches\/","name":"EMX125\/EMX250 en Su\u00e8de : les classements des premi\u00e8res manches - Motocross - Enduro - Supermoto | MotocrossMag","isPartOf":{"@id":"https:\/\/fr.motocrossmag.be\/#website"},"primaryImageOfPage":{"@id":"https:\/\/fr.motocrossmag.be\/index.php\/2022\/08\/emx125emx250-en-suede-les-classements-des-premieres-manches\/#primaryimage"},"image":{"@id":"https:\/\/fr.motocrossmag.be\/index.php\/2022\/08\/emx125emx250-en-suede-les-classements-des-premieres-manches\/#primaryimage"},"thumbnailUrl":"https:\/\/fr.motocrossmag.be\/wp-content\/uploads\/2022\/08\/van-erp-emx125.jpg","datePublished":"2022-08-06T13:29:00+00:00","dateModified":"2022-08-06T15:29:20+00:00","author":{"@id":"https:\/\/fr.motocrossmag.be\/#\/schema\/person\/11b47143d9f755babca2c9110e03235c"},"breadcrumb":{"@id":"https:\/\/fr.motocrossmag.be\/index.php\/2022\/08\/emx125emx250-en-suede-les-classements-des-premieres-manches\/#breadcrumb"},"inLanguage":"fr-FR","potentialAction":[{"@type":"ReadAction","target":["https:\/\/fr.motocrossmag.be\/index.php\/2022\/08\/emx125emx250-en-suede-les-classements-des-premieres-manches\/"]}]},{"@type":"ImageObject","inLanguage":"fr-FR","@id":"https:\/\/fr.motocrossmag.be\/index.php\/2022\/08\/emx125emx250-en-suede-les-classements-des-premieres-manches\/#primaryimage","url":"https:\/\/fr.motocrossmag.be\/wp-content\/uploads\/2022\/08\/van-erp-emx125.jpg","contentUrl":"https:\/\/fr.motocrossmag.be\/wp-content\/uploads\/2022\/08\/van-erp-emx125.jpg","width":"900","height":"600"},{"@type":"BreadcrumbList","@id":"https:\/\/fr.motocrossmag.be\/index.php\/2022\/08\/emx125emx250-en-suede-les-classements-des-premieres-manches\/#breadcrumb","itemListElement":[{"@type":"ListItem","position":1,"name":"Accueil","item":"https:\/\/fr.motocrossmag.be\/"},{"@type":"ListItem","position":2,"name":"EMX125\/EMX250 en Su\u00e8de : les classements des premi\u00e8res manches"}]},{"@type":"WebSite","@id":"https:\/\/fr.motocrossmag.be\/#website","url":"https:\/\/fr.motocrossmag.be\/","name":"Motocross - Enduro - Supermoto | MotocrossMag","description":"L&#039;actualit\u00e9 du motocross, de l&#039;enduro et du Supermoto en ligne!","potentialAction":[{"@type":"SearchAction","target":{"@type":"EntryPoint","urlTemplate":"https:\/\/fr.motocrossmag.be\/?s={search_term_string}"},"query-input":{"@type":"PropertyValueSpecification","valueRequired":true,"valueName":"search_term_string"}}],"inLanguage":"fr-FR"},{"@type":"Person","@id":"https:\/\/fr.motocrossmag.be\/#\/schema\/person\/11b47143d9f755babca2c9110e03235c","name":"oliviere","image":{"@type":"ImageObject","inLanguage":"fr-FR","@id":"https:\/\/secure.gravatar.com\/avatar\/907069e0b81d119452040469e4a7501da1100f54f7f80180ce77bfab718288f6?s=96&d=mm&r=g","url":"https:\/\/secure.gravatar.com\/avatar\/907069e0b81d119452040469e4a7501da1100f54f7f80180ce77bfab718288f6?s=96&d=mm&r=g","contentUrl":"https:\/\/secure.gravatar.com\/avatar\/907069e0b81d119452040469e4a7501da1100f54f7f80180ce77bfab718288f6?s=96&d=mm&r=g","caption":"oliviere"},"sameAs":["http:\/\/www.motocrossmag.be"],"url":"https:\/\/fr.motocrossmag.be\/index.php\/author\/oliviere\/"}]}},"_links":{"self":[{"href":"https:\/\/fr.motocrossmag.be\/index.php\/wp-json\/wp\/v2\/posts\/119535","targetHints":{"allow":["GET"]}}],"collection":[{"href":"https:\/\/fr.motocrossmag.be\/index.php\/wp-json\/wp\/v2\/posts"}],"about":[{"href":"https:\/\/fr.motocrossmag.be\/index.php\/wp-json\/wp\/v2\/types\/post"}],"author":[{"embeddable":true,"href":"https:\/\/fr.motocrossmag.be\/index.php\/wp-json\/wp\/v2\/users\/932"}],"replies":[{"embeddable":true,"href":"https:\/\/fr.motocrossmag.be\/index.php\/wp-json\/wp\/v2\/comments?post=119535"}],"version-history":[{"count":0,"href":"https:\/\/fr.motocrossmag.be\/index.php\/wp-json\/wp\/v2\/posts\/119535\/revisions"}],"wp:featuredmedia":[{"embeddable":true,"href":"https:\/\/fr.motocrossmag.be\/index.php\/wp-json\/wp\/v2\/media\/119536"}],"wp:attachment":[{"href":"https:\/\/fr.motocrossmag.be\/index.php\/wp-json\/wp\/v2\/media?parent=119535"}],"wp:term":[{"taxonomy":"category","embeddable":true,"href":"https:\/\/fr.motocrossmag.be\/index.php\/wp-json\/wp\/v2\/categories?post=119535"},{"taxonomy":"post_tag","embeddable":true,"href":"https:\/\/fr.motocrossmag.be\/index.php\/wp-json\/wp\/v2\/tags?post=119535"}],"curies":[{"name":"wp","href":"https:\/\/api.w.org\/{rel}","templated":true}]}}