{"id":119545,"date":"2022-08-07T19:28:44","date_gmt":"2022-08-07T17:28:44","guid":{"rendered":"http:\/\/fr.motocrossmag.be\/?p=119545"},"modified":"2022-08-07T19:28:44","modified_gmt":"2022-08-07T17:28:44","slug":"jago-geerts-remporte-son-troisieme-gp-consecutif-en-suede","status":"publish","type":"post","link":"https:\/\/fr.motocrossmag.be\/index.php\/2022\/08\/jago-geerts-remporte-son-troisieme-gp-consecutif-en-suede\/","title":{"rendered":"Jago Geerts remporte son troisi\u00e8me GP cons\u00e9cutif en Su\u00e8de"},"content":{"rendered":"<p><strong>Jago Geerts s&rsquo;est impos\u00e9 ce dimanche sur le GP de Su\u00e8de. Le leader du classement provisoire MX2 a fait jeu \u00e9gal avec son rival dans la course au titre Tom Vialle.<\/strong><\/p>\n<p>Vainqueur\u00a0 d&rsquo;une premi\u00e8re manche qu&rsquo;il a men\u00e9e de bout en bout devant Jago Geerts et Kevin Horgno, Tom Vialle s&rsquo;est inclin\u00e9 face \u00e0 notre compatriote dans la seconde. La manche a \u00e9t\u00e9 particuli\u00e8rement anim\u00e9e entre les hommes forts de la cat\u00e9gorie. C&rsquo;est d&rsquo;abord Simon Laengenfelder qui a men\u00e9 la premi\u00e8re moiti\u00e9 de course. Derri\u00e8re, Geerts est point\u00e9 6\u00e8me dans le premier tour et entame une remont\u00e9e vers la t\u00eate de la course. En quelques tours \u00e0 peine, il se retrouve derri\u00e8re Vialle en 3\u00e8me position puis prend rapidement la seconde place.<\/p>\n<p>Peu apr\u00e8s la mi-course, Laengenfelder l\u00e2che prise et perd le leadership au profit de Geerts. Vialle reprendra pour sa part la seconde place devant Laengenfelder, Van De Moosdijk et Horgno. Ceci permet au pilote KTM de terminer la journ\u00e9e sur la seconde marche du podium derri\u00e8re Geerts mais avec le m\u00eame score que son rival, maintenant ainsi l&rsquo;\u00e9cart au championnat \u00e0 23 points pour arriver en Finlande (16\u00e8me round sur 18) le week-end prochain.<\/p>\n<p>Huiti\u00e8me puis dixi\u00e8me dans les manches, Liam Everts &#8211; qui f\u00eatait ce samedi son 18\u00e8me anniversaire- cl\u00f4ture son week-end su\u00e9dois dans le top-10.<\/p>\n<p><span style=\"color: #800000;\"><strong>R\u00e9sultats<\/strong><\/span><\/p>\n<p>MANCHE 1<\/p>\n<p>1. Tom Vialle (FRA, KTM), 34:01.886;\u00a0<strong>2. Jago Geerts (BEL, Yamaha), +0:06.750<\/strong>; 3. Kevin Horgmo (NOR, Kawasaki), +0:10.957; 4. Simon Laengenfelder (GER, GASGAS), +0:13.213; 5. Mikkel Haarup (DEN, Kawasaki), +0:13.604; 6. Thibault Benistant (FRA, Yamaha), +0:14.253;\u00a07. Kay de Wolf (NED, Husqvarna), +0:32.575; <strong>8. Liam Everts (BEL, KTM), +0:33.621<\/strong>;\u00a09. Stephen Rubini (FRA, Honda), +0:54.730;\u00a010. Kay Karssemakers (NED, KTM), +0:57.669;\u00a011. Tom Guyon (FRA, KTM), +1:00.530; 12. Jan Pancar (SLO, KTM), +1:01.888;\u00a013. Roan Van De Moosdijk (NED, Husqvarna), +1:15.257;\u00a014. Albin Gerhardsson (SWE, Husqvarna), +1:19.417; 15. Filip Olsson (SWE, Husqvarna), +1:21.671; 16. Leopold Ambj\u00f6rnson (SWE, Husqvarna), +1:27.507; 17. Joel Rizzi (GBR, Yamaha), +1:27.887; 18. Jakub Teresak (CZE, KTM), +1:28.758;\u00a019. Kjell Verbruggen (NED, Kawasaki), +1:51.460;\u00a020. Bobby Bruce (GBR, GASGAS), -2 lap(s); 21. Andrea Adamo (ITA, GASGAS), -13 lap(s);\u00a022. Twan Van Essen (NED, Honda), -14 lap(s);\u00a023. Marcel Stauffer (AUT, KTM), -18 lap(s);<\/p>\n<p>MANCHE 2<\/p>\n<p><strong>1. Jago Geerts (BEL, Yamaha), 35:16.594<\/strong>;\u00a02. Tom Vialle (FRA, KTM), +0:01.636; 3. Simon Laengenfelder (GER, GASGAS), +0:20.261;\u00a04. Roan Van De Moosdijk (NED, Husqvarna), +0:22.737;\u00a05. Kevin Horgmo (NOR, Kawasaki), +0:23.763; 6. Jan Pancar (SLO, KTM), +0:30.258;\u00a07. Kay de Wolf (NED, Husqvarna), +0:31.756;\u00a08. Mikkel Haarup (DEN, Kawasaki), +0:32.395; 9. Thibault Benistant (FRA, Yamaha), +0:34.477;\u00a0<strong>10. Liam Everts (BEL, KTM), +0:51.617<\/strong>;\u00a011. Tom Guyon (FRA, KTM), +0:58.065; 12. Stephen Rubini (FRA, Honda), +1:17.785;\u00a013. Kay Karssemakers (NED, KTM), +1:23.409;\u00a014. Albin Gerhardsson (SWE, Husqvarna), +1:29.542; 15. Joel Rizzi (GBR, Yamaha), +1:37.675; 16. Jakub Teresak (CZE, KTM), +1:40.100; 17. Filip Olsson (SWE, Husqvarna), +1:54.077; 18. Leopold Ambj\u00f6rnson (SWE, Husqvarna), +1:57.966;\u00a019. Kjell Verbruggen (NED, Kawasaki), -1 lap(s);\u00a020. Bobby Bruce (GBR, GASGAS), -1 lap(s); 21. Marcel Stauffer (AUT, KTM), -2 lap(s);<\/p>\n<p>CLASSEMENT GENERAL MX2<\/p>\n<p><strong>1. Jago Geerts (BEL, YAM), 47 points<\/strong>;\u00a02. Tom Vialle (FRA, KTM), 47 p.; 3. Simon Laengenfelder (GER, GAS), 38 p.; 4. Kevin Horgmo (NOR, KAW), 36 p.; 5. Mikkel Haarup (DEN, KAW), 29 p.;\u00a06. Kay de Wolf (NED, HUS), 28 p.;\u00a07. Thibault Benistant (FRA, YAM), 27 p.;\u00a08. Roan Van De Moosdijk (NED, HUS), 26 p.;\u00a09. Jan Pancar (SLO, KTM), 24 p.;\u00a0<strong>10. Liam Everts (BEL, KTM), 24 p.<\/strong>;\u00a011. Stephen Rubini (FRA, HON), 21 p.; 12. Tom Guyon (FRA, KTM), 20 p.;\u00a013. Kay Karssemakers (NED, KTM), 19 p.;\u00a014. Albin Gerhardsson (SWE, HUS), 14 p.; 15. Joel Rizzi (GBR, YAM), 10 p.; 16. Filip Olsson (SWE, HUS), 10 p.; 17. Jakub Teresak (CZE, KTM), 8 p.; 18. Leopold Ambj\u00f6rnson (SWE, HUS), 8 p.;\u00a019. Kjell Verbruggen (NED, KAW), 4 p.;\u00a020. Bobby Bruce (GBR, GAS), 2 p.; 21. Marcel Stauffer (AUT, KTM), 0 p.; 22. Andrea Adamo (ITA, GAS), 0 p.;\u00a023. Twan Van Essen (NED, HON), 0 p.;<\/p>\n<p>CLASSEMENT PROVISOIRE MX2<\/p>\n<p><strong>1. Jago Geerts (BEL, YAM), 637 points;<\/strong>\u00a02. Tom Vialle (FRA, KTM), 614 p.; 3. Simon Laengenfelder (GER, GAS), 507 p.; 4. Kevin Horgmo (NOR, KAW), 446 p.; 5. Thibault Benistant (FRA, YAM), 405 p.; 6. Mikkel Haarup (DEN, KAW), 387 p.; 7. Andrea Adamo (ITA, GAS), 365 p.;\u00a08. Kay de Wolf (NED, HUS), 348 p.;\u00a09. Stephen Rubini (FRA, HON), 342 p.; 10. Isak Gifting (SWE, KTM), 255 p.;\u00a0<strong>11. Liam Everts (BEL, KTM), 225 p.<\/strong>;\u00a012. Jan Pancar (SLO, KTM), 224 p.; 13. Mattia Guadagnini (ITA, GAS), 172 p.;\u00a014. Kay Karssemakers (NED, KTM), 153 p.; 15. Tom Guyon (FRA, KTM), 127 p.; 16. Hakon Fredriksen (NOR, HON), 125 p.; 17. Conrad Mewse (GBR, KTM), 113 p.; 18. Roan Van De Moosdijk (NED, HUS), 112 p.;\u00a019. Jeremy Sydow (GER, KTM), 104 p.; 20. Petr Polak (CZE, HON), 84 p.; 21. Kevin Brumann (SUI, YAM), 82 p.; 22. Jakub Teresak (CZE, KTM), 80 p.;\u00a023. Rick Elzinga (NED, YAM), 49 p.;\u00a024. Filip Olsson (SWE, HUS), 43 p.; 25. Guillem Farres (ESP, KTM), 38 p.; 26. Tomas Kohut (SVK, KTM), 38 p.; 27. Gianluca Facchetti (ITA, KTM), 32 p.; 28. Joel Rizzi (GBR, YAM), 29 p.; 29. Valerio Lata (ITA, KTM), 26 p.; 30. Delvintor Alfarizi (INA, HON), 23 p.; 31. Jorgen-Matthias Talviku (EST, HUS), 23 p.; 32. Albin Gerhardsson (SWE, HUS), 22 p.; 33. Andrea Bonacorsi (ITA, YAM), 21 p.; 34. Bastian Boegh Damm (DEN, KTM), 21 p.; 35. Ananda rigi Aditya (INA, HUS), 19 p.; 36. Pierre Goupillon (FRA, KTM), 19 p.; 37. Noah Ludwig (GER, KTM), 19 p.; 38. Leopold Ambj\u00f6rnson (SWE, HUS), 19 p.; 39. Diva Ismayana (INA, KAW), 18 p.; 40. Nakami Vidi Makarim (INA, HUS), 18 p.; 41. Marcel Stauffer (AUT, KTM), 18 p.; 42. Dharwin Lingam (MAS, KAW), 17 p.; 43. Pablo Jeremias Pascual (ARG, KTM), 16 p.; 44. Luciano Righi (ARG, HUS), 16 p.; 45. Tim Edberg (SWE, YAM), 14 p.; 46. Camden Mc Lellan (RSA, KTM), 13 p.; 47. Fermin Ciccimarra (ARG, YAM), 12 p.; 48. Kjell Verbruggen (NED, KAW), 12 p.; 49. Maxime Grau (FRA, HUS), 11 p.; 50. David Braceras (ESP, KTM), 9 p.; 51. James Carpenter (GBR, KTM), 7 p.; 52. Samuel Nilsson (ESP, KTM), 7 p.; 53. Glen Meier (DEN, KTM), 7 p.; 54. Christopher Mills (GBR, KTM), 4 p.;\u00a055. Florent Lambillon (BEL, SUZ), 4 p.;\u00a056. Dorian Werl\u00e9 (FRA, KTM), 4 p.; 57. Mike Gwerder (SUI, KTM), 4 p.; 58. Maximilian Spies (GER, KTM), 4 p.; 59. Nico Greutmann (GER, HUS), 3 p.; 60. Adam Collings (GBR, KTM), 2 p.;\u00a061. Lucas Coenen (BEL, HUS), 2 p.;\u00a062. Bobby Bruce (GBR, GAS), 2 p.; 63. Eric Tomas (ESP, YAM), 1 p.;<\/p>\n","protected":false},"excerpt":{"rendered":"<p>Jago Geerts s&rsquo;est impos\u00e9 ce dimanche sur le GP de Su\u00e8de. Le leader du classement provisoire MX2 a fait jeu \u00e9gal avec son rival dans la course au titre Tom [&#8230;]<\/p>\n","protected":false},"author":932,"featured_media":119546,"comment_status":"open","ping_status":"closed","sticky":false,"template":"","format":"standard","meta":{"footnotes":""},"categories":[54,4,6,5,55,56,65],"tags":[813,947,568,1246,175],"class_list":["post-119545","post","type-post","status-publish","format-standard","has-post-thumbnail","hentry","category-actualite","category-motocross","category-mx1mx2","category-news","category-news-actualite","category-resultats","category-slideshow","tag-jago-geerts","tag-motocross","tag-mxgp","tag-tom-vialle","tag-uddevalla"],"yoast_head":"<!-- This site is optimized with the Yoast SEO plugin v27.4 - https:\/\/yoast.com\/product\/yoast-seo-wordpress\/ -->\n<title>Jago Geerts remporte son troisi\u00e8me GP cons\u00e9cutif en Su\u00e8de - Motocross - Enduro - Supermoto | MotocrossMag<\/title>\n<meta name=\"robots\" content=\"index, follow, max-snippet:-1, max-image-preview:large, max-video-preview:-1\" \/>\n<link rel=\"canonical\" href=\"https:\/\/fr.motocrossmag.be\/index.php\/2022\/08\/jago-geerts-remporte-son-troisieme-gp-consecutif-en-suede\/\" \/>\n<meta property=\"og:locale\" content=\"fr_FR\" \/>\n<meta property=\"og:type\" content=\"article\" \/>\n<meta property=\"og:title\" content=\"Jago Geerts remporte son troisi\u00e8me GP cons\u00e9cutif en Su\u00e8de - Motocross - Enduro - Supermoto | MotocrossMag\" \/>\n<meta property=\"og:description\" content=\"Jago Geerts s&rsquo;est impos\u00e9 ce dimanche sur le GP de Su\u00e8de. Le leader du classement provisoire MX2 a fait jeu \u00e9gal avec son rival dans la course au titre Tom [...]\" \/>\n<meta property=\"og:url\" content=\"https:\/\/fr.motocrossmag.be\/index.php\/2022\/08\/jago-geerts-remporte-son-troisieme-gp-consecutif-en-suede\/\" \/>\n<meta property=\"og:site_name\" content=\"Motocross - Enduro - Supermoto | MotocrossMag\" \/>\n<meta property=\"article:published_time\" content=\"2022-08-07T17:28:44+00:00\" \/>\n<meta property=\"og:image\" content=\"https:\/\/fr.motocrossmag.be\/wp-content\/uploads\/2022\/08\/geerts-ramon-mxgp.jpeg\" \/>\n\t<meta property=\"og:image:width\" content=\"900\" \/>\n\t<meta property=\"og:image:height\" content=\"600\" \/>\n\t<meta property=\"og:image:type\" content=\"image\/jpeg\" \/>\n<meta name=\"author\" content=\"oliviere\" \/>\n<meta name=\"twitter:card\" content=\"summary_large_image\" \/>\n<meta name=\"twitter:label1\" content=\"\u00c9crit par\" \/>\n\t<meta name=\"twitter:data1\" content=\"oliviere\" \/>\n\t<meta name=\"twitter:label2\" content=\"Dur\u00e9e de lecture estim\u00e9e\" \/>\n\t<meta name=\"twitter:data2\" content=\"4 minutes\" \/>\n<script type=\"application\/ld+json\" class=\"yoast-schema-graph\">{\"@context\":\"https:\\\/\\\/schema.org\",\"@graph\":[{\"@type\":\"Article\",\"@id\":\"https:\\\/\\\/fr.motocrossmag.be\\\/index.php\\\/2022\\\/08\\\/jago-geerts-remporte-son-troisieme-gp-consecutif-en-suede\\\/#article\",\"isPartOf\":{\"@id\":\"https:\\\/\\\/fr.motocrossmag.be\\\/index.php\\\/2022\\\/08\\\/jago-geerts-remporte-son-troisieme-gp-consecutif-en-suede\\\/\"},\"author\":{\"name\":\"oliviere\",\"@id\":\"https:\\\/\\\/fr.motocrossmag.be\\\/#\\\/schema\\\/person\\\/11b47143d9f755babca2c9110e03235c\"},\"headline\":\"Jago Geerts remporte son troisi\u00e8me GP cons\u00e9cutif en Su\u00e8de\",\"datePublished\":\"2022-08-07T17:28:44+00:00\",\"mainEntityOfPage\":{\"@id\":\"https:\\\/\\\/fr.motocrossmag.be\\\/index.php\\\/2022\\\/08\\\/jago-geerts-remporte-son-troisieme-gp-consecutif-en-suede\\\/\"},\"wordCount\":914,\"commentCount\":0,\"image\":{\"@id\":\"https:\\\/\\\/fr.motocrossmag.be\\\/index.php\\\/2022\\\/08\\\/jago-geerts-remporte-son-troisieme-gp-consecutif-en-suede\\\/#primaryimage\"},\"thumbnailUrl\":\"https:\\\/\\\/fr.motocrossmag.be\\\/wp-content\\\/uploads\\\/2022\\\/08\\\/geerts-ramon-mxgp.jpeg\",\"keywords\":[\"Jago Geerts\",\"Motocross\",\"MXGP\",\"tom vialle\",\"Uddevalla\"],\"articleSection\":[\"Actualit\u00e9\",\"Motocross\",\"Motocross MXGP\",\"News\",\"News\",\"R\u00e9sultats\",\"Slideshow\"],\"inLanguage\":\"fr-FR\",\"potentialAction\":[{\"@type\":\"CommentAction\",\"name\":\"Comment\",\"target\":[\"https:\\\/\\\/fr.motocrossmag.be\\\/index.php\\\/2022\\\/08\\\/jago-geerts-remporte-son-troisieme-gp-consecutif-en-suede\\\/#respond\"]}]},{\"@type\":\"WebPage\",\"@id\":\"https:\\\/\\\/fr.motocrossmag.be\\\/index.php\\\/2022\\\/08\\\/jago-geerts-remporte-son-troisieme-gp-consecutif-en-suede\\\/\",\"url\":\"https:\\\/\\\/fr.motocrossmag.be\\\/index.php\\\/2022\\\/08\\\/jago-geerts-remporte-son-troisieme-gp-consecutif-en-suede\\\/\",\"name\":\"Jago Geerts remporte son troisi\u00e8me GP cons\u00e9cutif en Su\u00e8de - Motocross - Enduro - Supermoto | MotocrossMag\",\"isPartOf\":{\"@id\":\"https:\\\/\\\/fr.motocrossmag.be\\\/#website\"},\"primaryImageOfPage\":{\"@id\":\"https:\\\/\\\/fr.motocrossmag.be\\\/index.php\\\/2022\\\/08\\\/jago-geerts-remporte-son-troisieme-gp-consecutif-en-suede\\\/#primaryimage\"},\"image\":{\"@id\":\"https:\\\/\\\/fr.motocrossmag.be\\\/index.php\\\/2022\\\/08\\\/jago-geerts-remporte-son-troisieme-gp-consecutif-en-suede\\\/#primaryimage\"},\"thumbnailUrl\":\"https:\\\/\\\/fr.motocrossmag.be\\\/wp-content\\\/uploads\\\/2022\\\/08\\\/geerts-ramon-mxgp.jpeg\",\"datePublished\":\"2022-08-07T17:28:44+00:00\",\"author\":{\"@id\":\"https:\\\/\\\/fr.motocrossmag.be\\\/#\\\/schema\\\/person\\\/11b47143d9f755babca2c9110e03235c\"},\"breadcrumb\":{\"@id\":\"https:\\\/\\\/fr.motocrossmag.be\\\/index.php\\\/2022\\\/08\\\/jago-geerts-remporte-son-troisieme-gp-consecutif-en-suede\\\/#breadcrumb\"},\"inLanguage\":\"fr-FR\",\"potentialAction\":[{\"@type\":\"ReadAction\",\"target\":[\"https:\\\/\\\/fr.motocrossmag.be\\\/index.php\\\/2022\\\/08\\\/jago-geerts-remporte-son-troisieme-gp-consecutif-en-suede\\\/\"]}]},{\"@type\":\"ImageObject\",\"inLanguage\":\"fr-FR\",\"@id\":\"https:\\\/\\\/fr.motocrossmag.be\\\/index.php\\\/2022\\\/08\\\/jago-geerts-remporte-son-troisieme-gp-consecutif-en-suede\\\/#primaryimage\",\"url\":\"https:\\\/\\\/fr.motocrossmag.be\\\/wp-content\\\/uploads\\\/2022\\\/08\\\/geerts-ramon-mxgp.jpeg\",\"contentUrl\":\"https:\\\/\\\/fr.motocrossmag.be\\\/wp-content\\\/uploads\\\/2022\\\/08\\\/geerts-ramon-mxgp.jpeg\",\"width\":\"900\",\"height\":\"600\"},{\"@type\":\"BreadcrumbList\",\"@id\":\"https:\\\/\\\/fr.motocrossmag.be\\\/index.php\\\/2022\\\/08\\\/jago-geerts-remporte-son-troisieme-gp-consecutif-en-suede\\\/#breadcrumb\",\"itemListElement\":[{\"@type\":\"ListItem\",\"position\":1,\"name\":\"Accueil\",\"item\":\"https:\\\/\\\/fr.motocrossmag.be\\\/\"},{\"@type\":\"ListItem\",\"position\":2,\"name\":\"Jago Geerts remporte son troisi\u00e8me GP cons\u00e9cutif en Su\u00e8de\"}]},{\"@type\":\"WebSite\",\"@id\":\"https:\\\/\\\/fr.motocrossmag.be\\\/#website\",\"url\":\"https:\\\/\\\/fr.motocrossmag.be\\\/\",\"name\":\"Motocross - Enduro - Supermoto | MotocrossMag\",\"description\":\"L&#039;actualit\u00e9 du motocross, de l&#039;enduro et du Supermoto en ligne!\",\"potentialAction\":[{\"@type\":\"SearchAction\",\"target\":{\"@type\":\"EntryPoint\",\"urlTemplate\":\"https:\\\/\\\/fr.motocrossmag.be\\\/?s={search_term_string}\"},\"query-input\":{\"@type\":\"PropertyValueSpecification\",\"valueRequired\":true,\"valueName\":\"search_term_string\"}}],\"inLanguage\":\"fr-FR\"},{\"@type\":\"Person\",\"@id\":\"https:\\\/\\\/fr.motocrossmag.be\\\/#\\\/schema\\\/person\\\/11b47143d9f755babca2c9110e03235c\",\"name\":\"oliviere\",\"image\":{\"@type\":\"ImageObject\",\"inLanguage\":\"fr-FR\",\"@id\":\"https:\\\/\\\/secure.gravatar.com\\\/avatar\\\/907069e0b81d119452040469e4a7501da1100f54f7f80180ce77bfab718288f6?s=96&d=mm&r=g\",\"url\":\"https:\\\/\\\/secure.gravatar.com\\\/avatar\\\/907069e0b81d119452040469e4a7501da1100f54f7f80180ce77bfab718288f6?s=96&d=mm&r=g\",\"contentUrl\":\"https:\\\/\\\/secure.gravatar.com\\\/avatar\\\/907069e0b81d119452040469e4a7501da1100f54f7f80180ce77bfab718288f6?s=96&d=mm&r=g\",\"caption\":\"oliviere\"},\"sameAs\":[\"http:\\\/\\\/www.motocrossmag.be\"],\"url\":\"https:\\\/\\\/fr.motocrossmag.be\\\/index.php\\\/author\\\/oliviere\\\/\"}]}<\/script>\n<!-- \/ Yoast SEO plugin. -->","yoast_head_json":{"title":"Jago Geerts remporte son troisi\u00e8me GP cons\u00e9cutif en Su\u00e8de - Motocross - Enduro - Supermoto | MotocrossMag","robots":{"index":"index","follow":"follow","max-snippet":"max-snippet:-1","max-image-preview":"max-image-preview:large","max-video-preview":"max-video-preview:-1"},"canonical":"https:\/\/fr.motocrossmag.be\/index.php\/2022\/08\/jago-geerts-remporte-son-troisieme-gp-consecutif-en-suede\/","og_locale":"fr_FR","og_type":"article","og_title":"Jago Geerts remporte son troisi\u00e8me GP cons\u00e9cutif en Su\u00e8de - Motocross - Enduro - Supermoto | MotocrossMag","og_description":"Jago Geerts s&rsquo;est impos\u00e9 ce dimanche sur le GP de Su\u00e8de. Le leader du classement provisoire MX2 a fait jeu \u00e9gal avec son rival dans la course au titre Tom [...]","og_url":"https:\/\/fr.motocrossmag.be\/index.php\/2022\/08\/jago-geerts-remporte-son-troisieme-gp-consecutif-en-suede\/","og_site_name":"Motocross - Enduro - Supermoto | MotocrossMag","article_published_time":"2022-08-07T17:28:44+00:00","og_image":[{"width":900,"height":600,"url":"https:\/\/fr.motocrossmag.be\/wp-content\/uploads\/2022\/08\/geerts-ramon-mxgp.jpeg","type":"image\/jpeg"}],"author":"oliviere","twitter_card":"summary_large_image","twitter_misc":{"\u00c9crit par":"oliviere","Dur\u00e9e de lecture estim\u00e9e":"4 minutes"},"schema":{"@context":"https:\/\/schema.org","@graph":[{"@type":"Article","@id":"https:\/\/fr.motocrossmag.be\/index.php\/2022\/08\/jago-geerts-remporte-son-troisieme-gp-consecutif-en-suede\/#article","isPartOf":{"@id":"https:\/\/fr.motocrossmag.be\/index.php\/2022\/08\/jago-geerts-remporte-son-troisieme-gp-consecutif-en-suede\/"},"author":{"name":"oliviere","@id":"https:\/\/fr.motocrossmag.be\/#\/schema\/person\/11b47143d9f755babca2c9110e03235c"},"headline":"Jago Geerts remporte son troisi\u00e8me GP cons\u00e9cutif en Su\u00e8de","datePublished":"2022-08-07T17:28:44+00:00","mainEntityOfPage":{"@id":"https:\/\/fr.motocrossmag.be\/index.php\/2022\/08\/jago-geerts-remporte-son-troisieme-gp-consecutif-en-suede\/"},"wordCount":914,"commentCount":0,"image":{"@id":"https:\/\/fr.motocrossmag.be\/index.php\/2022\/08\/jago-geerts-remporte-son-troisieme-gp-consecutif-en-suede\/#primaryimage"},"thumbnailUrl":"https:\/\/fr.motocrossmag.be\/wp-content\/uploads\/2022\/08\/geerts-ramon-mxgp.jpeg","keywords":["Jago Geerts","Motocross","MXGP","tom vialle","Uddevalla"],"articleSection":["Actualit\u00e9","Motocross","Motocross MXGP","News","News","R\u00e9sultats","Slideshow"],"inLanguage":"fr-FR","potentialAction":[{"@type":"CommentAction","name":"Comment","target":["https:\/\/fr.motocrossmag.be\/index.php\/2022\/08\/jago-geerts-remporte-son-troisieme-gp-consecutif-en-suede\/#respond"]}]},{"@type":"WebPage","@id":"https:\/\/fr.motocrossmag.be\/index.php\/2022\/08\/jago-geerts-remporte-son-troisieme-gp-consecutif-en-suede\/","url":"https:\/\/fr.motocrossmag.be\/index.php\/2022\/08\/jago-geerts-remporte-son-troisieme-gp-consecutif-en-suede\/","name":"Jago Geerts remporte son troisi\u00e8me GP cons\u00e9cutif en Su\u00e8de - Motocross - Enduro - Supermoto | MotocrossMag","isPartOf":{"@id":"https:\/\/fr.motocrossmag.be\/#website"},"primaryImageOfPage":{"@id":"https:\/\/fr.motocrossmag.be\/index.php\/2022\/08\/jago-geerts-remporte-son-troisieme-gp-consecutif-en-suede\/#primaryimage"},"image":{"@id":"https:\/\/fr.motocrossmag.be\/index.php\/2022\/08\/jago-geerts-remporte-son-troisieme-gp-consecutif-en-suede\/#primaryimage"},"thumbnailUrl":"https:\/\/fr.motocrossmag.be\/wp-content\/uploads\/2022\/08\/geerts-ramon-mxgp.jpeg","datePublished":"2022-08-07T17:28:44+00:00","author":{"@id":"https:\/\/fr.motocrossmag.be\/#\/schema\/person\/11b47143d9f755babca2c9110e03235c"},"breadcrumb":{"@id":"https:\/\/fr.motocrossmag.be\/index.php\/2022\/08\/jago-geerts-remporte-son-troisieme-gp-consecutif-en-suede\/#breadcrumb"},"inLanguage":"fr-FR","potentialAction":[{"@type":"ReadAction","target":["https:\/\/fr.motocrossmag.be\/index.php\/2022\/08\/jago-geerts-remporte-son-troisieme-gp-consecutif-en-suede\/"]}]},{"@type":"ImageObject","inLanguage":"fr-FR","@id":"https:\/\/fr.motocrossmag.be\/index.php\/2022\/08\/jago-geerts-remporte-son-troisieme-gp-consecutif-en-suede\/#primaryimage","url":"https:\/\/fr.motocrossmag.be\/wp-content\/uploads\/2022\/08\/geerts-ramon-mxgp.jpeg","contentUrl":"https:\/\/fr.motocrossmag.be\/wp-content\/uploads\/2022\/08\/geerts-ramon-mxgp.jpeg","width":"900","height":"600"},{"@type":"BreadcrumbList","@id":"https:\/\/fr.motocrossmag.be\/index.php\/2022\/08\/jago-geerts-remporte-son-troisieme-gp-consecutif-en-suede\/#breadcrumb","itemListElement":[{"@type":"ListItem","position":1,"name":"Accueil","item":"https:\/\/fr.motocrossmag.be\/"},{"@type":"ListItem","position":2,"name":"Jago Geerts remporte son troisi\u00e8me GP cons\u00e9cutif en Su\u00e8de"}]},{"@type":"WebSite","@id":"https:\/\/fr.motocrossmag.be\/#website","url":"https:\/\/fr.motocrossmag.be\/","name":"Motocross - Enduro - Supermoto | MotocrossMag","description":"L&#039;actualit\u00e9 du motocross, de l&#039;enduro et du Supermoto en ligne!","potentialAction":[{"@type":"SearchAction","target":{"@type":"EntryPoint","urlTemplate":"https:\/\/fr.motocrossmag.be\/?s={search_term_string}"},"query-input":{"@type":"PropertyValueSpecification","valueRequired":true,"valueName":"search_term_string"}}],"inLanguage":"fr-FR"},{"@type":"Person","@id":"https:\/\/fr.motocrossmag.be\/#\/schema\/person\/11b47143d9f755babca2c9110e03235c","name":"oliviere","image":{"@type":"ImageObject","inLanguage":"fr-FR","@id":"https:\/\/secure.gravatar.com\/avatar\/907069e0b81d119452040469e4a7501da1100f54f7f80180ce77bfab718288f6?s=96&d=mm&r=g","url":"https:\/\/secure.gravatar.com\/avatar\/907069e0b81d119452040469e4a7501da1100f54f7f80180ce77bfab718288f6?s=96&d=mm&r=g","contentUrl":"https:\/\/secure.gravatar.com\/avatar\/907069e0b81d119452040469e4a7501da1100f54f7f80180ce77bfab718288f6?s=96&d=mm&r=g","caption":"oliviere"},"sameAs":["http:\/\/www.motocrossmag.be"],"url":"https:\/\/fr.motocrossmag.be\/index.php\/author\/oliviere\/"}]}},"_links":{"self":[{"href":"https:\/\/fr.motocrossmag.be\/index.php\/wp-json\/wp\/v2\/posts\/119545","targetHints":{"allow":["GET"]}}],"collection":[{"href":"https:\/\/fr.motocrossmag.be\/index.php\/wp-json\/wp\/v2\/posts"}],"about":[{"href":"https:\/\/fr.motocrossmag.be\/index.php\/wp-json\/wp\/v2\/types\/post"}],"author":[{"embeddable":true,"href":"https:\/\/fr.motocrossmag.be\/index.php\/wp-json\/wp\/v2\/users\/932"}],"replies":[{"embeddable":true,"href":"https:\/\/fr.motocrossmag.be\/index.php\/wp-json\/wp\/v2\/comments?post=119545"}],"version-history":[{"count":0,"href":"https:\/\/fr.motocrossmag.be\/index.php\/wp-json\/wp\/v2\/posts\/119545\/revisions"}],"wp:featuredmedia":[{"embeddable":true,"href":"https:\/\/fr.motocrossmag.be\/index.php\/wp-json\/wp\/v2\/media\/119546"}],"wp:attachment":[{"href":"https:\/\/fr.motocrossmag.be\/index.php\/wp-json\/wp\/v2\/media?parent=119545"}],"wp:term":[{"taxonomy":"category","embeddable":true,"href":"https:\/\/fr.motocrossmag.be\/index.php\/wp-json\/wp\/v2\/categories?post=119545"},{"taxonomy":"post_tag","embeddable":true,"href":"https:\/\/fr.motocrossmag.be\/index.php\/wp-json\/wp\/v2\/tags?post=119545"}],"curies":[{"name":"wp","href":"https:\/\/api.w.org\/{rel}","templated":true}]}}