{"id":119600,"date":"2022-08-07T20:03:23","date_gmt":"2022-08-07T18:03:23","guid":{"rendered":"http:\/\/fr.motocrossmag.be\/?p=119600"},"modified":"2022-08-07T20:03:23","modified_gmt":"2022-08-07T18:03:23","slug":"mxgp-jeremy-seewer-vainqueur-en-suede-tim-gajser-tout-pres-du-titre","status":"publish","type":"post","link":"https:\/\/fr.motocrossmag.be\/index.php\/2022\/08\/mxgp-jeremy-seewer-vainqueur-en-suede-tim-gajser-tout-pres-du-titre\/","title":{"rendered":"MXGP : Jeremy Seewer vainqueur en Su\u00e8de, Tim Gajser tout pr\u00e8s du titre"},"content":{"rendered":"<p><strong>Jeremy Seewer a remport\u00e9 ce dimanche le 15\u00e8me GP de la saison mondiale de motocross. Le Suisse s&rsquo;impose dans la cat\u00e9gorie reine devant Tim Gajser, le leader du provisoire, et Glenn Coldenhoff. Romain Febvre et Jorge Prado compl\u00e8tent le top-5. Auteur de deux belles manches, Brent Van Doninck termine la journ\u00e9e en 7\u00e8me position.<\/strong><\/p>\n<p>Vainqueur de la premi\u00e8re manche devant Seewer, Maxime Renaux chutait en d\u00e9but de seconde manche et devait abandonner, laissant Seewer, Gajser et Febvre jouer les premiers r\u00f4les.<\/p>\n<p>Deuxi\u00e8me ce week-end, Tim Gajser n&rsquo;en reste pas moins tr\u00e8s confortablement install\u00e9 en t\u00eate du classement provisoire. Avec 115 points d&rsquo;avance sur Seewer alors que seuls 3 GP sont encore \u00e0 disputer, le Slov\u00e8ne pourrait s&rsquo;assurer d\u00e9finitivement du titre d\u00e8s le week-end prochain dans le sable du GP de Finlande.<\/p>\n<p><span style=\"color: #800000;\"><strong>R\u00e9sultats<\/strong><\/span><\/p>\n<p>MANCHE 1<\/p>\n<p>1. Maxime Renaux (FRA, Yamaha), 34:01.852; 2. Jeremy Seewer (SUI, Yamaha), +0:01.181;\u00a03. Glenn Coldenhoff (NED, Yamaha), +0:05.368; 4. Tim Gajser (SLO, Honda), +0:08.595; 5. Jorge Prado (ESP, GASGAS), +0:16.260; 6. Romain Febvre (FRA, Kawasaki), +0:20.153; 7. Pauls Jonass (LAT, Husqvarna), +0:26.262;\u00a0<strong>8.\u00a0Brent Van doninck (BEL, Yamaha), +0:29.711<\/strong>; 9. Valentin Guillod (SUI, Yamaha), +0:34.638; 10. Mitchell Evans (AUS, Honda), +0:40.728; 11. Alberto Forato (ITA, GASGAS), +0:42.263; 12. Mattia Guadagnini (ITA, GASGAS), +0:44.714; 13. Ben Watson (GBR, Kawasaki), +0:46.077; 14. Jordi Tixier (FRA, KTM), +0:48.480; 15. Brian Bogers (NED, Husqvarna), +0:51.157;\u00a0<strong>16. Jeremy Van Horebeek (BEL, Beta), +0:55.955<\/strong>; 17. Ruben Fernandez (ESP, Honda), +1:03.498; 18. Jere Haavisto (FIN, KTM), +1:07.745; 19. Jed Beaton (AUS, Kawasaki), +1:13.803; 20. Kevin Brumann (SUI, Yamaha), +1:17.883; 21. Anton Nordstr\u00f6m Graaf (SWE, Yamaha), +1:18.917; 22. Ivo Monticelli (ITA, Honda), +1:20.084; 23. Tom Koch (GER, KTM), +1:23.160; 24. Conrad Mewse (GBR, KTM), +1:31.949; 25. Eddie Hjortmarker (SWE, KTM), +1:37.201; 26. Benoit Paturel (FRA, Honda), +1:41.969; 27. Hardi Roosiorg (EST, KTM), -1 lap(s); 28. Emil Jonrup (SWE, KTM), -1 lap(s);\u00a029.\u00a0Calvin Vlaanderen (NED, Yamaha), -8 lap(s); 30. Emil Berggren (SWE, Husqvarna), -8 lap(s); 31. Alvin \u00d6stlund (SWE, Yamaha), -12 lap(s); 32. Danne Karlsson (SWE, Husqvarna), -17 lap(s); 33. Henry Jacobi (GER, Honda), -18 lap(s);<\/p>\n<p>MANCHE 2<\/p>\n<p>1. Jeremy Seewer (SUI, Yamaha), 35:23.814; 2. Tim Gajser (SLO, Honda), +0:01.990; 3. Romain Febvre (FRA, Kawasaki), +0:06.503; 4. Mitchell Evans (AUS, Honda), +0:07.646;\u00a05. Glenn Coldenhoff (NED, Yamaha), +0:07.908; 6. Jorge Prado (ESP, GASGAS), +0:09.726;\u00a07. Calvin Vlaanderen (NED, Yamaha), +0:16.238; 8. Brian Bogers (NED, Husqvarna), +0:20.671; <strong>9. Brent Van doninck (BEL, Yamaha), +0:23.820<\/strong>; 10. Alberto Forato (ITA, GASGAS), +0:25.624;\u00a0<strong>11. Jeremy Van Horebeek (BEL, Beta), +0:36.082<\/strong>; 12. Valentin Guillod (SUI, Yamaha), +0:42.139; 13. Ruben Fernandez (ESP, Honda), +0:47.720; 14. Ben Watson (GBR, Kawasaki), +0:50.227; 15. Tom Koch (GER, KTM), +0:54.268; 16. Pauls Jonass (LAT, Husqvarna), +1:00.757; 17. Jordi Tixier (FRA, KTM), +1:05.832; 18. Jed Beaton (AUS, Kawasaki), +1:07.726; 19. Ivo Monticelli (ITA, Honda), +1:08.962; 20. Alvin \u00d6stlund (SWE, Yamaha), +1:18.904; 21. Mattia Guadagnini (ITA, GASGAS), +1:23.931; 22. Eddie Hjortmarker (SWE, KTM), +1:42.858; 23. Benoit Paturel (FRA, Honda), +1:48.884; 24. Conrad Mewse (GBR, KTM), +1:50.057; 25. Anton Nordstr\u00f6m Graaf (SWE, Yamaha), -1 lap(s); 26. Emil Jonrup (SWE, KTM), -1 lap(s); 27. Emil Berggren (SWE, Husqvarna), -1 lap(s); 28. Hardi Roosiorg (EST, KTM), -4 lap(s); 29. Kevin Brumann (SUI, Yamaha), -7 lap(s); 30. Danne Karlsson (SWE, Husqvarna), -8 lap(s); 31. Jere Haavisto (FIN, KTM), -11 lap(s); 32. Henry Jacobi (GER, Honda), -17 lap(s); 33. Maxime Renaux (FRA, Yamaha), -18 lap(s);<\/p>\n<p>CLASSEMENT GENERAL MXGP<\/p>\n<p>1 Jeremy Seewer (SUI, YAM), 47 points; 2. Tim Gajser (SLO, HON), 40 p.;\u00a03. Glenn Coldenhoff (NED, YAM), 36 p.; 4. Romain Febvre (FRA, KAW), 35 p.; 5. Jorge Prado (ESP, GAS), 31 p.; 6. Mitchell Evans (AUS, HON), 29 p.;\u00a0<strong>7. Brent Van doninck (BEL, YAM), 25 p<\/strong>.; 8. Maxime Renaux (FRA, YAM), 25 p.; 9. Alberto Forato (ITA, GAS), 21 p.; 10. Valentin Guillod (SUI, YAM), 21 p.;\u00a011. Brian Bogers (NED, HUS), 19 p.; 12. Pauls Jonass (LAT, HUS), 19 p.;\u00a0<strong>13.\u00a0Jeremy Van Horebeek (BEL, BET), 15 p.<\/strong>; 14. Ben Watson (GBR, KAW), 15 p.;\u00a015. Calvin Vlaanderen (NED, YAM), 14 p.; 16. Ruben Fernandez (ESP, HON), 12 p.; 17. Jordi Tixier (FRA, KTM), 11 p.; 18. Mattia Guadagnini (ITA, GAS), 9 p.; 19. Tom Koch (GER, KTM), 6 p.; 20. Jed Beaton (AUS, KAW), 5 p.; 21. Jere Haavisto (FIN, KTM), 3 p.; 22. Ivo Monticelli (ITA, HON), 2 p.; 23. Alvin \u00d6stlund (SWE, YAM), 1 p.; 24. Kevin Brumann (SUI, YAM), 1 p.; 25. Eddie Hjortmarker (SWE, KTM), 0 p.; 26. Benoit Paturel (FRA, HON), 0 p.; 27. Conrad Mewse (GBR, KTM), 0 p.; 28. Anton Nordstr\u00f6m Graaf (SWE, YAM), 0 p.; 29. Emil Jonrup (SWE, KTM), 0 p.; 30. Emil Berggren (SWE, HUS), 0 p.; 31. Hardi Roosiorg (EST, KTM), 0 p.; 32. Danne Karlsson (SWE, HUS), 0 p.; 33. Henry Jacobi (GER, HON), 0 p.;<\/p>\n<p>CLASSEMENT PROVISOIRE MXGP<\/p>\n<p>1. Tim Gajser (SLO, HON), 645 points; 2. Jeremy Seewer (SUI, YAM), 530 p.; 3. Jorge Prado (ESP, GAS), 496 p.;\u00a04. Glenn Coldenhoff (NED, YAM), 478 p.; 5. Maxime Renaux (FRA, YAM), 466 p.; 6. Ruben Fernandez (ESP, HON), 354 p.;\u00a07.\u00a0Brian Bogers (NED, HUS), 351 p.; 8. Calvin Vlaanderen (NED, YAM), 326 p.; 9. Pauls Jonass (LAT, HUS), 306 p.; 10. Mitchell Evans (AUS, HON), 264 p.;<strong>\u00a011. Jeremy Van Horebeek (BEL, BET), 254 p.<\/strong>; 12. Ben Watson (GBR, KAW), 243 p.;\u00a0<strong>13. Brent Van doninck (BEL, YAM), 206 p.<\/strong>; 14. Alberto Forato (ITA, GAS), 204 p.; 15. Jordi Tixier (FRA, KTM), 197 p.; 16. Henry Jacobi (GER, HON), 187 p.; 17. Jed Beaton (AUS, KAW), 167 p.; 18. Romain Febvre (FRA, KAW), 147 p.; 19. Mattia Guadagnini (ITA, GAS), 145 p.; 20. Alvin \u00d6stlund (SWE, YAM), 102 p.; 21. Tom Koch (GER, KTM), 75 p.; 22. Thomas Kjer Olsen (DEN, KTM), 73 p.; 23. Valentin Guillod (SUI, YAM), 73 p.; 24. Ivo Monticelli (ITA, HON), 50 p.; 25. Benoit Paturel (FRA, HON), 38 p.; 26. Hardi Roosiorg (EST, KTM), 32 p.; 27. Nicholas Lapucci (ITA, FAN), 31 p.; 28. Alessandro Lupino (ITA, BET), 18 p.; 29. Miro Sihvonen (FIN, HON), 18 p.; 30. Christophe Charlier (FRA, YAM), 17 p.; 31. Jorge Zaragoza (ESP, HON), 12 p.; 32. Nicolas Rolando (URU, SUZ), 10 p.;\u00a0<strong>33. Cyril Genot (BEL, HON), 9 p.<\/strong>; 34. Lewis Stewart (AUS, KTM), 9 p.; 35. Nicholas Murray (AUS, HUS), 7 p.; 36. Sergio Villaronga (CHL, HON), 6 p.; 37. David Philippaerts (ITA, KAW), 6 p.; 38. Tanel Leok (EST, HUS), 6 p.; 39. Victor Dario Arco (ARG, SUZ), 6 p.; 40. Arminas Jasikonis (LTU, YAM), 6 p.; 41. Kevin Brumann (SUI, YAM), 6 p.; 42. Humberto Martin (VEN, HUS), 5 p.; 43. Harri Kullas (EST, YAM), 5 p.; 44. Jere Haavisto (FIN, KTM), 5 p.; 45. Farhan Hendra fahrodjie (INA, KTM), 5 p.; 46. Marcos Trossero (ARG, YAM), 4 p.; 47. Lautaro Toro (ARG, KTM), 4 p.; 48. Agustin Carrasco (ARG, YAM), 4 p.; 49. Filippo Zonta (ITA, GAS), 4 p.; 50. Pablo Galletta (ARG, YAM), 3 p.; 51. Adam Sterry (GBR, KTM), 3 p.; 52. Lionel Kerhoas (FRA, YAM), 3 p.; 53. Lorenzo Locurcio (VEN, KTM), 2 p.; 54. Ismaele Guarise (ITA, KTM), 2 p.; 55. Giuseppe Tropepe (ITA, HUS), 1 p.;\u00a056.\u00a0Sven Van der Mierden (NED, GAS), 1 p.; 57. Charles Lefrancois (FRA, HON), 1 p.; 58. Du\u0161an Drdaj (CZE, GAS), 1 p.; 59. Francisco Cabarcos (ARG, SUZ), 1 p.;<\/p>\n<div id=\"text-2\" class=\"widget widget_text\"><\/div>\n","protected":false},"excerpt":{"rendered":"<p>Jeremy Seewer a remport\u00e9 ce dimanche le 15\u00e8me GP de la saison mondiale de motocross. Le Suisse s&rsquo;impose dans la cat\u00e9gorie reine devant Tim Gajser, le leader du provisoire, et [&#8230;]<\/p>\n","protected":false},"author":932,"featured_media":118661,"comment_status":"open","ping_status":"closed","sticky":false,"template":"","format":"standard","meta":{"footnotes":""},"categories":[54,4,6,5,55,56,65],"tags":[947,568,780,175],"class_list":["post-119600","post","type-post","status-publish","format-standard","has-post-thumbnail","hentry","category-actualite","category-motocross","category-mx1mx2","category-news","category-news-actualite","category-resultats","category-slideshow","tag-motocross","tag-mxgp","tag-tim-gajser","tag-uddevalla"],"yoast_head":"<!-- This site is optimized with the Yoast SEO plugin v27.4 - https:\/\/yoast.com\/product\/yoast-seo-wordpress\/ -->\n<title>MXGP : Jeremy Seewer vainqueur en Su\u00e8de, Tim Gajser tout pr\u00e8s du titre - Motocross - Enduro - Supermoto | MotocrossMag<\/title>\n<meta name=\"robots\" content=\"index, follow, max-snippet:-1, max-image-preview:large, max-video-preview:-1\" \/>\n<link rel=\"canonical\" href=\"https:\/\/fr.motocrossmag.be\/index.php\/2022\/08\/mxgp-jeremy-seewer-vainqueur-en-suede-tim-gajser-tout-pres-du-titre\/\" \/>\n<meta property=\"og:locale\" content=\"fr_FR\" \/>\n<meta property=\"og:type\" content=\"article\" \/>\n<meta property=\"og:title\" content=\"MXGP : Jeremy Seewer vainqueur en Su\u00e8de, Tim Gajser tout pr\u00e8s du titre - Motocross - Enduro - Supermoto | MotocrossMag\" \/>\n<meta property=\"og:description\" content=\"Jeremy Seewer a remport\u00e9 ce dimanche le 15\u00e8me GP de la saison mondiale de motocross. Le Suisse s&rsquo;impose dans la cat\u00e9gorie reine devant Tim Gajser, le leader du provisoire, et [...]\" \/>\n<meta property=\"og:url\" content=\"https:\/\/fr.motocrossmag.be\/index.php\/2022\/08\/mxgp-jeremy-seewer-vainqueur-en-suede-tim-gajser-tout-pres-du-titre\/\" \/>\n<meta property=\"og:site_name\" content=\"Motocross - Enduro - Supermoto | MotocrossMag\" \/>\n<meta property=\"article:published_time\" content=\"2022-08-07T18:03:23+00:00\" \/>\n<meta property=\"og:image\" content=\"https:\/\/fr.motocrossmag.be\/wp-content\/uploads\/2022\/07\/SEEWER-SAT-MOTOCROSS-GP-13-CZ-2022.jpg\" \/>\n\t<meta property=\"og:image:width\" content=\"1000\" \/>\n\t<meta property=\"og:image:height\" content=\"666\" \/>\n\t<meta property=\"og:image:type\" content=\"image\/jpeg\" \/>\n<meta name=\"author\" content=\"oliviere\" \/>\n<meta name=\"twitter:card\" content=\"summary_large_image\" \/>\n<meta name=\"twitter:label1\" content=\"\u00c9crit par\" \/>\n\t<meta name=\"twitter:data1\" content=\"oliviere\" \/>\n\t<meta name=\"twitter:label2\" content=\"Dur\u00e9e de lecture estim\u00e9e\" \/>\n\t<meta name=\"twitter:data2\" content=\"5 minutes\" \/>\n<script type=\"application\/ld+json\" class=\"yoast-schema-graph\">{\"@context\":\"https:\\\/\\\/schema.org\",\"@graph\":[{\"@type\":\"Article\",\"@id\":\"https:\\\/\\\/fr.motocrossmag.be\\\/index.php\\\/2022\\\/08\\\/mxgp-jeremy-seewer-vainqueur-en-suede-tim-gajser-tout-pres-du-titre\\\/#article\",\"isPartOf\":{\"@id\":\"https:\\\/\\\/fr.motocrossmag.be\\\/index.php\\\/2022\\\/08\\\/mxgp-jeremy-seewer-vainqueur-en-suede-tim-gajser-tout-pres-du-titre\\\/\"},\"author\":{\"name\":\"oliviere\",\"@id\":\"https:\\\/\\\/fr.motocrossmag.be\\\/#\\\/schema\\\/person\\\/11b47143d9f755babca2c9110e03235c\"},\"headline\":\"MXGP : Jeremy Seewer vainqueur en Su\u00e8de, Tim Gajser tout pr\u00e8s du titre\",\"datePublished\":\"2022-08-07T18:03:23+00:00\",\"mainEntityOfPage\":{\"@id\":\"https:\\\/\\\/fr.motocrossmag.be\\\/index.php\\\/2022\\\/08\\\/mxgp-jeremy-seewer-vainqueur-en-suede-tim-gajser-tout-pres-du-titre\\\/\"},\"wordCount\":960,\"commentCount\":0,\"image\":{\"@id\":\"https:\\\/\\\/fr.motocrossmag.be\\\/index.php\\\/2022\\\/08\\\/mxgp-jeremy-seewer-vainqueur-en-suede-tim-gajser-tout-pres-du-titre\\\/#primaryimage\"},\"thumbnailUrl\":\"https:\\\/\\\/fr.motocrossmag.be\\\/wp-content\\\/uploads\\\/2022\\\/07\\\/SEEWER-SAT-MOTOCROSS-GP-13-CZ-2022.jpg\",\"keywords\":[\"Motocross\",\"MXGP\",\"tim gajser\",\"Uddevalla\"],\"articleSection\":[\"Actualit\u00e9\",\"Motocross\",\"Motocross MXGP\",\"News\",\"News\",\"R\u00e9sultats\",\"Slideshow\"],\"inLanguage\":\"fr-FR\",\"potentialAction\":[{\"@type\":\"CommentAction\",\"name\":\"Comment\",\"target\":[\"https:\\\/\\\/fr.motocrossmag.be\\\/index.php\\\/2022\\\/08\\\/mxgp-jeremy-seewer-vainqueur-en-suede-tim-gajser-tout-pres-du-titre\\\/#respond\"]}]},{\"@type\":\"WebPage\",\"@id\":\"https:\\\/\\\/fr.motocrossmag.be\\\/index.php\\\/2022\\\/08\\\/mxgp-jeremy-seewer-vainqueur-en-suede-tim-gajser-tout-pres-du-titre\\\/\",\"url\":\"https:\\\/\\\/fr.motocrossmag.be\\\/index.php\\\/2022\\\/08\\\/mxgp-jeremy-seewer-vainqueur-en-suede-tim-gajser-tout-pres-du-titre\\\/\",\"name\":\"MXGP : Jeremy Seewer vainqueur en Su\u00e8de, Tim Gajser tout pr\u00e8s du titre - Motocross - Enduro - Supermoto | MotocrossMag\",\"isPartOf\":{\"@id\":\"https:\\\/\\\/fr.motocrossmag.be\\\/#website\"},\"primaryImageOfPage\":{\"@id\":\"https:\\\/\\\/fr.motocrossmag.be\\\/index.php\\\/2022\\\/08\\\/mxgp-jeremy-seewer-vainqueur-en-suede-tim-gajser-tout-pres-du-titre\\\/#primaryimage\"},\"image\":{\"@id\":\"https:\\\/\\\/fr.motocrossmag.be\\\/index.php\\\/2022\\\/08\\\/mxgp-jeremy-seewer-vainqueur-en-suede-tim-gajser-tout-pres-du-titre\\\/#primaryimage\"},\"thumbnailUrl\":\"https:\\\/\\\/fr.motocrossmag.be\\\/wp-content\\\/uploads\\\/2022\\\/07\\\/SEEWER-SAT-MOTOCROSS-GP-13-CZ-2022.jpg\",\"datePublished\":\"2022-08-07T18:03:23+00:00\",\"author\":{\"@id\":\"https:\\\/\\\/fr.motocrossmag.be\\\/#\\\/schema\\\/person\\\/11b47143d9f755babca2c9110e03235c\"},\"breadcrumb\":{\"@id\":\"https:\\\/\\\/fr.motocrossmag.be\\\/index.php\\\/2022\\\/08\\\/mxgp-jeremy-seewer-vainqueur-en-suede-tim-gajser-tout-pres-du-titre\\\/#breadcrumb\"},\"inLanguage\":\"fr-FR\",\"potentialAction\":[{\"@type\":\"ReadAction\",\"target\":[\"https:\\\/\\\/fr.motocrossmag.be\\\/index.php\\\/2022\\\/08\\\/mxgp-jeremy-seewer-vainqueur-en-suede-tim-gajser-tout-pres-du-titre\\\/\"]}]},{\"@type\":\"ImageObject\",\"inLanguage\":\"fr-FR\",\"@id\":\"https:\\\/\\\/fr.motocrossmag.be\\\/index.php\\\/2022\\\/08\\\/mxgp-jeremy-seewer-vainqueur-en-suede-tim-gajser-tout-pres-du-titre\\\/#primaryimage\",\"url\":\"https:\\\/\\\/fr.motocrossmag.be\\\/wp-content\\\/uploads\\\/2022\\\/07\\\/SEEWER-SAT-MOTOCROSS-GP-13-CZ-2022.jpg\",\"contentUrl\":\"https:\\\/\\\/fr.motocrossmag.be\\\/wp-content\\\/uploads\\\/2022\\\/07\\\/SEEWER-SAT-MOTOCROSS-GP-13-CZ-2022.jpg\",\"width\":\"1000\",\"height\":\"666\"},{\"@type\":\"BreadcrumbList\",\"@id\":\"https:\\\/\\\/fr.motocrossmag.be\\\/index.php\\\/2022\\\/08\\\/mxgp-jeremy-seewer-vainqueur-en-suede-tim-gajser-tout-pres-du-titre\\\/#breadcrumb\",\"itemListElement\":[{\"@type\":\"ListItem\",\"position\":1,\"name\":\"Accueil\",\"item\":\"https:\\\/\\\/fr.motocrossmag.be\\\/\"},{\"@type\":\"ListItem\",\"position\":2,\"name\":\"MXGP : Jeremy Seewer vainqueur en Su\u00e8de, Tim Gajser tout pr\u00e8s du titre\"}]},{\"@type\":\"WebSite\",\"@id\":\"https:\\\/\\\/fr.motocrossmag.be\\\/#website\",\"url\":\"https:\\\/\\\/fr.motocrossmag.be\\\/\",\"name\":\"Motocross - Enduro - Supermoto | MotocrossMag\",\"description\":\"L&#039;actualit\u00e9 du motocross, de l&#039;enduro et du Supermoto en ligne!\",\"potentialAction\":[{\"@type\":\"SearchAction\",\"target\":{\"@type\":\"EntryPoint\",\"urlTemplate\":\"https:\\\/\\\/fr.motocrossmag.be\\\/?s={search_term_string}\"},\"query-input\":{\"@type\":\"PropertyValueSpecification\",\"valueRequired\":true,\"valueName\":\"search_term_string\"}}],\"inLanguage\":\"fr-FR\"},{\"@type\":\"Person\",\"@id\":\"https:\\\/\\\/fr.motocrossmag.be\\\/#\\\/schema\\\/person\\\/11b47143d9f755babca2c9110e03235c\",\"name\":\"oliviere\",\"image\":{\"@type\":\"ImageObject\",\"inLanguage\":\"fr-FR\",\"@id\":\"https:\\\/\\\/secure.gravatar.com\\\/avatar\\\/907069e0b81d119452040469e4a7501da1100f54f7f80180ce77bfab718288f6?s=96&d=mm&r=g\",\"url\":\"https:\\\/\\\/secure.gravatar.com\\\/avatar\\\/907069e0b81d119452040469e4a7501da1100f54f7f80180ce77bfab718288f6?s=96&d=mm&r=g\",\"contentUrl\":\"https:\\\/\\\/secure.gravatar.com\\\/avatar\\\/907069e0b81d119452040469e4a7501da1100f54f7f80180ce77bfab718288f6?s=96&d=mm&r=g\",\"caption\":\"oliviere\"},\"sameAs\":[\"http:\\\/\\\/www.motocrossmag.be\"],\"url\":\"https:\\\/\\\/fr.motocrossmag.be\\\/index.php\\\/author\\\/oliviere\\\/\"}]}<\/script>\n<!-- \/ Yoast SEO plugin. -->","yoast_head_json":{"title":"MXGP : Jeremy Seewer vainqueur en Su\u00e8de, Tim Gajser tout pr\u00e8s du titre - Motocross - Enduro - Supermoto | MotocrossMag","robots":{"index":"index","follow":"follow","max-snippet":"max-snippet:-1","max-image-preview":"max-image-preview:large","max-video-preview":"max-video-preview:-1"},"canonical":"https:\/\/fr.motocrossmag.be\/index.php\/2022\/08\/mxgp-jeremy-seewer-vainqueur-en-suede-tim-gajser-tout-pres-du-titre\/","og_locale":"fr_FR","og_type":"article","og_title":"MXGP : Jeremy Seewer vainqueur en Su\u00e8de, Tim Gajser tout pr\u00e8s du titre - Motocross - Enduro - Supermoto | MotocrossMag","og_description":"Jeremy Seewer a remport\u00e9 ce dimanche le 15\u00e8me GP de la saison mondiale de motocross. Le Suisse s&rsquo;impose dans la cat\u00e9gorie reine devant Tim Gajser, le leader du provisoire, et [...]","og_url":"https:\/\/fr.motocrossmag.be\/index.php\/2022\/08\/mxgp-jeremy-seewer-vainqueur-en-suede-tim-gajser-tout-pres-du-titre\/","og_site_name":"Motocross - Enduro - Supermoto | MotocrossMag","article_published_time":"2022-08-07T18:03:23+00:00","og_image":[{"width":1000,"height":666,"url":"https:\/\/fr.motocrossmag.be\/wp-content\/uploads\/2022\/07\/SEEWER-SAT-MOTOCROSS-GP-13-CZ-2022.jpg","type":"image\/jpeg"}],"author":"oliviere","twitter_card":"summary_large_image","twitter_misc":{"\u00c9crit par":"oliviere","Dur\u00e9e de lecture estim\u00e9e":"5 minutes"},"schema":{"@context":"https:\/\/schema.org","@graph":[{"@type":"Article","@id":"https:\/\/fr.motocrossmag.be\/index.php\/2022\/08\/mxgp-jeremy-seewer-vainqueur-en-suede-tim-gajser-tout-pres-du-titre\/#article","isPartOf":{"@id":"https:\/\/fr.motocrossmag.be\/index.php\/2022\/08\/mxgp-jeremy-seewer-vainqueur-en-suede-tim-gajser-tout-pres-du-titre\/"},"author":{"name":"oliviere","@id":"https:\/\/fr.motocrossmag.be\/#\/schema\/person\/11b47143d9f755babca2c9110e03235c"},"headline":"MXGP : Jeremy Seewer vainqueur en Su\u00e8de, Tim Gajser tout pr\u00e8s du titre","datePublished":"2022-08-07T18:03:23+00:00","mainEntityOfPage":{"@id":"https:\/\/fr.motocrossmag.be\/index.php\/2022\/08\/mxgp-jeremy-seewer-vainqueur-en-suede-tim-gajser-tout-pres-du-titre\/"},"wordCount":960,"commentCount":0,"image":{"@id":"https:\/\/fr.motocrossmag.be\/index.php\/2022\/08\/mxgp-jeremy-seewer-vainqueur-en-suede-tim-gajser-tout-pres-du-titre\/#primaryimage"},"thumbnailUrl":"https:\/\/fr.motocrossmag.be\/wp-content\/uploads\/2022\/07\/SEEWER-SAT-MOTOCROSS-GP-13-CZ-2022.jpg","keywords":["Motocross","MXGP","tim gajser","Uddevalla"],"articleSection":["Actualit\u00e9","Motocross","Motocross MXGP","News","News","R\u00e9sultats","Slideshow"],"inLanguage":"fr-FR","potentialAction":[{"@type":"CommentAction","name":"Comment","target":["https:\/\/fr.motocrossmag.be\/index.php\/2022\/08\/mxgp-jeremy-seewer-vainqueur-en-suede-tim-gajser-tout-pres-du-titre\/#respond"]}]},{"@type":"WebPage","@id":"https:\/\/fr.motocrossmag.be\/index.php\/2022\/08\/mxgp-jeremy-seewer-vainqueur-en-suede-tim-gajser-tout-pres-du-titre\/","url":"https:\/\/fr.motocrossmag.be\/index.php\/2022\/08\/mxgp-jeremy-seewer-vainqueur-en-suede-tim-gajser-tout-pres-du-titre\/","name":"MXGP : Jeremy Seewer vainqueur en Su\u00e8de, Tim Gajser tout pr\u00e8s du titre - Motocross - Enduro - Supermoto | MotocrossMag","isPartOf":{"@id":"https:\/\/fr.motocrossmag.be\/#website"},"primaryImageOfPage":{"@id":"https:\/\/fr.motocrossmag.be\/index.php\/2022\/08\/mxgp-jeremy-seewer-vainqueur-en-suede-tim-gajser-tout-pres-du-titre\/#primaryimage"},"image":{"@id":"https:\/\/fr.motocrossmag.be\/index.php\/2022\/08\/mxgp-jeremy-seewer-vainqueur-en-suede-tim-gajser-tout-pres-du-titre\/#primaryimage"},"thumbnailUrl":"https:\/\/fr.motocrossmag.be\/wp-content\/uploads\/2022\/07\/SEEWER-SAT-MOTOCROSS-GP-13-CZ-2022.jpg","datePublished":"2022-08-07T18:03:23+00:00","author":{"@id":"https:\/\/fr.motocrossmag.be\/#\/schema\/person\/11b47143d9f755babca2c9110e03235c"},"breadcrumb":{"@id":"https:\/\/fr.motocrossmag.be\/index.php\/2022\/08\/mxgp-jeremy-seewer-vainqueur-en-suede-tim-gajser-tout-pres-du-titre\/#breadcrumb"},"inLanguage":"fr-FR","potentialAction":[{"@type":"ReadAction","target":["https:\/\/fr.motocrossmag.be\/index.php\/2022\/08\/mxgp-jeremy-seewer-vainqueur-en-suede-tim-gajser-tout-pres-du-titre\/"]}]},{"@type":"ImageObject","inLanguage":"fr-FR","@id":"https:\/\/fr.motocrossmag.be\/index.php\/2022\/08\/mxgp-jeremy-seewer-vainqueur-en-suede-tim-gajser-tout-pres-du-titre\/#primaryimage","url":"https:\/\/fr.motocrossmag.be\/wp-content\/uploads\/2022\/07\/SEEWER-SAT-MOTOCROSS-GP-13-CZ-2022.jpg","contentUrl":"https:\/\/fr.motocrossmag.be\/wp-content\/uploads\/2022\/07\/SEEWER-SAT-MOTOCROSS-GP-13-CZ-2022.jpg","width":"1000","height":"666"},{"@type":"BreadcrumbList","@id":"https:\/\/fr.motocrossmag.be\/index.php\/2022\/08\/mxgp-jeremy-seewer-vainqueur-en-suede-tim-gajser-tout-pres-du-titre\/#breadcrumb","itemListElement":[{"@type":"ListItem","position":1,"name":"Accueil","item":"https:\/\/fr.motocrossmag.be\/"},{"@type":"ListItem","position":2,"name":"MXGP : Jeremy Seewer vainqueur en Su\u00e8de, Tim Gajser tout pr\u00e8s du titre"}]},{"@type":"WebSite","@id":"https:\/\/fr.motocrossmag.be\/#website","url":"https:\/\/fr.motocrossmag.be\/","name":"Motocross - Enduro - Supermoto | MotocrossMag","description":"L&#039;actualit\u00e9 du motocross, de l&#039;enduro et du Supermoto en ligne!","potentialAction":[{"@type":"SearchAction","target":{"@type":"EntryPoint","urlTemplate":"https:\/\/fr.motocrossmag.be\/?s={search_term_string}"},"query-input":{"@type":"PropertyValueSpecification","valueRequired":true,"valueName":"search_term_string"}}],"inLanguage":"fr-FR"},{"@type":"Person","@id":"https:\/\/fr.motocrossmag.be\/#\/schema\/person\/11b47143d9f755babca2c9110e03235c","name":"oliviere","image":{"@type":"ImageObject","inLanguage":"fr-FR","@id":"https:\/\/secure.gravatar.com\/avatar\/907069e0b81d119452040469e4a7501da1100f54f7f80180ce77bfab718288f6?s=96&d=mm&r=g","url":"https:\/\/secure.gravatar.com\/avatar\/907069e0b81d119452040469e4a7501da1100f54f7f80180ce77bfab718288f6?s=96&d=mm&r=g","contentUrl":"https:\/\/secure.gravatar.com\/avatar\/907069e0b81d119452040469e4a7501da1100f54f7f80180ce77bfab718288f6?s=96&d=mm&r=g","caption":"oliviere"},"sameAs":["http:\/\/www.motocrossmag.be"],"url":"https:\/\/fr.motocrossmag.be\/index.php\/author\/oliviere\/"}]}},"_links":{"self":[{"href":"https:\/\/fr.motocrossmag.be\/index.php\/wp-json\/wp\/v2\/posts\/119600","targetHints":{"allow":["GET"]}}],"collection":[{"href":"https:\/\/fr.motocrossmag.be\/index.php\/wp-json\/wp\/v2\/posts"}],"about":[{"href":"https:\/\/fr.motocrossmag.be\/index.php\/wp-json\/wp\/v2\/types\/post"}],"author":[{"embeddable":true,"href":"https:\/\/fr.motocrossmag.be\/index.php\/wp-json\/wp\/v2\/users\/932"}],"replies":[{"embeddable":true,"href":"https:\/\/fr.motocrossmag.be\/index.php\/wp-json\/wp\/v2\/comments?post=119600"}],"version-history":[{"count":0,"href":"https:\/\/fr.motocrossmag.be\/index.php\/wp-json\/wp\/v2\/posts\/119600\/revisions"}],"wp:featuredmedia":[{"embeddable":true,"href":"https:\/\/fr.motocrossmag.be\/index.php\/wp-json\/wp\/v2\/media\/118661"}],"wp:attachment":[{"href":"https:\/\/fr.motocrossmag.be\/index.php\/wp-json\/wp\/v2\/media?parent=119600"}],"wp:term":[{"taxonomy":"category","embeddable":true,"href":"https:\/\/fr.motocrossmag.be\/index.php\/wp-json\/wp\/v2\/categories?post=119600"},{"taxonomy":"post_tag","embeddable":true,"href":"https:\/\/fr.motocrossmag.be\/index.php\/wp-json\/wp\/v2\/tags?post=119600"}],"curies":[{"name":"wp","href":"https:\/\/api.w.org\/{rel}","templated":true}]}}