{"id":119616,"date":"2022-08-10T18:27:13","date_gmt":"2022-08-10T16:27:13","guid":{"rendered":"http:\/\/fr.motocrossmag.be\/?p=119616"},"modified":"2022-08-10T18:27:13","modified_gmt":"2022-08-10T16:27:13","slug":"stephen-rubini-en-450-avec-yves-demaria-et-honda-sr","status":"publish","type":"post","link":"https:\/\/fr.motocrossmag.be\/index.php\/2022\/08\/stephen-rubini-en-450-avec-yves-demaria-et-honda-sr\/","title":{"rendered":"Stephen Rubini en 450 avec Yves Demaria et Honda SR"},"content":{"rendered":"<p><strong>Le moment est venu de passer en 450 pour Stephen Rubini. Une \u00e9tape importante que le Fran\u00e7ais passera la saison prochaine avec Josse Sallefranque et Yves Demaria \u00e0 ses c\u00f4t\u00e9s. Il vient en effet de prolonger son contrat avec le team \u00ab\u00a0Ship to Cycle Honda SR Motoblouz\u00a0\u00bb.<\/strong><\/p>\n<p>Les objectifs de Rubini seront en priorit\u00e9 le championnat de France de motocross Elite et le championnat du monde MXGP.<\/p>\n<p>\u00ab\u00a0Passer en 450 est une \u00e9tape importante dans la carri\u00e8re d&rsquo;un pilote\u00a0\u00bb, explique Rubini, \u00ab\u00a0je voulais donc que cela se fasse dans les meilleures conditions. Je voulais vraiment continuer \u00e0 travailler avec Yves Demaria car j&rsquo;ai pu voir \u00e0 quel point j&rsquo;ai progress\u00e9 ces derniers temps gr\u00e2ce \u00e0 lui. Apr\u00e8s la belle saison que nous venons de passer ensemble, pouvoir continuer un an de plus avec Honda SR et Yves et certainement le meilleur sc\u00e9nario pour moi.\u00a0\u00bb<\/p>\n<p>\u00ab\u00a0Je suis heureux de continuer avec Stephen\u00a0\u00bb, encha\u00eene le team manager Josse Sallefranque. \u00ab\u00a0Il a montr\u00e9 de belles choses cette ann\u00e9e et a m\u00eame fait mieux qu&rsquo;esp\u00e9r\u00e9 en GP en pla\u00e7ant notre Honda dans le top-10. Pour la saison prochaine, j&rsquo;esp\u00e8re le voir se battre pour le titre Elite MX1. En MXGP, l&rsquo;id\u00e9e est de construire avec Yves un programme adapt\u00e9. Le niveau est tr\u00e8s haut et on voit beaucoup de jeunes pilotes tr\u00e8s rapides y acc\u00e9der sans obtenir n\u00e9cessairement les r\u00e9sultats attendus. On va donc prendre les choses \u00e9tape par \u00e9tape et adapter notre programme en fonction des r\u00e9sultats et de sa progression.\u00a0\u00bb<\/p>\n","protected":false},"excerpt":{"rendered":"<p>Le moment est venu de passer en 450 pour Stephen Rubini. Une \u00e9tape importante que le Fran\u00e7ais passera la saison prochaine avec Josse Sallefranque et Yves Demaria \u00e0 ses c\u00f4t\u00e9s. [&#8230;]<\/p>\n","protected":false},"author":932,"featured_media":119617,"comment_status":"open","ping_status":"closed","sticky":false,"template":"","format":"standard","meta":{"footnotes":""},"categories":[54,4,6,5,55,65],"tags":[947,568,1846,1934],"class_list":["post-119616","post","type-post","status-publish","format-standard","has-post-thumbnail","hentry","category-actualite","category-motocross","category-mx1mx2","category-news","category-news-actualite","category-slideshow","tag-motocross","tag-mxgp","tag-stephen-rubini","tag-yves-demaria"],"yoast_head":"<!-- This site is optimized with the Yoast SEO plugin v27.4 - https:\/\/yoast.com\/product\/yoast-seo-wordpress\/ -->\n<title>Stephen Rubini en 450 avec Yves Demaria et Honda SR - Motocross - Enduro - Supermoto | MotocrossMag<\/title>\n<meta name=\"robots\" content=\"index, follow, max-snippet:-1, max-image-preview:large, max-video-preview:-1\" \/>\n<link rel=\"canonical\" href=\"https:\/\/fr.motocrossmag.be\/index.php\/2022\/08\/stephen-rubini-en-450-avec-yves-demaria-et-honda-sr\/\" \/>\n<meta property=\"og:locale\" content=\"fr_FR\" \/>\n<meta property=\"og:type\" content=\"article\" \/>\n<meta property=\"og:title\" content=\"Stephen Rubini en 450 avec Yves Demaria et Honda SR - Motocross - Enduro - Supermoto | MotocrossMag\" \/>\n<meta property=\"og:description\" content=\"Le moment est venu de passer en 450 pour Stephen Rubini. Une \u00e9tape importante que le Fran\u00e7ais passera la saison prochaine avec Josse Sallefranque et Yves Demaria \u00e0 ses c\u00f4t\u00e9s. [...]\" \/>\n<meta property=\"og:url\" content=\"https:\/\/fr.motocrossmag.be\/index.php\/2022\/08\/stephen-rubini-en-450-avec-yves-demaria-et-honda-sr\/\" \/>\n<meta property=\"og:site_name\" content=\"Motocross - Enduro - Supermoto | MotocrossMag\" \/>\n<meta property=\"article:published_time\" content=\"2022-08-10T16:27:13+00:00\" \/>\n<meta property=\"og:image\" content=\"https:\/\/fr.motocrossmag.be\/wp-content\/uploads\/2022\/08\/51I0277.jpg\" \/>\n\t<meta property=\"og:image:width\" content=\"1000\" \/>\n\t<meta property=\"og:image:height\" content=\"666\" \/>\n\t<meta property=\"og:image:type\" content=\"image\/jpeg\" \/>\n<meta name=\"author\" content=\"oliviere\" \/>\n<meta name=\"twitter:card\" content=\"summary_large_image\" \/>\n<meta name=\"twitter:label1\" content=\"\u00c9crit par\" \/>\n\t<meta name=\"twitter:data1\" content=\"oliviere\" \/>\n\t<meta name=\"twitter:label2\" content=\"Dur\u00e9e de lecture estim\u00e9e\" \/>\n\t<meta name=\"twitter:data2\" content=\"1 minute\" \/>\n<script type=\"application\/ld+json\" class=\"yoast-schema-graph\">{\"@context\":\"https:\\\/\\\/schema.org\",\"@graph\":[{\"@type\":\"Article\",\"@id\":\"https:\\\/\\\/fr.motocrossmag.be\\\/index.php\\\/2022\\\/08\\\/stephen-rubini-en-450-avec-yves-demaria-et-honda-sr\\\/#article\",\"isPartOf\":{\"@id\":\"https:\\\/\\\/fr.motocrossmag.be\\\/index.php\\\/2022\\\/08\\\/stephen-rubini-en-450-avec-yves-demaria-et-honda-sr\\\/\"},\"author\":{\"name\":\"oliviere\",\"@id\":\"https:\\\/\\\/fr.motocrossmag.be\\\/#\\\/schema\\\/person\\\/11b47143d9f755babca2c9110e03235c\"},\"headline\":\"Stephen Rubini en 450 avec Yves Demaria et Honda SR\",\"datePublished\":\"2022-08-10T16:27:13+00:00\",\"mainEntityOfPage\":{\"@id\":\"https:\\\/\\\/fr.motocrossmag.be\\\/index.php\\\/2022\\\/08\\\/stephen-rubini-en-450-avec-yves-demaria-et-honda-sr\\\/\"},\"wordCount\":277,\"commentCount\":0,\"image\":{\"@id\":\"https:\\\/\\\/fr.motocrossmag.be\\\/index.php\\\/2022\\\/08\\\/stephen-rubini-en-450-avec-yves-demaria-et-honda-sr\\\/#primaryimage\"},\"thumbnailUrl\":\"https:\\\/\\\/fr.motocrossmag.be\\\/wp-content\\\/uploads\\\/2022\\\/08\\\/51I0277.jpg\",\"keywords\":[\"Motocross\",\"MXGP\",\"stephen rubini\",\"yves demaria\"],\"articleSection\":[\"Actualit\u00e9\",\"Motocross\",\"Motocross MXGP\",\"News\",\"News\",\"Slideshow\"],\"inLanguage\":\"fr-FR\",\"potentialAction\":[{\"@type\":\"CommentAction\",\"name\":\"Comment\",\"target\":[\"https:\\\/\\\/fr.motocrossmag.be\\\/index.php\\\/2022\\\/08\\\/stephen-rubini-en-450-avec-yves-demaria-et-honda-sr\\\/#respond\"]}]},{\"@type\":\"WebPage\",\"@id\":\"https:\\\/\\\/fr.motocrossmag.be\\\/index.php\\\/2022\\\/08\\\/stephen-rubini-en-450-avec-yves-demaria-et-honda-sr\\\/\",\"url\":\"https:\\\/\\\/fr.motocrossmag.be\\\/index.php\\\/2022\\\/08\\\/stephen-rubini-en-450-avec-yves-demaria-et-honda-sr\\\/\",\"name\":\"Stephen Rubini en 450 avec Yves Demaria et Honda SR - Motocross - Enduro - Supermoto | MotocrossMag\",\"isPartOf\":{\"@id\":\"https:\\\/\\\/fr.motocrossmag.be\\\/#website\"},\"primaryImageOfPage\":{\"@id\":\"https:\\\/\\\/fr.motocrossmag.be\\\/index.php\\\/2022\\\/08\\\/stephen-rubini-en-450-avec-yves-demaria-et-honda-sr\\\/#primaryimage\"},\"image\":{\"@id\":\"https:\\\/\\\/fr.motocrossmag.be\\\/index.php\\\/2022\\\/08\\\/stephen-rubini-en-450-avec-yves-demaria-et-honda-sr\\\/#primaryimage\"},\"thumbnailUrl\":\"https:\\\/\\\/fr.motocrossmag.be\\\/wp-content\\\/uploads\\\/2022\\\/08\\\/51I0277.jpg\",\"datePublished\":\"2022-08-10T16:27:13+00:00\",\"author\":{\"@id\":\"https:\\\/\\\/fr.motocrossmag.be\\\/#\\\/schema\\\/person\\\/11b47143d9f755babca2c9110e03235c\"},\"breadcrumb\":{\"@id\":\"https:\\\/\\\/fr.motocrossmag.be\\\/index.php\\\/2022\\\/08\\\/stephen-rubini-en-450-avec-yves-demaria-et-honda-sr\\\/#breadcrumb\"},\"inLanguage\":\"fr-FR\",\"potentialAction\":[{\"@type\":\"ReadAction\",\"target\":[\"https:\\\/\\\/fr.motocrossmag.be\\\/index.php\\\/2022\\\/08\\\/stephen-rubini-en-450-avec-yves-demaria-et-honda-sr\\\/\"]}]},{\"@type\":\"ImageObject\",\"inLanguage\":\"fr-FR\",\"@id\":\"https:\\\/\\\/fr.motocrossmag.be\\\/index.php\\\/2022\\\/08\\\/stephen-rubini-en-450-avec-yves-demaria-et-honda-sr\\\/#primaryimage\",\"url\":\"https:\\\/\\\/fr.motocrossmag.be\\\/wp-content\\\/uploads\\\/2022\\\/08\\\/51I0277.jpg\",\"contentUrl\":\"https:\\\/\\\/fr.motocrossmag.be\\\/wp-content\\\/uploads\\\/2022\\\/08\\\/51I0277.jpg\",\"width\":\"1000\",\"height\":\"666\"},{\"@type\":\"BreadcrumbList\",\"@id\":\"https:\\\/\\\/fr.motocrossmag.be\\\/index.php\\\/2022\\\/08\\\/stephen-rubini-en-450-avec-yves-demaria-et-honda-sr\\\/#breadcrumb\",\"itemListElement\":[{\"@type\":\"ListItem\",\"position\":1,\"name\":\"Accueil\",\"item\":\"https:\\\/\\\/fr.motocrossmag.be\\\/\"},{\"@type\":\"ListItem\",\"position\":2,\"name\":\"Stephen Rubini en 450 avec Yves Demaria et Honda SR\"}]},{\"@type\":\"WebSite\",\"@id\":\"https:\\\/\\\/fr.motocrossmag.be\\\/#website\",\"url\":\"https:\\\/\\\/fr.motocrossmag.be\\\/\",\"name\":\"Motocross - Enduro - Supermoto | MotocrossMag\",\"description\":\"L&#039;actualit\u00e9 du motocross, de l&#039;enduro et du Supermoto en ligne!\",\"potentialAction\":[{\"@type\":\"SearchAction\",\"target\":{\"@type\":\"EntryPoint\",\"urlTemplate\":\"https:\\\/\\\/fr.motocrossmag.be\\\/?s={search_term_string}\"},\"query-input\":{\"@type\":\"PropertyValueSpecification\",\"valueRequired\":true,\"valueName\":\"search_term_string\"}}],\"inLanguage\":\"fr-FR\"},{\"@type\":\"Person\",\"@id\":\"https:\\\/\\\/fr.motocrossmag.be\\\/#\\\/schema\\\/person\\\/11b47143d9f755babca2c9110e03235c\",\"name\":\"oliviere\",\"image\":{\"@type\":\"ImageObject\",\"inLanguage\":\"fr-FR\",\"@id\":\"https:\\\/\\\/secure.gravatar.com\\\/avatar\\\/907069e0b81d119452040469e4a7501da1100f54f7f80180ce77bfab718288f6?s=96&d=mm&r=g\",\"url\":\"https:\\\/\\\/secure.gravatar.com\\\/avatar\\\/907069e0b81d119452040469e4a7501da1100f54f7f80180ce77bfab718288f6?s=96&d=mm&r=g\",\"contentUrl\":\"https:\\\/\\\/secure.gravatar.com\\\/avatar\\\/907069e0b81d119452040469e4a7501da1100f54f7f80180ce77bfab718288f6?s=96&d=mm&r=g\",\"caption\":\"oliviere\"},\"sameAs\":[\"http:\\\/\\\/www.motocrossmag.be\"],\"url\":\"https:\\\/\\\/fr.motocrossmag.be\\\/index.php\\\/author\\\/oliviere\\\/\"}]}<\/script>\n<!-- \/ Yoast SEO plugin. -->","yoast_head_json":{"title":"Stephen Rubini en 450 avec Yves Demaria et Honda SR - Motocross - Enduro - Supermoto | MotocrossMag","robots":{"index":"index","follow":"follow","max-snippet":"max-snippet:-1","max-image-preview":"max-image-preview:large","max-video-preview":"max-video-preview:-1"},"canonical":"https:\/\/fr.motocrossmag.be\/index.php\/2022\/08\/stephen-rubini-en-450-avec-yves-demaria-et-honda-sr\/","og_locale":"fr_FR","og_type":"article","og_title":"Stephen Rubini en 450 avec Yves Demaria et Honda SR - Motocross - Enduro - Supermoto | MotocrossMag","og_description":"Le moment est venu de passer en 450 pour Stephen Rubini. Une \u00e9tape importante que le Fran\u00e7ais passera la saison prochaine avec Josse Sallefranque et Yves Demaria \u00e0 ses c\u00f4t\u00e9s. [...]","og_url":"https:\/\/fr.motocrossmag.be\/index.php\/2022\/08\/stephen-rubini-en-450-avec-yves-demaria-et-honda-sr\/","og_site_name":"Motocross - Enduro - Supermoto | MotocrossMag","article_published_time":"2022-08-10T16:27:13+00:00","og_image":[{"width":1000,"height":666,"url":"https:\/\/fr.motocrossmag.be\/wp-content\/uploads\/2022\/08\/51I0277.jpg","type":"image\/jpeg"}],"author":"oliviere","twitter_card":"summary_large_image","twitter_misc":{"\u00c9crit par":"oliviere","Dur\u00e9e de lecture estim\u00e9e":"1 minute"},"schema":{"@context":"https:\/\/schema.org","@graph":[{"@type":"Article","@id":"https:\/\/fr.motocrossmag.be\/index.php\/2022\/08\/stephen-rubini-en-450-avec-yves-demaria-et-honda-sr\/#article","isPartOf":{"@id":"https:\/\/fr.motocrossmag.be\/index.php\/2022\/08\/stephen-rubini-en-450-avec-yves-demaria-et-honda-sr\/"},"author":{"name":"oliviere","@id":"https:\/\/fr.motocrossmag.be\/#\/schema\/person\/11b47143d9f755babca2c9110e03235c"},"headline":"Stephen Rubini en 450 avec Yves Demaria et Honda SR","datePublished":"2022-08-10T16:27:13+00:00","mainEntityOfPage":{"@id":"https:\/\/fr.motocrossmag.be\/index.php\/2022\/08\/stephen-rubini-en-450-avec-yves-demaria-et-honda-sr\/"},"wordCount":277,"commentCount":0,"image":{"@id":"https:\/\/fr.motocrossmag.be\/index.php\/2022\/08\/stephen-rubini-en-450-avec-yves-demaria-et-honda-sr\/#primaryimage"},"thumbnailUrl":"https:\/\/fr.motocrossmag.be\/wp-content\/uploads\/2022\/08\/51I0277.jpg","keywords":["Motocross","MXGP","stephen rubini","yves demaria"],"articleSection":["Actualit\u00e9","Motocross","Motocross MXGP","News","News","Slideshow"],"inLanguage":"fr-FR","potentialAction":[{"@type":"CommentAction","name":"Comment","target":["https:\/\/fr.motocrossmag.be\/index.php\/2022\/08\/stephen-rubini-en-450-avec-yves-demaria-et-honda-sr\/#respond"]}]},{"@type":"WebPage","@id":"https:\/\/fr.motocrossmag.be\/index.php\/2022\/08\/stephen-rubini-en-450-avec-yves-demaria-et-honda-sr\/","url":"https:\/\/fr.motocrossmag.be\/index.php\/2022\/08\/stephen-rubini-en-450-avec-yves-demaria-et-honda-sr\/","name":"Stephen Rubini en 450 avec Yves Demaria et Honda SR - Motocross - Enduro - Supermoto | MotocrossMag","isPartOf":{"@id":"https:\/\/fr.motocrossmag.be\/#website"},"primaryImageOfPage":{"@id":"https:\/\/fr.motocrossmag.be\/index.php\/2022\/08\/stephen-rubini-en-450-avec-yves-demaria-et-honda-sr\/#primaryimage"},"image":{"@id":"https:\/\/fr.motocrossmag.be\/index.php\/2022\/08\/stephen-rubini-en-450-avec-yves-demaria-et-honda-sr\/#primaryimage"},"thumbnailUrl":"https:\/\/fr.motocrossmag.be\/wp-content\/uploads\/2022\/08\/51I0277.jpg","datePublished":"2022-08-10T16:27:13+00:00","author":{"@id":"https:\/\/fr.motocrossmag.be\/#\/schema\/person\/11b47143d9f755babca2c9110e03235c"},"breadcrumb":{"@id":"https:\/\/fr.motocrossmag.be\/index.php\/2022\/08\/stephen-rubini-en-450-avec-yves-demaria-et-honda-sr\/#breadcrumb"},"inLanguage":"fr-FR","potentialAction":[{"@type":"ReadAction","target":["https:\/\/fr.motocrossmag.be\/index.php\/2022\/08\/stephen-rubini-en-450-avec-yves-demaria-et-honda-sr\/"]}]},{"@type":"ImageObject","inLanguage":"fr-FR","@id":"https:\/\/fr.motocrossmag.be\/index.php\/2022\/08\/stephen-rubini-en-450-avec-yves-demaria-et-honda-sr\/#primaryimage","url":"https:\/\/fr.motocrossmag.be\/wp-content\/uploads\/2022\/08\/51I0277.jpg","contentUrl":"https:\/\/fr.motocrossmag.be\/wp-content\/uploads\/2022\/08\/51I0277.jpg","width":"1000","height":"666"},{"@type":"BreadcrumbList","@id":"https:\/\/fr.motocrossmag.be\/index.php\/2022\/08\/stephen-rubini-en-450-avec-yves-demaria-et-honda-sr\/#breadcrumb","itemListElement":[{"@type":"ListItem","position":1,"name":"Accueil","item":"https:\/\/fr.motocrossmag.be\/"},{"@type":"ListItem","position":2,"name":"Stephen Rubini en 450 avec Yves Demaria et Honda SR"}]},{"@type":"WebSite","@id":"https:\/\/fr.motocrossmag.be\/#website","url":"https:\/\/fr.motocrossmag.be\/","name":"Motocross - Enduro - Supermoto | MotocrossMag","description":"L&#039;actualit\u00e9 du motocross, de l&#039;enduro et du Supermoto en ligne!","potentialAction":[{"@type":"SearchAction","target":{"@type":"EntryPoint","urlTemplate":"https:\/\/fr.motocrossmag.be\/?s={search_term_string}"},"query-input":{"@type":"PropertyValueSpecification","valueRequired":true,"valueName":"search_term_string"}}],"inLanguage":"fr-FR"},{"@type":"Person","@id":"https:\/\/fr.motocrossmag.be\/#\/schema\/person\/11b47143d9f755babca2c9110e03235c","name":"oliviere","image":{"@type":"ImageObject","inLanguage":"fr-FR","@id":"https:\/\/secure.gravatar.com\/avatar\/907069e0b81d119452040469e4a7501da1100f54f7f80180ce77bfab718288f6?s=96&d=mm&r=g","url":"https:\/\/secure.gravatar.com\/avatar\/907069e0b81d119452040469e4a7501da1100f54f7f80180ce77bfab718288f6?s=96&d=mm&r=g","contentUrl":"https:\/\/secure.gravatar.com\/avatar\/907069e0b81d119452040469e4a7501da1100f54f7f80180ce77bfab718288f6?s=96&d=mm&r=g","caption":"oliviere"},"sameAs":["http:\/\/www.motocrossmag.be"],"url":"https:\/\/fr.motocrossmag.be\/index.php\/author\/oliviere\/"}]}},"_links":{"self":[{"href":"https:\/\/fr.motocrossmag.be\/index.php\/wp-json\/wp\/v2\/posts\/119616","targetHints":{"allow":["GET"]}}],"collection":[{"href":"https:\/\/fr.motocrossmag.be\/index.php\/wp-json\/wp\/v2\/posts"}],"about":[{"href":"https:\/\/fr.motocrossmag.be\/index.php\/wp-json\/wp\/v2\/types\/post"}],"author":[{"embeddable":true,"href":"https:\/\/fr.motocrossmag.be\/index.php\/wp-json\/wp\/v2\/users\/932"}],"replies":[{"embeddable":true,"href":"https:\/\/fr.motocrossmag.be\/index.php\/wp-json\/wp\/v2\/comments?post=119616"}],"version-history":[{"count":0,"href":"https:\/\/fr.motocrossmag.be\/index.php\/wp-json\/wp\/v2\/posts\/119616\/revisions"}],"wp:featuredmedia":[{"embeddable":true,"href":"https:\/\/fr.motocrossmag.be\/index.php\/wp-json\/wp\/v2\/media\/119617"}],"wp:attachment":[{"href":"https:\/\/fr.motocrossmag.be\/index.php\/wp-json\/wp\/v2\/media?parent=119616"}],"wp:term":[{"taxonomy":"category","embeddable":true,"href":"https:\/\/fr.motocrossmag.be\/index.php\/wp-json\/wp\/v2\/categories?post=119616"},{"taxonomy":"post_tag","embeddable":true,"href":"https:\/\/fr.motocrossmag.be\/index.php\/wp-json\/wp\/v2\/tags?post=119616"}],"curies":[{"name":"wp","href":"https:\/\/api.w.org\/{rel}","templated":true}]}}