{"id":119640,"date":"2022-08-11T18:51:02","date_gmt":"2022-08-11T16:51:02","guid":{"rendered":"http:\/\/fr.motocrossmag.be\/?p=119640"},"modified":"2022-08-11T18:51:02","modified_gmt":"2022-08-11T16:51:02","slug":"lotte-van-drunen-avec-fh-kawasaki-sur-le-mondial-feminin","status":"publish","type":"post","link":"https:\/\/fr.motocrossmag.be\/index.php\/2022\/08\/lotte-van-drunen-avec-fh-kawasaki-sur-le-mondial-feminin\/","title":{"rendered":"Lotte van Drunen avec F&#038;H Kawasaki sur le mondial f\u00e9minin"},"content":{"rendered":"<p><strong>Lotte van Drunen vient de f\u00eater cette semaine son 15\u00e8me anniversaire. Voil\u00e0 qui lui ouvre les portes du championnat du monde f\u00e9minin de motocross. La rapide hollandaise, qui a termin\u00e9 le championnat d&rsquo;Europe 85cc l&rsquo;ann\u00e9e pass\u00e9e et vient m\u00eame de signer un top-10 dans la cat\u00e9gorie EMX125 \u00e0 Lommel, s&rsquo;alignera sur la finale du championnat cette ann\u00e9e lors du GP de Turquie.<\/strong><\/p>\n<p>Une bonne mani\u00e8re de lancer sa pr\u00e9paration cet hiver en vue d&rsquo;une participation au championnat f\u00e9minin complet en 2023. Elle vient de signer avec le team F&amp;H Kawasaki pour la saison prochaine et rejoindra donc avant la fin de l&rsquo;ann\u00e9e la structure hollandaise o\u00f9 elle retrouvera Marc De Reuver, avec qui elle s&rsquo;entra\u00eene d\u00e9j\u00e0 depuis plusieurs semaines.<\/p>\n","protected":false},"excerpt":{"rendered":"<p>Lotte van Drunen vient de f\u00eater cette semaine son 15\u00e8me anniversaire. Voil\u00e0 qui lui ouvre les portes du championnat du monde f\u00e9minin de motocross. La rapide hollandaise, qui a termin\u00e9 [&#8230;]<\/p>\n","protected":false},"author":932,"featured_media":119641,"comment_status":"open","ping_status":"closed","sticky":false,"template":"","format":"standard","meta":{"footnotes":""},"categories":[54,4,5,55,65],"tags":[1849,947],"class_list":["post-119640","post","type-post","status-publish","format-standard","has-post-thumbnail","hentry","category-actualite","category-motocross","category-news","category-news-actualite","category-slideshow","tag-lotte-van-drunen","tag-motocross"],"yoast_head":"<!-- This site is optimized with the Yoast SEO plugin v27.4 - https:\/\/yoast.com\/product\/yoast-seo-wordpress\/ -->\n<title>Lotte van Drunen avec F&amp;H Kawasaki sur le mondial f\u00e9minin - Motocross - Enduro - Supermoto | MotocrossMag<\/title>\n<meta name=\"robots\" content=\"index, follow, max-snippet:-1, max-image-preview:large, max-video-preview:-1\" \/>\n<link rel=\"canonical\" href=\"https:\/\/fr.motocrossmag.be\/index.php\/2022\/08\/lotte-van-drunen-avec-fh-kawasaki-sur-le-mondial-feminin\/\" \/>\n<meta property=\"og:locale\" content=\"fr_FR\" \/>\n<meta property=\"og:type\" content=\"article\" \/>\n<meta property=\"og:title\" content=\"Lotte van Drunen avec F&amp;H Kawasaki sur le mondial f\u00e9minin - Motocross - Enduro - Supermoto | MotocrossMag\" \/>\n<meta property=\"og:description\" content=\"Lotte van Drunen vient de f\u00eater cette semaine son 15\u00e8me anniversaire. Voil\u00e0 qui lui ouvre les portes du championnat du monde f\u00e9minin de motocross. La rapide hollandaise, qui a termin\u00e9 [...]\" \/>\n<meta property=\"og:url\" content=\"https:\/\/fr.motocrossmag.be\/index.php\/2022\/08\/lotte-van-drunen-avec-fh-kawasaki-sur-le-mondial-feminin\/\" \/>\n<meta property=\"og:site_name\" content=\"Motocross - Enduro - Supermoto | MotocrossMag\" \/>\n<meta property=\"article:published_time\" content=\"2022-08-11T16:51:02+00:00\" \/>\n<meta property=\"og:image\" content=\"https:\/\/fr.motocrossmag.be\/wp-content\/uploads\/2022\/08\/th_VAN_DRUNEN_BAVO_6D20_001.jpg\" \/>\n\t<meta property=\"og:image:width\" content=\"540\" \/>\n\t<meta property=\"og:image:height\" content=\"378\" \/>\n\t<meta property=\"og:image:type\" content=\"image\/jpeg\" \/>\n<meta name=\"author\" content=\"oliviere\" \/>\n<meta name=\"twitter:card\" content=\"summary_large_image\" \/>\n<meta name=\"twitter:label1\" content=\"\u00c9crit par\" \/>\n\t<meta name=\"twitter:data1\" content=\"oliviere\" \/>\n\t<meta name=\"twitter:label2\" content=\"Dur\u00e9e de lecture estim\u00e9e\" \/>\n\t<meta name=\"twitter:data2\" content=\"1 minute\" \/>\n<script type=\"application\/ld+json\" class=\"yoast-schema-graph\">{\"@context\":\"https:\\\/\\\/schema.org\",\"@graph\":[{\"@type\":\"Article\",\"@id\":\"https:\\\/\\\/fr.motocrossmag.be\\\/index.php\\\/2022\\\/08\\\/lotte-van-drunen-avec-fh-kawasaki-sur-le-mondial-feminin\\\/#article\",\"isPartOf\":{\"@id\":\"https:\\\/\\\/fr.motocrossmag.be\\\/index.php\\\/2022\\\/08\\\/lotte-van-drunen-avec-fh-kawasaki-sur-le-mondial-feminin\\\/\"},\"author\":{\"name\":\"oliviere\",\"@id\":\"https:\\\/\\\/fr.motocrossmag.be\\\/#\\\/schema\\\/person\\\/11b47143d9f755babca2c9110e03235c\"},\"headline\":\"Lotte van Drunen avec F&#038;H Kawasaki sur le mondial f\u00e9minin\",\"datePublished\":\"2022-08-11T16:51:02+00:00\",\"mainEntityOfPage\":{\"@id\":\"https:\\\/\\\/fr.motocrossmag.be\\\/index.php\\\/2022\\\/08\\\/lotte-van-drunen-avec-fh-kawasaki-sur-le-mondial-feminin\\\/\"},\"wordCount\":150,\"commentCount\":0,\"image\":{\"@id\":\"https:\\\/\\\/fr.motocrossmag.be\\\/index.php\\\/2022\\\/08\\\/lotte-van-drunen-avec-fh-kawasaki-sur-le-mondial-feminin\\\/#primaryimage\"},\"thumbnailUrl\":\"https:\\\/\\\/fr.motocrossmag.be\\\/wp-content\\\/uploads\\\/2022\\\/08\\\/th_VAN_DRUNEN_BAVO_6D20_001.jpg\",\"keywords\":[\"lotte van drunen\",\"Motocross\"],\"articleSection\":[\"Actualit\u00e9\",\"Motocross\",\"News\",\"News\",\"Slideshow\"],\"inLanguage\":\"fr-FR\",\"potentialAction\":[{\"@type\":\"CommentAction\",\"name\":\"Comment\",\"target\":[\"https:\\\/\\\/fr.motocrossmag.be\\\/index.php\\\/2022\\\/08\\\/lotte-van-drunen-avec-fh-kawasaki-sur-le-mondial-feminin\\\/#respond\"]}]},{\"@type\":\"WebPage\",\"@id\":\"https:\\\/\\\/fr.motocrossmag.be\\\/index.php\\\/2022\\\/08\\\/lotte-van-drunen-avec-fh-kawasaki-sur-le-mondial-feminin\\\/\",\"url\":\"https:\\\/\\\/fr.motocrossmag.be\\\/index.php\\\/2022\\\/08\\\/lotte-van-drunen-avec-fh-kawasaki-sur-le-mondial-feminin\\\/\",\"name\":\"Lotte van Drunen avec F&H Kawasaki sur le mondial f\u00e9minin - Motocross - Enduro - Supermoto | MotocrossMag\",\"isPartOf\":{\"@id\":\"https:\\\/\\\/fr.motocrossmag.be\\\/#website\"},\"primaryImageOfPage\":{\"@id\":\"https:\\\/\\\/fr.motocrossmag.be\\\/index.php\\\/2022\\\/08\\\/lotte-van-drunen-avec-fh-kawasaki-sur-le-mondial-feminin\\\/#primaryimage\"},\"image\":{\"@id\":\"https:\\\/\\\/fr.motocrossmag.be\\\/index.php\\\/2022\\\/08\\\/lotte-van-drunen-avec-fh-kawasaki-sur-le-mondial-feminin\\\/#primaryimage\"},\"thumbnailUrl\":\"https:\\\/\\\/fr.motocrossmag.be\\\/wp-content\\\/uploads\\\/2022\\\/08\\\/th_VAN_DRUNEN_BAVO_6D20_001.jpg\",\"datePublished\":\"2022-08-11T16:51:02+00:00\",\"author\":{\"@id\":\"https:\\\/\\\/fr.motocrossmag.be\\\/#\\\/schema\\\/person\\\/11b47143d9f755babca2c9110e03235c\"},\"breadcrumb\":{\"@id\":\"https:\\\/\\\/fr.motocrossmag.be\\\/index.php\\\/2022\\\/08\\\/lotte-van-drunen-avec-fh-kawasaki-sur-le-mondial-feminin\\\/#breadcrumb\"},\"inLanguage\":\"fr-FR\",\"potentialAction\":[{\"@type\":\"ReadAction\",\"target\":[\"https:\\\/\\\/fr.motocrossmag.be\\\/index.php\\\/2022\\\/08\\\/lotte-van-drunen-avec-fh-kawasaki-sur-le-mondial-feminin\\\/\"]}]},{\"@type\":\"ImageObject\",\"inLanguage\":\"fr-FR\",\"@id\":\"https:\\\/\\\/fr.motocrossmag.be\\\/index.php\\\/2022\\\/08\\\/lotte-van-drunen-avec-fh-kawasaki-sur-le-mondial-feminin\\\/#primaryimage\",\"url\":\"https:\\\/\\\/fr.motocrossmag.be\\\/wp-content\\\/uploads\\\/2022\\\/08\\\/th_VAN_DRUNEN_BAVO_6D20_001.jpg\",\"contentUrl\":\"https:\\\/\\\/fr.motocrossmag.be\\\/wp-content\\\/uploads\\\/2022\\\/08\\\/th_VAN_DRUNEN_BAVO_6D20_001.jpg\",\"width\":\"540\",\"height\":\"378\"},{\"@type\":\"BreadcrumbList\",\"@id\":\"https:\\\/\\\/fr.motocrossmag.be\\\/index.php\\\/2022\\\/08\\\/lotte-van-drunen-avec-fh-kawasaki-sur-le-mondial-feminin\\\/#breadcrumb\",\"itemListElement\":[{\"@type\":\"ListItem\",\"position\":1,\"name\":\"Accueil\",\"item\":\"https:\\\/\\\/fr.motocrossmag.be\\\/\"},{\"@type\":\"ListItem\",\"position\":2,\"name\":\"Lotte van Drunen avec F&#038;H Kawasaki sur le mondial f\u00e9minin\"}]},{\"@type\":\"WebSite\",\"@id\":\"https:\\\/\\\/fr.motocrossmag.be\\\/#website\",\"url\":\"https:\\\/\\\/fr.motocrossmag.be\\\/\",\"name\":\"Motocross - Enduro - Supermoto | MotocrossMag\",\"description\":\"L&#039;actualit\u00e9 du motocross, de l&#039;enduro et du Supermoto en ligne!\",\"potentialAction\":[{\"@type\":\"SearchAction\",\"target\":{\"@type\":\"EntryPoint\",\"urlTemplate\":\"https:\\\/\\\/fr.motocrossmag.be\\\/?s={search_term_string}\"},\"query-input\":{\"@type\":\"PropertyValueSpecification\",\"valueRequired\":true,\"valueName\":\"search_term_string\"}}],\"inLanguage\":\"fr-FR\"},{\"@type\":\"Person\",\"@id\":\"https:\\\/\\\/fr.motocrossmag.be\\\/#\\\/schema\\\/person\\\/11b47143d9f755babca2c9110e03235c\",\"name\":\"oliviere\",\"image\":{\"@type\":\"ImageObject\",\"inLanguage\":\"fr-FR\",\"@id\":\"https:\\\/\\\/secure.gravatar.com\\\/avatar\\\/907069e0b81d119452040469e4a7501da1100f54f7f80180ce77bfab718288f6?s=96&d=mm&r=g\",\"url\":\"https:\\\/\\\/secure.gravatar.com\\\/avatar\\\/907069e0b81d119452040469e4a7501da1100f54f7f80180ce77bfab718288f6?s=96&d=mm&r=g\",\"contentUrl\":\"https:\\\/\\\/secure.gravatar.com\\\/avatar\\\/907069e0b81d119452040469e4a7501da1100f54f7f80180ce77bfab718288f6?s=96&d=mm&r=g\",\"caption\":\"oliviere\"},\"sameAs\":[\"http:\\\/\\\/www.motocrossmag.be\"],\"url\":\"https:\\\/\\\/fr.motocrossmag.be\\\/index.php\\\/author\\\/oliviere\\\/\"}]}<\/script>\n<!-- \/ Yoast SEO plugin. -->","yoast_head_json":{"title":"Lotte van Drunen avec F&H Kawasaki sur le mondial f\u00e9minin - Motocross - Enduro - Supermoto | MotocrossMag","robots":{"index":"index","follow":"follow","max-snippet":"max-snippet:-1","max-image-preview":"max-image-preview:large","max-video-preview":"max-video-preview:-1"},"canonical":"https:\/\/fr.motocrossmag.be\/index.php\/2022\/08\/lotte-van-drunen-avec-fh-kawasaki-sur-le-mondial-feminin\/","og_locale":"fr_FR","og_type":"article","og_title":"Lotte van Drunen avec F&H Kawasaki sur le mondial f\u00e9minin - Motocross - Enduro - Supermoto | MotocrossMag","og_description":"Lotte van Drunen vient de f\u00eater cette semaine son 15\u00e8me anniversaire. Voil\u00e0 qui lui ouvre les portes du championnat du monde f\u00e9minin de motocross. La rapide hollandaise, qui a termin\u00e9 [...]","og_url":"https:\/\/fr.motocrossmag.be\/index.php\/2022\/08\/lotte-van-drunen-avec-fh-kawasaki-sur-le-mondial-feminin\/","og_site_name":"Motocross - Enduro - Supermoto | MotocrossMag","article_published_time":"2022-08-11T16:51:02+00:00","og_image":[{"width":540,"height":378,"url":"https:\/\/fr.motocrossmag.be\/wp-content\/uploads\/2022\/08\/th_VAN_DRUNEN_BAVO_6D20_001.jpg","type":"image\/jpeg"}],"author":"oliviere","twitter_card":"summary_large_image","twitter_misc":{"\u00c9crit par":"oliviere","Dur\u00e9e de lecture estim\u00e9e":"1 minute"},"schema":{"@context":"https:\/\/schema.org","@graph":[{"@type":"Article","@id":"https:\/\/fr.motocrossmag.be\/index.php\/2022\/08\/lotte-van-drunen-avec-fh-kawasaki-sur-le-mondial-feminin\/#article","isPartOf":{"@id":"https:\/\/fr.motocrossmag.be\/index.php\/2022\/08\/lotte-van-drunen-avec-fh-kawasaki-sur-le-mondial-feminin\/"},"author":{"name":"oliviere","@id":"https:\/\/fr.motocrossmag.be\/#\/schema\/person\/11b47143d9f755babca2c9110e03235c"},"headline":"Lotte van Drunen avec F&#038;H Kawasaki sur le mondial f\u00e9minin","datePublished":"2022-08-11T16:51:02+00:00","mainEntityOfPage":{"@id":"https:\/\/fr.motocrossmag.be\/index.php\/2022\/08\/lotte-van-drunen-avec-fh-kawasaki-sur-le-mondial-feminin\/"},"wordCount":150,"commentCount":0,"image":{"@id":"https:\/\/fr.motocrossmag.be\/index.php\/2022\/08\/lotte-van-drunen-avec-fh-kawasaki-sur-le-mondial-feminin\/#primaryimage"},"thumbnailUrl":"https:\/\/fr.motocrossmag.be\/wp-content\/uploads\/2022\/08\/th_VAN_DRUNEN_BAVO_6D20_001.jpg","keywords":["lotte van drunen","Motocross"],"articleSection":["Actualit\u00e9","Motocross","News","News","Slideshow"],"inLanguage":"fr-FR","potentialAction":[{"@type":"CommentAction","name":"Comment","target":["https:\/\/fr.motocrossmag.be\/index.php\/2022\/08\/lotte-van-drunen-avec-fh-kawasaki-sur-le-mondial-feminin\/#respond"]}]},{"@type":"WebPage","@id":"https:\/\/fr.motocrossmag.be\/index.php\/2022\/08\/lotte-van-drunen-avec-fh-kawasaki-sur-le-mondial-feminin\/","url":"https:\/\/fr.motocrossmag.be\/index.php\/2022\/08\/lotte-van-drunen-avec-fh-kawasaki-sur-le-mondial-feminin\/","name":"Lotte van Drunen avec F&H Kawasaki sur le mondial f\u00e9minin - Motocross - Enduro - Supermoto | MotocrossMag","isPartOf":{"@id":"https:\/\/fr.motocrossmag.be\/#website"},"primaryImageOfPage":{"@id":"https:\/\/fr.motocrossmag.be\/index.php\/2022\/08\/lotte-van-drunen-avec-fh-kawasaki-sur-le-mondial-feminin\/#primaryimage"},"image":{"@id":"https:\/\/fr.motocrossmag.be\/index.php\/2022\/08\/lotte-van-drunen-avec-fh-kawasaki-sur-le-mondial-feminin\/#primaryimage"},"thumbnailUrl":"https:\/\/fr.motocrossmag.be\/wp-content\/uploads\/2022\/08\/th_VAN_DRUNEN_BAVO_6D20_001.jpg","datePublished":"2022-08-11T16:51:02+00:00","author":{"@id":"https:\/\/fr.motocrossmag.be\/#\/schema\/person\/11b47143d9f755babca2c9110e03235c"},"breadcrumb":{"@id":"https:\/\/fr.motocrossmag.be\/index.php\/2022\/08\/lotte-van-drunen-avec-fh-kawasaki-sur-le-mondial-feminin\/#breadcrumb"},"inLanguage":"fr-FR","potentialAction":[{"@type":"ReadAction","target":["https:\/\/fr.motocrossmag.be\/index.php\/2022\/08\/lotte-van-drunen-avec-fh-kawasaki-sur-le-mondial-feminin\/"]}]},{"@type":"ImageObject","inLanguage":"fr-FR","@id":"https:\/\/fr.motocrossmag.be\/index.php\/2022\/08\/lotte-van-drunen-avec-fh-kawasaki-sur-le-mondial-feminin\/#primaryimage","url":"https:\/\/fr.motocrossmag.be\/wp-content\/uploads\/2022\/08\/th_VAN_DRUNEN_BAVO_6D20_001.jpg","contentUrl":"https:\/\/fr.motocrossmag.be\/wp-content\/uploads\/2022\/08\/th_VAN_DRUNEN_BAVO_6D20_001.jpg","width":"540","height":"378"},{"@type":"BreadcrumbList","@id":"https:\/\/fr.motocrossmag.be\/index.php\/2022\/08\/lotte-van-drunen-avec-fh-kawasaki-sur-le-mondial-feminin\/#breadcrumb","itemListElement":[{"@type":"ListItem","position":1,"name":"Accueil","item":"https:\/\/fr.motocrossmag.be\/"},{"@type":"ListItem","position":2,"name":"Lotte van Drunen avec F&#038;H Kawasaki sur le mondial f\u00e9minin"}]},{"@type":"WebSite","@id":"https:\/\/fr.motocrossmag.be\/#website","url":"https:\/\/fr.motocrossmag.be\/","name":"Motocross - Enduro - Supermoto | MotocrossMag","description":"L&#039;actualit\u00e9 du motocross, de l&#039;enduro et du Supermoto en ligne!","potentialAction":[{"@type":"SearchAction","target":{"@type":"EntryPoint","urlTemplate":"https:\/\/fr.motocrossmag.be\/?s={search_term_string}"},"query-input":{"@type":"PropertyValueSpecification","valueRequired":true,"valueName":"search_term_string"}}],"inLanguage":"fr-FR"},{"@type":"Person","@id":"https:\/\/fr.motocrossmag.be\/#\/schema\/person\/11b47143d9f755babca2c9110e03235c","name":"oliviere","image":{"@type":"ImageObject","inLanguage":"fr-FR","@id":"https:\/\/secure.gravatar.com\/avatar\/907069e0b81d119452040469e4a7501da1100f54f7f80180ce77bfab718288f6?s=96&d=mm&r=g","url":"https:\/\/secure.gravatar.com\/avatar\/907069e0b81d119452040469e4a7501da1100f54f7f80180ce77bfab718288f6?s=96&d=mm&r=g","contentUrl":"https:\/\/secure.gravatar.com\/avatar\/907069e0b81d119452040469e4a7501da1100f54f7f80180ce77bfab718288f6?s=96&d=mm&r=g","caption":"oliviere"},"sameAs":["http:\/\/www.motocrossmag.be"],"url":"https:\/\/fr.motocrossmag.be\/index.php\/author\/oliviere\/"}]}},"_links":{"self":[{"href":"https:\/\/fr.motocrossmag.be\/index.php\/wp-json\/wp\/v2\/posts\/119640","targetHints":{"allow":["GET"]}}],"collection":[{"href":"https:\/\/fr.motocrossmag.be\/index.php\/wp-json\/wp\/v2\/posts"}],"about":[{"href":"https:\/\/fr.motocrossmag.be\/index.php\/wp-json\/wp\/v2\/types\/post"}],"author":[{"embeddable":true,"href":"https:\/\/fr.motocrossmag.be\/index.php\/wp-json\/wp\/v2\/users\/932"}],"replies":[{"embeddable":true,"href":"https:\/\/fr.motocrossmag.be\/index.php\/wp-json\/wp\/v2\/comments?post=119640"}],"version-history":[{"count":0,"href":"https:\/\/fr.motocrossmag.be\/index.php\/wp-json\/wp\/v2\/posts\/119640\/revisions"}],"wp:featuredmedia":[{"embeddable":true,"href":"https:\/\/fr.motocrossmag.be\/index.php\/wp-json\/wp\/v2\/media\/119641"}],"wp:attachment":[{"href":"https:\/\/fr.motocrossmag.be\/index.php\/wp-json\/wp\/v2\/media?parent=119640"}],"wp:term":[{"taxonomy":"category","embeddable":true,"href":"https:\/\/fr.motocrossmag.be\/index.php\/wp-json\/wp\/v2\/categories?post=119640"},{"taxonomy":"post_tag","embeddable":true,"href":"https:\/\/fr.motocrossmag.be\/index.php\/wp-json\/wp\/v2\/tags?post=119640"}],"curies":[{"name":"wp","href":"https:\/\/api.w.org\/{rel}","templated":true}]}}