{"id":119653,"date":"2022-08-13T17:41:14","date_gmt":"2022-08-13T15:41:14","guid":{"rendered":"http:\/\/fr.motocrossmag.be\/?p=119653"},"modified":"2022-08-13T17:41:14","modified_gmt":"2022-08-13T15:41:14","slug":"mxgp-en-finlande-jago-geerts-et-romain-febvre-en-pole","status":"publish","type":"post","link":"https:\/\/fr.motocrossmag.be\/index.php\/2022\/08\/mxgp-en-finlande-jago-geerts-et-romain-febvre-en-pole\/","title":{"rendered":"MXGP en Finlande : Jago Geerts et Romain Febvre en pole"},"content":{"rendered":"<p><strong>Le championnat MXGP entre dans son ant\u00e9p\u00e9nulti\u00e8me round ce week-end en Finlande. Sur la piste sablonneuse de Hyvinkaa, l&rsquo;\u00e9preuve finlandaise a plut\u00f4t bien commenc\u00e9 pour Romain Febvre et Jago Geerts, vainqueurs respectivement des manches qualificatives MXGP et MX2 ce samedi apr\u00e8s-midi.<\/strong><\/p>\n<p>En MX2, Jago Geerts a men\u00e9 de bout en bout. D&rsquo;abord devant Mikkel Haarup puis devant Roan Van De Moosdijk. Geerts s&rsquo;impose largement devant le Hollandais et entrera donc demain dimanche en premier sur la grille de d\u00e9part du 16\u00e8me GP de la saison, \u00e0 nouveau crucial dans le duel qui l&rsquo;oppose \u00e0 Tom Vialle, seulement neuvi\u00e8me ce samedi apr\u00e8s un mauvais d\u00e9part, dans la course au titre mondial MX2. Vingt-trois points s\u00e9parent les deux hommes au moment d&rsquo;entrer dans les 3 derniers GP de la saison.<\/p>\n<p>Romain Febvre a lui aussi men\u00e9 de bout en bout la manche qualif MXGP ce samedi. Le pilote Kawasaki signe sa premi\u00e8re pole de la saison devant Brian Bogers, le Hollandais s&rsquo;\u00e9tant install\u00e9 en seconde position peu apr\u00e8s la mi-course. Coldenhoff, Seewer et Prado compl\u00e8tent le top-5 juste devant les Honda HRC de Tim Gajser et Mitch Evans. Parti onzi\u00e8me, Brent Van Doninck prend une belle 8\u00e8me place devant Maxime Renaux.<\/p>\n<p>Disposant en arrivant en Finlande d&rsquo;un confortable matelas de 115 points d&rsquo;avance sur Jeremy Seewer au classement provisoire, il suffira \u00e0 Tim Gajser d&rsquo;en conserver 100 demain soir pour coiffer une cinqui\u00e8me couronne mondiale, la quatri\u00e8me en MXGP. Autant dire que, sauf incident, le Slov\u00e8ne sera sacr\u00e9 d\u00e8s demain, soit deux rounds avant le terme du championnat.<\/p>\n<p>Photo : Pascal Haudiquert<\/p>\n<p>&nbsp;<\/p>\n<p><span style=\"color: #800000;\"><strong>R\u00e9sultats<\/strong><\/span><\/p>\n<p>MX2<\/p>\n<p><strong>1. Jago Geerts (BEL, Yamaha), 24:07.819<\/strong>; 2. Roan Van De Moosdijk (NED, Husqvarna), +0:22.410; 3. Mikkel Haarup (DEN, Kawasaki), +0:31.550; 4. Simon Laengenfelder (GER, GASGAS), +0:38.184; 5. Thibault Benistant (FRA, Yamaha), +0:38.775; 6. Kay de Wolf (NED, Husqvarna), +0:45.083; <strong>7. Liam Everts (BEL, KTM), +0:46.346<\/strong>; 8. Tom Guyon (FRA, KTM), +0:49.677; 9. Tom Vialle (FRA, KTM), +0:52.739; 10. Jan Pancar (SLO, KTM), +1:19.842; 11. Joel Rizzi (GBR, Yamaha), +1:22.499; 12. Stephen Rubini (FRA, Honda), +1:23.071; 13. Kjell Verbruggen (NED, Kawasaki), +1:28.841; 14. Jakub Teresak (CZE, KTM), +1:34.307; 15. Kimi Koskinen (FIN, GASGAS), +1:36.766; 16. Marcel Stauffer (AUT, KTM), +1:46.254; 17. Leopold Ambj\u00f6rnson (SWE, Husqvarna), +1:57.363; 18. Kay Karssemakers (NED, KTM), -1 lap(s); 19. Andrea Adamo (ITA, GASGAS), -1 lap(s); 20. Kevin Horgmo (NOR, Kawasaki), -5 lap(s); 21. Filip Olsson (SWE, Husqvarna), -11 lap(s); 22. Bobby Bruce (GBR, GASGAS), -12 lap(s); 23. Albin Gerhardsson (SWE, Husqvarna), -12 lap(s);<\/p>\n<p>MXGP<\/p>\n<p>1. Romain Febvre (FRA, Kawasaki), 24:13.493; 2. Brian Bogers (NED, Husqvarna), +0:09.865; 3. Glenn Coldenhoff (NED, Yamaha), +0:16.224; 4. Jeremy Seewer (SUI, Yamaha), +0:18.061; 5. Jorge Prado (ESP, GASGAS), +0:20.794; 6. Tim Gajser (SLO, Honda), +0:22.626; 7. Mitchell Evans (AUS, Honda), +0:24.273; <strong>8. Brent Van doninck (BEL, Yamaha), +0:25.714<\/strong>; 9. Maxime Renaux (FRA, Yamaha), +0:27.138; 10. Calvin Vlaanderen (NED, Yamaha), +0:33.210; 11. Ruben Fernandez (ESP, Honda), +0:39.020; <strong>12. Jeremy Van Horebeek (BEL, Beta), +0:44.075<\/strong>; 13. Henry Jacobi (GER, Honda), +0:47.679; 14. Alvin \u00d6stlund (SWE, Yamaha), +0:48.710; 15. Alberto Forato (ITA, GASGAS), +0:50.614; 16. Jere Haavisto (FIN, KTM), +0:53.945; 17. Ben Watson (GBR, Kawasaki), +0:55.690; 18. Tom Koch (GER, KTM), +0:57.400; 19. Ivo Monticelli (ITA, Honda), +1:00.041; 20. Mattia Guadagnini (ITA, GASGAS), +1:02.542; 21. Kevin Brumann (SUI, Yamaha), +1:04.666; 22. Karel Kutsar (EST, KTM), +1:05.462; 23. Tanel Leok (EST, Husqvarna), +1:08.074; 24. Harri Kullas (EST, Yamaha), +1:08.563; 25. Pauls Jonass (LAT, Husqvarna), +1:32.181; 26. Benoit Paturel (FRA, Honda), +1:38.571; 27. Hardi Roosiorg (EST, KTM), +1:39.905; 28. Jed Beaton (AUS, Kawasaki), -2 lap(s); 29. Jordi Tixier (FRA, KTM), -7 lap(s); 30. Miro Sihvonen (FIN, Honda), -11 lap(s);<\/p>\n","protected":false},"excerpt":{"rendered":"<p>Le championnat MXGP entre dans son ant\u00e9p\u00e9nulti\u00e8me round ce week-end en Finlande. Sur la piste sablonneuse de Hyvinkaa, l&rsquo;\u00e9preuve finlandaise a plut\u00f4t bien commenc\u00e9 pour Romain Febvre et Jago Geerts, [&#8230;]<\/p>\n","protected":false},"author":932,"featured_media":119654,"comment_status":"open","ping_status":"closed","sticky":false,"template":"","format":"standard","meta":{"footnotes":""},"categories":[54,4,6,5,55,56,65],"tags":[813,1247,947,568,456],"class_list":["post-119653","post","type-post","status-publish","format-standard","has-post-thumbnail","hentry","category-actualite","category-motocross","category-mx1mx2","category-news","category-news-actualite","category-resultats","category-slideshow","tag-jago-geerts","tag-liam-everts","tag-motocross","tag-mxgp","tag-romain-febvre"],"yoast_head":"<!-- This site is optimized with the Yoast SEO plugin v27.4 - https:\/\/yoast.com\/product\/yoast-seo-wordpress\/ -->\n<title>MXGP en Finlande : Jago Geerts et Romain Febvre en pole - Motocross - Enduro - Supermoto | MotocrossMag<\/title>\n<meta name=\"robots\" content=\"index, follow, max-snippet:-1, max-image-preview:large, max-video-preview:-1\" \/>\n<link rel=\"canonical\" href=\"https:\/\/fr.motocrossmag.be\/index.php\/2022\/08\/mxgp-en-finlande-jago-geerts-et-romain-febvre-en-pole\/\" \/>\n<meta property=\"og:locale\" content=\"fr_FR\" \/>\n<meta property=\"og:type\" content=\"article\" \/>\n<meta property=\"og:title\" content=\"MXGP en Finlande : Jago Geerts et Romain Febvre en pole - Motocross - Enduro - Supermoto | MotocrossMag\" \/>\n<meta property=\"og:description\" content=\"Le championnat MXGP entre dans son ant\u00e9p\u00e9nulti\u00e8me round ce week-end en Finlande. Sur la piste sablonneuse de Hyvinkaa, l&rsquo;\u00e9preuve finlandaise a plut\u00f4t bien commenc\u00e9 pour Romain Febvre et Jago Geerts, [...]\" \/>\n<meta property=\"og:url\" content=\"https:\/\/fr.motocrossmag.be\/index.php\/2022\/08\/mxgp-en-finlande-jago-geerts-et-romain-febvre-en-pole\/\" \/>\n<meta property=\"og:site_name\" content=\"Motocross - Enduro - Supermoto | MotocrossMag\" \/>\n<meta property=\"article:published_time\" content=\"2022-08-13T15:41:14+00:00\" \/>\n<meta property=\"og:image\" content=\"https:\/\/fr.motocrossmag.be\/wp-content\/uploads\/2022\/08\/hi_FEBVRE_GP15_PH_7680.jpg\" \/>\n\t<meta property=\"og:image:width\" content=\"1000\" \/>\n\t<meta property=\"og:image:height\" content=\"666\" \/>\n\t<meta property=\"og:image:type\" content=\"image\/jpeg\" \/>\n<meta name=\"author\" content=\"oliviere\" \/>\n<meta name=\"twitter:card\" content=\"summary_large_image\" \/>\n<meta name=\"twitter:label1\" content=\"\u00c9crit par\" \/>\n\t<meta name=\"twitter:data1\" content=\"oliviere\" \/>\n\t<meta name=\"twitter:label2\" content=\"Dur\u00e9e de lecture estim\u00e9e\" \/>\n\t<meta name=\"twitter:data2\" content=\"3 minutes\" \/>\n<script type=\"application\/ld+json\" class=\"yoast-schema-graph\">{\"@context\":\"https:\\\/\\\/schema.org\",\"@graph\":[{\"@type\":\"Article\",\"@id\":\"https:\\\/\\\/fr.motocrossmag.be\\\/index.php\\\/2022\\\/08\\\/mxgp-en-finlande-jago-geerts-et-romain-febvre-en-pole\\\/#article\",\"isPartOf\":{\"@id\":\"https:\\\/\\\/fr.motocrossmag.be\\\/index.php\\\/2022\\\/08\\\/mxgp-en-finlande-jago-geerts-et-romain-febvre-en-pole\\\/\"},\"author\":{\"name\":\"oliviere\",\"@id\":\"https:\\\/\\\/fr.motocrossmag.be\\\/#\\\/schema\\\/person\\\/11b47143d9f755babca2c9110e03235c\"},\"headline\":\"MXGP en Finlande : Jago Geerts et Romain Febvre en pole\",\"datePublished\":\"2022-08-13T15:41:14+00:00\",\"mainEntityOfPage\":{\"@id\":\"https:\\\/\\\/fr.motocrossmag.be\\\/index.php\\\/2022\\\/08\\\/mxgp-en-finlande-jago-geerts-et-romain-febvre-en-pole\\\/\"},\"wordCount\":540,\"commentCount\":0,\"image\":{\"@id\":\"https:\\\/\\\/fr.motocrossmag.be\\\/index.php\\\/2022\\\/08\\\/mxgp-en-finlande-jago-geerts-et-romain-febvre-en-pole\\\/#primaryimage\"},\"thumbnailUrl\":\"https:\\\/\\\/fr.motocrossmag.be\\\/wp-content\\\/uploads\\\/2022\\\/08\\\/hi_FEBVRE_GP15_PH_7680.jpg\",\"keywords\":[\"Jago Geerts\",\"liam everts\",\"Motocross\",\"MXGP\",\"romain febvre\"],\"articleSection\":[\"Actualit\u00e9\",\"Motocross\",\"Motocross MXGP\",\"News\",\"News\",\"R\u00e9sultats\",\"Slideshow\"],\"inLanguage\":\"fr-FR\",\"potentialAction\":[{\"@type\":\"CommentAction\",\"name\":\"Comment\",\"target\":[\"https:\\\/\\\/fr.motocrossmag.be\\\/index.php\\\/2022\\\/08\\\/mxgp-en-finlande-jago-geerts-et-romain-febvre-en-pole\\\/#respond\"]}]},{\"@type\":\"WebPage\",\"@id\":\"https:\\\/\\\/fr.motocrossmag.be\\\/index.php\\\/2022\\\/08\\\/mxgp-en-finlande-jago-geerts-et-romain-febvre-en-pole\\\/\",\"url\":\"https:\\\/\\\/fr.motocrossmag.be\\\/index.php\\\/2022\\\/08\\\/mxgp-en-finlande-jago-geerts-et-romain-febvre-en-pole\\\/\",\"name\":\"MXGP en Finlande : Jago Geerts et Romain Febvre en pole - Motocross - Enduro - Supermoto | MotocrossMag\",\"isPartOf\":{\"@id\":\"https:\\\/\\\/fr.motocrossmag.be\\\/#website\"},\"primaryImageOfPage\":{\"@id\":\"https:\\\/\\\/fr.motocrossmag.be\\\/index.php\\\/2022\\\/08\\\/mxgp-en-finlande-jago-geerts-et-romain-febvre-en-pole\\\/#primaryimage\"},\"image\":{\"@id\":\"https:\\\/\\\/fr.motocrossmag.be\\\/index.php\\\/2022\\\/08\\\/mxgp-en-finlande-jago-geerts-et-romain-febvre-en-pole\\\/#primaryimage\"},\"thumbnailUrl\":\"https:\\\/\\\/fr.motocrossmag.be\\\/wp-content\\\/uploads\\\/2022\\\/08\\\/hi_FEBVRE_GP15_PH_7680.jpg\",\"datePublished\":\"2022-08-13T15:41:14+00:00\",\"author\":{\"@id\":\"https:\\\/\\\/fr.motocrossmag.be\\\/#\\\/schema\\\/person\\\/11b47143d9f755babca2c9110e03235c\"},\"breadcrumb\":{\"@id\":\"https:\\\/\\\/fr.motocrossmag.be\\\/index.php\\\/2022\\\/08\\\/mxgp-en-finlande-jago-geerts-et-romain-febvre-en-pole\\\/#breadcrumb\"},\"inLanguage\":\"fr-FR\",\"potentialAction\":[{\"@type\":\"ReadAction\",\"target\":[\"https:\\\/\\\/fr.motocrossmag.be\\\/index.php\\\/2022\\\/08\\\/mxgp-en-finlande-jago-geerts-et-romain-febvre-en-pole\\\/\"]}]},{\"@type\":\"ImageObject\",\"inLanguage\":\"fr-FR\",\"@id\":\"https:\\\/\\\/fr.motocrossmag.be\\\/index.php\\\/2022\\\/08\\\/mxgp-en-finlande-jago-geerts-et-romain-febvre-en-pole\\\/#primaryimage\",\"url\":\"https:\\\/\\\/fr.motocrossmag.be\\\/wp-content\\\/uploads\\\/2022\\\/08\\\/hi_FEBVRE_GP15_PH_7680.jpg\",\"contentUrl\":\"https:\\\/\\\/fr.motocrossmag.be\\\/wp-content\\\/uploads\\\/2022\\\/08\\\/hi_FEBVRE_GP15_PH_7680.jpg\",\"width\":\"1000\",\"height\":\"666\"},{\"@type\":\"BreadcrumbList\",\"@id\":\"https:\\\/\\\/fr.motocrossmag.be\\\/index.php\\\/2022\\\/08\\\/mxgp-en-finlande-jago-geerts-et-romain-febvre-en-pole\\\/#breadcrumb\",\"itemListElement\":[{\"@type\":\"ListItem\",\"position\":1,\"name\":\"Accueil\",\"item\":\"https:\\\/\\\/fr.motocrossmag.be\\\/\"},{\"@type\":\"ListItem\",\"position\":2,\"name\":\"MXGP en Finlande : Jago Geerts et Romain Febvre en pole\"}]},{\"@type\":\"WebSite\",\"@id\":\"https:\\\/\\\/fr.motocrossmag.be\\\/#website\",\"url\":\"https:\\\/\\\/fr.motocrossmag.be\\\/\",\"name\":\"Motocross - Enduro - Supermoto | MotocrossMag\",\"description\":\"L&#039;actualit\u00e9 du motocross, de l&#039;enduro et du Supermoto en ligne!\",\"potentialAction\":[{\"@type\":\"SearchAction\",\"target\":{\"@type\":\"EntryPoint\",\"urlTemplate\":\"https:\\\/\\\/fr.motocrossmag.be\\\/?s={search_term_string}\"},\"query-input\":{\"@type\":\"PropertyValueSpecification\",\"valueRequired\":true,\"valueName\":\"search_term_string\"}}],\"inLanguage\":\"fr-FR\"},{\"@type\":\"Person\",\"@id\":\"https:\\\/\\\/fr.motocrossmag.be\\\/#\\\/schema\\\/person\\\/11b47143d9f755babca2c9110e03235c\",\"name\":\"oliviere\",\"image\":{\"@type\":\"ImageObject\",\"inLanguage\":\"fr-FR\",\"@id\":\"https:\\\/\\\/secure.gravatar.com\\\/avatar\\\/907069e0b81d119452040469e4a7501da1100f54f7f80180ce77bfab718288f6?s=96&d=mm&r=g\",\"url\":\"https:\\\/\\\/secure.gravatar.com\\\/avatar\\\/907069e0b81d119452040469e4a7501da1100f54f7f80180ce77bfab718288f6?s=96&d=mm&r=g\",\"contentUrl\":\"https:\\\/\\\/secure.gravatar.com\\\/avatar\\\/907069e0b81d119452040469e4a7501da1100f54f7f80180ce77bfab718288f6?s=96&d=mm&r=g\",\"caption\":\"oliviere\"},\"sameAs\":[\"http:\\\/\\\/www.motocrossmag.be\"],\"url\":\"https:\\\/\\\/fr.motocrossmag.be\\\/index.php\\\/author\\\/oliviere\\\/\"}]}<\/script>\n<!-- \/ Yoast SEO plugin. -->","yoast_head_json":{"title":"MXGP en Finlande : Jago Geerts et Romain Febvre en pole - Motocross - Enduro - Supermoto | MotocrossMag","robots":{"index":"index","follow":"follow","max-snippet":"max-snippet:-1","max-image-preview":"max-image-preview:large","max-video-preview":"max-video-preview:-1"},"canonical":"https:\/\/fr.motocrossmag.be\/index.php\/2022\/08\/mxgp-en-finlande-jago-geerts-et-romain-febvre-en-pole\/","og_locale":"fr_FR","og_type":"article","og_title":"MXGP en Finlande : Jago Geerts et Romain Febvre en pole - Motocross - Enduro - Supermoto | MotocrossMag","og_description":"Le championnat MXGP entre dans son ant\u00e9p\u00e9nulti\u00e8me round ce week-end en Finlande. Sur la piste sablonneuse de Hyvinkaa, l&rsquo;\u00e9preuve finlandaise a plut\u00f4t bien commenc\u00e9 pour Romain Febvre et Jago Geerts, [...]","og_url":"https:\/\/fr.motocrossmag.be\/index.php\/2022\/08\/mxgp-en-finlande-jago-geerts-et-romain-febvre-en-pole\/","og_site_name":"Motocross - Enduro - Supermoto | MotocrossMag","article_published_time":"2022-08-13T15:41:14+00:00","og_image":[{"width":1000,"height":666,"url":"https:\/\/fr.motocrossmag.be\/wp-content\/uploads\/2022\/08\/hi_FEBVRE_GP15_PH_7680.jpg","type":"image\/jpeg"}],"author":"oliviere","twitter_card":"summary_large_image","twitter_misc":{"\u00c9crit par":"oliviere","Dur\u00e9e de lecture estim\u00e9e":"3 minutes"},"schema":{"@context":"https:\/\/schema.org","@graph":[{"@type":"Article","@id":"https:\/\/fr.motocrossmag.be\/index.php\/2022\/08\/mxgp-en-finlande-jago-geerts-et-romain-febvre-en-pole\/#article","isPartOf":{"@id":"https:\/\/fr.motocrossmag.be\/index.php\/2022\/08\/mxgp-en-finlande-jago-geerts-et-romain-febvre-en-pole\/"},"author":{"name":"oliviere","@id":"https:\/\/fr.motocrossmag.be\/#\/schema\/person\/11b47143d9f755babca2c9110e03235c"},"headline":"MXGP en Finlande : Jago Geerts et Romain Febvre en pole","datePublished":"2022-08-13T15:41:14+00:00","mainEntityOfPage":{"@id":"https:\/\/fr.motocrossmag.be\/index.php\/2022\/08\/mxgp-en-finlande-jago-geerts-et-romain-febvre-en-pole\/"},"wordCount":540,"commentCount":0,"image":{"@id":"https:\/\/fr.motocrossmag.be\/index.php\/2022\/08\/mxgp-en-finlande-jago-geerts-et-romain-febvre-en-pole\/#primaryimage"},"thumbnailUrl":"https:\/\/fr.motocrossmag.be\/wp-content\/uploads\/2022\/08\/hi_FEBVRE_GP15_PH_7680.jpg","keywords":["Jago Geerts","liam everts","Motocross","MXGP","romain febvre"],"articleSection":["Actualit\u00e9","Motocross","Motocross MXGP","News","News","R\u00e9sultats","Slideshow"],"inLanguage":"fr-FR","potentialAction":[{"@type":"CommentAction","name":"Comment","target":["https:\/\/fr.motocrossmag.be\/index.php\/2022\/08\/mxgp-en-finlande-jago-geerts-et-romain-febvre-en-pole\/#respond"]}]},{"@type":"WebPage","@id":"https:\/\/fr.motocrossmag.be\/index.php\/2022\/08\/mxgp-en-finlande-jago-geerts-et-romain-febvre-en-pole\/","url":"https:\/\/fr.motocrossmag.be\/index.php\/2022\/08\/mxgp-en-finlande-jago-geerts-et-romain-febvre-en-pole\/","name":"MXGP en Finlande : Jago Geerts et Romain Febvre en pole - Motocross - Enduro - Supermoto | MotocrossMag","isPartOf":{"@id":"https:\/\/fr.motocrossmag.be\/#website"},"primaryImageOfPage":{"@id":"https:\/\/fr.motocrossmag.be\/index.php\/2022\/08\/mxgp-en-finlande-jago-geerts-et-romain-febvre-en-pole\/#primaryimage"},"image":{"@id":"https:\/\/fr.motocrossmag.be\/index.php\/2022\/08\/mxgp-en-finlande-jago-geerts-et-romain-febvre-en-pole\/#primaryimage"},"thumbnailUrl":"https:\/\/fr.motocrossmag.be\/wp-content\/uploads\/2022\/08\/hi_FEBVRE_GP15_PH_7680.jpg","datePublished":"2022-08-13T15:41:14+00:00","author":{"@id":"https:\/\/fr.motocrossmag.be\/#\/schema\/person\/11b47143d9f755babca2c9110e03235c"},"breadcrumb":{"@id":"https:\/\/fr.motocrossmag.be\/index.php\/2022\/08\/mxgp-en-finlande-jago-geerts-et-romain-febvre-en-pole\/#breadcrumb"},"inLanguage":"fr-FR","potentialAction":[{"@type":"ReadAction","target":["https:\/\/fr.motocrossmag.be\/index.php\/2022\/08\/mxgp-en-finlande-jago-geerts-et-romain-febvre-en-pole\/"]}]},{"@type":"ImageObject","inLanguage":"fr-FR","@id":"https:\/\/fr.motocrossmag.be\/index.php\/2022\/08\/mxgp-en-finlande-jago-geerts-et-romain-febvre-en-pole\/#primaryimage","url":"https:\/\/fr.motocrossmag.be\/wp-content\/uploads\/2022\/08\/hi_FEBVRE_GP15_PH_7680.jpg","contentUrl":"https:\/\/fr.motocrossmag.be\/wp-content\/uploads\/2022\/08\/hi_FEBVRE_GP15_PH_7680.jpg","width":"1000","height":"666"},{"@type":"BreadcrumbList","@id":"https:\/\/fr.motocrossmag.be\/index.php\/2022\/08\/mxgp-en-finlande-jago-geerts-et-romain-febvre-en-pole\/#breadcrumb","itemListElement":[{"@type":"ListItem","position":1,"name":"Accueil","item":"https:\/\/fr.motocrossmag.be\/"},{"@type":"ListItem","position":2,"name":"MXGP en Finlande : Jago Geerts et Romain Febvre en pole"}]},{"@type":"WebSite","@id":"https:\/\/fr.motocrossmag.be\/#website","url":"https:\/\/fr.motocrossmag.be\/","name":"Motocross - Enduro - Supermoto | MotocrossMag","description":"L&#039;actualit\u00e9 du motocross, de l&#039;enduro et du Supermoto en ligne!","potentialAction":[{"@type":"SearchAction","target":{"@type":"EntryPoint","urlTemplate":"https:\/\/fr.motocrossmag.be\/?s={search_term_string}"},"query-input":{"@type":"PropertyValueSpecification","valueRequired":true,"valueName":"search_term_string"}}],"inLanguage":"fr-FR"},{"@type":"Person","@id":"https:\/\/fr.motocrossmag.be\/#\/schema\/person\/11b47143d9f755babca2c9110e03235c","name":"oliviere","image":{"@type":"ImageObject","inLanguage":"fr-FR","@id":"https:\/\/secure.gravatar.com\/avatar\/907069e0b81d119452040469e4a7501da1100f54f7f80180ce77bfab718288f6?s=96&d=mm&r=g","url":"https:\/\/secure.gravatar.com\/avatar\/907069e0b81d119452040469e4a7501da1100f54f7f80180ce77bfab718288f6?s=96&d=mm&r=g","contentUrl":"https:\/\/secure.gravatar.com\/avatar\/907069e0b81d119452040469e4a7501da1100f54f7f80180ce77bfab718288f6?s=96&d=mm&r=g","caption":"oliviere"},"sameAs":["http:\/\/www.motocrossmag.be"],"url":"https:\/\/fr.motocrossmag.be\/index.php\/author\/oliviere\/"}]}},"_links":{"self":[{"href":"https:\/\/fr.motocrossmag.be\/index.php\/wp-json\/wp\/v2\/posts\/119653","targetHints":{"allow":["GET"]}}],"collection":[{"href":"https:\/\/fr.motocrossmag.be\/index.php\/wp-json\/wp\/v2\/posts"}],"about":[{"href":"https:\/\/fr.motocrossmag.be\/index.php\/wp-json\/wp\/v2\/types\/post"}],"author":[{"embeddable":true,"href":"https:\/\/fr.motocrossmag.be\/index.php\/wp-json\/wp\/v2\/users\/932"}],"replies":[{"embeddable":true,"href":"https:\/\/fr.motocrossmag.be\/index.php\/wp-json\/wp\/v2\/comments?post=119653"}],"version-history":[{"count":0,"href":"https:\/\/fr.motocrossmag.be\/index.php\/wp-json\/wp\/v2\/posts\/119653\/revisions"}],"wp:featuredmedia":[{"embeddable":true,"href":"https:\/\/fr.motocrossmag.be\/index.php\/wp-json\/wp\/v2\/media\/119654"}],"wp:attachment":[{"href":"https:\/\/fr.motocrossmag.be\/index.php\/wp-json\/wp\/v2\/media?parent=119653"}],"wp:term":[{"taxonomy":"category","embeddable":true,"href":"https:\/\/fr.motocrossmag.be\/index.php\/wp-json\/wp\/v2\/categories?post=119653"},{"taxonomy":"post_tag","embeddable":true,"href":"https:\/\/fr.motocrossmag.be\/index.php\/wp-json\/wp\/v2\/tags?post=119653"}],"curies":[{"name":"wp","href":"https:\/\/api.w.org\/{rel}","templated":true}]}}