{"id":119655,"date":"2022-08-13T18:04:57","date_gmt":"2022-08-13T16:04:57","guid":{"rendered":"http:\/\/fr.motocrossmag.be\/?p=119655"},"modified":"2022-08-13T18:23:08","modified_gmt":"2022-08-13T16:23:08","slug":"emx250-lucas-coenen-vainqueur-de-la-premiere-manche-en-finlande","status":"publish","type":"post","link":"https:\/\/fr.motocrossmag.be\/index.php\/2022\/08\/emx250-lucas-coenen-vainqueur-de-la-premiere-manche-en-finlande\/","title":{"rendered":"EMX250 : Lucas Coenen vainqueur de la premi\u00e8re manche en Finlande"},"content":{"rendered":"<p><strong>La neuvi\u00e8me et avant-derni\u00e8re \u00e9preuve du championnat EMX250 se dispute ce week-end dans le cadre du GP de Finlande, une semaine tout juste avant la finale de Saint-Jean-d&rsquo;Ang\u00e9ly, en France. Quatri\u00e8me juste devant son rival dans la course au titre Cornelius Toendel, Rick Elzinga porte ce samedi son avantage au classement provisoire \u00e0 46 points. Le Hollandais touche donc du bout des doigts le titre europ\u00e9en, qu&rsquo;il pourrait s&rsquo;offrir d\u00e8s demain \u00e0 l&rsquo;issue de la seconde manche finlandaise.<\/strong><\/p>\n<div class=\"su-youtube su-u-responsive-media-yes\"><iframe class=\"lazyload\" width=\"650\" height=\"400\" src=\"data:image\/svg+xml,%3Csvg%20xmlns%3D%27http%3A%2F%2Fwww.w3.org%2F2000%2Fsvg%27%20width%3D%27650%27%20height%3D%27400%27%20viewBox%3D%270%200%20650%20400%27%3E%3Crect%20width%3D%27650%27%20height%3D%27400%27%20fill-opacity%3D%220%22%2F%3E%3C%2Fsvg%3E\" data-orig-src=\"https:\/\/www.youtube.com\/embed\/zeIcMdhrqfw?\" frameborder=\"0\" allowfullscreen allow=\"autoplay; encrypted-media; picture-in-picture\" title=\"\"><\/iframe><\/div>\n<p>Ce samedi, c&rsquo;est Lucas Coenen qui a remport\u00e9 la premi\u00e8re manche. Alors que son fr\u00e8re Sacha a d\u00fb renoncer \u00e0 prendre part au GP suite \u00e0 une chute dans les essais matinaux, le pilote Husqvarna a men\u00e9 les premiers tours avant de devoir c\u00e9der le relai durant quelques tours \u00e0 Haakon Osterhagen, vainqueur le week-end dernier en Su\u00e8de pour la premi\u00e8re fois en EMX250. Mais alors qu&rsquo;on entre dans le derniers tiers de la course, Osterhagen perd deux places, laissant passer Camden Mc Lellan et permettant surtout \u00e0 Lucas Coenen de reprendre la t\u00eate de la course et de s&rsquo;imposer avec pr\u00e8s de 10 secondes d&rsquo;avance sur le Sud-Africain.<\/p>\n<p><span style=\"color: #800000;\"><strong>R\u00e9sultats<\/strong><\/span><\/p>\n<p>MANCHE 1<strong><br \/>\n<\/strong><br \/>\n<strong>1. Lucas Coenen (BEL, Husqvarna), 30:37.786<\/strong>; 2. Camden Mc Lellan (RSA, KTM), +0:09.643; 3. Haakon Osterhagen (NOR, Fantic), +0:13.494;\u00a04. Rick Elzinga (NED, Yamaha), +0:17.591;\u00a05. Cornelius Toendel (NOR, Fantic), +0:26.109; 6. Andrea Bonacorsi (ITA, Yamaha), +0:27.320; 7. Eddie Wade (ESP, Kawasaki), +0:45.583;\u00a08. Dave Kooiker (NED, Yamaha), +0:48.609;\u00a09. Scotty Verhaeghe (FRA, KTM), +0:51.723; 10. Meico Vettik (EST, KTM), +1:02.051; 11. Rasmus Hakansson (SWE, Husqvarna), +1:15.631; 12. Sander Agard-Michelsen (NOR, Yamaha), +1:17.554; 13. Saad Soulimani (FRA, KTM), +1:24.544; 14. Maximilian Spies (GER, KTM), +1:27.161; 15. Arvid L\u00fcning (SWE, GASGAS), +1:31.071; 16. David Braceras (ESP, KTM), +1:35.705; 17. Mauno Nieminen (FIN, Husqvarna), +1:36.103; 18. Edvards Bidzans (LAT, Husqvarna), +1:36.596; 19. Sampo Rainio (FIN, Honda), +1:49.016; 20. Jeff Oxelmark (SWE, GASGAS), -1 lap(s); 21. Samuel Nilsson (ESP, Husqvarna), -1 lap(s); 22. Raul Sanchez (ESP, GASGAS), -1 lap(s); 23. Uldis Freibergs (LAT, Husqvarna), -1 lap(s); 24. Xavier Cazal (FRA, KTM), -1 lap(s); 25. Noah Englund (SWE, KTM), -1 lap(s); 26. Quentin Marc Prugnieres (FRA, Kawasaki), -1 lap(s); 27. Mike Gwerder (SUI, KTM), -1 lap(s);\u00a028. Jens Walvoort (NED, KTM), -1 lap(s);\u00a029. Miro Varjonen (FIN, Husqvarna), -1 lap(s); 30. Kaarel Tilk (EST, Husqvarna), -1 lap(s); 31. Noel Nilsson (SWE, Husqvarna), -1 lap(s); 32. Martin Holm (SWE, GASGAS), -1 lap(s); 33. Wiljam Malin (FIN, Husqvarna), -1 lap(s); 34. Lorenzo Ciabatti (ITA, KTM), -1 lap(s); 35. Luca Ruffini (ITA, GASGAS), -1 lap(s); 36. Kelton Gwyther (GBR, KTM), -2 lap(s); 37. Erlandas Mackonis (LTU, KTM), -6 lap(s); 38. Federico Tuani (ITA, GASGAS), -9 lap(s); 39. Kasper Kangasniemi (FIN, KTM), -11 lap(s); 40. Justin Trache (GER, Yamaha), -15 lap(s);<\/p>\n","protected":false},"excerpt":{"rendered":"<p>La neuvi\u00e8me et avant-derni\u00e8re \u00e9preuve du championnat EMX250 se dispute ce week-end dans le cadre du GP de Finlande, une semaine tout juste avant la finale de Saint-Jean-d&rsquo;Ang\u00e9ly, en France. [&#8230;]<\/p>\n","protected":false},"author":932,"featured_media":119656,"comment_status":"open","ping_status":"closed","sticky":false,"template":"","format":"standard","meta":{"footnotes":""},"categories":[54,128,4,5,55,56,65],"tags":[562,1265,947],"class_list":["post-119655","post","type-post","status-publish","format-standard","has-post-thumbnail","hentry","category-actualite","category-emx-125-emx2","category-motocross","category-news","category-news-actualite","category-resultats","category-slideshow","tag-emx250","tag-lucas-coenen","tag-motocross"],"yoast_head":"<!-- This site is optimized with the Yoast SEO plugin v27.4 - https:\/\/yoast.com\/product\/yoast-seo-wordpress\/ -->\n<title>EMX250 : Lucas Coenen vainqueur de la premi\u00e8re manche en Finlande - Motocross - Enduro - Supermoto | MotocrossMag<\/title>\n<meta name=\"robots\" content=\"index, follow, max-snippet:-1, max-image-preview:large, max-video-preview:-1\" \/>\n<link rel=\"canonical\" href=\"https:\/\/fr.motocrossmag.be\/index.php\/2022\/08\/emx250-lucas-coenen-vainqueur-de-la-premiere-manche-en-finlande\/\" \/>\n<meta property=\"og:locale\" content=\"fr_FR\" \/>\n<meta property=\"og:type\" content=\"article\" \/>\n<meta property=\"og:title\" content=\"EMX250 : Lucas Coenen vainqueur de la premi\u00e8re manche en Finlande - Motocross - Enduro - Supermoto | MotocrossMag\" \/>\n<meta property=\"og:description\" content=\"La neuvi\u00e8me et avant-derni\u00e8re \u00e9preuve du championnat EMX250 se dispute ce week-end dans le cadre du GP de Finlande, une semaine tout juste avant la finale de Saint-Jean-d&rsquo;Ang\u00e9ly, en France. [...]\" \/>\n<meta property=\"og:url\" content=\"https:\/\/fr.motocrossmag.be\/index.php\/2022\/08\/emx250-lucas-coenen-vainqueur-de-la-premiere-manche-en-finlande\/\" \/>\n<meta property=\"og:site_name\" content=\"Motocross - Enduro - Supermoto | MotocrossMag\" \/>\n<meta property=\"article:published_time\" content=\"2022-08-13T16:04:57+00:00\" \/>\n<meta property=\"article:modified_time\" content=\"2022-08-13T16:23:08+00:00\" \/>\n<meta property=\"og:image\" content=\"https:\/\/fr.motocrossmag.be\/wp-content\/uploads\/2022\/08\/HMF_4353.jpg\" \/>\n\t<meta property=\"og:image:width\" content=\"900\" \/>\n\t<meta property=\"og:image:height\" content=\"600\" \/>\n\t<meta property=\"og:image:type\" content=\"image\/jpeg\" \/>\n<meta name=\"author\" content=\"oliviere\" \/>\n<meta name=\"twitter:card\" content=\"summary_large_image\" \/>\n<meta name=\"twitter:label1\" content=\"\u00c9crit par\" \/>\n\t<meta name=\"twitter:data1\" content=\"oliviere\" \/>\n\t<meta name=\"twitter:label2\" content=\"Dur\u00e9e de lecture estim\u00e9e\" \/>\n\t<meta name=\"twitter:data2\" content=\"2 minutes\" \/>\n<script type=\"application\/ld+json\" class=\"yoast-schema-graph\">{\"@context\":\"https:\\\/\\\/schema.org\",\"@graph\":[{\"@type\":\"Article\",\"@id\":\"https:\\\/\\\/fr.motocrossmag.be\\\/index.php\\\/2022\\\/08\\\/emx250-lucas-coenen-vainqueur-de-la-premiere-manche-en-finlande\\\/#article\",\"isPartOf\":{\"@id\":\"https:\\\/\\\/fr.motocrossmag.be\\\/index.php\\\/2022\\\/08\\\/emx250-lucas-coenen-vainqueur-de-la-premiere-manche-en-finlande\\\/\"},\"author\":{\"name\":\"oliviere\",\"@id\":\"https:\\\/\\\/fr.motocrossmag.be\\\/#\\\/schema\\\/person\\\/11b47143d9f755babca2c9110e03235c\"},\"headline\":\"EMX250 : Lucas Coenen vainqueur de la premi\u00e8re manche en Finlande\",\"datePublished\":\"2022-08-13T16:04:57+00:00\",\"dateModified\":\"2022-08-13T16:23:08+00:00\",\"mainEntityOfPage\":{\"@id\":\"https:\\\/\\\/fr.motocrossmag.be\\\/index.php\\\/2022\\\/08\\\/emx250-lucas-coenen-vainqueur-de-la-premiere-manche-en-finlande\\\/\"},\"wordCount\":451,\"commentCount\":0,\"image\":{\"@id\":\"https:\\\/\\\/fr.motocrossmag.be\\\/index.php\\\/2022\\\/08\\\/emx250-lucas-coenen-vainqueur-de-la-premiere-manche-en-finlande\\\/#primaryimage\"},\"thumbnailUrl\":\"https:\\\/\\\/fr.motocrossmag.be\\\/wp-content\\\/uploads\\\/2022\\\/08\\\/HMF_4353.jpg\",\"keywords\":[\"emx250\",\"lucas coenen\",\"Motocross\"],\"articleSection\":[\"Actualit\u00e9\",\"EMX\",\"Motocross\",\"News\",\"News\",\"R\u00e9sultats\",\"Slideshow\"],\"inLanguage\":\"fr-FR\",\"potentialAction\":[{\"@type\":\"CommentAction\",\"name\":\"Comment\",\"target\":[\"https:\\\/\\\/fr.motocrossmag.be\\\/index.php\\\/2022\\\/08\\\/emx250-lucas-coenen-vainqueur-de-la-premiere-manche-en-finlande\\\/#respond\"]}]},{\"@type\":\"WebPage\",\"@id\":\"https:\\\/\\\/fr.motocrossmag.be\\\/index.php\\\/2022\\\/08\\\/emx250-lucas-coenen-vainqueur-de-la-premiere-manche-en-finlande\\\/\",\"url\":\"https:\\\/\\\/fr.motocrossmag.be\\\/index.php\\\/2022\\\/08\\\/emx250-lucas-coenen-vainqueur-de-la-premiere-manche-en-finlande\\\/\",\"name\":\"EMX250 : Lucas Coenen vainqueur de la premi\u00e8re manche en Finlande - Motocross - Enduro - Supermoto | MotocrossMag\",\"isPartOf\":{\"@id\":\"https:\\\/\\\/fr.motocrossmag.be\\\/#website\"},\"primaryImageOfPage\":{\"@id\":\"https:\\\/\\\/fr.motocrossmag.be\\\/index.php\\\/2022\\\/08\\\/emx250-lucas-coenen-vainqueur-de-la-premiere-manche-en-finlande\\\/#primaryimage\"},\"image\":{\"@id\":\"https:\\\/\\\/fr.motocrossmag.be\\\/index.php\\\/2022\\\/08\\\/emx250-lucas-coenen-vainqueur-de-la-premiere-manche-en-finlande\\\/#primaryimage\"},\"thumbnailUrl\":\"https:\\\/\\\/fr.motocrossmag.be\\\/wp-content\\\/uploads\\\/2022\\\/08\\\/HMF_4353.jpg\",\"datePublished\":\"2022-08-13T16:04:57+00:00\",\"dateModified\":\"2022-08-13T16:23:08+00:00\",\"author\":{\"@id\":\"https:\\\/\\\/fr.motocrossmag.be\\\/#\\\/schema\\\/person\\\/11b47143d9f755babca2c9110e03235c\"},\"breadcrumb\":{\"@id\":\"https:\\\/\\\/fr.motocrossmag.be\\\/index.php\\\/2022\\\/08\\\/emx250-lucas-coenen-vainqueur-de-la-premiere-manche-en-finlande\\\/#breadcrumb\"},\"inLanguage\":\"fr-FR\",\"potentialAction\":[{\"@type\":\"ReadAction\",\"target\":[\"https:\\\/\\\/fr.motocrossmag.be\\\/index.php\\\/2022\\\/08\\\/emx250-lucas-coenen-vainqueur-de-la-premiere-manche-en-finlande\\\/\"]}]},{\"@type\":\"ImageObject\",\"inLanguage\":\"fr-FR\",\"@id\":\"https:\\\/\\\/fr.motocrossmag.be\\\/index.php\\\/2022\\\/08\\\/emx250-lucas-coenen-vainqueur-de-la-premiere-manche-en-finlande\\\/#primaryimage\",\"url\":\"https:\\\/\\\/fr.motocrossmag.be\\\/wp-content\\\/uploads\\\/2022\\\/08\\\/HMF_4353.jpg\",\"contentUrl\":\"https:\\\/\\\/fr.motocrossmag.be\\\/wp-content\\\/uploads\\\/2022\\\/08\\\/HMF_4353.jpg\",\"width\":\"900\",\"height\":\"600\"},{\"@type\":\"BreadcrumbList\",\"@id\":\"https:\\\/\\\/fr.motocrossmag.be\\\/index.php\\\/2022\\\/08\\\/emx250-lucas-coenen-vainqueur-de-la-premiere-manche-en-finlande\\\/#breadcrumb\",\"itemListElement\":[{\"@type\":\"ListItem\",\"position\":1,\"name\":\"Accueil\",\"item\":\"https:\\\/\\\/fr.motocrossmag.be\\\/\"},{\"@type\":\"ListItem\",\"position\":2,\"name\":\"EMX250 : Lucas Coenen vainqueur de la premi\u00e8re manche en Finlande\"}]},{\"@type\":\"WebSite\",\"@id\":\"https:\\\/\\\/fr.motocrossmag.be\\\/#website\",\"url\":\"https:\\\/\\\/fr.motocrossmag.be\\\/\",\"name\":\"Motocross - Enduro - Supermoto | MotocrossMag\",\"description\":\"L&#039;actualit\u00e9 du motocross, de l&#039;enduro et du Supermoto en ligne!\",\"potentialAction\":[{\"@type\":\"SearchAction\",\"target\":{\"@type\":\"EntryPoint\",\"urlTemplate\":\"https:\\\/\\\/fr.motocrossmag.be\\\/?s={search_term_string}\"},\"query-input\":{\"@type\":\"PropertyValueSpecification\",\"valueRequired\":true,\"valueName\":\"search_term_string\"}}],\"inLanguage\":\"fr-FR\"},{\"@type\":\"Person\",\"@id\":\"https:\\\/\\\/fr.motocrossmag.be\\\/#\\\/schema\\\/person\\\/11b47143d9f755babca2c9110e03235c\",\"name\":\"oliviere\",\"image\":{\"@type\":\"ImageObject\",\"inLanguage\":\"fr-FR\",\"@id\":\"https:\\\/\\\/secure.gravatar.com\\\/avatar\\\/907069e0b81d119452040469e4a7501da1100f54f7f80180ce77bfab718288f6?s=96&d=mm&r=g\",\"url\":\"https:\\\/\\\/secure.gravatar.com\\\/avatar\\\/907069e0b81d119452040469e4a7501da1100f54f7f80180ce77bfab718288f6?s=96&d=mm&r=g\",\"contentUrl\":\"https:\\\/\\\/secure.gravatar.com\\\/avatar\\\/907069e0b81d119452040469e4a7501da1100f54f7f80180ce77bfab718288f6?s=96&d=mm&r=g\",\"caption\":\"oliviere\"},\"sameAs\":[\"http:\\\/\\\/www.motocrossmag.be\"],\"url\":\"https:\\\/\\\/fr.motocrossmag.be\\\/index.php\\\/author\\\/oliviere\\\/\"}]}<\/script>\n<!-- \/ Yoast SEO plugin. -->","yoast_head_json":{"title":"EMX250 : Lucas Coenen vainqueur de la premi\u00e8re manche en Finlande - Motocross - Enduro - Supermoto | MotocrossMag","robots":{"index":"index","follow":"follow","max-snippet":"max-snippet:-1","max-image-preview":"max-image-preview:large","max-video-preview":"max-video-preview:-1"},"canonical":"https:\/\/fr.motocrossmag.be\/index.php\/2022\/08\/emx250-lucas-coenen-vainqueur-de-la-premiere-manche-en-finlande\/","og_locale":"fr_FR","og_type":"article","og_title":"EMX250 : Lucas Coenen vainqueur de la premi\u00e8re manche en Finlande - Motocross - Enduro - Supermoto | MotocrossMag","og_description":"La neuvi\u00e8me et avant-derni\u00e8re \u00e9preuve du championnat EMX250 se dispute ce week-end dans le cadre du GP de Finlande, une semaine tout juste avant la finale de Saint-Jean-d&rsquo;Ang\u00e9ly, en France. [...]","og_url":"https:\/\/fr.motocrossmag.be\/index.php\/2022\/08\/emx250-lucas-coenen-vainqueur-de-la-premiere-manche-en-finlande\/","og_site_name":"Motocross - Enduro - Supermoto | MotocrossMag","article_published_time":"2022-08-13T16:04:57+00:00","article_modified_time":"2022-08-13T16:23:08+00:00","og_image":[{"width":900,"height":600,"url":"https:\/\/fr.motocrossmag.be\/wp-content\/uploads\/2022\/08\/HMF_4353.jpg","type":"image\/jpeg"}],"author":"oliviere","twitter_card":"summary_large_image","twitter_misc":{"\u00c9crit par":"oliviere","Dur\u00e9e de lecture estim\u00e9e":"2 minutes"},"schema":{"@context":"https:\/\/schema.org","@graph":[{"@type":"Article","@id":"https:\/\/fr.motocrossmag.be\/index.php\/2022\/08\/emx250-lucas-coenen-vainqueur-de-la-premiere-manche-en-finlande\/#article","isPartOf":{"@id":"https:\/\/fr.motocrossmag.be\/index.php\/2022\/08\/emx250-lucas-coenen-vainqueur-de-la-premiere-manche-en-finlande\/"},"author":{"name":"oliviere","@id":"https:\/\/fr.motocrossmag.be\/#\/schema\/person\/11b47143d9f755babca2c9110e03235c"},"headline":"EMX250 : Lucas Coenen vainqueur de la premi\u00e8re manche en Finlande","datePublished":"2022-08-13T16:04:57+00:00","dateModified":"2022-08-13T16:23:08+00:00","mainEntityOfPage":{"@id":"https:\/\/fr.motocrossmag.be\/index.php\/2022\/08\/emx250-lucas-coenen-vainqueur-de-la-premiere-manche-en-finlande\/"},"wordCount":451,"commentCount":0,"image":{"@id":"https:\/\/fr.motocrossmag.be\/index.php\/2022\/08\/emx250-lucas-coenen-vainqueur-de-la-premiere-manche-en-finlande\/#primaryimage"},"thumbnailUrl":"https:\/\/fr.motocrossmag.be\/wp-content\/uploads\/2022\/08\/HMF_4353.jpg","keywords":["emx250","lucas coenen","Motocross"],"articleSection":["Actualit\u00e9","EMX","Motocross","News","News","R\u00e9sultats","Slideshow"],"inLanguage":"fr-FR","potentialAction":[{"@type":"CommentAction","name":"Comment","target":["https:\/\/fr.motocrossmag.be\/index.php\/2022\/08\/emx250-lucas-coenen-vainqueur-de-la-premiere-manche-en-finlande\/#respond"]}]},{"@type":"WebPage","@id":"https:\/\/fr.motocrossmag.be\/index.php\/2022\/08\/emx250-lucas-coenen-vainqueur-de-la-premiere-manche-en-finlande\/","url":"https:\/\/fr.motocrossmag.be\/index.php\/2022\/08\/emx250-lucas-coenen-vainqueur-de-la-premiere-manche-en-finlande\/","name":"EMX250 : Lucas Coenen vainqueur de la premi\u00e8re manche en Finlande - Motocross - Enduro - Supermoto | MotocrossMag","isPartOf":{"@id":"https:\/\/fr.motocrossmag.be\/#website"},"primaryImageOfPage":{"@id":"https:\/\/fr.motocrossmag.be\/index.php\/2022\/08\/emx250-lucas-coenen-vainqueur-de-la-premiere-manche-en-finlande\/#primaryimage"},"image":{"@id":"https:\/\/fr.motocrossmag.be\/index.php\/2022\/08\/emx250-lucas-coenen-vainqueur-de-la-premiere-manche-en-finlande\/#primaryimage"},"thumbnailUrl":"https:\/\/fr.motocrossmag.be\/wp-content\/uploads\/2022\/08\/HMF_4353.jpg","datePublished":"2022-08-13T16:04:57+00:00","dateModified":"2022-08-13T16:23:08+00:00","author":{"@id":"https:\/\/fr.motocrossmag.be\/#\/schema\/person\/11b47143d9f755babca2c9110e03235c"},"breadcrumb":{"@id":"https:\/\/fr.motocrossmag.be\/index.php\/2022\/08\/emx250-lucas-coenen-vainqueur-de-la-premiere-manche-en-finlande\/#breadcrumb"},"inLanguage":"fr-FR","potentialAction":[{"@type":"ReadAction","target":["https:\/\/fr.motocrossmag.be\/index.php\/2022\/08\/emx250-lucas-coenen-vainqueur-de-la-premiere-manche-en-finlande\/"]}]},{"@type":"ImageObject","inLanguage":"fr-FR","@id":"https:\/\/fr.motocrossmag.be\/index.php\/2022\/08\/emx250-lucas-coenen-vainqueur-de-la-premiere-manche-en-finlande\/#primaryimage","url":"https:\/\/fr.motocrossmag.be\/wp-content\/uploads\/2022\/08\/HMF_4353.jpg","contentUrl":"https:\/\/fr.motocrossmag.be\/wp-content\/uploads\/2022\/08\/HMF_4353.jpg","width":"900","height":"600"},{"@type":"BreadcrumbList","@id":"https:\/\/fr.motocrossmag.be\/index.php\/2022\/08\/emx250-lucas-coenen-vainqueur-de-la-premiere-manche-en-finlande\/#breadcrumb","itemListElement":[{"@type":"ListItem","position":1,"name":"Accueil","item":"https:\/\/fr.motocrossmag.be\/"},{"@type":"ListItem","position":2,"name":"EMX250 : Lucas Coenen vainqueur de la premi\u00e8re manche en Finlande"}]},{"@type":"WebSite","@id":"https:\/\/fr.motocrossmag.be\/#website","url":"https:\/\/fr.motocrossmag.be\/","name":"Motocross - Enduro - Supermoto | MotocrossMag","description":"L&#039;actualit\u00e9 du motocross, de l&#039;enduro et du Supermoto en ligne!","potentialAction":[{"@type":"SearchAction","target":{"@type":"EntryPoint","urlTemplate":"https:\/\/fr.motocrossmag.be\/?s={search_term_string}"},"query-input":{"@type":"PropertyValueSpecification","valueRequired":true,"valueName":"search_term_string"}}],"inLanguage":"fr-FR"},{"@type":"Person","@id":"https:\/\/fr.motocrossmag.be\/#\/schema\/person\/11b47143d9f755babca2c9110e03235c","name":"oliviere","image":{"@type":"ImageObject","inLanguage":"fr-FR","@id":"https:\/\/secure.gravatar.com\/avatar\/907069e0b81d119452040469e4a7501da1100f54f7f80180ce77bfab718288f6?s=96&d=mm&r=g","url":"https:\/\/secure.gravatar.com\/avatar\/907069e0b81d119452040469e4a7501da1100f54f7f80180ce77bfab718288f6?s=96&d=mm&r=g","contentUrl":"https:\/\/secure.gravatar.com\/avatar\/907069e0b81d119452040469e4a7501da1100f54f7f80180ce77bfab718288f6?s=96&d=mm&r=g","caption":"oliviere"},"sameAs":["http:\/\/www.motocrossmag.be"],"url":"https:\/\/fr.motocrossmag.be\/index.php\/author\/oliviere\/"}]}},"_links":{"self":[{"href":"https:\/\/fr.motocrossmag.be\/index.php\/wp-json\/wp\/v2\/posts\/119655","targetHints":{"allow":["GET"]}}],"collection":[{"href":"https:\/\/fr.motocrossmag.be\/index.php\/wp-json\/wp\/v2\/posts"}],"about":[{"href":"https:\/\/fr.motocrossmag.be\/index.php\/wp-json\/wp\/v2\/types\/post"}],"author":[{"embeddable":true,"href":"https:\/\/fr.motocrossmag.be\/index.php\/wp-json\/wp\/v2\/users\/932"}],"replies":[{"embeddable":true,"href":"https:\/\/fr.motocrossmag.be\/index.php\/wp-json\/wp\/v2\/comments?post=119655"}],"version-history":[{"count":1,"href":"https:\/\/fr.motocrossmag.be\/index.php\/wp-json\/wp\/v2\/posts\/119655\/revisions"}],"predecessor-version":[{"id":119657,"href":"https:\/\/fr.motocrossmag.be\/index.php\/wp-json\/wp\/v2\/posts\/119655\/revisions\/119657"}],"wp:featuredmedia":[{"embeddable":true,"href":"https:\/\/fr.motocrossmag.be\/index.php\/wp-json\/wp\/v2\/media\/119656"}],"wp:attachment":[{"href":"https:\/\/fr.motocrossmag.be\/index.php\/wp-json\/wp\/v2\/media?parent=119655"}],"wp:term":[{"taxonomy":"category","embeddable":true,"href":"https:\/\/fr.motocrossmag.be\/index.php\/wp-json\/wp\/v2\/categories?post=119655"},{"taxonomy":"post_tag","embeddable":true,"href":"https:\/\/fr.motocrossmag.be\/index.php\/wp-json\/wp\/v2\/tags?post=119655"}],"curies":[{"name":"wp","href":"https:\/\/api.w.org\/{rel}","templated":true}]}}