{"id":119673,"date":"2022-08-14T18:16:29","date_gmt":"2022-08-14T16:16:29","guid":{"rendered":"http:\/\/fr.motocrossmag.be\/?p=119673"},"modified":"2022-08-14T18:16:29","modified_gmt":"2022-08-14T16:16:29","slug":"tom-vialle-simpose-et-reprend-huit-points-a-jago-geerts-en-finlande","status":"publish","type":"post","link":"https:\/\/fr.motocrossmag.be\/index.php\/2022\/08\/tom-vialle-simpose-et-reprend-huit-points-a-jago-geerts-en-finlande\/","title":{"rendered":"Tom Vialle s&rsquo;impose et reprend huit points \u00e0 Jago Geerts en Finlande"},"content":{"rendered":"<p><strong>Tom Vialle a remport\u00e9 ce dimanche le GP de Finlande de motocross. Une victoire importante pour le Fran\u00e7ais dans la course au titre mondial MX2 qu&rsquo;il livre depuis le d\u00e9but de saison face \u00e0 Jago Geerts alors que seuls deux GP sont encore \u00e0 disputer.<\/strong><\/p>\n<p>Une semaine avant de retourner face \u00e0 son public \u00e0 Saint-Jean-d&rsquo;Ang\u00e9ly, Tom Vialle renoue avec le succ\u00e8s dans le sable de Hyvinkaa. Vainqueur de la manche qualificative hier, victorieux face \u00e0 Vialle dans la premi\u00e8re manche, Jago Geerts semblait parti pour un nouveau week-end parfait. H\u00e9las, une faute dans les premi\u00e8res secondes de la deuxi\u00e8me manche, alors qu&rsquo;il venait de sortir de la grille en t\u00eate, en a d\u00e9cid\u00e9 autrement. Perdant une trentaine de secondes avant de pouvoir repartir, le leader du provisoire MX2 repart de tr\u00e8s loin pour revenir en 7\u00e8me position.<\/p>\n<p>Pendant ce temps, Vialle s&rsquo;est d\u00e9barrass\u00e9 de Van De Moosdijk en t\u00eate de la course pour remporter la manche et le GP, reprenant au passage 8 points \u00e0 Geerts au classement provisoire.<\/p>\n<p>De 23 points, l&rsquo;avantage de notre compatriote fond donc \u00e0 15 unit\u00e9s \u00e0 l&rsquo;entame des deux derniers GP. Dommage mais cela reste un matelas qui pourra \u00eatre g\u00e9r\u00e9 sur les 4 derni\u00e8res manches de la saison en France puis en Turquie.<\/p>\n<p>Septi\u00e8me de la premi\u00e8re manche, Liam Everts s&rsquo;est \u00e9lanc\u00e9 dans le sillage de Jago Geerts dans la seconde, h\u00e9ritant m\u00eame un instant du leadership suite \u00e0 la chute de son compatriote. Il restera en 4\u00e8me position jusqu&rsquo;au drapeau \u00e0 damiers, entrant ainsi dans le top-5 du GP Finlandais.<\/p>\n<p>&nbsp;<\/p>\n<p><span style=\"color: #800000;\"><strong>R\u00e9sultats<\/strong><\/span><\/p>\n<p>MANCHE 1<\/p>\n<p><strong>1. Jago Geerts (BEL, Yamaha), 35:36.173<\/strong>;\u00a02. Tom Vialle (FRA, KTM), +0:13.983;\u00a03. Kay de Wolf (NED, Husqvarna), +0:19.261; 4. Roan Van De Moosdijk (NED, Husqvarna), +0:26.318;\u00a05. Thibault Benistant (FRA, Yamaha), +0:41.242; 6. Kevin Horgmo (NOR, Kawasaki), +0:41.439;\u00a0<strong>7. Liam Everts (BEL, KTM), +0:47.176<\/strong>;\u00a08. Mikkel Haarup (DEN, Kawasaki), +0:51.479; 9. Simon Laengenfelder (GER, GASGAS), +0:57.633; 10. Andrea Adamo (ITA, GASGAS), +1:30.319;\u00a011. Kay Karssemakers (NED, KTM), +1:32.859;\u00a012. Jan Pancar (SLO, KTM), +1:35.974; 13. Tom Guyon (FRA, KTM), +1:41.315; 14. Stephen Rubini (FRA, Honda), +1:55.668; 15. Marcel Stauffer (AUT, KTM), -1 lap(s); 16. Jakub Teresak (CZE, KTM), -1 lap(s); 17. Kimi Koskinen (FIN, GASGAS), -1 lap(s);\u00a018. Kjell Verbruggen (NED, Kawasaki), -1 lap(s);\u00a019. Joel Rizzi (GBR, Yamaha), -1 lap(s); 20. Leopold Ambj\u00f6rnson (SWE, Husqvarna), -1 lap(s); 21. Albin Gerhardsson (SWE, Husqvarna), -5 lap(s); 22. Filip Olsson (SWE, Husqvarna), -14 lap(s);<\/p>\n<p>MANCHE 2<\/p>\n<p>1. Tom Vialle (FRA, KTM), 33:57.862;\u00a02. Kay de Wolf (NED, Husqvarna), +0:01.313; 3. Roan Van De Moosdijk (NED, Husqvarna), +0:17.544; <strong>4. Liam Everts (BEL, KTM), +0:21.667<\/strong>;\u00a05. Simon Laengenfelder (GER, GASGAS), +0:27.197; 6. Kevin Horgmo (NOR, Kawasaki), +0:28.570;\u00a0<strong>7. Jago Geerts (BEL, Yamaha), +0:50.002<\/strong>;\u00a08. Thibault Benistant (FRA, Yamaha), +0:58.595; 9. Tom Guyon (FRA, KTM), +1:03.891; 10. Jan Pancar (SLO, KTM), +1:13.468; 11. Mikkel Haarup (DEN, Kawasaki), +1:18.670; 12. Stephen Rubini (FRA, Honda), +1:26.903; 13. Albin Gerhardsson (SWE, Husqvarna), +1:42.499; 14. Andrea Adamo (ITA, GASGAS), +2:00.320; 15. Joel Rizzi (GBR, Yamaha), +2:01.894; 16. Jakub Teresak (CZE, KTM), -1 lap(s);\u00a017. Kjell Verbruggen (NED, Kawasaki), -1 lap(s);\u00a018. Leopold Ambj\u00f6rnson (SWE, Husqvarna), -1 lap(s); 19. Marcel Stauffer (AUT, KTM), -10 lap(s); 20. Kay Karssemakers (NED, KTM), -11 lap(s); 21. Kimi Koskinen (FIN, GASGAS), -16 lap(s);<\/p>\n<p>CLASSEMENT GENERAL MX2<\/p>\n<p>1. Tom Vialle (FRA, KTM), 47 points;\u00a02. Kay de Wolf (NED, HUS), 42 p.; <strong>3. Jago Geerts (BEL, YAM), 39 p.<\/strong>; 4. Roan Van De Moosdijk (NED, HUS), 38 p.; <strong>5. Liam Everts (BEL, KTM), 32 p<\/strong>.;\u00a06. Kevin Horgmo (NOR, KAW), 30 p.; 7. Thibault Benistant (FRA, YAM), 29 p.; 8. Simon Laengenfelder (GER, GAS), 28 p.; 9. Mikkel Haarup (DEN, KAW), 23 p.; 10. Tom Guyon (FRA, KTM), 20 p.; 11. Jan Pancar (SLO, KTM), 20 p.; 12. Andrea Adamo (ITA, GAS), 18 p.; 13. Stephen Rubini (FRA, HON), 16 p.; 14. Kay Karssemakers (NED, KTM), 11 p.; 15. Jakub Teresak (CZE, KTM), 10 p.; 16. Albin Gerhardsson (SWE, HUS), 8 p.; 17. Joel Rizzi (GBR, YAM), 8 p.; 18. Marcel Stauffer (AUT, KTM), 8 p.; 19. Kjell Verbruggen (NED, KAW), 7 p.; 20. Leopold Ambj\u00f6rnson (SWE, HUS), 4 p.; 21. Kimi Koskinen (FIN, GAS), 4 p.; 22. Filip Olsson (SWE, HUS), 0 p.;<\/p>\n<p>CLASSEMENT PROVISOIRE MX2<\/p>\n<p><strong>1. Jago Geerts (BEL, YAM), 676 points;\u00a0<\/strong>2. Tom Vialle (FRA, KTM), 661 p.; 3. Simon Laengenfelder (GER, GAS), 535 p.; 4. Kevin Horgmo (NOR, KAW), 476 p.; 5. Thibault Benistant (FRA, YAM), 434 p.; 6. Mikkel Haarup (DEN, KAW), 410 p.;\u00a07. Kay de Wolf (NED, HUS), 390 p.;\u00a08. Andrea Adamo (ITA, GAS), 383 p.; 9. Stephen Rubini (FRA, HON), 358 p.;\u00a0<strong>10. Liam Everts (BEL, KTM), 257 p.<\/strong>;\u00a011. Isak Gifting (SWE, KTM), 255 p.; 12. Jan Pancar (SLO, KTM), 244 p.; 13. Mattia Guadagnini (ITA, GAS), 172 p.;\u00a014. Kay Karssemakers (NED, KTM), 164 p.; 15. Roan Van De Moosdijk (NED, HUS), 150 p.;\u00a016. Tom Guyon (FRA, KTM), 147 p.; 17. Hakon Fredriksen (NOR, HON), 125 p.; 18. Conrad Mewse (GBR, KTM), 113 p.; 19. Jeremy Sydow (GER, KTM), 104 p.; 20. Jakub Teresak (CZE, KTM), 90 p.; 21. Petr Polak (CZE, HON), 84 p.; 22. Kevin Brumann (SUI, YAM), 82 p.; 23. Rick Elzinga (NED, YAM), 49 p.; 24. Filip Olsson (SWE, HUS), 43 p.; 25. Guillem Farres (ESP, KTM), 38 p.; 26. Tomas Kohut (SVK, KTM), 38 p.; 27. Joel Rizzi (GBR, YAM), 37 p.; 28. Gianluca Facchetti (ITA, KTM), 32 p.; 29. Albin Gerhardsson (SWE, HUS), 30 p.; 30. Marcel Stauffer (AUT, KTM), 26 p.; 31. Valerio Lata (ITA, KTM), 26 p.; 32. Delvintor Alfarizi (INA, HON), 23 p.; 33. Jorgen-Matthias Talviku (EST, HUS), 23 p.; 34. Leopold Ambj\u00f6rnson (SWE, HUS), 23 p.; 35. Andrea Bonacorsi (ITA, YAM), 21 p.; 36. Bastian Boegh Damm (DEN, KTM), 21 p.; 37. Ananda rigi Aditya (INA, HUS), 19 p.; 38. Pierre Goupillon (FRA, KTM), 19 p.; 39. Kjell Verbruggen (NED, KAW), 19 p.; 40. Noah Ludwig (GER, KTM), 19 p.; 41. Diva Ismayana (INA, KAW), 18 p.; 42. Nakami Vidi Makarim (INA, HUS), 18 p.; 43. Dharwin Lingam (MAS, KAW), 17 p.; 44. Pablo Jeremias Pascual (ARG, KTM), 16 p.; 45. Luciano Righi (ARG, HUS), 16 p.; 46. Tim Edberg (SWE, YAM), 14 p.; 47. Camden Mc Lellan (RSA, KTM), 13 p.; 48. Fermin Ciccimarra (ARG, YAM), 12 p.; 49. Maxime Grau (FRA, HUS), 11 p.; 50. David Braceras (ESP, KTM), 9 p.; 51. James Carpenter (GBR, KTM), 7 p.; 52. Samuel Nilsson (ESP, KTM), 7 p.; 53. Glen Meier (DEN, KTM), 7 p.; 54. Kimi Koskinen (FIN, GAS), 4 p.; 55. Christopher Mills (GBR, KTM), 4 p.; <strong>56. Florent Lambillon (BEL, SUZ), 4 p.<\/strong>; 57. Dorian Werl\u00e9 (FRA, KTM), 4 p.; 58. Mike Gwerder (SUI, KTM), 4 p.; 59. Maximilian Spies (GER, KTM), 4 p.; 60. Nico Greutmann (GER, HUS), 3 p.; 61. Adam Collings (GBR, KTM), 2 p.; <strong>62. Lucas Coenen (BEL, HUS), 2 p.<\/strong>; 63. Bobby Bruce (GBR, GAS), 2 p.; 64. Eric Tomas (ESP, YAM), 1 p.;<\/p>\n","protected":false},"excerpt":{"rendered":"<p>Tom Vialle a remport\u00e9 ce dimanche le GP de Finlande de motocross. Une victoire importante pour le Fran\u00e7ais dans la course au titre mondial MX2 qu&rsquo;il livre depuis le d\u00e9but [&#8230;]<\/p>\n","protected":false},"author":932,"featured_media":119674,"comment_status":"open","ping_status":"closed","sticky":false,"template":"","format":"standard","meta":{"footnotes":""},"categories":[54,4,6,5,55,56,65],"tags":[813,947,568,1246],"class_list":["post-119673","post","type-post","status-publish","format-standard","has-post-thumbnail","hentry","category-actualite","category-motocross","category-mx1mx2","category-news","category-news-actualite","category-resultats","category-slideshow","tag-jago-geerts","tag-motocross","tag-mxgp","tag-tom-vialle"],"yoast_head":"<!-- This site is optimized with the Yoast SEO plugin v27.4 - https:\/\/yoast.com\/product\/yoast-seo-wordpress\/ -->\n<title>Tom Vialle s&#039;impose et reprend huit points \u00e0 Jago Geerts en Finlande - Motocross - Enduro - Supermoto | MotocrossMag<\/title>\n<meta name=\"robots\" content=\"index, follow, max-snippet:-1, max-image-preview:large, max-video-preview:-1\" \/>\n<link rel=\"canonical\" href=\"https:\/\/fr.motocrossmag.be\/index.php\/2022\/08\/tom-vialle-simpose-et-reprend-huit-points-a-jago-geerts-en-finlande\/\" \/>\n<meta property=\"og:locale\" content=\"fr_FR\" \/>\n<meta property=\"og:type\" content=\"article\" \/>\n<meta property=\"og:title\" content=\"Tom Vialle s&#039;impose et reprend huit points \u00e0 Jago Geerts en Finlande - Motocross - Enduro - Supermoto | MotocrossMag\" \/>\n<meta property=\"og:description\" content=\"Tom Vialle a remport\u00e9 ce dimanche le GP de Finlande de motocross. Une victoire importante pour le Fran\u00e7ais dans la course au titre mondial MX2 qu&rsquo;il livre depuis le d\u00e9but [...]\" \/>\n<meta property=\"og:url\" content=\"https:\/\/fr.motocrossmag.be\/index.php\/2022\/08\/tom-vialle-simpose-et-reprend-huit-points-a-jago-geerts-en-finlande\/\" \/>\n<meta property=\"og:site_name\" content=\"Motocross - Enduro - Supermoto | MotocrossMag\" \/>\n<meta property=\"article:published_time\" content=\"2022-08-14T16:16:29+00:00\" \/>\n<meta property=\"og:image\" content=\"https:\/\/fr.motocrossmag.be\/wp-content\/uploads\/2022\/08\/466443_Vialle_MXGP_2022_R16_AH9I1006_16th-Rd-MXGP-2022-_-Litti-KymiRing-_FIN_.jpg\" \/>\n\t<meta property=\"og:image:width\" content=\"1000\" \/>\n\t<meta property=\"og:image:height\" content=\"666\" \/>\n\t<meta property=\"og:image:type\" content=\"image\/jpeg\" \/>\n<meta name=\"author\" content=\"oliviere\" \/>\n<meta name=\"twitter:card\" content=\"summary_large_image\" \/>\n<meta name=\"twitter:label1\" content=\"\u00c9crit par\" \/>\n\t<meta name=\"twitter:data1\" content=\"oliviere\" \/>\n\t<meta name=\"twitter:label2\" content=\"Dur\u00e9e de lecture estim\u00e9e\" \/>\n\t<meta name=\"twitter:data2\" content=\"5 minutes\" \/>\n<script type=\"application\/ld+json\" class=\"yoast-schema-graph\">{\"@context\":\"https:\\\/\\\/schema.org\",\"@graph\":[{\"@type\":\"Article\",\"@id\":\"https:\\\/\\\/fr.motocrossmag.be\\\/index.php\\\/2022\\\/08\\\/tom-vialle-simpose-et-reprend-huit-points-a-jago-geerts-en-finlande\\\/#article\",\"isPartOf\":{\"@id\":\"https:\\\/\\\/fr.motocrossmag.be\\\/index.php\\\/2022\\\/08\\\/tom-vialle-simpose-et-reprend-huit-points-a-jago-geerts-en-finlande\\\/\"},\"author\":{\"name\":\"oliviere\",\"@id\":\"https:\\\/\\\/fr.motocrossmag.be\\\/#\\\/schema\\\/person\\\/11b47143d9f755babca2c9110e03235c\"},\"headline\":\"Tom Vialle s&rsquo;impose et reprend huit points \u00e0 Jago Geerts en Finlande\",\"datePublished\":\"2022-08-14T16:16:29+00:00\",\"mainEntityOfPage\":{\"@id\":\"https:\\\/\\\/fr.motocrossmag.be\\\/index.php\\\/2022\\\/08\\\/tom-vialle-simpose-et-reprend-huit-points-a-jago-geerts-en-finlande\\\/\"},\"wordCount\":961,\"commentCount\":0,\"image\":{\"@id\":\"https:\\\/\\\/fr.motocrossmag.be\\\/index.php\\\/2022\\\/08\\\/tom-vialle-simpose-et-reprend-huit-points-a-jago-geerts-en-finlande\\\/#primaryimage\"},\"thumbnailUrl\":\"https:\\\/\\\/fr.motocrossmag.be\\\/wp-content\\\/uploads\\\/2022\\\/08\\\/466443_Vialle_MXGP_2022_R16_AH9I1006_16th-Rd-MXGP-2022-_-Litti-KymiRing-_FIN_.jpg\",\"keywords\":[\"Jago Geerts\",\"Motocross\",\"MXGP\",\"tom vialle\"],\"articleSection\":[\"Actualit\u00e9\",\"Motocross\",\"Motocross MXGP\",\"News\",\"News\",\"R\u00e9sultats\",\"Slideshow\"],\"inLanguage\":\"fr-FR\",\"potentialAction\":[{\"@type\":\"CommentAction\",\"name\":\"Comment\",\"target\":[\"https:\\\/\\\/fr.motocrossmag.be\\\/index.php\\\/2022\\\/08\\\/tom-vialle-simpose-et-reprend-huit-points-a-jago-geerts-en-finlande\\\/#respond\"]}]},{\"@type\":\"WebPage\",\"@id\":\"https:\\\/\\\/fr.motocrossmag.be\\\/index.php\\\/2022\\\/08\\\/tom-vialle-simpose-et-reprend-huit-points-a-jago-geerts-en-finlande\\\/\",\"url\":\"https:\\\/\\\/fr.motocrossmag.be\\\/index.php\\\/2022\\\/08\\\/tom-vialle-simpose-et-reprend-huit-points-a-jago-geerts-en-finlande\\\/\",\"name\":\"Tom Vialle s'impose et reprend huit points \u00e0 Jago Geerts en Finlande - Motocross - Enduro - Supermoto | MotocrossMag\",\"isPartOf\":{\"@id\":\"https:\\\/\\\/fr.motocrossmag.be\\\/#website\"},\"primaryImageOfPage\":{\"@id\":\"https:\\\/\\\/fr.motocrossmag.be\\\/index.php\\\/2022\\\/08\\\/tom-vialle-simpose-et-reprend-huit-points-a-jago-geerts-en-finlande\\\/#primaryimage\"},\"image\":{\"@id\":\"https:\\\/\\\/fr.motocrossmag.be\\\/index.php\\\/2022\\\/08\\\/tom-vialle-simpose-et-reprend-huit-points-a-jago-geerts-en-finlande\\\/#primaryimage\"},\"thumbnailUrl\":\"https:\\\/\\\/fr.motocrossmag.be\\\/wp-content\\\/uploads\\\/2022\\\/08\\\/466443_Vialle_MXGP_2022_R16_AH9I1006_16th-Rd-MXGP-2022-_-Litti-KymiRing-_FIN_.jpg\",\"datePublished\":\"2022-08-14T16:16:29+00:00\",\"author\":{\"@id\":\"https:\\\/\\\/fr.motocrossmag.be\\\/#\\\/schema\\\/person\\\/11b47143d9f755babca2c9110e03235c\"},\"breadcrumb\":{\"@id\":\"https:\\\/\\\/fr.motocrossmag.be\\\/index.php\\\/2022\\\/08\\\/tom-vialle-simpose-et-reprend-huit-points-a-jago-geerts-en-finlande\\\/#breadcrumb\"},\"inLanguage\":\"fr-FR\",\"potentialAction\":[{\"@type\":\"ReadAction\",\"target\":[\"https:\\\/\\\/fr.motocrossmag.be\\\/index.php\\\/2022\\\/08\\\/tom-vialle-simpose-et-reprend-huit-points-a-jago-geerts-en-finlande\\\/\"]}]},{\"@type\":\"ImageObject\",\"inLanguage\":\"fr-FR\",\"@id\":\"https:\\\/\\\/fr.motocrossmag.be\\\/index.php\\\/2022\\\/08\\\/tom-vialle-simpose-et-reprend-huit-points-a-jago-geerts-en-finlande\\\/#primaryimage\",\"url\":\"https:\\\/\\\/fr.motocrossmag.be\\\/wp-content\\\/uploads\\\/2022\\\/08\\\/466443_Vialle_MXGP_2022_R16_AH9I1006_16th-Rd-MXGP-2022-_-Litti-KymiRing-_FIN_.jpg\",\"contentUrl\":\"https:\\\/\\\/fr.motocrossmag.be\\\/wp-content\\\/uploads\\\/2022\\\/08\\\/466443_Vialle_MXGP_2022_R16_AH9I1006_16th-Rd-MXGP-2022-_-Litti-KymiRing-_FIN_.jpg\",\"width\":\"1000\",\"height\":\"666\"},{\"@type\":\"BreadcrumbList\",\"@id\":\"https:\\\/\\\/fr.motocrossmag.be\\\/index.php\\\/2022\\\/08\\\/tom-vialle-simpose-et-reprend-huit-points-a-jago-geerts-en-finlande\\\/#breadcrumb\",\"itemListElement\":[{\"@type\":\"ListItem\",\"position\":1,\"name\":\"Accueil\",\"item\":\"https:\\\/\\\/fr.motocrossmag.be\\\/\"},{\"@type\":\"ListItem\",\"position\":2,\"name\":\"Tom Vialle s&rsquo;impose et reprend huit points \u00e0 Jago Geerts en Finlande\"}]},{\"@type\":\"WebSite\",\"@id\":\"https:\\\/\\\/fr.motocrossmag.be\\\/#website\",\"url\":\"https:\\\/\\\/fr.motocrossmag.be\\\/\",\"name\":\"Motocross - Enduro - Supermoto | MotocrossMag\",\"description\":\"L&#039;actualit\u00e9 du motocross, de l&#039;enduro et du Supermoto en ligne!\",\"potentialAction\":[{\"@type\":\"SearchAction\",\"target\":{\"@type\":\"EntryPoint\",\"urlTemplate\":\"https:\\\/\\\/fr.motocrossmag.be\\\/?s={search_term_string}\"},\"query-input\":{\"@type\":\"PropertyValueSpecification\",\"valueRequired\":true,\"valueName\":\"search_term_string\"}}],\"inLanguage\":\"fr-FR\"},{\"@type\":\"Person\",\"@id\":\"https:\\\/\\\/fr.motocrossmag.be\\\/#\\\/schema\\\/person\\\/11b47143d9f755babca2c9110e03235c\",\"name\":\"oliviere\",\"image\":{\"@type\":\"ImageObject\",\"inLanguage\":\"fr-FR\",\"@id\":\"https:\\\/\\\/secure.gravatar.com\\\/avatar\\\/907069e0b81d119452040469e4a7501da1100f54f7f80180ce77bfab718288f6?s=96&d=mm&r=g\",\"url\":\"https:\\\/\\\/secure.gravatar.com\\\/avatar\\\/907069e0b81d119452040469e4a7501da1100f54f7f80180ce77bfab718288f6?s=96&d=mm&r=g\",\"contentUrl\":\"https:\\\/\\\/secure.gravatar.com\\\/avatar\\\/907069e0b81d119452040469e4a7501da1100f54f7f80180ce77bfab718288f6?s=96&d=mm&r=g\",\"caption\":\"oliviere\"},\"sameAs\":[\"http:\\\/\\\/www.motocrossmag.be\"],\"url\":\"https:\\\/\\\/fr.motocrossmag.be\\\/index.php\\\/author\\\/oliviere\\\/\"}]}<\/script>\n<!-- \/ Yoast SEO plugin. -->","yoast_head_json":{"title":"Tom Vialle s'impose et reprend huit points \u00e0 Jago Geerts en Finlande - Motocross - Enduro - Supermoto | MotocrossMag","robots":{"index":"index","follow":"follow","max-snippet":"max-snippet:-1","max-image-preview":"max-image-preview:large","max-video-preview":"max-video-preview:-1"},"canonical":"https:\/\/fr.motocrossmag.be\/index.php\/2022\/08\/tom-vialle-simpose-et-reprend-huit-points-a-jago-geerts-en-finlande\/","og_locale":"fr_FR","og_type":"article","og_title":"Tom Vialle s'impose et reprend huit points \u00e0 Jago Geerts en Finlande - Motocross - Enduro - Supermoto | MotocrossMag","og_description":"Tom Vialle a remport\u00e9 ce dimanche le GP de Finlande de motocross. Une victoire importante pour le Fran\u00e7ais dans la course au titre mondial MX2 qu&rsquo;il livre depuis le d\u00e9but [...]","og_url":"https:\/\/fr.motocrossmag.be\/index.php\/2022\/08\/tom-vialle-simpose-et-reprend-huit-points-a-jago-geerts-en-finlande\/","og_site_name":"Motocross - Enduro - Supermoto | MotocrossMag","article_published_time":"2022-08-14T16:16:29+00:00","og_image":[{"width":1000,"height":666,"url":"https:\/\/fr.motocrossmag.be\/wp-content\/uploads\/2022\/08\/466443_Vialle_MXGP_2022_R16_AH9I1006_16th-Rd-MXGP-2022-_-Litti-KymiRing-_FIN_.jpg","type":"image\/jpeg"}],"author":"oliviere","twitter_card":"summary_large_image","twitter_misc":{"\u00c9crit par":"oliviere","Dur\u00e9e de lecture estim\u00e9e":"5 minutes"},"schema":{"@context":"https:\/\/schema.org","@graph":[{"@type":"Article","@id":"https:\/\/fr.motocrossmag.be\/index.php\/2022\/08\/tom-vialle-simpose-et-reprend-huit-points-a-jago-geerts-en-finlande\/#article","isPartOf":{"@id":"https:\/\/fr.motocrossmag.be\/index.php\/2022\/08\/tom-vialle-simpose-et-reprend-huit-points-a-jago-geerts-en-finlande\/"},"author":{"name":"oliviere","@id":"https:\/\/fr.motocrossmag.be\/#\/schema\/person\/11b47143d9f755babca2c9110e03235c"},"headline":"Tom Vialle s&rsquo;impose et reprend huit points \u00e0 Jago Geerts en Finlande","datePublished":"2022-08-14T16:16:29+00:00","mainEntityOfPage":{"@id":"https:\/\/fr.motocrossmag.be\/index.php\/2022\/08\/tom-vialle-simpose-et-reprend-huit-points-a-jago-geerts-en-finlande\/"},"wordCount":961,"commentCount":0,"image":{"@id":"https:\/\/fr.motocrossmag.be\/index.php\/2022\/08\/tom-vialle-simpose-et-reprend-huit-points-a-jago-geerts-en-finlande\/#primaryimage"},"thumbnailUrl":"https:\/\/fr.motocrossmag.be\/wp-content\/uploads\/2022\/08\/466443_Vialle_MXGP_2022_R16_AH9I1006_16th-Rd-MXGP-2022-_-Litti-KymiRing-_FIN_.jpg","keywords":["Jago Geerts","Motocross","MXGP","tom vialle"],"articleSection":["Actualit\u00e9","Motocross","Motocross MXGP","News","News","R\u00e9sultats","Slideshow"],"inLanguage":"fr-FR","potentialAction":[{"@type":"CommentAction","name":"Comment","target":["https:\/\/fr.motocrossmag.be\/index.php\/2022\/08\/tom-vialle-simpose-et-reprend-huit-points-a-jago-geerts-en-finlande\/#respond"]}]},{"@type":"WebPage","@id":"https:\/\/fr.motocrossmag.be\/index.php\/2022\/08\/tom-vialle-simpose-et-reprend-huit-points-a-jago-geerts-en-finlande\/","url":"https:\/\/fr.motocrossmag.be\/index.php\/2022\/08\/tom-vialle-simpose-et-reprend-huit-points-a-jago-geerts-en-finlande\/","name":"Tom Vialle s'impose et reprend huit points \u00e0 Jago Geerts en Finlande - Motocross - Enduro - Supermoto | MotocrossMag","isPartOf":{"@id":"https:\/\/fr.motocrossmag.be\/#website"},"primaryImageOfPage":{"@id":"https:\/\/fr.motocrossmag.be\/index.php\/2022\/08\/tom-vialle-simpose-et-reprend-huit-points-a-jago-geerts-en-finlande\/#primaryimage"},"image":{"@id":"https:\/\/fr.motocrossmag.be\/index.php\/2022\/08\/tom-vialle-simpose-et-reprend-huit-points-a-jago-geerts-en-finlande\/#primaryimage"},"thumbnailUrl":"https:\/\/fr.motocrossmag.be\/wp-content\/uploads\/2022\/08\/466443_Vialle_MXGP_2022_R16_AH9I1006_16th-Rd-MXGP-2022-_-Litti-KymiRing-_FIN_.jpg","datePublished":"2022-08-14T16:16:29+00:00","author":{"@id":"https:\/\/fr.motocrossmag.be\/#\/schema\/person\/11b47143d9f755babca2c9110e03235c"},"breadcrumb":{"@id":"https:\/\/fr.motocrossmag.be\/index.php\/2022\/08\/tom-vialle-simpose-et-reprend-huit-points-a-jago-geerts-en-finlande\/#breadcrumb"},"inLanguage":"fr-FR","potentialAction":[{"@type":"ReadAction","target":["https:\/\/fr.motocrossmag.be\/index.php\/2022\/08\/tom-vialle-simpose-et-reprend-huit-points-a-jago-geerts-en-finlande\/"]}]},{"@type":"ImageObject","inLanguage":"fr-FR","@id":"https:\/\/fr.motocrossmag.be\/index.php\/2022\/08\/tom-vialle-simpose-et-reprend-huit-points-a-jago-geerts-en-finlande\/#primaryimage","url":"https:\/\/fr.motocrossmag.be\/wp-content\/uploads\/2022\/08\/466443_Vialle_MXGP_2022_R16_AH9I1006_16th-Rd-MXGP-2022-_-Litti-KymiRing-_FIN_.jpg","contentUrl":"https:\/\/fr.motocrossmag.be\/wp-content\/uploads\/2022\/08\/466443_Vialle_MXGP_2022_R16_AH9I1006_16th-Rd-MXGP-2022-_-Litti-KymiRing-_FIN_.jpg","width":"1000","height":"666"},{"@type":"BreadcrumbList","@id":"https:\/\/fr.motocrossmag.be\/index.php\/2022\/08\/tom-vialle-simpose-et-reprend-huit-points-a-jago-geerts-en-finlande\/#breadcrumb","itemListElement":[{"@type":"ListItem","position":1,"name":"Accueil","item":"https:\/\/fr.motocrossmag.be\/"},{"@type":"ListItem","position":2,"name":"Tom Vialle s&rsquo;impose et reprend huit points \u00e0 Jago Geerts en Finlande"}]},{"@type":"WebSite","@id":"https:\/\/fr.motocrossmag.be\/#website","url":"https:\/\/fr.motocrossmag.be\/","name":"Motocross - Enduro - Supermoto | MotocrossMag","description":"L&#039;actualit\u00e9 du motocross, de l&#039;enduro et du Supermoto en ligne!","potentialAction":[{"@type":"SearchAction","target":{"@type":"EntryPoint","urlTemplate":"https:\/\/fr.motocrossmag.be\/?s={search_term_string}"},"query-input":{"@type":"PropertyValueSpecification","valueRequired":true,"valueName":"search_term_string"}}],"inLanguage":"fr-FR"},{"@type":"Person","@id":"https:\/\/fr.motocrossmag.be\/#\/schema\/person\/11b47143d9f755babca2c9110e03235c","name":"oliviere","image":{"@type":"ImageObject","inLanguage":"fr-FR","@id":"https:\/\/secure.gravatar.com\/avatar\/907069e0b81d119452040469e4a7501da1100f54f7f80180ce77bfab718288f6?s=96&d=mm&r=g","url":"https:\/\/secure.gravatar.com\/avatar\/907069e0b81d119452040469e4a7501da1100f54f7f80180ce77bfab718288f6?s=96&d=mm&r=g","contentUrl":"https:\/\/secure.gravatar.com\/avatar\/907069e0b81d119452040469e4a7501da1100f54f7f80180ce77bfab718288f6?s=96&d=mm&r=g","caption":"oliviere"},"sameAs":["http:\/\/www.motocrossmag.be"],"url":"https:\/\/fr.motocrossmag.be\/index.php\/author\/oliviere\/"}]}},"_links":{"self":[{"href":"https:\/\/fr.motocrossmag.be\/index.php\/wp-json\/wp\/v2\/posts\/119673","targetHints":{"allow":["GET"]}}],"collection":[{"href":"https:\/\/fr.motocrossmag.be\/index.php\/wp-json\/wp\/v2\/posts"}],"about":[{"href":"https:\/\/fr.motocrossmag.be\/index.php\/wp-json\/wp\/v2\/types\/post"}],"author":[{"embeddable":true,"href":"https:\/\/fr.motocrossmag.be\/index.php\/wp-json\/wp\/v2\/users\/932"}],"replies":[{"embeddable":true,"href":"https:\/\/fr.motocrossmag.be\/index.php\/wp-json\/wp\/v2\/comments?post=119673"}],"version-history":[{"count":0,"href":"https:\/\/fr.motocrossmag.be\/index.php\/wp-json\/wp\/v2\/posts\/119673\/revisions"}],"wp:featuredmedia":[{"embeddable":true,"href":"https:\/\/fr.motocrossmag.be\/index.php\/wp-json\/wp\/v2\/media\/119674"}],"wp:attachment":[{"href":"https:\/\/fr.motocrossmag.be\/index.php\/wp-json\/wp\/v2\/media?parent=119673"}],"wp:term":[{"taxonomy":"category","embeddable":true,"href":"https:\/\/fr.motocrossmag.be\/index.php\/wp-json\/wp\/v2\/categories?post=119673"},{"taxonomy":"post_tag","embeddable":true,"href":"https:\/\/fr.motocrossmag.be\/index.php\/wp-json\/wp\/v2\/tags?post=119673"}],"curies":[{"name":"wp","href":"https:\/\/api.w.org\/{rel}","templated":true}]}}