{"id":119675,"date":"2022-08-14T18:33:33","date_gmt":"2022-08-14T16:33:33","guid":{"rendered":"http:\/\/fr.motocrossmag.be\/?p=119675"},"modified":"2022-08-14T18:33:33","modified_gmt":"2022-08-14T16:33:33","slug":"mxgp-une-cinquieme-couronne-mondiale-pour-tim-gajser","status":"publish","type":"post","link":"https:\/\/fr.motocrossmag.be\/index.php\/2022\/08\/mxgp-une-cinquieme-couronne-mondiale-pour-tim-gajser\/","title":{"rendered":"MXGP : une cinqui\u00e8me couronne mondiale pour Tim Gajser"},"content":{"rendered":"<p><strong>Le GP de Finlande ce dimanche a sacr\u00e9 dans la cat\u00e9gorie reine du motocross mondial Tim Gajser. Le Slov\u00e8ne s&rsquo;offre ainsi une 5\u00e8me couronne mondiale, la 4\u00e8me dans la cat\u00e9gorie reine.<\/strong><\/p>\n<p>Le podium du GP finlandais est un podium 100% Yamaha puisque Glenn Coldenhoff s&rsquo;impose devant ses co\u00e9quipiers Jeremy Seewer et Maxime Renaux. Vainqueur de la premi\u00e8re manche, Brian Bogers n&rsquo;a pu faire mieux que 6\u00e8me dans la seconde, ce qui vaut au Hollandais de terminer au pied du podium juste devant un excellent Brent Van Doninck, 7\u00e8me puis 4\u00e8me dans les manches disput\u00e9es dans le sable de Hyvinkaa.<\/p>\n<p>Avec ce 5\u00e8me titre conquis alors deux GP sont encore \u00e0 disputer cette saison (en France puis en Turquie), Tim Gajser rejoint le cercle tr\u00e8s ferm\u00e9 des quintuples champions du monde. On y retrouve nos compatriotes Georges Job\u00e9, Roger Decoster, Jo\u00ebl Smets et Eric Geboers aux c\u00f4t\u00e9s de Jeffrey Herlings, sacr\u00e9 pour la 5\u00e8me fois l&rsquo;automne dernier. Ils sont donc d\u00e9sormais six dans le \u00ab\u00a0Club des 5&Prime;&#8230;<\/p>\n<p><span style=\"color: #800000;\"><strong>R\u00e9sultats<\/strong><\/span><\/p>\n<p>MANCHE 1<\/p>\n<p>1. Brian Bogers (NED, Husqvarna), 35:42.121; 2. Glenn Coldenhoff (NED, Yamaha), +0:09.623; 3. Maxime Renaux (FRA, Yamaha), +0:13.050; 4. Jeremy Seewer (SUI, Yamaha), +0:14.875; 5. Romain Febvre (FRA, Kawasaki), +0:15.802; 6. Tim Gajser (SLO, Honda), +0:29.472;\u00a0<strong>7. Brent Van doninck (BEL, Yamaha), +0:36.221<\/strong>; 8. Alberto Forato (ITA, GASGAS), +0:41.675; 9. Jorge Prado (ESP, GASGAS), +0:48.904;\u00a0<strong>10.\u00a0Jeremy Van Horebeek (BEL, Beta), +0:51.644<\/strong>; 11. Calvin Vlaanderen (NED, Yamaha), +1:02.390; 12. Henry Jacobi (GER, Honda), +1:06.596; 13. Pauls Jonass (LAT, Husqvarna), +1:08.632; 14. Mitchell Evans (AUS, Honda), +1:12.228; 15. Ben Watson (GBR, Kawasaki), +1:16.878; 16. Ruben Fernandez (ESP, Honda), +1:19.919; 17. Harri Kullas (EST, Yamaha), +1:22.188; 18. Alvin \u00d6stlund (SWE, Yamaha), +1:23.695; 19. Jed Beaton (AUS, Kawasaki), +1:24.639; 20. Mattia Guadagnini (ITA, GASGAS), +1:25.659; 21. Tom Koch (GER, KTM), +1:29.172; 22. Tanel Leok (EST, Husqvarna), +2:18.713; 23. Karel Kutsar (EST, KTM), -1 lap(s); 24. Hardi Roosiorg (EST, KTM), -1 lap(s); 25. Ivo Monticelli (ITA, Honda), -3 lap(s); 26. Jere Haavisto (FIN, KTM), -8 lap(s); 27. Miro Sihvonen (FIN, Honda), -9 lap(s); 28. Benoit Paturel (FRA, Honda), -15 lap(s);<\/p>\n<p>MANCHE 2<\/p>\n<p>1. Glenn Coldenhoff (NED, Yamaha), 33:56.062; 2. Jeremy Seewer (SUI, Yamaha), +0:05.134; 3. Maxime Renaux (FRA, Yamaha), +0:12.889;\u00a0<strong>4. Brent Van doninck (BEL, Yamaha), +0:14.139<\/strong>;\u00a05. Calvin Vlaanderen (NED, Yamaha), +0:28.197; 6. Brian Bogers (NED, Husqvarna), +0:32.984; 7. Tim Gajser (SLO, Honda), +0:42.280; 8. Romain Febvre (FRA, Kawasaki), +0:47.037; 9. Henry Jacobi (GER, Honda), +0:51.404; 10. Pauls Jonass (LAT, Husqvarna), +0:53.058; 11. Alberto Forato (ITA, GASGAS), +1:02.551; 12. Jorge Prado (ESP, GASGAS), +1:05.687; 13. Mattia Guadagnini (ITA, GASGAS), +1:06.820; 14. Jed Beaton (AUS, Kawasaki), +1:08.294; 15. Harri Kullas (EST, Yamaha), +1:10.926; 16. Tom Koch (GER, KTM), +1:18.437; 17. Jere Haavisto (FIN, KTM), +1:29.922; 18. Ben Watson (GBR, Kawasaki), +1:34.965; 19. Alvin \u00d6stlund (SWE, Yamaha), +1:42.575; 20. Mitchell Evans (AUS, Honda), +1:48.995; 21. Tanel Leok (EST, Husqvarna), +2:06.297; 22. Ivo Monticelli (ITA, Honda), -2 lap(s);\u00a0<strong>23. Jeremy Van Horebeek (BEL, Beta), -5 lap(s);<\/strong> 24. Ruben Fernandez (ESP, Honda), -8 lap(s); 25. Karel Kutsar (EST, KTM), -13 lap(s); 26. Hardi Roosiorg (EST, KTM), -14 lap(s);<\/p>\n<p>CLASSEMENT GENERAL MXGP<\/p>\n<p>1. Glenn Coldenhoff (NED, YAM), 47 points; 2. Jeremy Seewer (SUI, YAM), 40 p.; 3. Maxime Renaux (FRA, YAM), 40 p.;\u00a04. Brian Bogers (NED, HUS), 40 p.;\u00a0<strong>5. Brent Van doninck (BEL, YAM), 32 p.;<\/strong> 6. Tim Gajser (SLO, HON), 29 p.; 7. Romain Febvre (FRA, KAW), 29 p.;\u00a08. Calvin Vlaanderen (NED, YAM), 26 p.; 9. Alberto Forato (ITA, GAS), 23 p.; 10. Henry Jacobi (GER, HON), 21 p.; 11. Jorge Prado (ESP, GAS), 21 p.; 12. Pauls Jonass (LAT, HUS), 19 p.;<strong>\u00a013. Jeremy Van Horebeek (BEL, BET), 11 p.<\/strong>; 14. Harri Kullas (EST, YAM), 10 p.; 15. Mattia Guadagnini (ITA, GAS), 9 p.; 16. Jed Beaton (AUS, KAW), 9 p.; 17. Ben Watson (GBR, KAW), 9 p.; 18. Mitchell Evans (AUS, HON), 8 p.; 19. Tom Koch (GER, KTM), 5 p.; 20. Alvin \u00d6stlund (SWE, YAM), 5 p.; 21. Ruben Fernandez (ESP, HON), 5 p.; 22. Jere Haavisto (FIN, KTM), 4 p.; 23. Tanel Leok (EST, HUS), 0 p.; 24. Ivo Monticelli (ITA, HON), 0 p.; 25. Karel Kutsar (EST, KTM), 0 p.; 26. Hardi Roosiorg (EST, KTM), 0 p.; 27. Miro Sihvonen (FIN, HON), 0 p.; 28. Benoit Paturel (FRA, HON), 0 p.;<\/p>\n<p>CLASSEMENT PROVISOIRE MXGP<\/p>\n<p>1. Tim Gajser (SLO, HON), 674 points; 2. Jeremy Seewer (SUI, YAM), 570 p.;\u00a03. Glenn Coldenhoff (NED, YAM), 525 p.; 4. Jorge Prado (ESP, GAS), 517 p.; 5. Maxime Renaux (FRA, YAM), 506 p.;\u00a06. Brian Bogers (NED, HUS), 391 p.; 7. Ruben Fernandez (ESP, HON), 359 p.;\u00a08. Calvin Vlaanderen (NED, YAM), 352 p.; 9. Pauls Jonass (LAT, HUS), 325 p.; 10. Mitchell Evans (AUS, HON), 272 p.;\u00a0<strong>11. Jeremy Van Horebeek (BEL, BET), 265 p.<\/strong>; 12. Ben Watson (GBR, KAW), 252 p.;\u00a0<strong>13. Brent Van doninck (BEL, YAM), 238 p.<\/strong>; 14. Alberto Forato (ITA, GAS), 227 p.; 15. Henry Jacobi (GER, HON), 208 p.; 16. Jordi Tixier (FRA, KTM), 197 p.; 17. Romain Febvre (FRA, KAW), 176 p.; 18. Jed Beaton (AUS, KAW), 176 p.; 19. Mattia Guadagnini (ITA, GAS), 154 p.; 20. Alvin \u00d6stlund (SWE, YAM), 107 p.; 21. Tom Koch (GER, KTM), 80 p.; 22. Thomas Kjer Olsen (DEN, KTM), 73 p.; 23. Valentin Guillod (SUI, YAM), 73 p.; 24. Ivo Monticelli (ITA, HON), 50 p.; 25. Benoit Paturel (FRA, HON), 38 p.; 26. Hardi Roosiorg (EST, KTM), 32 p.; 27. Nicholas Lapucci (ITA, FAN), 31 p.; 28. Alessandro Lupino (ITA, BET), 18 p.; 29. Miro Sihvonen (FIN, HON), 18 p.; 30. Christophe Charlier (FRA, YAM), 17 p.; 31. Harri Kullas (EST, YAM), 15 p.; 32. Jorge Zaragoza (ESP, HON), 12 p.; 33. Nicolas Rolando (URU, SUZ), 10 p.;\u00a0<strong>34. Cyril Genot (BEL, HON), 9 p.;<\/strong> 35. Lewis Stewart (AUS, KTM), 9 p.; 36. Jere Haavisto (FIN, KTM), 9 p.; 37. Nicholas Murray (AUS, HUS), 7 p.; 38. Sergio Villaronga (CHL, HON), 6 p.; 39. David Philippaerts (ITA, KAW), 6 p.; 40. Tanel Leok (EST, HUS), 6 p.; 41. Victor Dario Arco (ARG, SUZ), 6 p.; 42. Arminas Jasikonis (LTU, YAM), 6 p.; 43. Kevin Brumann (SUI, YAM), 6 p.; 44. Humberto Martin (VEN, HUS), 5 p.; 45. Farhan Hendra fahrodjie (INA, KTM), 5 p.; 46. Marcos Trossero (ARG, YAM), 4 p.; 47. Lautaro Toro (ARG, KTM), 4 p.; 48. Agustin Carrasco (ARG, YAM), 4 p.; 49. Filippo Zonta (ITA, GAS), 4 p.; 50. Pablo Galletta (ARG, YAM), 3 p.; 51. Adam Sterry (GBR, KTM), 3 p.; 52. Lionel Kerhoas (FRA, YAM), 3 p.; 53. Lorenzo Locurcio (VEN, KTM), 2 p.; 54. Ismaele Guarise (ITA, KTM), 2 p.; 55. Giuseppe Tropepe (ITA, HUS), 1 p.;\u00a056. Sven Van der Mierden (NED, GAS), 1 p.; 57. Charles Lefrancois (FRA, HON), 1 p.; 58. Du\u0161an Drdaj (CZE, GAS), 1 p.; 59. Francisco Cabarcos (ARG, SUZ), 1 p.;<\/p>\n","protected":false},"excerpt":{"rendered":"<p>Le GP de Finlande ce dimanche a sacr\u00e9 dans la cat\u00e9gorie reine du motocross mondial Tim Gajser. Le Slov\u00e8ne s&rsquo;offre ainsi une 5\u00e8me couronne mondiale, la 4\u00e8me dans la cat\u00e9gorie [&#8230;]<\/p>\n","protected":false},"author":932,"featured_media":119676,"comment_status":"open","ping_status":"closed","sticky":false,"template":"","format":"standard","meta":{"footnotes":""},"categories":[54,4,6,5,55,56,65],"tags":[906,947,568,780],"class_list":["post-119675","post","type-post","status-publish","format-standard","has-post-thumbnail","hentry","category-actualite","category-motocross","category-mx1mx2","category-news","category-news-actualite","category-resultats","category-slideshow","tag-brent-van-doninck","tag-motocross","tag-mxgp","tag-tim-gajser"],"yoast_head":"<!-- This site is optimized with the Yoast SEO plugin v27.4 - https:\/\/yoast.com\/product\/yoast-seo-wordpress\/ -->\n<title>MXGP : une cinqui\u00e8me couronne mondiale pour Tim Gajser - Motocross - Enduro - Supermoto | MotocrossMag<\/title>\n<meta name=\"robots\" content=\"index, follow, max-snippet:-1, max-image-preview:large, max-video-preview:-1\" \/>\n<link rel=\"canonical\" href=\"https:\/\/fr.motocrossmag.be\/index.php\/2022\/08\/mxgp-une-cinquieme-couronne-mondiale-pour-tim-gajser\/\" \/>\n<meta property=\"og:locale\" content=\"fr_FR\" \/>\n<meta property=\"og:type\" content=\"article\" \/>\n<meta property=\"og:title\" content=\"MXGP : une cinqui\u00e8me couronne mondiale pour Tim Gajser - Motocross - Enduro - Supermoto | MotocrossMag\" \/>\n<meta property=\"og:description\" content=\"Le GP de Finlande ce dimanche a sacr\u00e9 dans la cat\u00e9gorie reine du motocross mondial Tim Gajser. Le Slov\u00e8ne s&rsquo;offre ainsi une 5\u00e8me couronne mondiale, la 4\u00e8me dans la cat\u00e9gorie [...]\" \/>\n<meta property=\"og:url\" content=\"https:\/\/fr.motocrossmag.be\/index.php\/2022\/08\/mxgp-une-cinquieme-couronne-mondiale-pour-tim-gajser\/\" \/>\n<meta property=\"og:site_name\" content=\"Motocross - Enduro - Supermoto | MotocrossMag\" \/>\n<meta property=\"article:published_time\" content=\"2022-08-14T16:33:33+00:00\" \/>\n<meta property=\"og:image\" content=\"https:\/\/fr.motocrossmag.be\/wp-content\/uploads\/2022\/08\/62f7d11e0b31d8.32322276.jpg\" \/>\n\t<meta property=\"og:image:width\" content=\"800\" \/>\n\t<meta property=\"og:image:height\" content=\"533\" \/>\n\t<meta property=\"og:image:type\" content=\"image\/jpeg\" \/>\n<meta name=\"author\" content=\"oliviere\" \/>\n<meta name=\"twitter:card\" content=\"summary_large_image\" \/>\n<meta name=\"twitter:label1\" content=\"\u00c9crit par\" \/>\n\t<meta name=\"twitter:data1\" content=\"oliviere\" \/>\n\t<meta name=\"twitter:label2\" content=\"Dur\u00e9e de lecture estim\u00e9e\" \/>\n\t<meta name=\"twitter:data2\" content=\"4 minutes\" \/>\n<script type=\"application\/ld+json\" class=\"yoast-schema-graph\">{\"@context\":\"https:\\\/\\\/schema.org\",\"@graph\":[{\"@type\":\"Article\",\"@id\":\"https:\\\/\\\/fr.motocrossmag.be\\\/index.php\\\/2022\\\/08\\\/mxgp-une-cinquieme-couronne-mondiale-pour-tim-gajser\\\/#article\",\"isPartOf\":{\"@id\":\"https:\\\/\\\/fr.motocrossmag.be\\\/index.php\\\/2022\\\/08\\\/mxgp-une-cinquieme-couronne-mondiale-pour-tim-gajser\\\/\"},\"author\":{\"name\":\"oliviere\",\"@id\":\"https:\\\/\\\/fr.motocrossmag.be\\\/#\\\/schema\\\/person\\\/11b47143d9f755babca2c9110e03235c\"},\"headline\":\"MXGP : une cinqui\u00e8me couronne mondiale pour Tim Gajser\",\"datePublished\":\"2022-08-14T16:33:33+00:00\",\"mainEntityOfPage\":{\"@id\":\"https:\\\/\\\/fr.motocrossmag.be\\\/index.php\\\/2022\\\/08\\\/mxgp-une-cinquieme-couronne-mondiale-pour-tim-gajser\\\/\"},\"wordCount\":895,\"commentCount\":0,\"image\":{\"@id\":\"https:\\\/\\\/fr.motocrossmag.be\\\/index.php\\\/2022\\\/08\\\/mxgp-une-cinquieme-couronne-mondiale-pour-tim-gajser\\\/#primaryimage\"},\"thumbnailUrl\":\"https:\\\/\\\/fr.motocrossmag.be\\\/wp-content\\\/uploads\\\/2022\\\/08\\\/62f7d11e0b31d8.32322276.jpg\",\"keywords\":[\"Brent Van Doninck\",\"Motocross\",\"MXGP\",\"tim gajser\"],\"articleSection\":[\"Actualit\u00e9\",\"Motocross\",\"Motocross MXGP\",\"News\",\"News\",\"R\u00e9sultats\",\"Slideshow\"],\"inLanguage\":\"fr-FR\",\"potentialAction\":[{\"@type\":\"CommentAction\",\"name\":\"Comment\",\"target\":[\"https:\\\/\\\/fr.motocrossmag.be\\\/index.php\\\/2022\\\/08\\\/mxgp-une-cinquieme-couronne-mondiale-pour-tim-gajser\\\/#respond\"]}]},{\"@type\":\"WebPage\",\"@id\":\"https:\\\/\\\/fr.motocrossmag.be\\\/index.php\\\/2022\\\/08\\\/mxgp-une-cinquieme-couronne-mondiale-pour-tim-gajser\\\/\",\"url\":\"https:\\\/\\\/fr.motocrossmag.be\\\/index.php\\\/2022\\\/08\\\/mxgp-une-cinquieme-couronne-mondiale-pour-tim-gajser\\\/\",\"name\":\"MXGP : une cinqui\u00e8me couronne mondiale pour Tim Gajser - Motocross - Enduro - Supermoto | MotocrossMag\",\"isPartOf\":{\"@id\":\"https:\\\/\\\/fr.motocrossmag.be\\\/#website\"},\"primaryImageOfPage\":{\"@id\":\"https:\\\/\\\/fr.motocrossmag.be\\\/index.php\\\/2022\\\/08\\\/mxgp-une-cinquieme-couronne-mondiale-pour-tim-gajser\\\/#primaryimage\"},\"image\":{\"@id\":\"https:\\\/\\\/fr.motocrossmag.be\\\/index.php\\\/2022\\\/08\\\/mxgp-une-cinquieme-couronne-mondiale-pour-tim-gajser\\\/#primaryimage\"},\"thumbnailUrl\":\"https:\\\/\\\/fr.motocrossmag.be\\\/wp-content\\\/uploads\\\/2022\\\/08\\\/62f7d11e0b31d8.32322276.jpg\",\"datePublished\":\"2022-08-14T16:33:33+00:00\",\"author\":{\"@id\":\"https:\\\/\\\/fr.motocrossmag.be\\\/#\\\/schema\\\/person\\\/11b47143d9f755babca2c9110e03235c\"},\"breadcrumb\":{\"@id\":\"https:\\\/\\\/fr.motocrossmag.be\\\/index.php\\\/2022\\\/08\\\/mxgp-une-cinquieme-couronne-mondiale-pour-tim-gajser\\\/#breadcrumb\"},\"inLanguage\":\"fr-FR\",\"potentialAction\":[{\"@type\":\"ReadAction\",\"target\":[\"https:\\\/\\\/fr.motocrossmag.be\\\/index.php\\\/2022\\\/08\\\/mxgp-une-cinquieme-couronne-mondiale-pour-tim-gajser\\\/\"]}]},{\"@type\":\"ImageObject\",\"inLanguage\":\"fr-FR\",\"@id\":\"https:\\\/\\\/fr.motocrossmag.be\\\/index.php\\\/2022\\\/08\\\/mxgp-une-cinquieme-couronne-mondiale-pour-tim-gajser\\\/#primaryimage\",\"url\":\"https:\\\/\\\/fr.motocrossmag.be\\\/wp-content\\\/uploads\\\/2022\\\/08\\\/62f7d11e0b31d8.32322276.jpg\",\"contentUrl\":\"https:\\\/\\\/fr.motocrossmag.be\\\/wp-content\\\/uploads\\\/2022\\\/08\\\/62f7d11e0b31d8.32322276.jpg\",\"width\":\"800\",\"height\":\"533\"},{\"@type\":\"BreadcrumbList\",\"@id\":\"https:\\\/\\\/fr.motocrossmag.be\\\/index.php\\\/2022\\\/08\\\/mxgp-une-cinquieme-couronne-mondiale-pour-tim-gajser\\\/#breadcrumb\",\"itemListElement\":[{\"@type\":\"ListItem\",\"position\":1,\"name\":\"Accueil\",\"item\":\"https:\\\/\\\/fr.motocrossmag.be\\\/\"},{\"@type\":\"ListItem\",\"position\":2,\"name\":\"MXGP : une cinqui\u00e8me couronne mondiale pour Tim Gajser\"}]},{\"@type\":\"WebSite\",\"@id\":\"https:\\\/\\\/fr.motocrossmag.be\\\/#website\",\"url\":\"https:\\\/\\\/fr.motocrossmag.be\\\/\",\"name\":\"Motocross - Enduro - Supermoto | MotocrossMag\",\"description\":\"L&#039;actualit\u00e9 du motocross, de l&#039;enduro et du Supermoto en ligne!\",\"potentialAction\":[{\"@type\":\"SearchAction\",\"target\":{\"@type\":\"EntryPoint\",\"urlTemplate\":\"https:\\\/\\\/fr.motocrossmag.be\\\/?s={search_term_string}\"},\"query-input\":{\"@type\":\"PropertyValueSpecification\",\"valueRequired\":true,\"valueName\":\"search_term_string\"}}],\"inLanguage\":\"fr-FR\"},{\"@type\":\"Person\",\"@id\":\"https:\\\/\\\/fr.motocrossmag.be\\\/#\\\/schema\\\/person\\\/11b47143d9f755babca2c9110e03235c\",\"name\":\"oliviere\",\"image\":{\"@type\":\"ImageObject\",\"inLanguage\":\"fr-FR\",\"@id\":\"https:\\\/\\\/secure.gravatar.com\\\/avatar\\\/907069e0b81d119452040469e4a7501da1100f54f7f80180ce77bfab718288f6?s=96&d=mm&r=g\",\"url\":\"https:\\\/\\\/secure.gravatar.com\\\/avatar\\\/907069e0b81d119452040469e4a7501da1100f54f7f80180ce77bfab718288f6?s=96&d=mm&r=g\",\"contentUrl\":\"https:\\\/\\\/secure.gravatar.com\\\/avatar\\\/907069e0b81d119452040469e4a7501da1100f54f7f80180ce77bfab718288f6?s=96&d=mm&r=g\",\"caption\":\"oliviere\"},\"sameAs\":[\"http:\\\/\\\/www.motocrossmag.be\"],\"url\":\"https:\\\/\\\/fr.motocrossmag.be\\\/index.php\\\/author\\\/oliviere\\\/\"}]}<\/script>\n<!-- \/ Yoast SEO plugin. -->","yoast_head_json":{"title":"MXGP : une cinqui\u00e8me couronne mondiale pour Tim Gajser - Motocross - Enduro - Supermoto | MotocrossMag","robots":{"index":"index","follow":"follow","max-snippet":"max-snippet:-1","max-image-preview":"max-image-preview:large","max-video-preview":"max-video-preview:-1"},"canonical":"https:\/\/fr.motocrossmag.be\/index.php\/2022\/08\/mxgp-une-cinquieme-couronne-mondiale-pour-tim-gajser\/","og_locale":"fr_FR","og_type":"article","og_title":"MXGP : une cinqui\u00e8me couronne mondiale pour Tim Gajser - Motocross - Enduro - Supermoto | MotocrossMag","og_description":"Le GP de Finlande ce dimanche a sacr\u00e9 dans la cat\u00e9gorie reine du motocross mondial Tim Gajser. Le Slov\u00e8ne s&rsquo;offre ainsi une 5\u00e8me couronne mondiale, la 4\u00e8me dans la cat\u00e9gorie [...]","og_url":"https:\/\/fr.motocrossmag.be\/index.php\/2022\/08\/mxgp-une-cinquieme-couronne-mondiale-pour-tim-gajser\/","og_site_name":"Motocross - Enduro - Supermoto | MotocrossMag","article_published_time":"2022-08-14T16:33:33+00:00","og_image":[{"width":800,"height":533,"url":"https:\/\/fr.motocrossmag.be\/wp-content\/uploads\/2022\/08\/62f7d11e0b31d8.32322276.jpg","type":"image\/jpeg"}],"author":"oliviere","twitter_card":"summary_large_image","twitter_misc":{"\u00c9crit par":"oliviere","Dur\u00e9e de lecture estim\u00e9e":"4 minutes"},"schema":{"@context":"https:\/\/schema.org","@graph":[{"@type":"Article","@id":"https:\/\/fr.motocrossmag.be\/index.php\/2022\/08\/mxgp-une-cinquieme-couronne-mondiale-pour-tim-gajser\/#article","isPartOf":{"@id":"https:\/\/fr.motocrossmag.be\/index.php\/2022\/08\/mxgp-une-cinquieme-couronne-mondiale-pour-tim-gajser\/"},"author":{"name":"oliviere","@id":"https:\/\/fr.motocrossmag.be\/#\/schema\/person\/11b47143d9f755babca2c9110e03235c"},"headline":"MXGP : une cinqui\u00e8me couronne mondiale pour Tim Gajser","datePublished":"2022-08-14T16:33:33+00:00","mainEntityOfPage":{"@id":"https:\/\/fr.motocrossmag.be\/index.php\/2022\/08\/mxgp-une-cinquieme-couronne-mondiale-pour-tim-gajser\/"},"wordCount":895,"commentCount":0,"image":{"@id":"https:\/\/fr.motocrossmag.be\/index.php\/2022\/08\/mxgp-une-cinquieme-couronne-mondiale-pour-tim-gajser\/#primaryimage"},"thumbnailUrl":"https:\/\/fr.motocrossmag.be\/wp-content\/uploads\/2022\/08\/62f7d11e0b31d8.32322276.jpg","keywords":["Brent Van Doninck","Motocross","MXGP","tim gajser"],"articleSection":["Actualit\u00e9","Motocross","Motocross MXGP","News","News","R\u00e9sultats","Slideshow"],"inLanguage":"fr-FR","potentialAction":[{"@type":"CommentAction","name":"Comment","target":["https:\/\/fr.motocrossmag.be\/index.php\/2022\/08\/mxgp-une-cinquieme-couronne-mondiale-pour-tim-gajser\/#respond"]}]},{"@type":"WebPage","@id":"https:\/\/fr.motocrossmag.be\/index.php\/2022\/08\/mxgp-une-cinquieme-couronne-mondiale-pour-tim-gajser\/","url":"https:\/\/fr.motocrossmag.be\/index.php\/2022\/08\/mxgp-une-cinquieme-couronne-mondiale-pour-tim-gajser\/","name":"MXGP : une cinqui\u00e8me couronne mondiale pour Tim Gajser - Motocross - Enduro - Supermoto | MotocrossMag","isPartOf":{"@id":"https:\/\/fr.motocrossmag.be\/#website"},"primaryImageOfPage":{"@id":"https:\/\/fr.motocrossmag.be\/index.php\/2022\/08\/mxgp-une-cinquieme-couronne-mondiale-pour-tim-gajser\/#primaryimage"},"image":{"@id":"https:\/\/fr.motocrossmag.be\/index.php\/2022\/08\/mxgp-une-cinquieme-couronne-mondiale-pour-tim-gajser\/#primaryimage"},"thumbnailUrl":"https:\/\/fr.motocrossmag.be\/wp-content\/uploads\/2022\/08\/62f7d11e0b31d8.32322276.jpg","datePublished":"2022-08-14T16:33:33+00:00","author":{"@id":"https:\/\/fr.motocrossmag.be\/#\/schema\/person\/11b47143d9f755babca2c9110e03235c"},"breadcrumb":{"@id":"https:\/\/fr.motocrossmag.be\/index.php\/2022\/08\/mxgp-une-cinquieme-couronne-mondiale-pour-tim-gajser\/#breadcrumb"},"inLanguage":"fr-FR","potentialAction":[{"@type":"ReadAction","target":["https:\/\/fr.motocrossmag.be\/index.php\/2022\/08\/mxgp-une-cinquieme-couronne-mondiale-pour-tim-gajser\/"]}]},{"@type":"ImageObject","inLanguage":"fr-FR","@id":"https:\/\/fr.motocrossmag.be\/index.php\/2022\/08\/mxgp-une-cinquieme-couronne-mondiale-pour-tim-gajser\/#primaryimage","url":"https:\/\/fr.motocrossmag.be\/wp-content\/uploads\/2022\/08\/62f7d11e0b31d8.32322276.jpg","contentUrl":"https:\/\/fr.motocrossmag.be\/wp-content\/uploads\/2022\/08\/62f7d11e0b31d8.32322276.jpg","width":"800","height":"533"},{"@type":"BreadcrumbList","@id":"https:\/\/fr.motocrossmag.be\/index.php\/2022\/08\/mxgp-une-cinquieme-couronne-mondiale-pour-tim-gajser\/#breadcrumb","itemListElement":[{"@type":"ListItem","position":1,"name":"Accueil","item":"https:\/\/fr.motocrossmag.be\/"},{"@type":"ListItem","position":2,"name":"MXGP : une cinqui\u00e8me couronne mondiale pour Tim Gajser"}]},{"@type":"WebSite","@id":"https:\/\/fr.motocrossmag.be\/#website","url":"https:\/\/fr.motocrossmag.be\/","name":"Motocross - Enduro - Supermoto | MotocrossMag","description":"L&#039;actualit\u00e9 du motocross, de l&#039;enduro et du Supermoto en ligne!","potentialAction":[{"@type":"SearchAction","target":{"@type":"EntryPoint","urlTemplate":"https:\/\/fr.motocrossmag.be\/?s={search_term_string}"},"query-input":{"@type":"PropertyValueSpecification","valueRequired":true,"valueName":"search_term_string"}}],"inLanguage":"fr-FR"},{"@type":"Person","@id":"https:\/\/fr.motocrossmag.be\/#\/schema\/person\/11b47143d9f755babca2c9110e03235c","name":"oliviere","image":{"@type":"ImageObject","inLanguage":"fr-FR","@id":"https:\/\/secure.gravatar.com\/avatar\/907069e0b81d119452040469e4a7501da1100f54f7f80180ce77bfab718288f6?s=96&d=mm&r=g","url":"https:\/\/secure.gravatar.com\/avatar\/907069e0b81d119452040469e4a7501da1100f54f7f80180ce77bfab718288f6?s=96&d=mm&r=g","contentUrl":"https:\/\/secure.gravatar.com\/avatar\/907069e0b81d119452040469e4a7501da1100f54f7f80180ce77bfab718288f6?s=96&d=mm&r=g","caption":"oliviere"},"sameAs":["http:\/\/www.motocrossmag.be"],"url":"https:\/\/fr.motocrossmag.be\/index.php\/author\/oliviere\/"}]}},"_links":{"self":[{"href":"https:\/\/fr.motocrossmag.be\/index.php\/wp-json\/wp\/v2\/posts\/119675","targetHints":{"allow":["GET"]}}],"collection":[{"href":"https:\/\/fr.motocrossmag.be\/index.php\/wp-json\/wp\/v2\/posts"}],"about":[{"href":"https:\/\/fr.motocrossmag.be\/index.php\/wp-json\/wp\/v2\/types\/post"}],"author":[{"embeddable":true,"href":"https:\/\/fr.motocrossmag.be\/index.php\/wp-json\/wp\/v2\/users\/932"}],"replies":[{"embeddable":true,"href":"https:\/\/fr.motocrossmag.be\/index.php\/wp-json\/wp\/v2\/comments?post=119675"}],"version-history":[{"count":0,"href":"https:\/\/fr.motocrossmag.be\/index.php\/wp-json\/wp\/v2\/posts\/119675\/revisions"}],"wp:featuredmedia":[{"embeddable":true,"href":"https:\/\/fr.motocrossmag.be\/index.php\/wp-json\/wp\/v2\/media\/119676"}],"wp:attachment":[{"href":"https:\/\/fr.motocrossmag.be\/index.php\/wp-json\/wp\/v2\/media?parent=119675"}],"wp:term":[{"taxonomy":"category","embeddable":true,"href":"https:\/\/fr.motocrossmag.be\/index.php\/wp-json\/wp\/v2\/categories?post=119675"},{"taxonomy":"post_tag","embeddable":true,"href":"https:\/\/fr.motocrossmag.be\/index.php\/wp-json\/wp\/v2\/tags?post=119675"}],"curies":[{"name":"wp","href":"https:\/\/api.w.org\/{rel}","templated":true}]}}