{"id":119791,"date":"2022-08-16T15:55:59","date_gmt":"2022-08-16T13:55:59","guid":{"rendered":"http:\/\/fr.motocrossmag.be\/?p=119791"},"modified":"2022-08-16T15:55:59","modified_gmt":"2022-08-16T13:55:59","slug":"panneautage-de-tom-vialle-en-dehors-de-la-pitlane-joel-smets-reagit","status":"publish","type":"post","link":"https:\/\/fr.motocrossmag.be\/index.php\/2022\/08\/panneautage-de-tom-vialle-en-dehors-de-la-pitlane-joel-smets-reagit\/","title":{"rendered":"Panneautage de Tom Vialle en-dehors de la pitlane : Jo\u00ebl Smets r\u00e9agit"},"content":{"rendered":"<p><strong>Tom Vialle aurait-il pu \u00eatre disqualifi\u00e9 ce week-end du GP de Finlande si l&rsquo;\u00e9quipe Yamaha avait d\u00e9pos\u00e9 plainte contre le team KTM ? C&rsquo;est ce que laissaient entendre certains commentaires ces derni\u00e8res heures apr\u00e8s que des images vid\u00e9os aient clairement montr\u00e9 que le Fran\u00e7ais a \u00e9t\u00e9 panneaut\u00e9 \u00e0 Hyvinkaa en-dehors des zones autoris\u00e9es par le r\u00e8glement.<\/strong><\/p>\n<p>En r\u00e9action \u00e0 <a href=\"https:\/\/nl.motocrossmag.be\/index.php\/2022\/08\/had-tom-vialle-gediskwalificeerd-moeten-worden\/#.Yvuhl3ZByUk\" target=\"_blank\" rel=\"noopener\">un article publi\u00e9 \u00e0 ce sujet sur l&rsquo;\u00e9dition n\u00e9erlandophone de MXMag<\/a>, Jo\u00ebl Smets a lui-m\u00eame mis les choses au clair. Le panneautage \u00e0 cet endroit de Tom Vialle n&rsquo;\u00e9tait pas ill\u00e9gal, bien qu&rsquo;il ne soit en th\u00e9orie pas autoris\u00e9 par le r\u00e8glement.<\/p>\n<p>\u00ab\u00a0Votre analyse est correcte\u00a0\u00bb, r\u00e9pond Jo\u00ebl Smets, \u00ab\u00a0Mais il faut savoir que la FIM nous a autoris\u00e9s \u00e0 panneauter en-dehors de la pitlane en Finlande car celle-ci \u00e9tait trop courte que pour pouvoir accueillir tous les teams confortablement. Nous avons donc d\u00e9cid\u00e9, comme l&rsquo;a fait aussi le HRC pour Tim Gajser, de panneauter depuis un autre endroit du circuit.\u00a0\u00bb<\/p>\n<p>Voil\u00e0 qui cl\u00f4t donc d\u00e9finitivement la pol\u00e9mique.<\/p>\n<p>&nbsp;<\/p>\n","protected":false},"excerpt":{"rendered":"<p>Tom Vialle aurait-il pu \u00eatre disqualifi\u00e9 ce week-end du GP de Finlande si l&rsquo;\u00e9quipe Yamaha avait d\u00e9pos\u00e9 plainte contre le team KTM ? C&rsquo;est ce que laissaient entendre certains commentaires [&#8230;]<\/p>\n","protected":false},"author":932,"featured_media":119792,"comment_status":"open","ping_status":"closed","sticky":false,"template":"","format":"standard","meta":{"footnotes":""},"categories":[54,4,6,5,55,65],"tags":[1308,947,568,1246],"class_list":["post-119791","post","type-post","status-publish","format-standard","has-post-thumbnail","hentry","category-actualite","category-motocross","category-mx1mx2","category-news","category-news-actualite","category-slideshow","tag-joel-smets","tag-motocross","tag-mxgp","tag-tom-vialle"],"yoast_head":"<!-- This site is optimized with the Yoast SEO plugin v27.4 - https:\/\/yoast.com\/product\/yoast-seo-wordpress\/ -->\n<title>Panneautage de Tom Vialle en-dehors de la pitlane : Jo\u00ebl Smets r\u00e9agit - Motocross - Enduro - Supermoto | MotocrossMag<\/title>\n<meta name=\"robots\" content=\"index, follow, max-snippet:-1, max-image-preview:large, max-video-preview:-1\" \/>\n<link rel=\"canonical\" href=\"https:\/\/fr.motocrossmag.be\/index.php\/2022\/08\/panneautage-de-tom-vialle-en-dehors-de-la-pitlane-joel-smets-reagit\/\" \/>\n<meta property=\"og:locale\" content=\"fr_FR\" \/>\n<meta property=\"og:type\" content=\"article\" \/>\n<meta property=\"og:title\" content=\"Panneautage de Tom Vialle en-dehors de la pitlane : Jo\u00ebl Smets r\u00e9agit - Motocross - Enduro - Supermoto | MotocrossMag\" \/>\n<meta property=\"og:description\" content=\"Tom Vialle aurait-il pu \u00eatre disqualifi\u00e9 ce week-end du GP de Finlande si l&rsquo;\u00e9quipe Yamaha avait d\u00e9pos\u00e9 plainte contre le team KTM ? C&rsquo;est ce que laissaient entendre certains commentaires [...]\" \/>\n<meta property=\"og:url\" content=\"https:\/\/fr.motocrossmag.be\/index.php\/2022\/08\/panneautage-de-tom-vialle-en-dehors-de-la-pitlane-joel-smets-reagit\/\" \/>\n<meta property=\"og:site_name\" content=\"Motocross - Enduro - Supermoto | MotocrossMag\" \/>\n<meta property=\"article:published_time\" content=\"2022-08-16T13:55:59+00:00\" \/>\n<meta property=\"og:image\" content=\"https:\/\/fr.motocrossmag.be\/wp-content\/uploads\/2022\/08\/466675_Vialle_Smets_MXGP_2022_R16_AH9I8525_16th-Rd-MXGP-2022-_-Hyvinkaa-_FIN_.jpg\" \/>\n\t<meta property=\"og:image:width\" content=\"1000\" \/>\n\t<meta property=\"og:image:height\" content=\"666\" \/>\n\t<meta property=\"og:image:type\" content=\"image\/jpeg\" \/>\n<meta name=\"author\" content=\"oliviere\" \/>\n<meta name=\"twitter:card\" content=\"summary_large_image\" \/>\n<meta name=\"twitter:label1\" content=\"\u00c9crit par\" \/>\n\t<meta name=\"twitter:data1\" content=\"oliviere\" \/>\n\t<meta name=\"twitter:label2\" content=\"Dur\u00e9e de lecture estim\u00e9e\" \/>\n\t<meta name=\"twitter:data2\" content=\"1 minute\" \/>\n<script type=\"application\/ld+json\" class=\"yoast-schema-graph\">{\"@context\":\"https:\\\/\\\/schema.org\",\"@graph\":[{\"@type\":\"Article\",\"@id\":\"https:\\\/\\\/fr.motocrossmag.be\\\/index.php\\\/2022\\\/08\\\/panneautage-de-tom-vialle-en-dehors-de-la-pitlane-joel-smets-reagit\\\/#article\",\"isPartOf\":{\"@id\":\"https:\\\/\\\/fr.motocrossmag.be\\\/index.php\\\/2022\\\/08\\\/panneautage-de-tom-vialle-en-dehors-de-la-pitlane-joel-smets-reagit\\\/\"},\"author\":{\"name\":\"oliviere\",\"@id\":\"https:\\\/\\\/fr.motocrossmag.be\\\/#\\\/schema\\\/person\\\/11b47143d9f755babca2c9110e03235c\"},\"headline\":\"Panneautage de Tom Vialle en-dehors de la pitlane : Jo\u00ebl Smets r\u00e9agit\",\"datePublished\":\"2022-08-16T13:55:59+00:00\",\"mainEntityOfPage\":{\"@id\":\"https:\\\/\\\/fr.motocrossmag.be\\\/index.php\\\/2022\\\/08\\\/panneautage-de-tom-vialle-en-dehors-de-la-pitlane-joel-smets-reagit\\\/\"},\"wordCount\":202,\"commentCount\":0,\"image\":{\"@id\":\"https:\\\/\\\/fr.motocrossmag.be\\\/index.php\\\/2022\\\/08\\\/panneautage-de-tom-vialle-en-dehors-de-la-pitlane-joel-smets-reagit\\\/#primaryimage\"},\"thumbnailUrl\":\"https:\\\/\\\/fr.motocrossmag.be\\\/wp-content\\\/uploads\\\/2022\\\/08\\\/466675_Vialle_Smets_MXGP_2022_R16_AH9I8525_16th-Rd-MXGP-2022-_-Hyvinkaa-_FIN_.jpg\",\"keywords\":[\"joel smets\",\"Motocross\",\"MXGP\",\"tom vialle\"],\"articleSection\":[\"Actualit\u00e9\",\"Motocross\",\"Motocross MXGP\",\"News\",\"News\",\"Slideshow\"],\"inLanguage\":\"fr-FR\",\"potentialAction\":[{\"@type\":\"CommentAction\",\"name\":\"Comment\",\"target\":[\"https:\\\/\\\/fr.motocrossmag.be\\\/index.php\\\/2022\\\/08\\\/panneautage-de-tom-vialle-en-dehors-de-la-pitlane-joel-smets-reagit\\\/#respond\"]}]},{\"@type\":\"WebPage\",\"@id\":\"https:\\\/\\\/fr.motocrossmag.be\\\/index.php\\\/2022\\\/08\\\/panneautage-de-tom-vialle-en-dehors-de-la-pitlane-joel-smets-reagit\\\/\",\"url\":\"https:\\\/\\\/fr.motocrossmag.be\\\/index.php\\\/2022\\\/08\\\/panneautage-de-tom-vialle-en-dehors-de-la-pitlane-joel-smets-reagit\\\/\",\"name\":\"Panneautage de Tom Vialle en-dehors de la pitlane : Jo\u00ebl Smets r\u00e9agit - Motocross - Enduro - Supermoto | MotocrossMag\",\"isPartOf\":{\"@id\":\"https:\\\/\\\/fr.motocrossmag.be\\\/#website\"},\"primaryImageOfPage\":{\"@id\":\"https:\\\/\\\/fr.motocrossmag.be\\\/index.php\\\/2022\\\/08\\\/panneautage-de-tom-vialle-en-dehors-de-la-pitlane-joel-smets-reagit\\\/#primaryimage\"},\"image\":{\"@id\":\"https:\\\/\\\/fr.motocrossmag.be\\\/index.php\\\/2022\\\/08\\\/panneautage-de-tom-vialle-en-dehors-de-la-pitlane-joel-smets-reagit\\\/#primaryimage\"},\"thumbnailUrl\":\"https:\\\/\\\/fr.motocrossmag.be\\\/wp-content\\\/uploads\\\/2022\\\/08\\\/466675_Vialle_Smets_MXGP_2022_R16_AH9I8525_16th-Rd-MXGP-2022-_-Hyvinkaa-_FIN_.jpg\",\"datePublished\":\"2022-08-16T13:55:59+00:00\",\"author\":{\"@id\":\"https:\\\/\\\/fr.motocrossmag.be\\\/#\\\/schema\\\/person\\\/11b47143d9f755babca2c9110e03235c\"},\"breadcrumb\":{\"@id\":\"https:\\\/\\\/fr.motocrossmag.be\\\/index.php\\\/2022\\\/08\\\/panneautage-de-tom-vialle-en-dehors-de-la-pitlane-joel-smets-reagit\\\/#breadcrumb\"},\"inLanguage\":\"fr-FR\",\"potentialAction\":[{\"@type\":\"ReadAction\",\"target\":[\"https:\\\/\\\/fr.motocrossmag.be\\\/index.php\\\/2022\\\/08\\\/panneautage-de-tom-vialle-en-dehors-de-la-pitlane-joel-smets-reagit\\\/\"]}]},{\"@type\":\"ImageObject\",\"inLanguage\":\"fr-FR\",\"@id\":\"https:\\\/\\\/fr.motocrossmag.be\\\/index.php\\\/2022\\\/08\\\/panneautage-de-tom-vialle-en-dehors-de-la-pitlane-joel-smets-reagit\\\/#primaryimage\",\"url\":\"https:\\\/\\\/fr.motocrossmag.be\\\/wp-content\\\/uploads\\\/2022\\\/08\\\/466675_Vialle_Smets_MXGP_2022_R16_AH9I8525_16th-Rd-MXGP-2022-_-Hyvinkaa-_FIN_.jpg\",\"contentUrl\":\"https:\\\/\\\/fr.motocrossmag.be\\\/wp-content\\\/uploads\\\/2022\\\/08\\\/466675_Vialle_Smets_MXGP_2022_R16_AH9I8525_16th-Rd-MXGP-2022-_-Hyvinkaa-_FIN_.jpg\",\"width\":\"1000\",\"height\":\"666\"},{\"@type\":\"BreadcrumbList\",\"@id\":\"https:\\\/\\\/fr.motocrossmag.be\\\/index.php\\\/2022\\\/08\\\/panneautage-de-tom-vialle-en-dehors-de-la-pitlane-joel-smets-reagit\\\/#breadcrumb\",\"itemListElement\":[{\"@type\":\"ListItem\",\"position\":1,\"name\":\"Accueil\",\"item\":\"https:\\\/\\\/fr.motocrossmag.be\\\/\"},{\"@type\":\"ListItem\",\"position\":2,\"name\":\"Panneautage de Tom Vialle en-dehors de la pitlane : Jo\u00ebl Smets r\u00e9agit\"}]},{\"@type\":\"WebSite\",\"@id\":\"https:\\\/\\\/fr.motocrossmag.be\\\/#website\",\"url\":\"https:\\\/\\\/fr.motocrossmag.be\\\/\",\"name\":\"Motocross - Enduro - Supermoto | MotocrossMag\",\"description\":\"L&#039;actualit\u00e9 du motocross, de l&#039;enduro et du Supermoto en ligne!\",\"potentialAction\":[{\"@type\":\"SearchAction\",\"target\":{\"@type\":\"EntryPoint\",\"urlTemplate\":\"https:\\\/\\\/fr.motocrossmag.be\\\/?s={search_term_string}\"},\"query-input\":{\"@type\":\"PropertyValueSpecification\",\"valueRequired\":true,\"valueName\":\"search_term_string\"}}],\"inLanguage\":\"fr-FR\"},{\"@type\":\"Person\",\"@id\":\"https:\\\/\\\/fr.motocrossmag.be\\\/#\\\/schema\\\/person\\\/11b47143d9f755babca2c9110e03235c\",\"name\":\"oliviere\",\"image\":{\"@type\":\"ImageObject\",\"inLanguage\":\"fr-FR\",\"@id\":\"https:\\\/\\\/secure.gravatar.com\\\/avatar\\\/907069e0b81d119452040469e4a7501da1100f54f7f80180ce77bfab718288f6?s=96&d=mm&r=g\",\"url\":\"https:\\\/\\\/secure.gravatar.com\\\/avatar\\\/907069e0b81d119452040469e4a7501da1100f54f7f80180ce77bfab718288f6?s=96&d=mm&r=g\",\"contentUrl\":\"https:\\\/\\\/secure.gravatar.com\\\/avatar\\\/907069e0b81d119452040469e4a7501da1100f54f7f80180ce77bfab718288f6?s=96&d=mm&r=g\",\"caption\":\"oliviere\"},\"sameAs\":[\"http:\\\/\\\/www.motocrossmag.be\"],\"url\":\"https:\\\/\\\/fr.motocrossmag.be\\\/index.php\\\/author\\\/oliviere\\\/\"}]}<\/script>\n<!-- \/ Yoast SEO plugin. -->","yoast_head_json":{"title":"Panneautage de Tom Vialle en-dehors de la pitlane : Jo\u00ebl Smets r\u00e9agit - Motocross - Enduro - Supermoto | MotocrossMag","robots":{"index":"index","follow":"follow","max-snippet":"max-snippet:-1","max-image-preview":"max-image-preview:large","max-video-preview":"max-video-preview:-1"},"canonical":"https:\/\/fr.motocrossmag.be\/index.php\/2022\/08\/panneautage-de-tom-vialle-en-dehors-de-la-pitlane-joel-smets-reagit\/","og_locale":"fr_FR","og_type":"article","og_title":"Panneautage de Tom Vialle en-dehors de la pitlane : Jo\u00ebl Smets r\u00e9agit - Motocross - Enduro - Supermoto | MotocrossMag","og_description":"Tom Vialle aurait-il pu \u00eatre disqualifi\u00e9 ce week-end du GP de Finlande si l&rsquo;\u00e9quipe Yamaha avait d\u00e9pos\u00e9 plainte contre le team KTM ? C&rsquo;est ce que laissaient entendre certains commentaires [...]","og_url":"https:\/\/fr.motocrossmag.be\/index.php\/2022\/08\/panneautage-de-tom-vialle-en-dehors-de-la-pitlane-joel-smets-reagit\/","og_site_name":"Motocross - Enduro - Supermoto | MotocrossMag","article_published_time":"2022-08-16T13:55:59+00:00","og_image":[{"width":1000,"height":666,"url":"https:\/\/fr.motocrossmag.be\/wp-content\/uploads\/2022\/08\/466675_Vialle_Smets_MXGP_2022_R16_AH9I8525_16th-Rd-MXGP-2022-_-Hyvinkaa-_FIN_.jpg","type":"image\/jpeg"}],"author":"oliviere","twitter_card":"summary_large_image","twitter_misc":{"\u00c9crit par":"oliviere","Dur\u00e9e de lecture estim\u00e9e":"1 minute"},"schema":{"@context":"https:\/\/schema.org","@graph":[{"@type":"Article","@id":"https:\/\/fr.motocrossmag.be\/index.php\/2022\/08\/panneautage-de-tom-vialle-en-dehors-de-la-pitlane-joel-smets-reagit\/#article","isPartOf":{"@id":"https:\/\/fr.motocrossmag.be\/index.php\/2022\/08\/panneautage-de-tom-vialle-en-dehors-de-la-pitlane-joel-smets-reagit\/"},"author":{"name":"oliviere","@id":"https:\/\/fr.motocrossmag.be\/#\/schema\/person\/11b47143d9f755babca2c9110e03235c"},"headline":"Panneautage de Tom Vialle en-dehors de la pitlane : Jo\u00ebl Smets r\u00e9agit","datePublished":"2022-08-16T13:55:59+00:00","mainEntityOfPage":{"@id":"https:\/\/fr.motocrossmag.be\/index.php\/2022\/08\/panneautage-de-tom-vialle-en-dehors-de-la-pitlane-joel-smets-reagit\/"},"wordCount":202,"commentCount":0,"image":{"@id":"https:\/\/fr.motocrossmag.be\/index.php\/2022\/08\/panneautage-de-tom-vialle-en-dehors-de-la-pitlane-joel-smets-reagit\/#primaryimage"},"thumbnailUrl":"https:\/\/fr.motocrossmag.be\/wp-content\/uploads\/2022\/08\/466675_Vialle_Smets_MXGP_2022_R16_AH9I8525_16th-Rd-MXGP-2022-_-Hyvinkaa-_FIN_.jpg","keywords":["joel smets","Motocross","MXGP","tom vialle"],"articleSection":["Actualit\u00e9","Motocross","Motocross MXGP","News","News","Slideshow"],"inLanguage":"fr-FR","potentialAction":[{"@type":"CommentAction","name":"Comment","target":["https:\/\/fr.motocrossmag.be\/index.php\/2022\/08\/panneautage-de-tom-vialle-en-dehors-de-la-pitlane-joel-smets-reagit\/#respond"]}]},{"@type":"WebPage","@id":"https:\/\/fr.motocrossmag.be\/index.php\/2022\/08\/panneautage-de-tom-vialle-en-dehors-de-la-pitlane-joel-smets-reagit\/","url":"https:\/\/fr.motocrossmag.be\/index.php\/2022\/08\/panneautage-de-tom-vialle-en-dehors-de-la-pitlane-joel-smets-reagit\/","name":"Panneautage de Tom Vialle en-dehors de la pitlane : Jo\u00ebl Smets r\u00e9agit - Motocross - Enduro - Supermoto | MotocrossMag","isPartOf":{"@id":"https:\/\/fr.motocrossmag.be\/#website"},"primaryImageOfPage":{"@id":"https:\/\/fr.motocrossmag.be\/index.php\/2022\/08\/panneautage-de-tom-vialle-en-dehors-de-la-pitlane-joel-smets-reagit\/#primaryimage"},"image":{"@id":"https:\/\/fr.motocrossmag.be\/index.php\/2022\/08\/panneautage-de-tom-vialle-en-dehors-de-la-pitlane-joel-smets-reagit\/#primaryimage"},"thumbnailUrl":"https:\/\/fr.motocrossmag.be\/wp-content\/uploads\/2022\/08\/466675_Vialle_Smets_MXGP_2022_R16_AH9I8525_16th-Rd-MXGP-2022-_-Hyvinkaa-_FIN_.jpg","datePublished":"2022-08-16T13:55:59+00:00","author":{"@id":"https:\/\/fr.motocrossmag.be\/#\/schema\/person\/11b47143d9f755babca2c9110e03235c"},"breadcrumb":{"@id":"https:\/\/fr.motocrossmag.be\/index.php\/2022\/08\/panneautage-de-tom-vialle-en-dehors-de-la-pitlane-joel-smets-reagit\/#breadcrumb"},"inLanguage":"fr-FR","potentialAction":[{"@type":"ReadAction","target":["https:\/\/fr.motocrossmag.be\/index.php\/2022\/08\/panneautage-de-tom-vialle-en-dehors-de-la-pitlane-joel-smets-reagit\/"]}]},{"@type":"ImageObject","inLanguage":"fr-FR","@id":"https:\/\/fr.motocrossmag.be\/index.php\/2022\/08\/panneautage-de-tom-vialle-en-dehors-de-la-pitlane-joel-smets-reagit\/#primaryimage","url":"https:\/\/fr.motocrossmag.be\/wp-content\/uploads\/2022\/08\/466675_Vialle_Smets_MXGP_2022_R16_AH9I8525_16th-Rd-MXGP-2022-_-Hyvinkaa-_FIN_.jpg","contentUrl":"https:\/\/fr.motocrossmag.be\/wp-content\/uploads\/2022\/08\/466675_Vialle_Smets_MXGP_2022_R16_AH9I8525_16th-Rd-MXGP-2022-_-Hyvinkaa-_FIN_.jpg","width":"1000","height":"666"},{"@type":"BreadcrumbList","@id":"https:\/\/fr.motocrossmag.be\/index.php\/2022\/08\/panneautage-de-tom-vialle-en-dehors-de-la-pitlane-joel-smets-reagit\/#breadcrumb","itemListElement":[{"@type":"ListItem","position":1,"name":"Accueil","item":"https:\/\/fr.motocrossmag.be\/"},{"@type":"ListItem","position":2,"name":"Panneautage de Tom Vialle en-dehors de la pitlane : Jo\u00ebl Smets r\u00e9agit"}]},{"@type":"WebSite","@id":"https:\/\/fr.motocrossmag.be\/#website","url":"https:\/\/fr.motocrossmag.be\/","name":"Motocross - Enduro - Supermoto | MotocrossMag","description":"L&#039;actualit\u00e9 du motocross, de l&#039;enduro et du Supermoto en ligne!","potentialAction":[{"@type":"SearchAction","target":{"@type":"EntryPoint","urlTemplate":"https:\/\/fr.motocrossmag.be\/?s={search_term_string}"},"query-input":{"@type":"PropertyValueSpecification","valueRequired":true,"valueName":"search_term_string"}}],"inLanguage":"fr-FR"},{"@type":"Person","@id":"https:\/\/fr.motocrossmag.be\/#\/schema\/person\/11b47143d9f755babca2c9110e03235c","name":"oliviere","image":{"@type":"ImageObject","inLanguage":"fr-FR","@id":"https:\/\/secure.gravatar.com\/avatar\/907069e0b81d119452040469e4a7501da1100f54f7f80180ce77bfab718288f6?s=96&d=mm&r=g","url":"https:\/\/secure.gravatar.com\/avatar\/907069e0b81d119452040469e4a7501da1100f54f7f80180ce77bfab718288f6?s=96&d=mm&r=g","contentUrl":"https:\/\/secure.gravatar.com\/avatar\/907069e0b81d119452040469e4a7501da1100f54f7f80180ce77bfab718288f6?s=96&d=mm&r=g","caption":"oliviere"},"sameAs":["http:\/\/www.motocrossmag.be"],"url":"https:\/\/fr.motocrossmag.be\/index.php\/author\/oliviere\/"}]}},"_links":{"self":[{"href":"https:\/\/fr.motocrossmag.be\/index.php\/wp-json\/wp\/v2\/posts\/119791","targetHints":{"allow":["GET"]}}],"collection":[{"href":"https:\/\/fr.motocrossmag.be\/index.php\/wp-json\/wp\/v2\/posts"}],"about":[{"href":"https:\/\/fr.motocrossmag.be\/index.php\/wp-json\/wp\/v2\/types\/post"}],"author":[{"embeddable":true,"href":"https:\/\/fr.motocrossmag.be\/index.php\/wp-json\/wp\/v2\/users\/932"}],"replies":[{"embeddable":true,"href":"https:\/\/fr.motocrossmag.be\/index.php\/wp-json\/wp\/v2\/comments?post=119791"}],"version-history":[{"count":0,"href":"https:\/\/fr.motocrossmag.be\/index.php\/wp-json\/wp\/v2\/posts\/119791\/revisions"}],"wp:featuredmedia":[{"embeddable":true,"href":"https:\/\/fr.motocrossmag.be\/index.php\/wp-json\/wp\/v2\/media\/119792"}],"wp:attachment":[{"href":"https:\/\/fr.motocrossmag.be\/index.php\/wp-json\/wp\/v2\/media?parent=119791"}],"wp:term":[{"taxonomy":"category","embeddable":true,"href":"https:\/\/fr.motocrossmag.be\/index.php\/wp-json\/wp\/v2\/categories?post=119791"},{"taxonomy":"post_tag","embeddable":true,"href":"https:\/\/fr.motocrossmag.be\/index.php\/wp-json\/wp\/v2\/tags?post=119791"}],"curies":[{"name":"wp","href":"https:\/\/api.w.org\/{rel}","templated":true}]}}