{"id":119942,"date":"2022-08-17T18:26:24","date_gmt":"2022-08-17T16:26:24","guid":{"rendered":"http:\/\/fr.motocrossmag.be\/?p=119942"},"modified":"2022-08-18T09:27:54","modified_gmt":"2022-08-18T07:27:54","slug":"lallemagne-annonce-son-equipe-pour-le-motocross-des-nations","status":"publish","type":"post","link":"https:\/\/fr.motocrossmag.be\/index.php\/2022\/08\/lallemagne-annonce-son-equipe-pour-le-motocross-des-nations\/","title":{"rendered":"L&rsquo;Allemagne annonce son \u00e9quipe pour le Motocross des Nations"},"content":{"rendered":"<p><strong>La f\u00e9d\u00e9ration allemande a annonc\u00e9 les noms des trois pilotes qui porteront ses couleurs sur le prochain Motocross des Nations, \u00e0 RedBud (USA) les 24 et 25 septembre prochains.<\/strong><\/p>\n<p>Pour repr\u00e9senter le pays sur ce championnat du monde par \u00e9quipes nationales, l&rsquo;Allemagne fera confiance \u00e0 l&rsquo;exp\u00e9rience de Max Nagl (MX1), le leader actuel du championnat ADAC MX Masters, associ\u00e9 \u00e0 Tom Koch (Open) et Simon Laengenfelder (MX2).<\/p><div class=\"ittpk6a980f7ca98b0\" ><!-- \/91277017\/Inline-articles-mobile -->\n<div style=\"margin:auto; text-align:center !important\">\n<div id='div-gpt-ad-1784982661365-0' style='min-width: 250px; min-height: 75px;'>\n  <script>\n    googletag.cmd.push(function() { googletag.display('div-gpt-ad-1784982661365-0'); });\n  <\/script>\n<\/div><\/div><\/div><style type=\"text\/css\">\r\n.ittpk6a980f7ca98b0 {\r\nmargin-bottom:30px;margin-top:20px\r\n}\r\n@media screen and (min-width: 1201px) {\r\n.ittpk6a980f7ca98b0 {\r\ndisplay: block;\r\n}\r\n}\r\n@media screen and (min-width: 993px) and (max-width: 1200px) {\r\n.ittpk6a980f7ca98b0 {\r\ndisplay: block;\r\n}\r\n}\r\n@media screen and (min-width: 769px) and (max-width: 992px) {\r\n.ittpk6a980f7ca98b0 {\r\ndisplay: block;\r\n}\r\n}\r\n@media screen and (min-width: 768px) and (max-width: 768px) {\r\n.ittpk6a980f7ca98b0 {\r\ndisplay: block;\r\n}\r\n}\r\n@media screen and (max-width: 767px) {\r\n.ittpk6a980f7ca98b0 {\r\ndisplay: block;\r\n}\r\n}\r\n<\/style>\r\n\n<p>&nbsp;<\/p>\n","protected":false},"excerpt":{"rendered":"<p>La f\u00e9d\u00e9ration allemande a annonc\u00e9 les noms des trois pilotes qui porteront ses couleurs sur le prochain Motocross des Nations, \u00e0 RedBud (USA) les 24 et 25 septembre prochains. Pour repr\u00e9senter le pays sur ce championnat du monde par \u00e9quipes nationales, l&rsquo;Allemagne fera confiance \u00e0 l&rsquo;exp\u00e9rience de Max Nagl (MX1), le leader actuel du championnat [&hellip;]<\/p>\n","protected":false},"author":932,"featured_media":110646,"comment_status":"open","ping_status":"closed","sticky":false,"template":"","format":"standard","meta":{"tdm_status":"","tdm_grid_status":"","footnotes":""},"categories":[54,4,6,74,5,55,65],"tags":[947,291,568],"class_list":["post-119942","post","type-post","status-publish","format-standard","has-post-thumbnail","category-actualite","category-motocross","category-mx1mx2","category-mx-des-nations","category-news","category-news-actualite","category-slideshow","tag-motocross","tag-motocross-des-nations","tag-mxgp"],"yoast_head":"<!-- This site is optimized with the Yoast SEO plugin v28.4 - https:\/\/yoast.com\/product\/yoast-seo-wordpress\/ -->\n<title>L&#039;Allemagne annonce son \u00e9quipe pour le Motocross des Nations - Motocross - Enduro - Supermoto | MotocrossMag<\/title>\n<meta name=\"robots\" content=\"index, follow, max-snippet:-1, max-image-preview:large, max-video-preview:-1\" \/>\n<link rel=\"canonical\" href=\"https:\/\/fr.motocrossmag.be\/index.php\/2022\/08\/lallemagne-annonce-son-equipe-pour-le-motocross-des-nations\/\" \/>\n<meta property=\"og:locale\" content=\"fr_FR\" \/>\n<meta property=\"og:type\" content=\"article\" \/>\n<meta property=\"og:title\" content=\"L&#039;Allemagne annonce son \u00e9quipe pour le Motocross des Nations - Motocross - Enduro - Supermoto | MotocrossMag\" \/>\n<meta property=\"og:description\" content=\"La f\u00e9d\u00e9ration allemande a annonc\u00e9 les noms des trois pilotes qui porteront ses couleurs sur le prochain Motocross des Nations, \u00e0 RedBud (USA) les 24 et 25 septembre prochains. Pour repr\u00e9senter le pays sur ce championnat du monde par \u00e9quipes nationales, l&rsquo;Allemagne fera confiance \u00e0 l&rsquo;exp\u00e9rience de Max Nagl (MX1), le leader actuel du championnat [&hellip;]\" \/>\n<meta property=\"og:url\" content=\"https:\/\/fr.motocrossmag.be\/index.php\/2022\/08\/lallemagne-annonce-son-equipe-pour-le-motocross-des-nations\/\" \/>\n<meta property=\"og:site_name\" content=\"Motocross - Enduro - Supermoto | MotocrossMag\" \/>\n<meta property=\"article:published_time\" content=\"2022-08-17T16:26:24+00:00\" \/>\n<meta property=\"article:modified_time\" content=\"2022-08-18T07:27:54+00:00\" \/>\n<meta property=\"og:image\" content=\"https:\/\/fr.motocrossmag.be\/wp-content\/uploads\/2021\/07\/adac_mx_masters_nagl-start.jpg\" \/>\n\t<meta property=\"og:image:width\" content=\"1000\" \/>\n\t<meta property=\"og:image:height\" content=\"666\" \/>\n\t<meta property=\"og:image:type\" content=\"image\/jpeg\" \/>\n<meta name=\"author\" content=\"oliviere\" \/>\n<meta name=\"twitter:card\" content=\"summary_large_image\" \/>\n<meta name=\"twitter:label1\" content=\"\u00c9crit par\" \/>\n\t<meta name=\"twitter:data1\" content=\"oliviere\" \/>\n<script type=\"application\/ld+json\" class=\"yoast-schema-graph\">{\"@context\":\"https:\\\/\\\/schema.org\",\"@graph\":[{\"@type\":\"Article\",\"@id\":\"https:\\\/\\\/fr.motocrossmag.be\\\/index.php\\\/2022\\\/08\\\/lallemagne-annonce-son-equipe-pour-le-motocross-des-nations\\\/#article\",\"isPartOf\":{\"@id\":\"https:\\\/\\\/fr.motocrossmag.be\\\/index.php\\\/2022\\\/08\\\/lallemagne-annonce-son-equipe-pour-le-motocross-des-nations\\\/\"},\"author\":{\"name\":\"oliviere\",\"@id\":\"https:\\\/\\\/fr.motocrossmag.be\\\/#\\\/schema\\\/person\\\/11b47143d9f755babca2c9110e03235c\"},\"headline\":\"L&rsquo;Allemagne annonce son \u00e9quipe pour le Motocross des Nations\",\"datePublished\":\"2022-08-17T16:26:24+00:00\",\"dateModified\":\"2022-08-18T07:27:54+00:00\",\"mainEntityOfPage\":{\"@id\":\"https:\\\/\\\/fr.motocrossmag.be\\\/index.php\\\/2022\\\/08\\\/lallemagne-annonce-son-equipe-pour-le-motocross-des-nations\\\/\"},\"wordCount\":79,\"commentCount\":0,\"image\":{\"@id\":\"https:\\\/\\\/fr.motocrossmag.be\\\/index.php\\\/2022\\\/08\\\/lallemagne-annonce-son-equipe-pour-le-motocross-des-nations\\\/#primaryimage\"},\"thumbnailUrl\":\"https:\\\/\\\/fr.motocrossmag.be\\\/wp-content\\\/uploads\\\/2021\\\/07\\\/adac_mx_masters_nagl-start.jpg\",\"keywords\":[\"Motocross\",\"motocross des nations\",\"MXGP\"],\"articleSection\":[\"Actualit\u00e9\",\"Motocross\",\"Motocross MXGP\",\"MX des Nations\",\"News\",\"News\",\"Slideshow\"],\"inLanguage\":\"fr-FR\",\"potentialAction\":[{\"@type\":\"CommentAction\",\"name\":\"Comment\",\"target\":[\"https:\\\/\\\/fr.motocrossmag.be\\\/index.php\\\/2022\\\/08\\\/lallemagne-annonce-son-equipe-pour-le-motocross-des-nations\\\/#respond\"]}]},{\"@type\":\"WebPage\",\"@id\":\"https:\\\/\\\/fr.motocrossmag.be\\\/index.php\\\/2022\\\/08\\\/lallemagne-annonce-son-equipe-pour-le-motocross-des-nations\\\/\",\"url\":\"https:\\\/\\\/fr.motocrossmag.be\\\/index.php\\\/2022\\\/08\\\/lallemagne-annonce-son-equipe-pour-le-motocross-des-nations\\\/\",\"name\":\"L'Allemagne annonce son \u00e9quipe pour le Motocross des Nations - Motocross - Enduro - Supermoto | MotocrossMag\",\"isPartOf\":{\"@id\":\"https:\\\/\\\/fr.motocrossmag.be\\\/#website\"},\"primaryImageOfPage\":{\"@id\":\"https:\\\/\\\/fr.motocrossmag.be\\\/index.php\\\/2022\\\/08\\\/lallemagne-annonce-son-equipe-pour-le-motocross-des-nations\\\/#primaryimage\"},\"image\":{\"@id\":\"https:\\\/\\\/fr.motocrossmag.be\\\/index.php\\\/2022\\\/08\\\/lallemagne-annonce-son-equipe-pour-le-motocross-des-nations\\\/#primaryimage\"},\"thumbnailUrl\":\"https:\\\/\\\/fr.motocrossmag.be\\\/wp-content\\\/uploads\\\/2021\\\/07\\\/adac_mx_masters_nagl-start.jpg\",\"datePublished\":\"2022-08-17T16:26:24+00:00\",\"dateModified\":\"2022-08-18T07:27:54+00:00\",\"author\":{\"@id\":\"https:\\\/\\\/fr.motocrossmag.be\\\/#\\\/schema\\\/person\\\/11b47143d9f755babca2c9110e03235c\"},\"breadcrumb\":{\"@id\":\"https:\\\/\\\/fr.motocrossmag.be\\\/index.php\\\/2022\\\/08\\\/lallemagne-annonce-son-equipe-pour-le-motocross-des-nations\\\/#breadcrumb\"},\"inLanguage\":\"fr-FR\",\"potentialAction\":[{\"@type\":\"ReadAction\",\"target\":[\"https:\\\/\\\/fr.motocrossmag.be\\\/index.php\\\/2022\\\/08\\\/lallemagne-annonce-son-equipe-pour-le-motocross-des-nations\\\/\"]}]},{\"@type\":\"ImageObject\",\"inLanguage\":\"fr-FR\",\"@id\":\"https:\\\/\\\/fr.motocrossmag.be\\\/index.php\\\/2022\\\/08\\\/lallemagne-annonce-son-equipe-pour-le-motocross-des-nations\\\/#primaryimage\",\"url\":\"https:\\\/\\\/fr.motocrossmag.be\\\/wp-content\\\/uploads\\\/2021\\\/07\\\/adac_mx_masters_nagl-start.jpg\",\"contentUrl\":\"https:\\\/\\\/fr.motocrossmag.be\\\/wp-content\\\/uploads\\\/2021\\\/07\\\/adac_mx_masters_nagl-start.jpg\",\"width\":1000,\"height\":666},{\"@type\":\"BreadcrumbList\",\"@id\":\"https:\\\/\\\/fr.motocrossmag.be\\\/index.php\\\/2022\\\/08\\\/lallemagne-annonce-son-equipe-pour-le-motocross-des-nations\\\/#breadcrumb\",\"itemListElement\":[{\"@type\":\"ListItem\",\"position\":1,\"name\":\"Accueil\",\"item\":\"https:\\\/\\\/fr.motocrossmag.be\\\/\"},{\"@type\":\"ListItem\",\"position\":2,\"name\":\"L&rsquo;Allemagne annonce son \u00e9quipe pour le Motocross des Nations\"}]},{\"@type\":\"WebSite\",\"@id\":\"https:\\\/\\\/fr.motocrossmag.be\\\/#website\",\"url\":\"https:\\\/\\\/fr.motocrossmag.be\\\/\",\"name\":\"Motocross - Enduro - Supermoto | MotocrossMag\",\"description\":\"L&#039;actualit\u00e9 du motocross, de l&#039;enduro et du Supermoto en ligne!\",\"potentialAction\":[{\"@type\":\"SearchAction\",\"target\":{\"@type\":\"EntryPoint\",\"urlTemplate\":\"https:\\\/\\\/fr.motocrossmag.be\\\/?s={search_term_string}\"},\"query-input\":{\"@type\":\"PropertyValueSpecification\",\"valueRequired\":true,\"valueName\":\"search_term_string\"}}],\"inLanguage\":\"fr-FR\"},{\"@type\":\"Person\",\"@id\":\"https:\\\/\\\/fr.motocrossmag.be\\\/#\\\/schema\\\/person\\\/11b47143d9f755babca2c9110e03235c\",\"name\":\"oliviere\",\"image\":{\"@type\":\"ImageObject\",\"inLanguage\":\"fr-FR\",\"@id\":\"https:\\\/\\\/secure.gravatar.com\\\/avatar\\\/907069e0b81d119452040469e4a7501da1100f54f7f80180ce77bfab718288f6?s=96&d=mm&r=g\",\"url\":\"https:\\\/\\\/secure.gravatar.com\\\/avatar\\\/907069e0b81d119452040469e4a7501da1100f54f7f80180ce77bfab718288f6?s=96&d=mm&r=g\",\"contentUrl\":\"https:\\\/\\\/secure.gravatar.com\\\/avatar\\\/907069e0b81d119452040469e4a7501da1100f54f7f80180ce77bfab718288f6?s=96&d=mm&r=g\",\"caption\":\"oliviere\"},\"sameAs\":[\"http:\\\/\\\/www.motocrossmag.be\"],\"url\":\"https:\\\/\\\/fr.motocrossmag.be\\\/index.php\\\/author\\\/oliviere\\\/\"}]}<\/script>\n<!-- \/ Yoast SEO plugin. -->","yoast_head_json":{"title":"L'Allemagne annonce son \u00e9quipe pour le Motocross des Nations - Motocross - Enduro - Supermoto | MotocrossMag","robots":{"index":"index","follow":"follow","max-snippet":"max-snippet:-1","max-image-preview":"max-image-preview:large","max-video-preview":"max-video-preview:-1"},"canonical":"https:\/\/fr.motocrossmag.be\/index.php\/2022\/08\/lallemagne-annonce-son-equipe-pour-le-motocross-des-nations\/","og_locale":"fr_FR","og_type":"article","og_title":"L'Allemagne annonce son \u00e9quipe pour le Motocross des Nations - Motocross - Enduro - Supermoto | MotocrossMag","og_description":"La f\u00e9d\u00e9ration allemande a annonc\u00e9 les noms des trois pilotes qui porteront ses couleurs sur le prochain Motocross des Nations, \u00e0 RedBud (USA) les 24 et 25 septembre prochains. Pour repr\u00e9senter le pays sur ce championnat du monde par \u00e9quipes nationales, l&rsquo;Allemagne fera confiance \u00e0 l&rsquo;exp\u00e9rience de Max Nagl (MX1), le leader actuel du championnat [&hellip;]","og_url":"https:\/\/fr.motocrossmag.be\/index.php\/2022\/08\/lallemagne-annonce-son-equipe-pour-le-motocross-des-nations\/","og_site_name":"Motocross - Enduro - Supermoto | MotocrossMag","article_published_time":"2022-08-17T16:26:24+00:00","article_modified_time":"2022-08-18T07:27:54+00:00","og_image":[{"width":1000,"height":666,"url":"https:\/\/fr.motocrossmag.be\/wp-content\/uploads\/2021\/07\/adac_mx_masters_nagl-start.jpg","type":"image\/jpeg"}],"author":"oliviere","twitter_card":"summary_large_image","twitter_misc":{"\u00c9crit par":"oliviere"},"schema":{"@context":"https:\/\/schema.org","@graph":[{"@type":"Article","@id":"https:\/\/fr.motocrossmag.be\/index.php\/2022\/08\/lallemagne-annonce-son-equipe-pour-le-motocross-des-nations\/#article","isPartOf":{"@id":"https:\/\/fr.motocrossmag.be\/index.php\/2022\/08\/lallemagne-annonce-son-equipe-pour-le-motocross-des-nations\/"},"author":{"name":"oliviere","@id":"https:\/\/fr.motocrossmag.be\/#\/schema\/person\/11b47143d9f755babca2c9110e03235c"},"headline":"L&rsquo;Allemagne annonce son \u00e9quipe pour le Motocross des Nations","datePublished":"2022-08-17T16:26:24+00:00","dateModified":"2022-08-18T07:27:54+00:00","mainEntityOfPage":{"@id":"https:\/\/fr.motocrossmag.be\/index.php\/2022\/08\/lallemagne-annonce-son-equipe-pour-le-motocross-des-nations\/"},"wordCount":79,"commentCount":0,"image":{"@id":"https:\/\/fr.motocrossmag.be\/index.php\/2022\/08\/lallemagne-annonce-son-equipe-pour-le-motocross-des-nations\/#primaryimage"},"thumbnailUrl":"https:\/\/fr.motocrossmag.be\/wp-content\/uploads\/2021\/07\/adac_mx_masters_nagl-start.jpg","keywords":["Motocross","motocross des nations","MXGP"],"articleSection":["Actualit\u00e9","Motocross","Motocross MXGP","MX des Nations","News","News","Slideshow"],"inLanguage":"fr-FR","potentialAction":[{"@type":"CommentAction","name":"Comment","target":["https:\/\/fr.motocrossmag.be\/index.php\/2022\/08\/lallemagne-annonce-son-equipe-pour-le-motocross-des-nations\/#respond"]}]},{"@type":"WebPage","@id":"https:\/\/fr.motocrossmag.be\/index.php\/2022\/08\/lallemagne-annonce-son-equipe-pour-le-motocross-des-nations\/","url":"https:\/\/fr.motocrossmag.be\/index.php\/2022\/08\/lallemagne-annonce-son-equipe-pour-le-motocross-des-nations\/","name":"L'Allemagne annonce son \u00e9quipe pour le Motocross des Nations - Motocross - Enduro - Supermoto | MotocrossMag","isPartOf":{"@id":"https:\/\/fr.motocrossmag.be\/#website"},"primaryImageOfPage":{"@id":"https:\/\/fr.motocrossmag.be\/index.php\/2022\/08\/lallemagne-annonce-son-equipe-pour-le-motocross-des-nations\/#primaryimage"},"image":{"@id":"https:\/\/fr.motocrossmag.be\/index.php\/2022\/08\/lallemagne-annonce-son-equipe-pour-le-motocross-des-nations\/#primaryimage"},"thumbnailUrl":"https:\/\/fr.motocrossmag.be\/wp-content\/uploads\/2021\/07\/adac_mx_masters_nagl-start.jpg","datePublished":"2022-08-17T16:26:24+00:00","dateModified":"2022-08-18T07:27:54+00:00","author":{"@id":"https:\/\/fr.motocrossmag.be\/#\/schema\/person\/11b47143d9f755babca2c9110e03235c"},"breadcrumb":{"@id":"https:\/\/fr.motocrossmag.be\/index.php\/2022\/08\/lallemagne-annonce-son-equipe-pour-le-motocross-des-nations\/#breadcrumb"},"inLanguage":"fr-FR","potentialAction":[{"@type":"ReadAction","target":["https:\/\/fr.motocrossmag.be\/index.php\/2022\/08\/lallemagne-annonce-son-equipe-pour-le-motocross-des-nations\/"]}]},{"@type":"ImageObject","inLanguage":"fr-FR","@id":"https:\/\/fr.motocrossmag.be\/index.php\/2022\/08\/lallemagne-annonce-son-equipe-pour-le-motocross-des-nations\/#primaryimage","url":"https:\/\/fr.motocrossmag.be\/wp-content\/uploads\/2021\/07\/adac_mx_masters_nagl-start.jpg","contentUrl":"https:\/\/fr.motocrossmag.be\/wp-content\/uploads\/2021\/07\/adac_mx_masters_nagl-start.jpg","width":1000,"height":666},{"@type":"BreadcrumbList","@id":"https:\/\/fr.motocrossmag.be\/index.php\/2022\/08\/lallemagne-annonce-son-equipe-pour-le-motocross-des-nations\/#breadcrumb","itemListElement":[{"@type":"ListItem","position":1,"name":"Accueil","item":"https:\/\/fr.motocrossmag.be\/"},{"@type":"ListItem","position":2,"name":"L&rsquo;Allemagne annonce son \u00e9quipe pour le Motocross des Nations"}]},{"@type":"WebSite","@id":"https:\/\/fr.motocrossmag.be\/#website","url":"https:\/\/fr.motocrossmag.be\/","name":"Motocross - Enduro - Supermoto | MotocrossMag","description":"L&#039;actualit\u00e9 du motocross, de l&#039;enduro et du Supermoto en ligne!","potentialAction":[{"@type":"SearchAction","target":{"@type":"EntryPoint","urlTemplate":"https:\/\/fr.motocrossmag.be\/?s={search_term_string}"},"query-input":{"@type":"PropertyValueSpecification","valueRequired":true,"valueName":"search_term_string"}}],"inLanguage":"fr-FR"},{"@type":"Person","@id":"https:\/\/fr.motocrossmag.be\/#\/schema\/person\/11b47143d9f755babca2c9110e03235c","name":"oliviere","image":{"@type":"ImageObject","inLanguage":"fr-FR","@id":"https:\/\/secure.gravatar.com\/avatar\/907069e0b81d119452040469e4a7501da1100f54f7f80180ce77bfab718288f6?s=96&d=mm&r=g","url":"https:\/\/secure.gravatar.com\/avatar\/907069e0b81d119452040469e4a7501da1100f54f7f80180ce77bfab718288f6?s=96&d=mm&r=g","contentUrl":"https:\/\/secure.gravatar.com\/avatar\/907069e0b81d119452040469e4a7501da1100f54f7f80180ce77bfab718288f6?s=96&d=mm&r=g","caption":"oliviere"},"sameAs":["http:\/\/www.motocrossmag.be"],"url":"https:\/\/fr.motocrossmag.be\/index.php\/author\/oliviere\/"}]}},"_links":{"self":[{"href":"https:\/\/fr.motocrossmag.be\/index.php\/wp-json\/wp\/v2\/posts\/119942","targetHints":{"allow":["GET"]}}],"collection":[{"href":"https:\/\/fr.motocrossmag.be\/index.php\/wp-json\/wp\/v2\/posts"}],"about":[{"href":"https:\/\/fr.motocrossmag.be\/index.php\/wp-json\/wp\/v2\/types\/post"}],"author":[{"embeddable":true,"href":"https:\/\/fr.motocrossmag.be\/index.php\/wp-json\/wp\/v2\/users\/932"}],"replies":[{"embeddable":true,"href":"https:\/\/fr.motocrossmag.be\/index.php\/wp-json\/wp\/v2\/comments?post=119942"}],"version-history":[{"count":0,"href":"https:\/\/fr.motocrossmag.be\/index.php\/wp-json\/wp\/v2\/posts\/119942\/revisions"}],"wp:featuredmedia":[{"embeddable":true,"href":"https:\/\/fr.motocrossmag.be\/index.php\/wp-json\/wp\/v2\/media\/110646"}],"wp:attachment":[{"href":"https:\/\/fr.motocrossmag.be\/index.php\/wp-json\/wp\/v2\/media?parent=119942"}],"wp:term":[{"taxonomy":"category","embeddable":true,"href":"https:\/\/fr.motocrossmag.be\/index.php\/wp-json\/wp\/v2\/categories?post=119942"},{"taxonomy":"post_tag","embeddable":true,"href":"https:\/\/fr.motocrossmag.be\/index.php\/wp-json\/wp\/v2\/tags?post=119942"}],"curies":[{"name":"wp","href":"https:\/\/api.w.org\/{rel}","templated":true}]}}