{"id":120140,"date":"2022-08-19T18:25:40","date_gmt":"2022-08-19T16:25:40","guid":{"rendered":"http:\/\/fr.motocrossmag.be\/?p=120140"},"modified":"2022-08-19T18:26:50","modified_gmt":"2022-08-19T16:26:50","slug":"gasgas-se-lance-dans-laventure-du-motogp","status":"publish","type":"post","link":"https:\/\/fr.motocrossmag.be\/index.php\/2022\/08\/gasgas-se-lance-dans-laventure-du-motogp\/","title":{"rendered":"GasGas se lance dans l&rsquo;aventure du MotoGP"},"content":{"rendered":"<p><strong>GasGas a officialis\u00e9 ce vendredi son arriv\u00e9e d\u00e8s 2023 sur le championnat du monde MotoGP. Apr\u00e8s avoir amen\u00e9 la marque espagnole sp\u00e9cialis\u00e9e jusqu&rsquo;en 2020 dans le trial et l&rsquo;enduro sur les championnats du monde MXGP, le championnat AMA de Supercross, les rallyes, puis en Moto2 et Moto3, le groupe de Stefan Pierer, \u00e9galement propri\u00e9taire des marques KTM et Husqvarna, porte un point final \u00e0 sa strat\u00e9gie de couverture totale pour la marque GasGas en la faisant entrer sur le plus prestigieux des championnats motocyclistes.<\/strong><\/p>\n<p>\u00c0 partir de 2023, la marque espagnole rejoindra pour la premi\u00e8re fois le MotoGP dans le cadre d&rsquo;un accord qui verra le Tech3 Factory Team passer de l&rsquo;orange au rouge. Le c\u00e9l\u00e8bre team d&rsquo;Herv\u00e9 Poncharal placera les machines officielles GasGas entre les mains de Pol Espargaro et d&rsquo;un deuxi\u00e8me pilote qui sera bient\u00f4t confirm\u00e9.<\/p>\n<p>La marque sera la sixi\u00e8me pr\u00e9sente en MotoGP en 2023, mais sa notori\u00e9t\u00e9 s&rsquo;est d\u00e9j\u00e0 affirm\u00e9e par des victoires en Grand Prix et des podiums en Moto3 et Moto2 lors des deux derni\u00e8res saisons, gr\u00e2ce \u00e0 l&rsquo;excellence de l&rsquo;\u00e9quipe GASGAS Aspar.<\/p>\n<p><img decoding=\"async\" class=\"lazyload alignnone size-full wp-image-120144\" src=\"http:\/\/fr.motocrossmag.be\/wp-content\/uploads\/2022\/08\/2023-GASGAS-Factory-Racing-Team-MotoGP-news.jpg\" data-orig-src=\"http:\/\/fr.motocrossmag.be\/wp-content\/uploads\/2022\/08\/2023-GASGAS-Factory-Racing-Team-MotoGP-news.jpg\" alt=\"\" width=\"1000\" height=\"666\" srcset=\"data:image\/svg+xml,%3Csvg%20xmlns%3D%27http%3A%2F%2Fwww.w3.org%2F2000%2Fsvg%27%20width%3D%271000%27%20height%3D%27666%27%20viewBox%3D%270%200%201000%20666%27%3E%3Crect%20width%3D%271000%27%20height%3D%27666%27%20fill-opacity%3D%220%22%2F%3E%3C%2Fsvg%3E\" data-srcset=\"https:\/\/fr.motocrossmag.be\/wp-content\/uploads\/2022\/08\/2023-GASGAS-Factory-Racing-Team-MotoGP-news-650x433.jpg 650w, https:\/\/fr.motocrossmag.be\/wp-content\/uploads\/2022\/08\/2023-GASGAS-Factory-Racing-Team-MotoGP-news-768x511.jpg 768w, https:\/\/fr.motocrossmag.be\/wp-content\/uploads\/2022\/08\/2023-GASGAS-Factory-Racing-Team-MotoGP-news.jpg 1000w\" data-sizes=\"auto\" data-orig-sizes=\"(max-width: 1000px) 100vw, 1000px\" \/><br \/>\n<strong>\u00a0<\/strong><br \/>\n<strong>Pit Beirer, GASGAS Motorsports Director:<\/strong>\u00a0\u201cGASGAS est une marque gagnante. Elle a atteint imm\u00e9diatement un niveau de performance incroyable dans des disciplines comme le MXGP, le Supercross, l&rsquo;Enduro et le Rallye, o\u00f9 nous avons remport\u00e9 des Grands Prix, des \u00e9preuves importantes, des titres mondiaux et des troph\u00e9es de champion. C&rsquo;est une marque relativement nouvelle pour nous et nous avons de nouveaux objectifs. Nous esp\u00e9rons que les fans qui suivent \u00ab\u00a0le rouge\u00a0\u00bb appr\u00e9cieront l&rsquo;histoire. Gr\u00e2ce \u00e0 notre partenaire solide, l&rsquo;\u00e9quipe ASPAR, en Moto3 et Moto2, nous avons pu voir les motos GASGAS en t\u00eate de ces cat\u00e9gories. Ce serait formidable de voir la m\u00eame chose dans la cat\u00e9gorie la plus difficile de toutes. Je tiens \u00e0 remercier Herv\u00e9 et l&rsquo;\u00e9quipe de Tech3 pour leur ouverture d&rsquo;esprit et leur soutien \u00e0 ce changement pour devenir le GASGAS Factory Racing Team. Nous pensons que c&rsquo;est passionnant et diff\u00e9rent.\u201d<\/p>\n<p><strong>Hubert Trunkenpolz, Member of the Executive Board, CMO:\u00a0<\/strong>\u201cLe d\u00e9veloppement du nom de GASGAS au-del\u00e0 de ses racines en Trial a \u00e9t\u00e9 une r\u00e9ussite \u00e0 plusieurs \u00e9gards. Apr\u00e8s avoir vu ce que nous pouvions r\u00e9aliser en Moto3 et Moto2, la question suivante \u00e9tait de savoir si nous pouvions amener GASGAS en MotoGP et nous sommes ravis de pouvoir faire ce pas. C&rsquo;est un nouveau voyage et je sais que la marque va se d\u00e9marquer imm\u00e9diatement. L&rsquo;\u00e9quipe, les pilotes et le management aideront GASGAS \u00e0 s&rsquo;imposer dans la cat\u00e9gorie reine. C&rsquo;est tout ce que nous esp\u00e9rons !\u201d<\/p>\n","protected":false},"excerpt":{"rendered":"<p>GasGas a officialis\u00e9 ce vendredi son arriv\u00e9e d\u00e8s 2023 sur le championnat du monde MotoGP. Apr\u00e8s avoir amen\u00e9 la marque espagnole sp\u00e9cialis\u00e9e jusqu&rsquo;en 2020 dans le trial et l&rsquo;enduro sur [&#8230;]<\/p>\n","protected":false},"author":932,"featured_media":120142,"comment_status":"open","ping_status":"closed","sticky":false,"template":"","format":"standard","meta":{"footnotes":""},"categories":[54,4,5,55,65],"tags":[1190,1935],"class_list":["post-120140","post","type-post","status-publish","format-standard","has-post-thumbnail","hentry","category-actualite","category-motocross","category-news","category-news-actualite","category-slideshow","tag-gasgas","tag-motogp"],"yoast_head":"<!-- This site is optimized with the Yoast SEO plugin v27.4 - https:\/\/yoast.com\/product\/yoast-seo-wordpress\/ -->\n<title>GasGas se lance dans l&#039;aventure du MotoGP - Motocross - Enduro - Supermoto | MotocrossMag<\/title>\n<meta name=\"robots\" content=\"index, follow, max-snippet:-1, max-image-preview:large, max-video-preview:-1\" \/>\n<link rel=\"canonical\" href=\"https:\/\/fr.motocrossmag.be\/index.php\/2022\/08\/gasgas-se-lance-dans-laventure-du-motogp\/\" \/>\n<meta property=\"og:locale\" content=\"fr_FR\" \/>\n<meta property=\"og:type\" content=\"article\" \/>\n<meta property=\"og:title\" content=\"GasGas se lance dans l&#039;aventure du MotoGP - Motocross - Enduro - Supermoto | MotocrossMag\" \/>\n<meta property=\"og:description\" content=\"GasGas a officialis\u00e9 ce vendredi son arriv\u00e9e d\u00e8s 2023 sur le championnat du monde MotoGP. Apr\u00e8s avoir amen\u00e9 la marque espagnole sp\u00e9cialis\u00e9e jusqu&rsquo;en 2020 dans le trial et l&rsquo;enduro sur [...]\" \/>\n<meta property=\"og:url\" content=\"https:\/\/fr.motocrossmag.be\/index.php\/2022\/08\/gasgas-se-lance-dans-laventure-du-motogp\/\" \/>\n<meta property=\"og:site_name\" content=\"Motocross - Enduro - Supermoto | MotocrossMag\" \/>\n<meta property=\"article:published_time\" content=\"2022-08-19T16:25:40+00:00\" \/>\n<meta property=\"article:modified_time\" content=\"2022-08-19T16:26:50+00:00\" \/>\n<meta property=\"og:image\" content=\"https:\/\/fr.motocrossmag.be\/wp-content\/uploads\/2022\/08\/2023-GASGAS-Factory-Racing-Team-MotoGP-news1.jpg\" \/>\n\t<meta property=\"og:image:width\" content=\"1000\" \/>\n\t<meta property=\"og:image:height\" content=\"667\" \/>\n\t<meta property=\"og:image:type\" content=\"image\/jpeg\" \/>\n<meta name=\"author\" content=\"oliviere\" \/>\n<meta name=\"twitter:card\" content=\"summary_large_image\" \/>\n<meta name=\"twitter:label1\" content=\"\u00c9crit par\" \/>\n\t<meta name=\"twitter:data1\" content=\"oliviere\" \/>\n\t<meta name=\"twitter:label2\" content=\"Dur\u00e9e de lecture estim\u00e9e\" \/>\n\t<meta name=\"twitter:data2\" content=\"2 minutes\" \/>\n<script type=\"application\/ld+json\" class=\"yoast-schema-graph\">{\"@context\":\"https:\\\/\\\/schema.org\",\"@graph\":[{\"@type\":\"Article\",\"@id\":\"https:\\\/\\\/fr.motocrossmag.be\\\/index.php\\\/2022\\\/08\\\/gasgas-se-lance-dans-laventure-du-motogp\\\/#article\",\"isPartOf\":{\"@id\":\"https:\\\/\\\/fr.motocrossmag.be\\\/index.php\\\/2022\\\/08\\\/gasgas-se-lance-dans-laventure-du-motogp\\\/\"},\"author\":{\"name\":\"oliviere\",\"@id\":\"https:\\\/\\\/fr.motocrossmag.be\\\/#\\\/schema\\\/person\\\/11b47143d9f755babca2c9110e03235c\"},\"headline\":\"GasGas se lance dans l&rsquo;aventure du MotoGP\",\"datePublished\":\"2022-08-19T16:25:40+00:00\",\"dateModified\":\"2022-08-19T16:26:50+00:00\",\"mainEntityOfPage\":{\"@id\":\"https:\\\/\\\/fr.motocrossmag.be\\\/index.php\\\/2022\\\/08\\\/gasgas-se-lance-dans-laventure-du-motogp\\\/\"},\"wordCount\":472,\"commentCount\":0,\"image\":{\"@id\":\"https:\\\/\\\/fr.motocrossmag.be\\\/index.php\\\/2022\\\/08\\\/gasgas-se-lance-dans-laventure-du-motogp\\\/#primaryimage\"},\"thumbnailUrl\":\"https:\\\/\\\/fr.motocrossmag.be\\\/wp-content\\\/uploads\\\/2022\\\/08\\\/2023-GASGAS-Factory-Racing-Team-MotoGP-news1.jpg\",\"keywords\":[\"gasgas\",\"motoGP\"],\"articleSection\":[\"Actualit\u00e9\",\"Motocross\",\"News\",\"News\",\"Slideshow\"],\"inLanguage\":\"fr-FR\",\"potentialAction\":[{\"@type\":\"CommentAction\",\"name\":\"Comment\",\"target\":[\"https:\\\/\\\/fr.motocrossmag.be\\\/index.php\\\/2022\\\/08\\\/gasgas-se-lance-dans-laventure-du-motogp\\\/#respond\"]}]},{\"@type\":\"WebPage\",\"@id\":\"https:\\\/\\\/fr.motocrossmag.be\\\/index.php\\\/2022\\\/08\\\/gasgas-se-lance-dans-laventure-du-motogp\\\/\",\"url\":\"https:\\\/\\\/fr.motocrossmag.be\\\/index.php\\\/2022\\\/08\\\/gasgas-se-lance-dans-laventure-du-motogp\\\/\",\"name\":\"GasGas se lance dans l'aventure du MotoGP - Motocross - Enduro - Supermoto | MotocrossMag\",\"isPartOf\":{\"@id\":\"https:\\\/\\\/fr.motocrossmag.be\\\/#website\"},\"primaryImageOfPage\":{\"@id\":\"https:\\\/\\\/fr.motocrossmag.be\\\/index.php\\\/2022\\\/08\\\/gasgas-se-lance-dans-laventure-du-motogp\\\/#primaryimage\"},\"image\":{\"@id\":\"https:\\\/\\\/fr.motocrossmag.be\\\/index.php\\\/2022\\\/08\\\/gasgas-se-lance-dans-laventure-du-motogp\\\/#primaryimage\"},\"thumbnailUrl\":\"https:\\\/\\\/fr.motocrossmag.be\\\/wp-content\\\/uploads\\\/2022\\\/08\\\/2023-GASGAS-Factory-Racing-Team-MotoGP-news1.jpg\",\"datePublished\":\"2022-08-19T16:25:40+00:00\",\"dateModified\":\"2022-08-19T16:26:50+00:00\",\"author\":{\"@id\":\"https:\\\/\\\/fr.motocrossmag.be\\\/#\\\/schema\\\/person\\\/11b47143d9f755babca2c9110e03235c\"},\"breadcrumb\":{\"@id\":\"https:\\\/\\\/fr.motocrossmag.be\\\/index.php\\\/2022\\\/08\\\/gasgas-se-lance-dans-laventure-du-motogp\\\/#breadcrumb\"},\"inLanguage\":\"fr-FR\",\"potentialAction\":[{\"@type\":\"ReadAction\",\"target\":[\"https:\\\/\\\/fr.motocrossmag.be\\\/index.php\\\/2022\\\/08\\\/gasgas-se-lance-dans-laventure-du-motogp\\\/\"]}]},{\"@type\":\"ImageObject\",\"inLanguage\":\"fr-FR\",\"@id\":\"https:\\\/\\\/fr.motocrossmag.be\\\/index.php\\\/2022\\\/08\\\/gasgas-se-lance-dans-laventure-du-motogp\\\/#primaryimage\",\"url\":\"https:\\\/\\\/fr.motocrossmag.be\\\/wp-content\\\/uploads\\\/2022\\\/08\\\/2023-GASGAS-Factory-Racing-Team-MotoGP-news1.jpg\",\"contentUrl\":\"https:\\\/\\\/fr.motocrossmag.be\\\/wp-content\\\/uploads\\\/2022\\\/08\\\/2023-GASGAS-Factory-Racing-Team-MotoGP-news1.jpg\",\"width\":\"1000\",\"height\":\"667\"},{\"@type\":\"BreadcrumbList\",\"@id\":\"https:\\\/\\\/fr.motocrossmag.be\\\/index.php\\\/2022\\\/08\\\/gasgas-se-lance-dans-laventure-du-motogp\\\/#breadcrumb\",\"itemListElement\":[{\"@type\":\"ListItem\",\"position\":1,\"name\":\"Accueil\",\"item\":\"https:\\\/\\\/fr.motocrossmag.be\\\/\"},{\"@type\":\"ListItem\",\"position\":2,\"name\":\"GasGas se lance dans l&rsquo;aventure du MotoGP\"}]},{\"@type\":\"WebSite\",\"@id\":\"https:\\\/\\\/fr.motocrossmag.be\\\/#website\",\"url\":\"https:\\\/\\\/fr.motocrossmag.be\\\/\",\"name\":\"Motocross - Enduro - Supermoto | MotocrossMag\",\"description\":\"L&#039;actualit\u00e9 du motocross, de l&#039;enduro et du Supermoto en ligne!\",\"potentialAction\":[{\"@type\":\"SearchAction\",\"target\":{\"@type\":\"EntryPoint\",\"urlTemplate\":\"https:\\\/\\\/fr.motocrossmag.be\\\/?s={search_term_string}\"},\"query-input\":{\"@type\":\"PropertyValueSpecification\",\"valueRequired\":true,\"valueName\":\"search_term_string\"}}],\"inLanguage\":\"fr-FR\"},{\"@type\":\"Person\",\"@id\":\"https:\\\/\\\/fr.motocrossmag.be\\\/#\\\/schema\\\/person\\\/11b47143d9f755babca2c9110e03235c\",\"name\":\"oliviere\",\"image\":{\"@type\":\"ImageObject\",\"inLanguage\":\"fr-FR\",\"@id\":\"https:\\\/\\\/secure.gravatar.com\\\/avatar\\\/907069e0b81d119452040469e4a7501da1100f54f7f80180ce77bfab718288f6?s=96&d=mm&r=g\",\"url\":\"https:\\\/\\\/secure.gravatar.com\\\/avatar\\\/907069e0b81d119452040469e4a7501da1100f54f7f80180ce77bfab718288f6?s=96&d=mm&r=g\",\"contentUrl\":\"https:\\\/\\\/secure.gravatar.com\\\/avatar\\\/907069e0b81d119452040469e4a7501da1100f54f7f80180ce77bfab718288f6?s=96&d=mm&r=g\",\"caption\":\"oliviere\"},\"sameAs\":[\"http:\\\/\\\/www.motocrossmag.be\"],\"url\":\"https:\\\/\\\/fr.motocrossmag.be\\\/index.php\\\/author\\\/oliviere\\\/\"}]}<\/script>\n<!-- \/ Yoast SEO plugin. -->","yoast_head_json":{"title":"GasGas se lance dans l'aventure du MotoGP - Motocross - Enduro - Supermoto | MotocrossMag","robots":{"index":"index","follow":"follow","max-snippet":"max-snippet:-1","max-image-preview":"max-image-preview:large","max-video-preview":"max-video-preview:-1"},"canonical":"https:\/\/fr.motocrossmag.be\/index.php\/2022\/08\/gasgas-se-lance-dans-laventure-du-motogp\/","og_locale":"fr_FR","og_type":"article","og_title":"GasGas se lance dans l'aventure du MotoGP - Motocross - Enduro - Supermoto | MotocrossMag","og_description":"GasGas a officialis\u00e9 ce vendredi son arriv\u00e9e d\u00e8s 2023 sur le championnat du monde MotoGP. Apr\u00e8s avoir amen\u00e9 la marque espagnole sp\u00e9cialis\u00e9e jusqu&rsquo;en 2020 dans le trial et l&rsquo;enduro sur [...]","og_url":"https:\/\/fr.motocrossmag.be\/index.php\/2022\/08\/gasgas-se-lance-dans-laventure-du-motogp\/","og_site_name":"Motocross - Enduro - Supermoto | MotocrossMag","article_published_time":"2022-08-19T16:25:40+00:00","article_modified_time":"2022-08-19T16:26:50+00:00","og_image":[{"width":1000,"height":667,"url":"https:\/\/fr.motocrossmag.be\/wp-content\/uploads\/2022\/08\/2023-GASGAS-Factory-Racing-Team-MotoGP-news1.jpg","type":"image\/jpeg"}],"author":"oliviere","twitter_card":"summary_large_image","twitter_misc":{"\u00c9crit par":"oliviere","Dur\u00e9e de lecture estim\u00e9e":"2 minutes"},"schema":{"@context":"https:\/\/schema.org","@graph":[{"@type":"Article","@id":"https:\/\/fr.motocrossmag.be\/index.php\/2022\/08\/gasgas-se-lance-dans-laventure-du-motogp\/#article","isPartOf":{"@id":"https:\/\/fr.motocrossmag.be\/index.php\/2022\/08\/gasgas-se-lance-dans-laventure-du-motogp\/"},"author":{"name":"oliviere","@id":"https:\/\/fr.motocrossmag.be\/#\/schema\/person\/11b47143d9f755babca2c9110e03235c"},"headline":"GasGas se lance dans l&rsquo;aventure du MotoGP","datePublished":"2022-08-19T16:25:40+00:00","dateModified":"2022-08-19T16:26:50+00:00","mainEntityOfPage":{"@id":"https:\/\/fr.motocrossmag.be\/index.php\/2022\/08\/gasgas-se-lance-dans-laventure-du-motogp\/"},"wordCount":472,"commentCount":0,"image":{"@id":"https:\/\/fr.motocrossmag.be\/index.php\/2022\/08\/gasgas-se-lance-dans-laventure-du-motogp\/#primaryimage"},"thumbnailUrl":"https:\/\/fr.motocrossmag.be\/wp-content\/uploads\/2022\/08\/2023-GASGAS-Factory-Racing-Team-MotoGP-news1.jpg","keywords":["gasgas","motoGP"],"articleSection":["Actualit\u00e9","Motocross","News","News","Slideshow"],"inLanguage":"fr-FR","potentialAction":[{"@type":"CommentAction","name":"Comment","target":["https:\/\/fr.motocrossmag.be\/index.php\/2022\/08\/gasgas-se-lance-dans-laventure-du-motogp\/#respond"]}]},{"@type":"WebPage","@id":"https:\/\/fr.motocrossmag.be\/index.php\/2022\/08\/gasgas-se-lance-dans-laventure-du-motogp\/","url":"https:\/\/fr.motocrossmag.be\/index.php\/2022\/08\/gasgas-se-lance-dans-laventure-du-motogp\/","name":"GasGas se lance dans l'aventure du MotoGP - Motocross - Enduro - Supermoto | MotocrossMag","isPartOf":{"@id":"https:\/\/fr.motocrossmag.be\/#website"},"primaryImageOfPage":{"@id":"https:\/\/fr.motocrossmag.be\/index.php\/2022\/08\/gasgas-se-lance-dans-laventure-du-motogp\/#primaryimage"},"image":{"@id":"https:\/\/fr.motocrossmag.be\/index.php\/2022\/08\/gasgas-se-lance-dans-laventure-du-motogp\/#primaryimage"},"thumbnailUrl":"https:\/\/fr.motocrossmag.be\/wp-content\/uploads\/2022\/08\/2023-GASGAS-Factory-Racing-Team-MotoGP-news1.jpg","datePublished":"2022-08-19T16:25:40+00:00","dateModified":"2022-08-19T16:26:50+00:00","author":{"@id":"https:\/\/fr.motocrossmag.be\/#\/schema\/person\/11b47143d9f755babca2c9110e03235c"},"breadcrumb":{"@id":"https:\/\/fr.motocrossmag.be\/index.php\/2022\/08\/gasgas-se-lance-dans-laventure-du-motogp\/#breadcrumb"},"inLanguage":"fr-FR","potentialAction":[{"@type":"ReadAction","target":["https:\/\/fr.motocrossmag.be\/index.php\/2022\/08\/gasgas-se-lance-dans-laventure-du-motogp\/"]}]},{"@type":"ImageObject","inLanguage":"fr-FR","@id":"https:\/\/fr.motocrossmag.be\/index.php\/2022\/08\/gasgas-se-lance-dans-laventure-du-motogp\/#primaryimage","url":"https:\/\/fr.motocrossmag.be\/wp-content\/uploads\/2022\/08\/2023-GASGAS-Factory-Racing-Team-MotoGP-news1.jpg","contentUrl":"https:\/\/fr.motocrossmag.be\/wp-content\/uploads\/2022\/08\/2023-GASGAS-Factory-Racing-Team-MotoGP-news1.jpg","width":"1000","height":"667"},{"@type":"BreadcrumbList","@id":"https:\/\/fr.motocrossmag.be\/index.php\/2022\/08\/gasgas-se-lance-dans-laventure-du-motogp\/#breadcrumb","itemListElement":[{"@type":"ListItem","position":1,"name":"Accueil","item":"https:\/\/fr.motocrossmag.be\/"},{"@type":"ListItem","position":2,"name":"GasGas se lance dans l&rsquo;aventure du MotoGP"}]},{"@type":"WebSite","@id":"https:\/\/fr.motocrossmag.be\/#website","url":"https:\/\/fr.motocrossmag.be\/","name":"Motocross - Enduro - Supermoto | MotocrossMag","description":"L&#039;actualit\u00e9 du motocross, de l&#039;enduro et du Supermoto en ligne!","potentialAction":[{"@type":"SearchAction","target":{"@type":"EntryPoint","urlTemplate":"https:\/\/fr.motocrossmag.be\/?s={search_term_string}"},"query-input":{"@type":"PropertyValueSpecification","valueRequired":true,"valueName":"search_term_string"}}],"inLanguage":"fr-FR"},{"@type":"Person","@id":"https:\/\/fr.motocrossmag.be\/#\/schema\/person\/11b47143d9f755babca2c9110e03235c","name":"oliviere","image":{"@type":"ImageObject","inLanguage":"fr-FR","@id":"https:\/\/secure.gravatar.com\/avatar\/907069e0b81d119452040469e4a7501da1100f54f7f80180ce77bfab718288f6?s=96&d=mm&r=g","url":"https:\/\/secure.gravatar.com\/avatar\/907069e0b81d119452040469e4a7501da1100f54f7f80180ce77bfab718288f6?s=96&d=mm&r=g","contentUrl":"https:\/\/secure.gravatar.com\/avatar\/907069e0b81d119452040469e4a7501da1100f54f7f80180ce77bfab718288f6?s=96&d=mm&r=g","caption":"oliviere"},"sameAs":["http:\/\/www.motocrossmag.be"],"url":"https:\/\/fr.motocrossmag.be\/index.php\/author\/oliviere\/"}]}},"_links":{"self":[{"href":"https:\/\/fr.motocrossmag.be\/index.php\/wp-json\/wp\/v2\/posts\/120140","targetHints":{"allow":["GET"]}}],"collection":[{"href":"https:\/\/fr.motocrossmag.be\/index.php\/wp-json\/wp\/v2\/posts"}],"about":[{"href":"https:\/\/fr.motocrossmag.be\/index.php\/wp-json\/wp\/v2\/types\/post"}],"author":[{"embeddable":true,"href":"https:\/\/fr.motocrossmag.be\/index.php\/wp-json\/wp\/v2\/users\/932"}],"replies":[{"embeddable":true,"href":"https:\/\/fr.motocrossmag.be\/index.php\/wp-json\/wp\/v2\/comments?post=120140"}],"version-history":[{"count":1,"href":"https:\/\/fr.motocrossmag.be\/index.php\/wp-json\/wp\/v2\/posts\/120140\/revisions"}],"predecessor-version":[{"id":120145,"href":"https:\/\/fr.motocrossmag.be\/index.php\/wp-json\/wp\/v2\/posts\/120140\/revisions\/120145"}],"wp:featuredmedia":[{"embeddable":true,"href":"https:\/\/fr.motocrossmag.be\/index.php\/wp-json\/wp\/v2\/media\/120142"}],"wp:attachment":[{"href":"https:\/\/fr.motocrossmag.be\/index.php\/wp-json\/wp\/v2\/media?parent=120140"}],"wp:term":[{"taxonomy":"category","embeddable":true,"href":"https:\/\/fr.motocrossmag.be\/index.php\/wp-json\/wp\/v2\/categories?post=120140"},{"taxonomy":"post_tag","embeddable":true,"href":"https:\/\/fr.motocrossmag.be\/index.php\/wp-json\/wp\/v2\/tags?post=120140"}],"curies":[{"name":"wp","href":"https:\/\/api.w.org\/{rel}","templated":true}]}}