{"id":120149,"date":"2022-08-20T18:20:51","date_gmt":"2022-08-20T16:20:51","guid":{"rendered":"http:\/\/fr.motocrossmag.be\/?p=120149"},"modified":"2022-08-20T18:20:51","modified_gmt":"2022-08-20T16:20:51","slug":"mxgp-vialle-et-febvre-en-pole-a-domicile-everts-troisieme","status":"publish","type":"post","link":"https:\/\/fr.motocrossmag.be\/index.php\/2022\/08\/mxgp-vialle-et-febvre-en-pole-a-domicile-everts-troisieme\/","title":{"rendered":"MXGP : Vialle et Febvre en pole \u00e0 domicile, Everts troisi\u00e8me"},"content":{"rendered":"<p><strong>L&rsquo;avant-dernier GP de la saison mondiale de motocross se dispute ce week-end en France, sur la tr\u00e8s belle piste de Saint-Jean-d&rsquo;Ang\u00e9ly. Face \u00e0 leur public, les Fran\u00e7ais Tom Vialle (MX2) et Romain Febvre (MXGP) ont remport\u00e9 ce samedi apr\u00e8s-midi les manches qualificatives.<\/strong><\/p>\n<p>En MX2, Vialle s&rsquo;impose devant son compatriote Thibault Benistant et un excellent Liam Everts, revenu de la 7\u00e8me position jusqu&rsquo;\u00e0 la 3\u00e8me place sous le drapeau \u00e0 damiers. Victime d&rsquo;une chute dans le 4\u00e8me tour, le leader du provisoire Jago Geerts se contente d&rsquo;une 8\u00e8me place.<\/p>\n<p>Dans la cat\u00e9gorie reine, Febvre a men\u00e9 la manche de bout en bout pour s&rsquo;imposer devant le nouveau champion du monde Tim Gajser et le Suisse Jeremy Seewer.<\/p>\n<p><span style=\"color: #800000;\"><strong>R\u00e9sultats<\/strong><\/span><\/p>\n<p>MX2<\/p>\n<p>1. Tom Vialle (FRA, KTM), 24:53.137; 2. Thibault Benistant (FRA, Yamaha), +0:00.198; <strong>3. Liam Everts (BEL, KTM), +0:24.441<\/strong>; 4. Tom Guyon (FRA, KTM), +0:29.072; 5. Roan Van De Moosdijk (NED, Husqvarna), +0:31.035; 6. Simon Laengenfelder (GER, GASGAS), +0:33.824; 7. Andrea Adamo (ITA, GASGAS), +0:37.360; <strong>8. Jago Geerts (BEL, Yamaha), +0:38.503<\/strong>; 9. Jan Pancar (SLO, KTM), +0:39.912; 10. Kevin Horgmo (NOR, Kawasaki), +0:42.500; 11. Kay Karssemakers (NED, KTM), +0:53.178; 12. Mikkel Haarup (DEN, Kawasaki), +0:54.163; 13. Kay de Wolf (NED, Husqvarna), +1:01.868; 14. Stephen Rubini (FRA, Honda), +1:04.666; 15. Joel Rizzi (GBR, Yamaha), +1:28.898; 16. Leopold Ambj\u00f6rnson (SWE, Husqvarna), +1:34.998; 17. Florent Lambillon (BEL, Suzuki), -1 lap(s); 18. Emil Weckman (FIN, Honda), -9 lap(s);<\/p>\n<p>MXGP<\/p>\n<p>1. Romain Febvre (FRA, Kawasaki), 24:30.039; 2. Tim Gajser (SLO, Honda), +0:03.129; 3. Jeremy Seewer (SUI, Yamaha), +0:10.603;\u00a04. Calvin Vlaanderen (NED, Yamaha), +0:30.878;\u00a05. Glenn Coldenhoff (NED, Yamaha), +0:35.319<strong>;<\/strong>\u00a06. Harri Kullas (EST, Yamaha), +0:36.628; 7. Pauls Jonass (LAT, Husqvarna), +0:44.101; 8. Mitchell Evans (AUS, Honda), +0:45.721; 9. Jorge Prado (ESP, GASGAS), +0:47.299; 10. Alberto Forato (ITA, GASGAS), +0:48.055; 11. Maxime Renaux (FRA, Yamaha), +0:49.612; 12. Jed Beaton (AUS, Kawasaki), +0:50.796;\u00a0<strong>13. Jeremy Van Horebeek (BEL, Beta), +0:51.631; 14. Brent Van doninck (BEL, Yamaha), +0:53.709;<\/strong> 15. Brian Bogers (NED, Husqvarna), +0:55.036;\u00a016. Ben Watson (GBR, Kawasaki), +0:58.951; 17. Henry Jacobi (GER, Honda), +1:08.954; 18. Ruben Fernandez (ESP, Honda), +1:10.331; 19. Tom Koch (GER, KTM), +1:10.981; 20. Mattia Guadagnini (ITA, GASGAS), +1:11.507; 21. Alvin \u00d6stlund (SWE, Yamaha), +1:12.936; 22. David Herbreteau (FRA, GASGAS), +1:14.254; 23. Kevin Brumann (SUI, Yamaha), +1:27.016; 24. Ivo Monticelli (ITA, Honda), -1 lap(s);<\/p>\n","protected":false},"excerpt":{"rendered":"<p>L&rsquo;avant-dernier GP de la saison mondiale de motocross se dispute ce week-end en France, sur la tr\u00e8s belle piste de Saint-Jean-d&rsquo;Ang\u00e9ly. Face \u00e0 leur public, les Fran\u00e7ais Tom Vialle (MX2) [&#8230;]<\/p>\n","protected":false},"author":932,"featured_media":120162,"comment_status":"open","ping_status":"closed","sticky":false,"template":"","format":"standard","meta":{"footnotes":""},"categories":[54,4,6,5,55,56,65],"tags":[490,813,947,568,1246],"class_list":["post-120149","post","type-post","status-publish","format-standard","has-post-thumbnail","hentry","category-actualite","category-motocross","category-mx1mx2","category-news","category-news-actualite","category-resultats","category-slideshow","tag-france","tag-jago-geerts","tag-motocross","tag-mxgp","tag-tom-vialle"],"yoast_head":"<!-- This site is optimized with the Yoast SEO plugin v27.4 - https:\/\/yoast.com\/product\/yoast-seo-wordpress\/ -->\n<title>MXGP : Vialle et Febvre en pole \u00e0 domicile, Everts troisi\u00e8me - Motocross - Enduro - Supermoto | MotocrossMag<\/title>\n<meta name=\"robots\" content=\"index, follow, max-snippet:-1, max-image-preview:large, max-video-preview:-1\" \/>\n<link rel=\"canonical\" href=\"https:\/\/fr.motocrossmag.be\/index.php\/2022\/08\/mxgp-vialle-et-febvre-en-pole-a-domicile-everts-troisieme\/\" \/>\n<meta property=\"og:locale\" content=\"fr_FR\" \/>\n<meta property=\"og:type\" content=\"article\" \/>\n<meta property=\"og:title\" content=\"MXGP : Vialle et Febvre en pole \u00e0 domicile, Everts troisi\u00e8me - Motocross - Enduro - Supermoto | MotocrossMag\" \/>\n<meta property=\"og:description\" content=\"L&rsquo;avant-dernier GP de la saison mondiale de motocross se dispute ce week-end en France, sur la tr\u00e8s belle piste de Saint-Jean-d&rsquo;Ang\u00e9ly. Face \u00e0 leur public, les Fran\u00e7ais Tom Vialle (MX2) [...]\" \/>\n<meta property=\"og:url\" content=\"https:\/\/fr.motocrossmag.be\/index.php\/2022\/08\/mxgp-vialle-et-febvre-en-pole-a-domicile-everts-troisieme\/\" \/>\n<meta property=\"og:site_name\" content=\"Motocross - Enduro - Supermoto | MotocrossMag\" \/>\n<meta property=\"article:published_time\" content=\"2022-08-20T16:20:51+00:00\" \/>\n<meta property=\"og:image\" content=\"https:\/\/fr.motocrossmag.be\/wp-content\/uploads\/2022\/08\/463496_Everts_MXGP_2022_R15_AI2I1121_15th-Rd-MXGP-2022-_Uddevalla-_SWE_.jpg\" \/>\n\t<meta property=\"og:image:width\" content=\"1000\" \/>\n\t<meta property=\"og:image:height\" content=\"666\" \/>\n\t<meta property=\"og:image:type\" content=\"image\/jpeg\" \/>\n<meta name=\"author\" content=\"oliviere\" \/>\n<meta name=\"twitter:card\" content=\"summary_large_image\" \/>\n<meta name=\"twitter:label1\" content=\"\u00c9crit par\" \/>\n\t<meta name=\"twitter:data1\" content=\"oliviere\" \/>\n\t<meta name=\"twitter:label2\" content=\"Dur\u00e9e de lecture estim\u00e9e\" \/>\n\t<meta name=\"twitter:data2\" content=\"2 minutes\" \/>\n<script type=\"application\/ld+json\" class=\"yoast-schema-graph\">{\"@context\":\"https:\\\/\\\/schema.org\",\"@graph\":[{\"@type\":\"Article\",\"@id\":\"https:\\\/\\\/fr.motocrossmag.be\\\/index.php\\\/2022\\\/08\\\/mxgp-vialle-et-febvre-en-pole-a-domicile-everts-troisieme\\\/#article\",\"isPartOf\":{\"@id\":\"https:\\\/\\\/fr.motocrossmag.be\\\/index.php\\\/2022\\\/08\\\/mxgp-vialle-et-febvre-en-pole-a-domicile-everts-troisieme\\\/\"},\"author\":{\"name\":\"oliviere\",\"@id\":\"https:\\\/\\\/fr.motocrossmag.be\\\/#\\\/schema\\\/person\\\/11b47143d9f755babca2c9110e03235c\"},\"headline\":\"MXGP : Vialle et Febvre en pole \u00e0 domicile, Everts troisi\u00e8me\",\"datePublished\":\"2022-08-20T16:20:51+00:00\",\"mainEntityOfPage\":{\"@id\":\"https:\\\/\\\/fr.motocrossmag.be\\\/index.php\\\/2022\\\/08\\\/mxgp-vialle-et-febvre-en-pole-a-domicile-everts-troisieme\\\/\"},\"wordCount\":322,\"commentCount\":0,\"image\":{\"@id\":\"https:\\\/\\\/fr.motocrossmag.be\\\/index.php\\\/2022\\\/08\\\/mxgp-vialle-et-febvre-en-pole-a-domicile-everts-troisieme\\\/#primaryimage\"},\"thumbnailUrl\":\"https:\\\/\\\/fr.motocrossmag.be\\\/wp-content\\\/uploads\\\/2022\\\/08\\\/463496_Everts_MXGP_2022_R15_AI2I1121_15th-Rd-MXGP-2022-_Uddevalla-_SWE_.jpg\",\"keywords\":[\"france\",\"Jago Geerts\",\"Motocross\",\"MXGP\",\"tom vialle\"],\"articleSection\":[\"Actualit\u00e9\",\"Motocross\",\"Motocross MXGP\",\"News\",\"News\",\"R\u00e9sultats\",\"Slideshow\"],\"inLanguage\":\"fr-FR\",\"potentialAction\":[{\"@type\":\"CommentAction\",\"name\":\"Comment\",\"target\":[\"https:\\\/\\\/fr.motocrossmag.be\\\/index.php\\\/2022\\\/08\\\/mxgp-vialle-et-febvre-en-pole-a-domicile-everts-troisieme\\\/#respond\"]}]},{\"@type\":\"WebPage\",\"@id\":\"https:\\\/\\\/fr.motocrossmag.be\\\/index.php\\\/2022\\\/08\\\/mxgp-vialle-et-febvre-en-pole-a-domicile-everts-troisieme\\\/\",\"url\":\"https:\\\/\\\/fr.motocrossmag.be\\\/index.php\\\/2022\\\/08\\\/mxgp-vialle-et-febvre-en-pole-a-domicile-everts-troisieme\\\/\",\"name\":\"MXGP : Vialle et Febvre en pole \u00e0 domicile, Everts troisi\u00e8me - Motocross - Enduro - Supermoto | MotocrossMag\",\"isPartOf\":{\"@id\":\"https:\\\/\\\/fr.motocrossmag.be\\\/#website\"},\"primaryImageOfPage\":{\"@id\":\"https:\\\/\\\/fr.motocrossmag.be\\\/index.php\\\/2022\\\/08\\\/mxgp-vialle-et-febvre-en-pole-a-domicile-everts-troisieme\\\/#primaryimage\"},\"image\":{\"@id\":\"https:\\\/\\\/fr.motocrossmag.be\\\/index.php\\\/2022\\\/08\\\/mxgp-vialle-et-febvre-en-pole-a-domicile-everts-troisieme\\\/#primaryimage\"},\"thumbnailUrl\":\"https:\\\/\\\/fr.motocrossmag.be\\\/wp-content\\\/uploads\\\/2022\\\/08\\\/463496_Everts_MXGP_2022_R15_AI2I1121_15th-Rd-MXGP-2022-_Uddevalla-_SWE_.jpg\",\"datePublished\":\"2022-08-20T16:20:51+00:00\",\"author\":{\"@id\":\"https:\\\/\\\/fr.motocrossmag.be\\\/#\\\/schema\\\/person\\\/11b47143d9f755babca2c9110e03235c\"},\"breadcrumb\":{\"@id\":\"https:\\\/\\\/fr.motocrossmag.be\\\/index.php\\\/2022\\\/08\\\/mxgp-vialle-et-febvre-en-pole-a-domicile-everts-troisieme\\\/#breadcrumb\"},\"inLanguage\":\"fr-FR\",\"potentialAction\":[{\"@type\":\"ReadAction\",\"target\":[\"https:\\\/\\\/fr.motocrossmag.be\\\/index.php\\\/2022\\\/08\\\/mxgp-vialle-et-febvre-en-pole-a-domicile-everts-troisieme\\\/\"]}]},{\"@type\":\"ImageObject\",\"inLanguage\":\"fr-FR\",\"@id\":\"https:\\\/\\\/fr.motocrossmag.be\\\/index.php\\\/2022\\\/08\\\/mxgp-vialle-et-febvre-en-pole-a-domicile-everts-troisieme\\\/#primaryimage\",\"url\":\"https:\\\/\\\/fr.motocrossmag.be\\\/wp-content\\\/uploads\\\/2022\\\/08\\\/463496_Everts_MXGP_2022_R15_AI2I1121_15th-Rd-MXGP-2022-_Uddevalla-_SWE_.jpg\",\"contentUrl\":\"https:\\\/\\\/fr.motocrossmag.be\\\/wp-content\\\/uploads\\\/2022\\\/08\\\/463496_Everts_MXGP_2022_R15_AI2I1121_15th-Rd-MXGP-2022-_Uddevalla-_SWE_.jpg\",\"width\":\"1000\",\"height\":\"666\"},{\"@type\":\"BreadcrumbList\",\"@id\":\"https:\\\/\\\/fr.motocrossmag.be\\\/index.php\\\/2022\\\/08\\\/mxgp-vialle-et-febvre-en-pole-a-domicile-everts-troisieme\\\/#breadcrumb\",\"itemListElement\":[{\"@type\":\"ListItem\",\"position\":1,\"name\":\"Accueil\",\"item\":\"https:\\\/\\\/fr.motocrossmag.be\\\/\"},{\"@type\":\"ListItem\",\"position\":2,\"name\":\"MXGP : Vialle et Febvre en pole \u00e0 domicile, Everts troisi\u00e8me\"}]},{\"@type\":\"WebSite\",\"@id\":\"https:\\\/\\\/fr.motocrossmag.be\\\/#website\",\"url\":\"https:\\\/\\\/fr.motocrossmag.be\\\/\",\"name\":\"Motocross - Enduro - Supermoto | MotocrossMag\",\"description\":\"L&#039;actualit\u00e9 du motocross, de l&#039;enduro et du Supermoto en ligne!\",\"potentialAction\":[{\"@type\":\"SearchAction\",\"target\":{\"@type\":\"EntryPoint\",\"urlTemplate\":\"https:\\\/\\\/fr.motocrossmag.be\\\/?s={search_term_string}\"},\"query-input\":{\"@type\":\"PropertyValueSpecification\",\"valueRequired\":true,\"valueName\":\"search_term_string\"}}],\"inLanguage\":\"fr-FR\"},{\"@type\":\"Person\",\"@id\":\"https:\\\/\\\/fr.motocrossmag.be\\\/#\\\/schema\\\/person\\\/11b47143d9f755babca2c9110e03235c\",\"name\":\"oliviere\",\"image\":{\"@type\":\"ImageObject\",\"inLanguage\":\"fr-FR\",\"@id\":\"https:\\\/\\\/secure.gravatar.com\\\/avatar\\\/907069e0b81d119452040469e4a7501da1100f54f7f80180ce77bfab718288f6?s=96&d=mm&r=g\",\"url\":\"https:\\\/\\\/secure.gravatar.com\\\/avatar\\\/907069e0b81d119452040469e4a7501da1100f54f7f80180ce77bfab718288f6?s=96&d=mm&r=g\",\"contentUrl\":\"https:\\\/\\\/secure.gravatar.com\\\/avatar\\\/907069e0b81d119452040469e4a7501da1100f54f7f80180ce77bfab718288f6?s=96&d=mm&r=g\",\"caption\":\"oliviere\"},\"sameAs\":[\"http:\\\/\\\/www.motocrossmag.be\"],\"url\":\"https:\\\/\\\/fr.motocrossmag.be\\\/index.php\\\/author\\\/oliviere\\\/\"}]}<\/script>\n<!-- \/ Yoast SEO plugin. -->","yoast_head_json":{"title":"MXGP : Vialle et Febvre en pole \u00e0 domicile, Everts troisi\u00e8me - Motocross - Enduro - Supermoto | MotocrossMag","robots":{"index":"index","follow":"follow","max-snippet":"max-snippet:-1","max-image-preview":"max-image-preview:large","max-video-preview":"max-video-preview:-1"},"canonical":"https:\/\/fr.motocrossmag.be\/index.php\/2022\/08\/mxgp-vialle-et-febvre-en-pole-a-domicile-everts-troisieme\/","og_locale":"fr_FR","og_type":"article","og_title":"MXGP : Vialle et Febvre en pole \u00e0 domicile, Everts troisi\u00e8me - Motocross - Enduro - Supermoto | MotocrossMag","og_description":"L&rsquo;avant-dernier GP de la saison mondiale de motocross se dispute ce week-end en France, sur la tr\u00e8s belle piste de Saint-Jean-d&rsquo;Ang\u00e9ly. Face \u00e0 leur public, les Fran\u00e7ais Tom Vialle (MX2) [...]","og_url":"https:\/\/fr.motocrossmag.be\/index.php\/2022\/08\/mxgp-vialle-et-febvre-en-pole-a-domicile-everts-troisieme\/","og_site_name":"Motocross - Enduro - Supermoto | MotocrossMag","article_published_time":"2022-08-20T16:20:51+00:00","og_image":[{"width":1000,"height":666,"url":"https:\/\/fr.motocrossmag.be\/wp-content\/uploads\/2022\/08\/463496_Everts_MXGP_2022_R15_AI2I1121_15th-Rd-MXGP-2022-_Uddevalla-_SWE_.jpg","type":"image\/jpeg"}],"author":"oliviere","twitter_card":"summary_large_image","twitter_misc":{"\u00c9crit par":"oliviere","Dur\u00e9e de lecture estim\u00e9e":"2 minutes"},"schema":{"@context":"https:\/\/schema.org","@graph":[{"@type":"Article","@id":"https:\/\/fr.motocrossmag.be\/index.php\/2022\/08\/mxgp-vialle-et-febvre-en-pole-a-domicile-everts-troisieme\/#article","isPartOf":{"@id":"https:\/\/fr.motocrossmag.be\/index.php\/2022\/08\/mxgp-vialle-et-febvre-en-pole-a-domicile-everts-troisieme\/"},"author":{"name":"oliviere","@id":"https:\/\/fr.motocrossmag.be\/#\/schema\/person\/11b47143d9f755babca2c9110e03235c"},"headline":"MXGP : Vialle et Febvre en pole \u00e0 domicile, Everts troisi\u00e8me","datePublished":"2022-08-20T16:20:51+00:00","mainEntityOfPage":{"@id":"https:\/\/fr.motocrossmag.be\/index.php\/2022\/08\/mxgp-vialle-et-febvre-en-pole-a-domicile-everts-troisieme\/"},"wordCount":322,"commentCount":0,"image":{"@id":"https:\/\/fr.motocrossmag.be\/index.php\/2022\/08\/mxgp-vialle-et-febvre-en-pole-a-domicile-everts-troisieme\/#primaryimage"},"thumbnailUrl":"https:\/\/fr.motocrossmag.be\/wp-content\/uploads\/2022\/08\/463496_Everts_MXGP_2022_R15_AI2I1121_15th-Rd-MXGP-2022-_Uddevalla-_SWE_.jpg","keywords":["france","Jago Geerts","Motocross","MXGP","tom vialle"],"articleSection":["Actualit\u00e9","Motocross","Motocross MXGP","News","News","R\u00e9sultats","Slideshow"],"inLanguage":"fr-FR","potentialAction":[{"@type":"CommentAction","name":"Comment","target":["https:\/\/fr.motocrossmag.be\/index.php\/2022\/08\/mxgp-vialle-et-febvre-en-pole-a-domicile-everts-troisieme\/#respond"]}]},{"@type":"WebPage","@id":"https:\/\/fr.motocrossmag.be\/index.php\/2022\/08\/mxgp-vialle-et-febvre-en-pole-a-domicile-everts-troisieme\/","url":"https:\/\/fr.motocrossmag.be\/index.php\/2022\/08\/mxgp-vialle-et-febvre-en-pole-a-domicile-everts-troisieme\/","name":"MXGP : Vialle et Febvre en pole \u00e0 domicile, Everts troisi\u00e8me - Motocross - Enduro - Supermoto | MotocrossMag","isPartOf":{"@id":"https:\/\/fr.motocrossmag.be\/#website"},"primaryImageOfPage":{"@id":"https:\/\/fr.motocrossmag.be\/index.php\/2022\/08\/mxgp-vialle-et-febvre-en-pole-a-domicile-everts-troisieme\/#primaryimage"},"image":{"@id":"https:\/\/fr.motocrossmag.be\/index.php\/2022\/08\/mxgp-vialle-et-febvre-en-pole-a-domicile-everts-troisieme\/#primaryimage"},"thumbnailUrl":"https:\/\/fr.motocrossmag.be\/wp-content\/uploads\/2022\/08\/463496_Everts_MXGP_2022_R15_AI2I1121_15th-Rd-MXGP-2022-_Uddevalla-_SWE_.jpg","datePublished":"2022-08-20T16:20:51+00:00","author":{"@id":"https:\/\/fr.motocrossmag.be\/#\/schema\/person\/11b47143d9f755babca2c9110e03235c"},"breadcrumb":{"@id":"https:\/\/fr.motocrossmag.be\/index.php\/2022\/08\/mxgp-vialle-et-febvre-en-pole-a-domicile-everts-troisieme\/#breadcrumb"},"inLanguage":"fr-FR","potentialAction":[{"@type":"ReadAction","target":["https:\/\/fr.motocrossmag.be\/index.php\/2022\/08\/mxgp-vialle-et-febvre-en-pole-a-domicile-everts-troisieme\/"]}]},{"@type":"ImageObject","inLanguage":"fr-FR","@id":"https:\/\/fr.motocrossmag.be\/index.php\/2022\/08\/mxgp-vialle-et-febvre-en-pole-a-domicile-everts-troisieme\/#primaryimage","url":"https:\/\/fr.motocrossmag.be\/wp-content\/uploads\/2022\/08\/463496_Everts_MXGP_2022_R15_AI2I1121_15th-Rd-MXGP-2022-_Uddevalla-_SWE_.jpg","contentUrl":"https:\/\/fr.motocrossmag.be\/wp-content\/uploads\/2022\/08\/463496_Everts_MXGP_2022_R15_AI2I1121_15th-Rd-MXGP-2022-_Uddevalla-_SWE_.jpg","width":"1000","height":"666"},{"@type":"BreadcrumbList","@id":"https:\/\/fr.motocrossmag.be\/index.php\/2022\/08\/mxgp-vialle-et-febvre-en-pole-a-domicile-everts-troisieme\/#breadcrumb","itemListElement":[{"@type":"ListItem","position":1,"name":"Accueil","item":"https:\/\/fr.motocrossmag.be\/"},{"@type":"ListItem","position":2,"name":"MXGP : Vialle et Febvre en pole \u00e0 domicile, Everts troisi\u00e8me"}]},{"@type":"WebSite","@id":"https:\/\/fr.motocrossmag.be\/#website","url":"https:\/\/fr.motocrossmag.be\/","name":"Motocross - Enduro - Supermoto | MotocrossMag","description":"L&#039;actualit\u00e9 du motocross, de l&#039;enduro et du Supermoto en ligne!","potentialAction":[{"@type":"SearchAction","target":{"@type":"EntryPoint","urlTemplate":"https:\/\/fr.motocrossmag.be\/?s={search_term_string}"},"query-input":{"@type":"PropertyValueSpecification","valueRequired":true,"valueName":"search_term_string"}}],"inLanguage":"fr-FR"},{"@type":"Person","@id":"https:\/\/fr.motocrossmag.be\/#\/schema\/person\/11b47143d9f755babca2c9110e03235c","name":"oliviere","image":{"@type":"ImageObject","inLanguage":"fr-FR","@id":"https:\/\/secure.gravatar.com\/avatar\/907069e0b81d119452040469e4a7501da1100f54f7f80180ce77bfab718288f6?s=96&d=mm&r=g","url":"https:\/\/secure.gravatar.com\/avatar\/907069e0b81d119452040469e4a7501da1100f54f7f80180ce77bfab718288f6?s=96&d=mm&r=g","contentUrl":"https:\/\/secure.gravatar.com\/avatar\/907069e0b81d119452040469e4a7501da1100f54f7f80180ce77bfab718288f6?s=96&d=mm&r=g","caption":"oliviere"},"sameAs":["http:\/\/www.motocrossmag.be"],"url":"https:\/\/fr.motocrossmag.be\/index.php\/author\/oliviere\/"}]}},"_links":{"self":[{"href":"https:\/\/fr.motocrossmag.be\/index.php\/wp-json\/wp\/v2\/posts\/120149","targetHints":{"allow":["GET"]}}],"collection":[{"href":"https:\/\/fr.motocrossmag.be\/index.php\/wp-json\/wp\/v2\/posts"}],"about":[{"href":"https:\/\/fr.motocrossmag.be\/index.php\/wp-json\/wp\/v2\/types\/post"}],"author":[{"embeddable":true,"href":"https:\/\/fr.motocrossmag.be\/index.php\/wp-json\/wp\/v2\/users\/932"}],"replies":[{"embeddable":true,"href":"https:\/\/fr.motocrossmag.be\/index.php\/wp-json\/wp\/v2\/comments?post=120149"}],"version-history":[{"count":0,"href":"https:\/\/fr.motocrossmag.be\/index.php\/wp-json\/wp\/v2\/posts\/120149\/revisions"}],"wp:featuredmedia":[{"embeddable":true,"href":"https:\/\/fr.motocrossmag.be\/index.php\/wp-json\/wp\/v2\/media\/120162"}],"wp:attachment":[{"href":"https:\/\/fr.motocrossmag.be\/index.php\/wp-json\/wp\/v2\/media?parent=120149"}],"wp:term":[{"taxonomy":"category","embeddable":true,"href":"https:\/\/fr.motocrossmag.be\/index.php\/wp-json\/wp\/v2\/categories?post=120149"},{"taxonomy":"post_tag","embeddable":true,"href":"https:\/\/fr.motocrossmag.be\/index.php\/wp-json\/wp\/v2\/tags?post=120149"}],"curies":[{"name":"wp","href":"https:\/\/api.w.org\/{rel}","templated":true}]}}