{"id":120165,"date":"2022-08-21T18:21:20","date_gmt":"2022-08-21T16:21:20","guid":{"rendered":"http:\/\/fr.motocrossmag.be\/?p=120165"},"modified":"2022-08-22T05:16:56","modified_gmt":"2022-08-22T03:16:56","slug":"tom-vialle-simpose-en-france-et-se-replace-dans-le-sillage-de-jago-geerts","status":"publish","type":"post","link":"https:\/\/fr.motocrossmag.be\/index.php\/2022\/08\/tom-vialle-simpose-en-france-et-se-replace-dans-le-sillage-de-jago-geerts\/","title":{"rendered":"Tom Vialle s&rsquo;impose en France et se replace dans le sillage de Jago Geerts"},"content":{"rendered":"<p><strong>Comme en Finlande le week-end dernier, Tom Vialle s&rsquo;est impos\u00e9 ce dimanche \u00e0 Saint-Jean-d&rsquo;Ang\u00e9ly, avant-dernier GP de la saison mondiale de motocross. L&rsquo;officiel KTM reprend de gros points au championnat \u00e0 Jago Geerts qui voit son avantage pratiquement r\u00e9duit \u00e0 n\u00e9ant pour aborder la finale de la saison en Turquie.<\/strong><\/p>\n<p>Quelle fin de saison sur le mondial MX2 ! Alors qu&rsquo;une troisi\u00e8me victoire cons\u00e9cutive avait permis \u00e0 Jago Geerts de quitter la Su\u00e8de avec un avantage de 23 points, un faux pas le week-end pass\u00e9 en Finlande lui en avait fait perdre huit par rapport \u00e0 Tom Vialle, le Fran\u00e7ais arrivant donc devant son public \u00e0 Saint-Jean-d&rsquo;Ang\u00e9ly avec un retard de 15 points sur son rival belge.<\/p>\n<p>Aujourd&rsquo;hui en France, Geerts n&rsquo;a malheureusement pas pu inverser la tendance. Le pilote Yamaha voit \u00e0 nouveau son avantage fondre de 13 points, laissant revenir Vialle, vainqueur du GP avec une seconde place dans la premi\u00e8re manche derri\u00e8re Thibault Benistant et une victoire dans la seconde devant ce m\u00eame Benistant, \u00e0 2 petits points seulement. S&rsquo;il termine la premi\u00e8re manche en 3\u00e8me position juste derri\u00e8re Vialle, Jago avait rapidement effac\u00e9 un d\u00e9part moyen dans la seconde pour se lancer \u00e0 la poursuite de Vialle, parti en t\u00eate, lorsqu&rsquo;une faute lui faisait perdre un temps pr\u00e9cieux et le rel\u00e9guait finalement en 7\u00e8me position sous le drapeau \u00e0 damiers.<\/p>\n<p>C&rsquo;est donc pratiquement au coude-\u00e0-coude que les deux hommes forts de la saison mondiale MX2 arriveront dans deux semaines sur la finale du championnat en Turquie.<\/p>\n<p>Excellent 3\u00e8me hier de la manche qualificative MX2, Liam Everts prend ce dimanche une 7\u00e8me puis une 6\u00e8me places dans les manches.<\/p>\n<p><span style=\"color: #800000;\"><strong>R\u00e9sultats<\/strong><\/span><\/p>\n<p>MANCHE 1<\/p>\n<p>1. Thibault Benistant (FRA, Yamaha), 34:13.423; 2. Tom Vialle (FRA, KTM), +0:01.860;\u00a0<strong>3. Jago Geerts (BEL, Yamaha), +0:04.781;<\/strong>\u00a04. Simon Laengenfelder (GER, GASGAS), +0:26.284; 5. Mikkel Haarup (DEN, Kawasaki), +0:29.579; 6. Andrea Adamo (ITA, GASGAS), +0:31.352;\u00a0<strong>7. Liam Everts (BEL, KTM), +0:32.122;<\/strong>\u00a08. Stephen Rubini (FRA, Honda), +0:48.509; 9. Tom Guyon (FRA, KTM), +0:50.911; 10. Kevin Horgmo (NOR, Kawasaki), +1:23.049; 11. Jan Pancar (SLO, KTM), +1:28.605; 12. Jakub Teresak (CZE, KTM), +1:30.273;<strong>\u00a0<\/strong>13. Roan Van De Moosdijk (NED, Husqvarna), +1:37.407; 14. Kay de Wolf (NED, Husqvarna), +1:42.182;\u00a015. Emil Weckman (FIN, Honda), +1:56.952; 16. Joel Rizzi (GBR, Yamaha), -1 lap(s); 17. Leopold Ambj\u00f6rnson (SWE, Husqvarna), -1 lap(s);<strong>\u00a018. Florent Lambillon (BEL, Suzuki), -2 lap(s);<\/strong>\u00a019. Kay Karssemakers (NED, KTM), -16 lap(s);<\/p>\n<p>MANCHE 2<\/p>\n<p>1. Tom Vialle (FRA, KTM), 34:10.603; 2. Thibault Benistant (FRA, Yamaha), +0:05.436; 3. Tom Guyon (FRA, KTM), +0:09.862; 4. Roan Van De Moosdijk (NED, Husqvarna), +0:11.309; 5. Kevin Horgmo (NOR, Kawasaki), +0:20.200; <strong>6. Liam Everts (BEL, KTM), +0:21.922; 7. Jago Geerts (BEL, Yamaha), +0:48.825<\/strong>; 8. Kay de Wolf (NED, Husqvarna), +0:58.990; 9. Andrea Adamo (ITA, GASGAS), +1:09.337; 10. Simon Laengenfelder (GER, GASGAS), +1:11.660; 11. Kay Karssemakers (NED, KTM), +1:27.289; 12. Mikkel Haarup (DEN, Kawasaki), +1:34.566; 13. Jakub Teresak (CZE, KTM), +1:51.487; 14. Joel Rizzi (GBR, Yamaha), +1:58.700; 15. Leopold Ambj\u00f6rnson (SWE, Husqvarna), -1 lap(s); 16. Emil Weckman (FIN, Honda), -1 lap(s); <strong>17. Florent Lambillon (BEL, Suzuki), -2 lap(s);<\/strong> 18. Jan Pancar (SLO, KTM), -10 lap(s); 19. Stephen Rubini (FRA, Honda), -18 lap(s);<\/p>\n<p>CLASSEMENT GENERAL MX2<\/p>\n<p>1. Tom Vialle (FRA, KTM), 47 points; 2. Thibault Benistant (FRA, YAM), 47 p.; <strong>3. Jago Geerts (BEL, YAM), 34 p.<\/strong>; 4. Tom Guyon (FRA, KTM), 32 p.; <strong>5. Liam Everts (BEL, KTM), 29 p.<\/strong>; 6. Simon Laengenfelder (GER, GAS), 29 p.; 7. Kevin Horgmo (NOR, KAW), 27 p.; 8. Andrea Adamo (ITA, GAS), 27 p.; 9. Roan Van De Moosdijk (NED, HUS), 26 p.; 10. Mikkel Haarup (DEN, KAW), 25 p.; 11. Kay de Wolf (NED, HUS), 20 p.; 12. Jakub Teresak (CZE, KTM), 17 p.; 13. Stephen Rubini (FRA, HON), 15 p.; 14. Jan Pancar (SLO, KTM), 13 p.; 15. Kay Karssemakers (NED, KTM), 12 p.; 16. Joel Rizzi (GBR, YAM), 12 p.; 17. Emil Weckman (FIN, HON), 11 p.; 18. Leopold Ambj\u00f6rnson (SWE, HUS), 10 p.; <strong>19. Florent Lambillon (BEL, SUZ), 7 p.<\/strong>;<\/p>\n<p>CLASSEMENT PROVISOIRE MX2<\/p>\n<p><strong>1. Jago Geerts (BEL, YAM), 710 points;<\/strong> 2. Tom Vialle (FRA, KTM), 708 p.; 3. Simon Laengenfelder (GER, GAS), 564 p.; 4. Kevin Horgmo (NOR, KAW), 503 p.; 5. Thibault Benistant (FRA, YAM), 481 p.; 6. Mikkel Haarup (DEN, KAW), 435 p.; 7. Kay de Wolf (NED, HUS), 410 p.; 8. Andrea Adamo (ITA, GAS), 410 p.; 9. Stephen Rubini (FRA, HON), 373 p.; <strong>10. Liam Everts (BEL, KTM), 286 p.<\/strong>; 11. Jan Pancar (SLO, KTM), 257 p.; 12. Isak Gifting (SWE, KTM), 255 p.; 13. Tom Guyon (FRA, KTM), 179 p.; 14. Roan Van De Moosdijk (NED, HUS), 176 p.; 15. Kay Karssemakers (NED, KTM), 176 p.; 16. Mattia Guadagnini (ITA, GAS), 172 p.; 17. Hakon Fredriksen (NOR, HON), 125 p.; 18. Conrad Mewse (GBR, KTM), 113 p.; 19. Jakub Teresak (CZE, KTM), 107 p.; 20. Jeremy Sydow (GER, KTM), 104 p.; 21. Petr Polak (CZE, HON), 84 p.; 22. Kevin Brumann (SUI, YAM), 82 p.; 23. Rick Elzinga (NED, YAM), 49 p.; 24. Joel Rizzi (GBR, YAM), 49 p.; 25. Filip Olsson (SWE, HUS), 43 p.; 26. Guillem Farres (ESP, KTM), 38 p.; 27. Tomas Kohut (SVK, KTM), 38 p.; 28. Leopold Ambj\u00f6rnson (SWE, HUS), 33 p.; 29. Gianluca Facchetti (ITA, KTM), 32 p.; 30. Albin Gerhardsson (SWE, HUS), 30 p.; 31. Marcel Stauffer (AUT, KTM), 26 p.; 32. Valerio Lata (ITA, KTM), 26 p.; 33. Delvintor Alfarizi (INA, HON), 23 p.; 34. Jorgen-Matthias Talviku (EST, HUS), 23 p.; 35. Andrea Bonacorsi (ITA, YAM), 21 p.; 36. Bastian Boegh Damm (DEN, KTM), 21 p.; 37. Ananda rigi Aditya (INA, HUS), 19 p.; 38. Pierre Goupillon (FRA, KTM), 19 p.; 39. Kjell Verbruggen (NED, KAW), 19 p.; 40. Noah Ludwig (GER, KTM), 19 p.; 41. Diva Ismayana (INA, KAW), 18 p.; 42. Nakami Vidi Makarim (INA, HUS), 18 p.; 43. Dharwin Lingam (MAS, KAW), 17 p.; 44. Pablo Jeremias Pascual (ARG, KTM), 16 p.; 45. Luciano Righi (ARG, HUS), 16 p.; 46. Tim Edberg (SWE, YAM), 14 p.; 47. Camden Mc Lellan (RSA, KTM), 13 p.; 48. Fermin Ciccimarra (ARG, YAM), 12 p.; 49. Emil Weckman (FIN, HON), 11 p.; 50. Maxime Grau (FRA, HUS), 11 p.; <strong>51. Florent Lambillon (BEL, SUZ), 11 p.<\/strong>; 52. David Braceras (ESP, KTM), 9 p.; 53. James Carpenter (GBR, KTM), 7 p.; 54. Samuel Nilsson (ESP, KTM), 7 p.; 55. Glen Meier (DEN, KTM), 7 p.; 56. Kimi Koskinen (FIN, GAS), 4 p.; 57. Christopher Mills (GBR, KTM), 4 p.; 58. Dorian Werl\u00e9 (FRA, KTM), 4 p.; 59. Mike Gwerder (SUI, KTM), 4 p.; 60. Maximilian Spies (GER, KTM), 4 p.; 61. Nico Greutmann (GER, HUS), 3 p.; 62. Adam Collings (GBR, KTM), 2 p.; <strong>63. Lucas Coenen (BEL, HUS), 2 p.<\/strong>; 64. Bobby Bruce (GBR, GAS), 2 p.; 65. Eric Tomas (ESP, YAM), 1 p.;<\/p>\n","protected":false},"excerpt":{"rendered":"<p>Comme en Finlande le week-end dernier, Tom Vialle s&rsquo;est impos\u00e9 ce dimanche \u00e0 Saint-Jean-d&rsquo;Ang\u00e9ly, avant-dernier GP de la saison mondiale de motocross. L&rsquo;officiel KTM reprend de gros points au championnat [&#8230;]<\/p>\n","protected":false},"author":932,"featured_media":120186,"comment_status":"open","ping_status":"closed","sticky":false,"template":"","format":"standard","meta":{"footnotes":""},"categories":[54,4,6,5,55,56,65],"tags":[490,813,947,568,1246],"class_list":["post-120165","post","type-post","status-publish","format-standard","has-post-thumbnail","hentry","category-actualite","category-motocross","category-mx1mx2","category-news","category-news-actualite","category-resultats","category-slideshow","tag-france","tag-jago-geerts","tag-motocross","tag-mxgp","tag-tom-vialle"],"yoast_head":"<!-- This site is optimized with the Yoast SEO plugin v27.4 - https:\/\/yoast.com\/product\/yoast-seo-wordpress\/ -->\n<title>Tom Vialle s&#039;impose en France et se replace dans le sillage de Jago Geerts - Motocross - Enduro - Supermoto | MotocrossMag<\/title>\n<meta name=\"robots\" content=\"index, follow, max-snippet:-1, max-image-preview:large, max-video-preview:-1\" \/>\n<link rel=\"canonical\" href=\"https:\/\/fr.motocrossmag.be\/index.php\/2022\/08\/tom-vialle-simpose-en-france-et-se-replace-dans-le-sillage-de-jago-geerts\/\" \/>\n<meta property=\"og:locale\" content=\"fr_FR\" \/>\n<meta property=\"og:type\" content=\"article\" \/>\n<meta property=\"og:title\" content=\"Tom Vialle s&#039;impose en France et se replace dans le sillage de Jago Geerts - Motocross - Enduro - Supermoto | MotocrossMag\" \/>\n<meta property=\"og:description\" content=\"Comme en Finlande le week-end dernier, Tom Vialle s&rsquo;est impos\u00e9 ce dimanche \u00e0 Saint-Jean-d&rsquo;Ang\u00e9ly, avant-dernier GP de la saison mondiale de motocross. L&rsquo;officiel KTM reprend de gros points au championnat [...]\" \/>\n<meta property=\"og:url\" content=\"https:\/\/fr.motocrossmag.be\/index.php\/2022\/08\/tom-vialle-simpose-en-france-et-se-replace-dans-le-sillage-de-jago-geerts\/\" \/>\n<meta property=\"og:site_name\" content=\"Motocross - Enduro - Supermoto | MotocrossMag\" \/>\n<meta property=\"article:published_time\" content=\"2022-08-21T16:21:20+00:00\" \/>\n<meta property=\"article:modified_time\" content=\"2022-08-22T03:16:56+00:00\" \/>\n<meta property=\"og:image\" content=\"https:\/\/fr.motocrossmag.be\/wp-content\/uploads\/2022\/08\/vialle-france-mxgp.jpg\" \/>\n\t<meta property=\"og:image:width\" content=\"1000\" \/>\n\t<meta property=\"og:image:height\" content=\"666\" \/>\n\t<meta property=\"og:image:type\" content=\"image\/jpeg\" \/>\n<meta name=\"author\" content=\"oliviere\" \/>\n<meta name=\"twitter:card\" content=\"summary_large_image\" \/>\n<meta name=\"twitter:label1\" content=\"\u00c9crit par\" \/>\n\t<meta name=\"twitter:data1\" content=\"oliviere\" \/>\n\t<meta name=\"twitter:label2\" content=\"Dur\u00e9e de lecture estim\u00e9e\" \/>\n\t<meta name=\"twitter:data2\" content=\"5 minutes\" \/>\n<script type=\"application\/ld+json\" class=\"yoast-schema-graph\">{\"@context\":\"https:\\\/\\\/schema.org\",\"@graph\":[{\"@type\":\"Article\",\"@id\":\"https:\\\/\\\/fr.motocrossmag.be\\\/index.php\\\/2022\\\/08\\\/tom-vialle-simpose-en-france-et-se-replace-dans-le-sillage-de-jago-geerts\\\/#article\",\"isPartOf\":{\"@id\":\"https:\\\/\\\/fr.motocrossmag.be\\\/index.php\\\/2022\\\/08\\\/tom-vialle-simpose-en-france-et-se-replace-dans-le-sillage-de-jago-geerts\\\/\"},\"author\":{\"name\":\"oliviere\",\"@id\":\"https:\\\/\\\/fr.motocrossmag.be\\\/#\\\/schema\\\/person\\\/11b47143d9f755babca2c9110e03235c\"},\"headline\":\"Tom Vialle s&rsquo;impose en France et se replace dans le sillage de Jago Geerts\",\"datePublished\":\"2022-08-21T16:21:20+00:00\",\"dateModified\":\"2022-08-22T03:16:56+00:00\",\"mainEntityOfPage\":{\"@id\":\"https:\\\/\\\/fr.motocrossmag.be\\\/index.php\\\/2022\\\/08\\\/tom-vialle-simpose-en-france-et-se-replace-dans-le-sillage-de-jago-geerts\\\/\"},\"wordCount\":930,\"commentCount\":0,\"image\":{\"@id\":\"https:\\\/\\\/fr.motocrossmag.be\\\/index.php\\\/2022\\\/08\\\/tom-vialle-simpose-en-france-et-se-replace-dans-le-sillage-de-jago-geerts\\\/#primaryimage\"},\"thumbnailUrl\":\"https:\\\/\\\/fr.motocrossmag.be\\\/wp-content\\\/uploads\\\/2022\\\/08\\\/vialle-france-mxgp.jpg\",\"keywords\":[\"france\",\"Jago Geerts\",\"Motocross\",\"MXGP\",\"tom vialle\"],\"articleSection\":[\"Actualit\u00e9\",\"Motocross\",\"Motocross MXGP\",\"News\",\"News\",\"R\u00e9sultats\",\"Slideshow\"],\"inLanguage\":\"fr-FR\",\"potentialAction\":[{\"@type\":\"CommentAction\",\"name\":\"Comment\",\"target\":[\"https:\\\/\\\/fr.motocrossmag.be\\\/index.php\\\/2022\\\/08\\\/tom-vialle-simpose-en-france-et-se-replace-dans-le-sillage-de-jago-geerts\\\/#respond\"]}]},{\"@type\":\"WebPage\",\"@id\":\"https:\\\/\\\/fr.motocrossmag.be\\\/index.php\\\/2022\\\/08\\\/tom-vialle-simpose-en-france-et-se-replace-dans-le-sillage-de-jago-geerts\\\/\",\"url\":\"https:\\\/\\\/fr.motocrossmag.be\\\/index.php\\\/2022\\\/08\\\/tom-vialle-simpose-en-france-et-se-replace-dans-le-sillage-de-jago-geerts\\\/\",\"name\":\"Tom Vialle s'impose en France et se replace dans le sillage de Jago Geerts - Motocross - Enduro - Supermoto | MotocrossMag\",\"isPartOf\":{\"@id\":\"https:\\\/\\\/fr.motocrossmag.be\\\/#website\"},\"primaryImageOfPage\":{\"@id\":\"https:\\\/\\\/fr.motocrossmag.be\\\/index.php\\\/2022\\\/08\\\/tom-vialle-simpose-en-france-et-se-replace-dans-le-sillage-de-jago-geerts\\\/#primaryimage\"},\"image\":{\"@id\":\"https:\\\/\\\/fr.motocrossmag.be\\\/index.php\\\/2022\\\/08\\\/tom-vialle-simpose-en-france-et-se-replace-dans-le-sillage-de-jago-geerts\\\/#primaryimage\"},\"thumbnailUrl\":\"https:\\\/\\\/fr.motocrossmag.be\\\/wp-content\\\/uploads\\\/2022\\\/08\\\/vialle-france-mxgp.jpg\",\"datePublished\":\"2022-08-21T16:21:20+00:00\",\"dateModified\":\"2022-08-22T03:16:56+00:00\",\"author\":{\"@id\":\"https:\\\/\\\/fr.motocrossmag.be\\\/#\\\/schema\\\/person\\\/11b47143d9f755babca2c9110e03235c\"},\"breadcrumb\":{\"@id\":\"https:\\\/\\\/fr.motocrossmag.be\\\/index.php\\\/2022\\\/08\\\/tom-vialle-simpose-en-france-et-se-replace-dans-le-sillage-de-jago-geerts\\\/#breadcrumb\"},\"inLanguage\":\"fr-FR\",\"potentialAction\":[{\"@type\":\"ReadAction\",\"target\":[\"https:\\\/\\\/fr.motocrossmag.be\\\/index.php\\\/2022\\\/08\\\/tom-vialle-simpose-en-france-et-se-replace-dans-le-sillage-de-jago-geerts\\\/\"]}]},{\"@type\":\"ImageObject\",\"inLanguage\":\"fr-FR\",\"@id\":\"https:\\\/\\\/fr.motocrossmag.be\\\/index.php\\\/2022\\\/08\\\/tom-vialle-simpose-en-france-et-se-replace-dans-le-sillage-de-jago-geerts\\\/#primaryimage\",\"url\":\"https:\\\/\\\/fr.motocrossmag.be\\\/wp-content\\\/uploads\\\/2022\\\/08\\\/vialle-france-mxgp.jpg\",\"contentUrl\":\"https:\\\/\\\/fr.motocrossmag.be\\\/wp-content\\\/uploads\\\/2022\\\/08\\\/vialle-france-mxgp.jpg\",\"width\":\"1000\",\"height\":\"666\"},{\"@type\":\"BreadcrumbList\",\"@id\":\"https:\\\/\\\/fr.motocrossmag.be\\\/index.php\\\/2022\\\/08\\\/tom-vialle-simpose-en-france-et-se-replace-dans-le-sillage-de-jago-geerts\\\/#breadcrumb\",\"itemListElement\":[{\"@type\":\"ListItem\",\"position\":1,\"name\":\"Accueil\",\"item\":\"https:\\\/\\\/fr.motocrossmag.be\\\/\"},{\"@type\":\"ListItem\",\"position\":2,\"name\":\"Tom Vialle s&rsquo;impose en France et se replace dans le sillage de Jago Geerts\"}]},{\"@type\":\"WebSite\",\"@id\":\"https:\\\/\\\/fr.motocrossmag.be\\\/#website\",\"url\":\"https:\\\/\\\/fr.motocrossmag.be\\\/\",\"name\":\"Motocross - Enduro - Supermoto | MotocrossMag\",\"description\":\"L&#039;actualit\u00e9 du motocross, de l&#039;enduro et du Supermoto en ligne!\",\"potentialAction\":[{\"@type\":\"SearchAction\",\"target\":{\"@type\":\"EntryPoint\",\"urlTemplate\":\"https:\\\/\\\/fr.motocrossmag.be\\\/?s={search_term_string}\"},\"query-input\":{\"@type\":\"PropertyValueSpecification\",\"valueRequired\":true,\"valueName\":\"search_term_string\"}}],\"inLanguage\":\"fr-FR\"},{\"@type\":\"Person\",\"@id\":\"https:\\\/\\\/fr.motocrossmag.be\\\/#\\\/schema\\\/person\\\/11b47143d9f755babca2c9110e03235c\",\"name\":\"oliviere\",\"image\":{\"@type\":\"ImageObject\",\"inLanguage\":\"fr-FR\",\"@id\":\"https:\\\/\\\/secure.gravatar.com\\\/avatar\\\/907069e0b81d119452040469e4a7501da1100f54f7f80180ce77bfab718288f6?s=96&d=mm&r=g\",\"url\":\"https:\\\/\\\/secure.gravatar.com\\\/avatar\\\/907069e0b81d119452040469e4a7501da1100f54f7f80180ce77bfab718288f6?s=96&d=mm&r=g\",\"contentUrl\":\"https:\\\/\\\/secure.gravatar.com\\\/avatar\\\/907069e0b81d119452040469e4a7501da1100f54f7f80180ce77bfab718288f6?s=96&d=mm&r=g\",\"caption\":\"oliviere\"},\"sameAs\":[\"http:\\\/\\\/www.motocrossmag.be\"],\"url\":\"https:\\\/\\\/fr.motocrossmag.be\\\/index.php\\\/author\\\/oliviere\\\/\"}]}<\/script>\n<!-- \/ Yoast SEO plugin. -->","yoast_head_json":{"title":"Tom Vialle s'impose en France et se replace dans le sillage de Jago Geerts - Motocross - Enduro - Supermoto | MotocrossMag","robots":{"index":"index","follow":"follow","max-snippet":"max-snippet:-1","max-image-preview":"max-image-preview:large","max-video-preview":"max-video-preview:-1"},"canonical":"https:\/\/fr.motocrossmag.be\/index.php\/2022\/08\/tom-vialle-simpose-en-france-et-se-replace-dans-le-sillage-de-jago-geerts\/","og_locale":"fr_FR","og_type":"article","og_title":"Tom Vialle s'impose en France et se replace dans le sillage de Jago Geerts - Motocross - Enduro - Supermoto | MotocrossMag","og_description":"Comme en Finlande le week-end dernier, Tom Vialle s&rsquo;est impos\u00e9 ce dimanche \u00e0 Saint-Jean-d&rsquo;Ang\u00e9ly, avant-dernier GP de la saison mondiale de motocross. L&rsquo;officiel KTM reprend de gros points au championnat [...]","og_url":"https:\/\/fr.motocrossmag.be\/index.php\/2022\/08\/tom-vialle-simpose-en-france-et-se-replace-dans-le-sillage-de-jago-geerts\/","og_site_name":"Motocross - Enduro - Supermoto | MotocrossMag","article_published_time":"2022-08-21T16:21:20+00:00","article_modified_time":"2022-08-22T03:16:56+00:00","og_image":[{"width":1000,"height":666,"url":"https:\/\/fr.motocrossmag.be\/wp-content\/uploads\/2022\/08\/vialle-france-mxgp.jpg","type":"image\/jpeg"}],"author":"oliviere","twitter_card":"summary_large_image","twitter_misc":{"\u00c9crit par":"oliviere","Dur\u00e9e de lecture estim\u00e9e":"5 minutes"},"schema":{"@context":"https:\/\/schema.org","@graph":[{"@type":"Article","@id":"https:\/\/fr.motocrossmag.be\/index.php\/2022\/08\/tom-vialle-simpose-en-france-et-se-replace-dans-le-sillage-de-jago-geerts\/#article","isPartOf":{"@id":"https:\/\/fr.motocrossmag.be\/index.php\/2022\/08\/tom-vialle-simpose-en-france-et-se-replace-dans-le-sillage-de-jago-geerts\/"},"author":{"name":"oliviere","@id":"https:\/\/fr.motocrossmag.be\/#\/schema\/person\/11b47143d9f755babca2c9110e03235c"},"headline":"Tom Vialle s&rsquo;impose en France et se replace dans le sillage de Jago Geerts","datePublished":"2022-08-21T16:21:20+00:00","dateModified":"2022-08-22T03:16:56+00:00","mainEntityOfPage":{"@id":"https:\/\/fr.motocrossmag.be\/index.php\/2022\/08\/tom-vialle-simpose-en-france-et-se-replace-dans-le-sillage-de-jago-geerts\/"},"wordCount":930,"commentCount":0,"image":{"@id":"https:\/\/fr.motocrossmag.be\/index.php\/2022\/08\/tom-vialle-simpose-en-france-et-se-replace-dans-le-sillage-de-jago-geerts\/#primaryimage"},"thumbnailUrl":"https:\/\/fr.motocrossmag.be\/wp-content\/uploads\/2022\/08\/vialle-france-mxgp.jpg","keywords":["france","Jago Geerts","Motocross","MXGP","tom vialle"],"articleSection":["Actualit\u00e9","Motocross","Motocross MXGP","News","News","R\u00e9sultats","Slideshow"],"inLanguage":"fr-FR","potentialAction":[{"@type":"CommentAction","name":"Comment","target":["https:\/\/fr.motocrossmag.be\/index.php\/2022\/08\/tom-vialle-simpose-en-france-et-se-replace-dans-le-sillage-de-jago-geerts\/#respond"]}]},{"@type":"WebPage","@id":"https:\/\/fr.motocrossmag.be\/index.php\/2022\/08\/tom-vialle-simpose-en-france-et-se-replace-dans-le-sillage-de-jago-geerts\/","url":"https:\/\/fr.motocrossmag.be\/index.php\/2022\/08\/tom-vialle-simpose-en-france-et-se-replace-dans-le-sillage-de-jago-geerts\/","name":"Tom Vialle s'impose en France et se replace dans le sillage de Jago Geerts - Motocross - Enduro - Supermoto | MotocrossMag","isPartOf":{"@id":"https:\/\/fr.motocrossmag.be\/#website"},"primaryImageOfPage":{"@id":"https:\/\/fr.motocrossmag.be\/index.php\/2022\/08\/tom-vialle-simpose-en-france-et-se-replace-dans-le-sillage-de-jago-geerts\/#primaryimage"},"image":{"@id":"https:\/\/fr.motocrossmag.be\/index.php\/2022\/08\/tom-vialle-simpose-en-france-et-se-replace-dans-le-sillage-de-jago-geerts\/#primaryimage"},"thumbnailUrl":"https:\/\/fr.motocrossmag.be\/wp-content\/uploads\/2022\/08\/vialle-france-mxgp.jpg","datePublished":"2022-08-21T16:21:20+00:00","dateModified":"2022-08-22T03:16:56+00:00","author":{"@id":"https:\/\/fr.motocrossmag.be\/#\/schema\/person\/11b47143d9f755babca2c9110e03235c"},"breadcrumb":{"@id":"https:\/\/fr.motocrossmag.be\/index.php\/2022\/08\/tom-vialle-simpose-en-france-et-se-replace-dans-le-sillage-de-jago-geerts\/#breadcrumb"},"inLanguage":"fr-FR","potentialAction":[{"@type":"ReadAction","target":["https:\/\/fr.motocrossmag.be\/index.php\/2022\/08\/tom-vialle-simpose-en-france-et-se-replace-dans-le-sillage-de-jago-geerts\/"]}]},{"@type":"ImageObject","inLanguage":"fr-FR","@id":"https:\/\/fr.motocrossmag.be\/index.php\/2022\/08\/tom-vialle-simpose-en-france-et-se-replace-dans-le-sillage-de-jago-geerts\/#primaryimage","url":"https:\/\/fr.motocrossmag.be\/wp-content\/uploads\/2022\/08\/vialle-france-mxgp.jpg","contentUrl":"https:\/\/fr.motocrossmag.be\/wp-content\/uploads\/2022\/08\/vialle-france-mxgp.jpg","width":"1000","height":"666"},{"@type":"BreadcrumbList","@id":"https:\/\/fr.motocrossmag.be\/index.php\/2022\/08\/tom-vialle-simpose-en-france-et-se-replace-dans-le-sillage-de-jago-geerts\/#breadcrumb","itemListElement":[{"@type":"ListItem","position":1,"name":"Accueil","item":"https:\/\/fr.motocrossmag.be\/"},{"@type":"ListItem","position":2,"name":"Tom Vialle s&rsquo;impose en France et se replace dans le sillage de Jago Geerts"}]},{"@type":"WebSite","@id":"https:\/\/fr.motocrossmag.be\/#website","url":"https:\/\/fr.motocrossmag.be\/","name":"Motocross - Enduro - Supermoto | MotocrossMag","description":"L&#039;actualit\u00e9 du motocross, de l&#039;enduro et du Supermoto en ligne!","potentialAction":[{"@type":"SearchAction","target":{"@type":"EntryPoint","urlTemplate":"https:\/\/fr.motocrossmag.be\/?s={search_term_string}"},"query-input":{"@type":"PropertyValueSpecification","valueRequired":true,"valueName":"search_term_string"}}],"inLanguage":"fr-FR"},{"@type":"Person","@id":"https:\/\/fr.motocrossmag.be\/#\/schema\/person\/11b47143d9f755babca2c9110e03235c","name":"oliviere","image":{"@type":"ImageObject","inLanguage":"fr-FR","@id":"https:\/\/secure.gravatar.com\/avatar\/907069e0b81d119452040469e4a7501da1100f54f7f80180ce77bfab718288f6?s=96&d=mm&r=g","url":"https:\/\/secure.gravatar.com\/avatar\/907069e0b81d119452040469e4a7501da1100f54f7f80180ce77bfab718288f6?s=96&d=mm&r=g","contentUrl":"https:\/\/secure.gravatar.com\/avatar\/907069e0b81d119452040469e4a7501da1100f54f7f80180ce77bfab718288f6?s=96&d=mm&r=g","caption":"oliviere"},"sameAs":["http:\/\/www.motocrossmag.be"],"url":"https:\/\/fr.motocrossmag.be\/index.php\/author\/oliviere\/"}]}},"_links":{"self":[{"href":"https:\/\/fr.motocrossmag.be\/index.php\/wp-json\/wp\/v2\/posts\/120165","targetHints":{"allow":["GET"]}}],"collection":[{"href":"https:\/\/fr.motocrossmag.be\/index.php\/wp-json\/wp\/v2\/posts"}],"about":[{"href":"https:\/\/fr.motocrossmag.be\/index.php\/wp-json\/wp\/v2\/types\/post"}],"author":[{"embeddable":true,"href":"https:\/\/fr.motocrossmag.be\/index.php\/wp-json\/wp\/v2\/users\/932"}],"replies":[{"embeddable":true,"href":"https:\/\/fr.motocrossmag.be\/index.php\/wp-json\/wp\/v2\/comments?post=120165"}],"version-history":[{"count":1,"href":"https:\/\/fr.motocrossmag.be\/index.php\/wp-json\/wp\/v2\/posts\/120165\/revisions"}],"predecessor-version":[{"id":120167,"href":"https:\/\/fr.motocrossmag.be\/index.php\/wp-json\/wp\/v2\/posts\/120165\/revisions\/120167"}],"wp:featuredmedia":[{"embeddable":true,"href":"https:\/\/fr.motocrossmag.be\/index.php\/wp-json\/wp\/v2\/media\/120186"}],"wp:attachment":[{"href":"https:\/\/fr.motocrossmag.be\/index.php\/wp-json\/wp\/v2\/media?parent=120165"}],"wp:term":[{"taxonomy":"category","embeddable":true,"href":"https:\/\/fr.motocrossmag.be\/index.php\/wp-json\/wp\/v2\/categories?post=120165"},{"taxonomy":"post_tag","embeddable":true,"href":"https:\/\/fr.motocrossmag.be\/index.php\/wp-json\/wp\/v2\/tags?post=120165"}],"curies":[{"name":"wp","href":"https:\/\/api.w.org\/{rel}","templated":true}]}}