{"id":120184,"date":"2022-08-22T05:36:03","date_gmt":"2022-08-22T03:36:03","guid":{"rendered":"http:\/\/fr.motocrossmag.be\/?p=120184"},"modified":"2022-08-22T05:36:03","modified_gmt":"2022-08-22T03:36:03","slug":"jago-geerts-je-suis-pret-a-tout-donner-en-turquie","status":"publish","type":"post","link":"https:\/\/fr.motocrossmag.be\/index.php\/2022\/08\/jago-geerts-je-suis-pret-a-tout-donner-en-turquie\/","title":{"rendered":"Jago Geerts : \u00a0\u00bb Je suis pr\u00eat \u00e0 tout donner en Turquie !\u00a0\u00bb"},"content":{"rendered":"<p><strong>Le championnat du monde MX2 de motocross s&rsquo;appr\u00eate \u00e0 vivre une finale sous haute tension. Ce sont deux points seulement qui s\u00e9parent Jago Geerts, leader du classement provisoire, de son challenger Tom Vialle au moment d&rsquo;arriver en Turquie les 3 et 4 septembre.<\/strong><\/p>\n<p>Apr\u00e8s trois succ\u00e8s cons\u00e9cutifs qui lui ont permis de reprendre le leadership puis de se construire un avantage de 23 points en quittant la Su\u00e8de il y a deux semaines, Jago Geerts a depuis connu un passage difficile. En Finlande tout d&rsquo;abord, o\u00f9 une chute au d\u00e9part de la seconde manche lui faisait perdre toute chance de victoire et lui co\u00fbtait 8 points face \u00e0 Vialle au championnat.<\/p>\n<p>Arriv\u00e9 en France avec 15 points d&rsquo;avance sur Vialle, on savait que le week-end de Saint-Jean-d&rsquo;Ang\u00e9ly, avant-dernier rendez-vous de la saison mondiale de motocross, serait celui de tous les dangers. Port\u00e9 par un public fran\u00e7ais acquis \u00e0 sa cause, Vialle y serait sans doute plus fort que jamais. Le Fran\u00e7ais a en effet remport\u00e9 le GP. Un circuit tr\u00e8s mono-trajectoire coupl\u00e9 \u00e0 des d\u00e9parts moyens et une petite faute en seconde manche ont compliqu\u00e9 le week-end de Geerts qui voit fondre son avantage de 13 points face \u00e0 l&rsquo;officiel KTM qui revient \u00e0 deux petits points du Belge pour arriver sur la finale de la saison en Turquie.<\/p>\n<p><img decoding=\"async\" class=\"lazyload alignnone size-full wp-image-120187\" src=\"http:\/\/fr.motocrossmag.be\/wp-content\/uploads\/2022\/08\/start-mx2-france.jpg\" data-orig-src=\"http:\/\/fr.motocrossmag.be\/wp-content\/uploads\/2022\/08\/start-mx2-france.jpg\" alt=\"\" width=\"1000\" height=\"666\" srcset=\"data:image\/svg+xml,%3Csvg%20xmlns%3D%27http%3A%2F%2Fwww.w3.org%2F2000%2Fsvg%27%20width%3D%271000%27%20height%3D%27666%27%20viewBox%3D%270%200%201000%20666%27%3E%3Crect%20width%3D%271000%27%20height%3D%27666%27%20fill-opacity%3D%220%22%2F%3E%3C%2Fsvg%3E\" data-srcset=\"https:\/\/fr.motocrossmag.be\/wp-content\/uploads\/2022\/08\/start-mx2-france-650x433.jpg 650w, https:\/\/fr.motocrossmag.be\/wp-content\/uploads\/2022\/08\/start-mx2-france-768x511.jpg 768w, https:\/\/fr.motocrossmag.be\/wp-content\/uploads\/2022\/08\/start-mx2-france.jpg 1000w\" data-sizes=\"auto\" data-orig-sizes=\"(max-width: 1000px) 100vw, 1000px\" \/><\/p>\n<p>Autant dire que rien n&rsquo;est fait, pour l&rsquo;un comme pour l&rsquo;autre.\u00a0 Les deux derni\u00e8res manches de la saison 2022 s&rsquo;annoncent particuli\u00e8rement intenses entre les deux hommes forts du championnat. Pour Vialle, il s&rsquo;agit de se battre pour un second titre mondial MX2 avant de s&rsquo;envoler pour les USA la saison prochaine. Geerts court lui toujours derri\u00e8re un premier titre mondial MX2 mais sera encore dans la cat\u00e9gorie en 2023 avant de monter en 2024 en MXGP, toujours avec Yamaha.<\/p>\n<p>\u00ab\u00a0Le week-end \u00e0 Saint-Jean-d&rsquo;Ang\u00e9ly a \u00e9t\u00e9 assez difficile\u00a0\u00bb, commente Geerts. \u00ab\u00a0Mes d\u00e9parts, samedi comme dimanche, ont \u00e9t\u00e9 assez moyens et cela m&rsquo;a rendu la vie difficile. J&rsquo;avais une bonne vitesse, je me suis senti bien tout le week-end mais ce sont vraiment les d\u00e9parts qui m&rsquo;ont compliqu\u00e9 la t\u00e2che. J&rsquo;ai d\u00fb prendre beaucoup de risques pour d\u00e9passer sur une piste mono-trajectoire qui n&rsquo;offrait presque aucune possibilit\u00e9 de d\u00e9passement. La premi\u00e8re manche a \u00e9t\u00e9 plut\u00f4t bonne mais la seconde n&rsquo;a assur\u00e9ment pas \u00e9t\u00e9 la meilleure de la saison\u00a0\u00bb, analyse le pilote Yamaha.<\/p>\n<p>Avant de nous rassurer quant \u00e0 son \u00e9tat d&rsquo;esprit apr\u00e8s ces deux GP qui ont permis \u00e0 Vialle de revenir \u00e0 sa hauteur pour arriver sur la finale de la saison qui sera donc d\u00e9cisive le premier week-end de septembre en Turquie. \u00ab\u00a0Heureusement, je suis toujours malgr\u00e9 tout en t\u00eate du classement provisoire pour arriver sur la finale du championnat\u00a0\u00bb, poursuit-il. \u00ab\u00a0Je suis pr\u00eat \u00e0 tout donner dans la bataille en Turquie en esp\u00e9rant simplement pouvoir y donner le meilleur de moi-m\u00eame.\u00a0\u00bb<\/p>\n<p>Que le meilleur gagne !<\/p>\n","protected":false},"excerpt":{"rendered":"<p>Le championnat du monde MX2 de motocross s&rsquo;appr\u00eate \u00e0 vivre une finale sous haute tension. Ce sont deux points seulement qui s\u00e9parent Jago Geerts, leader du classement provisoire, de son [&#8230;]<\/p>\n","protected":false},"author":932,"featured_media":120185,"comment_status":"open","ping_status":"closed","sticky":false,"template":"","format":"standard","meta":{"footnotes":""},"categories":[54,58,4,6,5,55,65],"tags":[813,947,568],"class_list":["post-120184","post","type-post","status-publish","format-standard","has-post-thumbnail","hentry","category-actualite","category-interviews-actualite","category-motocross","category-mx1mx2","category-news","category-news-actualite","category-slideshow","tag-jago-geerts","tag-motocross","tag-mxgp"],"yoast_head":"<!-- This site is optimized with the Yoast SEO plugin v27.4 - https:\/\/yoast.com\/product\/yoast-seo-wordpress\/ -->\n<title>Jago Geerts : &quot; Je suis pr\u00eat \u00e0 tout donner en Turquie !&quot; - Motocross - Enduro - Supermoto | MotocrossMag<\/title>\n<meta name=\"robots\" content=\"index, follow, max-snippet:-1, max-image-preview:large, max-video-preview:-1\" \/>\n<link rel=\"canonical\" href=\"https:\/\/fr.motocrossmag.be\/index.php\/2022\/08\/jago-geerts-je-suis-pret-a-tout-donner-en-turquie\/\" \/>\n<meta property=\"og:locale\" content=\"fr_FR\" \/>\n<meta property=\"og:type\" content=\"article\" \/>\n<meta property=\"og:title\" content=\"Jago Geerts : &quot; Je suis pr\u00eat \u00e0 tout donner en Turquie !&quot; - Motocross - Enduro - Supermoto | MotocrossMag\" \/>\n<meta property=\"og:description\" content=\"Le championnat du monde MX2 de motocross s&rsquo;appr\u00eate \u00e0 vivre une finale sous haute tension. Ce sont deux points seulement qui s\u00e9parent Jago Geerts, leader du classement provisoire, de son [...]\" \/>\n<meta property=\"og:url\" content=\"https:\/\/fr.motocrossmag.be\/index.php\/2022\/08\/jago-geerts-je-suis-pret-a-tout-donner-en-turquie\/\" \/>\n<meta property=\"og:site_name\" content=\"Motocross - Enduro - Supermoto | MotocrossMag\" \/>\n<meta property=\"article:published_time\" content=\"2022-08-22T03:36:03+00:00\" \/>\n<meta property=\"og:image\" content=\"https:\/\/fr.motocrossmag.be\/wp-content\/uploads\/2022\/08\/geerts-mxgp-france.jpg\" \/>\n\t<meta property=\"og:image:width\" content=\"906\" \/>\n\t<meta property=\"og:image:height\" content=\"601\" \/>\n\t<meta property=\"og:image:type\" content=\"image\/jpeg\" \/>\n<meta name=\"author\" content=\"oliviere\" \/>\n<meta name=\"twitter:card\" content=\"summary_large_image\" \/>\n<meta name=\"twitter:label1\" content=\"\u00c9crit par\" \/>\n\t<meta name=\"twitter:data1\" content=\"oliviere\" \/>\n\t<meta name=\"twitter:label2\" content=\"Dur\u00e9e de lecture estim\u00e9e\" \/>\n\t<meta name=\"twitter:data2\" content=\"2 minutes\" \/>\n<script type=\"application\/ld+json\" class=\"yoast-schema-graph\">{\"@context\":\"https:\\\/\\\/schema.org\",\"@graph\":[{\"@type\":\"Article\",\"@id\":\"https:\\\/\\\/fr.motocrossmag.be\\\/index.php\\\/2022\\\/08\\\/jago-geerts-je-suis-pret-a-tout-donner-en-turquie\\\/#article\",\"isPartOf\":{\"@id\":\"https:\\\/\\\/fr.motocrossmag.be\\\/index.php\\\/2022\\\/08\\\/jago-geerts-je-suis-pret-a-tout-donner-en-turquie\\\/\"},\"author\":{\"name\":\"oliviere\",\"@id\":\"https:\\\/\\\/fr.motocrossmag.be\\\/#\\\/schema\\\/person\\\/11b47143d9f755babca2c9110e03235c\"},\"headline\":\"Jago Geerts : \u00a0\u00bb Je suis pr\u00eat \u00e0 tout donner en Turquie !\u00a0\u00bb\",\"datePublished\":\"2022-08-22T03:36:03+00:00\",\"mainEntityOfPage\":{\"@id\":\"https:\\\/\\\/fr.motocrossmag.be\\\/index.php\\\/2022\\\/08\\\/jago-geerts-je-suis-pret-a-tout-donner-en-turquie\\\/\"},\"wordCount\":517,\"commentCount\":0,\"image\":{\"@id\":\"https:\\\/\\\/fr.motocrossmag.be\\\/index.php\\\/2022\\\/08\\\/jago-geerts-je-suis-pret-a-tout-donner-en-turquie\\\/#primaryimage\"},\"thumbnailUrl\":\"https:\\\/\\\/fr.motocrossmag.be\\\/wp-content\\\/uploads\\\/2022\\\/08\\\/geerts-mxgp-france.jpg\",\"keywords\":[\"Jago Geerts\",\"Motocross\",\"MXGP\"],\"articleSection\":[\"Actualit\u00e9\",\"Interviews -all\",\"Motocross\",\"Motocross MXGP\",\"News\",\"News\",\"Slideshow\"],\"inLanguage\":\"fr-FR\",\"potentialAction\":[{\"@type\":\"CommentAction\",\"name\":\"Comment\",\"target\":[\"https:\\\/\\\/fr.motocrossmag.be\\\/index.php\\\/2022\\\/08\\\/jago-geerts-je-suis-pret-a-tout-donner-en-turquie\\\/#respond\"]}]},{\"@type\":\"WebPage\",\"@id\":\"https:\\\/\\\/fr.motocrossmag.be\\\/index.php\\\/2022\\\/08\\\/jago-geerts-je-suis-pret-a-tout-donner-en-turquie\\\/\",\"url\":\"https:\\\/\\\/fr.motocrossmag.be\\\/index.php\\\/2022\\\/08\\\/jago-geerts-je-suis-pret-a-tout-donner-en-turquie\\\/\",\"name\":\"Jago Geerts : \\\" Je suis pr\u00eat \u00e0 tout donner en Turquie !\\\" - Motocross - Enduro - Supermoto | MotocrossMag\",\"isPartOf\":{\"@id\":\"https:\\\/\\\/fr.motocrossmag.be\\\/#website\"},\"primaryImageOfPage\":{\"@id\":\"https:\\\/\\\/fr.motocrossmag.be\\\/index.php\\\/2022\\\/08\\\/jago-geerts-je-suis-pret-a-tout-donner-en-turquie\\\/#primaryimage\"},\"image\":{\"@id\":\"https:\\\/\\\/fr.motocrossmag.be\\\/index.php\\\/2022\\\/08\\\/jago-geerts-je-suis-pret-a-tout-donner-en-turquie\\\/#primaryimage\"},\"thumbnailUrl\":\"https:\\\/\\\/fr.motocrossmag.be\\\/wp-content\\\/uploads\\\/2022\\\/08\\\/geerts-mxgp-france.jpg\",\"datePublished\":\"2022-08-22T03:36:03+00:00\",\"author\":{\"@id\":\"https:\\\/\\\/fr.motocrossmag.be\\\/#\\\/schema\\\/person\\\/11b47143d9f755babca2c9110e03235c\"},\"breadcrumb\":{\"@id\":\"https:\\\/\\\/fr.motocrossmag.be\\\/index.php\\\/2022\\\/08\\\/jago-geerts-je-suis-pret-a-tout-donner-en-turquie\\\/#breadcrumb\"},\"inLanguage\":\"fr-FR\",\"potentialAction\":[{\"@type\":\"ReadAction\",\"target\":[\"https:\\\/\\\/fr.motocrossmag.be\\\/index.php\\\/2022\\\/08\\\/jago-geerts-je-suis-pret-a-tout-donner-en-turquie\\\/\"]}]},{\"@type\":\"ImageObject\",\"inLanguage\":\"fr-FR\",\"@id\":\"https:\\\/\\\/fr.motocrossmag.be\\\/index.php\\\/2022\\\/08\\\/jago-geerts-je-suis-pret-a-tout-donner-en-turquie\\\/#primaryimage\",\"url\":\"https:\\\/\\\/fr.motocrossmag.be\\\/wp-content\\\/uploads\\\/2022\\\/08\\\/geerts-mxgp-france.jpg\",\"contentUrl\":\"https:\\\/\\\/fr.motocrossmag.be\\\/wp-content\\\/uploads\\\/2022\\\/08\\\/geerts-mxgp-france.jpg\",\"width\":\"906\",\"height\":\"601\"},{\"@type\":\"BreadcrumbList\",\"@id\":\"https:\\\/\\\/fr.motocrossmag.be\\\/index.php\\\/2022\\\/08\\\/jago-geerts-je-suis-pret-a-tout-donner-en-turquie\\\/#breadcrumb\",\"itemListElement\":[{\"@type\":\"ListItem\",\"position\":1,\"name\":\"Accueil\",\"item\":\"https:\\\/\\\/fr.motocrossmag.be\\\/\"},{\"@type\":\"ListItem\",\"position\":2,\"name\":\"Jago Geerts : \u00a0\u00bb Je suis pr\u00eat \u00e0 tout donner en Turquie !\u00a0\u00bb\"}]},{\"@type\":\"WebSite\",\"@id\":\"https:\\\/\\\/fr.motocrossmag.be\\\/#website\",\"url\":\"https:\\\/\\\/fr.motocrossmag.be\\\/\",\"name\":\"Motocross - Enduro - Supermoto | MotocrossMag\",\"description\":\"L&#039;actualit\u00e9 du motocross, de l&#039;enduro et du Supermoto en ligne!\",\"potentialAction\":[{\"@type\":\"SearchAction\",\"target\":{\"@type\":\"EntryPoint\",\"urlTemplate\":\"https:\\\/\\\/fr.motocrossmag.be\\\/?s={search_term_string}\"},\"query-input\":{\"@type\":\"PropertyValueSpecification\",\"valueRequired\":true,\"valueName\":\"search_term_string\"}}],\"inLanguage\":\"fr-FR\"},{\"@type\":\"Person\",\"@id\":\"https:\\\/\\\/fr.motocrossmag.be\\\/#\\\/schema\\\/person\\\/11b47143d9f755babca2c9110e03235c\",\"name\":\"oliviere\",\"image\":{\"@type\":\"ImageObject\",\"inLanguage\":\"fr-FR\",\"@id\":\"https:\\\/\\\/secure.gravatar.com\\\/avatar\\\/907069e0b81d119452040469e4a7501da1100f54f7f80180ce77bfab718288f6?s=96&d=mm&r=g\",\"url\":\"https:\\\/\\\/secure.gravatar.com\\\/avatar\\\/907069e0b81d119452040469e4a7501da1100f54f7f80180ce77bfab718288f6?s=96&d=mm&r=g\",\"contentUrl\":\"https:\\\/\\\/secure.gravatar.com\\\/avatar\\\/907069e0b81d119452040469e4a7501da1100f54f7f80180ce77bfab718288f6?s=96&d=mm&r=g\",\"caption\":\"oliviere\"},\"sameAs\":[\"http:\\\/\\\/www.motocrossmag.be\"],\"url\":\"https:\\\/\\\/fr.motocrossmag.be\\\/index.php\\\/author\\\/oliviere\\\/\"}]}<\/script>\n<!-- \/ Yoast SEO plugin. -->","yoast_head_json":{"title":"Jago Geerts : \" Je suis pr\u00eat \u00e0 tout donner en Turquie !\" - Motocross - Enduro - Supermoto | MotocrossMag","robots":{"index":"index","follow":"follow","max-snippet":"max-snippet:-1","max-image-preview":"max-image-preview:large","max-video-preview":"max-video-preview:-1"},"canonical":"https:\/\/fr.motocrossmag.be\/index.php\/2022\/08\/jago-geerts-je-suis-pret-a-tout-donner-en-turquie\/","og_locale":"fr_FR","og_type":"article","og_title":"Jago Geerts : \" Je suis pr\u00eat \u00e0 tout donner en Turquie !\" - Motocross - Enduro - Supermoto | MotocrossMag","og_description":"Le championnat du monde MX2 de motocross s&rsquo;appr\u00eate \u00e0 vivre une finale sous haute tension. Ce sont deux points seulement qui s\u00e9parent Jago Geerts, leader du classement provisoire, de son [...]","og_url":"https:\/\/fr.motocrossmag.be\/index.php\/2022\/08\/jago-geerts-je-suis-pret-a-tout-donner-en-turquie\/","og_site_name":"Motocross - Enduro - Supermoto | MotocrossMag","article_published_time":"2022-08-22T03:36:03+00:00","og_image":[{"width":906,"height":601,"url":"https:\/\/fr.motocrossmag.be\/wp-content\/uploads\/2022\/08\/geerts-mxgp-france.jpg","type":"image\/jpeg"}],"author":"oliviere","twitter_card":"summary_large_image","twitter_misc":{"\u00c9crit par":"oliviere","Dur\u00e9e de lecture estim\u00e9e":"2 minutes"},"schema":{"@context":"https:\/\/schema.org","@graph":[{"@type":"Article","@id":"https:\/\/fr.motocrossmag.be\/index.php\/2022\/08\/jago-geerts-je-suis-pret-a-tout-donner-en-turquie\/#article","isPartOf":{"@id":"https:\/\/fr.motocrossmag.be\/index.php\/2022\/08\/jago-geerts-je-suis-pret-a-tout-donner-en-turquie\/"},"author":{"name":"oliviere","@id":"https:\/\/fr.motocrossmag.be\/#\/schema\/person\/11b47143d9f755babca2c9110e03235c"},"headline":"Jago Geerts : \u00a0\u00bb Je suis pr\u00eat \u00e0 tout donner en Turquie !\u00a0\u00bb","datePublished":"2022-08-22T03:36:03+00:00","mainEntityOfPage":{"@id":"https:\/\/fr.motocrossmag.be\/index.php\/2022\/08\/jago-geerts-je-suis-pret-a-tout-donner-en-turquie\/"},"wordCount":517,"commentCount":0,"image":{"@id":"https:\/\/fr.motocrossmag.be\/index.php\/2022\/08\/jago-geerts-je-suis-pret-a-tout-donner-en-turquie\/#primaryimage"},"thumbnailUrl":"https:\/\/fr.motocrossmag.be\/wp-content\/uploads\/2022\/08\/geerts-mxgp-france.jpg","keywords":["Jago Geerts","Motocross","MXGP"],"articleSection":["Actualit\u00e9","Interviews -all","Motocross","Motocross MXGP","News","News","Slideshow"],"inLanguage":"fr-FR","potentialAction":[{"@type":"CommentAction","name":"Comment","target":["https:\/\/fr.motocrossmag.be\/index.php\/2022\/08\/jago-geerts-je-suis-pret-a-tout-donner-en-turquie\/#respond"]}]},{"@type":"WebPage","@id":"https:\/\/fr.motocrossmag.be\/index.php\/2022\/08\/jago-geerts-je-suis-pret-a-tout-donner-en-turquie\/","url":"https:\/\/fr.motocrossmag.be\/index.php\/2022\/08\/jago-geerts-je-suis-pret-a-tout-donner-en-turquie\/","name":"Jago Geerts : \" Je suis pr\u00eat \u00e0 tout donner en Turquie !\" - Motocross - Enduro - Supermoto | MotocrossMag","isPartOf":{"@id":"https:\/\/fr.motocrossmag.be\/#website"},"primaryImageOfPage":{"@id":"https:\/\/fr.motocrossmag.be\/index.php\/2022\/08\/jago-geerts-je-suis-pret-a-tout-donner-en-turquie\/#primaryimage"},"image":{"@id":"https:\/\/fr.motocrossmag.be\/index.php\/2022\/08\/jago-geerts-je-suis-pret-a-tout-donner-en-turquie\/#primaryimage"},"thumbnailUrl":"https:\/\/fr.motocrossmag.be\/wp-content\/uploads\/2022\/08\/geerts-mxgp-france.jpg","datePublished":"2022-08-22T03:36:03+00:00","author":{"@id":"https:\/\/fr.motocrossmag.be\/#\/schema\/person\/11b47143d9f755babca2c9110e03235c"},"breadcrumb":{"@id":"https:\/\/fr.motocrossmag.be\/index.php\/2022\/08\/jago-geerts-je-suis-pret-a-tout-donner-en-turquie\/#breadcrumb"},"inLanguage":"fr-FR","potentialAction":[{"@type":"ReadAction","target":["https:\/\/fr.motocrossmag.be\/index.php\/2022\/08\/jago-geerts-je-suis-pret-a-tout-donner-en-turquie\/"]}]},{"@type":"ImageObject","inLanguage":"fr-FR","@id":"https:\/\/fr.motocrossmag.be\/index.php\/2022\/08\/jago-geerts-je-suis-pret-a-tout-donner-en-turquie\/#primaryimage","url":"https:\/\/fr.motocrossmag.be\/wp-content\/uploads\/2022\/08\/geerts-mxgp-france.jpg","contentUrl":"https:\/\/fr.motocrossmag.be\/wp-content\/uploads\/2022\/08\/geerts-mxgp-france.jpg","width":"906","height":"601"},{"@type":"BreadcrumbList","@id":"https:\/\/fr.motocrossmag.be\/index.php\/2022\/08\/jago-geerts-je-suis-pret-a-tout-donner-en-turquie\/#breadcrumb","itemListElement":[{"@type":"ListItem","position":1,"name":"Accueil","item":"https:\/\/fr.motocrossmag.be\/"},{"@type":"ListItem","position":2,"name":"Jago Geerts : \u00a0\u00bb Je suis pr\u00eat \u00e0 tout donner en Turquie !\u00a0\u00bb"}]},{"@type":"WebSite","@id":"https:\/\/fr.motocrossmag.be\/#website","url":"https:\/\/fr.motocrossmag.be\/","name":"Motocross - Enduro - Supermoto | MotocrossMag","description":"L&#039;actualit\u00e9 du motocross, de l&#039;enduro et du Supermoto en ligne!","potentialAction":[{"@type":"SearchAction","target":{"@type":"EntryPoint","urlTemplate":"https:\/\/fr.motocrossmag.be\/?s={search_term_string}"},"query-input":{"@type":"PropertyValueSpecification","valueRequired":true,"valueName":"search_term_string"}}],"inLanguage":"fr-FR"},{"@type":"Person","@id":"https:\/\/fr.motocrossmag.be\/#\/schema\/person\/11b47143d9f755babca2c9110e03235c","name":"oliviere","image":{"@type":"ImageObject","inLanguage":"fr-FR","@id":"https:\/\/secure.gravatar.com\/avatar\/907069e0b81d119452040469e4a7501da1100f54f7f80180ce77bfab718288f6?s=96&d=mm&r=g","url":"https:\/\/secure.gravatar.com\/avatar\/907069e0b81d119452040469e4a7501da1100f54f7f80180ce77bfab718288f6?s=96&d=mm&r=g","contentUrl":"https:\/\/secure.gravatar.com\/avatar\/907069e0b81d119452040469e4a7501da1100f54f7f80180ce77bfab718288f6?s=96&d=mm&r=g","caption":"oliviere"},"sameAs":["http:\/\/www.motocrossmag.be"],"url":"https:\/\/fr.motocrossmag.be\/index.php\/author\/oliviere\/"}]}},"_links":{"self":[{"href":"https:\/\/fr.motocrossmag.be\/index.php\/wp-json\/wp\/v2\/posts\/120184","targetHints":{"allow":["GET"]}}],"collection":[{"href":"https:\/\/fr.motocrossmag.be\/index.php\/wp-json\/wp\/v2\/posts"}],"about":[{"href":"https:\/\/fr.motocrossmag.be\/index.php\/wp-json\/wp\/v2\/types\/post"}],"author":[{"embeddable":true,"href":"https:\/\/fr.motocrossmag.be\/index.php\/wp-json\/wp\/v2\/users\/932"}],"replies":[{"embeddable":true,"href":"https:\/\/fr.motocrossmag.be\/index.php\/wp-json\/wp\/v2\/comments?post=120184"}],"version-history":[{"count":0,"href":"https:\/\/fr.motocrossmag.be\/index.php\/wp-json\/wp\/v2\/posts\/120184\/revisions"}],"wp:featuredmedia":[{"embeddable":true,"href":"https:\/\/fr.motocrossmag.be\/index.php\/wp-json\/wp\/v2\/media\/120185"}],"wp:attachment":[{"href":"https:\/\/fr.motocrossmag.be\/index.php\/wp-json\/wp\/v2\/media?parent=120184"}],"wp:term":[{"taxonomy":"category","embeddable":true,"href":"https:\/\/fr.motocrossmag.be\/index.php\/wp-json\/wp\/v2\/categories?post=120184"},{"taxonomy":"post_tag","embeddable":true,"href":"https:\/\/fr.motocrossmag.be\/index.php\/wp-json\/wp\/v2\/tags?post=120184"}],"curies":[{"name":"wp","href":"https:\/\/api.w.org\/{rel}","templated":true}]}}