{"id":120276,"date":"2022-08-23T18:30:38","date_gmt":"2022-08-23T16:30:38","guid":{"rendered":"http:\/\/fr.motocrossmag.be\/?p=120276"},"modified":"2022-08-23T18:30:38","modified_gmt":"2022-08-23T16:30:38","slug":"tom-vialle-on-sait-ce-quil-nous-reste-a-faire","status":"publish","type":"post","link":"https:\/\/fr.motocrossmag.be\/index.php\/2022\/08\/tom-vialle-on-sait-ce-quil-nous-reste-a-faire\/","title":{"rendered":"Tom Vialle : \u00ab\u00a0On sait ce qu&rsquo;il nous reste \u00e0 faire&#8230;\u00a0\u00bb"},"content":{"rendered":"<p><strong>Tom Vialle s&rsquo;appr\u00eate \u00e0 traverser l&rsquo;Atlantique pour tenter l&rsquo;aventure US d\u00e8s la saison prochaine. Et il pourrait le faire apr\u00e8s avoir conquis un second titre mondial MX2, ce qui serait pour le Fran\u00e7ais une superbe mani\u00e8re de quitter l&rsquo;Europe. Ces deux derni\u00e8res semaines, en Finlande puis en France, il vient en tout cas de se repositionner plus que jamais dans la course au titre en reprenant coup sur coup huits points puis treize points \u00e0 Jago Geerts pour revenir \u00e0 deux unit\u00e9s seulement du leader du championnat pour arriver sur la finale en Turquie.<\/strong><\/p>\n<p>Un momentum pour KTM qui voit l\u00e0 l&rsquo;opportunit\u00e9 de conqu\u00e9rir un 14\u00e8me titre mondial avec sa 250 SX-F, une machine qui fait depuis longtemps office de r\u00e9f\u00e9rence dans le paddock du mondial MX2. Pour Vialle, ce serait un second titre apr\u00e8s celui de 2020 et une saison 2021 marqu\u00e9e par une blessure en d\u00e9but de championnat qui l&rsquo;avait \u00e9loign\u00e9 des circuits durant de longues semaines apr\u00e8s un doubl\u00e9 prometteur sur le premier GP.<\/p>\n<p><img decoding=\"async\" class=\"lazyload alignnone size-full wp-image-120279\" src=\"http:\/\/fr.motocrossmag.be\/wp-content\/uploads\/2022\/08\/Tom-Vialle-KTM-250-SX-F-2022-Charente-Maritime2.jpg\" data-orig-src=\"http:\/\/fr.motocrossmag.be\/wp-content\/uploads\/2022\/08\/Tom-Vialle-KTM-250-SX-F-2022-Charente-Maritime2.jpg\" alt=\"\" width=\"1000\" height=\"666\" srcset=\"data:image\/svg+xml,%3Csvg%20xmlns%3D%27http%3A%2F%2Fwww.w3.org%2F2000%2Fsvg%27%20width%3D%271000%27%20height%3D%27666%27%20viewBox%3D%270%200%201000%20666%27%3E%3Crect%20width%3D%271000%27%20height%3D%27666%27%20fill-opacity%3D%220%22%2F%3E%3C%2Fsvg%3E\" data-srcset=\"https:\/\/fr.motocrossmag.be\/wp-content\/uploads\/2022\/08\/Tom-Vialle-KTM-250-SX-F-2022-Charente-Maritime2-650x433.jpg 650w, https:\/\/fr.motocrossmag.be\/wp-content\/uploads\/2022\/08\/Tom-Vialle-KTM-250-SX-F-2022-Charente-Maritime2-768x511.jpg 768w, https:\/\/fr.motocrossmag.be\/wp-content\/uploads\/2022\/08\/Tom-Vialle-KTM-250-SX-F-2022-Charente-Maritime2.jpg 1000w\" data-sizes=\"auto\" data-orig-sizes=\"(max-width: 1000px) 100vw, 1000px\" \/><\/p>\n<p>En France dimanche, le Fran\u00e7ais est mont\u00e9 pour la 14\u00e8me fois cette ann\u00e9e sur le podium et a remport\u00e9 son neuvi\u00e8me GP. L&rsquo;officiel KTM, manag\u00e9 par Jo\u00ebl Smets est le dernier rival de Jago Geerts dans la course au titre mondial MX2, les deux hommes ayant r\u00e9ellement domin\u00e9 la saison de la t\u00eate et des \u00e9paules depuis f\u00e9vrier dernier.<\/p>\n<p>Il reste \u00e0 Vialle un combat \u00e0 mener pour coiffer une seconde couronne mondiale. Un combat qui s&rsquo;annonce \u00e0 couteaux tir\u00e9s avec Jago Geerts. Le Belge arrive en Turquie avec un avantage num\u00e9rique de deux points mais avec l&rsquo;inconv\u00e9nient d&rsquo;avoir vu son avantage fondre de quelque 21 points sur les deux derniers GP.<\/p>\n<p><img decoding=\"async\" class=\"lazyload alignnone size-full wp-image-120277\" src=\"http:\/\/fr.motocrossmag.be\/wp-content\/uploads\/2022\/08\/Tom-Vialle-KTM-250-SX-F-2022-Charente-Maritime4.jpg\" data-orig-src=\"http:\/\/fr.motocrossmag.be\/wp-content\/uploads\/2022\/08\/Tom-Vialle-KTM-250-SX-F-2022-Charente-Maritime4.jpg\" alt=\"\" width=\"1000\" height=\"666\" srcset=\"data:image\/svg+xml,%3Csvg%20xmlns%3D%27http%3A%2F%2Fwww.w3.org%2F2000%2Fsvg%27%20width%3D%271000%27%20height%3D%27666%27%20viewBox%3D%270%200%201000%20666%27%3E%3Crect%20width%3D%271000%27%20height%3D%27666%27%20fill-opacity%3D%220%22%2F%3E%3C%2Fsvg%3E\" data-srcset=\"https:\/\/fr.motocrossmag.be\/wp-content\/uploads\/2022\/08\/Tom-Vialle-KTM-250-SX-F-2022-Charente-Maritime4-650x433.jpg 650w, https:\/\/fr.motocrossmag.be\/wp-content\/uploads\/2022\/08\/Tom-Vialle-KTM-250-SX-F-2022-Charente-Maritime4-768x511.jpg 768w, https:\/\/fr.motocrossmag.be\/wp-content\/uploads\/2022\/08\/Tom-Vialle-KTM-250-SX-F-2022-Charente-Maritime4.jpg 1000w\" data-sizes=\"auto\" data-orig-sizes=\"(max-width: 1000px) 100vw, 1000px\" \/><\/p>\n<p>En France ce week-end, sur une piste o\u00f9 les d\u00e9parts \u00e9taient particuli\u00e8rement importants, Vialle a sign\u00e9 le week-end (presque) parfait, port\u00e9 par un public comme toujours enthousiaste en France. \u00ab\u00a0Quel super week-end !\u00a0\u00bb, a comment\u00e9 dimanche soir le pilote fran\u00e7ais, \u00ab\u00a0Partout sur la piste, j&rsquo;entendais le public m&rsquo;acclamer. Cela m&rsquo;a beaucoup aid\u00e9. Les fans ont \u00e9t\u00e9 incroyables ! Merci aussi \u00e0 mon \u00e9quipe qui fait un boulot incroyable. Ce week-end \u00e0 Saint-Jean-d&rsquo;Ang\u00e9ly, on a clairement fait le job. Il nous reste \u00e0 pr\u00e9sent un seul GP \u00e0 disputer. Et on sait ce qu&rsquo;il nous reste \u00e0 faire en Turquie&#8230;\u00a0\u00bb<\/p>\n<p>En effet, les choses sont claires et l&rsquo;ultime duel entre Vialle et Geerts pour la conqu\u00eate du titre mondial MX2 s&rsquo;annonce passionnant en Turquie les 3 et 4 septembre prochains.<\/p>\n<p>&nbsp;<\/p>\n","protected":false},"excerpt":{"rendered":"<p>Tom Vialle s&rsquo;appr\u00eate \u00e0 traverser l&rsquo;Atlantique pour tenter l&rsquo;aventure US d\u00e8s la saison prochaine. Et il pourrait le faire apr\u00e8s avoir conquis un second titre mondial MX2, ce qui serait [&#8230;]<\/p>\n","protected":false},"author":932,"featured_media":120278,"comment_status":"open","ping_status":"closed","sticky":false,"template":"","format":"standard","meta":{"footnotes":""},"categories":[54,7,58,4,6,5,55,65],"tags":[813,947,568,1246],"class_list":["post-120276","post","type-post","status-publish","format-standard","has-post-thumbnail","hentry","category-actualite","category-interviews","category-interviews-actualite","category-motocross","category-mx1mx2","category-news","category-news-actualite","category-slideshow","tag-jago-geerts","tag-motocross","tag-mxgp","tag-tom-vialle"],"yoast_head":"<!-- This site is optimized with the Yoast SEO plugin v27.4 - https:\/\/yoast.com\/product\/yoast-seo-wordpress\/ -->\n<title>Tom Vialle : &quot;On sait ce qu&#039;il nous reste \u00e0 faire...&quot; - Motocross - Enduro - Supermoto | MotocrossMag<\/title>\n<meta name=\"robots\" content=\"index, follow, max-snippet:-1, max-image-preview:large, max-video-preview:-1\" \/>\n<link rel=\"canonical\" href=\"https:\/\/fr.motocrossmag.be\/index.php\/2022\/08\/tom-vialle-on-sait-ce-quil-nous-reste-a-faire\/\" \/>\n<meta property=\"og:locale\" content=\"fr_FR\" \/>\n<meta property=\"og:type\" content=\"article\" \/>\n<meta property=\"og:title\" content=\"Tom Vialle : &quot;On sait ce qu&#039;il nous reste \u00e0 faire...&quot; - Motocross - Enduro - Supermoto | MotocrossMag\" \/>\n<meta property=\"og:description\" content=\"Tom Vialle s&rsquo;appr\u00eate \u00e0 traverser l&rsquo;Atlantique pour tenter l&rsquo;aventure US d\u00e8s la saison prochaine. Et il pourrait le faire apr\u00e8s avoir conquis un second titre mondial MX2, ce qui serait [...]\" \/>\n<meta property=\"og:url\" content=\"https:\/\/fr.motocrossmag.be\/index.php\/2022\/08\/tom-vialle-on-sait-ce-quil-nous-reste-a-faire\/\" \/>\n<meta property=\"og:site_name\" content=\"Motocross - Enduro - Supermoto | MotocrossMag\" \/>\n<meta property=\"article:published_time\" content=\"2022-08-23T16:30:38+00:00\" \/>\n<meta property=\"og:image\" content=\"https:\/\/fr.motocrossmag.be\/wp-content\/uploads\/2022\/08\/Tom-Vialle-KTM-250-SX-F-2022-Charente-Maritime3.jpg\" \/>\n\t<meta property=\"og:image:width\" content=\"1000\" \/>\n\t<meta property=\"og:image:height\" content=\"666\" \/>\n\t<meta property=\"og:image:type\" content=\"image\/jpeg\" \/>\n<meta name=\"author\" content=\"oliviere\" \/>\n<meta name=\"twitter:card\" content=\"summary_large_image\" \/>\n<meta name=\"twitter:label1\" content=\"\u00c9crit par\" \/>\n\t<meta name=\"twitter:data1\" content=\"oliviere\" \/>\n\t<meta name=\"twitter:label2\" content=\"Dur\u00e9e de lecture estim\u00e9e\" \/>\n\t<meta name=\"twitter:data2\" content=\"2 minutes\" \/>\n<script type=\"application\/ld+json\" class=\"yoast-schema-graph\">{\"@context\":\"https:\\\/\\\/schema.org\",\"@graph\":[{\"@type\":\"Article\",\"@id\":\"https:\\\/\\\/fr.motocrossmag.be\\\/index.php\\\/2022\\\/08\\\/tom-vialle-on-sait-ce-quil-nous-reste-a-faire\\\/#article\",\"isPartOf\":{\"@id\":\"https:\\\/\\\/fr.motocrossmag.be\\\/index.php\\\/2022\\\/08\\\/tom-vialle-on-sait-ce-quil-nous-reste-a-faire\\\/\"},\"author\":{\"name\":\"oliviere\",\"@id\":\"https:\\\/\\\/fr.motocrossmag.be\\\/#\\\/schema\\\/person\\\/11b47143d9f755babca2c9110e03235c\"},\"headline\":\"Tom Vialle : \u00ab\u00a0On sait ce qu&rsquo;il nous reste \u00e0 faire&#8230;\u00a0\u00bb\",\"datePublished\":\"2022-08-23T16:30:38+00:00\",\"mainEntityOfPage\":{\"@id\":\"https:\\\/\\\/fr.motocrossmag.be\\\/index.php\\\/2022\\\/08\\\/tom-vialle-on-sait-ce-quil-nous-reste-a-faire\\\/\"},\"wordCount\":447,\"commentCount\":0,\"image\":{\"@id\":\"https:\\\/\\\/fr.motocrossmag.be\\\/index.php\\\/2022\\\/08\\\/tom-vialle-on-sait-ce-quil-nous-reste-a-faire\\\/#primaryimage\"},\"thumbnailUrl\":\"https:\\\/\\\/fr.motocrossmag.be\\\/wp-content\\\/uploads\\\/2022\\\/08\\\/Tom-Vialle-KTM-250-SX-F-2022-Charente-Maritime3.jpg\",\"keywords\":[\"Jago Geerts\",\"Motocross\",\"MXGP\",\"tom vialle\"],\"articleSection\":[\"Actualit\u00e9\",\"Interviews\",\"Interviews -all\",\"Motocross\",\"Motocross MXGP\",\"News\",\"News\",\"Slideshow\"],\"inLanguage\":\"fr-FR\",\"potentialAction\":[{\"@type\":\"CommentAction\",\"name\":\"Comment\",\"target\":[\"https:\\\/\\\/fr.motocrossmag.be\\\/index.php\\\/2022\\\/08\\\/tom-vialle-on-sait-ce-quil-nous-reste-a-faire\\\/#respond\"]}]},{\"@type\":\"WebPage\",\"@id\":\"https:\\\/\\\/fr.motocrossmag.be\\\/index.php\\\/2022\\\/08\\\/tom-vialle-on-sait-ce-quil-nous-reste-a-faire\\\/\",\"url\":\"https:\\\/\\\/fr.motocrossmag.be\\\/index.php\\\/2022\\\/08\\\/tom-vialle-on-sait-ce-quil-nous-reste-a-faire\\\/\",\"name\":\"Tom Vialle : \\\"On sait ce qu'il nous reste \u00e0 faire...\\\" - Motocross - Enduro - Supermoto | MotocrossMag\",\"isPartOf\":{\"@id\":\"https:\\\/\\\/fr.motocrossmag.be\\\/#website\"},\"primaryImageOfPage\":{\"@id\":\"https:\\\/\\\/fr.motocrossmag.be\\\/index.php\\\/2022\\\/08\\\/tom-vialle-on-sait-ce-quil-nous-reste-a-faire\\\/#primaryimage\"},\"image\":{\"@id\":\"https:\\\/\\\/fr.motocrossmag.be\\\/index.php\\\/2022\\\/08\\\/tom-vialle-on-sait-ce-quil-nous-reste-a-faire\\\/#primaryimage\"},\"thumbnailUrl\":\"https:\\\/\\\/fr.motocrossmag.be\\\/wp-content\\\/uploads\\\/2022\\\/08\\\/Tom-Vialle-KTM-250-SX-F-2022-Charente-Maritime3.jpg\",\"datePublished\":\"2022-08-23T16:30:38+00:00\",\"author\":{\"@id\":\"https:\\\/\\\/fr.motocrossmag.be\\\/#\\\/schema\\\/person\\\/11b47143d9f755babca2c9110e03235c\"},\"breadcrumb\":{\"@id\":\"https:\\\/\\\/fr.motocrossmag.be\\\/index.php\\\/2022\\\/08\\\/tom-vialle-on-sait-ce-quil-nous-reste-a-faire\\\/#breadcrumb\"},\"inLanguage\":\"fr-FR\",\"potentialAction\":[{\"@type\":\"ReadAction\",\"target\":[\"https:\\\/\\\/fr.motocrossmag.be\\\/index.php\\\/2022\\\/08\\\/tom-vialle-on-sait-ce-quil-nous-reste-a-faire\\\/\"]}]},{\"@type\":\"ImageObject\",\"inLanguage\":\"fr-FR\",\"@id\":\"https:\\\/\\\/fr.motocrossmag.be\\\/index.php\\\/2022\\\/08\\\/tom-vialle-on-sait-ce-quil-nous-reste-a-faire\\\/#primaryimage\",\"url\":\"https:\\\/\\\/fr.motocrossmag.be\\\/wp-content\\\/uploads\\\/2022\\\/08\\\/Tom-Vialle-KTM-250-SX-F-2022-Charente-Maritime3.jpg\",\"contentUrl\":\"https:\\\/\\\/fr.motocrossmag.be\\\/wp-content\\\/uploads\\\/2022\\\/08\\\/Tom-Vialle-KTM-250-SX-F-2022-Charente-Maritime3.jpg\",\"width\":\"1000\",\"height\":\"666\"},{\"@type\":\"BreadcrumbList\",\"@id\":\"https:\\\/\\\/fr.motocrossmag.be\\\/index.php\\\/2022\\\/08\\\/tom-vialle-on-sait-ce-quil-nous-reste-a-faire\\\/#breadcrumb\",\"itemListElement\":[{\"@type\":\"ListItem\",\"position\":1,\"name\":\"Accueil\",\"item\":\"https:\\\/\\\/fr.motocrossmag.be\\\/\"},{\"@type\":\"ListItem\",\"position\":2,\"name\":\"Tom Vialle : \u00ab\u00a0On sait ce qu&rsquo;il nous reste \u00e0 faire&#8230;\u00a0\u00bb\"}]},{\"@type\":\"WebSite\",\"@id\":\"https:\\\/\\\/fr.motocrossmag.be\\\/#website\",\"url\":\"https:\\\/\\\/fr.motocrossmag.be\\\/\",\"name\":\"Motocross - Enduro - Supermoto | MotocrossMag\",\"description\":\"L&#039;actualit\u00e9 du motocross, de l&#039;enduro et du Supermoto en ligne!\",\"potentialAction\":[{\"@type\":\"SearchAction\",\"target\":{\"@type\":\"EntryPoint\",\"urlTemplate\":\"https:\\\/\\\/fr.motocrossmag.be\\\/?s={search_term_string}\"},\"query-input\":{\"@type\":\"PropertyValueSpecification\",\"valueRequired\":true,\"valueName\":\"search_term_string\"}}],\"inLanguage\":\"fr-FR\"},{\"@type\":\"Person\",\"@id\":\"https:\\\/\\\/fr.motocrossmag.be\\\/#\\\/schema\\\/person\\\/11b47143d9f755babca2c9110e03235c\",\"name\":\"oliviere\",\"image\":{\"@type\":\"ImageObject\",\"inLanguage\":\"fr-FR\",\"@id\":\"https:\\\/\\\/secure.gravatar.com\\\/avatar\\\/907069e0b81d119452040469e4a7501da1100f54f7f80180ce77bfab718288f6?s=96&d=mm&r=g\",\"url\":\"https:\\\/\\\/secure.gravatar.com\\\/avatar\\\/907069e0b81d119452040469e4a7501da1100f54f7f80180ce77bfab718288f6?s=96&d=mm&r=g\",\"contentUrl\":\"https:\\\/\\\/secure.gravatar.com\\\/avatar\\\/907069e0b81d119452040469e4a7501da1100f54f7f80180ce77bfab718288f6?s=96&d=mm&r=g\",\"caption\":\"oliviere\"},\"sameAs\":[\"http:\\\/\\\/www.motocrossmag.be\"],\"url\":\"https:\\\/\\\/fr.motocrossmag.be\\\/index.php\\\/author\\\/oliviere\\\/\"}]}<\/script>\n<!-- \/ Yoast SEO plugin. -->","yoast_head_json":{"title":"Tom Vialle : \"On sait ce qu'il nous reste \u00e0 faire...\" - Motocross - Enduro - Supermoto | MotocrossMag","robots":{"index":"index","follow":"follow","max-snippet":"max-snippet:-1","max-image-preview":"max-image-preview:large","max-video-preview":"max-video-preview:-1"},"canonical":"https:\/\/fr.motocrossmag.be\/index.php\/2022\/08\/tom-vialle-on-sait-ce-quil-nous-reste-a-faire\/","og_locale":"fr_FR","og_type":"article","og_title":"Tom Vialle : \"On sait ce qu'il nous reste \u00e0 faire...\" - Motocross - Enduro - Supermoto | MotocrossMag","og_description":"Tom Vialle s&rsquo;appr\u00eate \u00e0 traverser l&rsquo;Atlantique pour tenter l&rsquo;aventure US d\u00e8s la saison prochaine. Et il pourrait le faire apr\u00e8s avoir conquis un second titre mondial MX2, ce qui serait [...]","og_url":"https:\/\/fr.motocrossmag.be\/index.php\/2022\/08\/tom-vialle-on-sait-ce-quil-nous-reste-a-faire\/","og_site_name":"Motocross - Enduro - Supermoto | MotocrossMag","article_published_time":"2022-08-23T16:30:38+00:00","og_image":[{"width":1000,"height":666,"url":"https:\/\/fr.motocrossmag.be\/wp-content\/uploads\/2022\/08\/Tom-Vialle-KTM-250-SX-F-2022-Charente-Maritime3.jpg","type":"image\/jpeg"}],"author":"oliviere","twitter_card":"summary_large_image","twitter_misc":{"\u00c9crit par":"oliviere","Dur\u00e9e de lecture estim\u00e9e":"2 minutes"},"schema":{"@context":"https:\/\/schema.org","@graph":[{"@type":"Article","@id":"https:\/\/fr.motocrossmag.be\/index.php\/2022\/08\/tom-vialle-on-sait-ce-quil-nous-reste-a-faire\/#article","isPartOf":{"@id":"https:\/\/fr.motocrossmag.be\/index.php\/2022\/08\/tom-vialle-on-sait-ce-quil-nous-reste-a-faire\/"},"author":{"name":"oliviere","@id":"https:\/\/fr.motocrossmag.be\/#\/schema\/person\/11b47143d9f755babca2c9110e03235c"},"headline":"Tom Vialle : \u00ab\u00a0On sait ce qu&rsquo;il nous reste \u00e0 faire&#8230;\u00a0\u00bb","datePublished":"2022-08-23T16:30:38+00:00","mainEntityOfPage":{"@id":"https:\/\/fr.motocrossmag.be\/index.php\/2022\/08\/tom-vialle-on-sait-ce-quil-nous-reste-a-faire\/"},"wordCount":447,"commentCount":0,"image":{"@id":"https:\/\/fr.motocrossmag.be\/index.php\/2022\/08\/tom-vialle-on-sait-ce-quil-nous-reste-a-faire\/#primaryimage"},"thumbnailUrl":"https:\/\/fr.motocrossmag.be\/wp-content\/uploads\/2022\/08\/Tom-Vialle-KTM-250-SX-F-2022-Charente-Maritime3.jpg","keywords":["Jago Geerts","Motocross","MXGP","tom vialle"],"articleSection":["Actualit\u00e9","Interviews","Interviews -all","Motocross","Motocross MXGP","News","News","Slideshow"],"inLanguage":"fr-FR","potentialAction":[{"@type":"CommentAction","name":"Comment","target":["https:\/\/fr.motocrossmag.be\/index.php\/2022\/08\/tom-vialle-on-sait-ce-quil-nous-reste-a-faire\/#respond"]}]},{"@type":"WebPage","@id":"https:\/\/fr.motocrossmag.be\/index.php\/2022\/08\/tom-vialle-on-sait-ce-quil-nous-reste-a-faire\/","url":"https:\/\/fr.motocrossmag.be\/index.php\/2022\/08\/tom-vialle-on-sait-ce-quil-nous-reste-a-faire\/","name":"Tom Vialle : \"On sait ce qu'il nous reste \u00e0 faire...\" - Motocross - Enduro - Supermoto | MotocrossMag","isPartOf":{"@id":"https:\/\/fr.motocrossmag.be\/#website"},"primaryImageOfPage":{"@id":"https:\/\/fr.motocrossmag.be\/index.php\/2022\/08\/tom-vialle-on-sait-ce-quil-nous-reste-a-faire\/#primaryimage"},"image":{"@id":"https:\/\/fr.motocrossmag.be\/index.php\/2022\/08\/tom-vialle-on-sait-ce-quil-nous-reste-a-faire\/#primaryimage"},"thumbnailUrl":"https:\/\/fr.motocrossmag.be\/wp-content\/uploads\/2022\/08\/Tom-Vialle-KTM-250-SX-F-2022-Charente-Maritime3.jpg","datePublished":"2022-08-23T16:30:38+00:00","author":{"@id":"https:\/\/fr.motocrossmag.be\/#\/schema\/person\/11b47143d9f755babca2c9110e03235c"},"breadcrumb":{"@id":"https:\/\/fr.motocrossmag.be\/index.php\/2022\/08\/tom-vialle-on-sait-ce-quil-nous-reste-a-faire\/#breadcrumb"},"inLanguage":"fr-FR","potentialAction":[{"@type":"ReadAction","target":["https:\/\/fr.motocrossmag.be\/index.php\/2022\/08\/tom-vialle-on-sait-ce-quil-nous-reste-a-faire\/"]}]},{"@type":"ImageObject","inLanguage":"fr-FR","@id":"https:\/\/fr.motocrossmag.be\/index.php\/2022\/08\/tom-vialle-on-sait-ce-quil-nous-reste-a-faire\/#primaryimage","url":"https:\/\/fr.motocrossmag.be\/wp-content\/uploads\/2022\/08\/Tom-Vialle-KTM-250-SX-F-2022-Charente-Maritime3.jpg","contentUrl":"https:\/\/fr.motocrossmag.be\/wp-content\/uploads\/2022\/08\/Tom-Vialle-KTM-250-SX-F-2022-Charente-Maritime3.jpg","width":"1000","height":"666"},{"@type":"BreadcrumbList","@id":"https:\/\/fr.motocrossmag.be\/index.php\/2022\/08\/tom-vialle-on-sait-ce-quil-nous-reste-a-faire\/#breadcrumb","itemListElement":[{"@type":"ListItem","position":1,"name":"Accueil","item":"https:\/\/fr.motocrossmag.be\/"},{"@type":"ListItem","position":2,"name":"Tom Vialle : \u00ab\u00a0On sait ce qu&rsquo;il nous reste \u00e0 faire&#8230;\u00a0\u00bb"}]},{"@type":"WebSite","@id":"https:\/\/fr.motocrossmag.be\/#website","url":"https:\/\/fr.motocrossmag.be\/","name":"Motocross - Enduro - Supermoto | MotocrossMag","description":"L&#039;actualit\u00e9 du motocross, de l&#039;enduro et du Supermoto en ligne!","potentialAction":[{"@type":"SearchAction","target":{"@type":"EntryPoint","urlTemplate":"https:\/\/fr.motocrossmag.be\/?s={search_term_string}"},"query-input":{"@type":"PropertyValueSpecification","valueRequired":true,"valueName":"search_term_string"}}],"inLanguage":"fr-FR"},{"@type":"Person","@id":"https:\/\/fr.motocrossmag.be\/#\/schema\/person\/11b47143d9f755babca2c9110e03235c","name":"oliviere","image":{"@type":"ImageObject","inLanguage":"fr-FR","@id":"https:\/\/secure.gravatar.com\/avatar\/907069e0b81d119452040469e4a7501da1100f54f7f80180ce77bfab718288f6?s=96&d=mm&r=g","url":"https:\/\/secure.gravatar.com\/avatar\/907069e0b81d119452040469e4a7501da1100f54f7f80180ce77bfab718288f6?s=96&d=mm&r=g","contentUrl":"https:\/\/secure.gravatar.com\/avatar\/907069e0b81d119452040469e4a7501da1100f54f7f80180ce77bfab718288f6?s=96&d=mm&r=g","caption":"oliviere"},"sameAs":["http:\/\/www.motocrossmag.be"],"url":"https:\/\/fr.motocrossmag.be\/index.php\/author\/oliviere\/"}]}},"_links":{"self":[{"href":"https:\/\/fr.motocrossmag.be\/index.php\/wp-json\/wp\/v2\/posts\/120276","targetHints":{"allow":["GET"]}}],"collection":[{"href":"https:\/\/fr.motocrossmag.be\/index.php\/wp-json\/wp\/v2\/posts"}],"about":[{"href":"https:\/\/fr.motocrossmag.be\/index.php\/wp-json\/wp\/v2\/types\/post"}],"author":[{"embeddable":true,"href":"https:\/\/fr.motocrossmag.be\/index.php\/wp-json\/wp\/v2\/users\/932"}],"replies":[{"embeddable":true,"href":"https:\/\/fr.motocrossmag.be\/index.php\/wp-json\/wp\/v2\/comments?post=120276"}],"version-history":[{"count":0,"href":"https:\/\/fr.motocrossmag.be\/index.php\/wp-json\/wp\/v2\/posts\/120276\/revisions"}],"wp:featuredmedia":[{"embeddable":true,"href":"https:\/\/fr.motocrossmag.be\/index.php\/wp-json\/wp\/v2\/media\/120278"}],"wp:attachment":[{"href":"https:\/\/fr.motocrossmag.be\/index.php\/wp-json\/wp\/v2\/media?parent=120276"}],"wp:term":[{"taxonomy":"category","embeddable":true,"href":"https:\/\/fr.motocrossmag.be\/index.php\/wp-json\/wp\/v2\/categories?post=120276"},{"taxonomy":"post_tag","embeddable":true,"href":"https:\/\/fr.motocrossmag.be\/index.php\/wp-json\/wp\/v2\/tags?post=120276"}],"curies":[{"name":"wp","href":"https:\/\/api.w.org\/{rel}","templated":true}]}}