{"id":120280,"date":"2022-08-22T18:49:39","date_gmt":"2022-08-22T16:49:39","guid":{"rendered":"http:\/\/fr.motocrossmag.be\/?p=120280"},"modified":"2022-08-23T09:00:11","modified_gmt":"2022-08-23T07:00:11","slug":"mx-des-nations-brent-van-doninck-pour-remplacer-jeremy-van-horebeek-a-redbud","status":"publish","type":"post","link":"https:\/\/fr.motocrossmag.be\/index.php\/2022\/08\/mx-des-nations-brent-van-doninck-pour-remplacer-jeremy-van-horebeek-a-redbud\/","title":{"rendered":"MX des Nations : Brent Van Doninck pour remplacer Jeremy Van Horebeek \u00e0 RedBud ?"},"content":{"rendered":"<p><strong>S\u00e9lectionn\u00e9 aux c\u00f4t\u00e9s de Jago Geerts et de Liam Everts pour repr\u00e9senter la Belgique sur le Motocross des Nations les 24 et 25 septembre prochains \u00e0 RedBud, Jeremy Van Horebeek a chut\u00e9 lourdement dans la premi\u00e8re manche du GP de Saint-Jean-d&rsquo;Ang\u00e9ly ce week-end.\u00a0<\/strong><\/p>\n<p>Des c\u00f4tes cass\u00e9es, un h\u00e9matome et un nerf coinc\u00e9 dans l&rsquo;\u00e9paule qui lui fait perdre une bonne part de la sensibilit\u00e9 dans la main sont le premier bilan des examens m\u00e9dicaux pratiqu\u00e9s sur place. Van Horebeek doit rester en observation encore quelques jours en France avant de pouvoir revenir en Belgique.<\/p>\n<p>Un \u00e9v\u00e9nement qui contrarie les plans du s\u00e9lectionneur national Johan Boonen qui comptait sur l&rsquo;exp\u00e9rience du pilote Beta pour emmener l&rsquo;\u00e9quipe belge \u00e0 RedBud. Sans savoir si Van Horebeek sera ou non disponible le dernier week-end de septembre, Boonen a pris les devants et a contact\u00e9 Brent Van Doninck pour v\u00e9rifier aupr\u00e8s du pilote Yamaha s&rsquo;il \u00e9tait envisageable qu&rsquo;il remplace Van Horebeek au pied lev\u00e9 \u00e0 RedBud. Van Doninck a r\u00e9pondu par l&rsquo;affirmative, se disant tr\u00e8s motiv\u00e9 \u00e0 l&rsquo;id\u00e9e de participer une nouvelle fois au Motocross des Nations sous les couleurs belges.<\/p>\n<p>Le pilote Yamaha pourrait donc \u00eatre aux c\u00f4t\u00e9s de Geerts et Everts \u00e0 RedBud. Cependant, Johan Boonen ne veut pas prendre de d\u00e9cision pr\u00e9cipit\u00e9e et attendra donc d&rsquo;y voir plus clair avec la situation de Van Horebeek avant de modifier sa s\u00e9lection.<\/p>\n","protected":false},"excerpt":{"rendered":"<p>S\u00e9lectionn\u00e9 aux c\u00f4t\u00e9s de Jago Geerts et de Liam Everts pour repr\u00e9senter la Belgique sur le Motocross des Nations les 24 et 25 septembre prochains \u00e0 RedBud, Jeremy Van Horebeek [&#8230;]<\/p>\n","protected":false},"author":932,"featured_media":107130,"comment_status":"open","ping_status":"closed","sticky":false,"template":"","format":"standard","meta":{"footnotes":""},"categories":[54,4,6,74,5,55,65],"tags":[906,947,291,568,288],"class_list":["post-120280","post","type-post","status-publish","format-standard","has-post-thumbnail","hentry","category-actualite","category-motocross","category-mx1mx2","category-mx-des-nations","category-news","category-news-actualite","category-slideshow","tag-brent-van-doninck","tag-motocross","tag-motocross-des-nations","tag-mxgp","tag-mxon"],"yoast_head":"<!-- This site is optimized with the Yoast SEO plugin v27.4 - https:\/\/yoast.com\/product\/yoast-seo-wordpress\/ -->\n<title>MX des Nations : Brent Van Doninck pour remplacer Jeremy Van Horebeek \u00e0 RedBud ? - Motocross - Enduro - Supermoto | MotocrossMag<\/title>\n<meta name=\"robots\" content=\"index, follow, max-snippet:-1, max-image-preview:large, max-video-preview:-1\" \/>\n<link rel=\"canonical\" href=\"https:\/\/fr.motocrossmag.be\/index.php\/2022\/08\/mx-des-nations-brent-van-doninck-pour-remplacer-jeremy-van-horebeek-a-redbud\/\" \/>\n<meta property=\"og:locale\" content=\"fr_FR\" \/>\n<meta property=\"og:type\" content=\"article\" \/>\n<meta property=\"og:title\" content=\"MX des Nations : Brent Van Doninck pour remplacer Jeremy Van Horebeek \u00e0 RedBud ? - Motocross - Enduro - Supermoto | MotocrossMag\" \/>\n<meta property=\"og:description\" content=\"S\u00e9lectionn\u00e9 aux c\u00f4t\u00e9s de Jago Geerts et de Liam Everts pour repr\u00e9senter la Belgique sur le Motocross des Nations les 24 et 25 septembre prochains \u00e0 RedBud, Jeremy Van Horebeek [...]\" \/>\n<meta property=\"og:url\" content=\"https:\/\/fr.motocrossmag.be\/index.php\/2022\/08\/mx-des-nations-brent-van-doninck-pour-remplacer-jeremy-van-horebeek-a-redbud\/\" \/>\n<meta property=\"og:site_name\" content=\"Motocross - Enduro - Supermoto | MotocrossMag\" \/>\n<meta property=\"article:published_time\" content=\"2022-08-22T16:49:39+00:00\" \/>\n<meta property=\"article:modified_time\" content=\"2022-08-23T07:00:11+00:00\" \/>\n<meta property=\"og:image\" content=\"https:\/\/fr.motocrossmag.be\/wp-content\/uploads\/2020\/11\/van-doninck-brent-yamaha.jpg\" \/>\n\t<meta property=\"og:image:width\" content=\"800\" \/>\n\t<meta property=\"og:image:height\" content=\"533\" \/>\n\t<meta property=\"og:image:type\" content=\"image\/jpeg\" \/>\n<meta name=\"author\" content=\"oliviere\" \/>\n<meta name=\"twitter:card\" content=\"summary_large_image\" \/>\n<meta name=\"twitter:label1\" content=\"\u00c9crit par\" \/>\n\t<meta name=\"twitter:data1\" content=\"oliviere\" \/>\n\t<meta name=\"twitter:label2\" content=\"Dur\u00e9e de lecture estim\u00e9e\" \/>\n\t<meta name=\"twitter:data2\" content=\"1 minute\" \/>\n<script type=\"application\/ld+json\" class=\"yoast-schema-graph\">{\"@context\":\"https:\\\/\\\/schema.org\",\"@graph\":[{\"@type\":\"Article\",\"@id\":\"https:\\\/\\\/fr.motocrossmag.be\\\/index.php\\\/2022\\\/08\\\/mx-des-nations-brent-van-doninck-pour-remplacer-jeremy-van-horebeek-a-redbud\\\/#article\",\"isPartOf\":{\"@id\":\"https:\\\/\\\/fr.motocrossmag.be\\\/index.php\\\/2022\\\/08\\\/mx-des-nations-brent-van-doninck-pour-remplacer-jeremy-van-horebeek-a-redbud\\\/\"},\"author\":{\"name\":\"oliviere\",\"@id\":\"https:\\\/\\\/fr.motocrossmag.be\\\/#\\\/schema\\\/person\\\/11b47143d9f755babca2c9110e03235c\"},\"headline\":\"MX des Nations : Brent Van Doninck pour remplacer Jeremy Van Horebeek \u00e0 RedBud ?\",\"datePublished\":\"2022-08-22T16:49:39+00:00\",\"dateModified\":\"2022-08-23T07:00:11+00:00\",\"mainEntityOfPage\":{\"@id\":\"https:\\\/\\\/fr.motocrossmag.be\\\/index.php\\\/2022\\\/08\\\/mx-des-nations-brent-van-doninck-pour-remplacer-jeremy-van-horebeek-a-redbud\\\/\"},\"wordCount\":267,\"commentCount\":0,\"image\":{\"@id\":\"https:\\\/\\\/fr.motocrossmag.be\\\/index.php\\\/2022\\\/08\\\/mx-des-nations-brent-van-doninck-pour-remplacer-jeremy-van-horebeek-a-redbud\\\/#primaryimage\"},\"thumbnailUrl\":\"https:\\\/\\\/fr.motocrossmag.be\\\/wp-content\\\/uploads\\\/2020\\\/11\\\/van-doninck-brent-yamaha.jpg\",\"keywords\":[\"Brent Van Doninck\",\"Motocross\",\"motocross des nations\",\"MXGP\",\"mxon\"],\"articleSection\":[\"Actualit\u00e9\",\"Motocross\",\"Motocross MXGP\",\"MX des Nations\",\"News\",\"News\",\"Slideshow\"],\"inLanguage\":\"fr-FR\",\"potentialAction\":[{\"@type\":\"CommentAction\",\"name\":\"Comment\",\"target\":[\"https:\\\/\\\/fr.motocrossmag.be\\\/index.php\\\/2022\\\/08\\\/mx-des-nations-brent-van-doninck-pour-remplacer-jeremy-van-horebeek-a-redbud\\\/#respond\"]}]},{\"@type\":\"WebPage\",\"@id\":\"https:\\\/\\\/fr.motocrossmag.be\\\/index.php\\\/2022\\\/08\\\/mx-des-nations-brent-van-doninck-pour-remplacer-jeremy-van-horebeek-a-redbud\\\/\",\"url\":\"https:\\\/\\\/fr.motocrossmag.be\\\/index.php\\\/2022\\\/08\\\/mx-des-nations-brent-van-doninck-pour-remplacer-jeremy-van-horebeek-a-redbud\\\/\",\"name\":\"MX des Nations : Brent Van Doninck pour remplacer Jeremy Van Horebeek \u00e0 RedBud ? - Motocross - Enduro - Supermoto | MotocrossMag\",\"isPartOf\":{\"@id\":\"https:\\\/\\\/fr.motocrossmag.be\\\/#website\"},\"primaryImageOfPage\":{\"@id\":\"https:\\\/\\\/fr.motocrossmag.be\\\/index.php\\\/2022\\\/08\\\/mx-des-nations-brent-van-doninck-pour-remplacer-jeremy-van-horebeek-a-redbud\\\/#primaryimage\"},\"image\":{\"@id\":\"https:\\\/\\\/fr.motocrossmag.be\\\/index.php\\\/2022\\\/08\\\/mx-des-nations-brent-van-doninck-pour-remplacer-jeremy-van-horebeek-a-redbud\\\/#primaryimage\"},\"thumbnailUrl\":\"https:\\\/\\\/fr.motocrossmag.be\\\/wp-content\\\/uploads\\\/2020\\\/11\\\/van-doninck-brent-yamaha.jpg\",\"datePublished\":\"2022-08-22T16:49:39+00:00\",\"dateModified\":\"2022-08-23T07:00:11+00:00\",\"author\":{\"@id\":\"https:\\\/\\\/fr.motocrossmag.be\\\/#\\\/schema\\\/person\\\/11b47143d9f755babca2c9110e03235c\"},\"breadcrumb\":{\"@id\":\"https:\\\/\\\/fr.motocrossmag.be\\\/index.php\\\/2022\\\/08\\\/mx-des-nations-brent-van-doninck-pour-remplacer-jeremy-van-horebeek-a-redbud\\\/#breadcrumb\"},\"inLanguage\":\"fr-FR\",\"potentialAction\":[{\"@type\":\"ReadAction\",\"target\":[\"https:\\\/\\\/fr.motocrossmag.be\\\/index.php\\\/2022\\\/08\\\/mx-des-nations-brent-van-doninck-pour-remplacer-jeremy-van-horebeek-a-redbud\\\/\"]}]},{\"@type\":\"ImageObject\",\"inLanguage\":\"fr-FR\",\"@id\":\"https:\\\/\\\/fr.motocrossmag.be\\\/index.php\\\/2022\\\/08\\\/mx-des-nations-brent-van-doninck-pour-remplacer-jeremy-van-horebeek-a-redbud\\\/#primaryimage\",\"url\":\"https:\\\/\\\/fr.motocrossmag.be\\\/wp-content\\\/uploads\\\/2020\\\/11\\\/van-doninck-brent-yamaha.jpg\",\"contentUrl\":\"https:\\\/\\\/fr.motocrossmag.be\\\/wp-content\\\/uploads\\\/2020\\\/11\\\/van-doninck-brent-yamaha.jpg\",\"width\":800,\"height\":533},{\"@type\":\"BreadcrumbList\",\"@id\":\"https:\\\/\\\/fr.motocrossmag.be\\\/index.php\\\/2022\\\/08\\\/mx-des-nations-brent-van-doninck-pour-remplacer-jeremy-van-horebeek-a-redbud\\\/#breadcrumb\",\"itemListElement\":[{\"@type\":\"ListItem\",\"position\":1,\"name\":\"Accueil\",\"item\":\"https:\\\/\\\/fr.motocrossmag.be\\\/\"},{\"@type\":\"ListItem\",\"position\":2,\"name\":\"MX des Nations : Brent Van Doninck pour remplacer Jeremy Van Horebeek \u00e0 RedBud ?\"}]},{\"@type\":\"WebSite\",\"@id\":\"https:\\\/\\\/fr.motocrossmag.be\\\/#website\",\"url\":\"https:\\\/\\\/fr.motocrossmag.be\\\/\",\"name\":\"Motocross - Enduro - Supermoto | MotocrossMag\",\"description\":\"L&#039;actualit\u00e9 du motocross, de l&#039;enduro et du Supermoto en ligne!\",\"potentialAction\":[{\"@type\":\"SearchAction\",\"target\":{\"@type\":\"EntryPoint\",\"urlTemplate\":\"https:\\\/\\\/fr.motocrossmag.be\\\/?s={search_term_string}\"},\"query-input\":{\"@type\":\"PropertyValueSpecification\",\"valueRequired\":true,\"valueName\":\"search_term_string\"}}],\"inLanguage\":\"fr-FR\"},{\"@type\":\"Person\",\"@id\":\"https:\\\/\\\/fr.motocrossmag.be\\\/#\\\/schema\\\/person\\\/11b47143d9f755babca2c9110e03235c\",\"name\":\"oliviere\",\"image\":{\"@type\":\"ImageObject\",\"inLanguage\":\"fr-FR\",\"@id\":\"https:\\\/\\\/secure.gravatar.com\\\/avatar\\\/907069e0b81d119452040469e4a7501da1100f54f7f80180ce77bfab718288f6?s=96&d=mm&r=g\",\"url\":\"https:\\\/\\\/secure.gravatar.com\\\/avatar\\\/907069e0b81d119452040469e4a7501da1100f54f7f80180ce77bfab718288f6?s=96&d=mm&r=g\",\"contentUrl\":\"https:\\\/\\\/secure.gravatar.com\\\/avatar\\\/907069e0b81d119452040469e4a7501da1100f54f7f80180ce77bfab718288f6?s=96&d=mm&r=g\",\"caption\":\"oliviere\"},\"sameAs\":[\"http:\\\/\\\/www.motocrossmag.be\"],\"url\":\"https:\\\/\\\/fr.motocrossmag.be\\\/index.php\\\/author\\\/oliviere\\\/\"}]}<\/script>\n<!-- \/ Yoast SEO plugin. -->","yoast_head_json":{"title":"MX des Nations : Brent Van Doninck pour remplacer Jeremy Van Horebeek \u00e0 RedBud ? - Motocross - Enduro - Supermoto | MotocrossMag","robots":{"index":"index","follow":"follow","max-snippet":"max-snippet:-1","max-image-preview":"max-image-preview:large","max-video-preview":"max-video-preview:-1"},"canonical":"https:\/\/fr.motocrossmag.be\/index.php\/2022\/08\/mx-des-nations-brent-van-doninck-pour-remplacer-jeremy-van-horebeek-a-redbud\/","og_locale":"fr_FR","og_type":"article","og_title":"MX des Nations : Brent Van Doninck pour remplacer Jeremy Van Horebeek \u00e0 RedBud ? - Motocross - Enduro - Supermoto | MotocrossMag","og_description":"S\u00e9lectionn\u00e9 aux c\u00f4t\u00e9s de Jago Geerts et de Liam Everts pour repr\u00e9senter la Belgique sur le Motocross des Nations les 24 et 25 septembre prochains \u00e0 RedBud, Jeremy Van Horebeek [...]","og_url":"https:\/\/fr.motocrossmag.be\/index.php\/2022\/08\/mx-des-nations-brent-van-doninck-pour-remplacer-jeremy-van-horebeek-a-redbud\/","og_site_name":"Motocross - Enduro - Supermoto | MotocrossMag","article_published_time":"2022-08-22T16:49:39+00:00","article_modified_time":"2022-08-23T07:00:11+00:00","og_image":[{"width":800,"height":533,"url":"https:\/\/fr.motocrossmag.be\/wp-content\/uploads\/2020\/11\/van-doninck-brent-yamaha.jpg","type":"image\/jpeg"}],"author":"oliviere","twitter_card":"summary_large_image","twitter_misc":{"\u00c9crit par":"oliviere","Dur\u00e9e de lecture estim\u00e9e":"1 minute"},"schema":{"@context":"https:\/\/schema.org","@graph":[{"@type":"Article","@id":"https:\/\/fr.motocrossmag.be\/index.php\/2022\/08\/mx-des-nations-brent-van-doninck-pour-remplacer-jeremy-van-horebeek-a-redbud\/#article","isPartOf":{"@id":"https:\/\/fr.motocrossmag.be\/index.php\/2022\/08\/mx-des-nations-brent-van-doninck-pour-remplacer-jeremy-van-horebeek-a-redbud\/"},"author":{"name":"oliviere","@id":"https:\/\/fr.motocrossmag.be\/#\/schema\/person\/11b47143d9f755babca2c9110e03235c"},"headline":"MX des Nations : Brent Van Doninck pour remplacer Jeremy Van Horebeek \u00e0 RedBud ?","datePublished":"2022-08-22T16:49:39+00:00","dateModified":"2022-08-23T07:00:11+00:00","mainEntityOfPage":{"@id":"https:\/\/fr.motocrossmag.be\/index.php\/2022\/08\/mx-des-nations-brent-van-doninck-pour-remplacer-jeremy-van-horebeek-a-redbud\/"},"wordCount":267,"commentCount":0,"image":{"@id":"https:\/\/fr.motocrossmag.be\/index.php\/2022\/08\/mx-des-nations-brent-van-doninck-pour-remplacer-jeremy-van-horebeek-a-redbud\/#primaryimage"},"thumbnailUrl":"https:\/\/fr.motocrossmag.be\/wp-content\/uploads\/2020\/11\/van-doninck-brent-yamaha.jpg","keywords":["Brent Van Doninck","Motocross","motocross des nations","MXGP","mxon"],"articleSection":["Actualit\u00e9","Motocross","Motocross MXGP","MX des Nations","News","News","Slideshow"],"inLanguage":"fr-FR","potentialAction":[{"@type":"CommentAction","name":"Comment","target":["https:\/\/fr.motocrossmag.be\/index.php\/2022\/08\/mx-des-nations-brent-van-doninck-pour-remplacer-jeremy-van-horebeek-a-redbud\/#respond"]}]},{"@type":"WebPage","@id":"https:\/\/fr.motocrossmag.be\/index.php\/2022\/08\/mx-des-nations-brent-van-doninck-pour-remplacer-jeremy-van-horebeek-a-redbud\/","url":"https:\/\/fr.motocrossmag.be\/index.php\/2022\/08\/mx-des-nations-brent-van-doninck-pour-remplacer-jeremy-van-horebeek-a-redbud\/","name":"MX des Nations : Brent Van Doninck pour remplacer Jeremy Van Horebeek \u00e0 RedBud ? - Motocross - Enduro - Supermoto | MotocrossMag","isPartOf":{"@id":"https:\/\/fr.motocrossmag.be\/#website"},"primaryImageOfPage":{"@id":"https:\/\/fr.motocrossmag.be\/index.php\/2022\/08\/mx-des-nations-brent-van-doninck-pour-remplacer-jeremy-van-horebeek-a-redbud\/#primaryimage"},"image":{"@id":"https:\/\/fr.motocrossmag.be\/index.php\/2022\/08\/mx-des-nations-brent-van-doninck-pour-remplacer-jeremy-van-horebeek-a-redbud\/#primaryimage"},"thumbnailUrl":"https:\/\/fr.motocrossmag.be\/wp-content\/uploads\/2020\/11\/van-doninck-brent-yamaha.jpg","datePublished":"2022-08-22T16:49:39+00:00","dateModified":"2022-08-23T07:00:11+00:00","author":{"@id":"https:\/\/fr.motocrossmag.be\/#\/schema\/person\/11b47143d9f755babca2c9110e03235c"},"breadcrumb":{"@id":"https:\/\/fr.motocrossmag.be\/index.php\/2022\/08\/mx-des-nations-brent-van-doninck-pour-remplacer-jeremy-van-horebeek-a-redbud\/#breadcrumb"},"inLanguage":"fr-FR","potentialAction":[{"@type":"ReadAction","target":["https:\/\/fr.motocrossmag.be\/index.php\/2022\/08\/mx-des-nations-brent-van-doninck-pour-remplacer-jeremy-van-horebeek-a-redbud\/"]}]},{"@type":"ImageObject","inLanguage":"fr-FR","@id":"https:\/\/fr.motocrossmag.be\/index.php\/2022\/08\/mx-des-nations-brent-van-doninck-pour-remplacer-jeremy-van-horebeek-a-redbud\/#primaryimage","url":"https:\/\/fr.motocrossmag.be\/wp-content\/uploads\/2020\/11\/van-doninck-brent-yamaha.jpg","contentUrl":"https:\/\/fr.motocrossmag.be\/wp-content\/uploads\/2020\/11\/van-doninck-brent-yamaha.jpg","width":800,"height":533},{"@type":"BreadcrumbList","@id":"https:\/\/fr.motocrossmag.be\/index.php\/2022\/08\/mx-des-nations-brent-van-doninck-pour-remplacer-jeremy-van-horebeek-a-redbud\/#breadcrumb","itemListElement":[{"@type":"ListItem","position":1,"name":"Accueil","item":"https:\/\/fr.motocrossmag.be\/"},{"@type":"ListItem","position":2,"name":"MX des Nations : Brent Van Doninck pour remplacer Jeremy Van Horebeek \u00e0 RedBud ?"}]},{"@type":"WebSite","@id":"https:\/\/fr.motocrossmag.be\/#website","url":"https:\/\/fr.motocrossmag.be\/","name":"Motocross - Enduro - Supermoto | MotocrossMag","description":"L&#039;actualit\u00e9 du motocross, de l&#039;enduro et du Supermoto en ligne!","potentialAction":[{"@type":"SearchAction","target":{"@type":"EntryPoint","urlTemplate":"https:\/\/fr.motocrossmag.be\/?s={search_term_string}"},"query-input":{"@type":"PropertyValueSpecification","valueRequired":true,"valueName":"search_term_string"}}],"inLanguage":"fr-FR"},{"@type":"Person","@id":"https:\/\/fr.motocrossmag.be\/#\/schema\/person\/11b47143d9f755babca2c9110e03235c","name":"oliviere","image":{"@type":"ImageObject","inLanguage":"fr-FR","@id":"https:\/\/secure.gravatar.com\/avatar\/907069e0b81d119452040469e4a7501da1100f54f7f80180ce77bfab718288f6?s=96&d=mm&r=g","url":"https:\/\/secure.gravatar.com\/avatar\/907069e0b81d119452040469e4a7501da1100f54f7f80180ce77bfab718288f6?s=96&d=mm&r=g","contentUrl":"https:\/\/secure.gravatar.com\/avatar\/907069e0b81d119452040469e4a7501da1100f54f7f80180ce77bfab718288f6?s=96&d=mm&r=g","caption":"oliviere"},"sameAs":["http:\/\/www.motocrossmag.be"],"url":"https:\/\/fr.motocrossmag.be\/index.php\/author\/oliviere\/"}]}},"_links":{"self":[{"href":"https:\/\/fr.motocrossmag.be\/index.php\/wp-json\/wp\/v2\/posts\/120280","targetHints":{"allow":["GET"]}}],"collection":[{"href":"https:\/\/fr.motocrossmag.be\/index.php\/wp-json\/wp\/v2\/posts"}],"about":[{"href":"https:\/\/fr.motocrossmag.be\/index.php\/wp-json\/wp\/v2\/types\/post"}],"author":[{"embeddable":true,"href":"https:\/\/fr.motocrossmag.be\/index.php\/wp-json\/wp\/v2\/users\/932"}],"replies":[{"embeddable":true,"href":"https:\/\/fr.motocrossmag.be\/index.php\/wp-json\/wp\/v2\/comments?post=120280"}],"version-history":[{"count":0,"href":"https:\/\/fr.motocrossmag.be\/index.php\/wp-json\/wp\/v2\/posts\/120280\/revisions"}],"wp:featuredmedia":[{"embeddable":true,"href":"https:\/\/fr.motocrossmag.be\/index.php\/wp-json\/wp\/v2\/media\/107130"}],"wp:attachment":[{"href":"https:\/\/fr.motocrossmag.be\/index.php\/wp-json\/wp\/v2\/media?parent=120280"}],"wp:term":[{"taxonomy":"category","embeddable":true,"href":"https:\/\/fr.motocrossmag.be\/index.php\/wp-json\/wp\/v2\/categories?post=120280"},{"taxonomy":"post_tag","embeddable":true,"href":"https:\/\/fr.motocrossmag.be\/index.php\/wp-json\/wp\/v2\/tags?post=120280"}],"curies":[{"name":"wp","href":"https:\/\/api.w.org\/{rel}","templated":true}]}}