{"id":120283,"date":"2022-08-23T18:52:58","date_gmt":"2022-08-23T16:52:58","guid":{"rendered":"http:\/\/fr.motocrossmag.be\/?p=120283"},"modified":"2022-08-23T18:52:58","modified_gmt":"2022-08-23T16:52:58","slug":"le-trophee-875-renaitra-de-ses-cendres-a-orp-ce-week-end","status":"publish","type":"post","link":"https:\/\/fr.motocrossmag.be\/index.php\/2022\/08\/le-trophee-875-renaitra-de-ses-cendres-a-orp-ce-week-end\/","title":{"rendered":"Le Troph\u00e9e 875 rena\u00eetra de ses cendres \u00e0 Orp ce week-end !"},"content":{"rendered":"<p><strong><span class=\"TextRun SCXW221055711 BCX0\" lang=\"FR-FR\" xml:lang=\"FR-FR\" data-contrast=\"auto\"><span class=\"NormalTextRun SCXW221055711 BCX0\">Ce week-end, Orp retrouvera son fameux \u201cTroph\u00e9e 875\u201d. Ce nouveau rendez-vous au calendrier motocross vintage jouit d\u00e9j\u00e0 d\u2019un rayonnement international et sera un des points culminants de la saison 2022, \u00e0 n&rsquo;en pas douter. Rendez-vous ces <\/span><span class=\"NormalTextRun SCXW221055711 BCX0\">27 et 28 ao\u00fbt aux abords du mythique circuit \u00ab\u00a0de la Petite Gette\u00a0\u00bb !<\/span><\/span><\/strong><\/p>\n<p><span class=\"TextRun SCXW210330292 BCX0\" lang=\"FR-FR\" xml:lang=\"FR-FR\" data-contrast=\"auto\"><span class=\"NormalTextRun SCXW210330292 BCX0\">Il s\u2019agit de la v\u00e9ritable renaissance de l\u2019\u00e9preuve mythique d\u2019antan, du m\u00eame nom, qui se d\u00e9roulait sur le m\u00eame Circuit de la Petite\u00a0<\/span><span class=\"NormalTextRun SpellingErrorV2Themed SCXW210330292 BCX0\">Gette<\/span><span class=\"NormalTextRun SCXW210330292 BCX0\">, \u00e0\u00a0<\/span><span class=\"NormalTextRun SpellingErrorV2Themed SCXW210330292 BCX0\">Orp<\/span><span class=\"NormalTextRun SCXW210330292 BCX0\">\u2013<\/span><span class=\"NormalTextRun SpellingErrorV2Themed SCXW210330292 BCX0\">Le-Grand<\/span><span class=\"NormalTextRun SCXW210330292 BCX0\">\u00a0et auquel ont particip\u00e9 bien des champions qui ont marqu\u00e9 l&rsquo;histoire du motocross belge et international.<\/span><\/span><\/p>\n<p>&nbsp;<\/p>\n<p><img decoding=\"async\" class=\"lazyload wp-image-38003 aligncenter\" src=\"https:\/\/www.mxvintage.be\/wp-content\/uploads\/2022\/08\/Montage-affiches-400x281.jpg\" data-orig-src=\"https:\/\/www.mxvintage.be\/wp-content\/uploads\/2022\/08\/Montage-affiches-400x281.jpg\" data-sizes=\"auto\" data-orig-sizes=\"(max-width: 630px) 100vw, 630px\" srcset=\"data:image\/svg+xml,%3Csvg%20xmlns%3D%27http%3A%2F%2Fwww.w3.org%2F2000%2Fsvg%27%20width%3D%27630%27%20height%3D%27442%27%20viewBox%3D%270%200%20630%20442%27%3E%3Crect%20width%3D%27630%27%20height%3D%27442%27%20fill-opacity%3D%220%22%2F%3E%3C%2Fsvg%3E\" data-srcset=\"https:\/\/www.mxvintage.be\/wp-content\/uploads\/2022\/08\/Montage-affiches-400x281.jpg 400w, https:\/\/www.mxvintage.be\/wp-content\/uploads\/2022\/08\/Montage-affiches-768x540.jpg 768w, https:\/\/www.mxvintage.be\/wp-content\/uploads\/2022\/08\/Montage-affiches-1024x720.jpg 1024w, https:\/\/www.mxvintage.be\/wp-content\/uploads\/2022\/08\/Montage-affiches.jpg 1197w\" alt=\"\" width=\"630\" height=\"442\" \/><\/p>\n<p>&nbsp;<\/p>\n<p><span class=\"TextRun SCXW209513936 BCX0\" lang=\"FR-FR\" xml:lang=\"FR-FR\" data-contrast=\"auto\"><span class=\"NormalTextRun SCXW209513936 BCX0\">Ce tour de force est \u00e0 mettre \u00e0 l\u2019actif de l\u2019AMC\u00a0<\/span><span class=\"NormalTextRun SpellingErrorV2Themed SCXW209513936 BCX0\">Orp<\/span><span class=\"NormalTextRun SCXW209513936 BCX0\">\u2013<\/span><span class=\"NormalTextRun SpellingErrorV2Themed SCXW209513936 BCX0\">Le-Grand<\/span><span class=\"NormalTextRun SCXW209513936 BCX0\">, au sein duquel \u0153uvre le trio de passionn\u00e9s constitu\u00e9 de Pascal\u00a0<\/span><span class=\"NormalTextRun SpellingErrorV2Themed SCXW209513936 BCX0\">Muls<\/span><span class=\"NormalTextRun SCXW209513936 BCX0\">, Francis\u00a0<\/span><span class=\"NormalTextRun SpellingErrorV2Themed SCXW209513936 BCX0\">Stempien<\/span><span class=\"NormalTextRun SCXW209513936 BCX0\">\u00a0et Luc\u00a0<\/span><span class=\"NormalTextRun SpellingErrorV2Themed SCXW209513936 BCX0\">Maricq<\/span><span class=\"NormalTextRun SCXW209513936 BCX0\">. Sans oublier tous ceux qui travaillent sur cet \u00e9v\u00e9nement, ces 3 comp\u00e8res en sont les forces vives et en ont imagin\u00e9 la formule et le r\u00e8glement, pour cette version in\u00e9dite 100% vintage et des nations.<\/span><\/span><\/p>\n<p><span data-contrast=\"auto\">R\u00e9jouissons-nous d\u00e9j\u00e0 des pr\u00e9sences des personnalit\u00e9s VIP suivantes : Andr\u00e9 MALHERBE, Jean-Claude LAQUAYE, Yvan Van Den Broek, Andr\u00e9 MASSANT, Andr\u00e9 VROMANS, Mark VELKENEERS (qui roule aussi avec le num\u00e9ro 104),\u00a0<\/span><span data-contrast=\"auto\">Jean-Paul MINGELS, Robert GREISCH et Guy Van Gijsegem.<\/span><\/p>\n<p><span data-contrast=\"auto\">Quant \u00e0 nos pilotes, ils seront nombreux ! En voici liste non exhaustive : Pascal Leuret, Patrick Caps, Laurent Lacasse, Jan Blancquaert, Patrice Thioux, Stefan Slechten, Marc Velkeneers, Serge Vandersmissen, Gerald Wery, Bjorn Verdoodt (vice champion d\u2019Europe 2022), henri Hesboy, christophe Lemaire (Champion de Suisse), Yoann Hella, Jos Claessens (Champion d\u2019Europe 2022 en Su\u00e8de), Scott Geboers (Neveu d\u2019E<\/span><span data-contrast=\"auto\">ric), Filip Van Dijck, Gilles Dejong, Eddy Nuyts, Brenda Wagemans (R\u00e9cente victorieuse d\u2019une manche IMBA \u00e0 Steffi Laier), Bernard Robert, Bernard Stennier et bien d&rsquo;autres. <\/span><\/p>\n<p>Plus d&rsquo;infos : <a href=\"http:\/\/AMCOrp.be\" target=\"_blank\" rel=\"noopener\">AMCOrp.be<\/a><\/p>\n<p>Texte : Manu Jacques \/ <a href=\"http:\/\/MXVintage.be\" target=\"_blank\" rel=\"noopener\">MXVintage.be<\/a><\/p>\n","protected":false},"excerpt":{"rendered":"<p>Ce week-end, Orp retrouvera son fameux \u201cTroph\u00e9e 875\u201d. Ce nouveau rendez-vous au calendrier motocross vintage jouit d\u00e9j\u00e0 d\u2019un rayonnement international et sera un des points culminants de la saison 2022, [&#8230;]<\/p>\n","protected":false},"author":932,"featured_media":63856,"comment_status":"open","ping_status":"closed","sticky":false,"template":"","format":"standard","meta":{"footnotes":""},"categories":[54,57,4,29,5,55,65,992],"tags":[947,1283,1174],"class_list":["post-120283","post","type-post","status-publish","format-standard","has-post-thumbnail","hentry","category-actualite","category-calendriers","category-motocross","category-fmb","category-news","category-news-actualite","category-slideshow","category-vintage","tag-motocross","tag-orp-le-grand","tag-vintage"],"yoast_head":"<!-- This site is optimized with the Yoast SEO plugin v27.4 - https:\/\/yoast.com\/product\/yoast-seo-wordpress\/ -->\n<title>Le Troph\u00e9e 875 rena\u00eetra de ses cendres \u00e0 Orp ce week-end ! - Motocross - Enduro - Supermoto | MotocrossMag<\/title>\n<meta name=\"robots\" content=\"index, follow, max-snippet:-1, max-image-preview:large, max-video-preview:-1\" \/>\n<link rel=\"canonical\" href=\"https:\/\/fr.motocrossmag.be\/index.php\/2022\/08\/le-trophee-875-renaitra-de-ses-cendres-a-orp-ce-week-end\/\" \/>\n<meta property=\"og:locale\" content=\"fr_FR\" \/>\n<meta property=\"og:type\" content=\"article\" \/>\n<meta property=\"og:title\" content=\"Le Troph\u00e9e 875 rena\u00eetra de ses cendres \u00e0 Orp ce week-end ! - Motocross - Enduro - Supermoto | MotocrossMag\" \/>\n<meta property=\"og:description\" content=\"Ce week-end, Orp retrouvera son fameux \u201cTroph\u00e9e 875\u201d. Ce nouveau rendez-vous au calendrier motocross vintage jouit d\u00e9j\u00e0 d\u2019un rayonnement international et sera un des points culminants de la saison 2022, [...]\" \/>\n<meta property=\"og:url\" content=\"https:\/\/fr.motocrossmag.be\/index.php\/2022\/08\/le-trophee-875-renaitra-de-ses-cendres-a-orp-ce-week-end\/\" \/>\n<meta property=\"og:site_name\" content=\"Motocross - Enduro - Supermoto | MotocrossMag\" \/>\n<meta property=\"article:published_time\" content=\"2022-08-23T16:52:58+00:00\" \/>\n<meta property=\"og:image\" content=\"https:\/\/fr.motocrossmag.be\/wp-content\/uploads\/2017\/08\/orp-old-86-2.jpg\" \/>\n\t<meta property=\"og:image:width\" content=\"1201\" \/>\n\t<meta property=\"og:image:height\" content=\"800\" \/>\n\t<meta property=\"og:image:type\" content=\"image\/jpeg\" \/>\n<meta name=\"author\" content=\"oliviere\" \/>\n<meta name=\"twitter:card\" content=\"summary_large_image\" \/>\n<meta name=\"twitter:label1\" content=\"\u00c9crit par\" \/>\n\t<meta name=\"twitter:data1\" content=\"oliviere\" \/>\n\t<meta name=\"twitter:label2\" content=\"Dur\u00e9e de lecture estim\u00e9e\" \/>\n\t<meta name=\"twitter:data2\" content=\"1 minute\" \/>\n<script type=\"application\/ld+json\" class=\"yoast-schema-graph\">{\"@context\":\"https:\\\/\\\/schema.org\",\"@graph\":[{\"@type\":\"Article\",\"@id\":\"https:\\\/\\\/fr.motocrossmag.be\\\/index.php\\\/2022\\\/08\\\/le-trophee-875-renaitra-de-ses-cendres-a-orp-ce-week-end\\\/#article\",\"isPartOf\":{\"@id\":\"https:\\\/\\\/fr.motocrossmag.be\\\/index.php\\\/2022\\\/08\\\/le-trophee-875-renaitra-de-ses-cendres-a-orp-ce-week-end\\\/\"},\"author\":{\"name\":\"oliviere\",\"@id\":\"https:\\\/\\\/fr.motocrossmag.be\\\/#\\\/schema\\\/person\\\/11b47143d9f755babca2c9110e03235c\"},\"headline\":\"Le Troph\u00e9e 875 rena\u00eetra de ses cendres \u00e0 Orp ce week-end !\",\"datePublished\":\"2022-08-23T16:52:58+00:00\",\"mainEntityOfPage\":{\"@id\":\"https:\\\/\\\/fr.motocrossmag.be\\\/index.php\\\/2022\\\/08\\\/le-trophee-875-renaitra-de-ses-cendres-a-orp-ce-week-end\\\/\"},\"wordCount\":315,\"commentCount\":0,\"image\":{\"@id\":\"https:\\\/\\\/fr.motocrossmag.be\\\/index.php\\\/2022\\\/08\\\/le-trophee-875-renaitra-de-ses-cendres-a-orp-ce-week-end\\\/#primaryimage\"},\"thumbnailUrl\":\"https:\\\/\\\/fr.motocrossmag.be\\\/wp-content\\\/uploads\\\/2017\\\/08\\\/orp-old-86-2.jpg\",\"keywords\":[\"Motocross\",\"orp-le-grand\",\"vintage\"],\"articleSection\":[\"Actualit\u00e9\",\"Calendriers\",\"Motocross\",\"Motocross FMB\",\"News\",\"News\",\"Slideshow\",\"Vintage\"],\"inLanguage\":\"fr-FR\",\"potentialAction\":[{\"@type\":\"CommentAction\",\"name\":\"Comment\",\"target\":[\"https:\\\/\\\/fr.motocrossmag.be\\\/index.php\\\/2022\\\/08\\\/le-trophee-875-renaitra-de-ses-cendres-a-orp-ce-week-end\\\/#respond\"]}]},{\"@type\":\"WebPage\",\"@id\":\"https:\\\/\\\/fr.motocrossmag.be\\\/index.php\\\/2022\\\/08\\\/le-trophee-875-renaitra-de-ses-cendres-a-orp-ce-week-end\\\/\",\"url\":\"https:\\\/\\\/fr.motocrossmag.be\\\/index.php\\\/2022\\\/08\\\/le-trophee-875-renaitra-de-ses-cendres-a-orp-ce-week-end\\\/\",\"name\":\"Le Troph\u00e9e 875 rena\u00eetra de ses cendres \u00e0 Orp ce week-end ! - Motocross - Enduro - Supermoto | MotocrossMag\",\"isPartOf\":{\"@id\":\"https:\\\/\\\/fr.motocrossmag.be\\\/#website\"},\"primaryImageOfPage\":{\"@id\":\"https:\\\/\\\/fr.motocrossmag.be\\\/index.php\\\/2022\\\/08\\\/le-trophee-875-renaitra-de-ses-cendres-a-orp-ce-week-end\\\/#primaryimage\"},\"image\":{\"@id\":\"https:\\\/\\\/fr.motocrossmag.be\\\/index.php\\\/2022\\\/08\\\/le-trophee-875-renaitra-de-ses-cendres-a-orp-ce-week-end\\\/#primaryimage\"},\"thumbnailUrl\":\"https:\\\/\\\/fr.motocrossmag.be\\\/wp-content\\\/uploads\\\/2017\\\/08\\\/orp-old-86-2.jpg\",\"datePublished\":\"2022-08-23T16:52:58+00:00\",\"author\":{\"@id\":\"https:\\\/\\\/fr.motocrossmag.be\\\/#\\\/schema\\\/person\\\/11b47143d9f755babca2c9110e03235c\"},\"breadcrumb\":{\"@id\":\"https:\\\/\\\/fr.motocrossmag.be\\\/index.php\\\/2022\\\/08\\\/le-trophee-875-renaitra-de-ses-cendres-a-orp-ce-week-end\\\/#breadcrumb\"},\"inLanguage\":\"fr-FR\",\"potentialAction\":[{\"@type\":\"ReadAction\",\"target\":[\"https:\\\/\\\/fr.motocrossmag.be\\\/index.php\\\/2022\\\/08\\\/le-trophee-875-renaitra-de-ses-cendres-a-orp-ce-week-end\\\/\"]}]},{\"@type\":\"ImageObject\",\"inLanguage\":\"fr-FR\",\"@id\":\"https:\\\/\\\/fr.motocrossmag.be\\\/index.php\\\/2022\\\/08\\\/le-trophee-875-renaitra-de-ses-cendres-a-orp-ce-week-end\\\/#primaryimage\",\"url\":\"https:\\\/\\\/fr.motocrossmag.be\\\/wp-content\\\/uploads\\\/2017\\\/08\\\/orp-old-86-2.jpg\",\"contentUrl\":\"https:\\\/\\\/fr.motocrossmag.be\\\/wp-content\\\/uploads\\\/2017\\\/08\\\/orp-old-86-2.jpg\",\"width\":1201,\"height\":800},{\"@type\":\"BreadcrumbList\",\"@id\":\"https:\\\/\\\/fr.motocrossmag.be\\\/index.php\\\/2022\\\/08\\\/le-trophee-875-renaitra-de-ses-cendres-a-orp-ce-week-end\\\/#breadcrumb\",\"itemListElement\":[{\"@type\":\"ListItem\",\"position\":1,\"name\":\"Accueil\",\"item\":\"https:\\\/\\\/fr.motocrossmag.be\\\/\"},{\"@type\":\"ListItem\",\"position\":2,\"name\":\"Le Troph\u00e9e 875 rena\u00eetra de ses cendres \u00e0 Orp ce week-end !\"}]},{\"@type\":\"WebSite\",\"@id\":\"https:\\\/\\\/fr.motocrossmag.be\\\/#website\",\"url\":\"https:\\\/\\\/fr.motocrossmag.be\\\/\",\"name\":\"Motocross - Enduro - Supermoto | MotocrossMag\",\"description\":\"L&#039;actualit\u00e9 du motocross, de l&#039;enduro et du Supermoto en ligne!\",\"potentialAction\":[{\"@type\":\"SearchAction\",\"target\":{\"@type\":\"EntryPoint\",\"urlTemplate\":\"https:\\\/\\\/fr.motocrossmag.be\\\/?s={search_term_string}\"},\"query-input\":{\"@type\":\"PropertyValueSpecification\",\"valueRequired\":true,\"valueName\":\"search_term_string\"}}],\"inLanguage\":\"fr-FR\"},{\"@type\":\"Person\",\"@id\":\"https:\\\/\\\/fr.motocrossmag.be\\\/#\\\/schema\\\/person\\\/11b47143d9f755babca2c9110e03235c\",\"name\":\"oliviere\",\"image\":{\"@type\":\"ImageObject\",\"inLanguage\":\"fr-FR\",\"@id\":\"https:\\\/\\\/secure.gravatar.com\\\/avatar\\\/907069e0b81d119452040469e4a7501da1100f54f7f80180ce77bfab718288f6?s=96&d=mm&r=g\",\"url\":\"https:\\\/\\\/secure.gravatar.com\\\/avatar\\\/907069e0b81d119452040469e4a7501da1100f54f7f80180ce77bfab718288f6?s=96&d=mm&r=g\",\"contentUrl\":\"https:\\\/\\\/secure.gravatar.com\\\/avatar\\\/907069e0b81d119452040469e4a7501da1100f54f7f80180ce77bfab718288f6?s=96&d=mm&r=g\",\"caption\":\"oliviere\"},\"sameAs\":[\"http:\\\/\\\/www.motocrossmag.be\"],\"url\":\"https:\\\/\\\/fr.motocrossmag.be\\\/index.php\\\/author\\\/oliviere\\\/\"}]}<\/script>\n<!-- \/ Yoast SEO plugin. -->","yoast_head_json":{"title":"Le Troph\u00e9e 875 rena\u00eetra de ses cendres \u00e0 Orp ce week-end ! - Motocross - Enduro - Supermoto | MotocrossMag","robots":{"index":"index","follow":"follow","max-snippet":"max-snippet:-1","max-image-preview":"max-image-preview:large","max-video-preview":"max-video-preview:-1"},"canonical":"https:\/\/fr.motocrossmag.be\/index.php\/2022\/08\/le-trophee-875-renaitra-de-ses-cendres-a-orp-ce-week-end\/","og_locale":"fr_FR","og_type":"article","og_title":"Le Troph\u00e9e 875 rena\u00eetra de ses cendres \u00e0 Orp ce week-end ! - Motocross - Enduro - Supermoto | MotocrossMag","og_description":"Ce week-end, Orp retrouvera son fameux \u201cTroph\u00e9e 875\u201d. Ce nouveau rendez-vous au calendrier motocross vintage jouit d\u00e9j\u00e0 d\u2019un rayonnement international et sera un des points culminants de la saison 2022, [...]","og_url":"https:\/\/fr.motocrossmag.be\/index.php\/2022\/08\/le-trophee-875-renaitra-de-ses-cendres-a-orp-ce-week-end\/","og_site_name":"Motocross - Enduro - Supermoto | MotocrossMag","article_published_time":"2022-08-23T16:52:58+00:00","og_image":[{"width":1201,"height":800,"url":"https:\/\/fr.motocrossmag.be\/wp-content\/uploads\/2017\/08\/orp-old-86-2.jpg","type":"image\/jpeg"}],"author":"oliviere","twitter_card":"summary_large_image","twitter_misc":{"\u00c9crit par":"oliviere","Dur\u00e9e de lecture estim\u00e9e":"1 minute"},"schema":{"@context":"https:\/\/schema.org","@graph":[{"@type":"Article","@id":"https:\/\/fr.motocrossmag.be\/index.php\/2022\/08\/le-trophee-875-renaitra-de-ses-cendres-a-orp-ce-week-end\/#article","isPartOf":{"@id":"https:\/\/fr.motocrossmag.be\/index.php\/2022\/08\/le-trophee-875-renaitra-de-ses-cendres-a-orp-ce-week-end\/"},"author":{"name":"oliviere","@id":"https:\/\/fr.motocrossmag.be\/#\/schema\/person\/11b47143d9f755babca2c9110e03235c"},"headline":"Le Troph\u00e9e 875 rena\u00eetra de ses cendres \u00e0 Orp ce week-end !","datePublished":"2022-08-23T16:52:58+00:00","mainEntityOfPage":{"@id":"https:\/\/fr.motocrossmag.be\/index.php\/2022\/08\/le-trophee-875-renaitra-de-ses-cendres-a-orp-ce-week-end\/"},"wordCount":315,"commentCount":0,"image":{"@id":"https:\/\/fr.motocrossmag.be\/index.php\/2022\/08\/le-trophee-875-renaitra-de-ses-cendres-a-orp-ce-week-end\/#primaryimage"},"thumbnailUrl":"https:\/\/fr.motocrossmag.be\/wp-content\/uploads\/2017\/08\/orp-old-86-2.jpg","keywords":["Motocross","orp-le-grand","vintage"],"articleSection":["Actualit\u00e9","Calendriers","Motocross","Motocross FMB","News","News","Slideshow","Vintage"],"inLanguage":"fr-FR","potentialAction":[{"@type":"CommentAction","name":"Comment","target":["https:\/\/fr.motocrossmag.be\/index.php\/2022\/08\/le-trophee-875-renaitra-de-ses-cendres-a-orp-ce-week-end\/#respond"]}]},{"@type":"WebPage","@id":"https:\/\/fr.motocrossmag.be\/index.php\/2022\/08\/le-trophee-875-renaitra-de-ses-cendres-a-orp-ce-week-end\/","url":"https:\/\/fr.motocrossmag.be\/index.php\/2022\/08\/le-trophee-875-renaitra-de-ses-cendres-a-orp-ce-week-end\/","name":"Le Troph\u00e9e 875 rena\u00eetra de ses cendres \u00e0 Orp ce week-end ! - Motocross - Enduro - Supermoto | MotocrossMag","isPartOf":{"@id":"https:\/\/fr.motocrossmag.be\/#website"},"primaryImageOfPage":{"@id":"https:\/\/fr.motocrossmag.be\/index.php\/2022\/08\/le-trophee-875-renaitra-de-ses-cendres-a-orp-ce-week-end\/#primaryimage"},"image":{"@id":"https:\/\/fr.motocrossmag.be\/index.php\/2022\/08\/le-trophee-875-renaitra-de-ses-cendres-a-orp-ce-week-end\/#primaryimage"},"thumbnailUrl":"https:\/\/fr.motocrossmag.be\/wp-content\/uploads\/2017\/08\/orp-old-86-2.jpg","datePublished":"2022-08-23T16:52:58+00:00","author":{"@id":"https:\/\/fr.motocrossmag.be\/#\/schema\/person\/11b47143d9f755babca2c9110e03235c"},"breadcrumb":{"@id":"https:\/\/fr.motocrossmag.be\/index.php\/2022\/08\/le-trophee-875-renaitra-de-ses-cendres-a-orp-ce-week-end\/#breadcrumb"},"inLanguage":"fr-FR","potentialAction":[{"@type":"ReadAction","target":["https:\/\/fr.motocrossmag.be\/index.php\/2022\/08\/le-trophee-875-renaitra-de-ses-cendres-a-orp-ce-week-end\/"]}]},{"@type":"ImageObject","inLanguage":"fr-FR","@id":"https:\/\/fr.motocrossmag.be\/index.php\/2022\/08\/le-trophee-875-renaitra-de-ses-cendres-a-orp-ce-week-end\/#primaryimage","url":"https:\/\/fr.motocrossmag.be\/wp-content\/uploads\/2017\/08\/orp-old-86-2.jpg","contentUrl":"https:\/\/fr.motocrossmag.be\/wp-content\/uploads\/2017\/08\/orp-old-86-2.jpg","width":1201,"height":800},{"@type":"BreadcrumbList","@id":"https:\/\/fr.motocrossmag.be\/index.php\/2022\/08\/le-trophee-875-renaitra-de-ses-cendres-a-orp-ce-week-end\/#breadcrumb","itemListElement":[{"@type":"ListItem","position":1,"name":"Accueil","item":"https:\/\/fr.motocrossmag.be\/"},{"@type":"ListItem","position":2,"name":"Le Troph\u00e9e 875 rena\u00eetra de ses cendres \u00e0 Orp ce week-end !"}]},{"@type":"WebSite","@id":"https:\/\/fr.motocrossmag.be\/#website","url":"https:\/\/fr.motocrossmag.be\/","name":"Motocross - Enduro - Supermoto | MotocrossMag","description":"L&#039;actualit\u00e9 du motocross, de l&#039;enduro et du Supermoto en ligne!","potentialAction":[{"@type":"SearchAction","target":{"@type":"EntryPoint","urlTemplate":"https:\/\/fr.motocrossmag.be\/?s={search_term_string}"},"query-input":{"@type":"PropertyValueSpecification","valueRequired":true,"valueName":"search_term_string"}}],"inLanguage":"fr-FR"},{"@type":"Person","@id":"https:\/\/fr.motocrossmag.be\/#\/schema\/person\/11b47143d9f755babca2c9110e03235c","name":"oliviere","image":{"@type":"ImageObject","inLanguage":"fr-FR","@id":"https:\/\/secure.gravatar.com\/avatar\/907069e0b81d119452040469e4a7501da1100f54f7f80180ce77bfab718288f6?s=96&d=mm&r=g","url":"https:\/\/secure.gravatar.com\/avatar\/907069e0b81d119452040469e4a7501da1100f54f7f80180ce77bfab718288f6?s=96&d=mm&r=g","contentUrl":"https:\/\/secure.gravatar.com\/avatar\/907069e0b81d119452040469e4a7501da1100f54f7f80180ce77bfab718288f6?s=96&d=mm&r=g","caption":"oliviere"},"sameAs":["http:\/\/www.motocrossmag.be"],"url":"https:\/\/fr.motocrossmag.be\/index.php\/author\/oliviere\/"}]}},"_links":{"self":[{"href":"https:\/\/fr.motocrossmag.be\/index.php\/wp-json\/wp\/v2\/posts\/120283","targetHints":{"allow":["GET"]}}],"collection":[{"href":"https:\/\/fr.motocrossmag.be\/index.php\/wp-json\/wp\/v2\/posts"}],"about":[{"href":"https:\/\/fr.motocrossmag.be\/index.php\/wp-json\/wp\/v2\/types\/post"}],"author":[{"embeddable":true,"href":"https:\/\/fr.motocrossmag.be\/index.php\/wp-json\/wp\/v2\/users\/932"}],"replies":[{"embeddable":true,"href":"https:\/\/fr.motocrossmag.be\/index.php\/wp-json\/wp\/v2\/comments?post=120283"}],"version-history":[{"count":0,"href":"https:\/\/fr.motocrossmag.be\/index.php\/wp-json\/wp\/v2\/posts\/120283\/revisions"}],"wp:featuredmedia":[{"embeddable":true,"href":"https:\/\/fr.motocrossmag.be\/index.php\/wp-json\/wp\/v2\/media\/63856"}],"wp:attachment":[{"href":"https:\/\/fr.motocrossmag.be\/index.php\/wp-json\/wp\/v2\/media?parent=120283"}],"wp:term":[{"taxonomy":"category","embeddable":true,"href":"https:\/\/fr.motocrossmag.be\/index.php\/wp-json\/wp\/v2\/categories?post=120283"},{"taxonomy":"post_tag","embeddable":true,"href":"https:\/\/fr.motocrossmag.be\/index.php\/wp-json\/wp\/v2\/tags?post=120283"}],"curies":[{"name":"wp","href":"https:\/\/api.w.org\/{rel}","templated":true}]}}