{"id":120424,"date":"2022-08-29T01:03:22","date_gmt":"2022-08-28T23:03:22","guid":{"rendered":"http:\/\/fr.motocrossmag.be\/?p=120424"},"modified":"2022-08-29T01:24:13","modified_gmt":"2022-08-28T23:24:13","slug":"jarne-bervoets-sur-le-podium-du-mondial-junior-en-finlande","status":"publish","type":"post","link":"https:\/\/fr.motocrossmag.be\/index.php\/2022\/08\/jarne-bervoets-sur-le-podium-du-mondial-junior-en-finlande\/","title":{"rendered":"Jarne Bervoets sur le podium du mondial Junior en Finlande"},"content":{"rendered":"<p><strong>Les championnats du monde de motocross juniors se sont disput\u00e9s ce week-end sur la piste de Vantaa, en Finlande. Si les Hollandais en repartent avec deux titres mondiaux, Gyan Doensen remportant les deux manches en 85cc alors qu&rsquo;Ivano Van Erp (1+2) monte sur la plus haute marche du podium en 125cc, ce sont pourtant les Am\u00e9ricains qui remportent le classement inter-nations devant la Finlande et nos voisins n\u00e9erlandais.<\/strong><\/p>\n<p>En 65cc, l&rsquo;incontournable Lucas Leok a survol\u00e9 les deux manches. L&rsquo;Estonien compl\u00e8te son palmar\u00e8s avec un titre de champion du monde 65cc.<\/p>\n<p><img decoding=\"async\" class=\"lazyload alignnone size-full wp-image-120427\" src=\"http:\/\/fr.motocrossmag.be\/wp-content\/uploads\/2022\/08\/PODIUM-TEAMS-MOTOCROSS-GP-23-JUN-FIN-2022.jpg\" data-orig-src=\"http:\/\/fr.motocrossmag.be\/wp-content\/uploads\/2022\/08\/PODIUM-TEAMS-MOTOCROSS-GP-23-JUN-FIN-2022.jpg\" alt=\"\" width=\"1000\" height=\"666\" srcset=\"data:image\/svg+xml,%3Csvg%20xmlns%3D%27http%3A%2F%2Fwww.w3.org%2F2000%2Fsvg%27%20width%3D%271000%27%20height%3D%27666%27%20viewBox%3D%270%200%201000%20666%27%3E%3Crect%20width%3D%271000%27%20height%3D%27666%27%20fill-opacity%3D%220%22%2F%3E%3C%2Fsvg%3E\" data-srcset=\"https:\/\/fr.motocrossmag.be\/wp-content\/uploads\/2022\/08\/PODIUM-TEAMS-MOTOCROSS-GP-23-JUN-FIN-2022-650x433.jpg 650w, https:\/\/fr.motocrossmag.be\/wp-content\/uploads\/2022\/08\/PODIUM-TEAMS-MOTOCROSS-GP-23-JUN-FIN-2022-768x511.jpg 768w, https:\/\/fr.motocrossmag.be\/wp-content\/uploads\/2022\/08\/PODIUM-TEAMS-MOTOCROSS-GP-23-JUN-FIN-2022.jpg 1000w\" data-sizes=\"auto\" data-orig-sizes=\"(max-width: 1000px) 100vw, 1000px\" \/><\/p>\n<p>C\u00f4t\u00e9 belge, on se contente du 12\u00e8me rang, notamment parce que nous n&rsquo;avions tout simplement aucun pilote align\u00e9 en 125cc. Mais on se console avec la belle premi\u00e8re manche de Torre Van Mechgelen en 65cc, celle de son fr\u00e8re Douwe en 85cc ou encore la belle vitesse de pointe montr\u00e9e par Ian Ampoorter dans la m\u00eame cat\u00e9gorie. Et surtout, \u00e9videmment, avec le superbe week-end sign\u00e9 par Jarne Bervoets. Avec deux belles manches qu&rsquo;il termine chacune en 3\u00e8me position et apr\u00e8s avoir notamment montr\u00e9 avoir la vitesse n\u00e9cessaire pour rouler en t\u00eate, notre jeune compatriote, fils de Marnicq Bervoets, prend la m\u00e9daille de bronze face aux meilleurs pilotes 85cc du monde. Une jolie performance qui s&rsquo;inscrit dans la continuit\u00e9 des r\u00e9sultats obtenus cette saison sur le championnat d&rsquo;Europe. Bravo !<\/p>\n<p><span style=\"color: #800000;\"><strong>R\u00e9sultats<\/strong><\/span><\/p>\n<p><strong>65CC<\/strong><\/p>\n<p>MANCHE 1<\/p>\n<p>1. Lucas Leok (EST, Husqvarna), 17:04.411; 2. Viktor Lepp\u00e4l\u00e4 (FIN, KTM), +0:33.405; 3. Moritz Ernecker (AUT, Husqvarna), +1:00.808; 4. Marten Raud (EST, Husqvarna), +1:07.731; 5. Jekabs Hudolejs (LAT, Yamaha), +1:11.296; 6. Aston Allas (EST, Husqvarna), +1:13.338; 7. Ricardo Bauer (AUT, KTM), +1:24.697; 8. Casey Karstrom (DEN, Yamaha), +1:27.020; <strong>9. Torre Van Mechgelen (BEL, KTM), +1:30.263<\/strong>; 10. Severi Hyt\u00f6nen (FIN, KTM), +1:32.592; 11. Andrea Uccellini (ITA, Husqvarna), +1:37.730; 12. Enri Lustus (EST, Husqvarna), +1:38.577; 13. Tayce Morgan (USA, KTM), +1:39.790; 14. Rafael Mennillo (FRA, KTM), +1:41.341; 15. Jorge Salvador (ESP, GASGAS), +1:42.539; 16. Pau Caudet Ruiz (ESP, KTM), +1:46.986; 17. Teunis Spijkerman (NED, GASGAS), +1:47.318; 18. Maxim Zimmerman (SVK, Husqvarna), +1:49.573; 19. Mauno Keskikallio (FIN, KTM), +1:55.011; 20. Francesco Assini (ITA, GASGAS), +1:56.590; 21. Celso Rodriguez casillas (ESP, KTM), +1:57.756; 22. Jaume Pons (ESP, KTM), +1:59.771; 23. Alex Novak (SLO, KTM), +2:05.127; 24. Jakub Puckowski (POL, KTM), +2:08.065; 25. Tai Vidovic (SLO, Husqvarna), +2:09.849; 26. Arturs Vinters (LAT, KTM), +2:10.409; 27. Rainers Grasis (LAT, KTM), +2:19.026; 28. Seth Thomas (AUS, KTM), +2:25.236; 29. Jimi Marttila (FIN, Yamaha), -1 lap(s); 30. Leslie Puller (EST, Husqvarna), -1 lap(s); 31. Elias Villanen (FIN, KTM), -1 lap(s); 32. Maddox Temmerman (USA, KTM), -1 lap(s); 33. Gonzalo Salvador (ESP, GASGAS), -1 lap(s); 34. Brian Gyles (GBR, KTM), -1 lap(s); 35. Ollie Birkitt (AUS, KTM), -1 lap(s); 36. Trent Valsecchi (RSA, KTM), -1 lap(s); 37. Toms Dankerts (LAT, KTM), -1 lap(s); 38. Trenton Kretzmann (RSA, Husqvarna), -1 lap(s); 39. Kabelo Madimetja Jnr Ledwaba (RSA, GASGAS), -2 lap(s); 40. Eeka Laaksonen (FIN, GASGAS), -7 lap(s);<\/p>\n<p>MANCHE 2<\/p>\n<p>1. Lucas Leok (EST, Husqvarna), 16:50.217; 2. Ricardo Bauer (AUT, KTM), +0:37.325; 3. Jorge Salvador (ESP, GASGAS), +0:42.734; 4. Pau Caudet Ruiz (ESP, KTM), +0:44.148; 5. Tayce Morgan (USA, KTM), +0:48.233; 6. Eeka Laaksonen (FIN, GASGAS), +0:50.071; 7. Marten Raud (EST, Husqvarna), +0:52.627; 8. Moritz Ernecker (AUT, Husqvarna), +0:53.310; 9. Francesco Assini (ITA, GASGAS), +1:04.402; 10. Mauno Keskikallio (FIN, KTM), +1:05.802; 11. Viktor Lepp\u00e4l\u00e4 (FIN, KTM), +1:08.036; 12. Aston Allas (EST, Husqvarna), +1:19.337; 13. Toms Dankerts (LAT, KTM), +1:22.069; 14. Rafael Mennillo (FRA, KTM), +1:22.767; 15. Elias Villanen (FIN, KTM), +1:28.210; 16. Brian Gyles (GBR, KTM), +1:32.657; 17. Maxim Zimmerman (SVK, Husqvarna), +1:42.860; 18. Jakub Puckowski (POL, KTM), +1:46.804; 19. Jimi Marttila (FIN, Yamaha), +1:48.402; 20. Rainers Grasis (LAT, KTM), +1:49.522; 21. Celso Rodriguez casillas (ESP, KTM), +1:54.012; <strong>22. Torre Van Mechgelen (BEL, KTM), +1:56.151<\/strong>; 23. Casey Karstrom (DEN, Yamaha), +1:58.502; 24. Enri Lustus (EST, Husqvarna), +2:00.908; 25. Severi Hyt\u00f6nen (FIN, KTM), +2:06.052; 26. Leslie Puller (EST, Husqvarna), +2:06.793; 27. Maddox Temmerman (USA, KTM), +2:07.362; 28. Teunis Spijkerman (NED, GASGAS), +2:09.477; 29. Leo Wilson (GBR, KTM), +2:10.168; 30. Tai Vidovic (SLO, Husqvarna), +2:11.966; 31. Arturs Vinters (LAT, KTM), +2:21.270; 32. Jekabs Hudolejs (LAT, Yamaha), +2:32.343; 33. Ollie Birkitt (AUS, KTM), -1 lap(s); 34. Jaume Pons (ESP, KTM), -1 lap(s); 35. Trent Valsecchi (RSA, KTM), -1 lap(s); 36. Gonzalo Salvador (ESP, GASGAS), -1 lap(s); 37. Kabelo Madimetja Jnr Ledwaba (RSA, GASGAS), -1 lap(s); 38. Trenton Kretzmann (RSA, Husqvarna), -1 lap(s); 39. Andrea Uccellini (ITA, Husqvarna), -7 lap(s); 40. Alex Novak (SLO, KTM), -7 lap(s);<\/p>\n<p>CLASSEMENT GENERAL 65<\/p>\n<p>1. Lucas Leok (EST, HUS), 50 points; 2. Ricardo Bauer (AUT, KTM), 36 p.; 3. Moritz Ernecker (AUT, HUS), 33 p.; 4. Marten Raud (EST, HUS), 32 p.; 5. Viktor Lepp\u00e4l\u00e4 (FIN, KTM), 32 p.; 6. Jorge Salvador (ESP, GAS), 26 p.; 7. Tayce Morgan (USA, KTM), 24 p.; 8. Aston Allas (EST, HUS), 24 p.; 9. Pau Caudet Ruiz (ESP, KTM), 23 p.; 10. Jekabs Hudolejs (LAT, YAM), 16 p.; 11. Eeka Laaksonen (FIN, GAS), 15 p.; 12. Rafael Mennillo (FRA, KTM), 14 p.; 13. Francesco Assini (ITA, GAS), 13 p.; 14. Mauno Keskikallio (FIN, KTM), 13 p.; 15. Casey Karstrom (DEN, YAM), 13 p.; <strong>16. Torre Van Mechgelen (BEL, KTM), 12 p.<\/strong>; 17. Severi Hyt\u00f6nen (FIN, KTM), 11 p.; 18. Andrea Uccellini (ITA, HUS), 10 p.; 19. Enri Lustus (EST, HUS), 9 p.; 20. Toms Dankerts (LAT, KTM), 8 p.; 21. Maxim Zimmerman (SVK, HUS), 7 p.; 22. Elias Villanen (FIN, KTM), 6 p.; 23. Brian Gyles (GBR, KTM), 5 p.; 24. Teunis Spijkerman (NED, GAS), 4 p.; 25. Jakub Puckowski (POL, KTM), 3 p.; 26. Jimi Marttila (FIN, YAM), 2 p.; 27. Rainers Grasis (LAT, KTM), 1 p.; 28. Celso Rodriguez casillas (ESP, KTM), 0 p.; 29. Leslie Puller (EST, HUS), 0 p.; 30. Maddox Temmerman (USA, KTM), 0 p.; 31. Seth Thomas (AUS, KTM), 0 p.; 32. Leo Wilson (GBR, KTM), 0 p.; 33. Tai Vidovic (SLO, HUS), 0 p.; 34. Arturs Vinters (LAT, KTM), 0 p.; 35. Ollie Birkitt (AUS, KTM), 0 p.; 36. Jaume Pons (ESP, KTM), 0 p.; 37. Trent Valsecchi (RSA, KTM), 0 p.; 38. Gonzalo Salvador (ESP, GAS), 0 p.; 39. Kabelo Madimetja Jnr Ledwaba (RSA, GAS), 0 p.; 40. Trenton Kretzmann (RSA, HUS), 0 p.;<\/p>\n<p><strong>85CC<\/strong><\/p>\n<p>MANCHE 1<\/p>\n<p>1. Gyan Doensen (NED, Husqvarna), 25:21.453; 2. Vitezslav Marek (CZE, KTM), +0:15.814; <strong>3. Jarne Bervoets (BEL, KTM), +0:19.217<\/strong>; 4. Amaury Maindru (FRA, KTM), +0:37.805; 5. Dani Heitink (NED, Husqvarna), +0:38.550; 6. Tristen Mardo (EST, Husqvarna), +0:45.750; 7. Erik Frisag\u00e5rd (SWE, KTM), +0:49.881; 8. Freddie Bartlett (SWE, KTM), +0:50.243; <strong>9. Douwe Van Mechgelen (BEL, Husqvarna), +0:55.634<\/strong>; 10. Landon Gibson (USA, KTM), +0:57.898; 11. Heath Fisher (AUS, Husqvarna), +1:00.180; 12. Luca V\u00e4g (FIN, KTM), +1:02.167; 13. Matias Miettinen (FIN, KTM), +1:07.099; 14. Seth Dennis (USA, KTM), +1:10.162; 15. Travis Leok (EST, Husqvarna), +1:15.092; 16. Freddie Gardiner (GBR, KTM), +1:25.353; 17. Jan-Marten Paju (EST, Husqvarna), +1:29.679; 18. Emils Solovjevs (LAT, Husqvarna), +1:35.392; 19. Filippo Mantovani (ITA, GASGAS), +1:36.268; 20. Casper Lindmark (SWE, KTM), +1:44.383; 21. Jack Deveson (AUS, Husqvarna), +1:48.979; 22. Ot Mari (ESP, KTM), +1:56.948; 23. Carson Wood (USA, KTM), +2:00.040; 24. Max Salomaa (FIN, KTM), +2:03.330; 25. Ricards Alens Galcins (LAT, GASGAS), +2:34.750; 26. Enzo Badenas Tejada (ESP, Husqvarna), -1 lap(s); 27. Juan Izaguirre (ESP, KTM), -1 lap(s); 28. Dawid Zaremba (POL, KTM), -1 lap(s); 29. Neil van der Vyver (RSA, Husqvarna), -1 lap(s); 30. Topias Reinikainen (FIN, KTM), -1 lap(s); 31. Jordan van Wyk (RSA, KTM), -1 lap(s); 32. Sander Sommerlee (SWE, Husqvarna), -1 lap(s); 33. Mano Faure (FRA, KTM), -1 lap(s); 34. Raivo Laicans (LAT, Husqvarna), -1 lap(s); 35. Michal Psiuk (POL, KTM), -1 lap(s); 36. Rene Nyman (FIN, KTM), -1 lap(s); 37. Trey Andrew Cox (RSA, KTM), -1 lap(s); 38. Josh Vail (GBR, Husqvarna), -2 lap(s); <strong>39. Ian Ampoorter (BEL, KTM), -4 lap(s)<\/strong>; 40. Eemil Pesonen (FIN, KTM), -8 lap(s);<\/p>\n<p>MANCHE 2<\/p>\n<p>1. Gyan Doensen (NED, Husqvarna), 25:00.890; 2. Vitezslav Marek (CZE, KTM), +0:31.165; <strong>3. Jarne Bervoets (BEL, KTM), +0:34.745<\/strong>; 4. Seth Dennis (USA, KTM), +0:40.355; 5. Freddie Bartlett (SWE, KTM), +0:41.959; 6. Heath Fisher (AUS, Husqvarna), +0:43.816; 7. Josh Vail (GBR, Husqvarna), +0:45.492; <strong>8. Ian Ampoorter (BEL, KTM), +0:49.916<\/strong>; 9. Matias Miettinen (FIN, KTM), +0:50.911; 10. Tristen Mardo (EST, Husqvarna), +0:52.259; 11. Mano Faure (FRA, KTM), +0:57.463; 12. Filippo Mantovani (ITA, GASGAS), +0:58.144; 13. Dani Heitink (NED, Husqvarna), +0:58.587; 14. Travis Leok (EST, Husqvarna), +1:13.957; 15. Eemil Pesonen (FIN, KTM), +1:17.124; 16. Jan-Marten Paju (EST, Husqvarna), +1:17.587; 17. Jack Deveson (AUS, Husqvarna), +1:28.876; 18. Rene Nyman (FIN, KTM), +1:34.479; 19. Luca V\u00e4g (FIN, KTM), +1:35.707; 20. Carson Wood (USA, KTM), +1:45.226; 21. Erik Frisag\u00e5rd (SWE, KTM), +1:45.959; 22. Raivo Laicans (LAT, Husqvarna), +1:48.282; 23. Topias Reinikainen (FIN, KTM), +1:52.128; 24. Freddie Gardiner (GBR, KTM), +1:55.937; 25. Dawid Zaremba (POL, KTM), +1:58.921; 26. Neil van der Vyver (RSA, Husqvarna), +2:01.515; 27. Casper Lindmark (SWE, KTM), +2:06.702; 28. Jordan van Wyk (RSA, KTM), -1 lap(s); 29. Emils Solovjevs (LAT, Husqvarna), -1 lap(s); 30. Ricards Alens Galcins (LAT, GASGAS), -1 lap(s); 31. Juan Izaguirre (ESP, KTM), -1 lap(s); 32. Sander Sommerlee (SWE, Husqvarna), -1 lap(s); 33. Max Salomaa (FIN, KTM), -1 lap(s); 34. Trey Andrew Cox (RSA, KTM), -1 lap(s); 35. Enzo Badenas Tejada (ESP, Husqvarna), -1 lap(s); 36. Ot Mari (ESP, KTM), -1 lap(s); 37. Michal Psiuk (POL, KTM), -3 lap(s); <strong>38. Douwe Van Mechgelen (BEL, Husqvarna), -3 lap(s);<\/strong> 39. Amaury Maindru (FRA, KTM), -6 lap(s); 40. Landon Gibson (USA, KTM), -11 lap(s);<\/p>\n<p>CLASSEMENT GENERAL 85CC<\/p>\n<p>1. Gyan Doensen (NED, HUS), 50 points; 2. Vitezslav Marek (CZE, KTM), 44 p.; <strong>3. Jarne Bervoets (BEL, KTM), 40 p.<\/strong>; 4. Freddie Bartlett (SWE, KTM), 29 p.; 5. Tristen Mardo (EST, HUS), 26 p.; 6. Seth Dennis (USA, KTM), 25 p.; 7. Heath Fisher (AUS, HUS), 25 p.; 8. Dani Heitink (NED, HUS), 24 p.; 9. Matias Miettinen (FIN, KTM), 20 p.; 10. Amaury Maindru (FRA, KTM), 18 p.; 11. Josh Vail (GBR, HUS), 14 p.; 12. Erik Frisag\u00e5rd (SWE, KTM), 14 p.; <strong>13. Ian Ampoorter (BEL, KTM), 13 p.<\/strong>; 14. Travis Leok (EST, HUS), 13 p.; <strong>15. Douwe Van Mechgelen (BEL, HUS), 12 p.<\/strong>; 16. Filippo Mantovani (ITA, GAS), 11 p.; 17. Luca V\u00e4g (FIN, KTM), 11 p.; 18. Landon Gibson (USA, KTM), 11 p.; 19. Mano Faure (FRA, KTM), 10 p.; 20. Jan-Marten Paju (EST, HUS), 9 p.; 21. Eemil Pesonen (FIN, KTM), 6 p.; 22. Freddie Gardiner (GBR, KTM), 5 p.; 23. Jack Deveson (AUS, HUS), 4 p.; 24. Rene Nyman (FIN, KTM), 3 p.; 25. Emils Solovjevs (LAT, HUS), 3 p.; 26. Carson Wood (USA, KTM), 1 p.; 27. Casper Lindmark (SWE, KTM), 1 p.; 28. Raivo Laicans (LAT, HUS), 0 p.; 29. Topias Reinikainen (FIN, KTM), 0 p.; 30. Dawid Zaremba (POL, KTM), 0 p.; 31. Neil van der Vyver (RSA, HUS), 0 p.; 32. Jordan van Wyk (RSA, KTM), 0 p.; 33. Ricards Alens Galcins (LAT, GAS), 0 p.; 34. Juan Izaguirre (ESP, KTM), 0 p.; 35. Sander Sommerlee (SWE, HUS), 0 p.; 36. Max Salomaa (FIN, KTM), 0 p.; 37. Trey Andrew Cox (RSA, KTM), 0 p.; 38. Enzo Badenas Tejada (ESP, HUS), 0 p.; 39. Ot Mari (ESP, KTM), 0 p.; 40. Michal Psiuk (POL, KTM), 0 p.;<\/p>\n<p><strong>125CC<\/strong><\/p>\n<p>MANCHE 1<\/p>\n<p>1. Ivano Van Erp (NED, Yamaha), 29:26.078; 2. Cas Valk (NED, Fantic), +0:07.920; 3. Janis Martins Reisulis (LAT, KTM), +0:14.934; 4. Julius Mikula (CZE, KTM), +0:22.807; 5. Karlis Alberts Reisulis (LAT, Yamaha), +0:29.625; 6. Mathis Valin (FRA, GASGAS), +0:31.922; 7. Casey Cochran (USA, Husqvarna), +0:32.880; 8. Francisco Garcia (ESP, GASGAS), +0:33.688; 9. Kayden Minear (AUS, KTM), +0:40.505; 10. Saku Mansikkam\u00e4ki (FIN, Husqvarna), +0:52.767; 11. Ferruccio Zanchi (ITA, Yamaha), +1:11.712; 12. Laban Alm (SWE, Husqvarna), +1:14.699; 13. Roberts Lusis (LAT, KTM), +1:18.552; 14. Alexis Fueri (FRA, Fantic), +1:19.043; 15. Kasimir Hindersson (FIN, KTM), +1:24.676; 16. Nicolai Skovbjerg (DEN, Yamaha), +1:25.825; 17. Noel Zanocz (HUN, KTM), +1:28.631; 18. Hugo Forsgren (SWE, Yamaha), +1:30.352; 19. August Frisk (SWE, KTM), +1:36.306; 20. Uldis Freibergs (LAT, Husqvarna), +1:40.845; 21. Elias Auclair (NOR, Yamaha), +1:46.074; 22. Aaro Menna (FIN, KTM), +1:48.053; 23. Cole McCullough (IRL, KTM), +1:51.003; 24. Byron Dennis (AUS, GASGAS), +1:54.613; 25. Santeri Oinonen (FIN, GASGAS), +2:15.207; 26. Tristan Uiga (EST, KTM), -1 lap(s); 27. Edgar Canet (ESP, GASGAS), -1 lap(s); 28. Tomass Saicans (LAT, KTM), -1 lap(s); 29. Nico Stenberg (FIN, KTM), -1 lap(s); 30. Sebastian Leok (EST, Husqvarna), -1 lap(s); 31. Matteo Luigi Russi (ITA, KTM), -1 lap(s); 32. Mads Fredsoe (DEN, KTM), -1 lap(s); 33. Jakob Frandsen (DEN, KTM), -1 lap(s); 34. Magnus Gregersen (DEN, GASGAS), -1 lap(s); 35. Simone Mancini (ITA, KTM), -1 lap(s); 36. Adrian Bolviken (NOR, Yamaha), -1 lap(s); 37. Linus Persson (SWE, KTM), -3 lap(s); 38. Eric Rakow (GER, KTM), -7 lap(s); 39. Liam Akerlund (SWE, Yamaha), -8 lap(s);<\/p>\n<p>MANCHE 2<\/p>\n<p>1. Janis Martins Reisulis (LAT, KTM), 29:15.458; 2. Ivano Van Erp (NED, Yamaha), +0:06.995; 3. Cas Valk (NED, Fantic), +0:19.521; 4. Casey Cochran (USA, Husqvarna), +0:32.389; 5. Alexis Fueri (FRA, Fantic), +0:34.934; 6. Ferruccio Zanchi (ITA, Yamaha), +0:42.066; 7. Laban Alm (SWE, Husqvarna), +0:43.661; 8. Kayden Minear (AUS, KTM), +0:45.954; 9. Julius Mikula (CZE, KTM), +0:49.380; 10. Francisco Garcia (ESP, GASGAS), +0:54.831; 11. Saku Mansikkam\u00e4ki (FIN, Husqvarna), +0:56.570; 12. Edgar Canet (ESP, GASGAS), +1:03.465; 13. Roberts Lusis (LAT, KTM), +1:07.798; 14. Kasimir Hindersson (FIN, KTM), +1:15.468; 15. Nicolai Skovbjerg (DEN, Yamaha), +1:18.759; 16. Karlis Alberts Reisulis (LAT, Yamaha), +1:26.047; 17. Hugo Forsgren (SWE, Yamaha), +1:29.087; 18. Tomass Saicans (LAT, KTM), +1:33.185; 19. Matteo Luigi Russi (ITA, KTM), +1:42.799; 20. August Frisk (SWE, KTM), +1:49.094; 21. Uldis Freibergs (LAT, Husqvarna), +1:52.178; 22. Mads Fredsoe (DEN, KTM), +1:56.675; 23. Mathis Valin (FRA, GASGAS), -1 lap(s); 24. Jakob Frandsen (DEN, KTM), -1 lap(s); 25. Sebastian Leok (EST, Husqvarna), -1 lap(s); 26. Elias Auclair (NOR, Yamaha), -1 lap(s); 27. Tristan Uiga (EST, KTM), -1 lap(s); 28. Eric Rakow (GER, KTM), -1 lap(s); 29. Simone Mancini (ITA, KTM), -1 lap(s); 30. Maximilian Ernecker (AUT, GASGAS), -1 lap(s); 31. Ofir Casey Tzemach (ISR, KTM), -1 lap(s); 32. Nico Stenberg (FIN, KTM), -1 lap(s); 33. Santeri Oinonen (FIN, GASGAS), -1 lap(s); 34. Adrian Bolviken (NOR, Yamaha), -2 lap(s); 35. Linus Persson (SWE, KTM), -7 lap(s); 36. Collin Allen (USA, Yamaha), -9 lap(s); 37. Byron Dennis (AUS, GASGAS), -10 lap(s); 38. Aaro Menna (FIN, KTM), -10 lap(s); 39. Cole McCullough (IRL, KTM), -12 lap(s); 40. Noel Zanocz (HUN, KTM), -13 lap(s);<\/p>\n<p>CLASSEMENT GENERAL 125CC<\/p>\n<p>1. Ivano Van Erp (NED, YAM), 47 points; 2. Janis Martins Reisulis (LAT, KTM), 45 p.; 3. Cas Valk (NED, FAN), 42 p.; 4. Casey Cochran (USA, HUS), 32 p.; 5. Julius Mikula (CZE, KTM), 30 p.; 6. Ferruccio Zanchi (ITA, YAM), 25 p.; 7. Kayden Minear (AUS, KTM), 25 p.; 8. Francisco Garcia (ESP, GAS), 24 p.; 9. Alexis Fueri (FRA, FAN), 23 p.; 10. Laban Alm (SWE, HUS), 23 p.; 11. Saku Mansikkam\u00e4ki (FIN, HUS), 21 p.; 12. Karlis Alberts Reisulis (LAT, YAM), 21 p.; 13. Roberts Lusis (LAT, KTM), 16 p.; 14. Mathis Valin (FRA, GAS), 15 p.; 15. Kasimir Hindersson (FIN, KTM), 13 p.; 16. Nicolai Skovbjerg (DEN, YAM), 11 p.; 17. Edgar Canet (ESP, GAS), 9 p.; 18. Hugo Forsgren (SWE, YAM), 7 p.; 19. Noel Zanocz (HUN, KTM), 4 p.; 20. Tomass Saicans (LAT, KTM), 3 p.; 21. August Frisk (SWE, KTM), 3 p.; 22. Matteo Luigi Russi (ITA, KTM), 2 p.; 23. Uldis Freibergs (LAT, HUS), 1 p.; 24. Mads Fredsoe (DEN, KTM), 0 p.; 25. Jakob Frandsen (DEN, KTM), 0 p.; 26. Sebastian Leok (EST, HUS), 0 p.; 27. Elias Auclair (NOR, YAM), 0 p.; 28. Tristan Uiga (EST, KTM), 0 p.; 29. Eric Rakow (GER, KTM), 0 p.; 30. Simone Mancini (ITA, KTM), 0 p.; 31. Maximilian Ernecker (AUT, GAS), 0 p.; 32. Ofir Casey Tzemach (ISR, KTM), 0 p.; 33. Nico Stenberg (FIN, KTM), 0 p.; 34. Santeri Oinonen (FIN, GAS), 0 p.; 35. Adrian Bolviken (NOR, YAM), 0 p.; 36. Magnus Gregersen (DEN, GAS), 0 p.; 37. Linus Persson (SWE, KTM), 0 p.; 38. Collin Allen (USA, YAM), 0 p.; 39. Byron Dennis (AUS, GAS), 0 p.; 40. Aaro Menna (FIN, KTM), 0 p.; 41. Cole McCullough (IRL, KTM), 0 p.; 42. Liam Akerlund (SWE, YAM), 0 p.;<\/p>\n<p>CLASSEMENT FINAL INTER-NATIONS<\/p>\n<p>1 USA 17 pts; 2 Finland 25 pts; 3 The Netherlands 26 pts; 4 France 31 pts; 5 Estonia 32 pts; 6 Italy 35 pts; 7 Latvia 37 pts; 8 Australia 45 pts; 9 Spain 48 pts; 10 Czech Republic 7 pts; 11 Sweden 14 pts; <strong>12 Belgium 19 pts; <\/strong>13 Denmark 31 pts; 14 Austria 33 pts; 15 Great Britain 34 pts; 16 Poland 55 pts; 17 Rep. of South Africa 68 pts; 18 Hungary 19 pts; 19 Norway 27 pts; 20 Germany 29 pts;&#8230;<\/p>\n","protected":false},"excerpt":{"rendered":"<p>Les championnats du monde de motocross juniors se sont disput\u00e9s ce week-end sur la piste de Vantaa, en Finlande. Si les Hollandais en repartent avec deux titres mondiaux, Gyan Doensen [&#8230;]<\/p>\n","protected":false},"author":932,"featured_media":120425,"comment_status":"open","ping_status":"closed","sticky":false,"template":"","format":"standard","meta":{"footnotes":""},"categories":[54,44,4,5,45,55,56,65],"tags":[947],"class_list":["post-120424","post","type-post","status-publish","format-standard","has-post-thumbnail","hentry","category-actualite","category-kids","category-motocross","category-news","category-news-kids","category-news-actualite","category-resultats","category-slideshow","tag-motocross"],"yoast_head":"<!-- This site is optimized with the Yoast SEO plugin v27.4 - https:\/\/yoast.com\/product\/yoast-seo-wordpress\/ -->\n<title>Jarne Bervoets sur le podium du mondial Junior en Finlande - Motocross - Enduro - Supermoto | MotocrossMag<\/title>\n<meta name=\"robots\" content=\"index, follow, max-snippet:-1, max-image-preview:large, max-video-preview:-1\" \/>\n<link rel=\"canonical\" href=\"https:\/\/fr.motocrossmag.be\/index.php\/2022\/08\/jarne-bervoets-sur-le-podium-du-mondial-junior-en-finlande\/\" \/>\n<meta property=\"og:locale\" content=\"fr_FR\" \/>\n<meta property=\"og:type\" content=\"article\" \/>\n<meta property=\"og:title\" content=\"Jarne Bervoets sur le podium du mondial Junior en Finlande - Motocross - Enduro - Supermoto | MotocrossMag\" \/>\n<meta property=\"og:description\" content=\"Les championnats du monde de motocross juniors se sont disput\u00e9s ce week-end sur la piste de Vantaa, en Finlande. Si les Hollandais en repartent avec deux titres mondiaux, Gyan Doensen [...]\" \/>\n<meta property=\"og:url\" content=\"https:\/\/fr.motocrossmag.be\/index.php\/2022\/08\/jarne-bervoets-sur-le-podium-du-mondial-junior-en-finlande\/\" \/>\n<meta property=\"og:site_name\" content=\"Motocross - Enduro - Supermoto | MotocrossMag\" \/>\n<meta property=\"article:published_time\" content=\"2022-08-28T23:03:22+00:00\" \/>\n<meta property=\"article:modified_time\" content=\"2022-08-28T23:24:13+00:00\" \/>\n<meta property=\"og:image\" content=\"https:\/\/fr.motocrossmag.be\/wp-content\/uploads\/2022\/08\/podium-85-finland-bervoets.jpg\" \/>\n\t<meta property=\"og:image:width\" content=\"1000\" \/>\n\t<meta property=\"og:image:height\" content=\"715\" \/>\n\t<meta property=\"og:image:type\" content=\"image\/jpeg\" \/>\n<meta name=\"author\" content=\"oliviere\" \/>\n<meta name=\"twitter:card\" content=\"summary_large_image\" \/>\n<meta name=\"twitter:label1\" content=\"\u00c9crit par\" \/>\n\t<meta name=\"twitter:data1\" content=\"oliviere\" \/>\n\t<meta name=\"twitter:label2\" content=\"Dur\u00e9e de lecture estim\u00e9e\" \/>\n\t<meta name=\"twitter:data2\" content=\"11 minutes\" \/>\n<script type=\"application\/ld+json\" class=\"yoast-schema-graph\">{\"@context\":\"https:\\\/\\\/schema.org\",\"@graph\":[{\"@type\":\"Article\",\"@id\":\"https:\\\/\\\/fr.motocrossmag.be\\\/index.php\\\/2022\\\/08\\\/jarne-bervoets-sur-le-podium-du-mondial-junior-en-finlande\\\/#article\",\"isPartOf\":{\"@id\":\"https:\\\/\\\/fr.motocrossmag.be\\\/index.php\\\/2022\\\/08\\\/jarne-bervoets-sur-le-podium-du-mondial-junior-en-finlande\\\/\"},\"author\":{\"name\":\"oliviere\",\"@id\":\"https:\\\/\\\/fr.motocrossmag.be\\\/#\\\/schema\\\/person\\\/11b47143d9f755babca2c9110e03235c\"},\"headline\":\"Jarne Bervoets sur le podium du mondial Junior en Finlande\",\"datePublished\":\"2022-08-28T23:03:22+00:00\",\"dateModified\":\"2022-08-28T23:24:13+00:00\",\"mainEntityOfPage\":{\"@id\":\"https:\\\/\\\/fr.motocrossmag.be\\\/index.php\\\/2022\\\/08\\\/jarne-bervoets-sur-le-podium-du-mondial-junior-en-finlande\\\/\"},\"wordCount\":2189,\"commentCount\":0,\"image\":{\"@id\":\"https:\\\/\\\/fr.motocrossmag.be\\\/index.php\\\/2022\\\/08\\\/jarne-bervoets-sur-le-podium-du-mondial-junior-en-finlande\\\/#primaryimage\"},\"thumbnailUrl\":\"https:\\\/\\\/fr.motocrossmag.be\\\/wp-content\\\/uploads\\\/2022\\\/08\\\/podium-85-finland-bervoets.jpg\",\"keywords\":[\"Motocross\"],\"articleSection\":[\"Actualit\u00e9\",\"Kids\",\"Motocross\",\"News\",\"News\",\"News\",\"R\u00e9sultats\",\"Slideshow\"],\"inLanguage\":\"fr-FR\",\"potentialAction\":[{\"@type\":\"CommentAction\",\"name\":\"Comment\",\"target\":[\"https:\\\/\\\/fr.motocrossmag.be\\\/index.php\\\/2022\\\/08\\\/jarne-bervoets-sur-le-podium-du-mondial-junior-en-finlande\\\/#respond\"]}]},{\"@type\":\"WebPage\",\"@id\":\"https:\\\/\\\/fr.motocrossmag.be\\\/index.php\\\/2022\\\/08\\\/jarne-bervoets-sur-le-podium-du-mondial-junior-en-finlande\\\/\",\"url\":\"https:\\\/\\\/fr.motocrossmag.be\\\/index.php\\\/2022\\\/08\\\/jarne-bervoets-sur-le-podium-du-mondial-junior-en-finlande\\\/\",\"name\":\"Jarne Bervoets sur le podium du mondial Junior en Finlande - Motocross - Enduro - Supermoto | MotocrossMag\",\"isPartOf\":{\"@id\":\"https:\\\/\\\/fr.motocrossmag.be\\\/#website\"},\"primaryImageOfPage\":{\"@id\":\"https:\\\/\\\/fr.motocrossmag.be\\\/index.php\\\/2022\\\/08\\\/jarne-bervoets-sur-le-podium-du-mondial-junior-en-finlande\\\/#primaryimage\"},\"image\":{\"@id\":\"https:\\\/\\\/fr.motocrossmag.be\\\/index.php\\\/2022\\\/08\\\/jarne-bervoets-sur-le-podium-du-mondial-junior-en-finlande\\\/#primaryimage\"},\"thumbnailUrl\":\"https:\\\/\\\/fr.motocrossmag.be\\\/wp-content\\\/uploads\\\/2022\\\/08\\\/podium-85-finland-bervoets.jpg\",\"datePublished\":\"2022-08-28T23:03:22+00:00\",\"dateModified\":\"2022-08-28T23:24:13+00:00\",\"author\":{\"@id\":\"https:\\\/\\\/fr.motocrossmag.be\\\/#\\\/schema\\\/person\\\/11b47143d9f755babca2c9110e03235c\"},\"breadcrumb\":{\"@id\":\"https:\\\/\\\/fr.motocrossmag.be\\\/index.php\\\/2022\\\/08\\\/jarne-bervoets-sur-le-podium-du-mondial-junior-en-finlande\\\/#breadcrumb\"},\"inLanguage\":\"fr-FR\",\"potentialAction\":[{\"@type\":\"ReadAction\",\"target\":[\"https:\\\/\\\/fr.motocrossmag.be\\\/index.php\\\/2022\\\/08\\\/jarne-bervoets-sur-le-podium-du-mondial-junior-en-finlande\\\/\"]}]},{\"@type\":\"ImageObject\",\"inLanguage\":\"fr-FR\",\"@id\":\"https:\\\/\\\/fr.motocrossmag.be\\\/index.php\\\/2022\\\/08\\\/jarne-bervoets-sur-le-podium-du-mondial-junior-en-finlande\\\/#primaryimage\",\"url\":\"https:\\\/\\\/fr.motocrossmag.be\\\/wp-content\\\/uploads\\\/2022\\\/08\\\/podium-85-finland-bervoets.jpg\",\"contentUrl\":\"https:\\\/\\\/fr.motocrossmag.be\\\/wp-content\\\/uploads\\\/2022\\\/08\\\/podium-85-finland-bervoets.jpg\",\"width\":\"1000\",\"height\":\"715\"},{\"@type\":\"BreadcrumbList\",\"@id\":\"https:\\\/\\\/fr.motocrossmag.be\\\/index.php\\\/2022\\\/08\\\/jarne-bervoets-sur-le-podium-du-mondial-junior-en-finlande\\\/#breadcrumb\",\"itemListElement\":[{\"@type\":\"ListItem\",\"position\":1,\"name\":\"Accueil\",\"item\":\"https:\\\/\\\/fr.motocrossmag.be\\\/\"},{\"@type\":\"ListItem\",\"position\":2,\"name\":\"Jarne Bervoets sur le podium du mondial Junior en Finlande\"}]},{\"@type\":\"WebSite\",\"@id\":\"https:\\\/\\\/fr.motocrossmag.be\\\/#website\",\"url\":\"https:\\\/\\\/fr.motocrossmag.be\\\/\",\"name\":\"Motocross - Enduro - Supermoto | MotocrossMag\",\"description\":\"L&#039;actualit\u00e9 du motocross, de l&#039;enduro et du Supermoto en ligne!\",\"potentialAction\":[{\"@type\":\"SearchAction\",\"target\":{\"@type\":\"EntryPoint\",\"urlTemplate\":\"https:\\\/\\\/fr.motocrossmag.be\\\/?s={search_term_string}\"},\"query-input\":{\"@type\":\"PropertyValueSpecification\",\"valueRequired\":true,\"valueName\":\"search_term_string\"}}],\"inLanguage\":\"fr-FR\"},{\"@type\":\"Person\",\"@id\":\"https:\\\/\\\/fr.motocrossmag.be\\\/#\\\/schema\\\/person\\\/11b47143d9f755babca2c9110e03235c\",\"name\":\"oliviere\",\"image\":{\"@type\":\"ImageObject\",\"inLanguage\":\"fr-FR\",\"@id\":\"https:\\\/\\\/secure.gravatar.com\\\/avatar\\\/907069e0b81d119452040469e4a7501da1100f54f7f80180ce77bfab718288f6?s=96&d=mm&r=g\",\"url\":\"https:\\\/\\\/secure.gravatar.com\\\/avatar\\\/907069e0b81d119452040469e4a7501da1100f54f7f80180ce77bfab718288f6?s=96&d=mm&r=g\",\"contentUrl\":\"https:\\\/\\\/secure.gravatar.com\\\/avatar\\\/907069e0b81d119452040469e4a7501da1100f54f7f80180ce77bfab718288f6?s=96&d=mm&r=g\",\"caption\":\"oliviere\"},\"sameAs\":[\"http:\\\/\\\/www.motocrossmag.be\"],\"url\":\"https:\\\/\\\/fr.motocrossmag.be\\\/index.php\\\/author\\\/oliviere\\\/\"}]}<\/script>\n<!-- \/ Yoast SEO plugin. -->","yoast_head_json":{"title":"Jarne Bervoets sur le podium du mondial Junior en Finlande - Motocross - Enduro - Supermoto | MotocrossMag","robots":{"index":"index","follow":"follow","max-snippet":"max-snippet:-1","max-image-preview":"max-image-preview:large","max-video-preview":"max-video-preview:-1"},"canonical":"https:\/\/fr.motocrossmag.be\/index.php\/2022\/08\/jarne-bervoets-sur-le-podium-du-mondial-junior-en-finlande\/","og_locale":"fr_FR","og_type":"article","og_title":"Jarne Bervoets sur le podium du mondial Junior en Finlande - Motocross - Enduro - Supermoto | MotocrossMag","og_description":"Les championnats du monde de motocross juniors se sont disput\u00e9s ce week-end sur la piste de Vantaa, en Finlande. Si les Hollandais en repartent avec deux titres mondiaux, Gyan Doensen [...]","og_url":"https:\/\/fr.motocrossmag.be\/index.php\/2022\/08\/jarne-bervoets-sur-le-podium-du-mondial-junior-en-finlande\/","og_site_name":"Motocross - Enduro - Supermoto | MotocrossMag","article_published_time":"2022-08-28T23:03:22+00:00","article_modified_time":"2022-08-28T23:24:13+00:00","og_image":[{"width":1000,"height":715,"url":"https:\/\/fr.motocrossmag.be\/wp-content\/uploads\/2022\/08\/podium-85-finland-bervoets.jpg","type":"image\/jpeg"}],"author":"oliviere","twitter_card":"summary_large_image","twitter_misc":{"\u00c9crit par":"oliviere","Dur\u00e9e de lecture estim\u00e9e":"11 minutes"},"schema":{"@context":"https:\/\/schema.org","@graph":[{"@type":"Article","@id":"https:\/\/fr.motocrossmag.be\/index.php\/2022\/08\/jarne-bervoets-sur-le-podium-du-mondial-junior-en-finlande\/#article","isPartOf":{"@id":"https:\/\/fr.motocrossmag.be\/index.php\/2022\/08\/jarne-bervoets-sur-le-podium-du-mondial-junior-en-finlande\/"},"author":{"name":"oliviere","@id":"https:\/\/fr.motocrossmag.be\/#\/schema\/person\/11b47143d9f755babca2c9110e03235c"},"headline":"Jarne Bervoets sur le podium du mondial Junior en Finlande","datePublished":"2022-08-28T23:03:22+00:00","dateModified":"2022-08-28T23:24:13+00:00","mainEntityOfPage":{"@id":"https:\/\/fr.motocrossmag.be\/index.php\/2022\/08\/jarne-bervoets-sur-le-podium-du-mondial-junior-en-finlande\/"},"wordCount":2189,"commentCount":0,"image":{"@id":"https:\/\/fr.motocrossmag.be\/index.php\/2022\/08\/jarne-bervoets-sur-le-podium-du-mondial-junior-en-finlande\/#primaryimage"},"thumbnailUrl":"https:\/\/fr.motocrossmag.be\/wp-content\/uploads\/2022\/08\/podium-85-finland-bervoets.jpg","keywords":["Motocross"],"articleSection":["Actualit\u00e9","Kids","Motocross","News","News","News","R\u00e9sultats","Slideshow"],"inLanguage":"fr-FR","potentialAction":[{"@type":"CommentAction","name":"Comment","target":["https:\/\/fr.motocrossmag.be\/index.php\/2022\/08\/jarne-bervoets-sur-le-podium-du-mondial-junior-en-finlande\/#respond"]}]},{"@type":"WebPage","@id":"https:\/\/fr.motocrossmag.be\/index.php\/2022\/08\/jarne-bervoets-sur-le-podium-du-mondial-junior-en-finlande\/","url":"https:\/\/fr.motocrossmag.be\/index.php\/2022\/08\/jarne-bervoets-sur-le-podium-du-mondial-junior-en-finlande\/","name":"Jarne Bervoets sur le podium du mondial Junior en Finlande - Motocross - Enduro - Supermoto | MotocrossMag","isPartOf":{"@id":"https:\/\/fr.motocrossmag.be\/#website"},"primaryImageOfPage":{"@id":"https:\/\/fr.motocrossmag.be\/index.php\/2022\/08\/jarne-bervoets-sur-le-podium-du-mondial-junior-en-finlande\/#primaryimage"},"image":{"@id":"https:\/\/fr.motocrossmag.be\/index.php\/2022\/08\/jarne-bervoets-sur-le-podium-du-mondial-junior-en-finlande\/#primaryimage"},"thumbnailUrl":"https:\/\/fr.motocrossmag.be\/wp-content\/uploads\/2022\/08\/podium-85-finland-bervoets.jpg","datePublished":"2022-08-28T23:03:22+00:00","dateModified":"2022-08-28T23:24:13+00:00","author":{"@id":"https:\/\/fr.motocrossmag.be\/#\/schema\/person\/11b47143d9f755babca2c9110e03235c"},"breadcrumb":{"@id":"https:\/\/fr.motocrossmag.be\/index.php\/2022\/08\/jarne-bervoets-sur-le-podium-du-mondial-junior-en-finlande\/#breadcrumb"},"inLanguage":"fr-FR","potentialAction":[{"@type":"ReadAction","target":["https:\/\/fr.motocrossmag.be\/index.php\/2022\/08\/jarne-bervoets-sur-le-podium-du-mondial-junior-en-finlande\/"]}]},{"@type":"ImageObject","inLanguage":"fr-FR","@id":"https:\/\/fr.motocrossmag.be\/index.php\/2022\/08\/jarne-bervoets-sur-le-podium-du-mondial-junior-en-finlande\/#primaryimage","url":"https:\/\/fr.motocrossmag.be\/wp-content\/uploads\/2022\/08\/podium-85-finland-bervoets.jpg","contentUrl":"https:\/\/fr.motocrossmag.be\/wp-content\/uploads\/2022\/08\/podium-85-finland-bervoets.jpg","width":"1000","height":"715"},{"@type":"BreadcrumbList","@id":"https:\/\/fr.motocrossmag.be\/index.php\/2022\/08\/jarne-bervoets-sur-le-podium-du-mondial-junior-en-finlande\/#breadcrumb","itemListElement":[{"@type":"ListItem","position":1,"name":"Accueil","item":"https:\/\/fr.motocrossmag.be\/"},{"@type":"ListItem","position":2,"name":"Jarne Bervoets sur le podium du mondial Junior en Finlande"}]},{"@type":"WebSite","@id":"https:\/\/fr.motocrossmag.be\/#website","url":"https:\/\/fr.motocrossmag.be\/","name":"Motocross - Enduro - Supermoto | MotocrossMag","description":"L&#039;actualit\u00e9 du motocross, de l&#039;enduro et du Supermoto en ligne!","potentialAction":[{"@type":"SearchAction","target":{"@type":"EntryPoint","urlTemplate":"https:\/\/fr.motocrossmag.be\/?s={search_term_string}"},"query-input":{"@type":"PropertyValueSpecification","valueRequired":true,"valueName":"search_term_string"}}],"inLanguage":"fr-FR"},{"@type":"Person","@id":"https:\/\/fr.motocrossmag.be\/#\/schema\/person\/11b47143d9f755babca2c9110e03235c","name":"oliviere","image":{"@type":"ImageObject","inLanguage":"fr-FR","@id":"https:\/\/secure.gravatar.com\/avatar\/907069e0b81d119452040469e4a7501da1100f54f7f80180ce77bfab718288f6?s=96&d=mm&r=g","url":"https:\/\/secure.gravatar.com\/avatar\/907069e0b81d119452040469e4a7501da1100f54f7f80180ce77bfab718288f6?s=96&d=mm&r=g","contentUrl":"https:\/\/secure.gravatar.com\/avatar\/907069e0b81d119452040469e4a7501da1100f54f7f80180ce77bfab718288f6?s=96&d=mm&r=g","caption":"oliviere"},"sameAs":["http:\/\/www.motocrossmag.be"],"url":"https:\/\/fr.motocrossmag.be\/index.php\/author\/oliviere\/"}]}},"_links":{"self":[{"href":"https:\/\/fr.motocrossmag.be\/index.php\/wp-json\/wp\/v2\/posts\/120424","targetHints":{"allow":["GET"]}}],"collection":[{"href":"https:\/\/fr.motocrossmag.be\/index.php\/wp-json\/wp\/v2\/posts"}],"about":[{"href":"https:\/\/fr.motocrossmag.be\/index.php\/wp-json\/wp\/v2\/types\/post"}],"author":[{"embeddable":true,"href":"https:\/\/fr.motocrossmag.be\/index.php\/wp-json\/wp\/v2\/users\/932"}],"replies":[{"embeddable":true,"href":"https:\/\/fr.motocrossmag.be\/index.php\/wp-json\/wp\/v2\/comments?post=120424"}],"version-history":[{"count":1,"href":"https:\/\/fr.motocrossmag.be\/index.php\/wp-json\/wp\/v2\/posts\/120424\/revisions"}],"predecessor-version":[{"id":120426,"href":"https:\/\/fr.motocrossmag.be\/index.php\/wp-json\/wp\/v2\/posts\/120424\/revisions\/120426"}],"wp:featuredmedia":[{"embeddable":true,"href":"https:\/\/fr.motocrossmag.be\/index.php\/wp-json\/wp\/v2\/media\/120425"}],"wp:attachment":[{"href":"https:\/\/fr.motocrossmag.be\/index.php\/wp-json\/wp\/v2\/media?parent=120424"}],"wp:term":[{"taxonomy":"category","embeddable":true,"href":"https:\/\/fr.motocrossmag.be\/index.php\/wp-json\/wp\/v2\/categories?post=120424"},{"taxonomy":"post_tag","embeddable":true,"href":"https:\/\/fr.motocrossmag.be\/index.php\/wp-json\/wp\/v2\/tags?post=120424"}],"curies":[{"name":"wp","href":"https:\/\/api.w.org\/{rel}","templated":true}]}}