{"id":120655,"date":"2022-08-31T17:33:08","date_gmt":"2022-08-31T15:33:08","guid":{"rendered":"http:\/\/fr.motocrossmag.be\/?p=120655"},"modified":"2022-08-31T17:33:08","modified_gmt":"2022-08-31T15:33:08","slug":"joel-smets-inquiet-pour-lavenir-du-championnat-mxgp","status":"publish","type":"post","link":"https:\/\/fr.motocrossmag.be\/index.php\/2022\/08\/joel-smets-inquiet-pour-lavenir-du-championnat-mxgp\/","title":{"rendered":"Jo\u00ebl Smets inquiet pour l&rsquo;avenir du championnat MXGP"},"content":{"rendered":"<p><strong>Si vous suivez le championnat du monde de motocross MXGP, vous l&rsquo;avez forc\u00e9ment constat\u00e9 : \u00e0 l&rsquo;exception de quelques GP, la grille de d\u00e9part des deux cat\u00e9gories phares de la discipline peinent \u00e0 se remplir ces derniers mois. M\u00eame le GP de Saint-Jean-d&rsquo;Ang\u00e9ly il y a 10 jours en France n&rsquo;affichait que 19 pilotes en MX2 et 23 seulement en MXGP. Triste. R\u00e9pondant ce mardi aux questions de nos confr\u00e8res de <a href=\"https:\/\/www.hbvl.be\/\" target=\"_blank\" rel=\"noopener\">\u00ab\u00a0Het Belang van Limburg\u00a0\u00bb<\/a>, Jo\u00ebl Smets se dit pr\u00e9occup\u00e9 par l&rsquo;avenir du championnat du monde.<\/strong><\/p>\n<p>S&rsquo;il n&rsquo;est pas neuf que les teams, et forc\u00e9ment les plus modestes en particulier, sont r\u00e9ticents \u00e0 se d\u00e9placer en-dehors de l&rsquo;Europe, le constat s&rsquo;\u00e9largit depuis peu aux GP organis\u00e9s sur le vieux continent. Les grilles de d\u00e9part \u00e0 moiti\u00e9 vides du dernier GP de France faisaient peine \u00e0 voir. L&rsquo;augmentation des co\u00fbts de d\u00e9placement \u00e0 supporter par les teams est \u00e9videmment l&rsquo;explication principale de cette situation. M\u00eame les d\u00e9placements en Europe deviennent difficile \u00e0 supporter financi\u00e8rement pour bon nombre de teams, par ailleurs soumis \u00e0 d&rsquo;importants droits d&rsquo;inscriptions.<\/p>\n<p><img decoding=\"async\" class=\"lazyload alignnone size-full wp-image-118018\" src=\"http:\/\/fr.motocrossmag.be\/wp-content\/uploads\/2022\/06\/MXGP-START-MOTOCROSS-GP-10-FRA-2022.jpg\" data-orig-src=\"http:\/\/fr.motocrossmag.be\/wp-content\/uploads\/2022\/06\/MXGP-START-MOTOCROSS-GP-10-FRA-2022.jpg\" alt=\"\" width=\"1000\" height=\"666\" srcset=\"data:image\/svg+xml,%3Csvg%20xmlns%3D%27http%3A%2F%2Fwww.w3.org%2F2000%2Fsvg%27%20width%3D%271000%27%20height%3D%27666%27%20viewBox%3D%270%200%201000%20666%27%3E%3Crect%20width%3D%271000%27%20height%3D%27666%27%20fill-opacity%3D%220%22%2F%3E%3C%2Fsvg%3E\" data-srcset=\"https:\/\/fr.motocrossmag.be\/wp-content\/uploads\/2022\/06\/MXGP-START-MOTOCROSS-GP-10-FRA-2022-650x433.jpg 650w, https:\/\/fr.motocrossmag.be\/wp-content\/uploads\/2022\/06\/MXGP-START-MOTOCROSS-GP-10-FRA-2022-768x511.jpg 768w, https:\/\/fr.motocrossmag.be\/wp-content\/uploads\/2022\/06\/MXGP-START-MOTOCROSS-GP-10-FRA-2022.jpg 1000w\" data-sizes=\"auto\" data-orig-sizes=\"(max-width: 1000px) 100vw, 1000px\" \/><\/p>\n<p>Dans le journal limbourgeois, le quintuple champion du monde et actuel team manager de l&rsquo;\u00e9quipe officielle KTM Jo\u00ebl Smets regrette cette situation qui le pr\u00e9occupe. Pour lui, \u00ab\u00a0la tentative du promoteur Infront Moto Racing de faire du motocross un sport d&rsquo;\u00e9lite comme le MotoGP ou la F1 est un \u00e9chec. Le motocross a toujours \u00e9t\u00e9 un sport populaire, plus modeste, et il le restera.\u00a0\u00bb<\/p>\n<p>Il s&rsquo;\u00e9tonne par ailleurs que, dans le contexte que l&rsquo;on conna\u00eet, le promoteur \u00e9tablisse un calendrier qui ne tienne pas compte de cette r\u00e9alit\u00e9. \u00ab\u00a0Un titre a-t-il moins de valeur s&rsquo;il se joue sur seulement 14 ou 15 GP au lieu de 18 ou 19 ? Bien s\u00fbr que non ! Vaut-il moins si le championnat ne s&rsquo;est pas d\u00e9plac\u00e9 en Indon\u00e9sie ou \u00e0 Oman ? Evidemment, non ! Si on veut continuer en ce sens, il faut aider les \u00e9quipes, comme cela se fait en MotoGP. Il n&rsquo;est pas normal que seule les teams aient \u00e0 supporter tout cela\u00a0\u00bb confie Smets \u00e0 nos confr\u00e8res.<\/p>\n<p><img decoding=\"async\" class=\"lazyload alignnone size-full wp-image-119682\" src=\"http:\/\/fr.motocrossmag.be\/wp-content\/uploads\/2022\/08\/GEERTS-MOTOCROSS-GP-16-FIN-2022.jpg\" data-orig-src=\"http:\/\/fr.motocrossmag.be\/wp-content\/uploads\/2022\/08\/GEERTS-MOTOCROSS-GP-16-FIN-2022.jpg\" alt=\"\" width=\"1000\" height=\"665\" srcset=\"data:image\/svg+xml,%3Csvg%20xmlns%3D%27http%3A%2F%2Fwww.w3.org%2F2000%2Fsvg%27%20width%3D%271000%27%20height%3D%27665%27%20viewBox%3D%270%200%201000%20665%27%3E%3Crect%20width%3D%271000%27%20height%3D%27665%27%20fill-opacity%3D%220%22%2F%3E%3C%2Fsvg%3E\" data-srcset=\"https:\/\/fr.motocrossmag.be\/wp-content\/uploads\/2022\/08\/GEERTS-MOTOCROSS-GP-16-FIN-2022-650x432.jpg 650w, https:\/\/fr.motocrossmag.be\/wp-content\/uploads\/2022\/08\/GEERTS-MOTOCROSS-GP-16-FIN-2022-768x511.jpg 768w, https:\/\/fr.motocrossmag.be\/wp-content\/uploads\/2022\/08\/GEERTS-MOTOCROSS-GP-16-FIN-2022.jpg 1000w\" data-sizes=\"auto\" data-orig-sizes=\"(max-width: 1000px) 100vw, 1000px\" \/><\/p>\n<p>Le motocross en tant que sport est-il en train de mourir ? Smets est persuad\u00e9 que non. \u00ab\u00a0Quand on voit l&rsquo;engouement du public sur les derniers GP cette ann\u00e9e, on ne peut que penser que le motocross est encore bien vivant\u00a0\u00bb, rassure Smets. \u00ab\u00a0Mais il faut que les lignes bougent tout en haut. Rapidement. Sans team, il n&rsquo;y aura plus de places disponibles en GP. Ce sera un obstacle majeur pour le d\u00e9veloppement des jeunes pilotes.\u00a0\u00bb<\/p>\n<p>Alors que l&rsquo;\u00e9quipe Yamaha Kemea a notamment r\u00e9v\u00e9l\u00e9 avoir d\u00fb consacrer un budget de quelque 84 000 Euros pour son d\u00e9placement en Indon\u00e9sie, on sait que des discussions ont \u00e9t\u00e9 entam\u00e9e entre Infront Moto Racing et les repr\u00e9sentants des teams, sur fond de m\u00e9contentement. Esp\u00e9rons qu&rsquo;elles aboutiront \u00e0 des mesures concr\u00e8tes et constructives pour l&rsquo;avenir du motocross mondial.<\/p>\n<p>&nbsp;<\/p>\n","protected":false},"excerpt":{"rendered":"<p>Si vous suivez le championnat du monde de motocross MXGP, vous l&rsquo;avez forc\u00e9ment constat\u00e9 : \u00e0 l&rsquo;exception de quelques GP, la grille de d\u00e9part des deux cat\u00e9gories phares de la [&#8230;]<\/p>\n","protected":false},"author":932,"featured_media":120656,"comment_status":"open","ping_status":"closed","sticky":false,"template":"","format":"standard","meta":{"footnotes":""},"categories":[54,7,58,4,6,5,55,65],"tags":[1308,947,568],"class_list":["post-120655","post","type-post","status-publish","format-standard","has-post-thumbnail","hentry","category-actualite","category-interviews","category-interviews-actualite","category-motocross","category-mx1mx2","category-news","category-news-actualite","category-slideshow","tag-joel-smets","tag-motocross","tag-mxgp"],"yoast_head":"<!-- This site is optimized with the Yoast SEO plugin v27.4 - https:\/\/yoast.com\/product\/yoast-seo-wordpress\/ -->\n<title>Jo\u00ebl Smets inquiet pour l&#039;avenir du championnat MXGP - Motocross - Enduro - Supermoto | MotocrossMag<\/title>\n<meta name=\"robots\" content=\"index, follow, max-snippet:-1, max-image-preview:large, max-video-preview:-1\" \/>\n<link rel=\"canonical\" href=\"https:\/\/fr.motocrossmag.be\/index.php\/2022\/08\/joel-smets-inquiet-pour-lavenir-du-championnat-mxgp\/\" \/>\n<meta property=\"og:locale\" content=\"fr_FR\" \/>\n<meta property=\"og:type\" content=\"article\" \/>\n<meta property=\"og:title\" content=\"Jo\u00ebl Smets inquiet pour l&#039;avenir du championnat MXGP - Motocross - Enduro - Supermoto | MotocrossMag\" \/>\n<meta property=\"og:description\" content=\"Si vous suivez le championnat du monde de motocross MXGP, vous l&rsquo;avez forc\u00e9ment constat\u00e9 : \u00e0 l&rsquo;exception de quelques GP, la grille de d\u00e9part des deux cat\u00e9gories phares de la [...]\" \/>\n<meta property=\"og:url\" content=\"https:\/\/fr.motocrossmag.be\/index.php\/2022\/08\/joel-smets-inquiet-pour-lavenir-du-championnat-mxgp\/\" \/>\n<meta property=\"og:site_name\" content=\"Motocross - Enduro - Supermoto | MotocrossMag\" \/>\n<meta property=\"article:published_time\" content=\"2022-08-31T15:33:08+00:00\" \/>\n<meta property=\"og:image\" content=\"https:\/\/fr.motocrossmag.be\/wp-content\/uploads\/2022\/08\/447290_8th-Rd-MXGP-2022-_-Sardinia-_ITA_.jpg\" \/>\n\t<meta property=\"og:image:width\" content=\"1000\" \/>\n\t<meta property=\"og:image:height\" content=\"666\" \/>\n\t<meta property=\"og:image:type\" content=\"image\/jpeg\" \/>\n<meta name=\"author\" content=\"oliviere\" \/>\n<meta name=\"twitter:card\" content=\"summary_large_image\" \/>\n<meta name=\"twitter:label1\" content=\"\u00c9crit par\" \/>\n\t<meta name=\"twitter:data1\" content=\"oliviere\" \/>\n\t<meta name=\"twitter:label2\" content=\"Dur\u00e9e de lecture estim\u00e9e\" \/>\n\t<meta name=\"twitter:data2\" content=\"2 minutes\" \/>\n<script type=\"application\/ld+json\" class=\"yoast-schema-graph\">{\"@context\":\"https:\\\/\\\/schema.org\",\"@graph\":[{\"@type\":\"Article\",\"@id\":\"https:\\\/\\\/fr.motocrossmag.be\\\/index.php\\\/2022\\\/08\\\/joel-smets-inquiet-pour-lavenir-du-championnat-mxgp\\\/#article\",\"isPartOf\":{\"@id\":\"https:\\\/\\\/fr.motocrossmag.be\\\/index.php\\\/2022\\\/08\\\/joel-smets-inquiet-pour-lavenir-du-championnat-mxgp\\\/\"},\"author\":{\"name\":\"oliviere\",\"@id\":\"https:\\\/\\\/fr.motocrossmag.be\\\/#\\\/schema\\\/person\\\/11b47143d9f755babca2c9110e03235c\"},\"headline\":\"Jo\u00ebl Smets inquiet pour l&rsquo;avenir du championnat MXGP\",\"datePublished\":\"2022-08-31T15:33:08+00:00\",\"mainEntityOfPage\":{\"@id\":\"https:\\\/\\\/fr.motocrossmag.be\\\/index.php\\\/2022\\\/08\\\/joel-smets-inquiet-pour-lavenir-du-championnat-mxgp\\\/\"},\"wordCount\":525,\"commentCount\":0,\"image\":{\"@id\":\"https:\\\/\\\/fr.motocrossmag.be\\\/index.php\\\/2022\\\/08\\\/joel-smets-inquiet-pour-lavenir-du-championnat-mxgp\\\/#primaryimage\"},\"thumbnailUrl\":\"https:\\\/\\\/fr.motocrossmag.be\\\/wp-content\\\/uploads\\\/2022\\\/08\\\/447290_8th-Rd-MXGP-2022-_-Sardinia-_ITA_.jpg\",\"keywords\":[\"joel smets\",\"Motocross\",\"MXGP\"],\"articleSection\":[\"Actualit\u00e9\",\"Interviews\",\"Interviews -all\",\"Motocross\",\"Motocross MXGP\",\"News\",\"News\",\"Slideshow\"],\"inLanguage\":\"fr-FR\",\"potentialAction\":[{\"@type\":\"CommentAction\",\"name\":\"Comment\",\"target\":[\"https:\\\/\\\/fr.motocrossmag.be\\\/index.php\\\/2022\\\/08\\\/joel-smets-inquiet-pour-lavenir-du-championnat-mxgp\\\/#respond\"]}]},{\"@type\":\"WebPage\",\"@id\":\"https:\\\/\\\/fr.motocrossmag.be\\\/index.php\\\/2022\\\/08\\\/joel-smets-inquiet-pour-lavenir-du-championnat-mxgp\\\/\",\"url\":\"https:\\\/\\\/fr.motocrossmag.be\\\/index.php\\\/2022\\\/08\\\/joel-smets-inquiet-pour-lavenir-du-championnat-mxgp\\\/\",\"name\":\"Jo\u00ebl Smets inquiet pour l'avenir du championnat MXGP - Motocross - Enduro - Supermoto | MotocrossMag\",\"isPartOf\":{\"@id\":\"https:\\\/\\\/fr.motocrossmag.be\\\/#website\"},\"primaryImageOfPage\":{\"@id\":\"https:\\\/\\\/fr.motocrossmag.be\\\/index.php\\\/2022\\\/08\\\/joel-smets-inquiet-pour-lavenir-du-championnat-mxgp\\\/#primaryimage\"},\"image\":{\"@id\":\"https:\\\/\\\/fr.motocrossmag.be\\\/index.php\\\/2022\\\/08\\\/joel-smets-inquiet-pour-lavenir-du-championnat-mxgp\\\/#primaryimage\"},\"thumbnailUrl\":\"https:\\\/\\\/fr.motocrossmag.be\\\/wp-content\\\/uploads\\\/2022\\\/08\\\/447290_8th-Rd-MXGP-2022-_-Sardinia-_ITA_.jpg\",\"datePublished\":\"2022-08-31T15:33:08+00:00\",\"author\":{\"@id\":\"https:\\\/\\\/fr.motocrossmag.be\\\/#\\\/schema\\\/person\\\/11b47143d9f755babca2c9110e03235c\"},\"breadcrumb\":{\"@id\":\"https:\\\/\\\/fr.motocrossmag.be\\\/index.php\\\/2022\\\/08\\\/joel-smets-inquiet-pour-lavenir-du-championnat-mxgp\\\/#breadcrumb\"},\"inLanguage\":\"fr-FR\",\"potentialAction\":[{\"@type\":\"ReadAction\",\"target\":[\"https:\\\/\\\/fr.motocrossmag.be\\\/index.php\\\/2022\\\/08\\\/joel-smets-inquiet-pour-lavenir-du-championnat-mxgp\\\/\"]}]},{\"@type\":\"ImageObject\",\"inLanguage\":\"fr-FR\",\"@id\":\"https:\\\/\\\/fr.motocrossmag.be\\\/index.php\\\/2022\\\/08\\\/joel-smets-inquiet-pour-lavenir-du-championnat-mxgp\\\/#primaryimage\",\"url\":\"https:\\\/\\\/fr.motocrossmag.be\\\/wp-content\\\/uploads\\\/2022\\\/08\\\/447290_8th-Rd-MXGP-2022-_-Sardinia-_ITA_.jpg\",\"contentUrl\":\"https:\\\/\\\/fr.motocrossmag.be\\\/wp-content\\\/uploads\\\/2022\\\/08\\\/447290_8th-Rd-MXGP-2022-_-Sardinia-_ITA_.jpg\",\"width\":\"1000\",\"height\":\"666\"},{\"@type\":\"BreadcrumbList\",\"@id\":\"https:\\\/\\\/fr.motocrossmag.be\\\/index.php\\\/2022\\\/08\\\/joel-smets-inquiet-pour-lavenir-du-championnat-mxgp\\\/#breadcrumb\",\"itemListElement\":[{\"@type\":\"ListItem\",\"position\":1,\"name\":\"Accueil\",\"item\":\"https:\\\/\\\/fr.motocrossmag.be\\\/\"},{\"@type\":\"ListItem\",\"position\":2,\"name\":\"Jo\u00ebl Smets inquiet pour l&rsquo;avenir du championnat MXGP\"}]},{\"@type\":\"WebSite\",\"@id\":\"https:\\\/\\\/fr.motocrossmag.be\\\/#website\",\"url\":\"https:\\\/\\\/fr.motocrossmag.be\\\/\",\"name\":\"Motocross - Enduro - Supermoto | MotocrossMag\",\"description\":\"L&#039;actualit\u00e9 du motocross, de l&#039;enduro et du Supermoto en ligne!\",\"potentialAction\":[{\"@type\":\"SearchAction\",\"target\":{\"@type\":\"EntryPoint\",\"urlTemplate\":\"https:\\\/\\\/fr.motocrossmag.be\\\/?s={search_term_string}\"},\"query-input\":{\"@type\":\"PropertyValueSpecification\",\"valueRequired\":true,\"valueName\":\"search_term_string\"}}],\"inLanguage\":\"fr-FR\"},{\"@type\":\"Person\",\"@id\":\"https:\\\/\\\/fr.motocrossmag.be\\\/#\\\/schema\\\/person\\\/11b47143d9f755babca2c9110e03235c\",\"name\":\"oliviere\",\"image\":{\"@type\":\"ImageObject\",\"inLanguage\":\"fr-FR\",\"@id\":\"https:\\\/\\\/secure.gravatar.com\\\/avatar\\\/907069e0b81d119452040469e4a7501da1100f54f7f80180ce77bfab718288f6?s=96&d=mm&r=g\",\"url\":\"https:\\\/\\\/secure.gravatar.com\\\/avatar\\\/907069e0b81d119452040469e4a7501da1100f54f7f80180ce77bfab718288f6?s=96&d=mm&r=g\",\"contentUrl\":\"https:\\\/\\\/secure.gravatar.com\\\/avatar\\\/907069e0b81d119452040469e4a7501da1100f54f7f80180ce77bfab718288f6?s=96&d=mm&r=g\",\"caption\":\"oliviere\"},\"sameAs\":[\"http:\\\/\\\/www.motocrossmag.be\"],\"url\":\"https:\\\/\\\/fr.motocrossmag.be\\\/index.php\\\/author\\\/oliviere\\\/\"}]}<\/script>\n<!-- \/ Yoast SEO plugin. -->","yoast_head_json":{"title":"Jo\u00ebl Smets inquiet pour l'avenir du championnat MXGP - Motocross - Enduro - Supermoto | MotocrossMag","robots":{"index":"index","follow":"follow","max-snippet":"max-snippet:-1","max-image-preview":"max-image-preview:large","max-video-preview":"max-video-preview:-1"},"canonical":"https:\/\/fr.motocrossmag.be\/index.php\/2022\/08\/joel-smets-inquiet-pour-lavenir-du-championnat-mxgp\/","og_locale":"fr_FR","og_type":"article","og_title":"Jo\u00ebl Smets inquiet pour l'avenir du championnat MXGP - Motocross - Enduro - Supermoto | MotocrossMag","og_description":"Si vous suivez le championnat du monde de motocross MXGP, vous l&rsquo;avez forc\u00e9ment constat\u00e9 : \u00e0 l&rsquo;exception de quelques GP, la grille de d\u00e9part des deux cat\u00e9gories phares de la [...]","og_url":"https:\/\/fr.motocrossmag.be\/index.php\/2022\/08\/joel-smets-inquiet-pour-lavenir-du-championnat-mxgp\/","og_site_name":"Motocross - Enduro - Supermoto | MotocrossMag","article_published_time":"2022-08-31T15:33:08+00:00","og_image":[{"width":1000,"height":666,"url":"https:\/\/fr.motocrossmag.be\/wp-content\/uploads\/2022\/08\/447290_8th-Rd-MXGP-2022-_-Sardinia-_ITA_.jpg","type":"image\/jpeg"}],"author":"oliviere","twitter_card":"summary_large_image","twitter_misc":{"\u00c9crit par":"oliviere","Dur\u00e9e de lecture estim\u00e9e":"2 minutes"},"schema":{"@context":"https:\/\/schema.org","@graph":[{"@type":"Article","@id":"https:\/\/fr.motocrossmag.be\/index.php\/2022\/08\/joel-smets-inquiet-pour-lavenir-du-championnat-mxgp\/#article","isPartOf":{"@id":"https:\/\/fr.motocrossmag.be\/index.php\/2022\/08\/joel-smets-inquiet-pour-lavenir-du-championnat-mxgp\/"},"author":{"name":"oliviere","@id":"https:\/\/fr.motocrossmag.be\/#\/schema\/person\/11b47143d9f755babca2c9110e03235c"},"headline":"Jo\u00ebl Smets inquiet pour l&rsquo;avenir du championnat MXGP","datePublished":"2022-08-31T15:33:08+00:00","mainEntityOfPage":{"@id":"https:\/\/fr.motocrossmag.be\/index.php\/2022\/08\/joel-smets-inquiet-pour-lavenir-du-championnat-mxgp\/"},"wordCount":525,"commentCount":0,"image":{"@id":"https:\/\/fr.motocrossmag.be\/index.php\/2022\/08\/joel-smets-inquiet-pour-lavenir-du-championnat-mxgp\/#primaryimage"},"thumbnailUrl":"https:\/\/fr.motocrossmag.be\/wp-content\/uploads\/2022\/08\/447290_8th-Rd-MXGP-2022-_-Sardinia-_ITA_.jpg","keywords":["joel smets","Motocross","MXGP"],"articleSection":["Actualit\u00e9","Interviews","Interviews -all","Motocross","Motocross MXGP","News","News","Slideshow"],"inLanguage":"fr-FR","potentialAction":[{"@type":"CommentAction","name":"Comment","target":["https:\/\/fr.motocrossmag.be\/index.php\/2022\/08\/joel-smets-inquiet-pour-lavenir-du-championnat-mxgp\/#respond"]}]},{"@type":"WebPage","@id":"https:\/\/fr.motocrossmag.be\/index.php\/2022\/08\/joel-smets-inquiet-pour-lavenir-du-championnat-mxgp\/","url":"https:\/\/fr.motocrossmag.be\/index.php\/2022\/08\/joel-smets-inquiet-pour-lavenir-du-championnat-mxgp\/","name":"Jo\u00ebl Smets inquiet pour l'avenir du championnat MXGP - Motocross - Enduro - Supermoto | MotocrossMag","isPartOf":{"@id":"https:\/\/fr.motocrossmag.be\/#website"},"primaryImageOfPage":{"@id":"https:\/\/fr.motocrossmag.be\/index.php\/2022\/08\/joel-smets-inquiet-pour-lavenir-du-championnat-mxgp\/#primaryimage"},"image":{"@id":"https:\/\/fr.motocrossmag.be\/index.php\/2022\/08\/joel-smets-inquiet-pour-lavenir-du-championnat-mxgp\/#primaryimage"},"thumbnailUrl":"https:\/\/fr.motocrossmag.be\/wp-content\/uploads\/2022\/08\/447290_8th-Rd-MXGP-2022-_-Sardinia-_ITA_.jpg","datePublished":"2022-08-31T15:33:08+00:00","author":{"@id":"https:\/\/fr.motocrossmag.be\/#\/schema\/person\/11b47143d9f755babca2c9110e03235c"},"breadcrumb":{"@id":"https:\/\/fr.motocrossmag.be\/index.php\/2022\/08\/joel-smets-inquiet-pour-lavenir-du-championnat-mxgp\/#breadcrumb"},"inLanguage":"fr-FR","potentialAction":[{"@type":"ReadAction","target":["https:\/\/fr.motocrossmag.be\/index.php\/2022\/08\/joel-smets-inquiet-pour-lavenir-du-championnat-mxgp\/"]}]},{"@type":"ImageObject","inLanguage":"fr-FR","@id":"https:\/\/fr.motocrossmag.be\/index.php\/2022\/08\/joel-smets-inquiet-pour-lavenir-du-championnat-mxgp\/#primaryimage","url":"https:\/\/fr.motocrossmag.be\/wp-content\/uploads\/2022\/08\/447290_8th-Rd-MXGP-2022-_-Sardinia-_ITA_.jpg","contentUrl":"https:\/\/fr.motocrossmag.be\/wp-content\/uploads\/2022\/08\/447290_8th-Rd-MXGP-2022-_-Sardinia-_ITA_.jpg","width":"1000","height":"666"},{"@type":"BreadcrumbList","@id":"https:\/\/fr.motocrossmag.be\/index.php\/2022\/08\/joel-smets-inquiet-pour-lavenir-du-championnat-mxgp\/#breadcrumb","itemListElement":[{"@type":"ListItem","position":1,"name":"Accueil","item":"https:\/\/fr.motocrossmag.be\/"},{"@type":"ListItem","position":2,"name":"Jo\u00ebl Smets inquiet pour l&rsquo;avenir du championnat MXGP"}]},{"@type":"WebSite","@id":"https:\/\/fr.motocrossmag.be\/#website","url":"https:\/\/fr.motocrossmag.be\/","name":"Motocross - Enduro - Supermoto | MotocrossMag","description":"L&#039;actualit\u00e9 du motocross, de l&#039;enduro et du Supermoto en ligne!","potentialAction":[{"@type":"SearchAction","target":{"@type":"EntryPoint","urlTemplate":"https:\/\/fr.motocrossmag.be\/?s={search_term_string}"},"query-input":{"@type":"PropertyValueSpecification","valueRequired":true,"valueName":"search_term_string"}}],"inLanguage":"fr-FR"},{"@type":"Person","@id":"https:\/\/fr.motocrossmag.be\/#\/schema\/person\/11b47143d9f755babca2c9110e03235c","name":"oliviere","image":{"@type":"ImageObject","inLanguage":"fr-FR","@id":"https:\/\/secure.gravatar.com\/avatar\/907069e0b81d119452040469e4a7501da1100f54f7f80180ce77bfab718288f6?s=96&d=mm&r=g","url":"https:\/\/secure.gravatar.com\/avatar\/907069e0b81d119452040469e4a7501da1100f54f7f80180ce77bfab718288f6?s=96&d=mm&r=g","contentUrl":"https:\/\/secure.gravatar.com\/avatar\/907069e0b81d119452040469e4a7501da1100f54f7f80180ce77bfab718288f6?s=96&d=mm&r=g","caption":"oliviere"},"sameAs":["http:\/\/www.motocrossmag.be"],"url":"https:\/\/fr.motocrossmag.be\/index.php\/author\/oliviere\/"}]}},"_links":{"self":[{"href":"https:\/\/fr.motocrossmag.be\/index.php\/wp-json\/wp\/v2\/posts\/120655","targetHints":{"allow":["GET"]}}],"collection":[{"href":"https:\/\/fr.motocrossmag.be\/index.php\/wp-json\/wp\/v2\/posts"}],"about":[{"href":"https:\/\/fr.motocrossmag.be\/index.php\/wp-json\/wp\/v2\/types\/post"}],"author":[{"embeddable":true,"href":"https:\/\/fr.motocrossmag.be\/index.php\/wp-json\/wp\/v2\/users\/932"}],"replies":[{"embeddable":true,"href":"https:\/\/fr.motocrossmag.be\/index.php\/wp-json\/wp\/v2\/comments?post=120655"}],"version-history":[{"count":0,"href":"https:\/\/fr.motocrossmag.be\/index.php\/wp-json\/wp\/v2\/posts\/120655\/revisions"}],"wp:featuredmedia":[{"embeddable":true,"href":"https:\/\/fr.motocrossmag.be\/index.php\/wp-json\/wp\/v2\/media\/120656"}],"wp:attachment":[{"href":"https:\/\/fr.motocrossmag.be\/index.php\/wp-json\/wp\/v2\/media?parent=120655"}],"wp:term":[{"taxonomy":"category","embeddable":true,"href":"https:\/\/fr.motocrossmag.be\/index.php\/wp-json\/wp\/v2\/categories?post=120655"},{"taxonomy":"post_tag","embeddable":true,"href":"https:\/\/fr.motocrossmag.be\/index.php\/wp-json\/wp\/v2\/tags?post=120655"}],"curies":[{"name":"wp","href":"https:\/\/api.w.org\/{rel}","templated":true}]}}