{"id":120678,"date":"2022-09-03T18:52:43","date_gmt":"2022-09-03T16:52:43","guid":{"rendered":"http:\/\/fr.motocrossmag.be\/?p=120678"},"modified":"2022-09-03T18:52:43","modified_gmt":"2022-09-03T16:52:43","slug":"tom-vialle-et-maxime-renaux-prennent-les-dernieres-poles-de-la-saison","status":"publish","type":"post","link":"https:\/\/fr.motocrossmag.be\/index.php\/2022\/09\/tom-vialle-et-maxime-renaux-prennent-les-dernieres-poles-de-la-saison\/","title":{"rendered":"Tom Vialle et Maxime Renaux prennent les derni\u00e8res poles de la saison"},"content":{"rendered":"<p><strong>Le tout dernier GP de la saison de motocross se dispute ce week-end en Turquie. Sur la piste d&rsquo;Afyon, dans l&rsquo;ouest du pays, ce sont les Fran\u00e7ais Tom Vialle (MX2) et Maxime Renaux (MXGP) qui ont enlev\u00e9 ce samedi apr\u00e8s-midi les derni\u00e8res poles de la saison.<\/strong><\/p>\n<p>En MX2, Vialle a men\u00e9 de bout en bout devant son rival dans la course au titre mondial, Jago Geerts, leader du provisoire avec 2 points d&rsquo;avance sur le pilote KTM. Thibault Benistant compl\u00e8te le podium alors que les Hollandais De Wolf et Van De Moosdijk compl\u00e8tent pour leur part le top-5 juste devant Liam Everts.<\/p>\n<p>En MXGP, Maxime Renaux a men\u00e9 la premi\u00e8re moiti\u00e9 de course avant de passer le relai \u00e0 Mitch Evans. Dans le dernier tour, Renaux reprend cependant le leadership pour s&rsquo;imposer devant l&rsquo;Australien et le Suisse Jeremy Seewer. Le top-5 est \u00e9galement compos\u00e9 de Ruben Fernandez et du quintuple champion du monde Tim Gajser.<\/p>\n<p>Notons que, \u00e9tant donn\u00e9 les absences de <a href=\"http:\/\/fr.motocrossmag.be\/index.php\/2022\/08\/jeremy-van-horebeek-blesse-en-france\/\">Jeremy Van Horebeek<\/a> et de <a href=\"http:\/\/fr.motocrossmag.be\/index.php\/2022\/09\/brent-van-doninck-absent-du-gp-de-turquie\/\">Brent Van Doninck<\/a>, aucun pilote belge n&rsquo;est engag\u00e9 en Turquie dans la cat\u00e9gorie reine.<\/p>\n<p><span style=\"color: #800000;\"><strong>R\u00e9sultats<\/strong><\/span><\/p>\n<p>MX2<\/p>\n<p>1. Tom Vialle (FRA, KTM), 23:58.567; <strong>2. Jago Geerts (BEL, Yamaha), +0:04.311<\/strong>; 3. Thibault Benistant (FRA, Yamaha), +0:21.155; 4. Kay de Wolf (NED, Husqvarna), +0:24.057; 5. Roan Van De Moosdijk (NED, Husqvarna), +0:25.101;<strong> 6. Liam Everts (BEL, KTM), +0:26.212<\/strong>; 7. Jan Pancar (SLO, KTM), +0:36.148; 8. Andrea Adamo (ITA, GASGAS), +0:38.386; 9. Simon Laengenfelder (GER, GASGAS), +0:42.608; 10. Kevin Horgmo (NOR, Kawasaki), +0:44.373; 11. Kay Karssemakers (NED, KTM), +1:05.108; 12. Andrea Bonacorsi (ITA, Yamaha), +1:13.370; 13. Rick Elzinga (NED, Yamaha), +1:19.451; 14. Cornelius Toendel (NOR, Fantic), +1:27.280; 15. Stephen Rubini (FRA, Honda), +1:28.091; 16. Jakub Teresak (CZE, KTM), +1:29.316; 17. Mikkel Haarup (DEN, Kawasaki), +1:06.800; 18. Emil Weckman (FIN, Honda), +1:36.295; 19. Scotty Verhaeghe (FRA, KTM), +1:48.325; 20. Cas Valk (NED, Fantic), +1:57.609; 21. Hakan Halmi (BUL, KTM), -1 lap(s); 22. Dimitar Grozdanov (BUL, GASGAS), -1 lap(s);<\/p>\n<p>MXGP<\/p>\n<p>1. Maxime Renaux (FRA, Yamaha), 23:49.609; 2. Mitchell Evans (AUS, Honda), +0:04.114; 3. Jeremy Seewer (SUI, Yamaha), +0:08.819; 4. Ruben Fernandez (ESP, Honda), +0:10.953; 5. Tim Gajser (SLO, Honda), +0:12.864; 6. Glenn Coldenhoff (NED, Yamaha), +0:15.745; 7. Valentin Guillod (SUI, Yamaha), +0:15.954; 8. Romain Febvre (FRA, Kawasaki), +0:23.306; 9. Pauls Jonass (LAT, Husqvarna), +0:25.772; 10. Calvin Vlaanderen (NED, Yamaha), +0:28.698; 11. Alberto Forato (ITA, GASGAS), +0:30.701; 12. Brian Bogers (NED, Husqvarna), +0:31.513; 13. Mattia Guadagnini (ITA, GASGAS), +0:32.342; 14. Jorge Prado (ESP, GASGAS), +0:43.075; 15. Alvin \u00d6stlund (SWE, Yamaha), +0:48.279; 16. Ivo Monticelli (ITA, Honda), +0:51.079; 17. Henry Jacobi (GER, Honda), +0:52.859; 18. Nicholas Lapucci (ITA, Fantic), +1:03.969; 19. Ben Watson (GBR, Kawasaki), +1:41.005; 20. Panagiotis Kouzis (GRE, GASGAS), -1 lap(s);<\/p>\n","protected":false},"excerpt":{"rendered":"<p>Le tout dernier GP de la saison de motocross se dispute ce week-end en Turquie. Sur la piste d&rsquo;Afyon, dans l&rsquo;ouest du pays, ce sont les Fran\u00e7ais Tom Vialle (MX2) [&#8230;]<\/p>\n","protected":false},"author":932,"featured_media":120679,"comment_status":"open","ping_status":"closed","sticky":false,"template":"","format":"standard","meta":{"footnotes":""},"categories":[54,4,6,5,55,56,65],"tags":[813,1247,1041,947,568,1246],"class_list":["post-120678","post","type-post","status-publish","format-standard","has-post-thumbnail","hentry","category-actualite","category-motocross","category-mx1mx2","category-news","category-news-actualite","category-resultats","category-slideshow","tag-jago-geerts","tag-liam-everts","tag-maxime-renaux","tag-motocross","tag-mxgp","tag-tom-vialle"],"yoast_head":"<!-- This site is optimized with the Yoast SEO plugin v27.4 - https:\/\/yoast.com\/product\/yoast-seo-wordpress\/ -->\n<title>Tom Vialle et Maxime Renaux prennent les derni\u00e8res poles de la saison - Motocross - Enduro - Supermoto | MotocrossMag<\/title>\n<meta name=\"robots\" content=\"index, follow, max-snippet:-1, max-image-preview:large, max-video-preview:-1\" \/>\n<link rel=\"canonical\" href=\"https:\/\/fr.motocrossmag.be\/index.php\/2022\/09\/tom-vialle-et-maxime-renaux-prennent-les-dernieres-poles-de-la-saison\/\" \/>\n<meta property=\"og:locale\" content=\"fr_FR\" \/>\n<meta property=\"og:type\" content=\"article\" \/>\n<meta property=\"og:title\" content=\"Tom Vialle et Maxime Renaux prennent les derni\u00e8res poles de la saison - Motocross - Enduro - Supermoto | MotocrossMag\" \/>\n<meta property=\"og:description\" content=\"Le tout dernier GP de la saison de motocross se dispute ce week-end en Turquie. Sur la piste d&rsquo;Afyon, dans l&rsquo;ouest du pays, ce sont les Fran\u00e7ais Tom Vialle (MX2) [...]\" \/>\n<meta property=\"og:url\" content=\"https:\/\/fr.motocrossmag.be\/index.php\/2022\/09\/tom-vialle-et-maxime-renaux-prennent-les-dernieres-poles-de-la-saison\/\" \/>\n<meta property=\"og:site_name\" content=\"Motocross - Enduro - Supermoto | MotocrossMag\" \/>\n<meta property=\"article:published_time\" content=\"2022-09-03T16:52:43+00:00\" \/>\n<meta property=\"og:image\" content=\"https:\/\/fr.motocrossmag.be\/wp-content\/uploads\/2022\/09\/467878_Vialle_MXGP_2022_R17_AH9I0784_17th-Rd-MXGP-2022-_-St.-Jean-d_Angely-_FRA_.jpg\" \/>\n\t<meta property=\"og:image:width\" content=\"1000\" \/>\n\t<meta property=\"og:image:height\" content=\"666\" \/>\n\t<meta property=\"og:image:type\" content=\"image\/jpeg\" \/>\n<meta name=\"author\" content=\"oliviere\" \/>\n<meta name=\"twitter:card\" content=\"summary_large_image\" \/>\n<meta name=\"twitter:label1\" content=\"\u00c9crit par\" \/>\n\t<meta name=\"twitter:data1\" content=\"oliviere\" \/>\n\t<meta name=\"twitter:label2\" content=\"Dur\u00e9e de lecture estim\u00e9e\" \/>\n\t<meta name=\"twitter:data2\" content=\"2 minutes\" \/>\n<script type=\"application\/ld+json\" class=\"yoast-schema-graph\">{\"@context\":\"https:\\\/\\\/schema.org\",\"@graph\":[{\"@type\":\"Article\",\"@id\":\"https:\\\/\\\/fr.motocrossmag.be\\\/index.php\\\/2022\\\/09\\\/tom-vialle-et-maxime-renaux-prennent-les-dernieres-poles-de-la-saison\\\/#article\",\"isPartOf\":{\"@id\":\"https:\\\/\\\/fr.motocrossmag.be\\\/index.php\\\/2022\\\/09\\\/tom-vialle-et-maxime-renaux-prennent-les-dernieres-poles-de-la-saison\\\/\"},\"author\":{\"name\":\"oliviere\",\"@id\":\"https:\\\/\\\/fr.motocrossmag.be\\\/#\\\/schema\\\/person\\\/11b47143d9f755babca2c9110e03235c\"},\"headline\":\"Tom Vialle et Maxime Renaux prennent les derni\u00e8res poles de la saison\",\"datePublished\":\"2022-09-03T16:52:43+00:00\",\"mainEntityOfPage\":{\"@id\":\"https:\\\/\\\/fr.motocrossmag.be\\\/index.php\\\/2022\\\/09\\\/tom-vialle-et-maxime-renaux-prennent-les-dernieres-poles-de-la-saison\\\/\"},\"wordCount\":389,\"commentCount\":0,\"image\":{\"@id\":\"https:\\\/\\\/fr.motocrossmag.be\\\/index.php\\\/2022\\\/09\\\/tom-vialle-et-maxime-renaux-prennent-les-dernieres-poles-de-la-saison\\\/#primaryimage\"},\"thumbnailUrl\":\"https:\\\/\\\/fr.motocrossmag.be\\\/wp-content\\\/uploads\\\/2022\\\/09\\\/467878_Vialle_MXGP_2022_R17_AH9I0784_17th-Rd-MXGP-2022-_-St.-Jean-d_Angely-_FRA_.jpg\",\"keywords\":[\"Jago Geerts\",\"liam everts\",\"maxime renaux\",\"Motocross\",\"MXGP\",\"tom vialle\"],\"articleSection\":[\"Actualit\u00e9\",\"Motocross\",\"Motocross MXGP\",\"News\",\"News\",\"R\u00e9sultats\",\"Slideshow\"],\"inLanguage\":\"fr-FR\",\"potentialAction\":[{\"@type\":\"CommentAction\",\"name\":\"Comment\",\"target\":[\"https:\\\/\\\/fr.motocrossmag.be\\\/index.php\\\/2022\\\/09\\\/tom-vialle-et-maxime-renaux-prennent-les-dernieres-poles-de-la-saison\\\/#respond\"]}]},{\"@type\":\"WebPage\",\"@id\":\"https:\\\/\\\/fr.motocrossmag.be\\\/index.php\\\/2022\\\/09\\\/tom-vialle-et-maxime-renaux-prennent-les-dernieres-poles-de-la-saison\\\/\",\"url\":\"https:\\\/\\\/fr.motocrossmag.be\\\/index.php\\\/2022\\\/09\\\/tom-vialle-et-maxime-renaux-prennent-les-dernieres-poles-de-la-saison\\\/\",\"name\":\"Tom Vialle et Maxime Renaux prennent les derni\u00e8res poles de la saison - Motocross - Enduro - Supermoto | MotocrossMag\",\"isPartOf\":{\"@id\":\"https:\\\/\\\/fr.motocrossmag.be\\\/#website\"},\"primaryImageOfPage\":{\"@id\":\"https:\\\/\\\/fr.motocrossmag.be\\\/index.php\\\/2022\\\/09\\\/tom-vialle-et-maxime-renaux-prennent-les-dernieres-poles-de-la-saison\\\/#primaryimage\"},\"image\":{\"@id\":\"https:\\\/\\\/fr.motocrossmag.be\\\/index.php\\\/2022\\\/09\\\/tom-vialle-et-maxime-renaux-prennent-les-dernieres-poles-de-la-saison\\\/#primaryimage\"},\"thumbnailUrl\":\"https:\\\/\\\/fr.motocrossmag.be\\\/wp-content\\\/uploads\\\/2022\\\/09\\\/467878_Vialle_MXGP_2022_R17_AH9I0784_17th-Rd-MXGP-2022-_-St.-Jean-d_Angely-_FRA_.jpg\",\"datePublished\":\"2022-09-03T16:52:43+00:00\",\"author\":{\"@id\":\"https:\\\/\\\/fr.motocrossmag.be\\\/#\\\/schema\\\/person\\\/11b47143d9f755babca2c9110e03235c\"},\"breadcrumb\":{\"@id\":\"https:\\\/\\\/fr.motocrossmag.be\\\/index.php\\\/2022\\\/09\\\/tom-vialle-et-maxime-renaux-prennent-les-dernieres-poles-de-la-saison\\\/#breadcrumb\"},\"inLanguage\":\"fr-FR\",\"potentialAction\":[{\"@type\":\"ReadAction\",\"target\":[\"https:\\\/\\\/fr.motocrossmag.be\\\/index.php\\\/2022\\\/09\\\/tom-vialle-et-maxime-renaux-prennent-les-dernieres-poles-de-la-saison\\\/\"]}]},{\"@type\":\"ImageObject\",\"inLanguage\":\"fr-FR\",\"@id\":\"https:\\\/\\\/fr.motocrossmag.be\\\/index.php\\\/2022\\\/09\\\/tom-vialle-et-maxime-renaux-prennent-les-dernieres-poles-de-la-saison\\\/#primaryimage\",\"url\":\"https:\\\/\\\/fr.motocrossmag.be\\\/wp-content\\\/uploads\\\/2022\\\/09\\\/467878_Vialle_MXGP_2022_R17_AH9I0784_17th-Rd-MXGP-2022-_-St.-Jean-d_Angely-_FRA_.jpg\",\"contentUrl\":\"https:\\\/\\\/fr.motocrossmag.be\\\/wp-content\\\/uploads\\\/2022\\\/09\\\/467878_Vialle_MXGP_2022_R17_AH9I0784_17th-Rd-MXGP-2022-_-St.-Jean-d_Angely-_FRA_.jpg\",\"width\":\"1000\",\"height\":\"666\"},{\"@type\":\"BreadcrumbList\",\"@id\":\"https:\\\/\\\/fr.motocrossmag.be\\\/index.php\\\/2022\\\/09\\\/tom-vialle-et-maxime-renaux-prennent-les-dernieres-poles-de-la-saison\\\/#breadcrumb\",\"itemListElement\":[{\"@type\":\"ListItem\",\"position\":1,\"name\":\"Accueil\",\"item\":\"https:\\\/\\\/fr.motocrossmag.be\\\/\"},{\"@type\":\"ListItem\",\"position\":2,\"name\":\"Tom Vialle et Maxime Renaux prennent les derni\u00e8res poles de la saison\"}]},{\"@type\":\"WebSite\",\"@id\":\"https:\\\/\\\/fr.motocrossmag.be\\\/#website\",\"url\":\"https:\\\/\\\/fr.motocrossmag.be\\\/\",\"name\":\"Motocross - Enduro - Supermoto | MotocrossMag\",\"description\":\"L&#039;actualit\u00e9 du motocross, de l&#039;enduro et du Supermoto en ligne!\",\"potentialAction\":[{\"@type\":\"SearchAction\",\"target\":{\"@type\":\"EntryPoint\",\"urlTemplate\":\"https:\\\/\\\/fr.motocrossmag.be\\\/?s={search_term_string}\"},\"query-input\":{\"@type\":\"PropertyValueSpecification\",\"valueRequired\":true,\"valueName\":\"search_term_string\"}}],\"inLanguage\":\"fr-FR\"},{\"@type\":\"Person\",\"@id\":\"https:\\\/\\\/fr.motocrossmag.be\\\/#\\\/schema\\\/person\\\/11b47143d9f755babca2c9110e03235c\",\"name\":\"oliviere\",\"image\":{\"@type\":\"ImageObject\",\"inLanguage\":\"fr-FR\",\"@id\":\"https:\\\/\\\/secure.gravatar.com\\\/avatar\\\/907069e0b81d119452040469e4a7501da1100f54f7f80180ce77bfab718288f6?s=96&d=mm&r=g\",\"url\":\"https:\\\/\\\/secure.gravatar.com\\\/avatar\\\/907069e0b81d119452040469e4a7501da1100f54f7f80180ce77bfab718288f6?s=96&d=mm&r=g\",\"contentUrl\":\"https:\\\/\\\/secure.gravatar.com\\\/avatar\\\/907069e0b81d119452040469e4a7501da1100f54f7f80180ce77bfab718288f6?s=96&d=mm&r=g\",\"caption\":\"oliviere\"},\"sameAs\":[\"http:\\\/\\\/www.motocrossmag.be\"],\"url\":\"https:\\\/\\\/fr.motocrossmag.be\\\/index.php\\\/author\\\/oliviere\\\/\"}]}<\/script>\n<!-- \/ Yoast SEO plugin. -->","yoast_head_json":{"title":"Tom Vialle et Maxime Renaux prennent les derni\u00e8res poles de la saison - Motocross - Enduro - Supermoto | MotocrossMag","robots":{"index":"index","follow":"follow","max-snippet":"max-snippet:-1","max-image-preview":"max-image-preview:large","max-video-preview":"max-video-preview:-1"},"canonical":"https:\/\/fr.motocrossmag.be\/index.php\/2022\/09\/tom-vialle-et-maxime-renaux-prennent-les-dernieres-poles-de-la-saison\/","og_locale":"fr_FR","og_type":"article","og_title":"Tom Vialle et Maxime Renaux prennent les derni\u00e8res poles de la saison - Motocross - Enduro - Supermoto | MotocrossMag","og_description":"Le tout dernier GP de la saison de motocross se dispute ce week-end en Turquie. Sur la piste d&rsquo;Afyon, dans l&rsquo;ouest du pays, ce sont les Fran\u00e7ais Tom Vialle (MX2) [...]","og_url":"https:\/\/fr.motocrossmag.be\/index.php\/2022\/09\/tom-vialle-et-maxime-renaux-prennent-les-dernieres-poles-de-la-saison\/","og_site_name":"Motocross - Enduro - Supermoto | MotocrossMag","article_published_time":"2022-09-03T16:52:43+00:00","og_image":[{"width":1000,"height":666,"url":"https:\/\/fr.motocrossmag.be\/wp-content\/uploads\/2022\/09\/467878_Vialle_MXGP_2022_R17_AH9I0784_17th-Rd-MXGP-2022-_-St.-Jean-d_Angely-_FRA_.jpg","type":"image\/jpeg"}],"author":"oliviere","twitter_card":"summary_large_image","twitter_misc":{"\u00c9crit par":"oliviere","Dur\u00e9e de lecture estim\u00e9e":"2 minutes"},"schema":{"@context":"https:\/\/schema.org","@graph":[{"@type":"Article","@id":"https:\/\/fr.motocrossmag.be\/index.php\/2022\/09\/tom-vialle-et-maxime-renaux-prennent-les-dernieres-poles-de-la-saison\/#article","isPartOf":{"@id":"https:\/\/fr.motocrossmag.be\/index.php\/2022\/09\/tom-vialle-et-maxime-renaux-prennent-les-dernieres-poles-de-la-saison\/"},"author":{"name":"oliviere","@id":"https:\/\/fr.motocrossmag.be\/#\/schema\/person\/11b47143d9f755babca2c9110e03235c"},"headline":"Tom Vialle et Maxime Renaux prennent les derni\u00e8res poles de la saison","datePublished":"2022-09-03T16:52:43+00:00","mainEntityOfPage":{"@id":"https:\/\/fr.motocrossmag.be\/index.php\/2022\/09\/tom-vialle-et-maxime-renaux-prennent-les-dernieres-poles-de-la-saison\/"},"wordCount":389,"commentCount":0,"image":{"@id":"https:\/\/fr.motocrossmag.be\/index.php\/2022\/09\/tom-vialle-et-maxime-renaux-prennent-les-dernieres-poles-de-la-saison\/#primaryimage"},"thumbnailUrl":"https:\/\/fr.motocrossmag.be\/wp-content\/uploads\/2022\/09\/467878_Vialle_MXGP_2022_R17_AH9I0784_17th-Rd-MXGP-2022-_-St.-Jean-d_Angely-_FRA_.jpg","keywords":["Jago Geerts","liam everts","maxime renaux","Motocross","MXGP","tom vialle"],"articleSection":["Actualit\u00e9","Motocross","Motocross MXGP","News","News","R\u00e9sultats","Slideshow"],"inLanguage":"fr-FR","potentialAction":[{"@type":"CommentAction","name":"Comment","target":["https:\/\/fr.motocrossmag.be\/index.php\/2022\/09\/tom-vialle-et-maxime-renaux-prennent-les-dernieres-poles-de-la-saison\/#respond"]}]},{"@type":"WebPage","@id":"https:\/\/fr.motocrossmag.be\/index.php\/2022\/09\/tom-vialle-et-maxime-renaux-prennent-les-dernieres-poles-de-la-saison\/","url":"https:\/\/fr.motocrossmag.be\/index.php\/2022\/09\/tom-vialle-et-maxime-renaux-prennent-les-dernieres-poles-de-la-saison\/","name":"Tom Vialle et Maxime Renaux prennent les derni\u00e8res poles de la saison - Motocross - Enduro - Supermoto | MotocrossMag","isPartOf":{"@id":"https:\/\/fr.motocrossmag.be\/#website"},"primaryImageOfPage":{"@id":"https:\/\/fr.motocrossmag.be\/index.php\/2022\/09\/tom-vialle-et-maxime-renaux-prennent-les-dernieres-poles-de-la-saison\/#primaryimage"},"image":{"@id":"https:\/\/fr.motocrossmag.be\/index.php\/2022\/09\/tom-vialle-et-maxime-renaux-prennent-les-dernieres-poles-de-la-saison\/#primaryimage"},"thumbnailUrl":"https:\/\/fr.motocrossmag.be\/wp-content\/uploads\/2022\/09\/467878_Vialle_MXGP_2022_R17_AH9I0784_17th-Rd-MXGP-2022-_-St.-Jean-d_Angely-_FRA_.jpg","datePublished":"2022-09-03T16:52:43+00:00","author":{"@id":"https:\/\/fr.motocrossmag.be\/#\/schema\/person\/11b47143d9f755babca2c9110e03235c"},"breadcrumb":{"@id":"https:\/\/fr.motocrossmag.be\/index.php\/2022\/09\/tom-vialle-et-maxime-renaux-prennent-les-dernieres-poles-de-la-saison\/#breadcrumb"},"inLanguage":"fr-FR","potentialAction":[{"@type":"ReadAction","target":["https:\/\/fr.motocrossmag.be\/index.php\/2022\/09\/tom-vialle-et-maxime-renaux-prennent-les-dernieres-poles-de-la-saison\/"]}]},{"@type":"ImageObject","inLanguage":"fr-FR","@id":"https:\/\/fr.motocrossmag.be\/index.php\/2022\/09\/tom-vialle-et-maxime-renaux-prennent-les-dernieres-poles-de-la-saison\/#primaryimage","url":"https:\/\/fr.motocrossmag.be\/wp-content\/uploads\/2022\/09\/467878_Vialle_MXGP_2022_R17_AH9I0784_17th-Rd-MXGP-2022-_-St.-Jean-d_Angely-_FRA_.jpg","contentUrl":"https:\/\/fr.motocrossmag.be\/wp-content\/uploads\/2022\/09\/467878_Vialle_MXGP_2022_R17_AH9I0784_17th-Rd-MXGP-2022-_-St.-Jean-d_Angely-_FRA_.jpg","width":"1000","height":"666"},{"@type":"BreadcrumbList","@id":"https:\/\/fr.motocrossmag.be\/index.php\/2022\/09\/tom-vialle-et-maxime-renaux-prennent-les-dernieres-poles-de-la-saison\/#breadcrumb","itemListElement":[{"@type":"ListItem","position":1,"name":"Accueil","item":"https:\/\/fr.motocrossmag.be\/"},{"@type":"ListItem","position":2,"name":"Tom Vialle et Maxime Renaux prennent les derni\u00e8res poles de la saison"}]},{"@type":"WebSite","@id":"https:\/\/fr.motocrossmag.be\/#website","url":"https:\/\/fr.motocrossmag.be\/","name":"Motocross - Enduro - Supermoto | MotocrossMag","description":"L&#039;actualit\u00e9 du motocross, de l&#039;enduro et du Supermoto en ligne!","potentialAction":[{"@type":"SearchAction","target":{"@type":"EntryPoint","urlTemplate":"https:\/\/fr.motocrossmag.be\/?s={search_term_string}"},"query-input":{"@type":"PropertyValueSpecification","valueRequired":true,"valueName":"search_term_string"}}],"inLanguage":"fr-FR"},{"@type":"Person","@id":"https:\/\/fr.motocrossmag.be\/#\/schema\/person\/11b47143d9f755babca2c9110e03235c","name":"oliviere","image":{"@type":"ImageObject","inLanguage":"fr-FR","@id":"https:\/\/secure.gravatar.com\/avatar\/907069e0b81d119452040469e4a7501da1100f54f7f80180ce77bfab718288f6?s=96&d=mm&r=g","url":"https:\/\/secure.gravatar.com\/avatar\/907069e0b81d119452040469e4a7501da1100f54f7f80180ce77bfab718288f6?s=96&d=mm&r=g","contentUrl":"https:\/\/secure.gravatar.com\/avatar\/907069e0b81d119452040469e4a7501da1100f54f7f80180ce77bfab718288f6?s=96&d=mm&r=g","caption":"oliviere"},"sameAs":["http:\/\/www.motocrossmag.be"],"url":"https:\/\/fr.motocrossmag.be\/index.php\/author\/oliviere\/"}]}},"_links":{"self":[{"href":"https:\/\/fr.motocrossmag.be\/index.php\/wp-json\/wp\/v2\/posts\/120678","targetHints":{"allow":["GET"]}}],"collection":[{"href":"https:\/\/fr.motocrossmag.be\/index.php\/wp-json\/wp\/v2\/posts"}],"about":[{"href":"https:\/\/fr.motocrossmag.be\/index.php\/wp-json\/wp\/v2\/types\/post"}],"author":[{"embeddable":true,"href":"https:\/\/fr.motocrossmag.be\/index.php\/wp-json\/wp\/v2\/users\/932"}],"replies":[{"embeddable":true,"href":"https:\/\/fr.motocrossmag.be\/index.php\/wp-json\/wp\/v2\/comments?post=120678"}],"version-history":[{"count":0,"href":"https:\/\/fr.motocrossmag.be\/index.php\/wp-json\/wp\/v2\/posts\/120678\/revisions"}],"wp:featuredmedia":[{"embeddable":true,"href":"https:\/\/fr.motocrossmag.be\/index.php\/wp-json\/wp\/v2\/media\/120679"}],"wp:attachment":[{"href":"https:\/\/fr.motocrossmag.be\/index.php\/wp-json\/wp\/v2\/media?parent=120678"}],"wp:term":[{"taxonomy":"category","embeddable":true,"href":"https:\/\/fr.motocrossmag.be\/index.php\/wp-json\/wp\/v2\/categories?post=120678"},{"taxonomy":"post_tag","embeddable":true,"href":"https:\/\/fr.motocrossmag.be\/index.php\/wp-json\/wp\/v2\/tags?post=120678"}],"curies":[{"name":"wp","href":"https:\/\/api.w.org\/{rel}","templated":true}]}}