{"id":120680,"date":"2022-09-03T17:04:01","date_gmt":"2022-09-03T15:04:01","guid":{"rendered":"http:\/\/fr.motocrossmag.be\/?p=120680"},"modified":"2022-09-03T19:06:48","modified_gmt":"2022-09-03T17:06:48","slug":"wmx-nancy-van-de-ven-doit-encore-patienter","status":"publish","type":"post","link":"https:\/\/fr.motocrossmag.be\/index.php\/2022\/09\/wmx-nancy-van-de-ven-doit-encore-patienter\/","title":{"rendered":"WMX : Nancy Van De Ven doit encore patienter&#8230;"},"content":{"rendered":"<p><strong>Nancy Van De Ven devra patienter jusqu&rsquo;\u00e0 demain pour c\u00e9l\u00e9brer son premier titre mondial. Seulement 6\u00e8me ce samedi de la premi\u00e8re manche de la finale de la saison en Turquie, la Hollandaise a laiss\u00e9 sa compatriote Lynn Valk lui reprendre quelques points en terminant 3\u00e8me derri\u00e8re la vainqueur du jour Courtney Duncan et Larissa Papenmeier. Avec encore 20 points d&rsquo;avance, le titre ne devrait cependant &#8211; sauf incident &#8211; pas lui \u00e9chapper demain.<\/strong><\/p>\n<p>&nbsp;<\/p>\n<div class=\"su-youtube su-u-responsive-media-yes\"><iframe class=\"lazyload\" width=\"640\" height=\"400\" src=\"data:image\/svg+xml,%3Csvg%20xmlns%3D%27http%3A%2F%2Fwww.w3.org%2F2000%2Fsvg%27%20width%3D%27640%27%20height%3D%27400%27%20viewBox%3D%270%200%20640%20400%27%3E%3Crect%20width%3D%27640%27%20height%3D%27400%27%20fill-opacity%3D%220%22%2F%3E%3C%2Fsvg%3E\" data-orig-src=\"https:\/\/www.youtube.com\/embed\/GyZJpy9eF0s?\" frameborder=\"0\" allowfullscreen allow=\"autoplay; encrypted-media; picture-in-picture\" title=\"\"><\/iframe><\/div>\n<p>Notre compatriote Amandine Verstappen a termin\u00e9 5\u00e8me juste devant la leader du championnat et la jeune Lotte Van Drunen. Apr\u00e8s avoir f\u00eat\u00e9 cet \u00e9t\u00e9 son 15\u00e8me anniversaire, la redoutable hollandaise faisait ce samedi sa premi\u00e8re apparition sur le championnat du monde f\u00e9minin, sur lequel elle disputera d&rsquo;ailleurs la saison compl\u00e8te avec F&amp;H Kawasaki la saison prochaine.<\/p>\n<p>&nbsp;<\/p>\n<p><strong><span style=\"color: #800000;\">R\u00e9sultats<\/span><\/strong><\/p>\n<p>MANCHE 1<\/p>\n<p>1. Courtney Duncan (NZL, Kawasaki), 25:50.372; 2. Larissa Papenmeier (GER, Yamaha), +0:04.187;\u00a03. Lynn Valk (NED, Yamaha), +0:19.706;\u00a04. Sara Andersen (DEN, KTM), +0:28.122;\u00a0<strong>5. Amandine Verstappen (BEL, Kawasaki), +0:31.813<\/strong>; 6. Nancy Van De Ven (NED, Yamaha), +0:32.612; 7. Lotte Van Drunen (NED, KTM), +0:34.088;\u00a08. Charli Cannon (AUS, Yamaha), +0:36.062; 9. Martine Hughes (NOR, Honda), +0:44.305;\u00a010. Shana van der Vlist (NED, KTM), +0:51.330;\u00a011. Malou Jakobsen (DEN, KTM), +1:02.082;\u00a012. Britt Jans-Beken (NED, KTM), +1:06.350;\u00a013. Tahlia Jade O\u2019Hare (AUS, Honda), +1:14.481; 14. Gabriela Seisdedos (ESP, KTM), +1:26.355; 15. Sandra Keller (SUI, Yamaha), +1:38.641; 16. Giorgia Blasigh (ITA, Yamaha), +1:39.343; 17. Virginie Germond (SUI, KTM), +2:06.653;\u00a018. Jenitty Van der Beek (NED, KTM), +2:13.485; 19. Danee Gelissen (NED, KTM), -1 lap(s);\u00a020. Aida Cojanu (ROU, Yamaha), -1 lap(s); 21. Hasti Rezaei (IRI, Honda), -2 lap(s); 22. Ramona Gassmann (SUI, Kawasaki), -2 lap(s); 23. Alissa Harkin (CAN, Yamaha), -4 lap(s); 24. Irmak Yildirim (TUR, GASGAS), -4 lap(s); 25. Elisa Galvagno (ITA, Husqvarna), -10 lap(s);<\/p>\n","protected":false},"excerpt":{"rendered":"<p>Nancy Van De Ven devra patienter jusqu&rsquo;\u00e0 demain pour c\u00e9l\u00e9brer son premier titre mondial. Seulement 6\u00e8me ce samedi de la premi\u00e8re manche de la finale de la saison en Turquie, [&#8230;]<\/p>\n","protected":false},"author":932,"featured_media":120681,"comment_status":"open","ping_status":"closed","sticky":false,"template":"","format":"standard","meta":{"footnotes":""},"categories":[54,4,6,5,55,56,65],"tags":[1272,947,822],"class_list":["post-120680","post","type-post","status-publish","format-standard","has-post-thumbnail","hentry","category-actualite","category-motocross","category-mx1mx2","category-news","category-news-actualite","category-resultats","category-slideshow","tag-amandine-verstappen","tag-motocross","tag-wmx"],"yoast_head":"<!-- This site is optimized with the Yoast SEO plugin v27.4 - https:\/\/yoast.com\/product\/yoast-seo-wordpress\/ -->\n<title>WMX : Nancy Van De Ven doit encore patienter... - Motocross - Enduro - Supermoto | MotocrossMag<\/title>\n<meta name=\"robots\" content=\"index, follow, max-snippet:-1, max-image-preview:large, max-video-preview:-1\" \/>\n<link rel=\"canonical\" href=\"https:\/\/fr.motocrossmag.be\/index.php\/2022\/09\/wmx-nancy-van-de-ven-doit-encore-patienter\/\" \/>\n<meta property=\"og:locale\" content=\"fr_FR\" \/>\n<meta property=\"og:type\" content=\"article\" \/>\n<meta property=\"og:title\" content=\"WMX : Nancy Van De Ven doit encore patienter... - Motocross - Enduro - Supermoto | MotocrossMag\" \/>\n<meta property=\"og:description\" content=\"Nancy Van De Ven devra patienter jusqu&rsquo;\u00e0 demain pour c\u00e9l\u00e9brer son premier titre mondial. Seulement 6\u00e8me ce samedi de la premi\u00e8re manche de la finale de la saison en Turquie, [...]\" \/>\n<meta property=\"og:url\" content=\"https:\/\/fr.motocrossmag.be\/index.php\/2022\/09\/wmx-nancy-van-de-ven-doit-encore-patienter\/\" \/>\n<meta property=\"og:site_name\" content=\"Motocross - Enduro - Supermoto | MotocrossMag\" \/>\n<meta property=\"article:published_time\" content=\"2022-09-03T15:04:01+00:00\" \/>\n<meta property=\"article:modified_time\" content=\"2022-09-03T17:06:48+00:00\" \/>\n<meta property=\"og:image\" content=\"https:\/\/fr.motocrossmag.be\/wp-content\/uploads\/2022\/09\/V-D-VEN-1-SUN-MOTOCROSS-GP-4-POR-2022.jpg\" \/>\n\t<meta property=\"og:image:width\" content=\"1000\" \/>\n\t<meta property=\"og:image:height\" content=\"666\" \/>\n\t<meta property=\"og:image:type\" content=\"image\/jpeg\" \/>\n<meta name=\"author\" content=\"oliviere\" \/>\n<meta name=\"twitter:card\" content=\"summary_large_image\" \/>\n<meta name=\"twitter:label1\" content=\"\u00c9crit par\" \/>\n\t<meta name=\"twitter:data1\" content=\"oliviere\" \/>\n\t<meta name=\"twitter:label2\" content=\"Dur\u00e9e de lecture estim\u00e9e\" \/>\n\t<meta name=\"twitter:data2\" content=\"1 minute\" \/>\n<script type=\"application\/ld+json\" class=\"yoast-schema-graph\">{\"@context\":\"https:\\\/\\\/schema.org\",\"@graph\":[{\"@type\":\"Article\",\"@id\":\"https:\\\/\\\/fr.motocrossmag.be\\\/index.php\\\/2022\\\/09\\\/wmx-nancy-van-de-ven-doit-encore-patienter\\\/#article\",\"isPartOf\":{\"@id\":\"https:\\\/\\\/fr.motocrossmag.be\\\/index.php\\\/2022\\\/09\\\/wmx-nancy-van-de-ven-doit-encore-patienter\\\/\"},\"author\":{\"name\":\"oliviere\",\"@id\":\"https:\\\/\\\/fr.motocrossmag.be\\\/#\\\/schema\\\/person\\\/11b47143d9f755babca2c9110e03235c\"},\"headline\":\"WMX : Nancy Van De Ven doit encore patienter&#8230;\",\"datePublished\":\"2022-09-03T15:04:01+00:00\",\"dateModified\":\"2022-09-03T17:06:48+00:00\",\"mainEntityOfPage\":{\"@id\":\"https:\\\/\\\/fr.motocrossmag.be\\\/index.php\\\/2022\\\/09\\\/wmx-nancy-van-de-ven-doit-encore-patienter\\\/\"},\"wordCount\":300,\"commentCount\":0,\"image\":{\"@id\":\"https:\\\/\\\/fr.motocrossmag.be\\\/index.php\\\/2022\\\/09\\\/wmx-nancy-van-de-ven-doit-encore-patienter\\\/#primaryimage\"},\"thumbnailUrl\":\"https:\\\/\\\/fr.motocrossmag.be\\\/wp-content\\\/uploads\\\/2022\\\/09\\\/V-D-VEN-1-SUN-MOTOCROSS-GP-4-POR-2022.jpg\",\"keywords\":[\"amandine verstappen\",\"Motocross\",\"wmx\"],\"articleSection\":[\"Actualit\u00e9\",\"Motocross\",\"Motocross MXGP\",\"News\",\"News\",\"R\u00e9sultats\",\"Slideshow\"],\"inLanguage\":\"fr-FR\",\"potentialAction\":[{\"@type\":\"CommentAction\",\"name\":\"Comment\",\"target\":[\"https:\\\/\\\/fr.motocrossmag.be\\\/index.php\\\/2022\\\/09\\\/wmx-nancy-van-de-ven-doit-encore-patienter\\\/#respond\"]}]},{\"@type\":\"WebPage\",\"@id\":\"https:\\\/\\\/fr.motocrossmag.be\\\/index.php\\\/2022\\\/09\\\/wmx-nancy-van-de-ven-doit-encore-patienter\\\/\",\"url\":\"https:\\\/\\\/fr.motocrossmag.be\\\/index.php\\\/2022\\\/09\\\/wmx-nancy-van-de-ven-doit-encore-patienter\\\/\",\"name\":\"WMX : Nancy Van De Ven doit encore patienter... - Motocross - Enduro - Supermoto | MotocrossMag\",\"isPartOf\":{\"@id\":\"https:\\\/\\\/fr.motocrossmag.be\\\/#website\"},\"primaryImageOfPage\":{\"@id\":\"https:\\\/\\\/fr.motocrossmag.be\\\/index.php\\\/2022\\\/09\\\/wmx-nancy-van-de-ven-doit-encore-patienter\\\/#primaryimage\"},\"image\":{\"@id\":\"https:\\\/\\\/fr.motocrossmag.be\\\/index.php\\\/2022\\\/09\\\/wmx-nancy-van-de-ven-doit-encore-patienter\\\/#primaryimage\"},\"thumbnailUrl\":\"https:\\\/\\\/fr.motocrossmag.be\\\/wp-content\\\/uploads\\\/2022\\\/09\\\/V-D-VEN-1-SUN-MOTOCROSS-GP-4-POR-2022.jpg\",\"datePublished\":\"2022-09-03T15:04:01+00:00\",\"dateModified\":\"2022-09-03T17:06:48+00:00\",\"author\":{\"@id\":\"https:\\\/\\\/fr.motocrossmag.be\\\/#\\\/schema\\\/person\\\/11b47143d9f755babca2c9110e03235c\"},\"breadcrumb\":{\"@id\":\"https:\\\/\\\/fr.motocrossmag.be\\\/index.php\\\/2022\\\/09\\\/wmx-nancy-van-de-ven-doit-encore-patienter\\\/#breadcrumb\"},\"inLanguage\":\"fr-FR\",\"potentialAction\":[{\"@type\":\"ReadAction\",\"target\":[\"https:\\\/\\\/fr.motocrossmag.be\\\/index.php\\\/2022\\\/09\\\/wmx-nancy-van-de-ven-doit-encore-patienter\\\/\"]}]},{\"@type\":\"ImageObject\",\"inLanguage\":\"fr-FR\",\"@id\":\"https:\\\/\\\/fr.motocrossmag.be\\\/index.php\\\/2022\\\/09\\\/wmx-nancy-van-de-ven-doit-encore-patienter\\\/#primaryimage\",\"url\":\"https:\\\/\\\/fr.motocrossmag.be\\\/wp-content\\\/uploads\\\/2022\\\/09\\\/V-D-VEN-1-SUN-MOTOCROSS-GP-4-POR-2022.jpg\",\"contentUrl\":\"https:\\\/\\\/fr.motocrossmag.be\\\/wp-content\\\/uploads\\\/2022\\\/09\\\/V-D-VEN-1-SUN-MOTOCROSS-GP-4-POR-2022.jpg\",\"width\":\"1000\",\"height\":\"666\"},{\"@type\":\"BreadcrumbList\",\"@id\":\"https:\\\/\\\/fr.motocrossmag.be\\\/index.php\\\/2022\\\/09\\\/wmx-nancy-van-de-ven-doit-encore-patienter\\\/#breadcrumb\",\"itemListElement\":[{\"@type\":\"ListItem\",\"position\":1,\"name\":\"Accueil\",\"item\":\"https:\\\/\\\/fr.motocrossmag.be\\\/\"},{\"@type\":\"ListItem\",\"position\":2,\"name\":\"WMX : Nancy Van De Ven doit encore patienter&#8230;\"}]},{\"@type\":\"WebSite\",\"@id\":\"https:\\\/\\\/fr.motocrossmag.be\\\/#website\",\"url\":\"https:\\\/\\\/fr.motocrossmag.be\\\/\",\"name\":\"Motocross - Enduro - Supermoto | MotocrossMag\",\"description\":\"L&#039;actualit\u00e9 du motocross, de l&#039;enduro et du Supermoto en ligne!\",\"potentialAction\":[{\"@type\":\"SearchAction\",\"target\":{\"@type\":\"EntryPoint\",\"urlTemplate\":\"https:\\\/\\\/fr.motocrossmag.be\\\/?s={search_term_string}\"},\"query-input\":{\"@type\":\"PropertyValueSpecification\",\"valueRequired\":true,\"valueName\":\"search_term_string\"}}],\"inLanguage\":\"fr-FR\"},{\"@type\":\"Person\",\"@id\":\"https:\\\/\\\/fr.motocrossmag.be\\\/#\\\/schema\\\/person\\\/11b47143d9f755babca2c9110e03235c\",\"name\":\"oliviere\",\"image\":{\"@type\":\"ImageObject\",\"inLanguage\":\"fr-FR\",\"@id\":\"https:\\\/\\\/secure.gravatar.com\\\/avatar\\\/907069e0b81d119452040469e4a7501da1100f54f7f80180ce77bfab718288f6?s=96&d=mm&r=g\",\"url\":\"https:\\\/\\\/secure.gravatar.com\\\/avatar\\\/907069e0b81d119452040469e4a7501da1100f54f7f80180ce77bfab718288f6?s=96&d=mm&r=g\",\"contentUrl\":\"https:\\\/\\\/secure.gravatar.com\\\/avatar\\\/907069e0b81d119452040469e4a7501da1100f54f7f80180ce77bfab718288f6?s=96&d=mm&r=g\",\"caption\":\"oliviere\"},\"sameAs\":[\"http:\\\/\\\/www.motocrossmag.be\"],\"url\":\"https:\\\/\\\/fr.motocrossmag.be\\\/index.php\\\/author\\\/oliviere\\\/\"}]}<\/script>\n<!-- \/ Yoast SEO plugin. -->","yoast_head_json":{"title":"WMX : Nancy Van De Ven doit encore patienter... - Motocross - Enduro - Supermoto | MotocrossMag","robots":{"index":"index","follow":"follow","max-snippet":"max-snippet:-1","max-image-preview":"max-image-preview:large","max-video-preview":"max-video-preview:-1"},"canonical":"https:\/\/fr.motocrossmag.be\/index.php\/2022\/09\/wmx-nancy-van-de-ven-doit-encore-patienter\/","og_locale":"fr_FR","og_type":"article","og_title":"WMX : Nancy Van De Ven doit encore patienter... - Motocross - Enduro - Supermoto | MotocrossMag","og_description":"Nancy Van De Ven devra patienter jusqu&rsquo;\u00e0 demain pour c\u00e9l\u00e9brer son premier titre mondial. Seulement 6\u00e8me ce samedi de la premi\u00e8re manche de la finale de la saison en Turquie, [...]","og_url":"https:\/\/fr.motocrossmag.be\/index.php\/2022\/09\/wmx-nancy-van-de-ven-doit-encore-patienter\/","og_site_name":"Motocross - Enduro - Supermoto | MotocrossMag","article_published_time":"2022-09-03T15:04:01+00:00","article_modified_time":"2022-09-03T17:06:48+00:00","og_image":[{"width":1000,"height":666,"url":"https:\/\/fr.motocrossmag.be\/wp-content\/uploads\/2022\/09\/V-D-VEN-1-SUN-MOTOCROSS-GP-4-POR-2022.jpg","type":"image\/jpeg"}],"author":"oliviere","twitter_card":"summary_large_image","twitter_misc":{"\u00c9crit par":"oliviere","Dur\u00e9e de lecture estim\u00e9e":"1 minute"},"schema":{"@context":"https:\/\/schema.org","@graph":[{"@type":"Article","@id":"https:\/\/fr.motocrossmag.be\/index.php\/2022\/09\/wmx-nancy-van-de-ven-doit-encore-patienter\/#article","isPartOf":{"@id":"https:\/\/fr.motocrossmag.be\/index.php\/2022\/09\/wmx-nancy-van-de-ven-doit-encore-patienter\/"},"author":{"name":"oliviere","@id":"https:\/\/fr.motocrossmag.be\/#\/schema\/person\/11b47143d9f755babca2c9110e03235c"},"headline":"WMX : Nancy Van De Ven doit encore patienter&#8230;","datePublished":"2022-09-03T15:04:01+00:00","dateModified":"2022-09-03T17:06:48+00:00","mainEntityOfPage":{"@id":"https:\/\/fr.motocrossmag.be\/index.php\/2022\/09\/wmx-nancy-van-de-ven-doit-encore-patienter\/"},"wordCount":300,"commentCount":0,"image":{"@id":"https:\/\/fr.motocrossmag.be\/index.php\/2022\/09\/wmx-nancy-van-de-ven-doit-encore-patienter\/#primaryimage"},"thumbnailUrl":"https:\/\/fr.motocrossmag.be\/wp-content\/uploads\/2022\/09\/V-D-VEN-1-SUN-MOTOCROSS-GP-4-POR-2022.jpg","keywords":["amandine verstappen","Motocross","wmx"],"articleSection":["Actualit\u00e9","Motocross","Motocross MXGP","News","News","R\u00e9sultats","Slideshow"],"inLanguage":"fr-FR","potentialAction":[{"@type":"CommentAction","name":"Comment","target":["https:\/\/fr.motocrossmag.be\/index.php\/2022\/09\/wmx-nancy-van-de-ven-doit-encore-patienter\/#respond"]}]},{"@type":"WebPage","@id":"https:\/\/fr.motocrossmag.be\/index.php\/2022\/09\/wmx-nancy-van-de-ven-doit-encore-patienter\/","url":"https:\/\/fr.motocrossmag.be\/index.php\/2022\/09\/wmx-nancy-van-de-ven-doit-encore-patienter\/","name":"WMX : Nancy Van De Ven doit encore patienter... - Motocross - Enduro - Supermoto | MotocrossMag","isPartOf":{"@id":"https:\/\/fr.motocrossmag.be\/#website"},"primaryImageOfPage":{"@id":"https:\/\/fr.motocrossmag.be\/index.php\/2022\/09\/wmx-nancy-van-de-ven-doit-encore-patienter\/#primaryimage"},"image":{"@id":"https:\/\/fr.motocrossmag.be\/index.php\/2022\/09\/wmx-nancy-van-de-ven-doit-encore-patienter\/#primaryimage"},"thumbnailUrl":"https:\/\/fr.motocrossmag.be\/wp-content\/uploads\/2022\/09\/V-D-VEN-1-SUN-MOTOCROSS-GP-4-POR-2022.jpg","datePublished":"2022-09-03T15:04:01+00:00","dateModified":"2022-09-03T17:06:48+00:00","author":{"@id":"https:\/\/fr.motocrossmag.be\/#\/schema\/person\/11b47143d9f755babca2c9110e03235c"},"breadcrumb":{"@id":"https:\/\/fr.motocrossmag.be\/index.php\/2022\/09\/wmx-nancy-van-de-ven-doit-encore-patienter\/#breadcrumb"},"inLanguage":"fr-FR","potentialAction":[{"@type":"ReadAction","target":["https:\/\/fr.motocrossmag.be\/index.php\/2022\/09\/wmx-nancy-van-de-ven-doit-encore-patienter\/"]}]},{"@type":"ImageObject","inLanguage":"fr-FR","@id":"https:\/\/fr.motocrossmag.be\/index.php\/2022\/09\/wmx-nancy-van-de-ven-doit-encore-patienter\/#primaryimage","url":"https:\/\/fr.motocrossmag.be\/wp-content\/uploads\/2022\/09\/V-D-VEN-1-SUN-MOTOCROSS-GP-4-POR-2022.jpg","contentUrl":"https:\/\/fr.motocrossmag.be\/wp-content\/uploads\/2022\/09\/V-D-VEN-1-SUN-MOTOCROSS-GP-4-POR-2022.jpg","width":"1000","height":"666"},{"@type":"BreadcrumbList","@id":"https:\/\/fr.motocrossmag.be\/index.php\/2022\/09\/wmx-nancy-van-de-ven-doit-encore-patienter\/#breadcrumb","itemListElement":[{"@type":"ListItem","position":1,"name":"Accueil","item":"https:\/\/fr.motocrossmag.be\/"},{"@type":"ListItem","position":2,"name":"WMX : Nancy Van De Ven doit encore patienter&#8230;"}]},{"@type":"WebSite","@id":"https:\/\/fr.motocrossmag.be\/#website","url":"https:\/\/fr.motocrossmag.be\/","name":"Motocross - Enduro - Supermoto | MotocrossMag","description":"L&#039;actualit\u00e9 du motocross, de l&#039;enduro et du Supermoto en ligne!","potentialAction":[{"@type":"SearchAction","target":{"@type":"EntryPoint","urlTemplate":"https:\/\/fr.motocrossmag.be\/?s={search_term_string}"},"query-input":{"@type":"PropertyValueSpecification","valueRequired":true,"valueName":"search_term_string"}}],"inLanguage":"fr-FR"},{"@type":"Person","@id":"https:\/\/fr.motocrossmag.be\/#\/schema\/person\/11b47143d9f755babca2c9110e03235c","name":"oliviere","image":{"@type":"ImageObject","inLanguage":"fr-FR","@id":"https:\/\/secure.gravatar.com\/avatar\/907069e0b81d119452040469e4a7501da1100f54f7f80180ce77bfab718288f6?s=96&d=mm&r=g","url":"https:\/\/secure.gravatar.com\/avatar\/907069e0b81d119452040469e4a7501da1100f54f7f80180ce77bfab718288f6?s=96&d=mm&r=g","contentUrl":"https:\/\/secure.gravatar.com\/avatar\/907069e0b81d119452040469e4a7501da1100f54f7f80180ce77bfab718288f6?s=96&d=mm&r=g","caption":"oliviere"},"sameAs":["http:\/\/www.motocrossmag.be"],"url":"https:\/\/fr.motocrossmag.be\/index.php\/author\/oliviere\/"}]}},"_links":{"self":[{"href":"https:\/\/fr.motocrossmag.be\/index.php\/wp-json\/wp\/v2\/posts\/120680","targetHints":{"allow":["GET"]}}],"collection":[{"href":"https:\/\/fr.motocrossmag.be\/index.php\/wp-json\/wp\/v2\/posts"}],"about":[{"href":"https:\/\/fr.motocrossmag.be\/index.php\/wp-json\/wp\/v2\/types\/post"}],"author":[{"embeddable":true,"href":"https:\/\/fr.motocrossmag.be\/index.php\/wp-json\/wp\/v2\/users\/932"}],"replies":[{"embeddable":true,"href":"https:\/\/fr.motocrossmag.be\/index.php\/wp-json\/wp\/v2\/comments?post=120680"}],"version-history":[{"count":1,"href":"https:\/\/fr.motocrossmag.be\/index.php\/wp-json\/wp\/v2\/posts\/120680\/revisions"}],"predecessor-version":[{"id":120682,"href":"https:\/\/fr.motocrossmag.be\/index.php\/wp-json\/wp\/v2\/posts\/120680\/revisions\/120682"}],"wp:featuredmedia":[{"embeddable":true,"href":"https:\/\/fr.motocrossmag.be\/index.php\/wp-json\/wp\/v2\/media\/120681"}],"wp:attachment":[{"href":"https:\/\/fr.motocrossmag.be\/index.php\/wp-json\/wp\/v2\/media?parent=120680"}],"wp:term":[{"taxonomy":"category","embeddable":true,"href":"https:\/\/fr.motocrossmag.be\/index.php\/wp-json\/wp\/v2\/categories?post=120680"},{"taxonomy":"post_tag","embeddable":true,"href":"https:\/\/fr.motocrossmag.be\/index.php\/wp-json\/wp\/v2\/tags?post=120680"}],"curies":[{"name":"wp","href":"https:\/\/api.w.org\/{rel}","templated":true}]}}