{"id":120693,"date":"2022-09-04T14:24:04","date_gmt":"2022-09-04T12:24:04","guid":{"rendered":"http:\/\/fr.motocrossmag.be\/?p=120693"},"modified":"2022-09-04T14:24:04","modified_gmt":"2022-09-04T12:24:04","slug":"mx2-jago-geerts-turquie-resultats","status":"publish","type":"post","link":"https:\/\/fr.motocrossmag.be\/index.php\/2022\/09\/mx2-jago-geerts-turquie-resultats\/","title":{"rendered":"MXGP en Turquie : Tom Vialle remporte la premi\u00e8re manche MX2 et prend les commandes du provisoire"},"content":{"rendered":"<p><strong>En partant en t\u00eate de la premi\u00e8re manche MX2 du GP de Turquie ce dimanche, Tom Vialle a d&#8217;embl\u00e9e pris une option sur la victoire. D&rsquo;autant plus que Jago Geerts, leader du classement provisoire devant le Fran\u00e7ais avec deux petits points, ne s&rsquo;\u00e9lan\u00e7ait qu&rsquo;en 4\u00e8me position. Apr\u00e8s avoir bataill\u00e9 ferme avec Kay De Wolf, notre compatriote finira par prendre le meilleur de fa\u00e7on d\u00e9finitive sur le Hollandais pour terminer la course \u00e0 la deuxi\u00e8me place, \u00e0 10 secondes de Vialle.<\/strong><\/p>\n<p>En reprenant 3 points \u00e0 Geerts, Tom Vialle s&rsquo;\u00e9lancera peu apr\u00e8s 15h00 ce dimanche en t\u00eate du championnat, avec un point de plus que le pilote Yamaha. Rien n&rsquo;est jou\u00e9 donc&#8230;<\/p>\n<p><span style=\"color: #800000;\"><strong>R\u00e9sultats<\/strong><\/span><\/p>\n<p>MANCHE 1<\/p>\n<p>1. Tom Vialle (FRA, KTM), 34:40.047; <strong>2. Jago Geerts (BEL, Yamaha), +0:10.015<\/strong>; 3. Kay de Wolf (NED, Husqvarna), +0:18.089; 4. Roan Van De Moosdijk (NED, Husqvarna), +0:25.823; 5. Simon Laengenfelder (GER, GASGAS), +0:29.658; <strong>6. Liam Everts (BEL, KTM), +0:39.076<\/strong>; 7. Jan Pancar (SLO, KTM), +0:44.717; 8. Andrea Adamo (ITA, GASGAS), +0:45.908; 9. Kevin Horgmo (NOR, Kawasaki), +0:48.473; 10. Thibault Benistant (FRA, Yamaha), +1:04.158; 11. Andrea Bonacorsi (ITA, Yamaha), +1:19.606; 12. Kay Karssemakers (NED, KTM), +1:20.358; 13. Mikkel Haarup (DEN, Kawasaki), +1:31.999; 14. Cornelius Toendel (NOR, Fantic), +1:42.007; 15. Emil Weckman (FIN, Honda), +1:49.108; 16. Jakub Teresak (CZE, KTM), +1:54.274; 17. Cas Valk (NED, Fantic), -1 lap(s); 18. Scotty Verhaeghe (FRA, KTM), -1 lap(s); 19. Hakan Halmi (BUL, KTM), -1 lap(s); 20. Dimitar Grozdanov (BUL, GASGAS), -2 lap(s); 21. Rick Elzinga (NED, Yamaha), -6 lap(s); 22. Stephen Rubini (FRA, Honda), -15 lap(s);<\/p>\n<p>MANCHE 2<\/p>\n<p>Indisponible<\/p>\n<p>CLASSEMENT GENERAL MX2<\/p>\n<p>Indisponible<\/p>\n<p>CLASSEMENT PROVISOIRE MX2<\/p>\n<p>1. Tom Vialle (FRA, KTM), 733 points; 2. Jago Geerts (BEL, YAM), 732 p.; 3. Simon Laengenfelder (GER, GAS), 580 p.; 4. Kevin Horgmo (NOR, KAW), 515 p.; 5. Thibault Benistant (FRA, YAM), 492 p.; 6. Mikkel Haarup (DEN, KAW), 443 p.; 7. Kay de Wolf (NED, HUS), 430 p.; 8. Andrea Adamo (ITA, GAS), 423 p.; 9. Stephen Rubini (FRA, HON), 373 p.; 10. Liam Everts (BEL, KTM), 301 p.; 11. Jan Pancar (SLO, KTM), 271 p.; 12. Isak Gifting (SWE, KTM), 255 p.; 13. Roan Van De Moosdijk (NED, HUS), 194 p.; 14. Kay Karssemakers (NED, KTM), 185 p.; 15. Tom Guyon (FRA, KTM), 179 p.; 16. Mattia Guadagnini (ITA, GAS), 172 p.; 17. Hakon Fredriksen (NOR, HON), 125 p.; 18. Conrad Mewse (GBR, KTM), 113 p.; 19. Jakub Teresak (CZE, KTM), 112 p.; 20. Jeremy Sydow (GER, KTM), 104 p.; 21. Petr Polak (CZE, HON), 84 p.; 22. Kevin Brumann (SUI, YAM), 82 p.; 23. Rick Elzinga (NED, YAM), 49 p.; 24. Joel Rizzi (GBR, YAM), 49 p.; 25. Filip Olsson (SWE, HUS), 43 p.; 26. Guillem Farres (ESP, KTM), 38 p.; 27. Tomas Kohut (SVK, KTM), 38 p.; 28. Leopold Ambj\u00f6rnson (SWE, HUS), 33 p.; 29. Gianluca Facchetti (ITA, KTM), 32 p.; 30. Andrea Bonacorsi (ITA, YAM), 31 p.; 31. Albin Gerhardsson (SWE, HUS), 30 p.; 32. Marcel Stauffer (AUT, KTM), 26 p.; 33. Valerio Lata (ITA, KTM), 26 p.; 34. Delvintor Alfarizi (INA, HON), 23 p.; 35. Jorgen-Matthias Talviku (EST, HUS), 23 p.; 36. Bastian Boegh Damm (DEN, KTM), 21 p.; 37. Ananda rigi Aditya (INA, HUS), 19 p.; 38. Pierre Goupillon (FRA, KTM), 19 p.; 39. Kjell Verbruggen (NED, KAW), 19 p.; 40. Noah Ludwig (GER, KTM), 19 p.; 41. Diva Ismayana (INA, KAW), 18 p.; 42. Nakami Vidi Makarim (INA, HUS), 18 p.; 43. Dharwin Lingam (MAS, KAW), 17 p.; 44. Emil Weckman (FIN, HON), 17 p.; 45. Pablo Jeremias Pascual (ARG, KTM), 16 p.; 46. Luciano Righi (ARG, HUS), 16 p.; 47. Tim Edberg (SWE, YAM), 14 p.; 48. Camden Mc Lellan (RSA, KTM), 13 p.; 49. Fermin Ciccimarra (ARG, YAM), 12 p.; 50. Maxime Grau (FRA, HUS), 11 p.; 51. Florent Lambillon (BEL, SUZ), 11 p.; 52. David Braceras (ESP, KTM), 9 p.; 53. Cornelius Toendel (NOR, FAN), 7 p.; 54. James Carpenter (GBR, KTM), 7 p.; 55. Samuel Nilsson (ESP, KTM), 7 p.; 56. Glen Meier (DEN, KTM), 7 p.; 57. Kimi Koskinen (FIN, GAS), 4 p.; 58. Christopher Mills (GBR, KTM), 4 p.; 59. Cas Valk (NED, FAN), 4 p.; 60. Dorian Werl\u00e9 (FRA, KTM), 4 p.; 61. Mike Gwerder (SUI, KTM), 4 p.; 62. Maximilian Spies (GER, KTM), 4 p.; 63. Nico Greutmann (GER, HUS), 3 p.; 64. Scotty Verhaeghe (FRA, KTM), 3 p.; 65. Adam Collings (GBR, KTM), 2 p.; 66. Lucas Coenen (BEL, HUS), 2 p.; 67. Hakan Halmi (BUL, KTM), 2 p.; 68. Bobby Bruce (GBR, GAS), 2 p.; 69. Eric Tomas (ESP, YAM), 1 p.; 70. Dimitar Grozdanov (BUL, GAS), 1 p.;<\/p>\n","protected":false},"excerpt":{"rendered":"<p>En partant en t\u00eate de la premi\u00e8re manche MX2 du GP de Turquie ce dimanche, Tom Vialle a d&#8217;embl\u00e9e pris une option sur la victoire. D&rsquo;autant plus que Jago Geerts, [&#8230;]<\/p>\n","protected":false},"author":932,"featured_media":120687,"comment_status":"open","ping_status":"closed","sticky":false,"template":"","format":"standard","meta":{"footnotes":""},"categories":[54,4,6,5,55,56,65],"tags":[1780,813,947,568,1246],"class_list":["post-120693","post","type-post","status-publish","format-standard","has-post-thumbnail","hentry","category-actualite","category-motocross","category-mx1mx2","category-news","category-news-actualite","category-resultats","category-slideshow","tag-afyon","tag-jago-geerts","tag-motocross","tag-mxgp","tag-tom-vialle"],"yoast_head":"<!-- This site is optimized with the Yoast SEO plugin v27.4 - https:\/\/yoast.com\/product\/yoast-seo-wordpress\/ -->\n<title>MXGP en Turquie : Tom Vialle remporte la premi\u00e8re manche MX2 et prend les commandes du provisoire - Motocross - Enduro - Supermoto | MotocrossMag<\/title>\n<meta name=\"robots\" content=\"index, follow, max-snippet:-1, max-image-preview:large, max-video-preview:-1\" \/>\n<link rel=\"canonical\" href=\"https:\/\/fr.motocrossmag.be\/index.php\/2022\/09\/mx2-jago-geerts-turquie-resultats\/\" \/>\n<meta property=\"og:locale\" content=\"fr_FR\" \/>\n<meta property=\"og:type\" content=\"article\" \/>\n<meta property=\"og:title\" content=\"MXGP en Turquie : Tom Vialle remporte la premi\u00e8re manche MX2 et prend les commandes du provisoire - Motocross - Enduro - Supermoto | MotocrossMag\" \/>\n<meta property=\"og:description\" content=\"En partant en t\u00eate de la premi\u00e8re manche MX2 du GP de Turquie ce dimanche, Tom Vialle a d&#8217;embl\u00e9e pris une option sur la victoire. D&rsquo;autant plus que Jago Geerts, [...]\" \/>\n<meta property=\"og:url\" content=\"https:\/\/fr.motocrossmag.be\/index.php\/2022\/09\/mx2-jago-geerts-turquie-resultats\/\" \/>\n<meta property=\"og:site_name\" content=\"Motocross - Enduro - Supermoto | MotocrossMag\" \/>\n<meta property=\"article:published_time\" content=\"2022-09-04T12:24:04+00:00\" \/>\n<meta property=\"og:image\" content=\"https:\/\/fr.motocrossmag.be\/wp-content\/uploads\/2022\/09\/unnamed72.jpg\" \/>\n\t<meta property=\"og:image:width\" content=\"1000\" \/>\n\t<meta property=\"og:image:height\" content=\"666\" \/>\n\t<meta property=\"og:image:type\" content=\"image\/jpeg\" \/>\n<meta name=\"author\" content=\"oliviere\" \/>\n<meta name=\"twitter:card\" content=\"summary_large_image\" \/>\n<meta name=\"twitter:label1\" content=\"\u00c9crit par\" \/>\n\t<meta name=\"twitter:data1\" content=\"oliviere\" \/>\n\t<meta name=\"twitter:label2\" content=\"Dur\u00e9e de lecture estim\u00e9e\" \/>\n\t<meta name=\"twitter:data2\" content=\"3 minutes\" \/>\n<script type=\"application\/ld+json\" class=\"yoast-schema-graph\">{\"@context\":\"https:\\\/\\\/schema.org\",\"@graph\":[{\"@type\":\"Article\",\"@id\":\"https:\\\/\\\/fr.motocrossmag.be\\\/index.php\\\/2022\\\/09\\\/mx2-jago-geerts-turquie-resultats\\\/#article\",\"isPartOf\":{\"@id\":\"https:\\\/\\\/fr.motocrossmag.be\\\/index.php\\\/2022\\\/09\\\/mx2-jago-geerts-turquie-resultats\\\/\"},\"author\":{\"name\":\"oliviere\",\"@id\":\"https:\\\/\\\/fr.motocrossmag.be\\\/#\\\/schema\\\/person\\\/11b47143d9f755babca2c9110e03235c\"},\"headline\":\"MXGP en Turquie : Tom Vialle remporte la premi\u00e8re manche MX2 et prend les commandes du provisoire\",\"datePublished\":\"2022-09-04T12:24:04+00:00\",\"mainEntityOfPage\":{\"@id\":\"https:\\\/\\\/fr.motocrossmag.be\\\/index.php\\\/2022\\\/09\\\/mx2-jago-geerts-turquie-resultats\\\/\"},\"wordCount\":620,\"commentCount\":0,\"image\":{\"@id\":\"https:\\\/\\\/fr.motocrossmag.be\\\/index.php\\\/2022\\\/09\\\/mx2-jago-geerts-turquie-resultats\\\/#primaryimage\"},\"thumbnailUrl\":\"https:\\\/\\\/fr.motocrossmag.be\\\/wp-content\\\/uploads\\\/2022\\\/09\\\/unnamed72.jpg\",\"keywords\":[\"afyon\",\"Jago Geerts\",\"Motocross\",\"MXGP\",\"tom vialle\"],\"articleSection\":[\"Actualit\u00e9\",\"Motocross\",\"Motocross MXGP\",\"News\",\"News\",\"R\u00e9sultats\",\"Slideshow\"],\"inLanguage\":\"fr-FR\",\"potentialAction\":[{\"@type\":\"CommentAction\",\"name\":\"Comment\",\"target\":[\"https:\\\/\\\/fr.motocrossmag.be\\\/index.php\\\/2022\\\/09\\\/mx2-jago-geerts-turquie-resultats\\\/#respond\"]}]},{\"@type\":\"WebPage\",\"@id\":\"https:\\\/\\\/fr.motocrossmag.be\\\/index.php\\\/2022\\\/09\\\/mx2-jago-geerts-turquie-resultats\\\/\",\"url\":\"https:\\\/\\\/fr.motocrossmag.be\\\/index.php\\\/2022\\\/09\\\/mx2-jago-geerts-turquie-resultats\\\/\",\"name\":\"MXGP en Turquie : Tom Vialle remporte la premi\u00e8re manche MX2 et prend les commandes du provisoire - Motocross - Enduro - Supermoto | MotocrossMag\",\"isPartOf\":{\"@id\":\"https:\\\/\\\/fr.motocrossmag.be\\\/#website\"},\"primaryImageOfPage\":{\"@id\":\"https:\\\/\\\/fr.motocrossmag.be\\\/index.php\\\/2022\\\/09\\\/mx2-jago-geerts-turquie-resultats\\\/#primaryimage\"},\"image\":{\"@id\":\"https:\\\/\\\/fr.motocrossmag.be\\\/index.php\\\/2022\\\/09\\\/mx2-jago-geerts-turquie-resultats\\\/#primaryimage\"},\"thumbnailUrl\":\"https:\\\/\\\/fr.motocrossmag.be\\\/wp-content\\\/uploads\\\/2022\\\/09\\\/unnamed72.jpg\",\"datePublished\":\"2022-09-04T12:24:04+00:00\",\"author\":{\"@id\":\"https:\\\/\\\/fr.motocrossmag.be\\\/#\\\/schema\\\/person\\\/11b47143d9f755babca2c9110e03235c\"},\"breadcrumb\":{\"@id\":\"https:\\\/\\\/fr.motocrossmag.be\\\/index.php\\\/2022\\\/09\\\/mx2-jago-geerts-turquie-resultats\\\/#breadcrumb\"},\"inLanguage\":\"fr-FR\",\"potentialAction\":[{\"@type\":\"ReadAction\",\"target\":[\"https:\\\/\\\/fr.motocrossmag.be\\\/index.php\\\/2022\\\/09\\\/mx2-jago-geerts-turquie-resultats\\\/\"]}]},{\"@type\":\"ImageObject\",\"inLanguage\":\"fr-FR\",\"@id\":\"https:\\\/\\\/fr.motocrossmag.be\\\/index.php\\\/2022\\\/09\\\/mx2-jago-geerts-turquie-resultats\\\/#primaryimage\",\"url\":\"https:\\\/\\\/fr.motocrossmag.be\\\/wp-content\\\/uploads\\\/2022\\\/09\\\/unnamed72.jpg\",\"contentUrl\":\"https:\\\/\\\/fr.motocrossmag.be\\\/wp-content\\\/uploads\\\/2022\\\/09\\\/unnamed72.jpg\",\"width\":\"1000\",\"height\":\"666\"},{\"@type\":\"BreadcrumbList\",\"@id\":\"https:\\\/\\\/fr.motocrossmag.be\\\/index.php\\\/2022\\\/09\\\/mx2-jago-geerts-turquie-resultats\\\/#breadcrumb\",\"itemListElement\":[{\"@type\":\"ListItem\",\"position\":1,\"name\":\"Accueil\",\"item\":\"https:\\\/\\\/fr.motocrossmag.be\\\/\"},{\"@type\":\"ListItem\",\"position\":2,\"name\":\"MXGP en Turquie : Tom Vialle remporte la premi\u00e8re manche MX2 et prend les commandes du provisoire\"}]},{\"@type\":\"WebSite\",\"@id\":\"https:\\\/\\\/fr.motocrossmag.be\\\/#website\",\"url\":\"https:\\\/\\\/fr.motocrossmag.be\\\/\",\"name\":\"Motocross - Enduro - Supermoto | MotocrossMag\",\"description\":\"L&#039;actualit\u00e9 du motocross, de l&#039;enduro et du Supermoto en ligne!\",\"potentialAction\":[{\"@type\":\"SearchAction\",\"target\":{\"@type\":\"EntryPoint\",\"urlTemplate\":\"https:\\\/\\\/fr.motocrossmag.be\\\/?s={search_term_string}\"},\"query-input\":{\"@type\":\"PropertyValueSpecification\",\"valueRequired\":true,\"valueName\":\"search_term_string\"}}],\"inLanguage\":\"fr-FR\"},{\"@type\":\"Person\",\"@id\":\"https:\\\/\\\/fr.motocrossmag.be\\\/#\\\/schema\\\/person\\\/11b47143d9f755babca2c9110e03235c\",\"name\":\"oliviere\",\"image\":{\"@type\":\"ImageObject\",\"inLanguage\":\"fr-FR\",\"@id\":\"https:\\\/\\\/secure.gravatar.com\\\/avatar\\\/907069e0b81d119452040469e4a7501da1100f54f7f80180ce77bfab718288f6?s=96&d=mm&r=g\",\"url\":\"https:\\\/\\\/secure.gravatar.com\\\/avatar\\\/907069e0b81d119452040469e4a7501da1100f54f7f80180ce77bfab718288f6?s=96&d=mm&r=g\",\"contentUrl\":\"https:\\\/\\\/secure.gravatar.com\\\/avatar\\\/907069e0b81d119452040469e4a7501da1100f54f7f80180ce77bfab718288f6?s=96&d=mm&r=g\",\"caption\":\"oliviere\"},\"sameAs\":[\"http:\\\/\\\/www.motocrossmag.be\"],\"url\":\"https:\\\/\\\/fr.motocrossmag.be\\\/index.php\\\/author\\\/oliviere\\\/\"}]}<\/script>\n<!-- \/ Yoast SEO plugin. -->","yoast_head_json":{"title":"MXGP en Turquie : Tom Vialle remporte la premi\u00e8re manche MX2 et prend les commandes du provisoire - Motocross - Enduro - Supermoto | MotocrossMag","robots":{"index":"index","follow":"follow","max-snippet":"max-snippet:-1","max-image-preview":"max-image-preview:large","max-video-preview":"max-video-preview:-1"},"canonical":"https:\/\/fr.motocrossmag.be\/index.php\/2022\/09\/mx2-jago-geerts-turquie-resultats\/","og_locale":"fr_FR","og_type":"article","og_title":"MXGP en Turquie : Tom Vialle remporte la premi\u00e8re manche MX2 et prend les commandes du provisoire - Motocross - Enduro - Supermoto | MotocrossMag","og_description":"En partant en t\u00eate de la premi\u00e8re manche MX2 du GP de Turquie ce dimanche, Tom Vialle a d&#8217;embl\u00e9e pris une option sur la victoire. D&rsquo;autant plus que Jago Geerts, [...]","og_url":"https:\/\/fr.motocrossmag.be\/index.php\/2022\/09\/mx2-jago-geerts-turquie-resultats\/","og_site_name":"Motocross - Enduro - Supermoto | MotocrossMag","article_published_time":"2022-09-04T12:24:04+00:00","og_image":[{"width":1000,"height":666,"url":"https:\/\/fr.motocrossmag.be\/wp-content\/uploads\/2022\/09\/unnamed72.jpg","type":"image\/jpeg"}],"author":"oliviere","twitter_card":"summary_large_image","twitter_misc":{"\u00c9crit par":"oliviere","Dur\u00e9e de lecture estim\u00e9e":"3 minutes"},"schema":{"@context":"https:\/\/schema.org","@graph":[{"@type":"Article","@id":"https:\/\/fr.motocrossmag.be\/index.php\/2022\/09\/mx2-jago-geerts-turquie-resultats\/#article","isPartOf":{"@id":"https:\/\/fr.motocrossmag.be\/index.php\/2022\/09\/mx2-jago-geerts-turquie-resultats\/"},"author":{"name":"oliviere","@id":"https:\/\/fr.motocrossmag.be\/#\/schema\/person\/11b47143d9f755babca2c9110e03235c"},"headline":"MXGP en Turquie : Tom Vialle remporte la premi\u00e8re manche MX2 et prend les commandes du provisoire","datePublished":"2022-09-04T12:24:04+00:00","mainEntityOfPage":{"@id":"https:\/\/fr.motocrossmag.be\/index.php\/2022\/09\/mx2-jago-geerts-turquie-resultats\/"},"wordCount":620,"commentCount":0,"image":{"@id":"https:\/\/fr.motocrossmag.be\/index.php\/2022\/09\/mx2-jago-geerts-turquie-resultats\/#primaryimage"},"thumbnailUrl":"https:\/\/fr.motocrossmag.be\/wp-content\/uploads\/2022\/09\/unnamed72.jpg","keywords":["afyon","Jago Geerts","Motocross","MXGP","tom vialle"],"articleSection":["Actualit\u00e9","Motocross","Motocross MXGP","News","News","R\u00e9sultats","Slideshow"],"inLanguage":"fr-FR","potentialAction":[{"@type":"CommentAction","name":"Comment","target":["https:\/\/fr.motocrossmag.be\/index.php\/2022\/09\/mx2-jago-geerts-turquie-resultats\/#respond"]}]},{"@type":"WebPage","@id":"https:\/\/fr.motocrossmag.be\/index.php\/2022\/09\/mx2-jago-geerts-turquie-resultats\/","url":"https:\/\/fr.motocrossmag.be\/index.php\/2022\/09\/mx2-jago-geerts-turquie-resultats\/","name":"MXGP en Turquie : Tom Vialle remporte la premi\u00e8re manche MX2 et prend les commandes du provisoire - Motocross - Enduro - Supermoto | MotocrossMag","isPartOf":{"@id":"https:\/\/fr.motocrossmag.be\/#website"},"primaryImageOfPage":{"@id":"https:\/\/fr.motocrossmag.be\/index.php\/2022\/09\/mx2-jago-geerts-turquie-resultats\/#primaryimage"},"image":{"@id":"https:\/\/fr.motocrossmag.be\/index.php\/2022\/09\/mx2-jago-geerts-turquie-resultats\/#primaryimage"},"thumbnailUrl":"https:\/\/fr.motocrossmag.be\/wp-content\/uploads\/2022\/09\/unnamed72.jpg","datePublished":"2022-09-04T12:24:04+00:00","author":{"@id":"https:\/\/fr.motocrossmag.be\/#\/schema\/person\/11b47143d9f755babca2c9110e03235c"},"breadcrumb":{"@id":"https:\/\/fr.motocrossmag.be\/index.php\/2022\/09\/mx2-jago-geerts-turquie-resultats\/#breadcrumb"},"inLanguage":"fr-FR","potentialAction":[{"@type":"ReadAction","target":["https:\/\/fr.motocrossmag.be\/index.php\/2022\/09\/mx2-jago-geerts-turquie-resultats\/"]}]},{"@type":"ImageObject","inLanguage":"fr-FR","@id":"https:\/\/fr.motocrossmag.be\/index.php\/2022\/09\/mx2-jago-geerts-turquie-resultats\/#primaryimage","url":"https:\/\/fr.motocrossmag.be\/wp-content\/uploads\/2022\/09\/unnamed72.jpg","contentUrl":"https:\/\/fr.motocrossmag.be\/wp-content\/uploads\/2022\/09\/unnamed72.jpg","width":"1000","height":"666"},{"@type":"BreadcrumbList","@id":"https:\/\/fr.motocrossmag.be\/index.php\/2022\/09\/mx2-jago-geerts-turquie-resultats\/#breadcrumb","itemListElement":[{"@type":"ListItem","position":1,"name":"Accueil","item":"https:\/\/fr.motocrossmag.be\/"},{"@type":"ListItem","position":2,"name":"MXGP en Turquie : Tom Vialle remporte la premi\u00e8re manche MX2 et prend les commandes du provisoire"}]},{"@type":"WebSite","@id":"https:\/\/fr.motocrossmag.be\/#website","url":"https:\/\/fr.motocrossmag.be\/","name":"Motocross - Enduro - Supermoto | MotocrossMag","description":"L&#039;actualit\u00e9 du motocross, de l&#039;enduro et du Supermoto en ligne!","potentialAction":[{"@type":"SearchAction","target":{"@type":"EntryPoint","urlTemplate":"https:\/\/fr.motocrossmag.be\/?s={search_term_string}"},"query-input":{"@type":"PropertyValueSpecification","valueRequired":true,"valueName":"search_term_string"}}],"inLanguage":"fr-FR"},{"@type":"Person","@id":"https:\/\/fr.motocrossmag.be\/#\/schema\/person\/11b47143d9f755babca2c9110e03235c","name":"oliviere","image":{"@type":"ImageObject","inLanguage":"fr-FR","@id":"https:\/\/secure.gravatar.com\/avatar\/907069e0b81d119452040469e4a7501da1100f54f7f80180ce77bfab718288f6?s=96&d=mm&r=g","url":"https:\/\/secure.gravatar.com\/avatar\/907069e0b81d119452040469e4a7501da1100f54f7f80180ce77bfab718288f6?s=96&d=mm&r=g","contentUrl":"https:\/\/secure.gravatar.com\/avatar\/907069e0b81d119452040469e4a7501da1100f54f7f80180ce77bfab718288f6?s=96&d=mm&r=g","caption":"oliviere"},"sameAs":["http:\/\/www.motocrossmag.be"],"url":"https:\/\/fr.motocrossmag.be\/index.php\/author\/oliviere\/"}]}},"_links":{"self":[{"href":"https:\/\/fr.motocrossmag.be\/index.php\/wp-json\/wp\/v2\/posts\/120693","targetHints":{"allow":["GET"]}}],"collection":[{"href":"https:\/\/fr.motocrossmag.be\/index.php\/wp-json\/wp\/v2\/posts"}],"about":[{"href":"https:\/\/fr.motocrossmag.be\/index.php\/wp-json\/wp\/v2\/types\/post"}],"author":[{"embeddable":true,"href":"https:\/\/fr.motocrossmag.be\/index.php\/wp-json\/wp\/v2\/users\/932"}],"replies":[{"embeddable":true,"href":"https:\/\/fr.motocrossmag.be\/index.php\/wp-json\/wp\/v2\/comments?post=120693"}],"version-history":[{"count":0,"href":"https:\/\/fr.motocrossmag.be\/index.php\/wp-json\/wp\/v2\/posts\/120693\/revisions"}],"wp:featuredmedia":[{"embeddable":true,"href":"https:\/\/fr.motocrossmag.be\/index.php\/wp-json\/wp\/v2\/media\/120687"}],"wp:attachment":[{"href":"https:\/\/fr.motocrossmag.be\/index.php\/wp-json\/wp\/v2\/media?parent=120693"}],"wp:term":[{"taxonomy":"category","embeddable":true,"href":"https:\/\/fr.motocrossmag.be\/index.php\/wp-json\/wp\/v2\/categories?post=120693"},{"taxonomy":"post_tag","embeddable":true,"href":"https:\/\/fr.motocrossmag.be\/index.php\/wp-json\/wp\/v2\/tags?post=120693"}],"curies":[{"name":"wp","href":"https:\/\/api.w.org\/{rel}","templated":true}]}}