{"id":120694,"date":"2022-09-04T14:40:43","date_gmt":"2022-09-04T12:40:43","guid":{"rendered":"http:\/\/fr.motocrossmag.be\/?p=120694"},"modified":"2022-09-04T14:47:52","modified_gmt":"2022-09-04T12:47:52","slug":"nancy-van-de-ven-coiffe-sa-premiere-couronne-mondiale","status":"publish","type":"post","link":"https:\/\/fr.motocrossmag.be\/index.php\/2022\/09\/nancy-van-de-ven-coiffe-sa-premiere-couronne-mondiale\/","title":{"rendered":"Nancy Van De Ven coiffe sa premi\u00e8re couronne mondiale !"},"content":{"rendered":"<p><strong>Depuis plusieurs ann\u00e9es aux avant-postes du mondial f\u00e9minin, r\u00e9guli\u00e8rement parmi les candidates \u00e0 la victoire, Nancy Van De Ven n&rsquo;\u00e9tait pourtant jamais parvenue \u00e0 s&rsquo;imposer au d\u00e9compte final du championnat. C&rsquo;est d\u00e9sormais chose faite. La Hollandaise a coiff\u00e9 ce dimanche en Turquie sa premi\u00e8re couronne mondiale.<\/strong><\/p>\n<p>Huiti\u00e8me seulement de cet ultime GP de la saison, la pilote Yamaha \u00e9tait arriv\u00e9e \u00e0 Afyon avec un confortable avantage qu&rsquo;elle a g\u00e9r\u00e9 avec brio dans les deux manches du week-end face \u00e0 sa compatriote Lynn Valk. Van De Ven termine la saison avec 18 points d&rsquo;avance sur Valk, 4\u00e8me du GP en Turquie.<\/p>\n<div id=\"attachment_120695\" style=\"width: 1010px\" class=\"wp-caption alignnone\"><img decoding=\"async\" aria-describedby=\"caption-attachment-120695\" class=\"lazyload wp-image-120695 size-full\" src=\"http:\/\/fr.motocrossmag.be\/wp-content\/uploads\/2022\/09\/DUNCAN-SUN-MOTOCROSS-GP-18-TUR-2022.jpg\" data-orig-src=\"http:\/\/fr.motocrossmag.be\/wp-content\/uploads\/2022\/09\/DUNCAN-SUN-MOTOCROSS-GP-18-TUR-2022.jpg\" alt=\"\" width=\"1000\" height=\"666\" srcset=\"data:image\/svg+xml,%3Csvg%20xmlns%3D%27http%3A%2F%2Fwww.w3.org%2F2000%2Fsvg%27%20width%3D%271000%27%20height%3D%27666%27%20viewBox%3D%270%200%201000%20666%27%3E%3Crect%20width%3D%271000%27%20height%3D%27666%27%20fill-opacity%3D%220%22%2F%3E%3C%2Fsvg%3E\" data-srcset=\"https:\/\/fr.motocrossmag.be\/wp-content\/uploads\/2022\/09\/DUNCAN-SUN-MOTOCROSS-GP-18-TUR-2022-650x433.jpg 650w, https:\/\/fr.motocrossmag.be\/wp-content\/uploads\/2022\/09\/DUNCAN-SUN-MOTOCROSS-GP-18-TUR-2022-768x511.jpg 768w, https:\/\/fr.motocrossmag.be\/wp-content\/uploads\/2022\/09\/DUNCAN-SUN-MOTOCROSS-GP-18-TUR-2022.jpg 1000w\" data-sizes=\"auto\" data-orig-sizes=\"(max-width: 1000px) 100vw, 1000px\" \/><p id=\"caption-attachment-120695\" class=\"wp-caption-text\">Courtney Duncan remporte les deux manches en Turquie.<\/p><\/div>\n<p>Ce dimanche, c&rsquo;est la championne sortante Courtney Duncan qui cl\u00f4ture sa saison sur une victoire. La N\u00e9o-Z\u00e9landaise s&rsquo;impose devant Larissa Papenmeier et la Danoise Sara Andersen.<\/p>\n<p>Deux fois cinqui\u00e8me dans les manches \u00e0 Afyon, Amandine Verstappen termine le GP \u00e0 la 6\u00e8me place et c&rsquo;est d&rsquo;ailleurs cette position que la Li\u00e9geoise occupe dans le classement final du championnat mondial f\u00e9minin 2022 o\u00f9 elle est la seule Belge \u00e0 figurer.<\/p>\n<p><img decoding=\"async\" class=\"lazyload alignnone size-full wp-image-120699\" src=\"http:\/\/fr.motocrossmag.be\/wp-content\/uploads\/2022\/09\/unnamed74.jpg\" data-orig-src=\"http:\/\/fr.motocrossmag.be\/wp-content\/uploads\/2022\/09\/unnamed74.jpg\" alt=\"\" width=\"1000\" height=\"666\" srcset=\"data:image\/svg+xml,%3Csvg%20xmlns%3D%27http%3A%2F%2Fwww.w3.org%2F2000%2Fsvg%27%20width%3D%271000%27%20height%3D%27666%27%20viewBox%3D%270%200%201000%20666%27%3E%3Crect%20width%3D%271000%27%20height%3D%27666%27%20fill-opacity%3D%220%22%2F%3E%3C%2Fsvg%3E\" data-srcset=\"https:\/\/fr.motocrossmag.be\/wp-content\/uploads\/2022\/09\/unnamed74-650x433.jpg 650w, https:\/\/fr.motocrossmag.be\/wp-content\/uploads\/2022\/09\/unnamed74-768x511.jpg 768w, https:\/\/fr.motocrossmag.be\/wp-content\/uploads\/2022\/09\/unnamed74.jpg 1000w\" data-sizes=\"auto\" data-orig-sizes=\"(max-width: 1000px) 100vw, 1000px\" \/><\/p>\n<p>La jeune Hollandaise Lotte Van Drunen, 15 ans tout juste, termine quant \u00e0 elle son premier GP \u00e0 une belle 7\u00e8me place. La pilote Kawasaki disputera l&rsquo;an prochain l&rsquo;int\u00e9gralit\u00e9 du mondial f\u00e9minin.<\/p>\n<p><strong><span style=\"color: #800000;\">R\u00e9sultats<\/span><\/strong><\/p>\n<p>MANCHE 1<\/p>\n<p>1. Courtney Duncan (NZL, Kawasaki), 25:50.372; 2. Larissa Papenmeier (GER, Yamaha), +0:04.187; 3. Lynn Valk (NED, Yamaha), +0:19.706; 4. Sara Andersen (DEN, KTM), +0:28.122;\u00a0<strong>5. Amandine Verstappen (BEL, Kawasaki), +0:31.813<\/strong>; 6. Nancy Van De Ven (NED, Yamaha), +0:32.612; 7. Lotte Van Drunen (NED, KTM), +0:34.088;\u00a08. Charli Cannon (AUS, Yamaha), +0:36.062; 9. Martine Hughes (NOR, Honda), +0:44.305;\u00a010. Shana van der Vlist (NED, KTM), +0:51.330;\u00a011. Malou Jakobsen (DEN, KTM), +1:02.082; 12. Britt Jans-Beken (NED, KTM), +1:06.350; 13. Tahlia Jade O\u2019Hare (AUS, Honda), +1:14.481; 14. Gabriela Seisdedos (ESP, KTM), +1:26.355; 15. Sandra Keller (SUI, Yamaha), +1:38.641; 16. Giorgia Blasigh (ITA, Yamaha), +1:39.343; 17. Virginie Germond (SUI, KTM), +2:06.653;\u00a018. Jenitty Van der Beek (NED, KTM), +2:13.485; 19. Danee Gelissen (NED, KTM), -1 lap(s);\u00a020. Aida Cojanu (ROU, Yamaha), -1 lap(s); 21. Hasti Rezaei (IRI, Honda), -2 lap(s); 22. Ramona Gassmann (SUI, Kawasaki), -2 lap(s); 23. Alissa Harkin (CAN, Yamaha), -4 lap(s); 24. Irmak Yildirim (TUR, GASGAS), -4 lap(s); 25. Elisa Galvagno (ITA, Husqvarna), -10 lap(s);<\/p>\n<p>MANCHE 2<\/p>\n<p>1. Courtney Duncan (NZL, Kawasaki), 25:11.376;\u00a02. Shana van der Vlist (NED, KTM), +0:04.502;\u00a03. Sara Andersen (DEN, KTM), +0:12.989; 4. Larissa Papenmeier (GER, Yamaha), +0:14.077;\u00a0<strong>5. Amandine Verstappen (BEL, Kawasaki), +0:16.209<\/strong>; 6. Lynn Valk (NED, Yamaha), +0:18.403; 7. Lotte Van Drunen (NED, KTM), +0:19.024;\u00a08. Nancy Van De Ven (NED, Yamaha), +0:33.242;\u00a09. Elisa Galvagno (ITA, Husqvarna), +0:47.982; 10. Tahlia Jade O\u2019Hare (AUS, Honda), +0:54.561; 11. Malou Jakobsen (DEN, KTM), +1:02.660; 12. Giorgia Blasigh (ITA, Yamaha), +1:28.258; 13. Virginie Germond (SUI, KTM), +1:31.643; 14. Martine Hughes (NOR, Honda), +1:32.042; 15. Gabriela Seisdedos (ESP, KTM), +1:37.710;\u00a016. Britt Jans-Beken (NED, KTM), +1:51.543;\u00a017. Jenitty Van der Beek (NED, KTM), +2:03.027;\u00a018. Aida Cojanu (ROU, Yamaha), -1 lap(s);\u00a019. Danee Gelissen (NED, KTM), -1 lap(s);\u00a020. Hasti Rezaei (IRI, Honda), -3 lap(s); 21. Ramona Gassmann (SUI, Kawasaki), -3 lap(s); 22. Alissa Harkin (CAN, Yamaha), -3 lap(s); 23. Irmak Yildirim (TUR, GASGAS), -3 lap(s); 24. Charli Cannon (AUS, Yamaha), -5 lap(s); 25. Sandra Keller (SUI, Yamaha), -6 lap(s);<\/p>\n<p>CLASSEMENT GENERAL WMX<\/p>\n<p>1. Courtney Duncan (NZL, KAW), 50 points; 2. Larissa Papenmeier (GER, YAM), 40 p.; 3. Sara Andersen (DEN, KTM), 38 p.;\u00a04. Lynn Valk (NED, YAM), 35 p.; 5. Shana van der Vlist (NED, KTM), 33 p.; <strong>6. Amandine Verstappen (BEL, KAW), 32 p<\/strong>.; 7. Lotte Van Drunen (NED, KTM), 28 p.; 8. Nancy Van De Ven (NED, YAM), 28 p.;\u00a09. Malou Jakobsen (DEN, KTM), 20 p.; 10. Tahlia Jade O\u2019Hare (AUS, HON), 19 p.; 11. Martine Hughes (NOR, HON), 19 p.; 12. Giorgia Blasigh (ITA, YAM), 14 p.;\u00a013. Britt Jans-Beken (NED, KTM), 14 p.;\u00a014. Gabriela Seisdedos (ESP, KTM), 13 p.; 15. Charli Cannon (AUS, YAM), 13 p.; 16. Elisa Galvagno (ITA, HUS), 12 p.; 17. Virginie Germond (SUI, KTM), 12 p.;\u00a018. Jenitty Van der Beek (NED, KTM), 7 p.;\u00a019. Sandra Keller (SUI, YAM), 6 p.; 20. Aida Cojanu (ROU, YAM), 4 p.;\u00a021. Danee Gelissen (NED, KTM), 4 p.;\u00a022. Hasti Rezaei (IRI, HON), 1 p.; 23. Ramona Gassmann (SUI, KAW), 0 p.; 24. Alissa Harkin (CAN, YAM), 0 p.; 25. Irmak Yildirim (TUR, GAS), 0 p.;<\/p>\n<p>CLASSEMENT FINAL WMX<\/p>\n<p>1. Nancy Van De Ven (NED, YAM), 201 points; 2. Lynn Valk (NED, YAM), 183 p.;\u00a03. Larissa Papenmeier (GER, YAM), 172 p.;\u00a04. Shana van der Vlist (NED, KTM), 168 p.;\u00a05. Sara Andersen (DEN, KTM), 138 p.;\u00a0<strong>6. Amandine Verstappen (BEL, KAW), 134 p.;<\/strong>\u00a07. Courtney Duncan (NZL, KAW), 129 p.; 8. Martine Hughes (NOR, HON), 114 p.; 9. Giorgia Blasigh (ITA, YAM), 110 p.; 10. Tahlia Jade O\u2019Hare (AUS, HON), 102 p.; 11. Malou Jakobsen (DEN, KTM), 96 p.;\u00a012. Britt Jans-Beken (NED, KTM), 87 p.;\u00a013. Daniela Guillen (ESP, KTM), 85 p.; 14. Mathea Seleboe (NOR, YAM), 72 p.; 15. Virginie Germond (SUI, KTM), 54 p.; 16. Sandra Keller (SUI, YAM), 53 p.; 17. Gabriela Seisdedos (ESP, KTM), 39 p.; 18. Anne Borchers (GER, FAN), 35 p.; 19. Elisa Galvagno (ITA, HUS), 33 p.;\u00a020. Danee Gelissen (NED, KTM), 29 p.;\u00a021. Alicia Reitze (GER, YAM), 29 p.;\u00a022. Lotte Van Drunen (NED, KTM), 28 p.;\u00a023. Kim Irmgartz (GER, HON), 14 p.;\u00a024. Jenitty Van der Beek (NED, KTM), 14 p.;\u00a025. Charli Cannon (AUS, YAM), 13 p.; 26. Avrie Berry (USA, HON), 12 p.; 27. Giorgia Montini (ITA, HUS), 10 p.; 28. Janina Lehmann (GER, HON), 8 p.;\u00a029. Amber Simons (NED, KTM), 7 p.;\u00a030. Jana Sanchez Nequi (ESP, YAM), 7 p.; 31. Gaia Franchi (ITA, HUS), 7 p.; 32. Barbara Aagaard Andersen (DEN, YAM), 6 p.; 33. Fiona Hoppe (GER, GAS), 6 p.; 34. Aida Cojanu (ROU, YAM), 4 p.; 35. Alissa Harkin (CAN, YAM), 2 p.; 36. Lea Chaput (FRA, GAS), 2 p.; 37. Giorgia Giudici (ITA, HUS), 2 p.; 38. Laura Raunkjaer (DEN, YAM), 2 p.; 39. Hasti Rezaei (IRI, HON), 1 p.; 40. Roma Edwards (NZL, HON), 1 p.; 41. Mia Ribic (CRO, GAS), 1 p.;<\/p>\n<p>&nbsp;<\/p>\n","protected":false},"excerpt":{"rendered":"<p>Depuis plusieurs ann\u00e9es aux avant-postes du mondial f\u00e9minin, r\u00e9guli\u00e8rement parmi les candidates \u00e0 la victoire, Nancy Van De Ven n&rsquo;\u00e9tait pourtant jamais parvenue \u00e0 s&rsquo;imposer au d\u00e9compte final du championnat. [&#8230;]<\/p>\n","protected":false},"author":932,"featured_media":120696,"comment_status":"open","ping_status":"closed","sticky":false,"template":"","format":"standard","meta":{"footnotes":""},"categories":[54,4,6,5,55,56,65],"tags":[1272,1002,1849,947,1003,822],"class_list":["post-120694","post","type-post","status-publish","format-standard","has-post-thumbnail","hentry","category-actualite","category-motocross","category-mx1mx2","category-news","category-news-actualite","category-resultats","category-slideshow","tag-amandine-verstappen","tag-courtney-duncan","tag-lotte-van-drunen","tag-motocross","tag-nancy-van-de-ven","tag-wmx"],"yoast_head":"<!-- This site is optimized with the Yoast SEO plugin v27.4 - https:\/\/yoast.com\/product\/yoast-seo-wordpress\/ -->\n<title>Nancy Van De Ven coiffe sa premi\u00e8re couronne mondiale ! - Motocross - Enduro - Supermoto | MotocrossMag<\/title>\n<meta name=\"robots\" content=\"index, follow, max-snippet:-1, max-image-preview:large, max-video-preview:-1\" \/>\n<link rel=\"canonical\" href=\"https:\/\/fr.motocrossmag.be\/index.php\/2022\/09\/nancy-van-de-ven-coiffe-sa-premiere-couronne-mondiale\/\" \/>\n<meta property=\"og:locale\" content=\"fr_FR\" \/>\n<meta property=\"og:type\" content=\"article\" \/>\n<meta property=\"og:title\" content=\"Nancy Van De Ven coiffe sa premi\u00e8re couronne mondiale ! - Motocross - Enduro - Supermoto | MotocrossMag\" \/>\n<meta property=\"og:description\" content=\"Depuis plusieurs ann\u00e9es aux avant-postes du mondial f\u00e9minin, r\u00e9guli\u00e8rement parmi les candidates \u00e0 la victoire, Nancy Van De Ven n&rsquo;\u00e9tait pourtant jamais parvenue \u00e0 s&rsquo;imposer au d\u00e9compte final du championnat. [...]\" \/>\n<meta property=\"og:url\" content=\"https:\/\/fr.motocrossmag.be\/index.php\/2022\/09\/nancy-van-de-ven-coiffe-sa-premiere-couronne-mondiale\/\" \/>\n<meta property=\"og:site_name\" content=\"Motocross - Enduro - Supermoto | MotocrossMag\" \/>\n<meta property=\"article:published_time\" content=\"2022-09-04T12:40:43+00:00\" \/>\n<meta property=\"article:modified_time\" content=\"2022-09-04T12:47:52+00:00\" \/>\n<meta property=\"og:image\" content=\"https:\/\/fr.motocrossmag.be\/wp-content\/uploads\/2022\/09\/PODIUM-9-WMX-MOTOCROSS-GP-18-TUR-2022.jpg\" \/>\n\t<meta property=\"og:image:width\" content=\"1000\" \/>\n\t<meta property=\"og:image:height\" content=\"666\" \/>\n\t<meta property=\"og:image:type\" content=\"image\/jpeg\" \/>\n<meta name=\"author\" content=\"oliviere\" \/>\n<meta name=\"twitter:card\" content=\"summary_large_image\" \/>\n<meta name=\"twitter:label1\" content=\"\u00c9crit par\" \/>\n\t<meta name=\"twitter:data1\" content=\"oliviere\" \/>\n\t<meta name=\"twitter:label2\" content=\"Dur\u00e9e de lecture estim\u00e9e\" \/>\n\t<meta name=\"twitter:data2\" content=\"4 minutes\" \/>\n<script type=\"application\/ld+json\" class=\"yoast-schema-graph\">{\"@context\":\"https:\\\/\\\/schema.org\",\"@graph\":[{\"@type\":\"Article\",\"@id\":\"https:\\\/\\\/fr.motocrossmag.be\\\/index.php\\\/2022\\\/09\\\/nancy-van-de-ven-coiffe-sa-premiere-couronne-mondiale\\\/#article\",\"isPartOf\":{\"@id\":\"https:\\\/\\\/fr.motocrossmag.be\\\/index.php\\\/2022\\\/09\\\/nancy-van-de-ven-coiffe-sa-premiere-couronne-mondiale\\\/\"},\"author\":{\"name\":\"oliviere\",\"@id\":\"https:\\\/\\\/fr.motocrossmag.be\\\/#\\\/schema\\\/person\\\/11b47143d9f755babca2c9110e03235c\"},\"headline\":\"Nancy Van De Ven coiffe sa premi\u00e8re couronne mondiale !\",\"datePublished\":\"2022-09-04T12:40:43+00:00\",\"dateModified\":\"2022-09-04T12:47:52+00:00\",\"mainEntityOfPage\":{\"@id\":\"https:\\\/\\\/fr.motocrossmag.be\\\/index.php\\\/2022\\\/09\\\/nancy-van-de-ven-coiffe-sa-premiere-couronne-mondiale\\\/\"},\"wordCount\":867,\"commentCount\":0,\"image\":{\"@id\":\"https:\\\/\\\/fr.motocrossmag.be\\\/index.php\\\/2022\\\/09\\\/nancy-van-de-ven-coiffe-sa-premiere-couronne-mondiale\\\/#primaryimage\"},\"thumbnailUrl\":\"https:\\\/\\\/fr.motocrossmag.be\\\/wp-content\\\/uploads\\\/2022\\\/09\\\/PODIUM-9-WMX-MOTOCROSS-GP-18-TUR-2022.jpg\",\"keywords\":[\"amandine verstappen\",\"courtney duncan\",\"lotte van drunen\",\"Motocross\",\"nancy van de ven\",\"wmx\"],\"articleSection\":[\"Actualit\u00e9\",\"Motocross\",\"Motocross MXGP\",\"News\",\"News\",\"R\u00e9sultats\",\"Slideshow\"],\"inLanguage\":\"fr-FR\",\"potentialAction\":[{\"@type\":\"CommentAction\",\"name\":\"Comment\",\"target\":[\"https:\\\/\\\/fr.motocrossmag.be\\\/index.php\\\/2022\\\/09\\\/nancy-van-de-ven-coiffe-sa-premiere-couronne-mondiale\\\/#respond\"]}]},{\"@type\":\"WebPage\",\"@id\":\"https:\\\/\\\/fr.motocrossmag.be\\\/index.php\\\/2022\\\/09\\\/nancy-van-de-ven-coiffe-sa-premiere-couronne-mondiale\\\/\",\"url\":\"https:\\\/\\\/fr.motocrossmag.be\\\/index.php\\\/2022\\\/09\\\/nancy-van-de-ven-coiffe-sa-premiere-couronne-mondiale\\\/\",\"name\":\"Nancy Van De Ven coiffe sa premi\u00e8re couronne mondiale ! - Motocross - Enduro - Supermoto | MotocrossMag\",\"isPartOf\":{\"@id\":\"https:\\\/\\\/fr.motocrossmag.be\\\/#website\"},\"primaryImageOfPage\":{\"@id\":\"https:\\\/\\\/fr.motocrossmag.be\\\/index.php\\\/2022\\\/09\\\/nancy-van-de-ven-coiffe-sa-premiere-couronne-mondiale\\\/#primaryimage\"},\"image\":{\"@id\":\"https:\\\/\\\/fr.motocrossmag.be\\\/index.php\\\/2022\\\/09\\\/nancy-van-de-ven-coiffe-sa-premiere-couronne-mondiale\\\/#primaryimage\"},\"thumbnailUrl\":\"https:\\\/\\\/fr.motocrossmag.be\\\/wp-content\\\/uploads\\\/2022\\\/09\\\/PODIUM-9-WMX-MOTOCROSS-GP-18-TUR-2022.jpg\",\"datePublished\":\"2022-09-04T12:40:43+00:00\",\"dateModified\":\"2022-09-04T12:47:52+00:00\",\"author\":{\"@id\":\"https:\\\/\\\/fr.motocrossmag.be\\\/#\\\/schema\\\/person\\\/11b47143d9f755babca2c9110e03235c\"},\"breadcrumb\":{\"@id\":\"https:\\\/\\\/fr.motocrossmag.be\\\/index.php\\\/2022\\\/09\\\/nancy-van-de-ven-coiffe-sa-premiere-couronne-mondiale\\\/#breadcrumb\"},\"inLanguage\":\"fr-FR\",\"potentialAction\":[{\"@type\":\"ReadAction\",\"target\":[\"https:\\\/\\\/fr.motocrossmag.be\\\/index.php\\\/2022\\\/09\\\/nancy-van-de-ven-coiffe-sa-premiere-couronne-mondiale\\\/\"]}]},{\"@type\":\"ImageObject\",\"inLanguage\":\"fr-FR\",\"@id\":\"https:\\\/\\\/fr.motocrossmag.be\\\/index.php\\\/2022\\\/09\\\/nancy-van-de-ven-coiffe-sa-premiere-couronne-mondiale\\\/#primaryimage\",\"url\":\"https:\\\/\\\/fr.motocrossmag.be\\\/wp-content\\\/uploads\\\/2022\\\/09\\\/PODIUM-9-WMX-MOTOCROSS-GP-18-TUR-2022.jpg\",\"contentUrl\":\"https:\\\/\\\/fr.motocrossmag.be\\\/wp-content\\\/uploads\\\/2022\\\/09\\\/PODIUM-9-WMX-MOTOCROSS-GP-18-TUR-2022.jpg\",\"width\":\"1000\",\"height\":\"666\"},{\"@type\":\"BreadcrumbList\",\"@id\":\"https:\\\/\\\/fr.motocrossmag.be\\\/index.php\\\/2022\\\/09\\\/nancy-van-de-ven-coiffe-sa-premiere-couronne-mondiale\\\/#breadcrumb\",\"itemListElement\":[{\"@type\":\"ListItem\",\"position\":1,\"name\":\"Accueil\",\"item\":\"https:\\\/\\\/fr.motocrossmag.be\\\/\"},{\"@type\":\"ListItem\",\"position\":2,\"name\":\"Nancy Van De Ven coiffe sa premi\u00e8re couronne mondiale !\"}]},{\"@type\":\"WebSite\",\"@id\":\"https:\\\/\\\/fr.motocrossmag.be\\\/#website\",\"url\":\"https:\\\/\\\/fr.motocrossmag.be\\\/\",\"name\":\"Motocross - Enduro - Supermoto | MotocrossMag\",\"description\":\"L&#039;actualit\u00e9 du motocross, de l&#039;enduro et du Supermoto en ligne!\",\"potentialAction\":[{\"@type\":\"SearchAction\",\"target\":{\"@type\":\"EntryPoint\",\"urlTemplate\":\"https:\\\/\\\/fr.motocrossmag.be\\\/?s={search_term_string}\"},\"query-input\":{\"@type\":\"PropertyValueSpecification\",\"valueRequired\":true,\"valueName\":\"search_term_string\"}}],\"inLanguage\":\"fr-FR\"},{\"@type\":\"Person\",\"@id\":\"https:\\\/\\\/fr.motocrossmag.be\\\/#\\\/schema\\\/person\\\/11b47143d9f755babca2c9110e03235c\",\"name\":\"oliviere\",\"image\":{\"@type\":\"ImageObject\",\"inLanguage\":\"fr-FR\",\"@id\":\"https:\\\/\\\/secure.gravatar.com\\\/avatar\\\/907069e0b81d119452040469e4a7501da1100f54f7f80180ce77bfab718288f6?s=96&d=mm&r=g\",\"url\":\"https:\\\/\\\/secure.gravatar.com\\\/avatar\\\/907069e0b81d119452040469e4a7501da1100f54f7f80180ce77bfab718288f6?s=96&d=mm&r=g\",\"contentUrl\":\"https:\\\/\\\/secure.gravatar.com\\\/avatar\\\/907069e0b81d119452040469e4a7501da1100f54f7f80180ce77bfab718288f6?s=96&d=mm&r=g\",\"caption\":\"oliviere\"},\"sameAs\":[\"http:\\\/\\\/www.motocrossmag.be\"],\"url\":\"https:\\\/\\\/fr.motocrossmag.be\\\/index.php\\\/author\\\/oliviere\\\/\"}]}<\/script>\n<!-- \/ Yoast SEO plugin. -->","yoast_head_json":{"title":"Nancy Van De Ven coiffe sa premi\u00e8re couronne mondiale ! - Motocross - Enduro - Supermoto | MotocrossMag","robots":{"index":"index","follow":"follow","max-snippet":"max-snippet:-1","max-image-preview":"max-image-preview:large","max-video-preview":"max-video-preview:-1"},"canonical":"https:\/\/fr.motocrossmag.be\/index.php\/2022\/09\/nancy-van-de-ven-coiffe-sa-premiere-couronne-mondiale\/","og_locale":"fr_FR","og_type":"article","og_title":"Nancy Van De Ven coiffe sa premi\u00e8re couronne mondiale ! - Motocross - Enduro - Supermoto | MotocrossMag","og_description":"Depuis plusieurs ann\u00e9es aux avant-postes du mondial f\u00e9minin, r\u00e9guli\u00e8rement parmi les candidates \u00e0 la victoire, Nancy Van De Ven n&rsquo;\u00e9tait pourtant jamais parvenue \u00e0 s&rsquo;imposer au d\u00e9compte final du championnat. [...]","og_url":"https:\/\/fr.motocrossmag.be\/index.php\/2022\/09\/nancy-van-de-ven-coiffe-sa-premiere-couronne-mondiale\/","og_site_name":"Motocross - Enduro - Supermoto | MotocrossMag","article_published_time":"2022-09-04T12:40:43+00:00","article_modified_time":"2022-09-04T12:47:52+00:00","og_image":[{"width":1000,"height":666,"url":"https:\/\/fr.motocrossmag.be\/wp-content\/uploads\/2022\/09\/PODIUM-9-WMX-MOTOCROSS-GP-18-TUR-2022.jpg","type":"image\/jpeg"}],"author":"oliviere","twitter_card":"summary_large_image","twitter_misc":{"\u00c9crit par":"oliviere","Dur\u00e9e de lecture estim\u00e9e":"4 minutes"},"schema":{"@context":"https:\/\/schema.org","@graph":[{"@type":"Article","@id":"https:\/\/fr.motocrossmag.be\/index.php\/2022\/09\/nancy-van-de-ven-coiffe-sa-premiere-couronne-mondiale\/#article","isPartOf":{"@id":"https:\/\/fr.motocrossmag.be\/index.php\/2022\/09\/nancy-van-de-ven-coiffe-sa-premiere-couronne-mondiale\/"},"author":{"name":"oliviere","@id":"https:\/\/fr.motocrossmag.be\/#\/schema\/person\/11b47143d9f755babca2c9110e03235c"},"headline":"Nancy Van De Ven coiffe sa premi\u00e8re couronne mondiale !","datePublished":"2022-09-04T12:40:43+00:00","dateModified":"2022-09-04T12:47:52+00:00","mainEntityOfPage":{"@id":"https:\/\/fr.motocrossmag.be\/index.php\/2022\/09\/nancy-van-de-ven-coiffe-sa-premiere-couronne-mondiale\/"},"wordCount":867,"commentCount":0,"image":{"@id":"https:\/\/fr.motocrossmag.be\/index.php\/2022\/09\/nancy-van-de-ven-coiffe-sa-premiere-couronne-mondiale\/#primaryimage"},"thumbnailUrl":"https:\/\/fr.motocrossmag.be\/wp-content\/uploads\/2022\/09\/PODIUM-9-WMX-MOTOCROSS-GP-18-TUR-2022.jpg","keywords":["amandine verstappen","courtney duncan","lotte van drunen","Motocross","nancy van de ven","wmx"],"articleSection":["Actualit\u00e9","Motocross","Motocross MXGP","News","News","R\u00e9sultats","Slideshow"],"inLanguage":"fr-FR","potentialAction":[{"@type":"CommentAction","name":"Comment","target":["https:\/\/fr.motocrossmag.be\/index.php\/2022\/09\/nancy-van-de-ven-coiffe-sa-premiere-couronne-mondiale\/#respond"]}]},{"@type":"WebPage","@id":"https:\/\/fr.motocrossmag.be\/index.php\/2022\/09\/nancy-van-de-ven-coiffe-sa-premiere-couronne-mondiale\/","url":"https:\/\/fr.motocrossmag.be\/index.php\/2022\/09\/nancy-van-de-ven-coiffe-sa-premiere-couronne-mondiale\/","name":"Nancy Van De Ven coiffe sa premi\u00e8re couronne mondiale ! - Motocross - Enduro - Supermoto | MotocrossMag","isPartOf":{"@id":"https:\/\/fr.motocrossmag.be\/#website"},"primaryImageOfPage":{"@id":"https:\/\/fr.motocrossmag.be\/index.php\/2022\/09\/nancy-van-de-ven-coiffe-sa-premiere-couronne-mondiale\/#primaryimage"},"image":{"@id":"https:\/\/fr.motocrossmag.be\/index.php\/2022\/09\/nancy-van-de-ven-coiffe-sa-premiere-couronne-mondiale\/#primaryimage"},"thumbnailUrl":"https:\/\/fr.motocrossmag.be\/wp-content\/uploads\/2022\/09\/PODIUM-9-WMX-MOTOCROSS-GP-18-TUR-2022.jpg","datePublished":"2022-09-04T12:40:43+00:00","dateModified":"2022-09-04T12:47:52+00:00","author":{"@id":"https:\/\/fr.motocrossmag.be\/#\/schema\/person\/11b47143d9f755babca2c9110e03235c"},"breadcrumb":{"@id":"https:\/\/fr.motocrossmag.be\/index.php\/2022\/09\/nancy-van-de-ven-coiffe-sa-premiere-couronne-mondiale\/#breadcrumb"},"inLanguage":"fr-FR","potentialAction":[{"@type":"ReadAction","target":["https:\/\/fr.motocrossmag.be\/index.php\/2022\/09\/nancy-van-de-ven-coiffe-sa-premiere-couronne-mondiale\/"]}]},{"@type":"ImageObject","inLanguage":"fr-FR","@id":"https:\/\/fr.motocrossmag.be\/index.php\/2022\/09\/nancy-van-de-ven-coiffe-sa-premiere-couronne-mondiale\/#primaryimage","url":"https:\/\/fr.motocrossmag.be\/wp-content\/uploads\/2022\/09\/PODIUM-9-WMX-MOTOCROSS-GP-18-TUR-2022.jpg","contentUrl":"https:\/\/fr.motocrossmag.be\/wp-content\/uploads\/2022\/09\/PODIUM-9-WMX-MOTOCROSS-GP-18-TUR-2022.jpg","width":"1000","height":"666"},{"@type":"BreadcrumbList","@id":"https:\/\/fr.motocrossmag.be\/index.php\/2022\/09\/nancy-van-de-ven-coiffe-sa-premiere-couronne-mondiale\/#breadcrumb","itemListElement":[{"@type":"ListItem","position":1,"name":"Accueil","item":"https:\/\/fr.motocrossmag.be\/"},{"@type":"ListItem","position":2,"name":"Nancy Van De Ven coiffe sa premi\u00e8re couronne mondiale !"}]},{"@type":"WebSite","@id":"https:\/\/fr.motocrossmag.be\/#website","url":"https:\/\/fr.motocrossmag.be\/","name":"Motocross - Enduro - Supermoto | MotocrossMag","description":"L&#039;actualit\u00e9 du motocross, de l&#039;enduro et du Supermoto en ligne!","potentialAction":[{"@type":"SearchAction","target":{"@type":"EntryPoint","urlTemplate":"https:\/\/fr.motocrossmag.be\/?s={search_term_string}"},"query-input":{"@type":"PropertyValueSpecification","valueRequired":true,"valueName":"search_term_string"}}],"inLanguage":"fr-FR"},{"@type":"Person","@id":"https:\/\/fr.motocrossmag.be\/#\/schema\/person\/11b47143d9f755babca2c9110e03235c","name":"oliviere","image":{"@type":"ImageObject","inLanguage":"fr-FR","@id":"https:\/\/secure.gravatar.com\/avatar\/907069e0b81d119452040469e4a7501da1100f54f7f80180ce77bfab718288f6?s=96&d=mm&r=g","url":"https:\/\/secure.gravatar.com\/avatar\/907069e0b81d119452040469e4a7501da1100f54f7f80180ce77bfab718288f6?s=96&d=mm&r=g","contentUrl":"https:\/\/secure.gravatar.com\/avatar\/907069e0b81d119452040469e4a7501da1100f54f7f80180ce77bfab718288f6?s=96&d=mm&r=g","caption":"oliviere"},"sameAs":["http:\/\/www.motocrossmag.be"],"url":"https:\/\/fr.motocrossmag.be\/index.php\/author\/oliviere\/"}]}},"_links":{"self":[{"href":"https:\/\/fr.motocrossmag.be\/index.php\/wp-json\/wp\/v2\/posts\/120694","targetHints":{"allow":["GET"]}}],"collection":[{"href":"https:\/\/fr.motocrossmag.be\/index.php\/wp-json\/wp\/v2\/posts"}],"about":[{"href":"https:\/\/fr.motocrossmag.be\/index.php\/wp-json\/wp\/v2\/types\/post"}],"author":[{"embeddable":true,"href":"https:\/\/fr.motocrossmag.be\/index.php\/wp-json\/wp\/v2\/users\/932"}],"replies":[{"embeddable":true,"href":"https:\/\/fr.motocrossmag.be\/index.php\/wp-json\/wp\/v2\/comments?post=120694"}],"version-history":[{"count":1,"href":"https:\/\/fr.motocrossmag.be\/index.php\/wp-json\/wp\/v2\/posts\/120694\/revisions"}],"predecessor-version":[{"id":120697,"href":"https:\/\/fr.motocrossmag.be\/index.php\/wp-json\/wp\/v2\/posts\/120694\/revisions\/120697"}],"wp:featuredmedia":[{"embeddable":true,"href":"https:\/\/fr.motocrossmag.be\/index.php\/wp-json\/wp\/v2\/media\/120696"}],"wp:attachment":[{"href":"https:\/\/fr.motocrossmag.be\/index.php\/wp-json\/wp\/v2\/media?parent=120694"}],"wp:term":[{"taxonomy":"category","embeddable":true,"href":"https:\/\/fr.motocrossmag.be\/index.php\/wp-json\/wp\/v2\/categories?post=120694"},{"taxonomy":"post_tag","embeddable":true,"href":"https:\/\/fr.motocrossmag.be\/index.php\/wp-json\/wp\/v2\/tags?post=120694"}],"curies":[{"name":"wp","href":"https:\/\/api.w.org\/{rel}","templated":true}]}}