{"id":120700,"date":"2022-09-04T16:04:29","date_gmt":"2022-09-04T14:04:29","guid":{"rendered":"http:\/\/fr.motocrossmag.be\/?p=120700"},"modified":"2022-09-04T16:09:00","modified_gmt":"2022-09-04T14:09:00","slug":"mx2-tom-vialle-sen-va-sur-un-deuxieme-titre-mondial","status":"publish","type":"post","link":"https:\/\/fr.motocrossmag.be\/index.php\/2022\/09\/mx2-tom-vialle-sen-va-sur-un-deuxieme-titre-mondial\/","title":{"rendered":"MX2 : Tom Vialle s&rsquo;en va sur un deuxi\u00e8me titre mondial"},"content":{"rendered":"<p><strong>Poursuivant sur sa lanc\u00e9e des deux derniers GP, Tom Vialle s&rsquo;est offert un ultime doubl\u00e9 en Turquie ce dimanche. Le Fran\u00e7ais remporte le GP mais coiffe surtout une deuxi\u00e8me couronne mondiale dans la cat\u00e9gorie MX2 apr\u00e8s celle conquise en 2020. Un titre qui, il y a quelques semaines encore, semblait pourtant promis \u00e0 son rival Jago Geerts.<\/strong><\/p>\n<p>Incapable ce dimanche \u00e0 Afyon de prendre l&rsquo;ascendant sur un Tom Vialle aussi fort qu&rsquo;il l&rsquo;avait \u00e9t\u00e9 en Finlande ou en France, Jago Geerts a d\u00fb se contenter de deux deuxi\u00e8mes places dans les manches. Pas assez que pour conserver l&rsquo;avantage au championnat. Arriv\u00e9 avec deux points d&rsquo;avance sur Vialle en Turquie apr\u00e8s en avoir compt\u00e9 jusqu&rsquo;\u00e0 23 en quittant la Su\u00e8de il y a un mois, Geerts \u00e9choue finalement \u00e0 4 petits points de son rival fran\u00e7ais.<\/p>\n<p>Soyons clair : ce n&rsquo;est pas \u00e0 Afyon aujourd&rsquo;hui que notre compatriote a perdu le championnat. Les deux derniers GP, sur lesquels il n&rsquo;avait pu \u00e9viter ni les erreurs ni les d\u00e9parts moyens pendant que Vialle partait r\u00e9guli\u00e8rement en t\u00eate et ne commettait pratiquement aucune faute, sont ceux durant lesquels la phase d\u00e9cisive de la saison s&rsquo;est jou\u00e9e. Ceux sur lesquels Vialle lui a repris au total pas moins de 21 points pour se replacer dans une course au titre qui semblait au coeur de l&rsquo;\u00e9t\u00e9 vouloir enfin tourner \u00e0 l&rsquo;avantage de notre compatriote.<\/p>\n<p>Vialle quitte donc l&rsquo;Europe et le monde des GP par la grande porte. C&rsquo;est avec deux titres mondiaux en poche que le talentueux Fran\u00e7ais s&rsquo;attaquera l&rsquo;ann\u00e9e prochaine au championnat US. Quant \u00e0 Geerts, la saison prochaine sera sa derni\u00e8re en MX2, toujours avec Yamaha, avant de passer \u00e0 l&rsquo;\u00e9chelon sup\u00e9rieur.<\/p>\n<p><span style=\"color: #800000;\"><strong>R\u00e9sultats<\/strong><\/span><\/p>\n<p>MANCHE 1<\/p>\n<p>1. Tom Vialle (FRA, KTM), 34:40.047; <strong>2. Jago Geerts (BEL, Yamaha), +0:10.01<\/strong>5; 3. Kay de Wolf (NED, Husqvarna), +0:18.089; 4. Roan Van De Moosdijk (NED, Husqvarna), +0:25.823; 5. Simon Laengenfelder (GER, GASGAS), +0:29.658; <strong>6. Liam Everts (BEL, KTM), +0:39.076<\/strong>; 7. Jan Pancar (SLO, KTM), +0:44.717; 8. Andrea Adamo (ITA, GASGAS), +0:45.908; 9. Kevin Horgmo (NOR, Kawasaki), +0:48.473; 10. Thibault Benistant (FRA, Yamaha), +1:04.158; 11. Andrea Bonacorsi (ITA, Yamaha), +1:19.606; 12. Kay Karssemakers (NED, KTM), +1:20.358; 13. Mikkel Haarup (DEN, Kawasaki), +1:31.999; 14. Cornelius Toendel (NOR, Fantic), +1:42.007; 15. Emil Weckman (FIN, Honda), +1:49.108; 16. Jakub Teresak (CZE, KTM), +1:54.274; 17. Cas Valk (NED, Fantic), -1 lap(s); 18. Scotty Verhaeghe (FRA, KTM), -1 lap(s); 19. Hakan Halmi (BUL, KTM), -1 lap(s); 20. Dimitar Grozdanov (BUL, GASGAS), -2 lap(s); 21. Rick Elzinga (NED, Yamaha), -6 lap(s); 22. Stephen Rubini (FRA, Honda), -15 lap(s);<\/p>\n<p>MANCHE 2<\/p>\n<p>1. Tom Vialle (FRA, KTM), 33:51.211; <strong>2. Jago Geerts (BEL, Yamaha), +0:06.022<\/strong>; 3. Roan Van De Moosdijk (NED, Husqvarna), +0:23.505; 4. Thibault Benistant (FRA, Yamaha), +0:26.610; 5. Simon Laengenfelder (GER, GASGAS), +0:27.812; 6. Kay de Wolf (NED, Husqvarna), +0:37.609; 7. Andrea Adamo (ITA, GASGAS), +0:57.357; 8. Jan Pancar (SLO, KTM), +0:59.866; 9. Kevin Horgmo (NOR, Kawasaki), +1:03.034; 10. Stephen Rubini (FRA, Honda), +1:24.307; 11. Kay Karssemakers (NED, KTM), +1:36.029; <strong>12. Liam Everts (BEL, KTM), +1:42.642<\/strong>; 13. Cornelius Toendel (NOR, Fantic), +1:43.907; 14. Jakub Teresak (CZE, KTM), +1:46.722; 15. Scotty Verhaeghe (FRA, KTM), -1 lap(s); 16. Cas Valk (NED, Fantic), -1 lap(s); 17. Emil Weckman (FIN, Honda), -1 lap(s); 18. Andrea Bonacorsi (ITA, Yamaha), -1 lap(s); 19. Hakan Halmi (BUL, KTM), -1 lap(s); 20. Dimitar Grozdanov (BUL, GASGAS), -4 lap(s); 21. Mikkel Haarup (DEN, Kawasaki), -7 lap(s);<\/p>\n<p>CLASSEMENT GENERAL MX2<\/p>\n<p>1. Tom Vialle (FRA, KTM), 50 points; <strong>2. Jago Geerts (BEL, YAM), 44 p.;<\/strong> 3. Roan Van De Moosdijk (NED, HUS), 38 p.; 4. Kay de Wolf (NED, HUS), 35 p.; 5. Simon Laengenfelder (GER, GAS), 32 p.; 6. Thibault Benistant (FRA, YAM), 29 p.; 7. Andrea Adamo (ITA, GAS), 27 p.; 8. Jan Pancar (SLO, KTM), 27 p.; 9. Kevin Horgmo (NOR, KAW), 24 p.; <strong>10. Liam Everts (BEL, KTM), 24 p.<\/strong>; 11. Kay Karssemakers (NED, KTM), 19 p.; 12. Cornelius Toendel (NOR, FAN), 15 p.; 13. Andrea Bonacorsi (ITA, YAM), 13 p.; 14. Jakub Teresak (CZE, KTM), 12 p.; 15. Stephen Rubini (FRA, HON), 11 p.; 16. Emil Weckman (FIN, HON), 10 p.; 17. Scotty Verhaeghe (FRA, KTM), 9 p.; 18. Cas Valk (NED, FAN), 9 p.; 19. Mikkel Haarup (DEN, KAW), 8 p.; 20. Hakan Halmi (BUL, KTM), 4 p.; 21. Dimitar Grozdanov (BUL, GAS), 2 p.; 22. Rick Elzinga (NED, YAM), 0 p.;<\/p>\n<p>CLASSEMENT FINAL MX2<\/p>\n<p>1. Tom Vialle (FRA, KTM), 758 points; <strong>2. Jago Geerts (BEL, YAM), 754 p.<\/strong>; 3. Simon Laengenfelder (GER, GAS), 596 p.; 4. Kevin Horgmo (NOR, KAW), 527 p.; 5. Thibault Benistant (FRA, YAM), 510 p.; 6. Kay de Wolf (NED, HUS), 445 p.; 7. Mikkel Haarup (DEN, KAW), 443 p.; 8. Andrea Adamo (ITA, GAS), 437 p.; 9. Stephen Rubini (FRA, HON), 384 p.; <strong>10. Liam Everts (BEL, KTM), 310 p.<\/strong>; 11. Jan Pancar (SLO, KTM), 284 p.; 12. Isak Gifting (SWE, KTM), 255 p.; 13. Roan Van De Moosdijk (NED, HUS), 214 p.; 14. Kay Karssemakers (NED, KTM), 195 p.; 15. Tom Guyon (FRA, KTM), 179 p.; 16. Mattia Guadagnini (ITA, GAS), 172 p.; 17. Hakon Fredriksen (NOR, HON), 125 p.; 18. Jakub Teresak (CZE, KTM), 119 p.; 19. Conrad Mewse (GBR, KTM), 113 p.; 20. Jeremy Sydow (GER, KTM), 104 p.; 21. Petr Polak (CZE, HON), 84 p.; 22. Kevin Brumann (SUI, YAM), 82 p.; 23. Rick Elzinga (NED, YAM), 49 p.; 24. Joel Rizzi (GBR, YAM), 49 p.; 25. Filip Olsson (SWE, HUS), 43 p.; 26. Guillem Farres (ESP, KTM), 38 p.; 27. Tomas Kohut (SVK, KTM), 38 p.; 28. Andrea Bonacorsi (ITA, YAM), 34 p.; 29. Leopold Ambj\u00f6rnson (SWE, HUS), 33 p.; 30. Gianluca Facchetti (ITA, KTM), 32 p.; 31. Albin Gerhardsson (SWE, HUS), 30 p.; 32. Marcel Stauffer (AUT, KTM), 26 p.; 33. Valerio Lata (ITA, KTM), 26 p.; 34. Delvintor Alfarizi (INA, HON), 23 p.; 35. Jorgen-Matthias Talviku (EST, HUS), 23 p.; 36. Bastian Boegh Damm (DEN, KTM), 21 p.; 37. Emil Weckman (FIN, HON), 21 p.; 38. Ananda rigi Aditya (INA, HUS), 19 p.; 39. Pierre Goupillon (FRA, KTM), 19 p.; 40. Kjell Verbruggen (NED, KAW), 19 p.; 41. Noah Ludwig (GER, KTM), 19 p.; 42. Diva Ismayana (INA, KAW), 18 p.; 43. Nakami Vidi Makarim (INA, HUS), 18 p.; 44. Dharwin Lingam (MAS, KAW), 17 p.; 45. Pablo Jeremias Pascual (ARG, KTM), 16 p.; 46. Luciano Righi (ARG, HUS), 16 p.; 47. Cornelius Toendel (NOR, FAN), 15 p.; 48. Tim Edberg (SWE, YAM), 14 p.; 49. Camden Mc Lellan (RSA, KTM), 13 p.; 50. Fermin Ciccimarra (ARG, YAM), 12 p.; 51. Maxime Grau (FRA, HUS), 11 p.; <strong>52. Florent Lambillon (BEL, SUZ), 11 p.<\/strong>; 53. Scotty Verhaeghe (FRA, KTM), 9 p.; 54. David Braceras (ESP, KTM), 9 p.; 55. Cas Valk (NED, FAN), 9 p.; 56. James Carpenter (GBR, KTM), 7 p.; 57. Samuel Nilsson (ESP, KTM), 7 p.; 58. Glen Meier (DEN, KTM), 7 p.; 59. Kimi Koskinen (FIN, GAS), 4 p.; 60. Christopher Mills (GBR, KTM), 4 p.; 61. Hakan Halmi (BUL, KTM), 4 p.; 62. Dorian Werl\u00e9 (FRA, KTM), 4 p.; 63. Mike Gwerder (SUI, KTM), 4 p.; 64. Maximilian Spies (GER, KTM), 4 p.; 65. Nico Greutmann (GER, HUS), 3 p.; 66. Adam Collings (GBR, KTM), 2 p.;<strong> 67. Lucas Coenen (BEL, HUS), 2 p.<\/strong>; 68. Dimitar Grozdanov (BUL, GAS), 2 p.; 69. Bobby Bruce (GBR, GAS), 2 p.; 70. Eric Tomas (ESP, YAM), 1 p.;<\/p>\n","protected":false},"excerpt":{"rendered":"<p>Poursuivant sur sa lanc\u00e9e des deux derniers GP, Tom Vialle s&rsquo;est offert un ultime doubl\u00e9 en Turquie ce dimanche. Le Fran\u00e7ais remporte le GP mais coiffe surtout une deuxi\u00e8me couronne [&#8230;]<\/p>\n","protected":false},"author":932,"featured_media":120701,"comment_status":"open","ping_status":"closed","sticky":false,"template":"","format":"standard","meta":{"footnotes":""},"categories":[54,4,6,5,55,56,65],"tags":[1780,813,947,568,1246],"class_list":["post-120700","post","type-post","status-publish","format-standard","has-post-thumbnail","hentry","category-actualite","category-motocross","category-mx1mx2","category-news","category-news-actualite","category-resultats","category-slideshow","tag-afyon","tag-jago-geerts","tag-motocross","tag-mxgp","tag-tom-vialle"],"yoast_head":"<!-- This site is optimized with the Yoast SEO plugin v27.4 - https:\/\/yoast.com\/product\/yoast-seo-wordpress\/ -->\n<title>MX2 : Tom Vialle s&#039;en va sur un deuxi\u00e8me titre mondial - Motocross - Enduro - Supermoto | MotocrossMag<\/title>\n<meta name=\"robots\" content=\"index, follow, max-snippet:-1, max-image-preview:large, max-video-preview:-1\" \/>\n<link rel=\"canonical\" href=\"https:\/\/fr.motocrossmag.be\/index.php\/2022\/09\/mx2-tom-vialle-sen-va-sur-un-deuxieme-titre-mondial\/\" \/>\n<meta property=\"og:locale\" content=\"fr_FR\" \/>\n<meta property=\"og:type\" content=\"article\" \/>\n<meta property=\"og:title\" content=\"MX2 : Tom Vialle s&#039;en va sur un deuxi\u00e8me titre mondial - Motocross - Enduro - Supermoto | MotocrossMag\" \/>\n<meta property=\"og:description\" content=\"Poursuivant sur sa lanc\u00e9e des deux derniers GP, Tom Vialle s&rsquo;est offert un ultime doubl\u00e9 en Turquie ce dimanche. Le Fran\u00e7ais remporte le GP mais coiffe surtout une deuxi\u00e8me couronne [...]\" \/>\n<meta property=\"og:url\" content=\"https:\/\/fr.motocrossmag.be\/index.php\/2022\/09\/mx2-tom-vialle-sen-va-sur-un-deuxieme-titre-mondial\/\" \/>\n<meta property=\"og:site_name\" content=\"Motocross - Enduro - Supermoto | MotocrossMag\" \/>\n<meta property=\"article:published_time\" content=\"2022-09-04T14:04:29+00:00\" \/>\n<meta property=\"article:modified_time\" content=\"2022-09-04T14:09:00+00:00\" \/>\n<meta property=\"og:image\" content=\"https:\/\/fr.motocrossmag.be\/wp-content\/uploads\/2022\/09\/467898_Vialle_MXGP_2022_R17_AH9I2069_17th-Rd-MXGP-2022-_-St.-Jean-d_Angely-_FRA_.jpg\" \/>\n\t<meta property=\"og:image:width\" content=\"1000\" \/>\n\t<meta property=\"og:image:height\" content=\"666\" \/>\n\t<meta property=\"og:image:type\" content=\"image\/jpeg\" \/>\n<meta name=\"author\" content=\"oliviere\" \/>\n<meta name=\"twitter:card\" content=\"summary_large_image\" \/>\n<meta name=\"twitter:label1\" content=\"\u00c9crit par\" \/>\n\t<meta name=\"twitter:data1\" content=\"oliviere\" \/>\n\t<meta name=\"twitter:label2\" content=\"Dur\u00e9e de lecture estim\u00e9e\" \/>\n\t<meta name=\"twitter:data2\" content=\"5 minutes\" \/>\n<script type=\"application\/ld+json\" class=\"yoast-schema-graph\">{\"@context\":\"https:\\\/\\\/schema.org\",\"@graph\":[{\"@type\":\"Article\",\"@id\":\"https:\\\/\\\/fr.motocrossmag.be\\\/index.php\\\/2022\\\/09\\\/mx2-tom-vialle-sen-va-sur-un-deuxieme-titre-mondial\\\/#article\",\"isPartOf\":{\"@id\":\"https:\\\/\\\/fr.motocrossmag.be\\\/index.php\\\/2022\\\/09\\\/mx2-tom-vialle-sen-va-sur-un-deuxieme-titre-mondial\\\/\"},\"author\":{\"name\":\"oliviere\",\"@id\":\"https:\\\/\\\/fr.motocrossmag.be\\\/#\\\/schema\\\/person\\\/11b47143d9f755babca2c9110e03235c\"},\"headline\":\"MX2 : Tom Vialle s&rsquo;en va sur un deuxi\u00e8me titre mondial\",\"datePublished\":\"2022-09-04T14:04:29+00:00\",\"dateModified\":\"2022-09-04T14:09:00+00:00\",\"mainEntityOfPage\":{\"@id\":\"https:\\\/\\\/fr.motocrossmag.be\\\/index.php\\\/2022\\\/09\\\/mx2-tom-vialle-sen-va-sur-un-deuxieme-titre-mondial\\\/\"},\"wordCount\":1014,\"commentCount\":0,\"image\":{\"@id\":\"https:\\\/\\\/fr.motocrossmag.be\\\/index.php\\\/2022\\\/09\\\/mx2-tom-vialle-sen-va-sur-un-deuxieme-titre-mondial\\\/#primaryimage\"},\"thumbnailUrl\":\"https:\\\/\\\/fr.motocrossmag.be\\\/wp-content\\\/uploads\\\/2022\\\/09\\\/467898_Vialle_MXGP_2022_R17_AH9I2069_17th-Rd-MXGP-2022-_-St.-Jean-d_Angely-_FRA_.jpg\",\"keywords\":[\"afyon\",\"Jago Geerts\",\"Motocross\",\"MXGP\",\"tom vialle\"],\"articleSection\":[\"Actualit\u00e9\",\"Motocross\",\"Motocross MXGP\",\"News\",\"News\",\"R\u00e9sultats\",\"Slideshow\"],\"inLanguage\":\"fr-FR\",\"potentialAction\":[{\"@type\":\"CommentAction\",\"name\":\"Comment\",\"target\":[\"https:\\\/\\\/fr.motocrossmag.be\\\/index.php\\\/2022\\\/09\\\/mx2-tom-vialle-sen-va-sur-un-deuxieme-titre-mondial\\\/#respond\"]}]},{\"@type\":\"WebPage\",\"@id\":\"https:\\\/\\\/fr.motocrossmag.be\\\/index.php\\\/2022\\\/09\\\/mx2-tom-vialle-sen-va-sur-un-deuxieme-titre-mondial\\\/\",\"url\":\"https:\\\/\\\/fr.motocrossmag.be\\\/index.php\\\/2022\\\/09\\\/mx2-tom-vialle-sen-va-sur-un-deuxieme-titre-mondial\\\/\",\"name\":\"MX2 : Tom Vialle s'en va sur un deuxi\u00e8me titre mondial - Motocross - Enduro - Supermoto | MotocrossMag\",\"isPartOf\":{\"@id\":\"https:\\\/\\\/fr.motocrossmag.be\\\/#website\"},\"primaryImageOfPage\":{\"@id\":\"https:\\\/\\\/fr.motocrossmag.be\\\/index.php\\\/2022\\\/09\\\/mx2-tom-vialle-sen-va-sur-un-deuxieme-titre-mondial\\\/#primaryimage\"},\"image\":{\"@id\":\"https:\\\/\\\/fr.motocrossmag.be\\\/index.php\\\/2022\\\/09\\\/mx2-tom-vialle-sen-va-sur-un-deuxieme-titre-mondial\\\/#primaryimage\"},\"thumbnailUrl\":\"https:\\\/\\\/fr.motocrossmag.be\\\/wp-content\\\/uploads\\\/2022\\\/09\\\/467898_Vialle_MXGP_2022_R17_AH9I2069_17th-Rd-MXGP-2022-_-St.-Jean-d_Angely-_FRA_.jpg\",\"datePublished\":\"2022-09-04T14:04:29+00:00\",\"dateModified\":\"2022-09-04T14:09:00+00:00\",\"author\":{\"@id\":\"https:\\\/\\\/fr.motocrossmag.be\\\/#\\\/schema\\\/person\\\/11b47143d9f755babca2c9110e03235c\"},\"breadcrumb\":{\"@id\":\"https:\\\/\\\/fr.motocrossmag.be\\\/index.php\\\/2022\\\/09\\\/mx2-tom-vialle-sen-va-sur-un-deuxieme-titre-mondial\\\/#breadcrumb\"},\"inLanguage\":\"fr-FR\",\"potentialAction\":[{\"@type\":\"ReadAction\",\"target\":[\"https:\\\/\\\/fr.motocrossmag.be\\\/index.php\\\/2022\\\/09\\\/mx2-tom-vialle-sen-va-sur-un-deuxieme-titre-mondial\\\/\"]}]},{\"@type\":\"ImageObject\",\"inLanguage\":\"fr-FR\",\"@id\":\"https:\\\/\\\/fr.motocrossmag.be\\\/index.php\\\/2022\\\/09\\\/mx2-tom-vialle-sen-va-sur-un-deuxieme-titre-mondial\\\/#primaryimage\",\"url\":\"https:\\\/\\\/fr.motocrossmag.be\\\/wp-content\\\/uploads\\\/2022\\\/09\\\/467898_Vialle_MXGP_2022_R17_AH9I2069_17th-Rd-MXGP-2022-_-St.-Jean-d_Angely-_FRA_.jpg\",\"contentUrl\":\"https:\\\/\\\/fr.motocrossmag.be\\\/wp-content\\\/uploads\\\/2022\\\/09\\\/467898_Vialle_MXGP_2022_R17_AH9I2069_17th-Rd-MXGP-2022-_-St.-Jean-d_Angely-_FRA_.jpg\",\"width\":\"1000\",\"height\":\"666\"},{\"@type\":\"BreadcrumbList\",\"@id\":\"https:\\\/\\\/fr.motocrossmag.be\\\/index.php\\\/2022\\\/09\\\/mx2-tom-vialle-sen-va-sur-un-deuxieme-titre-mondial\\\/#breadcrumb\",\"itemListElement\":[{\"@type\":\"ListItem\",\"position\":1,\"name\":\"Accueil\",\"item\":\"https:\\\/\\\/fr.motocrossmag.be\\\/\"},{\"@type\":\"ListItem\",\"position\":2,\"name\":\"MX2 : Tom Vialle s&rsquo;en va sur un deuxi\u00e8me titre mondial\"}]},{\"@type\":\"WebSite\",\"@id\":\"https:\\\/\\\/fr.motocrossmag.be\\\/#website\",\"url\":\"https:\\\/\\\/fr.motocrossmag.be\\\/\",\"name\":\"Motocross - Enduro - Supermoto | MotocrossMag\",\"description\":\"L&#039;actualit\u00e9 du motocross, de l&#039;enduro et du Supermoto en ligne!\",\"potentialAction\":[{\"@type\":\"SearchAction\",\"target\":{\"@type\":\"EntryPoint\",\"urlTemplate\":\"https:\\\/\\\/fr.motocrossmag.be\\\/?s={search_term_string}\"},\"query-input\":{\"@type\":\"PropertyValueSpecification\",\"valueRequired\":true,\"valueName\":\"search_term_string\"}}],\"inLanguage\":\"fr-FR\"},{\"@type\":\"Person\",\"@id\":\"https:\\\/\\\/fr.motocrossmag.be\\\/#\\\/schema\\\/person\\\/11b47143d9f755babca2c9110e03235c\",\"name\":\"oliviere\",\"image\":{\"@type\":\"ImageObject\",\"inLanguage\":\"fr-FR\",\"@id\":\"https:\\\/\\\/secure.gravatar.com\\\/avatar\\\/907069e0b81d119452040469e4a7501da1100f54f7f80180ce77bfab718288f6?s=96&d=mm&r=g\",\"url\":\"https:\\\/\\\/secure.gravatar.com\\\/avatar\\\/907069e0b81d119452040469e4a7501da1100f54f7f80180ce77bfab718288f6?s=96&d=mm&r=g\",\"contentUrl\":\"https:\\\/\\\/secure.gravatar.com\\\/avatar\\\/907069e0b81d119452040469e4a7501da1100f54f7f80180ce77bfab718288f6?s=96&d=mm&r=g\",\"caption\":\"oliviere\"},\"sameAs\":[\"http:\\\/\\\/www.motocrossmag.be\"],\"url\":\"https:\\\/\\\/fr.motocrossmag.be\\\/index.php\\\/author\\\/oliviere\\\/\"}]}<\/script>\n<!-- \/ Yoast SEO plugin. -->","yoast_head_json":{"title":"MX2 : Tom Vialle s'en va sur un deuxi\u00e8me titre mondial - Motocross - Enduro - Supermoto | MotocrossMag","robots":{"index":"index","follow":"follow","max-snippet":"max-snippet:-1","max-image-preview":"max-image-preview:large","max-video-preview":"max-video-preview:-1"},"canonical":"https:\/\/fr.motocrossmag.be\/index.php\/2022\/09\/mx2-tom-vialle-sen-va-sur-un-deuxieme-titre-mondial\/","og_locale":"fr_FR","og_type":"article","og_title":"MX2 : Tom Vialle s'en va sur un deuxi\u00e8me titre mondial - Motocross - Enduro - Supermoto | MotocrossMag","og_description":"Poursuivant sur sa lanc\u00e9e des deux derniers GP, Tom Vialle s&rsquo;est offert un ultime doubl\u00e9 en Turquie ce dimanche. Le Fran\u00e7ais remporte le GP mais coiffe surtout une deuxi\u00e8me couronne [...]","og_url":"https:\/\/fr.motocrossmag.be\/index.php\/2022\/09\/mx2-tom-vialle-sen-va-sur-un-deuxieme-titre-mondial\/","og_site_name":"Motocross - Enduro - Supermoto | MotocrossMag","article_published_time":"2022-09-04T14:04:29+00:00","article_modified_time":"2022-09-04T14:09:00+00:00","og_image":[{"width":1000,"height":666,"url":"https:\/\/fr.motocrossmag.be\/wp-content\/uploads\/2022\/09\/467898_Vialle_MXGP_2022_R17_AH9I2069_17th-Rd-MXGP-2022-_-St.-Jean-d_Angely-_FRA_.jpg","type":"image\/jpeg"}],"author":"oliviere","twitter_card":"summary_large_image","twitter_misc":{"\u00c9crit par":"oliviere","Dur\u00e9e de lecture estim\u00e9e":"5 minutes"},"schema":{"@context":"https:\/\/schema.org","@graph":[{"@type":"Article","@id":"https:\/\/fr.motocrossmag.be\/index.php\/2022\/09\/mx2-tom-vialle-sen-va-sur-un-deuxieme-titre-mondial\/#article","isPartOf":{"@id":"https:\/\/fr.motocrossmag.be\/index.php\/2022\/09\/mx2-tom-vialle-sen-va-sur-un-deuxieme-titre-mondial\/"},"author":{"name":"oliviere","@id":"https:\/\/fr.motocrossmag.be\/#\/schema\/person\/11b47143d9f755babca2c9110e03235c"},"headline":"MX2 : Tom Vialle s&rsquo;en va sur un deuxi\u00e8me titre mondial","datePublished":"2022-09-04T14:04:29+00:00","dateModified":"2022-09-04T14:09:00+00:00","mainEntityOfPage":{"@id":"https:\/\/fr.motocrossmag.be\/index.php\/2022\/09\/mx2-tom-vialle-sen-va-sur-un-deuxieme-titre-mondial\/"},"wordCount":1014,"commentCount":0,"image":{"@id":"https:\/\/fr.motocrossmag.be\/index.php\/2022\/09\/mx2-tom-vialle-sen-va-sur-un-deuxieme-titre-mondial\/#primaryimage"},"thumbnailUrl":"https:\/\/fr.motocrossmag.be\/wp-content\/uploads\/2022\/09\/467898_Vialle_MXGP_2022_R17_AH9I2069_17th-Rd-MXGP-2022-_-St.-Jean-d_Angely-_FRA_.jpg","keywords":["afyon","Jago Geerts","Motocross","MXGP","tom vialle"],"articleSection":["Actualit\u00e9","Motocross","Motocross MXGP","News","News","R\u00e9sultats","Slideshow"],"inLanguage":"fr-FR","potentialAction":[{"@type":"CommentAction","name":"Comment","target":["https:\/\/fr.motocrossmag.be\/index.php\/2022\/09\/mx2-tom-vialle-sen-va-sur-un-deuxieme-titre-mondial\/#respond"]}]},{"@type":"WebPage","@id":"https:\/\/fr.motocrossmag.be\/index.php\/2022\/09\/mx2-tom-vialle-sen-va-sur-un-deuxieme-titre-mondial\/","url":"https:\/\/fr.motocrossmag.be\/index.php\/2022\/09\/mx2-tom-vialle-sen-va-sur-un-deuxieme-titre-mondial\/","name":"MX2 : Tom Vialle s'en va sur un deuxi\u00e8me titre mondial - Motocross - Enduro - Supermoto | MotocrossMag","isPartOf":{"@id":"https:\/\/fr.motocrossmag.be\/#website"},"primaryImageOfPage":{"@id":"https:\/\/fr.motocrossmag.be\/index.php\/2022\/09\/mx2-tom-vialle-sen-va-sur-un-deuxieme-titre-mondial\/#primaryimage"},"image":{"@id":"https:\/\/fr.motocrossmag.be\/index.php\/2022\/09\/mx2-tom-vialle-sen-va-sur-un-deuxieme-titre-mondial\/#primaryimage"},"thumbnailUrl":"https:\/\/fr.motocrossmag.be\/wp-content\/uploads\/2022\/09\/467898_Vialle_MXGP_2022_R17_AH9I2069_17th-Rd-MXGP-2022-_-St.-Jean-d_Angely-_FRA_.jpg","datePublished":"2022-09-04T14:04:29+00:00","dateModified":"2022-09-04T14:09:00+00:00","author":{"@id":"https:\/\/fr.motocrossmag.be\/#\/schema\/person\/11b47143d9f755babca2c9110e03235c"},"breadcrumb":{"@id":"https:\/\/fr.motocrossmag.be\/index.php\/2022\/09\/mx2-tom-vialle-sen-va-sur-un-deuxieme-titre-mondial\/#breadcrumb"},"inLanguage":"fr-FR","potentialAction":[{"@type":"ReadAction","target":["https:\/\/fr.motocrossmag.be\/index.php\/2022\/09\/mx2-tom-vialle-sen-va-sur-un-deuxieme-titre-mondial\/"]}]},{"@type":"ImageObject","inLanguage":"fr-FR","@id":"https:\/\/fr.motocrossmag.be\/index.php\/2022\/09\/mx2-tom-vialle-sen-va-sur-un-deuxieme-titre-mondial\/#primaryimage","url":"https:\/\/fr.motocrossmag.be\/wp-content\/uploads\/2022\/09\/467898_Vialle_MXGP_2022_R17_AH9I2069_17th-Rd-MXGP-2022-_-St.-Jean-d_Angely-_FRA_.jpg","contentUrl":"https:\/\/fr.motocrossmag.be\/wp-content\/uploads\/2022\/09\/467898_Vialle_MXGP_2022_R17_AH9I2069_17th-Rd-MXGP-2022-_-St.-Jean-d_Angely-_FRA_.jpg","width":"1000","height":"666"},{"@type":"BreadcrumbList","@id":"https:\/\/fr.motocrossmag.be\/index.php\/2022\/09\/mx2-tom-vialle-sen-va-sur-un-deuxieme-titre-mondial\/#breadcrumb","itemListElement":[{"@type":"ListItem","position":1,"name":"Accueil","item":"https:\/\/fr.motocrossmag.be\/"},{"@type":"ListItem","position":2,"name":"MX2 : Tom Vialle s&rsquo;en va sur un deuxi\u00e8me titre mondial"}]},{"@type":"WebSite","@id":"https:\/\/fr.motocrossmag.be\/#website","url":"https:\/\/fr.motocrossmag.be\/","name":"Motocross - Enduro - Supermoto | MotocrossMag","description":"L&#039;actualit\u00e9 du motocross, de l&#039;enduro et du Supermoto en ligne!","potentialAction":[{"@type":"SearchAction","target":{"@type":"EntryPoint","urlTemplate":"https:\/\/fr.motocrossmag.be\/?s={search_term_string}"},"query-input":{"@type":"PropertyValueSpecification","valueRequired":true,"valueName":"search_term_string"}}],"inLanguage":"fr-FR"},{"@type":"Person","@id":"https:\/\/fr.motocrossmag.be\/#\/schema\/person\/11b47143d9f755babca2c9110e03235c","name":"oliviere","image":{"@type":"ImageObject","inLanguage":"fr-FR","@id":"https:\/\/secure.gravatar.com\/avatar\/907069e0b81d119452040469e4a7501da1100f54f7f80180ce77bfab718288f6?s=96&d=mm&r=g","url":"https:\/\/secure.gravatar.com\/avatar\/907069e0b81d119452040469e4a7501da1100f54f7f80180ce77bfab718288f6?s=96&d=mm&r=g","contentUrl":"https:\/\/secure.gravatar.com\/avatar\/907069e0b81d119452040469e4a7501da1100f54f7f80180ce77bfab718288f6?s=96&d=mm&r=g","caption":"oliviere"},"sameAs":["http:\/\/www.motocrossmag.be"],"url":"https:\/\/fr.motocrossmag.be\/index.php\/author\/oliviere\/"}]}},"_links":{"self":[{"href":"https:\/\/fr.motocrossmag.be\/index.php\/wp-json\/wp\/v2\/posts\/120700","targetHints":{"allow":["GET"]}}],"collection":[{"href":"https:\/\/fr.motocrossmag.be\/index.php\/wp-json\/wp\/v2\/posts"}],"about":[{"href":"https:\/\/fr.motocrossmag.be\/index.php\/wp-json\/wp\/v2\/types\/post"}],"author":[{"embeddable":true,"href":"https:\/\/fr.motocrossmag.be\/index.php\/wp-json\/wp\/v2\/users\/932"}],"replies":[{"embeddable":true,"href":"https:\/\/fr.motocrossmag.be\/index.php\/wp-json\/wp\/v2\/comments?post=120700"}],"version-history":[{"count":1,"href":"https:\/\/fr.motocrossmag.be\/index.php\/wp-json\/wp\/v2\/posts\/120700\/revisions"}],"predecessor-version":[{"id":120702,"href":"https:\/\/fr.motocrossmag.be\/index.php\/wp-json\/wp\/v2\/posts\/120700\/revisions\/120702"}],"wp:featuredmedia":[{"embeddable":true,"href":"https:\/\/fr.motocrossmag.be\/index.php\/wp-json\/wp\/v2\/media\/120701"}],"wp:attachment":[{"href":"https:\/\/fr.motocrossmag.be\/index.php\/wp-json\/wp\/v2\/media?parent=120700"}],"wp:term":[{"taxonomy":"category","embeddable":true,"href":"https:\/\/fr.motocrossmag.be\/index.php\/wp-json\/wp\/v2\/categories?post=120700"},{"taxonomy":"post_tag","embeddable":true,"href":"https:\/\/fr.motocrossmag.be\/index.php\/wp-json\/wp\/v2\/tags?post=120700"}],"curies":[{"name":"wp","href":"https:\/\/api.w.org\/{rel}","templated":true}]}}